{"id":13965,"date":"2021-04-19T18:23:41","date_gmt":"2021-04-19T16:23:41","guid":{"rendered":"https:\/\/www.caudete.org\/ayuntamiento\/?p=13965"},"modified":"2021-05-17T17:38:17","modified_gmt":"2021-05-17T15:38:17","slug":"cursos-y-talleres-de-nuevas-tecnologias-para-mayores-de-55-anos-capacita-tic-55-2","status":"publish","type":"post","link":"https:\/\/www.caudete.org\/ayuntamiento\/cursos-y-talleres-de-nuevas-tecnologias-para-mayores-de-55-anos-capacita-tic-55-2\/","title":{"rendered":"Cursos y Talleres de Nuevas Tecnolog\u00edas para mayores de 55 a\u00f1os: Capacita TIC +55"},"content":{"rendered":"<p>La Concejala de Empleo y Formaci\u00f3n M\u00aa del Mar Requena Moll\u00e1 anuncia la puesta en marcha del programa <strong>CapacitaTIC+55<\/strong> en Caudete, con dos formaciones:<\/p>\n<p><strong>Taller Administraci\u00f3n Electr\u00f3nica I: Sistema Cl@ve y la Carpeta Ciudadana, 6 horas, d\u00edas 26 y 27 de mayo<\/strong><\/p>\n<p><strong>Curso B\u00e1sico de Inform\u00e1tica I: ordenadores, Windows, archivos y carpetas e introducci\u00f3n a Internet, 15 horas, d\u00edas 7,9,10,14 y 16 de junio.<\/strong><\/p>\n<p>Ambas formaciones se impartir\u00e1n en horario de 10:30 a 13:30 horas, en Centro Municipal de Formaci\u00f3n, Avda. San Jaime, s\/n (frente a Plaza de Toros) Caudete.<\/p>\n<p>CapacitaTIC+55 es un programa de capacitaci\u00f3n digital dirigido a las <strong>personas mayores de 55 a\u00f1os en edad de trabajar<\/strong> de Castilla-La Mancha, <strong>tanto desempleadas como trabajadoras o aut\u00f3nomas<\/strong>. Es una iniciativa del Gobierno Regional de Castilla-La Mancha, a Castilla-La Mancha, y financiado por el Fondo Social Europeo mediante el Programa Operativo Regional FSE2014\/2020 de Castilla-La Mancha a trav\u00e9s del Eje Prioritario 3 &#8220;Inversi\u00f3n en educaci\u00f3n, formaci\u00f3n y mejora de las competencias profesionales y en el aprendizaje permanente&#8221;.<\/p>\n<p>Las personas interesadas deber\u00e1n cumplimentar la <strong>FICHA DEL ALUMNO<\/strong> y presentarla <strong>hasta el 7 de mayo<\/strong>, en el <strong>registro de entrada del Ayuntamiento, de forma presencial en horario de 9:00 a 13:30 horas o por Sede Electr\u00f3nica <a href=\"http:\/\/www.caudete.es\" target=\"_blank\" rel=\"nofollow\">www.caudete.es<\/a><\/strong>, junto con la siguiente documentaci\u00f3n:<\/p>\n<p>*<strong>Fotocopia DNI\/NIE<\/strong><\/p>\n<p>*En el caso de personas desempleadas: <strong>Tarjeta de demandante de Empleo<\/strong>, debiendo acreditar la fecha de inscripci\u00f3n como desempleado, si no se ha actualizado la tarjeta f\u00edsica por situaci\u00f3n COVID).<\/p>\n<p>*En el caso de personas trabajadoras por cuenta ajena o aut\u00f3nomos: <strong>encabezado de la n\u00f3mina o documento justificativo de trabajo aut\u00f3nomo.<\/strong><\/p>\n<p>Por motivo de las restricciones COVID de aforo, los grupos ser\u00e1n de 8\/9 personas, pudiendo realizarse una segunda edici\u00f3n de los mismos en funci\u00f3n de las solicitudes recibidas. Igualmente, la impartici\u00f3n podr\u00e1 ser virtual si las restricciones por la pandemia lo exigieran.<\/p>\n<p>Para m\u00e1s informaci\u00f3n:<\/p>\n<p>Agencia de Desarrollo Local<\/p>\n<p><a href=\"mailto:desarrollo@caudete.org\" target=\"_blank\" rel=\"nofollow\">desarrollo@caudete.org<\/a><\/p>\n<p>Tel: 965827000 Ext. 306<\/p>\n<p><span style=\"text-decoration: underline;\"><strong>DOCUMENTACION :<\/strong><\/span><\/p>\n<p><a href=\"https:\/\/www.caudete.org\/ayuntamiento\/wp-content\/uploads\/2021\/04\/CARTEL-ITINERARIO-2021-AUTORELLENABLE.pdf\" class=\"mtli_attachment mtli_pdf\">CARTEL ITINERARIO 2021 AUTORELLENABLE<\/a><\/p>\n<p><a href=\"https:\/\/www.caudete.org\/ayuntamiento\/wp-content\/uploads\/2021\/04\/CARTEL-TALLERES-2021-AUTORELLENABLE.pdf\" class=\"mtli_attachment mtli_pdf\">CARTEL TALLERES 2021 AUTORELLENABLE<\/a><\/p>\n<p><a href=\"https:\/\/www.caudete.org\/ayuntamiento\/wp-content\/uploads\/2021\/04\/FICHA-ALUMNADO-2021-FORMACION-PRESENCIAL.pdf\" class=\"mtli_attachment mtli_pdf\">FICHA ALUMNADO 2021 FORMACI\u00d3N PRESENCIAL<\/a><\/p>\n","protected":false},"excerpt":{"rendered":"<p>La Concejala de Empleo y Formaci\u00f3n M\u00aa del Mar Requena Moll\u00e1 anuncia la puesta en marcha del programa CapacitaTIC+55 en Caudete, con dos formaciones: Taller Administraci\u00f3n Electr\u00f3nica I: Sistema Cl@ve y la Carpeta Ciudadana, 6 horas, d\u00edas 26 y 27 de mayo Curso B\u00e1sico de Inform\u00e1tica I: ordenadores, Windows, archivos y carpetas e introducci\u00f3n a &hellip;<\/p>\n","protected":false},"author":2,"featured_media":13957,"comment_status":"closed","ping_status":"open","sticky":false,"template":"","format":"standard","meta":{"ngg_post_thumbnail":0,"footnotes":""},"categories":[90],"tags":[606,283,607],"class_list":["post-13965","post","type-post","status-publish","format-standard","has-post-thumbnail","hentry","category-tablon-informativo-desarrollo-local","tag-capacitatic55","tag-cursos","tag-nuevas-tecnologias"],"yoast_head":"<!-- This site is optimized with the Yoast SEO plugin v27.4 - https:\/\/yoast.com\/product\/yoast-seo-wordpress\/ -->\n<title>Cursos y Talleres de Nuevas Tecnolog\u00edas para mayores de 55 a\u00f1os: Capacita TIC +55 - MI Ayuntamiento de Caudete<\/title>\n<meta name=\"description\" content=\"P\u00e1gina Oficial del Ayuntamiento de Caudete (Albacete)\" \/>\n<meta name=\"robots\" content=\"index, follow, max-snippet:-1, max-image-preview:large, max-video-preview:-1\" \/>\n<link rel=\"canonical\" href=\"https:\/\/www.caudete.org\/ayuntamiento\/cursos-y-talleres-de-nuevas-tecnologias-para-mayores-de-55-anos-capacita-tic-55-2\/\" \/>\n<meta property=\"og:locale\" content=\"es_ES\" \/>\n<meta property=\"og:type\" content=\"article\" \/>\n<meta property=\"og:title\" content=\"Cursos y Talleres de Nuevas Tecnolog\u00edas para mayores de 55 a\u00f1os: Capacita TIC +55 - MI Ayuntamiento de Caudete\" \/>\n<meta property=\"og:description\" content=\"P\u00e1gina Oficial del Ayuntamiento de Caudete (Albacete)\" \/>\n<meta property=\"og:url\" content=\"https:\/\/www.caudete.org\/ayuntamiento\/cursos-y-talleres-de-nuevas-tecnologias-para-mayores-de-55-anos-capacita-tic-55-2\/\" \/>\n<meta property=\"og:site_name\" content=\"MI Ayuntamiento de Caudete\" \/>\n<meta property=\"article:publisher\" content=\"https:\/\/www.facebook.com\/ayuntamientocaudete\/\" \/>\n<meta property=\"article:published_time\" content=\"2021-04-19T16:23:41+00:00\" \/>\n<meta property=\"article:modified_time\" content=\"2021-05-17T15:38:17+00:00\" \/>\n<meta property=\"og:image\" content=\"https:\/\/www.caudete.org\/ayuntamiento\/wp-content\/uploads\/2021\/04\/Cartel-Envejecimiento-Activo-web.jpg\" \/>\n\t<meta property=\"og:image:width\" content=\"864\" \/>\n\t<meta property=\"og:image:height\" content=\"380\" \/>\n\t<meta property=\"og:image:type\" content=\"image\/jpeg\" \/>\n<meta name=\"author\" content=\"Juan\" \/>\n<meta name=\"twitter:card\" content=\"summary_large_image\" \/>\n<meta name=\"twitter:label1\" content=\"Escrito por\" \/>\n\t<meta name=\"twitter:data1\" content=\"Juan\" \/>\n\t<meta name=\"twitter:label2\" content=\"Tiempo de lectura\" \/>\n\t<meta name=\"twitter:data2\" content=\"2 minutos\" \/>\n<script type=\"application\/ld+json\" class=\"yoast-schema-graph\">{\"@context\":\"https:\\\/\\\/schema.org\",\"@graph\":[{\"@type\":\"Article\",\"@id\":\"https:\\\/\\\/www.caudete.org\\\/ayuntamiento\\\/cursos-y-talleres-de-nuevas-tecnologias-para-mayores-de-55-anos-capacita-tic-55-2\\\/#article\",\"isPartOf\":{\"@id\":\"https:\\\/\\\/www.caudete.org\\\/ayuntamiento\\\/cursos-y-talleres-de-nuevas-tecnologias-para-mayores-de-55-anos-capacita-tic-55-2\\\/\"},\"author\":{\"name\":\"Juan\",\"@id\":\"https:\\\/\\\/www.caudete.org\\\/ayuntamiento\\\/#\\\/schema\\\/person\\\/7656a5bb58fca95b9814e940de0fda63\"},\"headline\":\"Cursos y Talleres de Nuevas Tecnolog\u00edas para mayores de 55 a\u00f1os: Capacita TIC +55\",\"datePublished\":\"2021-04-19T16:23:41+00:00\",\"dateModified\":\"2021-05-17T15:38:17+00:00\",\"mainEntityOfPage\":{\"@id\":\"https:\\\/\\\/www.caudete.org\\\/ayuntamiento\\\/cursos-y-talleres-de-nuevas-tecnologias-para-mayores-de-55-anos-capacita-tic-55-2\\\/\"},\"wordCount\":366,\"publisher\":{\"@id\":\"https:\\\/\\\/www.caudete.org\\\/ayuntamiento\\\/#organization\"},\"image\":{\"@id\":\"https:\\\/\\\/www.caudete.org\\\/ayuntamiento\\\/cursos-y-talleres-de-nuevas-tecnologias-para-mayores-de-55-anos-capacita-tic-55-2\\\/#primaryimage\"},\"thumbnailUrl\":\"https:\\\/\\\/www.caudete.org\\\/ayuntamiento\\\/wp-content\\\/uploads\\\/2021\\\/04\\\/Cartel-Envejecimiento-Activo-web.jpg\",\"keywords\":[\"CapacitaTIC+55\",\"Cursos\",\"Nuevas Tecnolog\u00edas\"],\"articleSection\":[\"Tabl\u00f3n informativo (Desarrollo local)\"],\"inLanguage\":\"es\"},{\"@type\":\"WebPage\",\"@id\":\"https:\\\/\\\/www.caudete.org\\\/ayuntamiento\\\/cursos-y-talleres-de-nuevas-tecnologias-para-mayores-de-55-anos-capacita-tic-55-2\\\/\",\"url\":\"https:\\\/\\\/www.caudete.org\\\/ayuntamiento\\\/cursos-y-talleres-de-nuevas-tecnologias-para-mayores-de-55-anos-capacita-tic-55-2\\\/\",\"name\":\"Cursos y Talleres de Nuevas Tecnolog\u00edas para mayores de 55 a\u00f1os: Capacita TIC +55 - MI Ayuntamiento de Caudete\",\"isPartOf\":{\"@id\":\"https:\\\/\\\/www.caudete.org\\\/ayuntamiento\\\/#website\"},\"primaryImageOfPage\":{\"@id\":\"https:\\\/\\\/www.caudete.org\\\/ayuntamiento\\\/cursos-y-talleres-de-nuevas-tecnologias-para-mayores-de-55-anos-capacita-tic-55-2\\\/#primaryimage\"},\"image\":{\"@id\":\"https:\\\/\\\/www.caudete.org\\\/ayuntamiento\\\/cursos-y-talleres-de-nuevas-tecnologias-para-mayores-de-55-anos-capacita-tic-55-2\\\/#primaryimage\"},\"thumbnailUrl\":\"https:\\\/\\\/www.caudete.org\\\/ayuntamiento\\\/wp-content\\\/uploads\\\/2021\\\/04\\\/Cartel-Envejecimiento-Activo-web.jpg\",\"datePublished\":\"2021-04-19T16:23:41+00:00\",\"dateModified\":\"2021-05-17T15:38:17+00:00\",\"description\":\"P\u00e1gina Oficial del Ayuntamiento de Caudete (Albacete)\",\"breadcrumb\":{\"@id\":\"https:\\\/\\\/www.caudete.org\\\/ayuntamiento\\\/cursos-y-talleres-de-nuevas-tecnologias-para-mayores-de-55-anos-capacita-tic-55-2\\\/#breadcrumb\"},\"inLanguage\":\"es\",\"potentialAction\":[{\"@type\":\"ReadAction\",\"target\":[\"https:\\\/\\\/www.caudete.org\\\/ayuntamiento\\\/cursos-y-talleres-de-nuevas-tecnologias-para-mayores-de-55-anos-capacita-tic-55-2\\\/\"]}]},{\"@type\":\"ImageObject\",\"inLanguage\":\"es\",\"@id\":\"https:\\\/\\\/www.caudete.org\\\/ayuntamiento\\\/cursos-y-talleres-de-nuevas-tecnologias-para-mayores-de-55-anos-capacita-tic-55-2\\\/#primaryimage\",\"url\":\"https:\\\/\\\/www.caudete.org\\\/ayuntamiento\\\/wp-content\\\/uploads\\\/2021\\\/04\\\/Cartel-Envejecimiento-Activo-web.jpg\",\"contentUrl\":\"https:\\\/\\\/www.caudete.org\\\/ayuntamiento\\\/wp-content\\\/uploads\\\/2021\\\/04\\\/Cartel-Envejecimiento-Activo-web.jpg\",\"width\":864,\"height\":380},{\"@type\":\"BreadcrumbList\",\"@id\":\"https:\\\/\\\/www.caudete.org\\\/ayuntamiento\\\/cursos-y-talleres-de-nuevas-tecnologias-para-mayores-de-55-anos-capacita-tic-55-2\\\/#breadcrumb\",\"itemListElement\":[{\"@type\":\"ListItem\",\"position\":1,\"name\":\"Inicio\",\"item\":\"https:\\\/\\\/www.caudete.org\\\/ayuntamiento\\\/\"},{\"@type\":\"ListItem\",\"position\":2,\"name\":\"Cursos y Talleres de Nuevas Tecnolog\u00edas para mayores de 55 a\u00f1os: Capacita TIC +55\"}]},{\"@type\":\"WebSite\",\"@id\":\"https:\\\/\\\/www.caudete.org\\\/ayuntamiento\\\/#website\",\"url\":\"https:\\\/\\\/www.caudete.org\\\/ayuntamiento\\\/\",\"name\":\"MI Ayuntamiento de Caudete\",\"description\":\"P\u00e1gina Oficial del MI Ayuntamiento de Caudete\",\"publisher\":{\"@id\":\"https:\\\/\\\/www.caudete.org\\\/ayuntamiento\\\/#organization\"},\"potentialAction\":[{\"@type\":\"SearchAction\",\"target\":{\"@type\":\"EntryPoint\",\"urlTemplate\":\"https:\\\/\\\/www.caudete.org\\\/ayuntamiento\\\/?s={search_term_string}\"},\"query-input\":{\"@type\":\"PropertyValueSpecification\",\"valueRequired\":true,\"valueName\":\"search_term_string\"}}],\"inLanguage\":\"es\"},{\"@type\":\"Organization\",\"@id\":\"https:\\\/\\\/www.caudete.org\\\/ayuntamiento\\\/#organization\",\"name\":\"Ayuntamiento de Caudete\",\"url\":\"https:\\\/\\\/www.caudete.org\\\/ayuntamiento\\\/\",\"logo\":{\"@type\":\"ImageObject\",\"inLanguage\":\"es\",\"@id\":\"https:\\\/\\\/www.caudete.org\\\/ayuntamiento\\\/#\\\/schema\\\/logo\\\/image\\\/\",\"url\":\"https:\\\/\\\/www.caudete.org\\\/ayuntamiento\\\/wp-content\\\/uploads\\\/2020\\\/11\\\/logo_ayuntamiento_caudete.jpg\",\"contentUrl\":\"https:\\\/\\\/www.caudete.org\\\/ayuntamiento\\\/wp-content\\\/uploads\\\/2020\\\/11\\\/logo_ayuntamiento_caudete.jpg\",\"width\":600,\"height\":150,\"caption\":\"Ayuntamiento de Caudete\"},\"image\":{\"@id\":\"https:\\\/\\\/www.caudete.org\\\/ayuntamiento\\\/#\\\/schema\\\/logo\\\/image\\\/\"},\"sameAs\":[\"https:\\\/\\\/www.facebook.com\\\/ayuntamientocaudete\\\/\",\"https:\\\/\\\/www.youtube.com\\\/channel\\\/UC6VztHaooNsGpw-tNoBEFnQ\"]},{\"@type\":\"Person\",\"@id\":\"https:\\\/\\\/www.caudete.org\\\/ayuntamiento\\\/#\\\/schema\\\/person\\\/7656a5bb58fca95b9814e940de0fda63\",\"name\":\"Juan\",\"image\":{\"@type\":\"ImageObject\",\"inLanguage\":\"es\",\"@id\":\"https:\\\/\\\/secure.gravatar.com\\\/avatar\\\/dd53e51c0cd6ab23f52d4f3e4f1c59730240727763de3dbbf26750b079a2c292?s=96&d=mm&r=g\",\"url\":\"https:\\\/\\\/secure.gravatar.com\\\/avatar\\\/dd53e51c0cd6ab23f52d4f3e4f1c59730240727763de3dbbf26750b079a2c292?s=96&d=mm&r=g\",\"contentUrl\":\"https:\\\/\\\/secure.gravatar.com\\\/avatar\\\/dd53e51c0cd6ab23f52d4f3e4f1c59730240727763de3dbbf26750b079a2c292?s=96&d=mm&r=g\",\"caption\":\"Juan\"},\"url\":\"https:\\\/\\\/www.caudete.org\\\/ayuntamiento\\\/author\\\/centrodeinternet\\\/\"}]}<\/script>\n<!-- \/ Yoast SEO plugin. -->","yoast_head_json":{"title":"Cursos y Talleres de Nuevas Tecnolog\u00edas para mayores de 55 a\u00f1os: Capacita TIC +55 - MI Ayuntamiento de Caudete","description":"P\u00e1gina Oficial del Ayuntamiento de Caudete (Albacete)","robots":{"index":"index","follow":"follow","max-snippet":"max-snippet:-1","max-image-preview":"max-image-preview:large","max-video-preview":"max-video-preview:-1"},"canonical":"https:\/\/www.caudete.org\/ayuntamiento\/cursos-y-talleres-de-nuevas-tecnologias-para-mayores-de-55-anos-capacita-tic-55-2\/","og_locale":"es_ES","og_type":"article","og_title":"Cursos y Talleres de Nuevas Tecnolog\u00edas para mayores de 55 a\u00f1os: Capacita TIC +55 - MI Ayuntamiento de Caudete","og_description":"P\u00e1gina Oficial del Ayuntamiento de Caudete (Albacete)","og_url":"https:\/\/www.caudete.org\/ayuntamiento\/cursos-y-talleres-de-nuevas-tecnologias-para-mayores-de-55-anos-capacita-tic-55-2\/","og_site_name":"MI Ayuntamiento de Caudete","article_publisher":"https:\/\/www.facebook.com\/ayuntamientocaudete\/","article_published_time":"2021-04-19T16:23:41+00:00","article_modified_time":"2021-05-17T15:38:17+00:00","og_image":[{"width":864,"height":380,"url":"https:\/\/www.caudete.org\/ayuntamiento\/wp-content\/uploads\/2021\/04\/Cartel-Envejecimiento-Activo-web.jpg","type":"image\/jpeg"}],"author":"Juan","twitter_card":"summary_large_image","twitter_misc":{"Escrito por":"Juan","Tiempo de lectura":"2 minutos"},"schema":{"@context":"https:\/\/schema.org","@graph":[{"@type":"Article","@id":"https:\/\/www.caudete.org\/ayuntamiento\/cursos-y-talleres-de-nuevas-tecnologias-para-mayores-de-55-anos-capacita-tic-55-2\/#article","isPartOf":{"@id":"https:\/\/www.caudete.org\/ayuntamiento\/cursos-y-talleres-de-nuevas-tecnologias-para-mayores-de-55-anos-capacita-tic-55-2\/"},"author":{"name":"Juan","@id":"https:\/\/www.caudete.org\/ayuntamiento\/#\/schema\/person\/7656a5bb58fca95b9814e940de0fda63"},"headline":"Cursos y Talleres de Nuevas Tecnolog\u00edas para mayores de 55 a\u00f1os: Capacita TIC +55","datePublished":"2021-04-19T16:23:41+00:00","dateModified":"2021-05-17T15:38:17+00:00","mainEntityOfPage":{"@id":"https:\/\/www.caudete.org\/ayuntamiento\/cursos-y-talleres-de-nuevas-tecnologias-para-mayores-de-55-anos-capacita-tic-55-2\/"},"wordCount":366,"publisher":{"@id":"https:\/\/www.caudete.org\/ayuntamiento\/#organization"},"image":{"@id":"https:\/\/www.caudete.org\/ayuntamiento\/cursos-y-talleres-de-nuevas-tecnologias-para-mayores-de-55-anos-capacita-tic-55-2\/#primaryimage"},"thumbnailUrl":"https:\/\/www.caudete.org\/ayuntamiento\/wp-content\/uploads\/2021\/04\/Cartel-Envejecimiento-Activo-web.jpg","keywords":["CapacitaTIC+55","Cursos","Nuevas Tecnolog\u00edas"],"articleSection":["Tabl\u00f3n informativo (Desarrollo local)"],"inLanguage":"es"},{"@type":"WebPage","@id":"https:\/\/www.caudete.org\/ayuntamiento\/cursos-y-talleres-de-nuevas-tecnologias-para-mayores-de-55-anos-capacita-tic-55-2\/","url":"https:\/\/www.caudete.org\/ayuntamiento\/cursos-y-talleres-de-nuevas-tecnologias-para-mayores-de-55-anos-capacita-tic-55-2\/","name":"Cursos y Talleres de Nuevas Tecnolog\u00edas para mayores de 55 a\u00f1os: Capacita TIC +55 - MI Ayuntamiento de Caudete","isPartOf":{"@id":"https:\/\/www.caudete.org\/ayuntamiento\/#website"},"primaryImageOfPage":{"@id":"https:\/\/www.caudete.org\/ayuntamiento\/cursos-y-talleres-de-nuevas-tecnologias-para-mayores-de-55-anos-capacita-tic-55-2\/#primaryimage"},"image":{"@id":"https:\/\/www.caudete.org\/ayuntamiento\/cursos-y-talleres-de-nuevas-tecnologias-para-mayores-de-55-anos-capacita-tic-55-2\/#primaryimage"},"thumbnailUrl":"https:\/\/www.caudete.org\/ayuntamiento\/wp-content\/uploads\/2021\/04\/Cartel-Envejecimiento-Activo-web.jpg","datePublished":"2021-04-19T16:23:41+00:00","dateModified":"2021-05-17T15:38:17+00:00","description":"P\u00e1gina Oficial del Ayuntamiento de Caudete (Albacete)","breadcrumb":{"@id":"https:\/\/www.caudete.org\/ayuntamiento\/cursos-y-talleres-de-nuevas-tecnologias-para-mayores-de-55-anos-capacita-tic-55-2\/#breadcrumb"},"inLanguage":"es","potentialAction":[{"@type":"ReadAction","target":["https:\/\/www.caudete.org\/ayuntamiento\/cursos-y-talleres-de-nuevas-tecnologias-para-mayores-de-55-anos-capacita-tic-55-2\/"]}]},{"@type":"ImageObject","inLanguage":"es","@id":"https:\/\/www.caudete.org\/ayuntamiento\/cursos-y-talleres-de-nuevas-tecnologias-para-mayores-de-55-anos-capacita-tic-55-2\/#primaryimage","url":"https:\/\/www.caudete.org\/ayuntamiento\/wp-content\/uploads\/2021\/04\/Cartel-Envejecimiento-Activo-web.jpg","contentUrl":"https:\/\/www.caudete.org\/ayuntamiento\/wp-content\/uploads\/2021\/04\/Cartel-Envejecimiento-Activo-web.jpg","width":864,"height":380},{"@type":"BreadcrumbList","@id":"https:\/\/www.caudete.org\/ayuntamiento\/cursos-y-talleres-de-nuevas-tecnologias-para-mayores-de-55-anos-capacita-tic-55-2\/#breadcrumb","itemListElement":[{"@type":"ListItem","position":1,"name":"Inicio","item":"https:\/\/www.caudete.org\/ayuntamiento\/"},{"@type":"ListItem","position":2,"name":"Cursos y Talleres de Nuevas Tecnolog\u00edas para mayores de 55 a\u00f1os: Capacita TIC +55"}]},{"@type":"WebSite","@id":"https:\/\/www.caudete.org\/ayuntamiento\/#website","url":"https:\/\/www.caudete.org\/ayuntamiento\/","name":"MI Ayuntamiento de Caudete","description":"P\u00e1gina Oficial del MI Ayuntamiento de Caudete","publisher":{"@id":"https:\/\/www.caudete.org\/ayuntamiento\/#organization"},"potentialAction":[{"@type":"SearchAction","target":{"@type":"EntryPoint","urlTemplate":"https:\/\/www.caudete.org\/ayuntamiento\/?s={search_term_string}"},"query-input":{"@type":"PropertyValueSpecification","valueRequired":true,"valueName":"search_term_string"}}],"inLanguage":"es"},{"@type":"Organization","@id":"https:\/\/www.caudete.org\/ayuntamiento\/#organization","name":"Ayuntamiento de Caudete","url":"https:\/\/www.caudete.org\/ayuntamiento\/","logo":{"@type":"ImageObject","inLanguage":"es","@id":"https:\/\/www.caudete.org\/ayuntamiento\/#\/schema\/logo\/image\/","url":"https:\/\/www.caudete.org\/ayuntamiento\/wp-content\/uploads\/2020\/11\/logo_ayuntamiento_caudete.jpg","contentUrl":"https:\/\/www.caudete.org\/ayuntamiento\/wp-content\/uploads\/2020\/11\/logo_ayuntamiento_caudete.jpg","width":600,"height":150,"caption":"Ayuntamiento de Caudete"},"image":{"@id":"https:\/\/www.caudete.org\/ayuntamiento\/#\/schema\/logo\/image\/"},"sameAs":["https:\/\/www.facebook.com\/ayuntamientocaudete\/","https:\/\/www.youtube.com\/channel\/UC6VztHaooNsGpw-tNoBEFnQ"]},{"@type":"Person","@id":"https:\/\/www.caudete.org\/ayuntamiento\/#\/schema\/person\/7656a5bb58fca95b9814e940de0fda63","name":"Juan","image":{"@type":"ImageObject","inLanguage":"es","@id":"https:\/\/secure.gravatar.com\/avatar\/dd53e51c0cd6ab23f52d4f3e4f1c59730240727763de3dbbf26750b079a2c292?s=96&d=mm&r=g","url":"https:\/\/secure.gravatar.com\/avatar\/dd53e51c0cd6ab23f52d4f3e4f1c59730240727763de3dbbf26750b079a2c292?s=96&d=mm&r=g","contentUrl":"https:\/\/secure.gravatar.com\/avatar\/dd53e51c0cd6ab23f52d4f3e4f1c59730240727763de3dbbf26750b079a2c292?s=96&d=mm&r=g","caption":"Juan"},"url":"https:\/\/www.caudete.org\/ayuntamiento\/author\/centrodeinternet\/"}]}},"_links":{"self":[{"href":"https:\/\/www.caudete.org\/ayuntamiento\/wp-json\/wp\/v2\/posts\/13965","targetHints":{"allow":["GET"]}}],"collection":[{"href":"https:\/\/www.caudete.org\/ayuntamiento\/wp-json\/wp\/v2\/posts"}],"about":[{"href":"https:\/\/www.caudete.org\/ayuntamiento\/wp-json\/wp\/v2\/types\/post"}],"author":[{"embeddable":true,"href":"https:\/\/www.caudete.org\/ayuntamiento\/wp-json\/wp\/v2\/users\/2"}],"replies":[{"embeddable":true,"href":"https:\/\/www.caudete.org\/ayuntamiento\/wp-json\/wp\/v2\/comments?post=13965"}],"version-history":[{"count":9,"href":"https:\/\/www.caudete.org\/ayuntamiento\/wp-json\/wp\/v2\/posts\/13965\/revisions"}],"predecessor-version":[{"id":14387,"href":"https:\/\/www.caudete.org\/ayuntamiento\/wp-json\/wp\/v2\/posts\/13965\/revisions\/14387"}],"wp:featuredmedia":[{"embeddable":true,"href":"https:\/\/www.caudete.org\/ayuntamiento\/wp-json\/wp\/v2\/media\/13957"}],"wp:attachment":[{"href":"https:\/\/www.caudete.org\/ayuntamiento\/wp-json\/wp\/v2\/media?parent=13965"}],"wp:term":[{"taxonomy":"category","embeddable":true,"href":"https:\/\/www.caudete.org\/ayuntamiento\/wp-json\/wp\/v2\/categories?post=13965"},{"taxonomy":"post_tag","embeddable":true,"href":"https:\/\/www.caudete.org\/ayuntamiento\/wp-json\/wp\/v2\/tags?post=13965"}],"curies":[{"name":"wp","href":"https:\/\/api.w.org\/{rel}","templated":true}]}}