{"id":13983,"date":"2021-04-21T19:35:15","date_gmt":"2021-04-21T17:35:15","guid":{"rendered":"https:\/\/www.caudete.org\/ayuntamiento\/?p=13983"},"modified":"2021-04-21T19:35:15","modified_gmt":"2021-04-21T17:35:15","slug":"acto-de-entrega-de-premios-del-xxiv-certamen-de-narrativa-evaristo-banon-y-cuentacuentos-a-cargo-de-paula-carbonell","status":"publish","type":"post","link":"https:\/\/www.caudete.org\/ayuntamiento\/acto-de-entrega-de-premios-del-xxiv-certamen-de-narrativa-evaristo-banon-y-cuentacuentos-a-cargo-de-paula-carbonell\/","title":{"rendered":"Acto de entrega de premios del XXIV Cert\u00e1men de Narrativa \u201cEvaristo Ba\u00f1\u00f3n\u201d y Cuentacuentos a cargo de Paula Carbonell"},"content":{"rendered":"<p align=\"justify\"><span style=\"font-family: Times New Roman, serif;\"><span style=\"font-size: medium;\"><span style=\"color: #2d2d2d;\"><span style=\"font-family: PT Sans, serif;\"><span style=\"font-size: large;\">El pr\u00f3ximo s\u00e1bado 24 de abril, a las 18:30 horas va a tener lugar en el Auditorio Municipal el espect\u00e1culo \u201c Un ni\u00f1o, un perro, un gato y un pollo\u201d . Se trata de un cuentacuentos interpretado por Paula Carbonell en el que un ni\u00f1o corre, el gallo Kiriko camina , un perro y un gato juegan mil historias y a veces vuelan\u2026. El espect\u00e1culo comienza y finaliza con el teatro de objetos pero siempre desde la narraci\u00f3n oral. <\/span><\/span><\/span><\/span><\/span><\/p>\n<p align=\"justify\"><span style=\"font-family: Times New Roman, serif;\"><span style=\"font-size: medium;\"><span style=\"color: #2d2d2d;\"><span style=\"font-family: PT Sans, serif;\"><span style=\"font-size: large;\">Esta actividad est\u00e1 incluida en el programa de actividades culturales de primavera de la Concejal\u00eda de Cultura del Ayuntamiento de Caudete y dentro del programa Actuamos de la Junta de Comunidades de Castilla La Mancha y de Cultural Albacete. <\/span><\/span><\/span><\/span><\/span><\/p>\n<p align=\"justify\"><span style=\"font-family: Times New Roman, serif;\"><span style=\"font-size: medium;\"><span style=\"color: #2d2d2d;\"><span style=\"font-family: PT Sans, serif;\"><span style=\"font-size: large;\">Para la asistencia al mismo es necesario invitaci\u00f3n y previamente tendr\u00e1 lugar el acto de entrega de premios del <\/span><\/span><\/span><b><span style=\"color: #2d2d2d;\"><span style=\"font-family: inherit, serif;\"><span style=\"font-size: large;\">XXIV Certamen de Narrativa \u2018Evaristo Ba\u00f1\u00f3n\u2019<\/span><\/span><\/span><\/b><\/span><\/span><span style=\"color: #2d2d2d;\"><span style=\"font-family: PT Sans, serif;\"><span style=\"font-size: large;\">.<\/span><\/span><\/span><\/p>\n","protected":false},"excerpt":{"rendered":"<p>El pr\u00f3ximo s\u00e1bado 24 de abril, a las 18:30 horas va a tener lugar en el Auditorio Municipal el espect\u00e1culo \u201c Un ni\u00f1o, un perro, un gato y un pollo\u201d . Se trata de un cuentacuentos interpretado por Paula Carbonell en el que un ni\u00f1o corre, el gallo Kiriko camina , un perro y un &hellip;<\/p>\n","protected":false},"author":2,"featured_media":13985,"comment_status":"closed","ping_status":"open","sticky":false,"template":"","format":"standard","meta":{"ngg_post_thumbnail":0,"footnotes":""},"categories":[14],"tags":[608,609],"class_list":["post-13983","post","type-post","status-publish","format-standard","has-post-thumbnail","hentry","category-cultura","tag-certamen-de-narrativa-evaristo-banon","tag-cuentacuentos"],"yoast_head":"<!-- This site is optimized with the Yoast SEO plugin v27.5 - https:\/\/yoast.com\/product\/yoast-seo-wordpress\/ -->\n<title>Acto de entrega de premios del XXIV Cert\u00e1men de Narrativa \u201cEvaristo Ba\u00f1\u00f3n\u201d y Cuentacuentos a cargo de Paula Carbonell - MI Ayuntamiento de Caudete<\/title>\n<meta name=\"description\" content=\"P\u00e1gina Oficial del Ayuntamiento de Caudete (Albacete)\" \/>\n<meta name=\"robots\" content=\"index, follow, max-snippet:-1, max-image-preview:large, max-video-preview:-1\" \/>\n<link rel=\"canonical\" href=\"https:\/\/www.caudete.org\/ayuntamiento\/acto-de-entrega-de-premios-del-xxiv-certamen-de-narrativa-evaristo-banon-y-cuentacuentos-a-cargo-de-paula-carbonell\/\" \/>\n<meta property=\"og:locale\" content=\"es_ES\" \/>\n<meta property=\"og:type\" content=\"article\" \/>\n<meta property=\"og:title\" content=\"Acto de entrega de premios del XXIV Cert\u00e1men de Narrativa \u201cEvaristo Ba\u00f1\u00f3n\u201d y Cuentacuentos a cargo de Paula Carbonell - MI Ayuntamiento de Caudete\" \/>\n<meta property=\"og:description\" content=\"P\u00e1gina Oficial del Ayuntamiento de Caudete (Albacete)\" \/>\n<meta property=\"og:url\" content=\"https:\/\/www.caudete.org\/ayuntamiento\/acto-de-entrega-de-premios-del-xxiv-certamen-de-narrativa-evaristo-banon-y-cuentacuentos-a-cargo-de-paula-carbonell\/\" \/>\n<meta property=\"og:site_name\" content=\"MI Ayuntamiento de Caudete\" \/>\n<meta property=\"article:publisher\" content=\"https:\/\/www.facebook.com\/ayuntamientocaudete\/\" \/>\n<meta property=\"article:published_time\" content=\"2021-04-21T17:35:15+00:00\" \/>\n<meta property=\"og:image\" content=\"https:\/\/www.caudete.org\/ayuntamiento\/wp-content\/uploads\/2021\/04\/Cartel-Premios-Evaristo-Banon-y-Cuentacuentos-WEB.png\" \/>\n\t<meta property=\"og:image:width\" content=\"864\" \/>\n\t<meta property=\"og:image:height\" content=\"380\" \/>\n\t<meta property=\"og:image:type\" content=\"image\/png\" \/>\n<meta name=\"author\" content=\"Juan\" \/>\n<meta name=\"twitter:card\" content=\"summary_large_image\" \/>\n<meta name=\"twitter:label1\" content=\"Escrito por\" \/>\n\t<meta name=\"twitter:data1\" content=\"Juan\" \/>\n\t<meta name=\"twitter:label2\" content=\"Tiempo de lectura\" \/>\n\t<meta name=\"twitter:data2\" content=\"1 minuto\" \/>\n<script type=\"application\/ld+json\" class=\"yoast-schema-graph\">{\"@context\":\"https:\\\/\\\/schema.org\",\"@graph\":[{\"@type\":\"Article\",\"@id\":\"https:\\\/\\\/www.caudete.org\\\/ayuntamiento\\\/acto-de-entrega-de-premios-del-xxiv-certamen-de-narrativa-evaristo-banon-y-cuentacuentos-a-cargo-de-paula-carbonell\\\/#article\",\"isPartOf\":{\"@id\":\"https:\\\/\\\/www.caudete.org\\\/ayuntamiento\\\/acto-de-entrega-de-premios-del-xxiv-certamen-de-narrativa-evaristo-banon-y-cuentacuentos-a-cargo-de-paula-carbonell\\\/\"},\"author\":{\"name\":\"Juan\",\"@id\":\"https:\\\/\\\/www.caudete.org\\\/ayuntamiento\\\/#\\\/schema\\\/person\\\/7656a5bb58fca95b9814e940de0fda63\"},\"headline\":\"Acto de entrega de premios del XXIV Cert\u00e1men de Narrativa \u201cEvaristo Ba\u00f1\u00f3n\u201d y Cuentacuentos a cargo de Paula Carbonell\",\"datePublished\":\"2021-04-21T17:35:15+00:00\",\"mainEntityOfPage\":{\"@id\":\"https:\\\/\\\/www.caudete.org\\\/ayuntamiento\\\/acto-de-entrega-de-premios-del-xxiv-certamen-de-narrativa-evaristo-banon-y-cuentacuentos-a-cargo-de-paula-carbonell\\\/\"},\"wordCount\":169,\"publisher\":{\"@id\":\"https:\\\/\\\/www.caudete.org\\\/ayuntamiento\\\/#organization\"},\"image\":{\"@id\":\"https:\\\/\\\/www.caudete.org\\\/ayuntamiento\\\/acto-de-entrega-de-premios-del-xxiv-certamen-de-narrativa-evaristo-banon-y-cuentacuentos-a-cargo-de-paula-carbonell\\\/#primaryimage\"},\"thumbnailUrl\":\"https:\\\/\\\/www.caudete.org\\\/ayuntamiento\\\/wp-content\\\/uploads\\\/2021\\\/04\\\/Cartel-Premios-Evaristo-Banon-y-Cuentacuentos-WEB.png\",\"keywords\":[\"Certamen de Narrativa \u2018Evaristo Ba\u00f1\u00f3n\u2019\",\"Cuentacuentos\"],\"articleSection\":[\"Cultura\"],\"inLanguage\":\"es\"},{\"@type\":\"WebPage\",\"@id\":\"https:\\\/\\\/www.caudete.org\\\/ayuntamiento\\\/acto-de-entrega-de-premios-del-xxiv-certamen-de-narrativa-evaristo-banon-y-cuentacuentos-a-cargo-de-paula-carbonell\\\/\",\"url\":\"https:\\\/\\\/www.caudete.org\\\/ayuntamiento\\\/acto-de-entrega-de-premios-del-xxiv-certamen-de-narrativa-evaristo-banon-y-cuentacuentos-a-cargo-de-paula-carbonell\\\/\",\"name\":\"Acto de entrega de premios del XXIV Cert\u00e1men de Narrativa \u201cEvaristo Ba\u00f1\u00f3n\u201d y Cuentacuentos a cargo de Paula Carbonell - MI Ayuntamiento de Caudete\",\"isPartOf\":{\"@id\":\"https:\\\/\\\/www.caudete.org\\\/ayuntamiento\\\/#website\"},\"primaryImageOfPage\":{\"@id\":\"https:\\\/\\\/www.caudete.org\\\/ayuntamiento\\\/acto-de-entrega-de-premios-del-xxiv-certamen-de-narrativa-evaristo-banon-y-cuentacuentos-a-cargo-de-paula-carbonell\\\/#primaryimage\"},\"image\":{\"@id\":\"https:\\\/\\\/www.caudete.org\\\/ayuntamiento\\\/acto-de-entrega-de-premios-del-xxiv-certamen-de-narrativa-evaristo-banon-y-cuentacuentos-a-cargo-de-paula-carbonell\\\/#primaryimage\"},\"thumbnailUrl\":\"https:\\\/\\\/www.caudete.org\\\/ayuntamiento\\\/wp-content\\\/uploads\\\/2021\\\/04\\\/Cartel-Premios-Evaristo-Banon-y-Cuentacuentos-WEB.png\",\"datePublished\":\"2021-04-21T17:35:15+00:00\",\"description\":\"P\u00e1gina Oficial del Ayuntamiento de Caudete (Albacete)\",\"breadcrumb\":{\"@id\":\"https:\\\/\\\/www.caudete.org\\\/ayuntamiento\\\/acto-de-entrega-de-premios-del-xxiv-certamen-de-narrativa-evaristo-banon-y-cuentacuentos-a-cargo-de-paula-carbonell\\\/#breadcrumb\"},\"inLanguage\":\"es\",\"potentialAction\":[{\"@type\":\"ReadAction\",\"target\":[\"https:\\\/\\\/www.caudete.org\\\/ayuntamiento\\\/acto-de-entrega-de-premios-del-xxiv-certamen-de-narrativa-evaristo-banon-y-cuentacuentos-a-cargo-de-paula-carbonell\\\/\"]}]},{\"@type\":\"ImageObject\",\"inLanguage\":\"es\",\"@id\":\"https:\\\/\\\/www.caudete.org\\\/ayuntamiento\\\/acto-de-entrega-de-premios-del-xxiv-certamen-de-narrativa-evaristo-banon-y-cuentacuentos-a-cargo-de-paula-carbonell\\\/#primaryimage\",\"url\":\"https:\\\/\\\/www.caudete.org\\\/ayuntamiento\\\/wp-content\\\/uploads\\\/2021\\\/04\\\/Cartel-Premios-Evaristo-Banon-y-Cuentacuentos-WEB.png\",\"contentUrl\":\"https:\\\/\\\/www.caudete.org\\\/ayuntamiento\\\/wp-content\\\/uploads\\\/2021\\\/04\\\/Cartel-Premios-Evaristo-Banon-y-Cuentacuentos-WEB.png\",\"width\":864,\"height\":380},{\"@type\":\"BreadcrumbList\",\"@id\":\"https:\\\/\\\/www.caudete.org\\\/ayuntamiento\\\/acto-de-entrega-de-premios-del-xxiv-certamen-de-narrativa-evaristo-banon-y-cuentacuentos-a-cargo-de-paula-carbonell\\\/#breadcrumb\",\"itemListElement\":[{\"@type\":\"ListItem\",\"position\":1,\"name\":\"Inicio\",\"item\":\"https:\\\/\\\/www.caudete.org\\\/ayuntamiento\\\/\"},{\"@type\":\"ListItem\",\"position\":2,\"name\":\"Acto de entrega de premios del XXIV Cert\u00e1men de Narrativa \u201cEvaristo Ba\u00f1\u00f3n\u201d y Cuentacuentos a cargo de Paula Carbonell\"}]},{\"@type\":\"WebSite\",\"@id\":\"https:\\\/\\\/www.caudete.org\\\/ayuntamiento\\\/#website\",\"url\":\"https:\\\/\\\/www.caudete.org\\\/ayuntamiento\\\/\",\"name\":\"MI Ayuntamiento de Caudete\",\"description\":\"P\u00e1gina Oficial del MI Ayuntamiento de Caudete\",\"publisher\":{\"@id\":\"https:\\\/\\\/www.caudete.org\\\/ayuntamiento\\\/#organization\"},\"potentialAction\":[{\"@type\":\"SearchAction\",\"target\":{\"@type\":\"EntryPoint\",\"urlTemplate\":\"https:\\\/\\\/www.caudete.org\\\/ayuntamiento\\\/?s={search_term_string}\"},\"query-input\":{\"@type\":\"PropertyValueSpecification\",\"valueRequired\":true,\"valueName\":\"search_term_string\"}}],\"inLanguage\":\"es\"},{\"@type\":\"Organization\",\"@id\":\"https:\\\/\\\/www.caudete.org\\\/ayuntamiento\\\/#organization\",\"name\":\"Ayuntamiento de Caudete\",\"url\":\"https:\\\/\\\/www.caudete.org\\\/ayuntamiento\\\/\",\"logo\":{\"@type\":\"ImageObject\",\"inLanguage\":\"es\",\"@id\":\"https:\\\/\\\/www.caudete.org\\\/ayuntamiento\\\/#\\\/schema\\\/logo\\\/image\\\/\",\"url\":\"https:\\\/\\\/www.caudete.org\\\/ayuntamiento\\\/wp-content\\\/uploads\\\/2020\\\/11\\\/logo_ayuntamiento_caudete.jpg\",\"contentUrl\":\"https:\\\/\\\/www.caudete.org\\\/ayuntamiento\\\/wp-content\\\/uploads\\\/2020\\\/11\\\/logo_ayuntamiento_caudete.jpg\",\"width\":600,\"height\":150,\"caption\":\"Ayuntamiento de Caudete\"},\"image\":{\"@id\":\"https:\\\/\\\/www.caudete.org\\\/ayuntamiento\\\/#\\\/schema\\\/logo\\\/image\\\/\"},\"sameAs\":[\"https:\\\/\\\/www.facebook.com\\\/ayuntamientocaudete\\\/\",\"https:\\\/\\\/www.youtube.com\\\/channel\\\/UC6VztHaooNsGpw-tNoBEFnQ\"]},{\"@type\":\"Person\",\"@id\":\"https:\\\/\\\/www.caudete.org\\\/ayuntamiento\\\/#\\\/schema\\\/person\\\/7656a5bb58fca95b9814e940de0fda63\",\"name\":\"Juan\",\"image\":{\"@type\":\"ImageObject\",\"inLanguage\":\"es\",\"@id\":\"https:\\\/\\\/secure.gravatar.com\\\/avatar\\\/dd53e51c0cd6ab23f52d4f3e4f1c59730240727763de3dbbf26750b079a2c292?s=96&d=mm&r=g\",\"url\":\"https:\\\/\\\/secure.gravatar.com\\\/avatar\\\/dd53e51c0cd6ab23f52d4f3e4f1c59730240727763de3dbbf26750b079a2c292?s=96&d=mm&r=g\",\"contentUrl\":\"https:\\\/\\\/secure.gravatar.com\\\/avatar\\\/dd53e51c0cd6ab23f52d4f3e4f1c59730240727763de3dbbf26750b079a2c292?s=96&d=mm&r=g\",\"caption\":\"Juan\"},\"url\":\"https:\\\/\\\/www.caudete.org\\\/ayuntamiento\\\/author\\\/centrodeinternet\\\/\"}]}<\/script>\n<!-- \/ Yoast SEO plugin. -->","yoast_head_json":{"title":"Acto de entrega de premios del XXIV Cert\u00e1men de Narrativa \u201cEvaristo Ba\u00f1\u00f3n\u201d y Cuentacuentos a cargo de Paula Carbonell - MI Ayuntamiento de Caudete","description":"P\u00e1gina Oficial del Ayuntamiento de Caudete (Albacete)","robots":{"index":"index","follow":"follow","max-snippet":"max-snippet:-1","max-image-preview":"max-image-preview:large","max-video-preview":"max-video-preview:-1"},"canonical":"https:\/\/www.caudete.org\/ayuntamiento\/acto-de-entrega-de-premios-del-xxiv-certamen-de-narrativa-evaristo-banon-y-cuentacuentos-a-cargo-de-paula-carbonell\/","og_locale":"es_ES","og_type":"article","og_title":"Acto de entrega de premios del XXIV Cert\u00e1men de Narrativa \u201cEvaristo Ba\u00f1\u00f3n\u201d y Cuentacuentos a cargo de Paula Carbonell - MI Ayuntamiento de Caudete","og_description":"P\u00e1gina Oficial del Ayuntamiento de Caudete (Albacete)","og_url":"https:\/\/www.caudete.org\/ayuntamiento\/acto-de-entrega-de-premios-del-xxiv-certamen-de-narrativa-evaristo-banon-y-cuentacuentos-a-cargo-de-paula-carbonell\/","og_site_name":"MI Ayuntamiento de Caudete","article_publisher":"https:\/\/www.facebook.com\/ayuntamientocaudete\/","article_published_time":"2021-04-21T17:35:15+00:00","og_image":[{"width":864,"height":380,"url":"https:\/\/www.caudete.org\/ayuntamiento\/wp-content\/uploads\/2021\/04\/Cartel-Premios-Evaristo-Banon-y-Cuentacuentos-WEB.png","type":"image\/png"}],"author":"Juan","twitter_card":"summary_large_image","twitter_misc":{"Escrito por":"Juan","Tiempo de lectura":"1 minuto"},"schema":{"@context":"https:\/\/schema.org","@graph":[{"@type":"Article","@id":"https:\/\/www.caudete.org\/ayuntamiento\/acto-de-entrega-de-premios-del-xxiv-certamen-de-narrativa-evaristo-banon-y-cuentacuentos-a-cargo-de-paula-carbonell\/#article","isPartOf":{"@id":"https:\/\/www.caudete.org\/ayuntamiento\/acto-de-entrega-de-premios-del-xxiv-certamen-de-narrativa-evaristo-banon-y-cuentacuentos-a-cargo-de-paula-carbonell\/"},"author":{"name":"Juan","@id":"https:\/\/www.caudete.org\/ayuntamiento\/#\/schema\/person\/7656a5bb58fca95b9814e940de0fda63"},"headline":"Acto de entrega de premios del XXIV Cert\u00e1men de Narrativa \u201cEvaristo Ba\u00f1\u00f3n\u201d y Cuentacuentos a cargo de Paula Carbonell","datePublished":"2021-04-21T17:35:15+00:00","mainEntityOfPage":{"@id":"https:\/\/www.caudete.org\/ayuntamiento\/acto-de-entrega-de-premios-del-xxiv-certamen-de-narrativa-evaristo-banon-y-cuentacuentos-a-cargo-de-paula-carbonell\/"},"wordCount":169,"publisher":{"@id":"https:\/\/www.caudete.org\/ayuntamiento\/#organization"},"image":{"@id":"https:\/\/www.caudete.org\/ayuntamiento\/acto-de-entrega-de-premios-del-xxiv-certamen-de-narrativa-evaristo-banon-y-cuentacuentos-a-cargo-de-paula-carbonell\/#primaryimage"},"thumbnailUrl":"https:\/\/www.caudete.org\/ayuntamiento\/wp-content\/uploads\/2021\/04\/Cartel-Premios-Evaristo-Banon-y-Cuentacuentos-WEB.png","keywords":["Certamen de Narrativa \u2018Evaristo Ba\u00f1\u00f3n\u2019","Cuentacuentos"],"articleSection":["Cultura"],"inLanguage":"es"},{"@type":"WebPage","@id":"https:\/\/www.caudete.org\/ayuntamiento\/acto-de-entrega-de-premios-del-xxiv-certamen-de-narrativa-evaristo-banon-y-cuentacuentos-a-cargo-de-paula-carbonell\/","url":"https:\/\/www.caudete.org\/ayuntamiento\/acto-de-entrega-de-premios-del-xxiv-certamen-de-narrativa-evaristo-banon-y-cuentacuentos-a-cargo-de-paula-carbonell\/","name":"Acto de entrega de premios del XXIV Cert\u00e1men de Narrativa \u201cEvaristo Ba\u00f1\u00f3n\u201d y Cuentacuentos a cargo de Paula Carbonell - MI Ayuntamiento de Caudete","isPartOf":{"@id":"https:\/\/www.caudete.org\/ayuntamiento\/#website"},"primaryImageOfPage":{"@id":"https:\/\/www.caudete.org\/ayuntamiento\/acto-de-entrega-de-premios-del-xxiv-certamen-de-narrativa-evaristo-banon-y-cuentacuentos-a-cargo-de-paula-carbonell\/#primaryimage"},"image":{"@id":"https:\/\/www.caudete.org\/ayuntamiento\/acto-de-entrega-de-premios-del-xxiv-certamen-de-narrativa-evaristo-banon-y-cuentacuentos-a-cargo-de-paula-carbonell\/#primaryimage"},"thumbnailUrl":"https:\/\/www.caudete.org\/ayuntamiento\/wp-content\/uploads\/2021\/04\/Cartel-Premios-Evaristo-Banon-y-Cuentacuentos-WEB.png","datePublished":"2021-04-21T17:35:15+00:00","description":"P\u00e1gina Oficial del Ayuntamiento de Caudete (Albacete)","breadcrumb":{"@id":"https:\/\/www.caudete.org\/ayuntamiento\/acto-de-entrega-de-premios-del-xxiv-certamen-de-narrativa-evaristo-banon-y-cuentacuentos-a-cargo-de-paula-carbonell\/#breadcrumb"},"inLanguage":"es","potentialAction":[{"@type":"ReadAction","target":["https:\/\/www.caudete.org\/ayuntamiento\/acto-de-entrega-de-premios-del-xxiv-certamen-de-narrativa-evaristo-banon-y-cuentacuentos-a-cargo-de-paula-carbonell\/"]}]},{"@type":"ImageObject","inLanguage":"es","@id":"https:\/\/www.caudete.org\/ayuntamiento\/acto-de-entrega-de-premios-del-xxiv-certamen-de-narrativa-evaristo-banon-y-cuentacuentos-a-cargo-de-paula-carbonell\/#primaryimage","url":"https:\/\/www.caudete.org\/ayuntamiento\/wp-content\/uploads\/2021\/04\/Cartel-Premios-Evaristo-Banon-y-Cuentacuentos-WEB.png","contentUrl":"https:\/\/www.caudete.org\/ayuntamiento\/wp-content\/uploads\/2021\/04\/Cartel-Premios-Evaristo-Banon-y-Cuentacuentos-WEB.png","width":864,"height":380},{"@type":"BreadcrumbList","@id":"https:\/\/www.caudete.org\/ayuntamiento\/acto-de-entrega-de-premios-del-xxiv-certamen-de-narrativa-evaristo-banon-y-cuentacuentos-a-cargo-de-paula-carbonell\/#breadcrumb","itemListElement":[{"@type":"ListItem","position":1,"name":"Inicio","item":"https:\/\/www.caudete.org\/ayuntamiento\/"},{"@type":"ListItem","position":2,"name":"Acto de entrega de premios del XXIV Cert\u00e1men de Narrativa \u201cEvaristo Ba\u00f1\u00f3n\u201d y Cuentacuentos a cargo de Paula Carbonell"}]},{"@type":"WebSite","@id":"https:\/\/www.caudete.org\/ayuntamiento\/#website","url":"https:\/\/www.caudete.org\/ayuntamiento\/","name":"MI Ayuntamiento de Caudete","description":"P\u00e1gina Oficial del MI Ayuntamiento de Caudete","publisher":{"@id":"https:\/\/www.caudete.org\/ayuntamiento\/#organization"},"potentialAction":[{"@type":"SearchAction","target":{"@type":"EntryPoint","urlTemplate":"https:\/\/www.caudete.org\/ayuntamiento\/?s={search_term_string}"},"query-input":{"@type":"PropertyValueSpecification","valueRequired":true,"valueName":"search_term_string"}}],"inLanguage":"es"},{"@type":"Organization","@id":"https:\/\/www.caudete.org\/ayuntamiento\/#organization","name":"Ayuntamiento de Caudete","url":"https:\/\/www.caudete.org\/ayuntamiento\/","logo":{"@type":"ImageObject","inLanguage":"es","@id":"https:\/\/www.caudete.org\/ayuntamiento\/#\/schema\/logo\/image\/","url":"https:\/\/www.caudete.org\/ayuntamiento\/wp-content\/uploads\/2020\/11\/logo_ayuntamiento_caudete.jpg","contentUrl":"https:\/\/www.caudete.org\/ayuntamiento\/wp-content\/uploads\/2020\/11\/logo_ayuntamiento_caudete.jpg","width":600,"height":150,"caption":"Ayuntamiento de Caudete"},"image":{"@id":"https:\/\/www.caudete.org\/ayuntamiento\/#\/schema\/logo\/image\/"},"sameAs":["https:\/\/www.facebook.com\/ayuntamientocaudete\/","https:\/\/www.youtube.com\/channel\/UC6VztHaooNsGpw-tNoBEFnQ"]},{"@type":"Person","@id":"https:\/\/www.caudete.org\/ayuntamiento\/#\/schema\/person\/7656a5bb58fca95b9814e940de0fda63","name":"Juan","image":{"@type":"ImageObject","inLanguage":"es","@id":"https:\/\/secure.gravatar.com\/avatar\/dd53e51c0cd6ab23f52d4f3e4f1c59730240727763de3dbbf26750b079a2c292?s=96&d=mm&r=g","url":"https:\/\/secure.gravatar.com\/avatar\/dd53e51c0cd6ab23f52d4f3e4f1c59730240727763de3dbbf26750b079a2c292?s=96&d=mm&r=g","contentUrl":"https:\/\/secure.gravatar.com\/avatar\/dd53e51c0cd6ab23f52d4f3e4f1c59730240727763de3dbbf26750b079a2c292?s=96&d=mm&r=g","caption":"Juan"},"url":"https:\/\/www.caudete.org\/ayuntamiento\/author\/centrodeinternet\/"}]}},"_links":{"self":[{"href":"https:\/\/www.caudete.org\/ayuntamiento\/wp-json\/wp\/v2\/posts\/13983","targetHints":{"allow":["GET"]}}],"collection":[{"href":"https:\/\/www.caudete.org\/ayuntamiento\/wp-json\/wp\/v2\/posts"}],"about":[{"href":"https:\/\/www.caudete.org\/ayuntamiento\/wp-json\/wp\/v2\/types\/post"}],"author":[{"embeddable":true,"href":"https:\/\/www.caudete.org\/ayuntamiento\/wp-json\/wp\/v2\/users\/2"}],"replies":[{"embeddable":true,"href":"https:\/\/www.caudete.org\/ayuntamiento\/wp-json\/wp\/v2\/comments?post=13983"}],"version-history":[{"count":1,"href":"https:\/\/www.caudete.org\/ayuntamiento\/wp-json\/wp\/v2\/posts\/13983\/revisions"}],"predecessor-version":[{"id":13984,"href":"https:\/\/www.caudete.org\/ayuntamiento\/wp-json\/wp\/v2\/posts\/13983\/revisions\/13984"}],"wp:featuredmedia":[{"embeddable":true,"href":"https:\/\/www.caudete.org\/ayuntamiento\/wp-json\/wp\/v2\/media\/13985"}],"wp:attachment":[{"href":"https:\/\/www.caudete.org\/ayuntamiento\/wp-json\/wp\/v2\/media?parent=13983"}],"wp:term":[{"taxonomy":"category","embeddable":true,"href":"https:\/\/www.caudete.org\/ayuntamiento\/wp-json\/wp\/v2\/categories?post=13983"},{"taxonomy":"post_tag","embeddable":true,"href":"https:\/\/www.caudete.org\/ayuntamiento\/wp-json\/wp\/v2\/tags?post=13983"}],"curies":[{"name":"wp","href":"https:\/\/api.w.org\/{rel}","templated":true}]}}