{"id":13986,"date":"2021-04-22T14:19:09","date_gmt":"2021-04-22T12:19:09","guid":{"rendered":"https:\/\/www.caudete.org\/ayuntamiento\/?p=13986"},"modified":"2021-04-22T16:15:47","modified_gmt":"2021-04-22T14:15:47","slug":"la-policia-local-incorpora-5-chalecos-antibala","status":"publish","type":"post","link":"https:\/\/www.caudete.org\/ayuntamiento\/la-policia-local-incorpora-5-chalecos-antibala\/","title":{"rendered":"La Polic\u00eda Local incorpora 5 chalecos antibalas"},"content":{"rendered":"<p><img fetchpriority=\"high\" decoding=\"async\" class=\"size-medium wp-image-13988 aligncenter\" src=\"https:\/\/www.caudete.org\/ayuntamiento\/wp-content\/uploads\/2021\/04\/WhatsApp-Image-2021-04-22-at-11.22.42-300x225.jpeg\" alt=\"\" width=\"300\" height=\"225\" srcset=\"https:\/\/www.caudete.org\/ayuntamiento\/wp-content\/uploads\/2021\/04\/WhatsApp-Image-2021-04-22-at-11.22.42-300x225.jpeg 300w, https:\/\/www.caudete.org\/ayuntamiento\/wp-content\/uploads\/2021\/04\/WhatsApp-Image-2021-04-22-at-11.22.42-1024x768.jpeg 1024w, https:\/\/www.caudete.org\/ayuntamiento\/wp-content\/uploads\/2021\/04\/WhatsApp-Image-2021-04-22-at-11.22.42-768x576.jpeg 768w, https:\/\/www.caudete.org\/ayuntamiento\/wp-content\/uploads\/2021\/04\/WhatsApp-Image-2021-04-22-at-11.22.42-1536x1152.jpeg 1536w, https:\/\/www.caudete.org\/ayuntamiento\/wp-content\/uploads\/2021\/04\/WhatsApp-Image-2021-04-22-at-11.22.42.jpeg 2048w\" sizes=\"(max-width: 300px) 100vw, 300px\" \/><\/p>\n<p style=\"text-align: justify;\">Esta ma\u00f1ana la Sala de Prensa del Ayuntamiento acog\u00eda la presentaci\u00f3n de los chalecos antibalas con que cuenta desde hoy la Polic\u00eda Local de Caudete.<\/p>\n<p style=\"text-align: justify;\">En la rueda de prensa, han estado presentes el Alcalde, Mois\u00e9s L\u00f3pez, la Concejal de Interior, M\u00aa del Mar Requena y el Subinspector de la Polic\u00eda Daniel Azor\u00edn, junto a uno de los Agentes del Cuerpo.<\/p>\n<p style=\"text-align: justify;\">Tras visualizar la puesta de este equipo de protecci\u00f3n por los propios Polic\u00edas y las caracter\u00edsticas de los chalecos, la Concejal expon\u00eda la apuesta que el Equipo de Gobierno tiene con el Cuerpo Policial para mejorar los medios de trabajo que permitan ofrecer un mejor servicio a los ciudadanos, y en este caso, con la seguridad e integridad de los agentes frente a actuaciones de auxilio, socorro y seguridad a los ciudadanos. Adem\u00e1s, ratificaba que en el presente a\u00f1o 2021 la plantilla ver\u00e1 incrementar sus plazas en un m\u00ednimo de 3 agentes.<\/p>\n<p style=\"text-align: justify;\">El Subinspector, entraba a detalle de la adquisici\u00f3n de los chalecos, que siendo un total de 5 los adquiridos, han supuesto una inversi\u00f3n de 2.800\u20ac aproximadamente, siendo de alta calidad, lo que otorga seguridad para el ejercicio de sus funciones, ya que adem\u00e1s de evitar la perforaci\u00f3n de munici\u00f3n de armas de fuego, tambi\u00e9n suponen una barrera frente a armas que puncen o corten.<\/p>\n<p style=\"text-align: justify;\">El Alcalde, para cerrar, felicitaba a los Polic\u00edas presentes por el trabajo que d\u00eda a d\u00eda realizan en nuestras calles, as\u00ed como por el nuevo impulso que est\u00e1 teniendo el cuerpo con los caudetanos. Ha enfatizado la confianza que el Equipo de Gobierno tiene sobre la plantilla, y las mejoras que desde hace unos a\u00f1os se est\u00e1n realizando sobre las instalaciones, medios y equipos, as\u00ed como para el incremento de la plantilla. A\u00f1ad\u00eda que estas mejoras, suponen mayor calidad para el servicio hacia la ciudadan\u00eda, y para la seguridad de todo el pueblo.<\/p>\n<p style=\"text-align: justify;\">De hecho, el Alcalde manifestaba que en el presente a\u00f1o 2021 la Comisar\u00eda ver\u00e1 finalizadas sus instalaciones con espacio donde poder atender al ciudadano, la red de videovigilancia se ver\u00e1 ampliada, un nuevo veh\u00edculo de naturaleza el\u00e9ctrica ser\u00e1 adscrito para los servicios de patrullaje y la plantilla ser\u00e1 ampliada en los t\u00e9rminos expresados por la Concejal, donde la plaza de Oficial, vacante en estos momentos, ser\u00e1 tambi\u00e9n objeto a cubrir.<\/p>\n<p><img decoding=\"async\" class=\"size-medium wp-image-13833 aligncenter\" src=\"https:\/\/www.caudete.org\/ayuntamiento\/wp-content\/uploads\/2021\/04\/Policia-Local-web-300x131.jpg\" alt=\"\" width=\"300\" height=\"131\" srcset=\"https:\/\/www.caudete.org\/ayuntamiento\/wp-content\/uploads\/2021\/04\/Policia-Local-web-300x131.jpg 300w, https:\/\/www.caudete.org\/ayuntamiento\/wp-content\/uploads\/2021\/04\/Policia-Local-web-768x336.jpg 768w, https:\/\/www.caudete.org\/ayuntamiento\/wp-content\/uploads\/2021\/04\/Policia-Local-web-411x180.jpg 411w, https:\/\/www.caudete.org\/ayuntamiento\/wp-content\/uploads\/2021\/04\/Policia-Local-web.jpg 864w\" sizes=\"(max-width: 300px) 100vw, 300px\" \/><\/p>\n","protected":false},"excerpt":{"rendered":"<p>Esta ma\u00f1ana la Sala de Prensa del Ayuntamiento acog\u00eda la presentaci\u00f3n de los chalecos antibalas con que cuenta desde hoy la Polic\u00eda Local de Caudete. En la rueda de prensa, han estado presentes el Alcalde, Mois\u00e9s L\u00f3pez, la Concejal de Interior, M\u00aa del Mar Requena y el Subinspector de la Polic\u00eda Daniel Azor\u00edn, junto a &hellip;<\/p>\n","protected":false},"author":3,"featured_media":13987,"comment_status":"closed","ping_status":"open","sticky":false,"template":"","format":"standard","meta":{"ngg_post_thumbnail":0,"footnotes":""},"categories":[34],"tags":[],"class_list":["post-13986","post","type-post","status-publish","format-standard","has-post-thumbnail","hentry","category-interior"],"yoast_head":"<!-- This site is optimized with the Yoast SEO plugin v27.5 - https:\/\/yoast.com\/product\/yoast-seo-wordpress\/ -->\n<title>La Polic\u00eda Local incorpora 5 chalecos antibalas - MI Ayuntamiento de Caudete<\/title>\n<meta name=\"description\" content=\"P\u00e1gina Oficial del Ayuntamiento de Caudete (Albacete)\" \/>\n<meta name=\"robots\" content=\"index, follow, max-snippet:-1, max-image-preview:large, max-video-preview:-1\" \/>\n<link rel=\"canonical\" href=\"https:\/\/www.caudete.org\/ayuntamiento\/la-policia-local-incorpora-5-chalecos-antibala\/\" \/>\n<meta property=\"og:locale\" content=\"es_ES\" \/>\n<meta property=\"og:type\" content=\"article\" \/>\n<meta property=\"og:title\" content=\"La Polic\u00eda Local incorpora 5 chalecos antibalas - MI Ayuntamiento de Caudete\" \/>\n<meta property=\"og:description\" content=\"P\u00e1gina Oficial del Ayuntamiento de Caudete (Albacete)\" \/>\n<meta property=\"og:url\" content=\"https:\/\/www.caudete.org\/ayuntamiento\/la-policia-local-incorpora-5-chalecos-antibala\/\" \/>\n<meta property=\"og:site_name\" content=\"MI Ayuntamiento de Caudete\" \/>\n<meta property=\"article:publisher\" content=\"https:\/\/www.facebook.com\/ayuntamientocaudete\/\" \/>\n<meta property=\"article:published_time\" content=\"2021-04-22T12:19:09+00:00\" \/>\n<meta property=\"article:modified_time\" content=\"2021-04-22T14:15:47+00:00\" \/>\n<meta property=\"og:image\" content=\"https:\/\/www.caudete.org\/ayuntamiento\/wp-content\/uploads\/2021\/04\/WhatsApp-Image-2021-04-22-at-14.00.00.jpeg\" \/>\n\t<meta property=\"og:image:width\" content=\"1600\" \/>\n\t<meta property=\"og:image:height\" content=\"1200\" \/>\n\t<meta property=\"og:image:type\" content=\"image\/jpeg\" \/>\n<meta name=\"author\" content=\"alcalde\" \/>\n<meta name=\"twitter:card\" content=\"summary_large_image\" \/>\n<meta name=\"twitter:label1\" content=\"Escrito por\" \/>\n\t<meta name=\"twitter:data1\" content=\"alcalde\" \/>\n\t<meta name=\"twitter:label2\" content=\"Tiempo de lectura\" \/>\n\t<meta name=\"twitter:data2\" content=\"3 minutos\" \/>\n<script type=\"application\/ld+json\" class=\"yoast-schema-graph\">{\"@context\":\"https:\\\/\\\/schema.org\",\"@graph\":[{\"@type\":\"Article\",\"@id\":\"https:\\\/\\\/www.caudete.org\\\/ayuntamiento\\\/la-policia-local-incorpora-5-chalecos-antibala\\\/#article\",\"isPartOf\":{\"@id\":\"https:\\\/\\\/www.caudete.org\\\/ayuntamiento\\\/la-policia-local-incorpora-5-chalecos-antibala\\\/\"},\"author\":{\"name\":\"alcalde\",\"@id\":\"https:\\\/\\\/www.caudete.org\\\/ayuntamiento\\\/#\\\/schema\\\/person\\\/cc646da9133078ee4d8dd47457947253\"},\"headline\":\"La Polic\u00eda Local incorpora 5 chalecos antibalas\",\"datePublished\":\"2021-04-22T12:19:09+00:00\",\"dateModified\":\"2021-04-22T14:15:47+00:00\",\"mainEntityOfPage\":{\"@id\":\"https:\\\/\\\/www.caudete.org\\\/ayuntamiento\\\/la-policia-local-incorpora-5-chalecos-antibala\\\/\"},\"wordCount\":417,\"publisher\":{\"@id\":\"https:\\\/\\\/www.caudete.org\\\/ayuntamiento\\\/#organization\"},\"image\":{\"@id\":\"https:\\\/\\\/www.caudete.org\\\/ayuntamiento\\\/la-policia-local-incorpora-5-chalecos-antibala\\\/#primaryimage\"},\"thumbnailUrl\":\"https:\\\/\\\/www.caudete.org\\\/ayuntamiento\\\/wp-content\\\/uploads\\\/2021\\\/04\\\/WhatsApp-Image-2021-04-22-at-14.00.00.jpeg\",\"articleSection\":[\"Interior\"],\"inLanguage\":\"es\"},{\"@type\":\"WebPage\",\"@id\":\"https:\\\/\\\/www.caudete.org\\\/ayuntamiento\\\/la-policia-local-incorpora-5-chalecos-antibala\\\/\",\"url\":\"https:\\\/\\\/www.caudete.org\\\/ayuntamiento\\\/la-policia-local-incorpora-5-chalecos-antibala\\\/\",\"name\":\"La Polic\u00eda Local incorpora 5 chalecos antibalas - MI Ayuntamiento de Caudete\",\"isPartOf\":{\"@id\":\"https:\\\/\\\/www.caudete.org\\\/ayuntamiento\\\/#website\"},\"primaryImageOfPage\":{\"@id\":\"https:\\\/\\\/www.caudete.org\\\/ayuntamiento\\\/la-policia-local-incorpora-5-chalecos-antibala\\\/#primaryimage\"},\"image\":{\"@id\":\"https:\\\/\\\/www.caudete.org\\\/ayuntamiento\\\/la-policia-local-incorpora-5-chalecos-antibala\\\/#primaryimage\"},\"thumbnailUrl\":\"https:\\\/\\\/www.caudete.org\\\/ayuntamiento\\\/wp-content\\\/uploads\\\/2021\\\/04\\\/WhatsApp-Image-2021-04-22-at-14.00.00.jpeg\",\"datePublished\":\"2021-04-22T12:19:09+00:00\",\"dateModified\":\"2021-04-22T14:15:47+00:00\",\"description\":\"P\u00e1gina Oficial del Ayuntamiento de Caudete (Albacete)\",\"breadcrumb\":{\"@id\":\"https:\\\/\\\/www.caudete.org\\\/ayuntamiento\\\/la-policia-local-incorpora-5-chalecos-antibala\\\/#breadcrumb\"},\"inLanguage\":\"es\",\"potentialAction\":[{\"@type\":\"ReadAction\",\"target\":[\"https:\\\/\\\/www.caudete.org\\\/ayuntamiento\\\/la-policia-local-incorpora-5-chalecos-antibala\\\/\"]}]},{\"@type\":\"ImageObject\",\"inLanguage\":\"es\",\"@id\":\"https:\\\/\\\/www.caudete.org\\\/ayuntamiento\\\/la-policia-local-incorpora-5-chalecos-antibala\\\/#primaryimage\",\"url\":\"https:\\\/\\\/www.caudete.org\\\/ayuntamiento\\\/wp-content\\\/uploads\\\/2021\\\/04\\\/WhatsApp-Image-2021-04-22-at-14.00.00.jpeg\",\"contentUrl\":\"https:\\\/\\\/www.caudete.org\\\/ayuntamiento\\\/wp-content\\\/uploads\\\/2021\\\/04\\\/WhatsApp-Image-2021-04-22-at-14.00.00.jpeg\",\"width\":1600,\"height\":1200},{\"@type\":\"BreadcrumbList\",\"@id\":\"https:\\\/\\\/www.caudete.org\\\/ayuntamiento\\\/la-policia-local-incorpora-5-chalecos-antibala\\\/#breadcrumb\",\"itemListElement\":[{\"@type\":\"ListItem\",\"position\":1,\"name\":\"Inicio\",\"item\":\"https:\\\/\\\/www.caudete.org\\\/ayuntamiento\\\/\"},{\"@type\":\"ListItem\",\"position\":2,\"name\":\"La Polic\u00eda Local incorpora 5 chalecos antibalas\"}]},{\"@type\":\"WebSite\",\"@id\":\"https:\\\/\\\/www.caudete.org\\\/ayuntamiento\\\/#website\",\"url\":\"https:\\\/\\\/www.caudete.org\\\/ayuntamiento\\\/\",\"name\":\"MI Ayuntamiento de Caudete\",\"description\":\"P\u00e1gina Oficial del MI Ayuntamiento de Caudete\",\"publisher\":{\"@id\":\"https:\\\/\\\/www.caudete.org\\\/ayuntamiento\\\/#organization\"},\"potentialAction\":[{\"@type\":\"SearchAction\",\"target\":{\"@type\":\"EntryPoint\",\"urlTemplate\":\"https:\\\/\\\/www.caudete.org\\\/ayuntamiento\\\/?s={search_term_string}\"},\"query-input\":{\"@type\":\"PropertyValueSpecification\",\"valueRequired\":true,\"valueName\":\"search_term_string\"}}],\"inLanguage\":\"es\"},{\"@type\":\"Organization\",\"@id\":\"https:\\\/\\\/www.caudete.org\\\/ayuntamiento\\\/#organization\",\"name\":\"Ayuntamiento de Caudete\",\"url\":\"https:\\\/\\\/www.caudete.org\\\/ayuntamiento\\\/\",\"logo\":{\"@type\":\"ImageObject\",\"inLanguage\":\"es\",\"@id\":\"https:\\\/\\\/www.caudete.org\\\/ayuntamiento\\\/#\\\/schema\\\/logo\\\/image\\\/\",\"url\":\"https:\\\/\\\/www.caudete.org\\\/ayuntamiento\\\/wp-content\\\/uploads\\\/2020\\\/11\\\/logo_ayuntamiento_caudete.jpg\",\"contentUrl\":\"https:\\\/\\\/www.caudete.org\\\/ayuntamiento\\\/wp-content\\\/uploads\\\/2020\\\/11\\\/logo_ayuntamiento_caudete.jpg\",\"width\":600,\"height\":150,\"caption\":\"Ayuntamiento de Caudete\"},\"image\":{\"@id\":\"https:\\\/\\\/www.caudete.org\\\/ayuntamiento\\\/#\\\/schema\\\/logo\\\/image\\\/\"},\"sameAs\":[\"https:\\\/\\\/www.facebook.com\\\/ayuntamientocaudete\\\/\",\"https:\\\/\\\/www.youtube.com\\\/channel\\\/UC6VztHaooNsGpw-tNoBEFnQ\"]},{\"@type\":\"Person\",\"@id\":\"https:\\\/\\\/www.caudete.org\\\/ayuntamiento\\\/#\\\/schema\\\/person\\\/cc646da9133078ee4d8dd47457947253\",\"name\":\"alcalde\",\"image\":{\"@type\":\"ImageObject\",\"inLanguage\":\"es\",\"@id\":\"https:\\\/\\\/secure.gravatar.com\\\/avatar\\\/84a817ba065b29ff08d666b215a215f5c79186a645ccb25b14a663d48a130f77?s=96&d=mm&r=g\",\"url\":\"https:\\\/\\\/secure.gravatar.com\\\/avatar\\\/84a817ba065b29ff08d666b215a215f5c79186a645ccb25b14a663d48a130f77?s=96&d=mm&r=g\",\"contentUrl\":\"https:\\\/\\\/secure.gravatar.com\\\/avatar\\\/84a817ba065b29ff08d666b215a215f5c79186a645ccb25b14a663d48a130f77?s=96&d=mm&r=g\",\"caption\":\"alcalde\"},\"url\":\"https:\\\/\\\/www.caudete.org\\\/ayuntamiento\\\/author\\\/alcalde\\\/\"}]}<\/script>\n<!-- \/ Yoast SEO plugin. -->","yoast_head_json":{"title":"La Polic\u00eda Local incorpora 5 chalecos antibalas - MI Ayuntamiento de Caudete","description":"P\u00e1gina Oficial del Ayuntamiento de Caudete (Albacete)","robots":{"index":"index","follow":"follow","max-snippet":"max-snippet:-1","max-image-preview":"max-image-preview:large","max-video-preview":"max-video-preview:-1"},"canonical":"https:\/\/www.caudete.org\/ayuntamiento\/la-policia-local-incorpora-5-chalecos-antibala\/","og_locale":"es_ES","og_type":"article","og_title":"La Polic\u00eda Local incorpora 5 chalecos antibalas - MI Ayuntamiento de Caudete","og_description":"P\u00e1gina Oficial del Ayuntamiento de Caudete (Albacete)","og_url":"https:\/\/www.caudete.org\/ayuntamiento\/la-policia-local-incorpora-5-chalecos-antibala\/","og_site_name":"MI Ayuntamiento de Caudete","article_publisher":"https:\/\/www.facebook.com\/ayuntamientocaudete\/","article_published_time":"2021-04-22T12:19:09+00:00","article_modified_time":"2021-04-22T14:15:47+00:00","og_image":[{"width":1600,"height":1200,"url":"https:\/\/www.caudete.org\/ayuntamiento\/wp-content\/uploads\/2021\/04\/WhatsApp-Image-2021-04-22-at-14.00.00.jpeg","type":"image\/jpeg"}],"author":"alcalde","twitter_card":"summary_large_image","twitter_misc":{"Escrito por":"alcalde","Tiempo de lectura":"3 minutos"},"schema":{"@context":"https:\/\/schema.org","@graph":[{"@type":"Article","@id":"https:\/\/www.caudete.org\/ayuntamiento\/la-policia-local-incorpora-5-chalecos-antibala\/#article","isPartOf":{"@id":"https:\/\/www.caudete.org\/ayuntamiento\/la-policia-local-incorpora-5-chalecos-antibala\/"},"author":{"name":"alcalde","@id":"https:\/\/www.caudete.org\/ayuntamiento\/#\/schema\/person\/cc646da9133078ee4d8dd47457947253"},"headline":"La Polic\u00eda Local incorpora 5 chalecos antibalas","datePublished":"2021-04-22T12:19:09+00:00","dateModified":"2021-04-22T14:15:47+00:00","mainEntityOfPage":{"@id":"https:\/\/www.caudete.org\/ayuntamiento\/la-policia-local-incorpora-5-chalecos-antibala\/"},"wordCount":417,"publisher":{"@id":"https:\/\/www.caudete.org\/ayuntamiento\/#organization"},"image":{"@id":"https:\/\/www.caudete.org\/ayuntamiento\/la-policia-local-incorpora-5-chalecos-antibala\/#primaryimage"},"thumbnailUrl":"https:\/\/www.caudete.org\/ayuntamiento\/wp-content\/uploads\/2021\/04\/WhatsApp-Image-2021-04-22-at-14.00.00.jpeg","articleSection":["Interior"],"inLanguage":"es"},{"@type":"WebPage","@id":"https:\/\/www.caudete.org\/ayuntamiento\/la-policia-local-incorpora-5-chalecos-antibala\/","url":"https:\/\/www.caudete.org\/ayuntamiento\/la-policia-local-incorpora-5-chalecos-antibala\/","name":"La Polic\u00eda Local incorpora 5 chalecos antibalas - MI Ayuntamiento de Caudete","isPartOf":{"@id":"https:\/\/www.caudete.org\/ayuntamiento\/#website"},"primaryImageOfPage":{"@id":"https:\/\/www.caudete.org\/ayuntamiento\/la-policia-local-incorpora-5-chalecos-antibala\/#primaryimage"},"image":{"@id":"https:\/\/www.caudete.org\/ayuntamiento\/la-policia-local-incorpora-5-chalecos-antibala\/#primaryimage"},"thumbnailUrl":"https:\/\/www.caudete.org\/ayuntamiento\/wp-content\/uploads\/2021\/04\/WhatsApp-Image-2021-04-22-at-14.00.00.jpeg","datePublished":"2021-04-22T12:19:09+00:00","dateModified":"2021-04-22T14:15:47+00:00","description":"P\u00e1gina Oficial del Ayuntamiento de Caudete (Albacete)","breadcrumb":{"@id":"https:\/\/www.caudete.org\/ayuntamiento\/la-policia-local-incorpora-5-chalecos-antibala\/#breadcrumb"},"inLanguage":"es","potentialAction":[{"@type":"ReadAction","target":["https:\/\/www.caudete.org\/ayuntamiento\/la-policia-local-incorpora-5-chalecos-antibala\/"]}]},{"@type":"ImageObject","inLanguage":"es","@id":"https:\/\/www.caudete.org\/ayuntamiento\/la-policia-local-incorpora-5-chalecos-antibala\/#primaryimage","url":"https:\/\/www.caudete.org\/ayuntamiento\/wp-content\/uploads\/2021\/04\/WhatsApp-Image-2021-04-22-at-14.00.00.jpeg","contentUrl":"https:\/\/www.caudete.org\/ayuntamiento\/wp-content\/uploads\/2021\/04\/WhatsApp-Image-2021-04-22-at-14.00.00.jpeg","width":1600,"height":1200},{"@type":"BreadcrumbList","@id":"https:\/\/www.caudete.org\/ayuntamiento\/la-policia-local-incorpora-5-chalecos-antibala\/#breadcrumb","itemListElement":[{"@type":"ListItem","position":1,"name":"Inicio","item":"https:\/\/www.caudete.org\/ayuntamiento\/"},{"@type":"ListItem","position":2,"name":"La Polic\u00eda Local incorpora 5 chalecos antibalas"}]},{"@type":"WebSite","@id":"https:\/\/www.caudete.org\/ayuntamiento\/#website","url":"https:\/\/www.caudete.org\/ayuntamiento\/","name":"MI Ayuntamiento de Caudete","description":"P\u00e1gina Oficial del MI Ayuntamiento de Caudete","publisher":{"@id":"https:\/\/www.caudete.org\/ayuntamiento\/#organization"},"potentialAction":[{"@type":"SearchAction","target":{"@type":"EntryPoint","urlTemplate":"https:\/\/www.caudete.org\/ayuntamiento\/?s={search_term_string}"},"query-input":{"@type":"PropertyValueSpecification","valueRequired":true,"valueName":"search_term_string"}}],"inLanguage":"es"},{"@type":"Organization","@id":"https:\/\/www.caudete.org\/ayuntamiento\/#organization","name":"Ayuntamiento de Caudete","url":"https:\/\/www.caudete.org\/ayuntamiento\/","logo":{"@type":"ImageObject","inLanguage":"es","@id":"https:\/\/www.caudete.org\/ayuntamiento\/#\/schema\/logo\/image\/","url":"https:\/\/www.caudete.org\/ayuntamiento\/wp-content\/uploads\/2020\/11\/logo_ayuntamiento_caudete.jpg","contentUrl":"https:\/\/www.caudete.org\/ayuntamiento\/wp-content\/uploads\/2020\/11\/logo_ayuntamiento_caudete.jpg","width":600,"height":150,"caption":"Ayuntamiento de Caudete"},"image":{"@id":"https:\/\/www.caudete.org\/ayuntamiento\/#\/schema\/logo\/image\/"},"sameAs":["https:\/\/www.facebook.com\/ayuntamientocaudete\/","https:\/\/www.youtube.com\/channel\/UC6VztHaooNsGpw-tNoBEFnQ"]},{"@type":"Person","@id":"https:\/\/www.caudete.org\/ayuntamiento\/#\/schema\/person\/cc646da9133078ee4d8dd47457947253","name":"alcalde","image":{"@type":"ImageObject","inLanguage":"es","@id":"https:\/\/secure.gravatar.com\/avatar\/84a817ba065b29ff08d666b215a215f5c79186a645ccb25b14a663d48a130f77?s=96&d=mm&r=g","url":"https:\/\/secure.gravatar.com\/avatar\/84a817ba065b29ff08d666b215a215f5c79186a645ccb25b14a663d48a130f77?s=96&d=mm&r=g","contentUrl":"https:\/\/secure.gravatar.com\/avatar\/84a817ba065b29ff08d666b215a215f5c79186a645ccb25b14a663d48a130f77?s=96&d=mm&r=g","caption":"alcalde"},"url":"https:\/\/www.caudete.org\/ayuntamiento\/author\/alcalde\/"}]}},"_links":{"self":[{"href":"https:\/\/www.caudete.org\/ayuntamiento\/wp-json\/wp\/v2\/posts\/13986","targetHints":{"allow":["GET"]}}],"collection":[{"href":"https:\/\/www.caudete.org\/ayuntamiento\/wp-json\/wp\/v2\/posts"}],"about":[{"href":"https:\/\/www.caudete.org\/ayuntamiento\/wp-json\/wp\/v2\/types\/post"}],"author":[{"embeddable":true,"href":"https:\/\/www.caudete.org\/ayuntamiento\/wp-json\/wp\/v2\/users\/3"}],"replies":[{"embeddable":true,"href":"https:\/\/www.caudete.org\/ayuntamiento\/wp-json\/wp\/v2\/comments?post=13986"}],"version-history":[{"count":4,"href":"https:\/\/www.caudete.org\/ayuntamiento\/wp-json\/wp\/v2\/posts\/13986\/revisions"}],"predecessor-version":[{"id":13994,"href":"https:\/\/www.caudete.org\/ayuntamiento\/wp-json\/wp\/v2\/posts\/13986\/revisions\/13994"}],"wp:featuredmedia":[{"embeddable":true,"href":"https:\/\/www.caudete.org\/ayuntamiento\/wp-json\/wp\/v2\/media\/13987"}],"wp:attachment":[{"href":"https:\/\/www.caudete.org\/ayuntamiento\/wp-json\/wp\/v2\/media?parent=13986"}],"wp:term":[{"taxonomy":"category","embeddable":true,"href":"https:\/\/www.caudete.org\/ayuntamiento\/wp-json\/wp\/v2\/categories?post=13986"},{"taxonomy":"post_tag","embeddable":true,"href":"https:\/\/www.caudete.org\/ayuntamiento\/wp-json\/wp\/v2\/tags?post=13986"}],"curies":[{"name":"wp","href":"https:\/\/api.w.org\/{rel}","templated":true}]}}