{"id":14023,"date":"2021-04-26T12:07:16","date_gmt":"2021-04-26T10:07:16","guid":{"rendered":"https:\/\/www.caudete.org\/ayuntamiento\/?p=14023"},"modified":"2021-04-26T12:18:56","modified_gmt":"2021-04-26T10:18:56","slug":"entregados-los-premios-a-los-ganadores-del-del-xxiv-certamen-literario-evaristo-banon-2021","status":"publish","type":"post","link":"https:\/\/www.caudete.org\/ayuntamiento\/entregados-los-premios-a-los-ganadores-del-del-xxiv-certamen-literario-evaristo-banon-2021\/","title":{"rendered":"Entregados los Premios a los ganadores del  XXIV CERTAMEN LITERARIO EVARISTO BA\u00d1\u00d3N 2021"},"content":{"rendered":"<p>La pasada tarde del s\u00e1bado 24 de abril en el Auditorio Municipal de la Casa de Cultura de Caudete, ten\u00eda lugar el acto de entrega de premios del XXIV Certamen Literario Evaristo Ba\u00f1\u00f3n 2021. Este concurso organizado por la Concejal\u00eda de Cultura, a trav\u00e9s de la Biblioteca P\u00fablica Municipal \u201cAna Mar\u00eda Matute\u201d.<\/p>\n<p>Esta gala literaria, estaba dentro de las actividades organizadas para conmemorar el D\u00eda Internacional del Libro. El nombre del Certamen se debe al poeta local Evaristo Ba\u00f1\u00f3n, quien fuera adem\u00e1s concejal de Cultura y promoviera la creaci\u00f3n de la Biblioteca P\u00fablica Municipal. Este a\u00f1o se celebraba la edici\u00f3n n\u00famero veinticuatro, ya que el pasado a\u00f1o se tuvo que posponer.<\/p>\n<p>Todos hemos echado mano durante este \u00faltimo a\u00f1o de la cultura: los libros, los cuentos, la m\u00fasica, el teatro, el cine, las canciones, nos han ayudado a evadirnos de la realidad, han alimentado nuestra cabeza, nuestra alma y nos han servido para viajar y escapar de la realidad. Por eso, este a\u00f1o, planteamos un tema para el concurso &#8220;viajar&#8221;, con las palabras y con la imaginaci\u00f3n, y todos los trabajos premiados nos han hecho recorrer nuevos mundos con las letras y la imaginaci\u00f3n.<\/p>\n<p>Para la entrega de premios, contamos con Mois\u00e9s L\u00f3pez, Alcalde de Caudete, Luis Felipe Ba\u00f1\u00f3n Concejal de Cultura y Alberto Ba\u00f1\u00f3n, hijo de Evaristo Ba\u00f1on.<\/p>\n<p>Posteriormente al acto de entrega de premios, el p\u00fablico asistente, con el aforo limitado por directiva sanitaria del COVID-19, ciento siete personas disfrutaron del espect\u00e1culo \u201c Un ni\u00f1o, un perro, un gato y un pollo\u201d. Se trataba de un cuentacuentos interpretado por Paula Carbonell en el que un ni\u00f1o corre, el gallo Kiriko camina, un perro y un gato juegan mil historias y a veces vuelan\u2026.<\/p>\n<p>&nbsp;<\/p>\n<p><strong>Los galardonados en el XXIV Certamen Literario \u201c Evaristo Ba\u00f1\u00f3n\u201d 2021 han sido:<\/strong><\/p>\n<p>&nbsp;<\/p>\n<p><strong>CATEGOR\u00cdA A: Alumnos\/as de 1\u00ba y 2\u00ba de Primaria con edades comprendidas entre los 6 y 7 a\u00f1os aproximadamente:<\/strong><\/p>\n<p><strong>1\u00ba Premio Narrativa:<\/strong> Viaje al Polo Norte, de Sof\u00eda Pag\u00e1n Requena<\/p>\n<p><strong>2\u00ba Premio Narrativa:<\/strong> Sirenas y princesas, de Celia Agull\u00f3 Franc\u00e9s<\/p>\n<p><strong>Premio Poes\u00eda:<\/strong> Voy de crucero, de Javier L\u00f3pez Zorda<\/p>\n<p><strong>Premio Dibujo:<\/strong> Londres Autob\u00fas rojo, de Javier Gir\u00f3n Gonz\u00e1lez<\/p>\n<p>&nbsp;<\/p>\n<p><strong>CATEGOR\u00cdA B: Alumnos\/as de 3\u00ba y 4\u00ba de Primaria con edades comprendidas entre los 8 y 9 a\u00f1os aproximadamente:<\/strong><\/p>\n<p><strong>1\u00ba Premio Narrativa:<\/strong> Un viaje muy extra\u00f1o, de Luc\u00eda Palm\u00ed Villaescusa.<\/p>\n<p><strong>2\u00ba Premio Narrativa:<\/strong> Un viaje a la primavera, de Allegra Pag\u00e1n Mart\u00ednez.<\/p>\n<p><strong>1\u00ba Premio Poes\u00eda:<\/strong> As\u00ed es el mundo, de Mar\u00eda Cuenca Conejero.<\/p>\n<p>&nbsp;<\/p>\n<p><strong>CATEGOR\u00cdA C: Alumnos\/as de 5\u00ba y 6\u00ba de Primaria con edades comprendidas entre los 10 y 11 a\u00f1os aproximadamente:<\/strong><\/p>\n<p><strong>1\u00ba Premio Narrativa:<\/strong> Berlanga de Pablo Jos\u00e9 D\u00edaz Ar\u00e1nega.<\/p>\n<p><strong>2\u00ba Premio Narrativa<\/strong>: El viaje inesperado, de Isabella Vilar Casta\u00f1o.<\/p>\n<p><strong>Premio Poes\u00eda:<\/strong> Mi viaje deseado , de Blanca Serrano S\u00e1nchez.<\/p>\n<p>&nbsp;<\/p>\n<p><strong>CATEGOR\u00cdA D: Alumnos\/as de 1\u00ba y 2\u00ba de E.S.O. con edades comprendidas entre los 12 y 13 a\u00f1os aproximadamente.<\/strong><\/p>\n<p><strong>1\u00ba Premio Narrativa<\/strong>: El almac\u00e9n, de Macarena S\u00e1nchez Alem\u00e1n.<\/p>\n<p><strong>2\u00ba Premio Narrativa:<\/strong> Un bucle en el tiempo, Claudia Ca\u00f1adas Solera.<\/p>\n<p><strong>Menci\u00f3n Especial:<\/strong> Sue\u00f1o en viajar, de Jos\u00e9 Antonio S\u00e1nchez Mart\u00ednez.<\/p>\n<p>&nbsp;<\/p>\n<p><strong>CATEGOR\u00cdA E: Alumnos\/as de 3\u00ba y 4\u00ba de E.S.O. con edades comprendidas entre los 14 y 15 a\u00f1os aproximadamente:<\/strong><\/p>\n<p><strong>1\u00ba Premio Narrativa:<\/strong> Un viaje para salvar la humanidad, de Barbara Calero Paramonova.<\/p>\n<p><strong>2\u00ba Premio Narrativa:<\/strong> Anhelo de Libertad de Patricia S\u00e1nchez Verd\u00fa.<\/p>\n<p><strong>Premio Poes\u00eda:<\/strong> Mi viaje ser\u00e1 un sue\u00f1o, de Clara Belda Camarasa.<\/p>\n<p>&nbsp;<\/p>\n<p><strong>CATEGOR\u00cdA CLASE: <\/strong><\/p>\n<p><strong>Premio Categor\u00eda Clase:<\/strong> Un viaje reciclando, clase de 4\u00ba B del Colegio P\u00fablico Alc\u00e1zar y Serrano.<\/p>\n<p>&nbsp;<\/p>\n<p><strong>CATEGOR\u00cdA ESPECIAL: A partir de 16 a\u00f1os<\/strong><\/p>\n<p><strong>Premio Categor\u00eda Especial Narrativa:<\/strong> \u201cNuestro pr\u00f3ximo viaje\u201d de Manuel Laespada Vizca\u00edno<\/p>\n<p><strong>Premio Categor\u00eda Especial Poes\u00eda:<\/strong> \u201cAl pa\u00eds de los sue\u00f1os\u201d de Nuria Carri\u00f3n Verd\u00fa<\/p>\n<p>&nbsp;<\/p>\n<p>Estos premios est\u00e1n dotados, con un Primer Premio de Narrativa, diploma y vale de 80 euros en material escolar a canjear en una librer\u00eda local, por parte de la Concejal\u00eda de Cultura; un Segundo Premio de Narrativa, diploma y vale de 45 euros en material escolar a canjear en una librer\u00eda local, gracias a la colaboraci\u00f3n de las Concejal\u00edas de Juventud, y de Educaci\u00f3n, y las cinco locales A.M.P.A.S. del Colegio P\u00fablico El Paseo, Colegio P\u00fablico Gloria Fuertes, Colegio P\u00fablico Alc\u00e1zar y Serrano, Colegio Amor de Dios, e I.E.S. Pintor Rafael Requena; adem\u00e1s de Premio de Poes\u00eda, diploma y vale de 80 euros en material escolar a canjear en una librer\u00eda local; un Premio de Dibujo con diploma y vale de 80 euros en material escolar a canjear en una librer\u00eda local, y por \u00faltimo Diploma y vale de 160 euros en Categor\u00eda Especial y Especial Poes\u00eda.<\/p>\n<p>Organizar este certamen, ha sido muy, pero que muy complicado, dadas todas las restricciones. Desde la Biblioteca hemos trabajado al 100% con los medios disponibles y llevarlo a cabo, as\u00ed agradecemos a toda la comunidad educativa su implicaci\u00f3n y comprensi\u00f3n, para que esta edici\u00f3n tan rara y dif\u00edcil de coordinar, haya llegado a buen puerto.<\/p>\n<p>En breve en nuestras redes sociales se podr\u00e1n ver todas las fotos de los premiados, el v\u00eddeo de la Gala de entrega de los mismos y en breve, en la web municipal www.caudete.es, dentro de la Biblioteca Digital, se podr\u00e1n leer todos los trabajos de esta edici\u00f3n, en la revista digital de este a\u00f1o 2021<\/p>\n<style type=\"text\/css\">\n#foogallery-gallery-14038.fg-justified .fg-item { margin-right: 2px; margin-bottom: 2px; }\n#foogallery-gallery-14038.fg-justified .fg-image { height: 200px; }<\/style>\n\t\t\t<div class=\"foogallery foogallery-container foogallery-justified foogallery-lightbox-none fg-justified fg-ready fg-light fg-shadow-outline fg-loading-default fg-loaded-fade-in fg-caption-always fg-hover-fade fg-hover-zoom2\" id=\"foogallery-gallery-14038\" data-foogallery=\"{&quot;item&quot;:{&quot;showCaptionTitle&quot;:true,&quot;showCaptionDescription&quot;:false},&quot;lazy&quot;:true,&quot;paging&quot;:{&quot;type&quot;:&quot;dots&quot;,&quot;size&quot;:20,&quot;position&quot;:&quot;bottom&quot;,&quot;scrollToTop&quot;:false,&quot;output&quot;:&quot;html&quot;,&quot;theme&quot;:&quot;fg-light&quot;},&quot;template&quot;:{&quot;rowHeight&quot;:200,&quot;maxRowHeight&quot;:250,&quot;margins&quot;:2,&quot;align&quot;:&quot;center&quot;,&quot;lastRow&quot;:&quot;smart&quot;}}\" style=\"--fg-title-line-clamp: 0; --fg-description-line-clamp: 0;\" >\n\t<div class=\"fg-item fg-type-image fg-idle\"><figure class=\"fg-item-inner\"><a href=\"https:\/\/www.caudete.org\/ayuntamiento\/wp-content\/uploads\/2021\/04\/Entrega-Premios-Evaristo-Banon-2021.jpg\" data-attachment-id=\"14034\" data-e-disable-page-transition=\"true\" data-type=\"image\" class=\"fg-thumb\"><span class=\"fg-image-wrap\"><img fetchpriority=\"high\" decoding=\"async\" height=\"250\" width=\"333\" class=\"skip-lazy fg-image\" data-src-fg=\"https:\/\/www.caudete.org\/ayuntamiento\/wp-content\/uploads\/cache\/2021\/04\/Entrega-Premios-Evaristo-Banon-2021\/4162208607.jpg\" src=\"data:image\/svg+xml,%3Csvg%20xmlns%3D%22http%3A%2F%2Fwww.w3.org%2F2000%2Fsvg%22%20width%3D%22333%22%20height%3D%22250%22%20viewBox%3D%220%200%20333%20250%22%3E%3C%2Fsvg%3E\" loading=\"eager\"><\/span><span class=\"fg-image-overlay\"><\/span><\/a><\/figure><div class=\"fg-loader\"><\/div><\/div><div class=\"fg-item fg-type-image fg-idle\"><figure class=\"fg-item-inner\"><a href=\"https:\/\/www.caudete.org\/ayuntamiento\/wp-content\/uploads\/2021\/04\/DSCF5583-scaled.jpg\" data-attachment-id=\"14021\" data-e-disable-page-transition=\"true\" data-type=\"image\" class=\"fg-thumb\"><span class=\"fg-image-wrap\"><img decoding=\"async\" height=\"250\" width=\"444\" class=\"skip-lazy fg-image\" data-src-fg=\"https:\/\/www.caudete.org\/ayuntamiento\/wp-content\/uploads\/cache\/2021\/04\/DSCF5583-scaled\/474352629.jpg\" src=\"data:image\/svg+xml,%3Csvg%20xmlns%3D%22http%3A%2F%2Fwww.w3.org%2F2000%2Fsvg%22%20width%3D%22444%22%20height%3D%22250%22%20viewBox%3D%220%200%20444%20250%22%3E%3C%2Fsvg%3E\" loading=\"eager\"><\/span><span class=\"fg-image-overlay\"><\/span><\/a><\/figure><div class=\"fg-loader\"><\/div><\/div><div class=\"fg-item fg-type-image fg-idle\"><figure class=\"fg-item-inner\"><a href=\"https:\/\/www.caudete.org\/ayuntamiento\/wp-content\/uploads\/2021\/04\/DSCF5611-scaled.jpg\" data-attachment-id=\"14022\" data-e-disable-page-transition=\"true\" data-type=\"image\" class=\"fg-thumb\"><span class=\"fg-image-wrap\"><img decoding=\"async\" height=\"250\" width=\"444\" class=\"skip-lazy fg-image\" data-src-fg=\"https:\/\/www.caudete.org\/ayuntamiento\/wp-content\/uploads\/cache\/2021\/04\/DSCF5611-scaled\/282723089.jpg\" src=\"data:image\/svg+xml,%3Csvg%20xmlns%3D%22http%3A%2F%2Fwww.w3.org%2F2000%2Fsvg%22%20width%3D%22444%22%20height%3D%22250%22%20viewBox%3D%220%200%20444%20250%22%3E%3C%2Fsvg%3E\" loading=\"eager\"><\/span><span class=\"fg-image-overlay\"><\/span><\/a><\/figure><div class=\"fg-loader\"><\/div><\/div><div class=\"fg-item fg-type-image fg-idle\"><figure class=\"fg-item-inner\"><a href=\"https:\/\/www.caudete.org\/ayuntamiento\/wp-content\/uploads\/2021\/04\/DSCF5638-scaled.jpg\" data-attachment-id=\"14026\" data-e-disable-page-transition=\"true\" data-type=\"image\" class=\"fg-thumb\"><span class=\"fg-image-wrap\"><img decoding=\"async\" height=\"250\" width=\"444\" class=\"skip-lazy fg-image\" data-src-fg=\"https:\/\/www.caudete.org\/ayuntamiento\/wp-content\/uploads\/cache\/2021\/04\/DSCF5638-scaled\/2276286089.jpg\" src=\"data:image\/svg+xml,%3Csvg%20xmlns%3D%22http%3A%2F%2Fwww.w3.org%2F2000%2Fsvg%22%20width%3D%22444%22%20height%3D%22250%22%20viewBox%3D%220%200%20444%20250%22%3E%3C%2Fsvg%3E\" loading=\"eager\"><\/span><span class=\"fg-image-overlay\"><\/span><\/a><\/figure><div class=\"fg-loader\"><\/div><\/div><div class=\"fg-item fg-type-image fg-idle\"><figure class=\"fg-item-inner\"><a href=\"https:\/\/www.caudete.org\/ayuntamiento\/wp-content\/uploads\/2021\/04\/DSCF5654-scaled.jpg\" data-attachment-id=\"14027\" data-e-disable-page-transition=\"true\" data-type=\"image\" class=\"fg-thumb\"><span class=\"fg-image-wrap\"><img decoding=\"async\" height=\"250\" width=\"444\" class=\"skip-lazy fg-image\" data-src-fg=\"https:\/\/www.caudete.org\/ayuntamiento\/wp-content\/uploads\/cache\/2021\/04\/DSCF5654-scaled\/2288043372.jpg\" src=\"data:image\/svg+xml,%3Csvg%20xmlns%3D%22http%3A%2F%2Fwww.w3.org%2F2000%2Fsvg%22%20width%3D%22444%22%20height%3D%22250%22%20viewBox%3D%220%200%20444%20250%22%3E%3C%2Fsvg%3E\" loading=\"eager\"><\/span><span class=\"fg-image-overlay\"><\/span><\/a><\/figure><div class=\"fg-loader\"><\/div><\/div><div class=\"fg-item fg-type-image fg-idle\"><figure class=\"fg-item-inner\"><a href=\"https:\/\/www.caudete.org\/ayuntamiento\/wp-content\/uploads\/2021\/04\/DSCF5669-scaled.jpg\" data-attachment-id=\"14028\" data-e-disable-page-transition=\"true\" data-type=\"image\" class=\"fg-thumb\"><span class=\"fg-image-wrap\"><img decoding=\"async\" height=\"250\" width=\"444\" class=\"skip-lazy fg-image\" data-src-fg=\"https:\/\/www.caudete.org\/ayuntamiento\/wp-content\/uploads\/cache\/2021\/04\/DSCF5669-scaled\/3702677249.jpg\" src=\"data:image\/svg+xml,%3Csvg%20xmlns%3D%22http%3A%2F%2Fwww.w3.org%2F2000%2Fsvg%22%20width%3D%22444%22%20height%3D%22250%22%20viewBox%3D%220%200%20444%20250%22%3E%3C%2Fsvg%3E\" loading=\"eager\"><\/span><span class=\"fg-image-overlay\"><\/span><\/a><\/figure><div class=\"fg-loader\"><\/div><\/div><div class=\"fg-item fg-type-image fg-idle\"><figure class=\"fg-item-inner\"><a href=\"https:\/\/www.caudete.org\/ayuntamiento\/wp-content\/uploads\/2021\/04\/DSCF5691-scaled.jpg\" data-attachment-id=\"14029\" data-e-disable-page-transition=\"true\" data-type=\"image\" class=\"fg-thumb\"><span class=\"fg-image-wrap\"><img decoding=\"async\" height=\"250\" width=\"444\" class=\"skip-lazy fg-image\" data-src-fg=\"https:\/\/www.caudete.org\/ayuntamiento\/wp-content\/uploads\/cache\/2021\/04\/DSCF5691-scaled\/2222501721.jpg\" src=\"data:image\/svg+xml,%3Csvg%20xmlns%3D%22http%3A%2F%2Fwww.w3.org%2F2000%2Fsvg%22%20width%3D%22444%22%20height%3D%22250%22%20viewBox%3D%220%200%20444%20250%22%3E%3C%2Fsvg%3E\" loading=\"eager\"><\/span><span class=\"fg-image-overlay\"><\/span><\/a><\/figure><div class=\"fg-loader\"><\/div><\/div><div class=\"fg-item fg-type-image fg-idle\"><figure class=\"fg-item-inner\"><a href=\"https:\/\/www.caudete.org\/ayuntamiento\/wp-content\/uploads\/2021\/04\/DSCF5707-scaled.jpg\" data-attachment-id=\"14030\" data-e-disable-page-transition=\"true\" data-type=\"image\" class=\"fg-thumb\"><span class=\"fg-image-wrap\"><img decoding=\"async\" height=\"250\" width=\"444\" class=\"skip-lazy fg-image\" data-src-fg=\"https:\/\/www.caudete.org\/ayuntamiento\/wp-content\/uploads\/cache\/2021\/04\/DSCF5707-scaled\/4173694295.jpg\" src=\"data:image\/svg+xml,%3Csvg%20xmlns%3D%22http%3A%2F%2Fwww.w3.org%2F2000%2Fsvg%22%20width%3D%22444%22%20height%3D%22250%22%20viewBox%3D%220%200%20444%20250%22%3E%3C%2Fsvg%3E\" loading=\"eager\"><\/span><span class=\"fg-image-overlay\"><\/span><\/a><\/figure><div class=\"fg-loader\"><\/div><\/div><div class=\"fg-item fg-type-image fg-idle\"><figure class=\"fg-item-inner\"><a href=\"https:\/\/www.caudete.org\/ayuntamiento\/wp-content\/uploads\/2021\/04\/DSCF5723-scaled.jpg\" data-attachment-id=\"14031\" data-e-disable-page-transition=\"true\" data-type=\"image\" class=\"fg-thumb\"><span class=\"fg-image-wrap\"><img decoding=\"async\" height=\"250\" width=\"444\" class=\"skip-lazy fg-image\" data-src-fg=\"https:\/\/www.caudete.org\/ayuntamiento\/wp-content\/uploads\/cache\/2021\/04\/DSCF5723-scaled\/3970997938.jpg\" src=\"data:image\/svg+xml,%3Csvg%20xmlns%3D%22http%3A%2F%2Fwww.w3.org%2F2000%2Fsvg%22%20width%3D%22444%22%20height%3D%22250%22%20viewBox%3D%220%200%20444%20250%22%3E%3C%2Fsvg%3E\" loading=\"eager\"><\/span><span class=\"fg-image-overlay\"><\/span><\/a><\/figure><div class=\"fg-loader\"><\/div><\/div><div class=\"fg-item fg-type-image fg-idle\"><figure class=\"fg-item-inner\"><a href=\"https:\/\/www.caudete.org\/ayuntamiento\/wp-content\/uploads\/2021\/04\/IMG_20210424_195256-scaled.jpg\" data-attachment-id=\"14033\" data-e-disable-page-transition=\"true\" data-type=\"image\" class=\"fg-thumb\"><span class=\"fg-image-wrap\"><img decoding=\"async\" height=\"250\" width=\"333\" class=\"skip-lazy fg-image\" data-src-fg=\"https:\/\/www.caudete.org\/ayuntamiento\/wp-content\/uploads\/cache\/2021\/04\/IMG_20210424_195256-scaled\/107794983.jpg\" src=\"data:image\/svg+xml,%3Csvg%20xmlns%3D%22http%3A%2F%2Fwww.w3.org%2F2000%2Fsvg%22%20width%3D%22333%22%20height%3D%22250%22%20viewBox%3D%220%200%20333%20250%22%3E%3C%2Fsvg%3E\" loading=\"eager\"><\/span><span class=\"fg-image-overlay\"><\/span><\/a><\/figure><div class=\"fg-loader\"><\/div><\/div><div class=\"fg-item fg-type-image fg-idle\"><figure class=\"fg-item-inner\"><a href=\"https:\/\/www.caudete.org\/ayuntamiento\/wp-content\/uploads\/2021\/04\/DSCF5738-scaled.jpg\" data-attachment-id=\"14032\" data-e-disable-page-transition=\"true\" data-type=\"image\" class=\"fg-thumb\"><span class=\"fg-image-wrap\"><img decoding=\"async\" height=\"250\" width=\"444\" class=\"skip-lazy fg-image\" data-src-fg=\"https:\/\/www.caudete.org\/ayuntamiento\/wp-content\/uploads\/cache\/2021\/04\/DSCF5738-scaled\/3067561458.jpg\" src=\"data:image\/svg+xml,%3Csvg%20xmlns%3D%22http%3A%2F%2Fwww.w3.org%2F2000%2Fsvg%22%20width%3D%22444%22%20height%3D%22250%22%20viewBox%3D%220%200%20444%20250%22%3E%3C%2Fsvg%3E\" loading=\"eager\"><\/span><span class=\"fg-image-overlay\"><\/span><\/a><\/figure><div class=\"fg-loader\"><\/div><\/div><\/div>\n\n<p>&nbsp;<\/p>\n<p>&nbsp;<\/p>\n<p>&nbsp;<\/p>\n<p>&nbsp;<\/p>\n","protected":false},"excerpt":{"rendered":"<p>La pasada tarde del s\u00e1bado 24 de abril en el Auditorio Municipal de la Casa de Cultura de Caudete, ten\u00eda lugar el acto de entrega de premios del XXIV Certamen Literario Evaristo Ba\u00f1\u00f3n 2021. Este concurso organizado por la Concejal\u00eda de Cultura, a trav\u00e9s de la Biblioteca P\u00fablica Municipal \u201cAna Mar\u00eda Matute\u201d. Esta gala literaria, &hellip;<\/p>\n","protected":false},"author":2,"featured_media":14035,"comment_status":"closed","ping_status":"open","sticky":false,"template":"","format":"standard","meta":{"ngg_post_thumbnail":0,"footnotes":""},"categories":[14],"tags":[538,610,611],"class_list":["post-14023","post","type-post","status-publish","format-standard","has-post-thumbnail","hentry","category-cultura","tag-certamen-literario-evaristo-banon","tag-dia-internacional-del-libro","tag-entrega-de-premios"],"yoast_head":"<!-- This site is optimized with the Yoast SEO plugin v27.5 - https:\/\/yoast.com\/product\/yoast-seo-wordpress\/ -->\n<title>Entregados los Premios a los ganadores del XXIV CERTAMEN LITERARIO EVARISTO BA\u00d1\u00d3N 2021 - MI Ayuntamiento de Caudete<\/title>\n<meta name=\"description\" content=\"P\u00e1gina Oficial del Ayuntamiento de Caudete (Albacete)\" \/>\n<meta name=\"robots\" content=\"index, follow, max-snippet:-1, max-image-preview:large, max-video-preview:-1\" \/>\n<link rel=\"canonical\" href=\"https:\/\/www.caudete.org\/ayuntamiento\/entregados-los-premios-a-los-ganadores-del-del-xxiv-certamen-literario-evaristo-banon-2021\/\" \/>\n<meta property=\"og:locale\" content=\"es_ES\" \/>\n<meta property=\"og:type\" content=\"article\" \/>\n<meta property=\"og:title\" content=\"Entregados los Premios a los ganadores del XXIV CERTAMEN LITERARIO EVARISTO BA\u00d1\u00d3N 2021 - MI Ayuntamiento de Caudete\" \/>\n<meta property=\"og:description\" content=\"P\u00e1gina Oficial del Ayuntamiento de Caudete (Albacete)\" \/>\n<meta property=\"og:url\" content=\"https:\/\/www.caudete.org\/ayuntamiento\/entregados-los-premios-a-los-ganadores-del-del-xxiv-certamen-literario-evaristo-banon-2021\/\" \/>\n<meta property=\"og:site_name\" content=\"MI Ayuntamiento de Caudete\" \/>\n<meta property=\"article:publisher\" content=\"https:\/\/www.facebook.com\/ayuntamientocaudete\/\" \/>\n<meta property=\"article:published_time\" content=\"2021-04-26T10:07:16+00:00\" \/>\n<meta property=\"article:modified_time\" content=\"2021-04-26T10:18:56+00:00\" \/>\n<meta property=\"og:image\" content=\"https:\/\/www.caudete.org\/ayuntamiento\/wp-content\/uploads\/2021\/04\/Premios-Evaristo-Banon-2021-WEB.jpg\" \/>\n\t<meta property=\"og:image:width\" content=\"864\" \/>\n\t<meta property=\"og:image:height\" content=\"380\" \/>\n\t<meta property=\"og:image:type\" content=\"image\/jpeg\" \/>\n<meta name=\"author\" content=\"Juan\" \/>\n<meta name=\"twitter:card\" content=\"summary_large_image\" \/>\n<meta name=\"twitter:label1\" content=\"Escrito por\" \/>\n\t<meta name=\"twitter:data1\" content=\"Juan\" \/>\n\t<meta name=\"twitter:label2\" content=\"Tiempo de lectura\" \/>\n\t<meta name=\"twitter:data2\" content=\"4 minutos\" \/>\n<script type=\"application\/ld+json\" class=\"yoast-schema-graph\">{\"@context\":\"https:\\\/\\\/schema.org\",\"@graph\":[{\"@type\":\"Article\",\"@id\":\"https:\\\/\\\/www.caudete.org\\\/ayuntamiento\\\/entregados-los-premios-a-los-ganadores-del-del-xxiv-certamen-literario-evaristo-banon-2021\\\/#article\",\"isPartOf\":{\"@id\":\"https:\\\/\\\/www.caudete.org\\\/ayuntamiento\\\/entregados-los-premios-a-los-ganadores-del-del-xxiv-certamen-literario-evaristo-banon-2021\\\/\"},\"author\":{\"name\":\"Juan\",\"@id\":\"https:\\\/\\\/www.caudete.org\\\/ayuntamiento\\\/#\\\/schema\\\/person\\\/7656a5bb58fca95b9814e940de0fda63\"},\"headline\":\"Entregados los Premios a los ganadores del XXIV CERTAMEN LITERARIO EVARISTO BA\u00d1\u00d3N 2021\",\"datePublished\":\"2021-04-26T10:07:16+00:00\",\"dateModified\":\"2021-04-26T10:18:56+00:00\",\"mainEntityOfPage\":{\"@id\":\"https:\\\/\\\/www.caudete.org\\\/ayuntamiento\\\/entregados-los-premios-a-los-ganadores-del-del-xxiv-certamen-literario-evaristo-banon-2021\\\/\"},\"wordCount\":975,\"publisher\":{\"@id\":\"https:\\\/\\\/www.caudete.org\\\/ayuntamiento\\\/#organization\"},\"image\":{\"@id\":\"https:\\\/\\\/www.caudete.org\\\/ayuntamiento\\\/entregados-los-premios-a-los-ganadores-del-del-xxiv-certamen-literario-evaristo-banon-2021\\\/#primaryimage\"},\"thumbnailUrl\":\"https:\\\/\\\/www.caudete.org\\\/ayuntamiento\\\/wp-content\\\/uploads\\\/2021\\\/04\\\/Premios-Evaristo-Banon-2021-WEB.jpg\",\"keywords\":[\"Certamen Literario \\\"Evaristo Ba\u00f1\u00f3n\\\"\",\"D\u00eda Internacional del Libro\",\"Entrega de Premios\"],\"articleSection\":[\"Cultura\"],\"inLanguage\":\"es\"},{\"@type\":\"WebPage\",\"@id\":\"https:\\\/\\\/www.caudete.org\\\/ayuntamiento\\\/entregados-los-premios-a-los-ganadores-del-del-xxiv-certamen-literario-evaristo-banon-2021\\\/\",\"url\":\"https:\\\/\\\/www.caudete.org\\\/ayuntamiento\\\/entregados-los-premios-a-los-ganadores-del-del-xxiv-certamen-literario-evaristo-banon-2021\\\/\",\"name\":\"Entregados los Premios a los ganadores del XXIV CERTAMEN LITERARIO EVARISTO BA\u00d1\u00d3N 2021 - MI Ayuntamiento de Caudete\",\"isPartOf\":{\"@id\":\"https:\\\/\\\/www.caudete.org\\\/ayuntamiento\\\/#website\"},\"primaryImageOfPage\":{\"@id\":\"https:\\\/\\\/www.caudete.org\\\/ayuntamiento\\\/entregados-los-premios-a-los-ganadores-del-del-xxiv-certamen-literario-evaristo-banon-2021\\\/#primaryimage\"},\"image\":{\"@id\":\"https:\\\/\\\/www.caudete.org\\\/ayuntamiento\\\/entregados-los-premios-a-los-ganadores-del-del-xxiv-certamen-literario-evaristo-banon-2021\\\/#primaryimage\"},\"thumbnailUrl\":\"https:\\\/\\\/www.caudete.org\\\/ayuntamiento\\\/wp-content\\\/uploads\\\/2021\\\/04\\\/Premios-Evaristo-Banon-2021-WEB.jpg\",\"datePublished\":\"2021-04-26T10:07:16+00:00\",\"dateModified\":\"2021-04-26T10:18:56+00:00\",\"description\":\"P\u00e1gina Oficial del Ayuntamiento de Caudete (Albacete)\",\"breadcrumb\":{\"@id\":\"https:\\\/\\\/www.caudete.org\\\/ayuntamiento\\\/entregados-los-premios-a-los-ganadores-del-del-xxiv-certamen-literario-evaristo-banon-2021\\\/#breadcrumb\"},\"inLanguage\":\"es\",\"potentialAction\":[{\"@type\":\"ReadAction\",\"target\":[\"https:\\\/\\\/www.caudete.org\\\/ayuntamiento\\\/entregados-los-premios-a-los-ganadores-del-del-xxiv-certamen-literario-evaristo-banon-2021\\\/\"]}]},{\"@type\":\"ImageObject\",\"inLanguage\":\"es\",\"@id\":\"https:\\\/\\\/www.caudete.org\\\/ayuntamiento\\\/entregados-los-premios-a-los-ganadores-del-del-xxiv-certamen-literario-evaristo-banon-2021\\\/#primaryimage\",\"url\":\"https:\\\/\\\/www.caudete.org\\\/ayuntamiento\\\/wp-content\\\/uploads\\\/2021\\\/04\\\/Premios-Evaristo-Banon-2021-WEB.jpg\",\"contentUrl\":\"https:\\\/\\\/www.caudete.org\\\/ayuntamiento\\\/wp-content\\\/uploads\\\/2021\\\/04\\\/Premios-Evaristo-Banon-2021-WEB.jpg\",\"width\":864,\"height\":380},{\"@type\":\"BreadcrumbList\",\"@id\":\"https:\\\/\\\/www.caudete.org\\\/ayuntamiento\\\/entregados-los-premios-a-los-ganadores-del-del-xxiv-certamen-literario-evaristo-banon-2021\\\/#breadcrumb\",\"itemListElement\":[{\"@type\":\"ListItem\",\"position\":1,\"name\":\"Inicio\",\"item\":\"https:\\\/\\\/www.caudete.org\\\/ayuntamiento\\\/\"},{\"@type\":\"ListItem\",\"position\":2,\"name\":\"Entregados los Premios a los ganadores del XXIV CERTAMEN LITERARIO EVARISTO BA\u00d1\u00d3N 2021\"}]},{\"@type\":\"WebSite\",\"@id\":\"https:\\\/\\\/www.caudete.org\\\/ayuntamiento\\\/#website\",\"url\":\"https:\\\/\\\/www.caudete.org\\\/ayuntamiento\\\/\",\"name\":\"MI Ayuntamiento de Caudete\",\"description\":\"P\u00e1gina Oficial del MI Ayuntamiento de Caudete\",\"publisher\":{\"@id\":\"https:\\\/\\\/www.caudete.org\\\/ayuntamiento\\\/#organization\"},\"potentialAction\":[{\"@type\":\"SearchAction\",\"target\":{\"@type\":\"EntryPoint\",\"urlTemplate\":\"https:\\\/\\\/www.caudete.org\\\/ayuntamiento\\\/?s={search_term_string}\"},\"query-input\":{\"@type\":\"PropertyValueSpecification\",\"valueRequired\":true,\"valueName\":\"search_term_string\"}}],\"inLanguage\":\"es\"},{\"@type\":\"Organization\",\"@id\":\"https:\\\/\\\/www.caudete.org\\\/ayuntamiento\\\/#organization\",\"name\":\"Ayuntamiento de Caudete\",\"url\":\"https:\\\/\\\/www.caudete.org\\\/ayuntamiento\\\/\",\"logo\":{\"@type\":\"ImageObject\",\"inLanguage\":\"es\",\"@id\":\"https:\\\/\\\/www.caudete.org\\\/ayuntamiento\\\/#\\\/schema\\\/logo\\\/image\\\/\",\"url\":\"https:\\\/\\\/www.caudete.org\\\/ayuntamiento\\\/wp-content\\\/uploads\\\/2020\\\/11\\\/logo_ayuntamiento_caudete.jpg\",\"contentUrl\":\"https:\\\/\\\/www.caudete.org\\\/ayuntamiento\\\/wp-content\\\/uploads\\\/2020\\\/11\\\/logo_ayuntamiento_caudete.jpg\",\"width\":600,\"height\":150,\"caption\":\"Ayuntamiento de Caudete\"},\"image\":{\"@id\":\"https:\\\/\\\/www.caudete.org\\\/ayuntamiento\\\/#\\\/schema\\\/logo\\\/image\\\/\"},\"sameAs\":[\"https:\\\/\\\/www.facebook.com\\\/ayuntamientocaudete\\\/\",\"https:\\\/\\\/www.youtube.com\\\/channel\\\/UC6VztHaooNsGpw-tNoBEFnQ\"]},{\"@type\":\"Person\",\"@id\":\"https:\\\/\\\/www.caudete.org\\\/ayuntamiento\\\/#\\\/schema\\\/person\\\/7656a5bb58fca95b9814e940de0fda63\",\"name\":\"Juan\",\"image\":{\"@type\":\"ImageObject\",\"inLanguage\":\"es\",\"@id\":\"https:\\\/\\\/secure.gravatar.com\\\/avatar\\\/dd53e51c0cd6ab23f52d4f3e4f1c59730240727763de3dbbf26750b079a2c292?s=96&d=mm&r=g\",\"url\":\"https:\\\/\\\/secure.gravatar.com\\\/avatar\\\/dd53e51c0cd6ab23f52d4f3e4f1c59730240727763de3dbbf26750b079a2c292?s=96&d=mm&r=g\",\"contentUrl\":\"https:\\\/\\\/secure.gravatar.com\\\/avatar\\\/dd53e51c0cd6ab23f52d4f3e4f1c59730240727763de3dbbf26750b079a2c292?s=96&d=mm&r=g\",\"caption\":\"Juan\"},\"url\":\"https:\\\/\\\/www.caudete.org\\\/ayuntamiento\\\/author\\\/centrodeinternet\\\/\"}]}<\/script>\n<!-- \/ Yoast SEO plugin. -->","yoast_head_json":{"title":"Entregados los Premios a los ganadores del XXIV CERTAMEN LITERARIO EVARISTO BA\u00d1\u00d3N 2021 - MI Ayuntamiento de Caudete","description":"P\u00e1gina Oficial del Ayuntamiento de Caudete (Albacete)","robots":{"index":"index","follow":"follow","max-snippet":"max-snippet:-1","max-image-preview":"max-image-preview:large","max-video-preview":"max-video-preview:-1"},"canonical":"https:\/\/www.caudete.org\/ayuntamiento\/entregados-los-premios-a-los-ganadores-del-del-xxiv-certamen-literario-evaristo-banon-2021\/","og_locale":"es_ES","og_type":"article","og_title":"Entregados los Premios a los ganadores del XXIV CERTAMEN LITERARIO EVARISTO BA\u00d1\u00d3N 2021 - MI Ayuntamiento de Caudete","og_description":"P\u00e1gina Oficial del Ayuntamiento de Caudete (Albacete)","og_url":"https:\/\/www.caudete.org\/ayuntamiento\/entregados-los-premios-a-los-ganadores-del-del-xxiv-certamen-literario-evaristo-banon-2021\/","og_site_name":"MI Ayuntamiento de Caudete","article_publisher":"https:\/\/www.facebook.com\/ayuntamientocaudete\/","article_published_time":"2021-04-26T10:07:16+00:00","article_modified_time":"2021-04-26T10:18:56+00:00","og_image":[{"width":864,"height":380,"url":"https:\/\/www.caudete.org\/ayuntamiento\/wp-content\/uploads\/2021\/04\/Premios-Evaristo-Banon-2021-WEB.jpg","type":"image\/jpeg"}],"author":"Juan","twitter_card":"summary_large_image","twitter_misc":{"Escrito por":"Juan","Tiempo de lectura":"4 minutos"},"schema":{"@context":"https:\/\/schema.org","@graph":[{"@type":"Article","@id":"https:\/\/www.caudete.org\/ayuntamiento\/entregados-los-premios-a-los-ganadores-del-del-xxiv-certamen-literario-evaristo-banon-2021\/#article","isPartOf":{"@id":"https:\/\/www.caudete.org\/ayuntamiento\/entregados-los-premios-a-los-ganadores-del-del-xxiv-certamen-literario-evaristo-banon-2021\/"},"author":{"name":"Juan","@id":"https:\/\/www.caudete.org\/ayuntamiento\/#\/schema\/person\/7656a5bb58fca95b9814e940de0fda63"},"headline":"Entregados los Premios a los ganadores del XXIV CERTAMEN LITERARIO EVARISTO BA\u00d1\u00d3N 2021","datePublished":"2021-04-26T10:07:16+00:00","dateModified":"2021-04-26T10:18:56+00:00","mainEntityOfPage":{"@id":"https:\/\/www.caudete.org\/ayuntamiento\/entregados-los-premios-a-los-ganadores-del-del-xxiv-certamen-literario-evaristo-banon-2021\/"},"wordCount":975,"publisher":{"@id":"https:\/\/www.caudete.org\/ayuntamiento\/#organization"},"image":{"@id":"https:\/\/www.caudete.org\/ayuntamiento\/entregados-los-premios-a-los-ganadores-del-del-xxiv-certamen-literario-evaristo-banon-2021\/#primaryimage"},"thumbnailUrl":"https:\/\/www.caudete.org\/ayuntamiento\/wp-content\/uploads\/2021\/04\/Premios-Evaristo-Banon-2021-WEB.jpg","keywords":["Certamen Literario \"Evaristo Ba\u00f1\u00f3n\"","D\u00eda Internacional del Libro","Entrega de Premios"],"articleSection":["Cultura"],"inLanguage":"es"},{"@type":"WebPage","@id":"https:\/\/www.caudete.org\/ayuntamiento\/entregados-los-premios-a-los-ganadores-del-del-xxiv-certamen-literario-evaristo-banon-2021\/","url":"https:\/\/www.caudete.org\/ayuntamiento\/entregados-los-premios-a-los-ganadores-del-del-xxiv-certamen-literario-evaristo-banon-2021\/","name":"Entregados los Premios a los ganadores del XXIV CERTAMEN LITERARIO EVARISTO BA\u00d1\u00d3N 2021 - MI Ayuntamiento de Caudete","isPartOf":{"@id":"https:\/\/www.caudete.org\/ayuntamiento\/#website"},"primaryImageOfPage":{"@id":"https:\/\/www.caudete.org\/ayuntamiento\/entregados-los-premios-a-los-ganadores-del-del-xxiv-certamen-literario-evaristo-banon-2021\/#primaryimage"},"image":{"@id":"https:\/\/www.caudete.org\/ayuntamiento\/entregados-los-premios-a-los-ganadores-del-del-xxiv-certamen-literario-evaristo-banon-2021\/#primaryimage"},"thumbnailUrl":"https:\/\/www.caudete.org\/ayuntamiento\/wp-content\/uploads\/2021\/04\/Premios-Evaristo-Banon-2021-WEB.jpg","datePublished":"2021-04-26T10:07:16+00:00","dateModified":"2021-04-26T10:18:56+00:00","description":"P\u00e1gina Oficial del Ayuntamiento de Caudete (Albacete)","breadcrumb":{"@id":"https:\/\/www.caudete.org\/ayuntamiento\/entregados-los-premios-a-los-ganadores-del-del-xxiv-certamen-literario-evaristo-banon-2021\/#breadcrumb"},"inLanguage":"es","potentialAction":[{"@type":"ReadAction","target":["https:\/\/www.caudete.org\/ayuntamiento\/entregados-los-premios-a-los-ganadores-del-del-xxiv-certamen-literario-evaristo-banon-2021\/"]}]},{"@type":"ImageObject","inLanguage":"es","@id":"https:\/\/www.caudete.org\/ayuntamiento\/entregados-los-premios-a-los-ganadores-del-del-xxiv-certamen-literario-evaristo-banon-2021\/#primaryimage","url":"https:\/\/www.caudete.org\/ayuntamiento\/wp-content\/uploads\/2021\/04\/Premios-Evaristo-Banon-2021-WEB.jpg","contentUrl":"https:\/\/www.caudete.org\/ayuntamiento\/wp-content\/uploads\/2021\/04\/Premios-Evaristo-Banon-2021-WEB.jpg","width":864,"height":380},{"@type":"BreadcrumbList","@id":"https:\/\/www.caudete.org\/ayuntamiento\/entregados-los-premios-a-los-ganadores-del-del-xxiv-certamen-literario-evaristo-banon-2021\/#breadcrumb","itemListElement":[{"@type":"ListItem","position":1,"name":"Inicio","item":"https:\/\/www.caudete.org\/ayuntamiento\/"},{"@type":"ListItem","position":2,"name":"Entregados los Premios a los ganadores del XXIV CERTAMEN LITERARIO EVARISTO BA\u00d1\u00d3N 2021"}]},{"@type":"WebSite","@id":"https:\/\/www.caudete.org\/ayuntamiento\/#website","url":"https:\/\/www.caudete.org\/ayuntamiento\/","name":"MI Ayuntamiento de Caudete","description":"P\u00e1gina Oficial del MI Ayuntamiento de Caudete","publisher":{"@id":"https:\/\/www.caudete.org\/ayuntamiento\/#organization"},"potentialAction":[{"@type":"SearchAction","target":{"@type":"EntryPoint","urlTemplate":"https:\/\/www.caudete.org\/ayuntamiento\/?s={search_term_string}"},"query-input":{"@type":"PropertyValueSpecification","valueRequired":true,"valueName":"search_term_string"}}],"inLanguage":"es"},{"@type":"Organization","@id":"https:\/\/www.caudete.org\/ayuntamiento\/#organization","name":"Ayuntamiento de Caudete","url":"https:\/\/www.caudete.org\/ayuntamiento\/","logo":{"@type":"ImageObject","inLanguage":"es","@id":"https:\/\/www.caudete.org\/ayuntamiento\/#\/schema\/logo\/image\/","url":"https:\/\/www.caudete.org\/ayuntamiento\/wp-content\/uploads\/2020\/11\/logo_ayuntamiento_caudete.jpg","contentUrl":"https:\/\/www.caudete.org\/ayuntamiento\/wp-content\/uploads\/2020\/11\/logo_ayuntamiento_caudete.jpg","width":600,"height":150,"caption":"Ayuntamiento de Caudete"},"image":{"@id":"https:\/\/www.caudete.org\/ayuntamiento\/#\/schema\/logo\/image\/"},"sameAs":["https:\/\/www.facebook.com\/ayuntamientocaudete\/","https:\/\/www.youtube.com\/channel\/UC6VztHaooNsGpw-tNoBEFnQ"]},{"@type":"Person","@id":"https:\/\/www.caudete.org\/ayuntamiento\/#\/schema\/person\/7656a5bb58fca95b9814e940de0fda63","name":"Juan","image":{"@type":"ImageObject","inLanguage":"es","@id":"https:\/\/secure.gravatar.com\/avatar\/dd53e51c0cd6ab23f52d4f3e4f1c59730240727763de3dbbf26750b079a2c292?s=96&d=mm&r=g","url":"https:\/\/secure.gravatar.com\/avatar\/dd53e51c0cd6ab23f52d4f3e4f1c59730240727763de3dbbf26750b079a2c292?s=96&d=mm&r=g","contentUrl":"https:\/\/secure.gravatar.com\/avatar\/dd53e51c0cd6ab23f52d4f3e4f1c59730240727763de3dbbf26750b079a2c292?s=96&d=mm&r=g","caption":"Juan"},"url":"https:\/\/www.caudete.org\/ayuntamiento\/author\/centrodeinternet\/"}]}},"_links":{"self":[{"href":"https:\/\/www.caudete.org\/ayuntamiento\/wp-json\/wp\/v2\/posts\/14023","targetHints":{"allow":["GET"]}}],"collection":[{"href":"https:\/\/www.caudete.org\/ayuntamiento\/wp-json\/wp\/v2\/posts"}],"about":[{"href":"https:\/\/www.caudete.org\/ayuntamiento\/wp-json\/wp\/v2\/types\/post"}],"author":[{"embeddable":true,"href":"https:\/\/www.caudete.org\/ayuntamiento\/wp-json\/wp\/v2\/users\/2"}],"replies":[{"embeddable":true,"href":"https:\/\/www.caudete.org\/ayuntamiento\/wp-json\/wp\/v2\/comments?post=14023"}],"version-history":[{"count":7,"href":"https:\/\/www.caudete.org\/ayuntamiento\/wp-json\/wp\/v2\/posts\/14023\/revisions"}],"predecessor-version":[{"id":14041,"href":"https:\/\/www.caudete.org\/ayuntamiento\/wp-json\/wp\/v2\/posts\/14023\/revisions\/14041"}],"wp:featuredmedia":[{"embeddable":true,"href":"https:\/\/www.caudete.org\/ayuntamiento\/wp-json\/wp\/v2\/media\/14035"}],"wp:attachment":[{"href":"https:\/\/www.caudete.org\/ayuntamiento\/wp-json\/wp\/v2\/media?parent=14023"}],"wp:term":[{"taxonomy":"category","embeddable":true,"href":"https:\/\/www.caudete.org\/ayuntamiento\/wp-json\/wp\/v2\/categories?post=14023"},{"taxonomy":"post_tag","embeddable":true,"href":"https:\/\/www.caudete.org\/ayuntamiento\/wp-json\/wp\/v2\/tags?post=14023"}],"curies":[{"name":"wp","href":"https:\/\/api.w.org\/{rel}","templated":true}]}}