{"id":14060,"date":"2021-04-27T17:00:37","date_gmt":"2021-04-27T15:00:37","guid":{"rendered":"https:\/\/www.caudete.org\/ayuntamiento\/?p=14060"},"modified":"2021-04-27T19:47:20","modified_gmt":"2021-04-27T17:47:20","slug":"convocatoria-de-pleno-extraordinario-para-el-jueves-29-04-2021","status":"publish","type":"post","link":"https:\/\/www.caudete.org\/ayuntamiento\/convocatoria-de-pleno-extraordinario-para-el-jueves-29-04-2021\/","title":{"rendered":"Convocado PLENO EXTRAORDINARIO el jueves 29 a las 12h"},"content":{"rendered":"<p style=\"text-align: justify;\">Mois\u00e9s L\u00f3pez Mart\u00ednez, Alcalde-Presidente del M.I. Ayuntamiento de Caudete (provincia de Albacete)<\/p>\n<p style=\"text-align: justify;\">Habiendo surgido en el presente ejercicio la necesitad de cobertura presupuestaria que no puede demorarse al siguiente ejercicio, para atender diversos gastos de inversiones y de mantenimiento imprescindibles para\u00a0 la mejora\u00a0 y funcionamiento de los servicios municipales,\u00a0 as\u00ed\u00a0 como con el objeto de reactivar la econom\u00eda caudetana, se cree necesario afrontar una serie de gastos en varios departamentos, detallados en el expediente tramitado al efecto de modificaci\u00f3n presupuestaria mediante suplemento de cr\u00e9dito S-01\/2021.<\/p>\n<p style=\"text-align: justify;\">Por razones de eficacia y de mayor celeridad en la tramitaci\u00f3n de la concertaci\u00f3n de las operaciones de cr\u00e9dito indicadas en la letra m) del art\u00edculo 22.2 de la Ley 7\/1985, de 2 de abril, Reguladora de las Bases del R\u00e9gimen Local, hacen aconsejable que el Pleno de esta Corporaci\u00f3n Municipal delegue en el\u00a0 Alcalde las atribuciones que tiene legalmente asignada en la letra en cuesti\u00f3n del art\u00edculo aludido, con el expreso car\u00e1cter de delegables conforme a lo dispuesto en la normativa de aplicaci\u00f3n.<\/p>\n<p style=\"text-align: justify;\">Por lo expuesto se estima necesario el tratamiento de dichos expedientes en una sesi\u00f3n plenaria de car\u00e1cter extraordinario, sin esperar a la pr\u00f3xima sesi\u00f3n ordinaria de este \u00f3rgano colegiado.<\/p>\n<p style=\"text-align: justify;\">En\u00a0 virtud de lo dispuesto en los art\u00edculos 80 y siguientes del Reglamento de Organizaci\u00f3n, Funcionamiento y R\u00e9gimen Jur\u00eddico de las Entidades Locales,\u00a0 aprobado por Real Decreto 2568\/1986, de 28 de noviembre, y en el art\u00edculo 47.2 del\u00a0 Texto Refundido de las disposiciones legales vigentes en materia de r\u00e9gimen local aprobado por Real Decreto Legislativo 781\/1986, de 18 de abril, esta Alcald\u00eda-Presidencia,<\/p>\n<p style=\"text-align: justify;\"><strong>HA RESUELTO<\/strong><\/p>\n<p style=\"text-align: justify;\"><strong>PRIMERO.<\/strong> Convocar al Pleno en Sesi\u00f3n extraordinaria,\u00a0 <strong>el jueves, 29 de abril de 2021, a las 12:00 horas,<\/strong> en el Sal\u00f3n de Sesiones, sito en la Primera Planta del edificio de la Casa de la Cultura de Caudete, actuando como Secretario, el Secretario del Ayuntamiento, y con el siguiente\u00a0 <strong>ORDEN DEL D\u00cdA<\/strong><\/p>\n<p style=\"text-align: justify;\">1\u00ba.- APROBACI\u00d3N INICIAL MODIFICACI\u00d3N PRESUPUESTARIA MEDIANTE SUPLEMENTO DE CR\u00c9DITOS S_01\/2021.<\/p>\n<p style=\"text-align: justify;\">2\u00ba.- DELEGACI\u00d3N DE ATRIBUCIONES DEL PLENO EN LA ALCALD\u00cdA EN RELACI\u00d3N AL ART. 22.2.m) DE LA LEY 7\/1985,\u00a0 DE 2 DE ABRIL,\u00a0 REGULADORA DE LAS BASES DEL R\u00c9GIMEN LOCAL.<\/p>\n<p style=\"text-align: justify;\"><strong>SEGUNDO.<\/strong> Notificar esta Resoluci\u00f3n a los miembros del Ayuntamiento Pleno, as\u00ed como publicarlo en el Tabl\u00f3n de Anuncios municipal.<\/p>\n<p style=\"text-align: justify;\">A tenor de lo dispuesto en el Art\u00edculo 90.2 del vigente Reglamento de Organizaci\u00f3n, Funcionamiento y R\u00e9gimen Jur\u00eddico de las Corporaciones Locales, en caso de inasistencia del n\u00famero suficiente de miembros para celebrar\u00a0 la presente sesi\u00f3n,\u00a0 la misma se entender\u00e1 autom\u00e1ticamente convocada para la misma hora dos d\u00edas despu\u00e9s.<\/p>\n<p style=\"text-align: justify;\"><a href=\"https:\/\/www.caudete.org\/ayuntamiento\/wp-content\/uploads\/2021\/04\/Resolucion_N_780_de_26042021_CONVOCATORIA_PLENO_EXTRAORDINARIO_29-04-2021_a_las_1200_h_-_SEGRA_46207.pdf\" class=\"mtli_attachment mtli_pdf\"><strong>Resoluci\u00f3n N\u00ba 780 de 26 04 2021 CONVOCATORIA PLENO EXTRAORDINARIO 29-04-2021 a las 1200 h.<\/strong><\/a><\/p>\n","protected":false},"excerpt":{"rendered":"<p>Mois\u00e9s L\u00f3pez Mart\u00ednez, Alcalde-Presidente del M.I. Ayuntamiento de Caudete (provincia de Albacete) Habiendo surgido en el presente ejercicio la necesitad de cobertura presupuestaria que no puede demorarse al siguiente ejercicio, para atender diversos gastos de inversiones y de mantenimiento imprescindibles para\u00a0 la mejora\u00a0 y funcionamiento de los servicios municipales,\u00a0 as\u00ed\u00a0 como con el objeto de &hellip;<\/p>\n","protected":false},"author":2,"featured_media":14063,"comment_status":"closed","ping_status":"open","sticky":false,"template":"","format":"standard","meta":{"ngg_post_thumbnail":0,"footnotes":""},"categories":[20],"tags":[520],"class_list":["post-14060","post","type-post","status-publish","format-standard","has-post-thumbnail","hentry","category-ayuntamiento","tag-pleno-extraordinario"],"yoast_head":"<!-- This site is optimized with the Yoast SEO plugin v27.5 - https:\/\/yoast.com\/product\/yoast-seo-wordpress\/ -->\n<title>Convocado PLENO EXTRAORDINARIO el jueves 29 a las 12h - MI Ayuntamiento de Caudete<\/title>\n<meta name=\"description\" content=\"P\u00e1gina Oficial del Ayuntamiento de Caudete (Albacete)\" \/>\n<meta name=\"robots\" content=\"index, follow, max-snippet:-1, max-image-preview:large, max-video-preview:-1\" \/>\n<link rel=\"canonical\" href=\"https:\/\/www.caudete.org\/ayuntamiento\/convocatoria-de-pleno-extraordinario-para-el-jueves-29-04-2021\/\" \/>\n<meta property=\"og:locale\" content=\"es_ES\" \/>\n<meta property=\"og:type\" content=\"article\" \/>\n<meta property=\"og:title\" content=\"Convocado PLENO EXTRAORDINARIO el jueves 29 a las 12h - MI Ayuntamiento de Caudete\" \/>\n<meta property=\"og:description\" content=\"P\u00e1gina Oficial del Ayuntamiento de Caudete (Albacete)\" \/>\n<meta property=\"og:url\" content=\"https:\/\/www.caudete.org\/ayuntamiento\/convocatoria-de-pleno-extraordinario-para-el-jueves-29-04-2021\/\" \/>\n<meta property=\"og:site_name\" content=\"MI Ayuntamiento de Caudete\" \/>\n<meta property=\"article:publisher\" content=\"https:\/\/www.facebook.com\/ayuntamientocaudete\/\" \/>\n<meta property=\"article:published_time\" content=\"2021-04-27T15:00:37+00:00\" \/>\n<meta property=\"article:modified_time\" content=\"2021-04-27T17:47:20+00:00\" \/>\n<meta property=\"og:image\" content=\"https:\/\/www.caudete.org\/ayuntamiento\/wp-content\/uploads\/2021\/04\/FOTO-PLENO-EXTRAORDINARIO.jpg\" \/>\n\t<meta property=\"og:image:width\" content=\"1440\" \/>\n\t<meta property=\"og:image:height\" content=\"810\" \/>\n\t<meta property=\"og:image:type\" content=\"image\/jpeg\" \/>\n<meta name=\"author\" content=\"Juan\" \/>\n<meta name=\"twitter:card\" content=\"summary_large_image\" \/>\n<meta name=\"twitter:label1\" content=\"Escrito por\" \/>\n\t<meta name=\"twitter:data1\" content=\"Juan\" \/>\n\t<meta name=\"twitter:label2\" content=\"Tiempo de lectura\" \/>\n\t<meta name=\"twitter:data2\" content=\"2 minutos\" \/>\n<script type=\"application\/ld+json\" class=\"yoast-schema-graph\">{\"@context\":\"https:\\\/\\\/schema.org\",\"@graph\":[{\"@type\":\"Article\",\"@id\":\"https:\\\/\\\/www.caudete.org\\\/ayuntamiento\\\/convocatoria-de-pleno-extraordinario-para-el-jueves-29-04-2021\\\/#article\",\"isPartOf\":{\"@id\":\"https:\\\/\\\/www.caudete.org\\\/ayuntamiento\\\/convocatoria-de-pleno-extraordinario-para-el-jueves-29-04-2021\\\/\"},\"author\":{\"name\":\"Juan\",\"@id\":\"https:\\\/\\\/www.caudete.org\\\/ayuntamiento\\\/#\\\/schema\\\/person\\\/7656a5bb58fca95b9814e940de0fda63\"},\"headline\":\"Convocado PLENO EXTRAORDINARIO el jueves 29 a las 12h\",\"datePublished\":\"2021-04-27T15:00:37+00:00\",\"dateModified\":\"2021-04-27T17:47:20+00:00\",\"mainEntityOfPage\":{\"@id\":\"https:\\\/\\\/www.caudete.org\\\/ayuntamiento\\\/convocatoria-de-pleno-extraordinario-para-el-jueves-29-04-2021\\\/\"},\"wordCount\":475,\"image\":{\"@id\":\"https:\\\/\\\/www.caudete.org\\\/ayuntamiento\\\/convocatoria-de-pleno-extraordinario-para-el-jueves-29-04-2021\\\/#primaryimage\"},\"thumbnailUrl\":\"https:\\\/\\\/www.caudete.org\\\/ayuntamiento\\\/wp-content\\\/uploads\\\/2021\\\/04\\\/FOTO-PLENO-EXTRAORDINARIO.jpg\",\"keywords\":[\"Pleno extraordinario\"],\"articleSection\":[\"Ayuntamiento\"],\"inLanguage\":\"es\"},{\"@type\":\"WebPage\",\"@id\":\"https:\\\/\\\/www.caudete.org\\\/ayuntamiento\\\/convocatoria-de-pleno-extraordinario-para-el-jueves-29-04-2021\\\/\",\"url\":\"https:\\\/\\\/www.caudete.org\\\/ayuntamiento\\\/convocatoria-de-pleno-extraordinario-para-el-jueves-29-04-2021\\\/\",\"name\":\"Convocado PLENO EXTRAORDINARIO el jueves 29 a las 12h - MI Ayuntamiento de Caudete\",\"isPartOf\":{\"@id\":\"https:\\\/\\\/www.caudete.org\\\/ayuntamiento\\\/#website\"},\"primaryImageOfPage\":{\"@id\":\"https:\\\/\\\/www.caudete.org\\\/ayuntamiento\\\/convocatoria-de-pleno-extraordinario-para-el-jueves-29-04-2021\\\/#primaryimage\"},\"image\":{\"@id\":\"https:\\\/\\\/www.caudete.org\\\/ayuntamiento\\\/convocatoria-de-pleno-extraordinario-para-el-jueves-29-04-2021\\\/#primaryimage\"},\"thumbnailUrl\":\"https:\\\/\\\/www.caudete.org\\\/ayuntamiento\\\/wp-content\\\/uploads\\\/2021\\\/04\\\/FOTO-PLENO-EXTRAORDINARIO.jpg\",\"datePublished\":\"2021-04-27T15:00:37+00:00\",\"dateModified\":\"2021-04-27T17:47:20+00:00\",\"author\":{\"@id\":\"https:\\\/\\\/www.caudete.org\\\/ayuntamiento\\\/#\\\/schema\\\/person\\\/7656a5bb58fca95b9814e940de0fda63\"},\"description\":\"P\u00e1gina Oficial del Ayuntamiento de Caudete (Albacete)\",\"breadcrumb\":{\"@id\":\"https:\\\/\\\/www.caudete.org\\\/ayuntamiento\\\/convocatoria-de-pleno-extraordinario-para-el-jueves-29-04-2021\\\/#breadcrumb\"},\"inLanguage\":\"es\",\"potentialAction\":[{\"@type\":\"ReadAction\",\"target\":[\"https:\\\/\\\/www.caudete.org\\\/ayuntamiento\\\/convocatoria-de-pleno-extraordinario-para-el-jueves-29-04-2021\\\/\"]}]},{\"@type\":\"ImageObject\",\"inLanguage\":\"es\",\"@id\":\"https:\\\/\\\/www.caudete.org\\\/ayuntamiento\\\/convocatoria-de-pleno-extraordinario-para-el-jueves-29-04-2021\\\/#primaryimage\",\"url\":\"https:\\\/\\\/www.caudete.org\\\/ayuntamiento\\\/wp-content\\\/uploads\\\/2021\\\/04\\\/FOTO-PLENO-EXTRAORDINARIO.jpg\",\"contentUrl\":\"https:\\\/\\\/www.caudete.org\\\/ayuntamiento\\\/wp-content\\\/uploads\\\/2021\\\/04\\\/FOTO-PLENO-EXTRAORDINARIO.jpg\",\"width\":1440,\"height\":810},{\"@type\":\"BreadcrumbList\",\"@id\":\"https:\\\/\\\/www.caudete.org\\\/ayuntamiento\\\/convocatoria-de-pleno-extraordinario-para-el-jueves-29-04-2021\\\/#breadcrumb\",\"itemListElement\":[{\"@type\":\"ListItem\",\"position\":1,\"name\":\"Inicio\",\"item\":\"https:\\\/\\\/www.caudete.org\\\/ayuntamiento\\\/\"},{\"@type\":\"ListItem\",\"position\":2,\"name\":\"Convocado PLENO EXTRAORDINARIO el jueves 29 a las 12h\"}]},{\"@type\":\"WebSite\",\"@id\":\"https:\\\/\\\/www.caudete.org\\\/ayuntamiento\\\/#website\",\"url\":\"https:\\\/\\\/www.caudete.org\\\/ayuntamiento\\\/\",\"name\":\"MI Ayuntamiento de Caudete\",\"description\":\"P\u00e1gina Oficial del MI Ayuntamiento de Caudete\",\"potentialAction\":[{\"@type\":\"SearchAction\",\"target\":{\"@type\":\"EntryPoint\",\"urlTemplate\":\"https:\\\/\\\/www.caudete.org\\\/ayuntamiento\\\/?s={search_term_string}\"},\"query-input\":{\"@type\":\"PropertyValueSpecification\",\"valueRequired\":true,\"valueName\":\"search_term_string\"}}],\"inLanguage\":\"es\"},{\"@type\":\"Person\",\"@id\":\"https:\\\/\\\/www.caudete.org\\\/ayuntamiento\\\/#\\\/schema\\\/person\\\/7656a5bb58fca95b9814e940de0fda63\",\"name\":\"Juan\",\"image\":{\"@type\":\"ImageObject\",\"inLanguage\":\"es\",\"@id\":\"https:\\\/\\\/secure.gravatar.com\\\/avatar\\\/dd53e51c0cd6ab23f52d4f3e4f1c59730240727763de3dbbf26750b079a2c292?s=96&d=mm&r=g\",\"url\":\"https:\\\/\\\/secure.gravatar.com\\\/avatar\\\/dd53e51c0cd6ab23f52d4f3e4f1c59730240727763de3dbbf26750b079a2c292?s=96&d=mm&r=g\",\"contentUrl\":\"https:\\\/\\\/secure.gravatar.com\\\/avatar\\\/dd53e51c0cd6ab23f52d4f3e4f1c59730240727763de3dbbf26750b079a2c292?s=96&d=mm&r=g\",\"caption\":\"Juan\"},\"url\":\"https:\\\/\\\/www.caudete.org\\\/ayuntamiento\\\/author\\\/centrodeinternet\\\/\"}]}<\/script>\n<!-- \/ Yoast SEO plugin. -->","yoast_head_json":{"title":"Convocado PLENO EXTRAORDINARIO el jueves 29 a las 12h - MI Ayuntamiento de Caudete","description":"P\u00e1gina Oficial del Ayuntamiento de Caudete (Albacete)","robots":{"index":"index","follow":"follow","max-snippet":"max-snippet:-1","max-image-preview":"max-image-preview:large","max-video-preview":"max-video-preview:-1"},"canonical":"https:\/\/www.caudete.org\/ayuntamiento\/convocatoria-de-pleno-extraordinario-para-el-jueves-29-04-2021\/","og_locale":"es_ES","og_type":"article","og_title":"Convocado PLENO EXTRAORDINARIO el jueves 29 a las 12h - MI Ayuntamiento de Caudete","og_description":"P\u00e1gina Oficial del Ayuntamiento de Caudete (Albacete)","og_url":"https:\/\/www.caudete.org\/ayuntamiento\/convocatoria-de-pleno-extraordinario-para-el-jueves-29-04-2021\/","og_site_name":"MI Ayuntamiento de Caudete","article_publisher":"https:\/\/www.facebook.com\/ayuntamientocaudete\/","article_published_time":"2021-04-27T15:00:37+00:00","article_modified_time":"2021-04-27T17:47:20+00:00","og_image":[{"width":1440,"height":810,"url":"https:\/\/www.caudete.org\/ayuntamiento\/wp-content\/uploads\/2021\/04\/FOTO-PLENO-EXTRAORDINARIO.jpg","type":"image\/jpeg"}],"author":"Juan","twitter_card":"summary_large_image","twitter_misc":{"Escrito por":"Juan","Tiempo de lectura":"2 minutos"},"schema":{"@context":"https:\/\/schema.org","@graph":[{"@type":"Article","@id":"https:\/\/www.caudete.org\/ayuntamiento\/convocatoria-de-pleno-extraordinario-para-el-jueves-29-04-2021\/#article","isPartOf":{"@id":"https:\/\/www.caudete.org\/ayuntamiento\/convocatoria-de-pleno-extraordinario-para-el-jueves-29-04-2021\/"},"author":{"name":"Juan","@id":"https:\/\/www.caudete.org\/ayuntamiento\/#\/schema\/person\/7656a5bb58fca95b9814e940de0fda63"},"headline":"Convocado PLENO EXTRAORDINARIO el jueves 29 a las 12h","datePublished":"2021-04-27T15:00:37+00:00","dateModified":"2021-04-27T17:47:20+00:00","mainEntityOfPage":{"@id":"https:\/\/www.caudete.org\/ayuntamiento\/convocatoria-de-pleno-extraordinario-para-el-jueves-29-04-2021\/"},"wordCount":475,"image":{"@id":"https:\/\/www.caudete.org\/ayuntamiento\/convocatoria-de-pleno-extraordinario-para-el-jueves-29-04-2021\/#primaryimage"},"thumbnailUrl":"https:\/\/www.caudete.org\/ayuntamiento\/wp-content\/uploads\/2021\/04\/FOTO-PLENO-EXTRAORDINARIO.jpg","keywords":["Pleno extraordinario"],"articleSection":["Ayuntamiento"],"inLanguage":"es"},{"@type":"WebPage","@id":"https:\/\/www.caudete.org\/ayuntamiento\/convocatoria-de-pleno-extraordinario-para-el-jueves-29-04-2021\/","url":"https:\/\/www.caudete.org\/ayuntamiento\/convocatoria-de-pleno-extraordinario-para-el-jueves-29-04-2021\/","name":"Convocado PLENO EXTRAORDINARIO el jueves 29 a las 12h - MI Ayuntamiento de Caudete","isPartOf":{"@id":"https:\/\/www.caudete.org\/ayuntamiento\/#website"},"primaryImageOfPage":{"@id":"https:\/\/www.caudete.org\/ayuntamiento\/convocatoria-de-pleno-extraordinario-para-el-jueves-29-04-2021\/#primaryimage"},"image":{"@id":"https:\/\/www.caudete.org\/ayuntamiento\/convocatoria-de-pleno-extraordinario-para-el-jueves-29-04-2021\/#primaryimage"},"thumbnailUrl":"https:\/\/www.caudete.org\/ayuntamiento\/wp-content\/uploads\/2021\/04\/FOTO-PLENO-EXTRAORDINARIO.jpg","datePublished":"2021-04-27T15:00:37+00:00","dateModified":"2021-04-27T17:47:20+00:00","author":{"@id":"https:\/\/www.caudete.org\/ayuntamiento\/#\/schema\/person\/7656a5bb58fca95b9814e940de0fda63"},"description":"P\u00e1gina Oficial del Ayuntamiento de Caudete (Albacete)","breadcrumb":{"@id":"https:\/\/www.caudete.org\/ayuntamiento\/convocatoria-de-pleno-extraordinario-para-el-jueves-29-04-2021\/#breadcrumb"},"inLanguage":"es","potentialAction":[{"@type":"ReadAction","target":["https:\/\/www.caudete.org\/ayuntamiento\/convocatoria-de-pleno-extraordinario-para-el-jueves-29-04-2021\/"]}]},{"@type":"ImageObject","inLanguage":"es","@id":"https:\/\/www.caudete.org\/ayuntamiento\/convocatoria-de-pleno-extraordinario-para-el-jueves-29-04-2021\/#primaryimage","url":"https:\/\/www.caudete.org\/ayuntamiento\/wp-content\/uploads\/2021\/04\/FOTO-PLENO-EXTRAORDINARIO.jpg","contentUrl":"https:\/\/www.caudete.org\/ayuntamiento\/wp-content\/uploads\/2021\/04\/FOTO-PLENO-EXTRAORDINARIO.jpg","width":1440,"height":810},{"@type":"BreadcrumbList","@id":"https:\/\/www.caudete.org\/ayuntamiento\/convocatoria-de-pleno-extraordinario-para-el-jueves-29-04-2021\/#breadcrumb","itemListElement":[{"@type":"ListItem","position":1,"name":"Inicio","item":"https:\/\/www.caudete.org\/ayuntamiento\/"},{"@type":"ListItem","position":2,"name":"Convocado PLENO EXTRAORDINARIO el jueves 29 a las 12h"}]},{"@type":"WebSite","@id":"https:\/\/www.caudete.org\/ayuntamiento\/#website","url":"https:\/\/www.caudete.org\/ayuntamiento\/","name":"MI Ayuntamiento de Caudete","description":"P\u00e1gina Oficial del MI Ayuntamiento de Caudete","potentialAction":[{"@type":"SearchAction","target":{"@type":"EntryPoint","urlTemplate":"https:\/\/www.caudete.org\/ayuntamiento\/?s={search_term_string}"},"query-input":{"@type":"PropertyValueSpecification","valueRequired":true,"valueName":"search_term_string"}}],"inLanguage":"es"},{"@type":"Person","@id":"https:\/\/www.caudete.org\/ayuntamiento\/#\/schema\/person\/7656a5bb58fca95b9814e940de0fda63","name":"Juan","image":{"@type":"ImageObject","inLanguage":"es","@id":"https:\/\/secure.gravatar.com\/avatar\/dd53e51c0cd6ab23f52d4f3e4f1c59730240727763de3dbbf26750b079a2c292?s=96&d=mm&r=g","url":"https:\/\/secure.gravatar.com\/avatar\/dd53e51c0cd6ab23f52d4f3e4f1c59730240727763de3dbbf26750b079a2c292?s=96&d=mm&r=g","contentUrl":"https:\/\/secure.gravatar.com\/avatar\/dd53e51c0cd6ab23f52d4f3e4f1c59730240727763de3dbbf26750b079a2c292?s=96&d=mm&r=g","caption":"Juan"},"url":"https:\/\/www.caudete.org\/ayuntamiento\/author\/centrodeinternet\/"}]}},"_links":{"self":[{"href":"https:\/\/www.caudete.org\/ayuntamiento\/wp-json\/wp\/v2\/posts\/14060","targetHints":{"allow":["GET"]}}],"collection":[{"href":"https:\/\/www.caudete.org\/ayuntamiento\/wp-json\/wp\/v2\/posts"}],"about":[{"href":"https:\/\/www.caudete.org\/ayuntamiento\/wp-json\/wp\/v2\/types\/post"}],"author":[{"embeddable":true,"href":"https:\/\/www.caudete.org\/ayuntamiento\/wp-json\/wp\/v2\/users\/2"}],"replies":[{"embeddable":true,"href":"https:\/\/www.caudete.org\/ayuntamiento\/wp-json\/wp\/v2\/comments?post=14060"}],"version-history":[{"count":11,"href":"https:\/\/www.caudete.org\/ayuntamiento\/wp-json\/wp\/v2\/posts\/14060\/revisions"}],"predecessor-version":[{"id":14075,"href":"https:\/\/www.caudete.org\/ayuntamiento\/wp-json\/wp\/v2\/posts\/14060\/revisions\/14075"}],"wp:featuredmedia":[{"embeddable":true,"href":"https:\/\/www.caudete.org\/ayuntamiento\/wp-json\/wp\/v2\/media\/14063"}],"wp:attachment":[{"href":"https:\/\/www.caudete.org\/ayuntamiento\/wp-json\/wp\/v2\/media?parent=14060"}],"wp:term":[{"taxonomy":"category","embeddable":true,"href":"https:\/\/www.caudete.org\/ayuntamiento\/wp-json\/wp\/v2\/categories?post=14060"},{"taxonomy":"post_tag","embeddable":true,"href":"https:\/\/www.caudete.org\/ayuntamiento\/wp-json\/wp\/v2\/tags?post=14060"}],"curies":[{"name":"wp","href":"https:\/\/api.w.org\/{rel}","templated":true}]}}