{"id":14078,"date":"2021-04-28T15:05:37","date_gmt":"2021-04-28T13:05:37","guid":{"rendered":"https:\/\/www.caudete.org\/ayuntamiento\/?p=14078"},"modified":"2021-04-28T15:06:24","modified_gmt":"2021-04-28T13:06:24","slug":"97-litros-caidos-en-el-mes-de-abril","status":"publish","type":"post","link":"https:\/\/www.caudete.org\/ayuntamiento\/97-litros-caidos-en-el-mes-de-abril\/","title":{"rendered":"97 litros ca\u00eddos en el mes de Abril"},"content":{"rendered":"<div class=\"kvgmc6g5 cxmmr5t8 oygrvhab hcukyx3x c1et5uql ii04i59q\">\n<div dir=\"auto\" style=\"text-align: justify;\">La lluvia en nuestra localidad est\u00e1 siendo copiosa y bien recibida por parte de los agricultores, puesto que desde la entrada de la borrasca &#8220;Lola&#8221; se han recogido 84 l\/m<sup>2<\/sup>, respecto de los 225 l\/m2 que llevamos en el actual a\u00f1o hidrol\u00f3gico (que comenz\u00f3 el 1 de Octubre), de los cuales corresponden 97 al presente mes de Abril.<\/div>\n<\/div>\n<div dir=\"auto\"><\/div>\n<div dir=\"auto\" style=\"text-align: justify;\">De forma resumida, los d\u00edas de precipitaciones y vol\u00famenes recogidos en el presente a\u00f1o hidrol\u00f3gico, son los siguientes:<\/div>\n<div dir=\"auto\"><\/div>\n<div dir=\"auto\"><\/div>\n<div dir=\"auto\">\n<table style=\"border-collapse: collapse; width: 99.5152%; height: 85px;\">\n<tbody>\n<tr style=\"height: 24px;\">\n<td style=\"width: 19.0298%; height: 24px;\"><\/td>\n<td style=\"width: 12.4614%; height: 24px; text-align: center;\"><strong>Octubre<\/strong><\/td>\n<td style=\"width: 11.7361%; height: 24px; text-align: center;\"><strong>Noviembre<\/strong><\/td>\n<td style=\"width: 12.2334%; height: 24px; text-align: center;\"><strong>Diciembre<\/strong><\/td>\n<td style=\"width: 11.2507%; height: 24px; text-align: center;\"><strong>Enero<\/strong><\/td>\n<td style=\"width: 13.0806%; height: 24px; text-align: center;\"><strong>Febrero<\/strong><\/td>\n<td style=\"width: 10.7706%; height: 24px; text-align: center;\"><strong>Marzo<\/strong><\/td>\n<td style=\"width: 9.43722%; height: 24px; text-align: center;\"><strong>Abril<\/strong><\/td>\n<\/tr>\n<tr style=\"height: 24px;\">\n<td style=\"width: 19.0298%; height: 24px; text-align: center;\"><strong>litros\/m<sup>2<\/sup><\/strong><\/td>\n<td style=\"width: 12.4614%; height: 24px; text-align: center;\">0<\/td>\n<td style=\"width: 11.7361%; height: 24px; text-align: center;\">46&#8217;5<\/td>\n<td style=\"width: 12.2334%; height: 24px; text-align: center;\">11<\/td>\n<td style=\"width: 11.2507%; height: 24px; text-align: center;\">39<\/td>\n<td style=\"width: 13.0806%; height: 24px; text-align: center;\">1<\/td>\n<td style=\"width: 10.7706%; height: 24px; text-align: center;\">31<\/td>\n<td style=\"width: 9.43722%; height: 24px; text-align: center;\">97<\/td>\n<\/tr>\n<tr style=\"height: 37px;\">\n<td style=\"width: 19.0298%; height: 37px; text-align: center;\"><strong>N\u00ba precipitaciones<\/strong><\/td>\n<td style=\"width: 12.4614%; height: 37px; text-align: center;\">0<\/td>\n<td style=\"width: 11.7361%; height: 37px; text-align: center;\">3<\/td>\n<td style=\"width: 12.2334%; height: 37px; text-align: center;\">2<\/td>\n<td style=\"width: 11.2507%; height: 37px; text-align: center;\">5<\/td>\n<td style=\"width: 13.0806%; height: 37px; text-align: center;\">1<\/td>\n<td style=\"width: 10.7706%; height: 37px; text-align: center;\">2<\/td>\n<td style=\"width: 9.43722%; height: 37px; text-align: center;\">8<\/td>\n<\/tr>\n<\/tbody>\n<\/table>\n<\/div>\n<div class=\"kvgmc6g5 cxmmr5t8 oygrvhab hcukyx3x c1et5uql ii04i59q\">\n<div dir=\"auto\" style=\"text-align: justify;\"><\/div>\n<\/div>\n<div class=\"o9v6fnle cxmmr5t8 oygrvhab hcukyx3x c1et5uql ii04i59q\">\n<div dir=\"auto\"><\/div>\n<div dir=\"auto\" style=\"text-align: justify;\">Si la media anual en los pr\u00e1cticamente \u00faltimos 50 a\u00f1os ha sido de algo m\u00e1s de 340 l\/m<sup>2<\/sup>, el presente a\u00f1o podr\u00eda estar dentro de la media, teniendo que esperar a los meses venideros para corroborarlo. No obstante, comparado con el lluvioso 2020, el 16 de Marzo llevaba Caudete recogidos 295 l\/m<sup>2<\/sup>, cerr\u00e1ndose con un total de 424 l\/m<sup>2.<\/sup><\/div>\n<div dir=\"auto\" style=\"text-align: justify;\"><\/div>\n<\/div>\n<div class=\"o9v6fnle cxmmr5t8 oygrvhab hcukyx3x c1et5uql ii04i59q\" style=\"text-align: justify;\">\n<div dir=\"auto\">Como an\u00e9cdota, recordemos que el a\u00f1o de mayor precipitaci\u00f3n fue en 1989 con 621 l\/m<sup>2<\/sup>, mientras que el m\u00e1s seco hasta la fecha fue 1981 con tan solo 155 l\/m<sup>2<\/sup>.<\/div>\n<div dir=\"auto\"><\/div>\n<div dir=\"auto\"><\/div>\n<\/div>\n<div class=\"o9v6fnle cxmmr5t8 oygrvhab hcukyx3x c1et5uql ii04i59q\">\n<div dir=\"auto\" style=\"text-align: justify;\">Agradecemos desde el Ayuntamiento la informaci\u00f3n prestada para la ocasi\u00f3n, y la labor desinteresada de nuestro paisano Miguel L\u00f3pez Tom\u00e1s, quien desde el a\u00f1o 1990 viene realizando estas acciones fenol\u00f3gicas en nuestra localidad, junto a otros caudetanos.<\/div>\n<\/div>\n","protected":false},"excerpt":{"rendered":"<p>La lluvia en nuestra localidad est\u00e1 siendo copiosa y bien recibida por parte de los agricultores, puesto que desde la entrada de la borrasca &#8220;Lola&#8221; se han recogido 84 l\/m2, respecto de los 225 l\/m2 que llevamos en el actual a\u00f1o hidrol\u00f3gico (que comenz\u00f3 el 1 de Octubre), de los cuales corresponden 97 al presente &hellip;<\/p>\n","protected":false},"author":3,"featured_media":14077,"comment_status":"closed","ping_status":"open","sticky":false,"template":"","format":"standard","meta":{"ngg_post_thumbnail":0,"footnotes":""},"categories":[29],"tags":[],"class_list":["post-14078","post","type-post","status-publish","format-standard","has-post-thumbnail","hentry","category-medio-ambiente"],"yoast_head":"<!-- This site is optimized with the Yoast SEO plugin v27.5 - https:\/\/yoast.com\/product\/yoast-seo-wordpress\/ -->\n<title>97 litros ca\u00eddos en el mes de Abril - MI Ayuntamiento de Caudete<\/title>\n<meta name=\"description\" content=\"P\u00e1gina Oficial del Ayuntamiento de Caudete (Albacete)\" \/>\n<meta name=\"robots\" content=\"index, follow, max-snippet:-1, max-image-preview:large, max-video-preview:-1\" \/>\n<link rel=\"canonical\" href=\"https:\/\/www.caudete.org\/ayuntamiento\/97-litros-caidos-en-el-mes-de-abril\/\" \/>\n<meta property=\"og:locale\" content=\"es_ES\" \/>\n<meta property=\"og:type\" content=\"article\" \/>\n<meta property=\"og:title\" content=\"97 litros ca\u00eddos en el mes de Abril - MI Ayuntamiento de Caudete\" \/>\n<meta property=\"og:description\" content=\"P\u00e1gina Oficial del Ayuntamiento de Caudete (Albacete)\" \/>\n<meta property=\"og:url\" content=\"https:\/\/www.caudete.org\/ayuntamiento\/97-litros-caidos-en-el-mes-de-abril\/\" \/>\n<meta property=\"og:site_name\" content=\"MI Ayuntamiento de Caudete\" \/>\n<meta property=\"article:publisher\" content=\"https:\/\/www.facebook.com\/ayuntamientocaudete\/\" \/>\n<meta property=\"article:published_time\" content=\"2021-04-28T13:05:37+00:00\" \/>\n<meta property=\"article:modified_time\" content=\"2021-04-28T13:06:24+00:00\" \/>\n<meta property=\"og:image\" content=\"https:\/\/www.caudete.org\/ayuntamiento\/wp-content\/uploads\/2021\/04\/WhatsApp-Image-2021-04-22-at-19.57.13.jpeg\" \/>\n\t<meta property=\"og:image:width\" content=\"2048\" \/>\n\t<meta property=\"og:image:height\" content=\"1536\" \/>\n\t<meta property=\"og:image:type\" content=\"image\/jpeg\" \/>\n<meta name=\"author\" content=\"alcalde\" \/>\n<meta name=\"twitter:card\" content=\"summary_large_image\" \/>\n<meta name=\"twitter:label1\" content=\"Escrito por\" \/>\n\t<meta name=\"twitter:data1\" content=\"alcalde\" \/>\n\t<meta name=\"twitter:label2\" content=\"Tiempo de lectura\" \/>\n\t<meta name=\"twitter:data2\" content=\"2 minutos\" \/>\n<script type=\"application\/ld+json\" class=\"yoast-schema-graph\">{\"@context\":\"https:\\\/\\\/schema.org\",\"@graph\":[{\"@type\":\"Article\",\"@id\":\"https:\\\/\\\/www.caudete.org\\\/ayuntamiento\\\/97-litros-caidos-en-el-mes-de-abril\\\/#article\",\"isPartOf\":{\"@id\":\"https:\\\/\\\/www.caudete.org\\\/ayuntamiento\\\/97-litros-caidos-en-el-mes-de-abril\\\/\"},\"author\":{\"name\":\"alcalde\",\"@id\":\"https:\\\/\\\/www.caudete.org\\\/ayuntamiento\\\/#\\\/schema\\\/person\\\/cc646da9133078ee4d8dd47457947253\"},\"headline\":\"97 litros ca\u00eddos en el mes de Abril\",\"datePublished\":\"2021-04-28T13:05:37+00:00\",\"dateModified\":\"2021-04-28T13:06:24+00:00\",\"mainEntityOfPage\":{\"@id\":\"https:\\\/\\\/www.caudete.org\\\/ayuntamiento\\\/97-litros-caidos-en-el-mes-de-abril\\\/\"},\"wordCount\":235,\"publisher\":{\"@id\":\"https:\\\/\\\/www.caudete.org\\\/ayuntamiento\\\/#organization\"},\"image\":{\"@id\":\"https:\\\/\\\/www.caudete.org\\\/ayuntamiento\\\/97-litros-caidos-en-el-mes-de-abril\\\/#primaryimage\"},\"thumbnailUrl\":\"https:\\\/\\\/www.caudete.org\\\/ayuntamiento\\\/wp-content\\\/uploads\\\/2021\\\/04\\\/WhatsApp-Image-2021-04-22-at-19.57.13.jpeg\",\"articleSection\":[\"Medio Ambiente\"],\"inLanguage\":\"es\"},{\"@type\":\"WebPage\",\"@id\":\"https:\\\/\\\/www.caudete.org\\\/ayuntamiento\\\/97-litros-caidos-en-el-mes-de-abril\\\/\",\"url\":\"https:\\\/\\\/www.caudete.org\\\/ayuntamiento\\\/97-litros-caidos-en-el-mes-de-abril\\\/\",\"name\":\"97 litros ca\u00eddos en el mes de Abril - MI Ayuntamiento de Caudete\",\"isPartOf\":{\"@id\":\"https:\\\/\\\/www.caudete.org\\\/ayuntamiento\\\/#website\"},\"primaryImageOfPage\":{\"@id\":\"https:\\\/\\\/www.caudete.org\\\/ayuntamiento\\\/97-litros-caidos-en-el-mes-de-abril\\\/#primaryimage\"},\"image\":{\"@id\":\"https:\\\/\\\/www.caudete.org\\\/ayuntamiento\\\/97-litros-caidos-en-el-mes-de-abril\\\/#primaryimage\"},\"thumbnailUrl\":\"https:\\\/\\\/www.caudete.org\\\/ayuntamiento\\\/wp-content\\\/uploads\\\/2021\\\/04\\\/WhatsApp-Image-2021-04-22-at-19.57.13.jpeg\",\"datePublished\":\"2021-04-28T13:05:37+00:00\",\"dateModified\":\"2021-04-28T13:06:24+00:00\",\"description\":\"P\u00e1gina Oficial del Ayuntamiento de Caudete (Albacete)\",\"breadcrumb\":{\"@id\":\"https:\\\/\\\/www.caudete.org\\\/ayuntamiento\\\/97-litros-caidos-en-el-mes-de-abril\\\/#breadcrumb\"},\"inLanguage\":\"es\",\"potentialAction\":[{\"@type\":\"ReadAction\",\"target\":[\"https:\\\/\\\/www.caudete.org\\\/ayuntamiento\\\/97-litros-caidos-en-el-mes-de-abril\\\/\"]}]},{\"@type\":\"ImageObject\",\"inLanguage\":\"es\",\"@id\":\"https:\\\/\\\/www.caudete.org\\\/ayuntamiento\\\/97-litros-caidos-en-el-mes-de-abril\\\/#primaryimage\",\"url\":\"https:\\\/\\\/www.caudete.org\\\/ayuntamiento\\\/wp-content\\\/uploads\\\/2021\\\/04\\\/WhatsApp-Image-2021-04-22-at-19.57.13.jpeg\",\"contentUrl\":\"https:\\\/\\\/www.caudete.org\\\/ayuntamiento\\\/wp-content\\\/uploads\\\/2021\\\/04\\\/WhatsApp-Image-2021-04-22-at-19.57.13.jpeg\",\"width\":2048,\"height\":1536},{\"@type\":\"BreadcrumbList\",\"@id\":\"https:\\\/\\\/www.caudete.org\\\/ayuntamiento\\\/97-litros-caidos-en-el-mes-de-abril\\\/#breadcrumb\",\"itemListElement\":[{\"@type\":\"ListItem\",\"position\":1,\"name\":\"Inicio\",\"item\":\"https:\\\/\\\/www.caudete.org\\\/ayuntamiento\\\/\"},{\"@type\":\"ListItem\",\"position\":2,\"name\":\"97 litros ca\u00eddos en el mes de Abril\"}]},{\"@type\":\"WebSite\",\"@id\":\"https:\\\/\\\/www.caudete.org\\\/ayuntamiento\\\/#website\",\"url\":\"https:\\\/\\\/www.caudete.org\\\/ayuntamiento\\\/\",\"name\":\"MI Ayuntamiento de Caudete\",\"description\":\"P\u00e1gina Oficial del MI Ayuntamiento de Caudete\",\"publisher\":{\"@id\":\"https:\\\/\\\/www.caudete.org\\\/ayuntamiento\\\/#organization\"},\"potentialAction\":[{\"@type\":\"SearchAction\",\"target\":{\"@type\":\"EntryPoint\",\"urlTemplate\":\"https:\\\/\\\/www.caudete.org\\\/ayuntamiento\\\/?s={search_term_string}\"},\"query-input\":{\"@type\":\"PropertyValueSpecification\",\"valueRequired\":true,\"valueName\":\"search_term_string\"}}],\"inLanguage\":\"es\"},{\"@type\":\"Organization\",\"@id\":\"https:\\\/\\\/www.caudete.org\\\/ayuntamiento\\\/#organization\",\"name\":\"Ayuntamiento de Caudete\",\"url\":\"https:\\\/\\\/www.caudete.org\\\/ayuntamiento\\\/\",\"logo\":{\"@type\":\"ImageObject\",\"inLanguage\":\"es\",\"@id\":\"https:\\\/\\\/www.caudete.org\\\/ayuntamiento\\\/#\\\/schema\\\/logo\\\/image\\\/\",\"url\":\"https:\\\/\\\/www.caudete.org\\\/ayuntamiento\\\/wp-content\\\/uploads\\\/2020\\\/11\\\/logo_ayuntamiento_caudete.jpg\",\"contentUrl\":\"https:\\\/\\\/www.caudete.org\\\/ayuntamiento\\\/wp-content\\\/uploads\\\/2020\\\/11\\\/logo_ayuntamiento_caudete.jpg\",\"width\":600,\"height\":150,\"caption\":\"Ayuntamiento de Caudete\"},\"image\":{\"@id\":\"https:\\\/\\\/www.caudete.org\\\/ayuntamiento\\\/#\\\/schema\\\/logo\\\/image\\\/\"},\"sameAs\":[\"https:\\\/\\\/www.facebook.com\\\/ayuntamientocaudete\\\/\",\"https:\\\/\\\/www.youtube.com\\\/channel\\\/UC6VztHaooNsGpw-tNoBEFnQ\"]},{\"@type\":\"Person\",\"@id\":\"https:\\\/\\\/www.caudete.org\\\/ayuntamiento\\\/#\\\/schema\\\/person\\\/cc646da9133078ee4d8dd47457947253\",\"name\":\"alcalde\",\"image\":{\"@type\":\"ImageObject\",\"inLanguage\":\"es\",\"@id\":\"https:\\\/\\\/secure.gravatar.com\\\/avatar\\\/84a817ba065b29ff08d666b215a215f5c79186a645ccb25b14a663d48a130f77?s=96&d=mm&r=g\",\"url\":\"https:\\\/\\\/secure.gravatar.com\\\/avatar\\\/84a817ba065b29ff08d666b215a215f5c79186a645ccb25b14a663d48a130f77?s=96&d=mm&r=g\",\"contentUrl\":\"https:\\\/\\\/secure.gravatar.com\\\/avatar\\\/84a817ba065b29ff08d666b215a215f5c79186a645ccb25b14a663d48a130f77?s=96&d=mm&r=g\",\"caption\":\"alcalde\"},\"url\":\"https:\\\/\\\/www.caudete.org\\\/ayuntamiento\\\/author\\\/alcalde\\\/\"}]}<\/script>\n<!-- \/ Yoast SEO plugin. -->","yoast_head_json":{"title":"97 litros ca\u00eddos en el mes de Abril - MI Ayuntamiento de Caudete","description":"P\u00e1gina Oficial del Ayuntamiento de Caudete (Albacete)","robots":{"index":"index","follow":"follow","max-snippet":"max-snippet:-1","max-image-preview":"max-image-preview:large","max-video-preview":"max-video-preview:-1"},"canonical":"https:\/\/www.caudete.org\/ayuntamiento\/97-litros-caidos-en-el-mes-de-abril\/","og_locale":"es_ES","og_type":"article","og_title":"97 litros ca\u00eddos en el mes de Abril - MI Ayuntamiento de Caudete","og_description":"P\u00e1gina Oficial del Ayuntamiento de Caudete (Albacete)","og_url":"https:\/\/www.caudete.org\/ayuntamiento\/97-litros-caidos-en-el-mes-de-abril\/","og_site_name":"MI Ayuntamiento de Caudete","article_publisher":"https:\/\/www.facebook.com\/ayuntamientocaudete\/","article_published_time":"2021-04-28T13:05:37+00:00","article_modified_time":"2021-04-28T13:06:24+00:00","og_image":[{"width":2048,"height":1536,"url":"https:\/\/www.caudete.org\/ayuntamiento\/wp-content\/uploads\/2021\/04\/WhatsApp-Image-2021-04-22-at-19.57.13.jpeg","type":"image\/jpeg"}],"author":"alcalde","twitter_card":"summary_large_image","twitter_misc":{"Escrito por":"alcalde","Tiempo de lectura":"2 minutos"},"schema":{"@context":"https:\/\/schema.org","@graph":[{"@type":"Article","@id":"https:\/\/www.caudete.org\/ayuntamiento\/97-litros-caidos-en-el-mes-de-abril\/#article","isPartOf":{"@id":"https:\/\/www.caudete.org\/ayuntamiento\/97-litros-caidos-en-el-mes-de-abril\/"},"author":{"name":"alcalde","@id":"https:\/\/www.caudete.org\/ayuntamiento\/#\/schema\/person\/cc646da9133078ee4d8dd47457947253"},"headline":"97 litros ca\u00eddos en el mes de Abril","datePublished":"2021-04-28T13:05:37+00:00","dateModified":"2021-04-28T13:06:24+00:00","mainEntityOfPage":{"@id":"https:\/\/www.caudete.org\/ayuntamiento\/97-litros-caidos-en-el-mes-de-abril\/"},"wordCount":235,"publisher":{"@id":"https:\/\/www.caudete.org\/ayuntamiento\/#organization"},"image":{"@id":"https:\/\/www.caudete.org\/ayuntamiento\/97-litros-caidos-en-el-mes-de-abril\/#primaryimage"},"thumbnailUrl":"https:\/\/www.caudete.org\/ayuntamiento\/wp-content\/uploads\/2021\/04\/WhatsApp-Image-2021-04-22-at-19.57.13.jpeg","articleSection":["Medio Ambiente"],"inLanguage":"es"},{"@type":"WebPage","@id":"https:\/\/www.caudete.org\/ayuntamiento\/97-litros-caidos-en-el-mes-de-abril\/","url":"https:\/\/www.caudete.org\/ayuntamiento\/97-litros-caidos-en-el-mes-de-abril\/","name":"97 litros ca\u00eddos en el mes de Abril - MI Ayuntamiento de Caudete","isPartOf":{"@id":"https:\/\/www.caudete.org\/ayuntamiento\/#website"},"primaryImageOfPage":{"@id":"https:\/\/www.caudete.org\/ayuntamiento\/97-litros-caidos-en-el-mes-de-abril\/#primaryimage"},"image":{"@id":"https:\/\/www.caudete.org\/ayuntamiento\/97-litros-caidos-en-el-mes-de-abril\/#primaryimage"},"thumbnailUrl":"https:\/\/www.caudete.org\/ayuntamiento\/wp-content\/uploads\/2021\/04\/WhatsApp-Image-2021-04-22-at-19.57.13.jpeg","datePublished":"2021-04-28T13:05:37+00:00","dateModified":"2021-04-28T13:06:24+00:00","description":"P\u00e1gina Oficial del Ayuntamiento de Caudete (Albacete)","breadcrumb":{"@id":"https:\/\/www.caudete.org\/ayuntamiento\/97-litros-caidos-en-el-mes-de-abril\/#breadcrumb"},"inLanguage":"es","potentialAction":[{"@type":"ReadAction","target":["https:\/\/www.caudete.org\/ayuntamiento\/97-litros-caidos-en-el-mes-de-abril\/"]}]},{"@type":"ImageObject","inLanguage":"es","@id":"https:\/\/www.caudete.org\/ayuntamiento\/97-litros-caidos-en-el-mes-de-abril\/#primaryimage","url":"https:\/\/www.caudete.org\/ayuntamiento\/wp-content\/uploads\/2021\/04\/WhatsApp-Image-2021-04-22-at-19.57.13.jpeg","contentUrl":"https:\/\/www.caudete.org\/ayuntamiento\/wp-content\/uploads\/2021\/04\/WhatsApp-Image-2021-04-22-at-19.57.13.jpeg","width":2048,"height":1536},{"@type":"BreadcrumbList","@id":"https:\/\/www.caudete.org\/ayuntamiento\/97-litros-caidos-en-el-mes-de-abril\/#breadcrumb","itemListElement":[{"@type":"ListItem","position":1,"name":"Inicio","item":"https:\/\/www.caudete.org\/ayuntamiento\/"},{"@type":"ListItem","position":2,"name":"97 litros ca\u00eddos en el mes de Abril"}]},{"@type":"WebSite","@id":"https:\/\/www.caudete.org\/ayuntamiento\/#website","url":"https:\/\/www.caudete.org\/ayuntamiento\/","name":"MI Ayuntamiento de Caudete","description":"P\u00e1gina Oficial del MI Ayuntamiento de Caudete","publisher":{"@id":"https:\/\/www.caudete.org\/ayuntamiento\/#organization"},"potentialAction":[{"@type":"SearchAction","target":{"@type":"EntryPoint","urlTemplate":"https:\/\/www.caudete.org\/ayuntamiento\/?s={search_term_string}"},"query-input":{"@type":"PropertyValueSpecification","valueRequired":true,"valueName":"search_term_string"}}],"inLanguage":"es"},{"@type":"Organization","@id":"https:\/\/www.caudete.org\/ayuntamiento\/#organization","name":"Ayuntamiento de Caudete","url":"https:\/\/www.caudete.org\/ayuntamiento\/","logo":{"@type":"ImageObject","inLanguage":"es","@id":"https:\/\/www.caudete.org\/ayuntamiento\/#\/schema\/logo\/image\/","url":"https:\/\/www.caudete.org\/ayuntamiento\/wp-content\/uploads\/2020\/11\/logo_ayuntamiento_caudete.jpg","contentUrl":"https:\/\/www.caudete.org\/ayuntamiento\/wp-content\/uploads\/2020\/11\/logo_ayuntamiento_caudete.jpg","width":600,"height":150,"caption":"Ayuntamiento de Caudete"},"image":{"@id":"https:\/\/www.caudete.org\/ayuntamiento\/#\/schema\/logo\/image\/"},"sameAs":["https:\/\/www.facebook.com\/ayuntamientocaudete\/","https:\/\/www.youtube.com\/channel\/UC6VztHaooNsGpw-tNoBEFnQ"]},{"@type":"Person","@id":"https:\/\/www.caudete.org\/ayuntamiento\/#\/schema\/person\/cc646da9133078ee4d8dd47457947253","name":"alcalde","image":{"@type":"ImageObject","inLanguage":"es","@id":"https:\/\/secure.gravatar.com\/avatar\/84a817ba065b29ff08d666b215a215f5c79186a645ccb25b14a663d48a130f77?s=96&d=mm&r=g","url":"https:\/\/secure.gravatar.com\/avatar\/84a817ba065b29ff08d666b215a215f5c79186a645ccb25b14a663d48a130f77?s=96&d=mm&r=g","contentUrl":"https:\/\/secure.gravatar.com\/avatar\/84a817ba065b29ff08d666b215a215f5c79186a645ccb25b14a663d48a130f77?s=96&d=mm&r=g","caption":"alcalde"},"url":"https:\/\/www.caudete.org\/ayuntamiento\/author\/alcalde\/"}]}},"_links":{"self":[{"href":"https:\/\/www.caudete.org\/ayuntamiento\/wp-json\/wp\/v2\/posts\/14078","targetHints":{"allow":["GET"]}}],"collection":[{"href":"https:\/\/www.caudete.org\/ayuntamiento\/wp-json\/wp\/v2\/posts"}],"about":[{"href":"https:\/\/www.caudete.org\/ayuntamiento\/wp-json\/wp\/v2\/types\/post"}],"author":[{"embeddable":true,"href":"https:\/\/www.caudete.org\/ayuntamiento\/wp-json\/wp\/v2\/users\/3"}],"replies":[{"embeddable":true,"href":"https:\/\/www.caudete.org\/ayuntamiento\/wp-json\/wp\/v2\/comments?post=14078"}],"version-history":[{"count":2,"href":"https:\/\/www.caudete.org\/ayuntamiento\/wp-json\/wp\/v2\/posts\/14078\/revisions"}],"predecessor-version":[{"id":14080,"href":"https:\/\/www.caudete.org\/ayuntamiento\/wp-json\/wp\/v2\/posts\/14078\/revisions\/14080"}],"wp:featuredmedia":[{"embeddable":true,"href":"https:\/\/www.caudete.org\/ayuntamiento\/wp-json\/wp\/v2\/media\/14077"}],"wp:attachment":[{"href":"https:\/\/www.caudete.org\/ayuntamiento\/wp-json\/wp\/v2\/media?parent=14078"}],"wp:term":[{"taxonomy":"category","embeddable":true,"href":"https:\/\/www.caudete.org\/ayuntamiento\/wp-json\/wp\/v2\/categories?post=14078"},{"taxonomy":"post_tag","embeddable":true,"href":"https:\/\/www.caudete.org\/ayuntamiento\/wp-json\/wp\/v2\/tags?post=14078"}],"curies":[{"name":"wp","href":"https:\/\/api.w.org\/{rel}","templated":true}]}}