{"id":14120,"date":"2021-04-30T20:56:47","date_gmt":"2021-04-30T18:56:47","guid":{"rendered":"https:\/\/www.caudete.org\/ayuntamiento\/?p=14120"},"modified":"2021-04-30T21:12:36","modified_gmt":"2021-04-30T19:12:36","slug":"el-lunes-desvio-del-trafico-para-acceder-a-ctra-montealegre","status":"publish","type":"post","link":"https:\/\/www.caudete.org\/ayuntamiento\/el-lunes-desvio-del-trafico-para-acceder-a-ctra-montealegre\/","title":{"rendered":"El lunes, desv\u00edo del tr\u00e1fico para acceder a Ctra.Montealegre"},"content":{"rendered":"<p style=\"text-align: justify;\">Desde la Concejal\u00eda de Movilidad, su Edil Joaqu\u00edn Pag\u00e1n informa que el pr\u00f3ximo lunes 3 de Mayo la empresa constructora del tramo de al Autov\u00eda A-33 a su paso por Caudete va a proceder a realizar trabajos en las rotondas que dan acceso a la carretera de Montealegre.<\/p>\n<p style=\"text-align: justify;\">Para ello, se ha establecido un itinerario por el cual desviar el tr\u00e1fico de Caudete hacia la carretera de Montealegre, al no poder acceder a la misma desde la rotonda ubicada a su inicio, o de la ubicada en la zona de &#8220;<em>los 3 puentes<\/em>&#8220;.<\/p>\n<p style=\"text-align: justify;\">Igualmente recordaba que desde hace unos d\u00edas la Vereda de Santa Ana ha quedado abierta al tr\u00e1fico, pudi\u00e9ndose usar ese camino o el camino &#8220;<em>del Cabezo<\/em>&#8221; para acceder a la Carretera de Montealegre.<\/p>\n<p style=\"text-align: center;\"><a href=\"https:\/\/www.caudete.org\/ayuntamiento\/wp-content\/uploads\/2021\/04\/WhatsApp-Image-2021-04-28-at-18.57.47.jpeg\" rel='prettyPhoto'><img fetchpriority=\"high\" decoding=\"async\" class=\"aligncenter wp-image-14121 size-medium\" src=\"https:\/\/www.caudete.org\/ayuntamiento\/wp-content\/uploads\/2021\/04\/WhatsApp-Image-2021-04-28-at-18.57.47-300x241.jpeg\" alt=\"\" width=\"300\" height=\"241\" srcset=\"https:\/\/www.caudete.org\/ayuntamiento\/wp-content\/uploads\/2021\/04\/WhatsApp-Image-2021-04-28-at-18.57.47-300x241.jpeg 300w, https:\/\/www.caudete.org\/ayuntamiento\/wp-content\/uploads\/2021\/04\/WhatsApp-Image-2021-04-28-at-18.57.47-768x617.jpeg 768w, https:\/\/www.caudete.org\/ayuntamiento\/wp-content\/uploads\/2021\/04\/WhatsApp-Image-2021-04-28-at-18.57.47.jpeg 964w\" sizes=\"(max-width: 300px) 100vw, 300px\" \/><\/a><\/p>\n","protected":false},"excerpt":{"rendered":"<p>Desde la Concejal\u00eda de Movilidad, su Edil Joaqu\u00edn Pag\u00e1n informa que el pr\u00f3ximo lunes 3 de Mayo la empresa constructora del tramo de al Autov\u00eda A-33 a su paso por Caudete va a proceder a realizar trabajos en las rotondas que dan acceso a la carretera de Montealegre. Para ello, se ha establecido un itinerario &hellip;<\/p>\n","protected":false},"author":3,"featured_media":14121,"comment_status":"closed","ping_status":"open","sticky":false,"template":"","format":"standard","meta":{"ngg_post_thumbnail":0,"footnotes":""},"categories":[46],"tags":[],"class_list":["post-14120","post","type-post","status-publish","format-standard","has-post-thumbnail","hentry","category-movilidad-urbana"],"yoast_head":"<!-- This site is optimized with the Yoast SEO plugin v27.5 - https:\/\/yoast.com\/product\/yoast-seo-wordpress\/ -->\n<title>El lunes, desv\u00edo del tr\u00e1fico para acceder a Ctra.Montealegre - MI Ayuntamiento de Caudete<\/title>\n<meta name=\"description\" content=\"P\u00e1gina Oficial del Ayuntamiento de Caudete (Albacete)\" \/>\n<meta name=\"robots\" content=\"index, follow, max-snippet:-1, max-image-preview:large, max-video-preview:-1\" \/>\n<link rel=\"canonical\" href=\"https:\/\/www.caudete.org\/ayuntamiento\/el-lunes-desvio-del-trafico-para-acceder-a-ctra-montealegre\/\" \/>\n<meta property=\"og:locale\" content=\"es_ES\" \/>\n<meta property=\"og:type\" content=\"article\" \/>\n<meta property=\"og:title\" content=\"El lunes, desv\u00edo del tr\u00e1fico para acceder a Ctra.Montealegre - MI Ayuntamiento de Caudete\" \/>\n<meta property=\"og:description\" content=\"P\u00e1gina Oficial del Ayuntamiento de Caudete (Albacete)\" \/>\n<meta property=\"og:url\" content=\"https:\/\/www.caudete.org\/ayuntamiento\/el-lunes-desvio-del-trafico-para-acceder-a-ctra-montealegre\/\" \/>\n<meta property=\"og:site_name\" content=\"MI Ayuntamiento de Caudete\" \/>\n<meta property=\"article:publisher\" content=\"https:\/\/www.facebook.com\/ayuntamientocaudete\/\" \/>\n<meta property=\"article:published_time\" content=\"2021-04-30T18:56:47+00:00\" \/>\n<meta property=\"article:modified_time\" content=\"2021-04-30T19:12:36+00:00\" \/>\n<meta property=\"og:image\" content=\"https:\/\/www.caudete.org\/ayuntamiento\/wp-content\/uploads\/2021\/04\/WhatsApp-Image-2021-04-28-at-18.57.47.jpeg\" \/>\n\t<meta property=\"og:image:width\" content=\"964\" \/>\n\t<meta property=\"og:image:height\" content=\"775\" \/>\n\t<meta property=\"og:image:type\" content=\"image\/jpeg\" \/>\n<meta name=\"author\" content=\"alcalde\" \/>\n<meta name=\"twitter:card\" content=\"summary_large_image\" \/>\n<meta name=\"twitter:label1\" content=\"Escrito por\" \/>\n\t<meta name=\"twitter:data1\" content=\"alcalde\" \/>\n\t<meta name=\"twitter:label2\" content=\"Tiempo de lectura\" \/>\n\t<meta name=\"twitter:data2\" content=\"1 minuto\" \/>\n<script type=\"application\/ld+json\" class=\"yoast-schema-graph\">{\"@context\":\"https:\\\/\\\/schema.org\",\"@graph\":[{\"@type\":\"Article\",\"@id\":\"https:\\\/\\\/www.caudete.org\\\/ayuntamiento\\\/el-lunes-desvio-del-trafico-para-acceder-a-ctra-montealegre\\\/#article\",\"isPartOf\":{\"@id\":\"https:\\\/\\\/www.caudete.org\\\/ayuntamiento\\\/el-lunes-desvio-del-trafico-para-acceder-a-ctra-montealegre\\\/\"},\"author\":{\"name\":\"alcalde\",\"@id\":\"https:\\\/\\\/www.caudete.org\\\/ayuntamiento\\\/#\\\/schema\\\/person\\\/cc646da9133078ee4d8dd47457947253\"},\"headline\":\"El lunes, desv\u00edo del tr\u00e1fico para acceder a Ctra.Montealegre\",\"datePublished\":\"2021-04-30T18:56:47+00:00\",\"dateModified\":\"2021-04-30T19:12:36+00:00\",\"mainEntityOfPage\":{\"@id\":\"https:\\\/\\\/www.caudete.org\\\/ayuntamiento\\\/el-lunes-desvio-del-trafico-para-acceder-a-ctra-montealegre\\\/\"},\"wordCount\":145,\"image\":{\"@id\":\"https:\\\/\\\/www.caudete.org\\\/ayuntamiento\\\/el-lunes-desvio-del-trafico-para-acceder-a-ctra-montealegre\\\/#primaryimage\"},\"thumbnailUrl\":\"https:\\\/\\\/www.caudete.org\\\/ayuntamiento\\\/wp-content\\\/uploads\\\/2021\\\/04\\\/WhatsApp-Image-2021-04-28-at-18.57.47.jpeg\",\"articleSection\":[\"Movilidad Urbana\"],\"inLanguage\":\"es\"},{\"@type\":\"WebPage\",\"@id\":\"https:\\\/\\\/www.caudete.org\\\/ayuntamiento\\\/el-lunes-desvio-del-trafico-para-acceder-a-ctra-montealegre\\\/\",\"url\":\"https:\\\/\\\/www.caudete.org\\\/ayuntamiento\\\/el-lunes-desvio-del-trafico-para-acceder-a-ctra-montealegre\\\/\",\"name\":\"El lunes, desv\u00edo del tr\u00e1fico para acceder a Ctra.Montealegre - MI Ayuntamiento de Caudete\",\"isPartOf\":{\"@id\":\"https:\\\/\\\/www.caudete.org\\\/ayuntamiento\\\/#website\"},\"primaryImageOfPage\":{\"@id\":\"https:\\\/\\\/www.caudete.org\\\/ayuntamiento\\\/el-lunes-desvio-del-trafico-para-acceder-a-ctra-montealegre\\\/#primaryimage\"},\"image\":{\"@id\":\"https:\\\/\\\/www.caudete.org\\\/ayuntamiento\\\/el-lunes-desvio-del-trafico-para-acceder-a-ctra-montealegre\\\/#primaryimage\"},\"thumbnailUrl\":\"https:\\\/\\\/www.caudete.org\\\/ayuntamiento\\\/wp-content\\\/uploads\\\/2021\\\/04\\\/WhatsApp-Image-2021-04-28-at-18.57.47.jpeg\",\"datePublished\":\"2021-04-30T18:56:47+00:00\",\"dateModified\":\"2021-04-30T19:12:36+00:00\",\"author\":{\"@id\":\"https:\\\/\\\/www.caudete.org\\\/ayuntamiento\\\/#\\\/schema\\\/person\\\/cc646da9133078ee4d8dd47457947253\"},\"description\":\"P\u00e1gina Oficial del Ayuntamiento de Caudete (Albacete)\",\"breadcrumb\":{\"@id\":\"https:\\\/\\\/www.caudete.org\\\/ayuntamiento\\\/el-lunes-desvio-del-trafico-para-acceder-a-ctra-montealegre\\\/#breadcrumb\"},\"inLanguage\":\"es\",\"potentialAction\":[{\"@type\":\"ReadAction\",\"target\":[\"https:\\\/\\\/www.caudete.org\\\/ayuntamiento\\\/el-lunes-desvio-del-trafico-para-acceder-a-ctra-montealegre\\\/\"]}]},{\"@type\":\"ImageObject\",\"inLanguage\":\"es\",\"@id\":\"https:\\\/\\\/www.caudete.org\\\/ayuntamiento\\\/el-lunes-desvio-del-trafico-para-acceder-a-ctra-montealegre\\\/#primaryimage\",\"url\":\"https:\\\/\\\/www.caudete.org\\\/ayuntamiento\\\/wp-content\\\/uploads\\\/2021\\\/04\\\/WhatsApp-Image-2021-04-28-at-18.57.47.jpeg\",\"contentUrl\":\"https:\\\/\\\/www.caudete.org\\\/ayuntamiento\\\/wp-content\\\/uploads\\\/2021\\\/04\\\/WhatsApp-Image-2021-04-28-at-18.57.47.jpeg\",\"width\":964,\"height\":775},{\"@type\":\"BreadcrumbList\",\"@id\":\"https:\\\/\\\/www.caudete.org\\\/ayuntamiento\\\/el-lunes-desvio-del-trafico-para-acceder-a-ctra-montealegre\\\/#breadcrumb\",\"itemListElement\":[{\"@type\":\"ListItem\",\"position\":1,\"name\":\"Inicio\",\"item\":\"https:\\\/\\\/www.caudete.org\\\/ayuntamiento\\\/\"},{\"@type\":\"ListItem\",\"position\":2,\"name\":\"El lunes, desv\u00edo del tr\u00e1fico para acceder a Ctra.Montealegre\"}]},{\"@type\":\"WebSite\",\"@id\":\"https:\\\/\\\/www.caudete.org\\\/ayuntamiento\\\/#website\",\"url\":\"https:\\\/\\\/www.caudete.org\\\/ayuntamiento\\\/\",\"name\":\"MI Ayuntamiento de Caudete\",\"description\":\"P\u00e1gina Oficial del MI Ayuntamiento de Caudete\",\"potentialAction\":[{\"@type\":\"SearchAction\",\"target\":{\"@type\":\"EntryPoint\",\"urlTemplate\":\"https:\\\/\\\/www.caudete.org\\\/ayuntamiento\\\/?s={search_term_string}\"},\"query-input\":{\"@type\":\"PropertyValueSpecification\",\"valueRequired\":true,\"valueName\":\"search_term_string\"}}],\"inLanguage\":\"es\"},{\"@type\":\"Person\",\"@id\":\"https:\\\/\\\/www.caudete.org\\\/ayuntamiento\\\/#\\\/schema\\\/person\\\/cc646da9133078ee4d8dd47457947253\",\"name\":\"alcalde\",\"image\":{\"@type\":\"ImageObject\",\"inLanguage\":\"es\",\"@id\":\"https:\\\/\\\/secure.gravatar.com\\\/avatar\\\/84a817ba065b29ff08d666b215a215f5c79186a645ccb25b14a663d48a130f77?s=96&d=mm&r=g\",\"url\":\"https:\\\/\\\/secure.gravatar.com\\\/avatar\\\/84a817ba065b29ff08d666b215a215f5c79186a645ccb25b14a663d48a130f77?s=96&d=mm&r=g\",\"contentUrl\":\"https:\\\/\\\/secure.gravatar.com\\\/avatar\\\/84a817ba065b29ff08d666b215a215f5c79186a645ccb25b14a663d48a130f77?s=96&d=mm&r=g\",\"caption\":\"alcalde\"},\"url\":\"https:\\\/\\\/www.caudete.org\\\/ayuntamiento\\\/author\\\/alcalde\\\/\"}]}<\/script>\n<!-- \/ Yoast SEO plugin. -->","yoast_head_json":{"title":"El lunes, desv\u00edo del tr\u00e1fico para acceder a Ctra.Montealegre - MI Ayuntamiento de Caudete","description":"P\u00e1gina Oficial del Ayuntamiento de Caudete (Albacete)","robots":{"index":"index","follow":"follow","max-snippet":"max-snippet:-1","max-image-preview":"max-image-preview:large","max-video-preview":"max-video-preview:-1"},"canonical":"https:\/\/www.caudete.org\/ayuntamiento\/el-lunes-desvio-del-trafico-para-acceder-a-ctra-montealegre\/","og_locale":"es_ES","og_type":"article","og_title":"El lunes, desv\u00edo del tr\u00e1fico para acceder a Ctra.Montealegre - MI Ayuntamiento de Caudete","og_description":"P\u00e1gina Oficial del Ayuntamiento de Caudete (Albacete)","og_url":"https:\/\/www.caudete.org\/ayuntamiento\/el-lunes-desvio-del-trafico-para-acceder-a-ctra-montealegre\/","og_site_name":"MI Ayuntamiento de Caudete","article_publisher":"https:\/\/www.facebook.com\/ayuntamientocaudete\/","article_published_time":"2021-04-30T18:56:47+00:00","article_modified_time":"2021-04-30T19:12:36+00:00","og_image":[{"width":964,"height":775,"url":"https:\/\/www.caudete.org\/ayuntamiento\/wp-content\/uploads\/2021\/04\/WhatsApp-Image-2021-04-28-at-18.57.47.jpeg","type":"image\/jpeg"}],"author":"alcalde","twitter_card":"summary_large_image","twitter_misc":{"Escrito por":"alcalde","Tiempo de lectura":"1 minuto"},"schema":{"@context":"https:\/\/schema.org","@graph":[{"@type":"Article","@id":"https:\/\/www.caudete.org\/ayuntamiento\/el-lunes-desvio-del-trafico-para-acceder-a-ctra-montealegre\/#article","isPartOf":{"@id":"https:\/\/www.caudete.org\/ayuntamiento\/el-lunes-desvio-del-trafico-para-acceder-a-ctra-montealegre\/"},"author":{"name":"alcalde","@id":"https:\/\/www.caudete.org\/ayuntamiento\/#\/schema\/person\/cc646da9133078ee4d8dd47457947253"},"headline":"El lunes, desv\u00edo del tr\u00e1fico para acceder a Ctra.Montealegre","datePublished":"2021-04-30T18:56:47+00:00","dateModified":"2021-04-30T19:12:36+00:00","mainEntityOfPage":{"@id":"https:\/\/www.caudete.org\/ayuntamiento\/el-lunes-desvio-del-trafico-para-acceder-a-ctra-montealegre\/"},"wordCount":145,"image":{"@id":"https:\/\/www.caudete.org\/ayuntamiento\/el-lunes-desvio-del-trafico-para-acceder-a-ctra-montealegre\/#primaryimage"},"thumbnailUrl":"https:\/\/www.caudete.org\/ayuntamiento\/wp-content\/uploads\/2021\/04\/WhatsApp-Image-2021-04-28-at-18.57.47.jpeg","articleSection":["Movilidad Urbana"],"inLanguage":"es"},{"@type":"WebPage","@id":"https:\/\/www.caudete.org\/ayuntamiento\/el-lunes-desvio-del-trafico-para-acceder-a-ctra-montealegre\/","url":"https:\/\/www.caudete.org\/ayuntamiento\/el-lunes-desvio-del-trafico-para-acceder-a-ctra-montealegre\/","name":"El lunes, desv\u00edo del tr\u00e1fico para acceder a Ctra.Montealegre - MI Ayuntamiento de Caudete","isPartOf":{"@id":"https:\/\/www.caudete.org\/ayuntamiento\/#website"},"primaryImageOfPage":{"@id":"https:\/\/www.caudete.org\/ayuntamiento\/el-lunes-desvio-del-trafico-para-acceder-a-ctra-montealegre\/#primaryimage"},"image":{"@id":"https:\/\/www.caudete.org\/ayuntamiento\/el-lunes-desvio-del-trafico-para-acceder-a-ctra-montealegre\/#primaryimage"},"thumbnailUrl":"https:\/\/www.caudete.org\/ayuntamiento\/wp-content\/uploads\/2021\/04\/WhatsApp-Image-2021-04-28-at-18.57.47.jpeg","datePublished":"2021-04-30T18:56:47+00:00","dateModified":"2021-04-30T19:12:36+00:00","author":{"@id":"https:\/\/www.caudete.org\/ayuntamiento\/#\/schema\/person\/cc646da9133078ee4d8dd47457947253"},"description":"P\u00e1gina Oficial del Ayuntamiento de Caudete (Albacete)","breadcrumb":{"@id":"https:\/\/www.caudete.org\/ayuntamiento\/el-lunes-desvio-del-trafico-para-acceder-a-ctra-montealegre\/#breadcrumb"},"inLanguage":"es","potentialAction":[{"@type":"ReadAction","target":["https:\/\/www.caudete.org\/ayuntamiento\/el-lunes-desvio-del-trafico-para-acceder-a-ctra-montealegre\/"]}]},{"@type":"ImageObject","inLanguage":"es","@id":"https:\/\/www.caudete.org\/ayuntamiento\/el-lunes-desvio-del-trafico-para-acceder-a-ctra-montealegre\/#primaryimage","url":"https:\/\/www.caudete.org\/ayuntamiento\/wp-content\/uploads\/2021\/04\/WhatsApp-Image-2021-04-28-at-18.57.47.jpeg","contentUrl":"https:\/\/www.caudete.org\/ayuntamiento\/wp-content\/uploads\/2021\/04\/WhatsApp-Image-2021-04-28-at-18.57.47.jpeg","width":964,"height":775},{"@type":"BreadcrumbList","@id":"https:\/\/www.caudete.org\/ayuntamiento\/el-lunes-desvio-del-trafico-para-acceder-a-ctra-montealegre\/#breadcrumb","itemListElement":[{"@type":"ListItem","position":1,"name":"Inicio","item":"https:\/\/www.caudete.org\/ayuntamiento\/"},{"@type":"ListItem","position":2,"name":"El lunes, desv\u00edo del tr\u00e1fico para acceder a Ctra.Montealegre"}]},{"@type":"WebSite","@id":"https:\/\/www.caudete.org\/ayuntamiento\/#website","url":"https:\/\/www.caudete.org\/ayuntamiento\/","name":"MI Ayuntamiento de Caudete","description":"P\u00e1gina Oficial del MI Ayuntamiento de Caudete","potentialAction":[{"@type":"SearchAction","target":{"@type":"EntryPoint","urlTemplate":"https:\/\/www.caudete.org\/ayuntamiento\/?s={search_term_string}"},"query-input":{"@type":"PropertyValueSpecification","valueRequired":true,"valueName":"search_term_string"}}],"inLanguage":"es"},{"@type":"Person","@id":"https:\/\/www.caudete.org\/ayuntamiento\/#\/schema\/person\/cc646da9133078ee4d8dd47457947253","name":"alcalde","image":{"@type":"ImageObject","inLanguage":"es","@id":"https:\/\/secure.gravatar.com\/avatar\/84a817ba065b29ff08d666b215a215f5c79186a645ccb25b14a663d48a130f77?s=96&d=mm&r=g","url":"https:\/\/secure.gravatar.com\/avatar\/84a817ba065b29ff08d666b215a215f5c79186a645ccb25b14a663d48a130f77?s=96&d=mm&r=g","contentUrl":"https:\/\/secure.gravatar.com\/avatar\/84a817ba065b29ff08d666b215a215f5c79186a645ccb25b14a663d48a130f77?s=96&d=mm&r=g","caption":"alcalde"},"url":"https:\/\/www.caudete.org\/ayuntamiento\/author\/alcalde\/"}]}},"_links":{"self":[{"href":"https:\/\/www.caudete.org\/ayuntamiento\/wp-json\/wp\/v2\/posts\/14120","targetHints":{"allow":["GET"]}}],"collection":[{"href":"https:\/\/www.caudete.org\/ayuntamiento\/wp-json\/wp\/v2\/posts"}],"about":[{"href":"https:\/\/www.caudete.org\/ayuntamiento\/wp-json\/wp\/v2\/types\/post"}],"author":[{"embeddable":true,"href":"https:\/\/www.caudete.org\/ayuntamiento\/wp-json\/wp\/v2\/users\/3"}],"replies":[{"embeddable":true,"href":"https:\/\/www.caudete.org\/ayuntamiento\/wp-json\/wp\/v2\/comments?post=14120"}],"version-history":[{"count":4,"href":"https:\/\/www.caudete.org\/ayuntamiento\/wp-json\/wp\/v2\/posts\/14120\/revisions"}],"predecessor-version":[{"id":14126,"href":"https:\/\/www.caudete.org\/ayuntamiento\/wp-json\/wp\/v2\/posts\/14120\/revisions\/14126"}],"wp:featuredmedia":[{"embeddable":true,"href":"https:\/\/www.caudete.org\/ayuntamiento\/wp-json\/wp\/v2\/media\/14121"}],"wp:attachment":[{"href":"https:\/\/www.caudete.org\/ayuntamiento\/wp-json\/wp\/v2\/media?parent=14120"}],"wp:term":[{"taxonomy":"category","embeddable":true,"href":"https:\/\/www.caudete.org\/ayuntamiento\/wp-json\/wp\/v2\/categories?post=14120"},{"taxonomy":"post_tag","embeddable":true,"href":"https:\/\/www.caudete.org\/ayuntamiento\/wp-json\/wp\/v2\/tags?post=14120"}],"curies":[{"name":"wp","href":"https:\/\/api.w.org\/{rel}","templated":true}]}}