{"id":14123,"date":"2021-04-30T21:25:39","date_gmt":"2021-04-30T19:25:39","guid":{"rendered":"https:\/\/www.caudete.org\/ayuntamiento\/?p=14123"},"modified":"2021-04-30T21:56:17","modified_gmt":"2021-04-30T19:56:17","slug":"caudete-en-el-catalogo-nacional-de-experiencias-locales-de-juventud","status":"publish","type":"post","link":"https:\/\/www.caudete.org\/ayuntamiento\/caudete-en-el-catalogo-nacional-de-experiencias-locales-de-juventud\/","title":{"rendered":"Caudete, en el Cat\u00e1logo Nacional de Experiencias Locales de Juventud"},"content":{"rendered":"<p style=\"text-align: justify;\">El Servicio de Informaci\u00f3n Juvenil dependiente de la Concejal\u00eda de Juventud del Ayuntamiento de Caudete, ha sido seleccionado por el Ministerio de Derechos Sociales y Agenda 2030 para formar parte del Cat\u00e1logo Nacional de Experiencias Locales <a href=\"http:\/\/www.injuve.es\/conocenos\/noticia\/experiencias-locales-redsij-de-trabajo-con-jovenes\" target=\"_blank\" rel=\"nofollow\">http:\/\/www.injuve.es\/conocenos\/noticia\/experiencias-locales-redsij-de-trabajo-con-jovenes<\/a>.<\/p>\n<p style=\"text-align: justify;\">Un total de 111 acciones comprenden el documento impulsado por el Instituto de la Juventud de Espa\u00f1a, INJUVE, con la colaboraci\u00f3n de la Red de Servicios de Informaci\u00f3n Juvenil (RedSIJ). De todas los proyectos y programas destinados a las personas j\u00f3venes en el \u00e1mbito local y regional, 2 pertenecen a nuestra localidad, concretamente <a title=\"&quot;Festival de arte urbano y graffiti - EA FEST&quot;\" href=\"http:\/\/www.injuve.es\/conocenos\/noticia\/ayto-de-caudete-festival-de-arte-urbano-y-graffiti-ea-fest\" target=\"_self\" rel=\"noopener nofollow\">&#8220;Festival de arte urbano y graffiti &#8211; EA FEST&#8221;<\/a> (Arte y Cultura) y <a title=\"&quot;X las Lunas&quot;\" href=\"http:\/\/www.injuve.es\/conocenos\/noticia\/ayto-de-caudete-x-las-lunas\" target=\"_self\" rel=\"noopener nofollow\">&#8220;X las Lunas&#8221;<\/a> (Ocio y Tiempo Libre).<\/p>\n<p style=\"text-align: justify;\">El Alcalde, Mois\u00e9s L\u00f3pez, responsable del \u00e1rea de Juventud, mostraba su &#8220;<em>satisfacci\u00f3n por el hito conseguido, donde Caudete una vez m\u00e1s demuestra que sabe hacer bien las cosas, que tiene unos profesionales con vocaci\u00f3n de servicio p\u00fablico, y unas actividades que son referencia a nivel nacional<\/em>&#8220;.<\/p>\n<p style=\"text-align: justify;\">Adem\u00e1s, remarcaba la importancia no solo de estar seleccionados para una gu\u00eda que es referente al \u00e1mbito administrativo local, sino el &#8220;<em>saber sacar partido a una herramienta potente que es m\u00e9rito de cerca de un centenar de Ayuntamientos, Concejal\u00edas de Juventud y T\u00e9cnicos al frente de la Informaci\u00f3n Juvenil<\/em>&#8220;, donde &#8220;<em>nuestras experiencias y las de nuestros j\u00f3venes pueden ser de provecho en cualquier pueblo de Espa\u00f1a, como para nosotros pueden serlo actividades hechas en todo el territorio espa\u00f1ol<\/em>&#8220;.<\/p>\n<p style=\"text-align: justify;\">Este catalogo es el resultado de la convocatoria de Experiencias Locales de Juventud que el INJUVE ha puesto en marcha este a\u00f1o para reconocer la labor de las administraciones locales y entidades del sector p\u00fablico en su trabajo con j\u00f3venes.<\/p>\n<p style=\"text-align: justify;\">El objetivo es facilitar el conocimiento de estas buenas pr\u00e1cticas, compartir las metodolog\u00edas empleadas en ellas, y poner en valor aspectos de innovaci\u00f3n, con el \u00e1nimo de que puedan ser reproducidas en otros \u00e1mbitos territoriales.<\/p>\n<p style=\"text-align: justify;\">Las experiencias han sido agrupadas por \u00e1reas tem\u00e1ticas para facilitar su consulta, siendo:<\/p>\n<ul>\n<li style=\"text-align: justify;\">Arte y Cultura.<\/li>\n<li style=\"text-align: justify;\">Emancipaci\u00f3n: vivienda, formaci\u00f3n, empleo y ayudas.<\/li>\n<li style=\"text-align: justify;\">Emprendimiento.<\/li>\n<li style=\"text-align: justify;\">Igualdad.<\/li>\n<li style=\"text-align: justify;\">Informaci\u00f3n Juvenil y Participaci\u00f3n Ciudadana.<\/li>\n<li style=\"text-align: justify;\">Medio Ambiente.<\/li>\n<li style=\"text-align: justify;\">Ocio y Tiempo Libre.<\/li>\n<li style=\"text-align: justify;\">Salud.<\/li>\n<li style=\"text-align: justify;\">Voluntariado.<\/li>\n<\/ul>\n","protected":false},"excerpt":{"rendered":"<p>El Servicio de Informaci\u00f3n Juvenil dependiente de la Concejal\u00eda de Juventud del Ayuntamiento de Caudete, ha sido seleccionado por el Ministerio de Derechos Sociales y Agenda 2030 para formar parte del Cat\u00e1logo Nacional de Experiencias Locales http:\/\/www.injuve.es\/conocenos\/noticia\/experiencias-locales-redsij-de-trabajo-con-jovenes. Un total de 111 acciones comprenden el documento impulsado por el Instituto de la Juventud de Espa\u00f1a, INJUVE, &hellip;<\/p>\n","protected":false},"author":3,"featured_media":14132,"comment_status":"closed","ping_status":"open","sticky":false,"template":"","format":"standard","meta":{"ngg_post_thumbnail":0,"footnotes":""},"categories":[121],"tags":[],"class_list":["post-14123","post","type-post","status-publish","format-standard","has-post-thumbnail","hentry","category-juventud-2"],"yoast_head":"<!-- This site is optimized with the Yoast SEO plugin v27.4 - https:\/\/yoast.com\/product\/yoast-seo-wordpress\/ -->\n<title>Caudete, en el Cat\u00e1logo Nacional de Experiencias Locales de Juventud - MI Ayuntamiento de Caudete<\/title>\n<meta name=\"description\" content=\"P\u00e1gina Oficial del Ayuntamiento de Caudete (Albacete)\" \/>\n<meta name=\"robots\" content=\"index, follow, max-snippet:-1, max-image-preview:large, max-video-preview:-1\" \/>\n<link rel=\"canonical\" href=\"https:\/\/www.caudete.org\/ayuntamiento\/caudete-en-el-catalogo-nacional-de-experiencias-locales-de-juventud\/\" \/>\n<meta property=\"og:locale\" content=\"es_ES\" \/>\n<meta property=\"og:type\" content=\"article\" \/>\n<meta property=\"og:title\" content=\"Caudete, en el Cat\u00e1logo Nacional de Experiencias Locales de Juventud - MI Ayuntamiento de Caudete\" \/>\n<meta property=\"og:description\" content=\"P\u00e1gina Oficial del Ayuntamiento de Caudete (Albacete)\" \/>\n<meta property=\"og:url\" content=\"https:\/\/www.caudete.org\/ayuntamiento\/caudete-en-el-catalogo-nacional-de-experiencias-locales-de-juventud\/\" \/>\n<meta property=\"og:site_name\" content=\"MI Ayuntamiento de Caudete\" \/>\n<meta property=\"article:publisher\" content=\"https:\/\/www.facebook.com\/ayuntamientocaudete\/\" \/>\n<meta property=\"article:published_time\" content=\"2021-04-30T19:25:39+00:00\" \/>\n<meta property=\"article:modified_time\" content=\"2021-04-30T19:56:17+00:00\" \/>\n<meta property=\"og:image\" content=\"https:\/\/www.caudete.org\/ayuntamiento\/wp-content\/uploads\/2021\/04\/Cartel-Injuve-WEB.jpg\" \/>\n\t<meta property=\"og:image:width\" content=\"864\" \/>\n\t<meta property=\"og:image:height\" content=\"380\" \/>\n\t<meta property=\"og:image:type\" content=\"image\/jpeg\" \/>\n<meta name=\"author\" content=\"alcalde\" \/>\n<meta name=\"twitter:card\" content=\"summary_large_image\" \/>\n<meta name=\"twitter:label1\" content=\"Escrito por\" \/>\n\t<meta name=\"twitter:data1\" content=\"alcalde\" \/>\n\t<meta name=\"twitter:label2\" content=\"Tiempo de lectura\" \/>\n\t<meta name=\"twitter:data2\" content=\"2 minutos\" \/>\n<script type=\"application\/ld+json\" class=\"yoast-schema-graph\">{\"@context\":\"https:\\\/\\\/schema.org\",\"@graph\":[{\"@type\":\"Article\",\"@id\":\"https:\\\/\\\/www.caudete.org\\\/ayuntamiento\\\/caudete-en-el-catalogo-nacional-de-experiencias-locales-de-juventud\\\/#article\",\"isPartOf\":{\"@id\":\"https:\\\/\\\/www.caudete.org\\\/ayuntamiento\\\/caudete-en-el-catalogo-nacional-de-experiencias-locales-de-juventud\\\/\"},\"author\":{\"name\":\"alcalde\",\"@id\":\"https:\\\/\\\/www.caudete.org\\\/ayuntamiento\\\/#\\\/schema\\\/person\\\/cc646da9133078ee4d8dd47457947253\"},\"headline\":\"Caudete, en el Cat\u00e1logo Nacional de Experiencias Locales de Juventud\",\"datePublished\":\"2021-04-30T19:25:39+00:00\",\"dateModified\":\"2021-04-30T19:56:17+00:00\",\"mainEntityOfPage\":{\"@id\":\"https:\\\/\\\/www.caudete.org\\\/ayuntamiento\\\/caudete-en-el-catalogo-nacional-de-experiencias-locales-de-juventud\\\/\"},\"wordCount\":393,\"publisher\":{\"@id\":\"https:\\\/\\\/www.caudete.org\\\/ayuntamiento\\\/#organization\"},\"image\":{\"@id\":\"https:\\\/\\\/www.caudete.org\\\/ayuntamiento\\\/caudete-en-el-catalogo-nacional-de-experiencias-locales-de-juventud\\\/#primaryimage\"},\"thumbnailUrl\":\"https:\\\/\\\/www.caudete.org\\\/ayuntamiento\\\/wp-content\\\/uploads\\\/2021\\\/04\\\/Cartel-Injuve-WEB.jpg\",\"articleSection\":[\"Juventud\"],\"inLanguage\":\"es\"},{\"@type\":\"WebPage\",\"@id\":\"https:\\\/\\\/www.caudete.org\\\/ayuntamiento\\\/caudete-en-el-catalogo-nacional-de-experiencias-locales-de-juventud\\\/\",\"url\":\"https:\\\/\\\/www.caudete.org\\\/ayuntamiento\\\/caudete-en-el-catalogo-nacional-de-experiencias-locales-de-juventud\\\/\",\"name\":\"Caudete, en el Cat\u00e1logo Nacional de Experiencias Locales de Juventud - MI Ayuntamiento de Caudete\",\"isPartOf\":{\"@id\":\"https:\\\/\\\/www.caudete.org\\\/ayuntamiento\\\/#website\"},\"primaryImageOfPage\":{\"@id\":\"https:\\\/\\\/www.caudete.org\\\/ayuntamiento\\\/caudete-en-el-catalogo-nacional-de-experiencias-locales-de-juventud\\\/#primaryimage\"},\"image\":{\"@id\":\"https:\\\/\\\/www.caudete.org\\\/ayuntamiento\\\/caudete-en-el-catalogo-nacional-de-experiencias-locales-de-juventud\\\/#primaryimage\"},\"thumbnailUrl\":\"https:\\\/\\\/www.caudete.org\\\/ayuntamiento\\\/wp-content\\\/uploads\\\/2021\\\/04\\\/Cartel-Injuve-WEB.jpg\",\"datePublished\":\"2021-04-30T19:25:39+00:00\",\"dateModified\":\"2021-04-30T19:56:17+00:00\",\"description\":\"P\u00e1gina Oficial del Ayuntamiento de Caudete (Albacete)\",\"breadcrumb\":{\"@id\":\"https:\\\/\\\/www.caudete.org\\\/ayuntamiento\\\/caudete-en-el-catalogo-nacional-de-experiencias-locales-de-juventud\\\/#breadcrumb\"},\"inLanguage\":\"es\",\"potentialAction\":[{\"@type\":\"ReadAction\",\"target\":[\"https:\\\/\\\/www.caudete.org\\\/ayuntamiento\\\/caudete-en-el-catalogo-nacional-de-experiencias-locales-de-juventud\\\/\"]}]},{\"@type\":\"ImageObject\",\"inLanguage\":\"es\",\"@id\":\"https:\\\/\\\/www.caudete.org\\\/ayuntamiento\\\/caudete-en-el-catalogo-nacional-de-experiencias-locales-de-juventud\\\/#primaryimage\",\"url\":\"https:\\\/\\\/www.caudete.org\\\/ayuntamiento\\\/wp-content\\\/uploads\\\/2021\\\/04\\\/Cartel-Injuve-WEB.jpg\",\"contentUrl\":\"https:\\\/\\\/www.caudete.org\\\/ayuntamiento\\\/wp-content\\\/uploads\\\/2021\\\/04\\\/Cartel-Injuve-WEB.jpg\",\"width\":864,\"height\":380},{\"@type\":\"BreadcrumbList\",\"@id\":\"https:\\\/\\\/www.caudete.org\\\/ayuntamiento\\\/caudete-en-el-catalogo-nacional-de-experiencias-locales-de-juventud\\\/#breadcrumb\",\"itemListElement\":[{\"@type\":\"ListItem\",\"position\":1,\"name\":\"Inicio\",\"item\":\"https:\\\/\\\/www.caudete.org\\\/ayuntamiento\\\/\"},{\"@type\":\"ListItem\",\"position\":2,\"name\":\"Caudete, en el Cat\u00e1logo Nacional de Experiencias Locales de Juventud\"}]},{\"@type\":\"WebSite\",\"@id\":\"https:\\\/\\\/www.caudete.org\\\/ayuntamiento\\\/#website\",\"url\":\"https:\\\/\\\/www.caudete.org\\\/ayuntamiento\\\/\",\"name\":\"MI Ayuntamiento de Caudete\",\"description\":\"P\u00e1gina Oficial del MI Ayuntamiento de Caudete\",\"publisher\":{\"@id\":\"https:\\\/\\\/www.caudete.org\\\/ayuntamiento\\\/#organization\"},\"potentialAction\":[{\"@type\":\"SearchAction\",\"target\":{\"@type\":\"EntryPoint\",\"urlTemplate\":\"https:\\\/\\\/www.caudete.org\\\/ayuntamiento\\\/?s={search_term_string}\"},\"query-input\":{\"@type\":\"PropertyValueSpecification\",\"valueRequired\":true,\"valueName\":\"search_term_string\"}}],\"inLanguage\":\"es\"},{\"@type\":\"Organization\",\"@id\":\"https:\\\/\\\/www.caudete.org\\\/ayuntamiento\\\/#organization\",\"name\":\"Ayuntamiento de Caudete\",\"url\":\"https:\\\/\\\/www.caudete.org\\\/ayuntamiento\\\/\",\"logo\":{\"@type\":\"ImageObject\",\"inLanguage\":\"es\",\"@id\":\"https:\\\/\\\/www.caudete.org\\\/ayuntamiento\\\/#\\\/schema\\\/logo\\\/image\\\/\",\"url\":\"https:\\\/\\\/www.caudete.org\\\/ayuntamiento\\\/wp-content\\\/uploads\\\/2020\\\/11\\\/logo_ayuntamiento_caudete.jpg\",\"contentUrl\":\"https:\\\/\\\/www.caudete.org\\\/ayuntamiento\\\/wp-content\\\/uploads\\\/2020\\\/11\\\/logo_ayuntamiento_caudete.jpg\",\"width\":600,\"height\":150,\"caption\":\"Ayuntamiento de Caudete\"},\"image\":{\"@id\":\"https:\\\/\\\/www.caudete.org\\\/ayuntamiento\\\/#\\\/schema\\\/logo\\\/image\\\/\"},\"sameAs\":[\"https:\\\/\\\/www.facebook.com\\\/ayuntamientocaudete\\\/\",\"https:\\\/\\\/www.youtube.com\\\/channel\\\/UC6VztHaooNsGpw-tNoBEFnQ\"]},{\"@type\":\"Person\",\"@id\":\"https:\\\/\\\/www.caudete.org\\\/ayuntamiento\\\/#\\\/schema\\\/person\\\/cc646da9133078ee4d8dd47457947253\",\"name\":\"alcalde\",\"image\":{\"@type\":\"ImageObject\",\"inLanguage\":\"es\",\"@id\":\"https:\\\/\\\/secure.gravatar.com\\\/avatar\\\/84a817ba065b29ff08d666b215a215f5c79186a645ccb25b14a663d48a130f77?s=96&d=mm&r=g\",\"url\":\"https:\\\/\\\/secure.gravatar.com\\\/avatar\\\/84a817ba065b29ff08d666b215a215f5c79186a645ccb25b14a663d48a130f77?s=96&d=mm&r=g\",\"contentUrl\":\"https:\\\/\\\/secure.gravatar.com\\\/avatar\\\/84a817ba065b29ff08d666b215a215f5c79186a645ccb25b14a663d48a130f77?s=96&d=mm&r=g\",\"caption\":\"alcalde\"},\"url\":\"https:\\\/\\\/www.caudete.org\\\/ayuntamiento\\\/author\\\/alcalde\\\/\"}]}<\/script>\n<!-- \/ Yoast SEO plugin. -->","yoast_head_json":{"title":"Caudete, en el Cat\u00e1logo Nacional de Experiencias Locales de Juventud - MI Ayuntamiento de Caudete","description":"P\u00e1gina Oficial del Ayuntamiento de Caudete (Albacete)","robots":{"index":"index","follow":"follow","max-snippet":"max-snippet:-1","max-image-preview":"max-image-preview:large","max-video-preview":"max-video-preview:-1"},"canonical":"https:\/\/www.caudete.org\/ayuntamiento\/caudete-en-el-catalogo-nacional-de-experiencias-locales-de-juventud\/","og_locale":"es_ES","og_type":"article","og_title":"Caudete, en el Cat\u00e1logo Nacional de Experiencias Locales de Juventud - MI Ayuntamiento de Caudete","og_description":"P\u00e1gina Oficial del Ayuntamiento de Caudete (Albacete)","og_url":"https:\/\/www.caudete.org\/ayuntamiento\/caudete-en-el-catalogo-nacional-de-experiencias-locales-de-juventud\/","og_site_name":"MI Ayuntamiento de Caudete","article_publisher":"https:\/\/www.facebook.com\/ayuntamientocaudete\/","article_published_time":"2021-04-30T19:25:39+00:00","article_modified_time":"2021-04-30T19:56:17+00:00","og_image":[{"width":864,"height":380,"url":"https:\/\/www.caudete.org\/ayuntamiento\/wp-content\/uploads\/2021\/04\/Cartel-Injuve-WEB.jpg","type":"image\/jpeg"}],"author":"alcalde","twitter_card":"summary_large_image","twitter_misc":{"Escrito por":"alcalde","Tiempo de lectura":"2 minutos"},"schema":{"@context":"https:\/\/schema.org","@graph":[{"@type":"Article","@id":"https:\/\/www.caudete.org\/ayuntamiento\/caudete-en-el-catalogo-nacional-de-experiencias-locales-de-juventud\/#article","isPartOf":{"@id":"https:\/\/www.caudete.org\/ayuntamiento\/caudete-en-el-catalogo-nacional-de-experiencias-locales-de-juventud\/"},"author":{"name":"alcalde","@id":"https:\/\/www.caudete.org\/ayuntamiento\/#\/schema\/person\/cc646da9133078ee4d8dd47457947253"},"headline":"Caudete, en el Cat\u00e1logo Nacional de Experiencias Locales de Juventud","datePublished":"2021-04-30T19:25:39+00:00","dateModified":"2021-04-30T19:56:17+00:00","mainEntityOfPage":{"@id":"https:\/\/www.caudete.org\/ayuntamiento\/caudete-en-el-catalogo-nacional-de-experiencias-locales-de-juventud\/"},"wordCount":393,"publisher":{"@id":"https:\/\/www.caudete.org\/ayuntamiento\/#organization"},"image":{"@id":"https:\/\/www.caudete.org\/ayuntamiento\/caudete-en-el-catalogo-nacional-de-experiencias-locales-de-juventud\/#primaryimage"},"thumbnailUrl":"https:\/\/www.caudete.org\/ayuntamiento\/wp-content\/uploads\/2021\/04\/Cartel-Injuve-WEB.jpg","articleSection":["Juventud"],"inLanguage":"es"},{"@type":"WebPage","@id":"https:\/\/www.caudete.org\/ayuntamiento\/caudete-en-el-catalogo-nacional-de-experiencias-locales-de-juventud\/","url":"https:\/\/www.caudete.org\/ayuntamiento\/caudete-en-el-catalogo-nacional-de-experiencias-locales-de-juventud\/","name":"Caudete, en el Cat\u00e1logo Nacional de Experiencias Locales de Juventud - MI Ayuntamiento de Caudete","isPartOf":{"@id":"https:\/\/www.caudete.org\/ayuntamiento\/#website"},"primaryImageOfPage":{"@id":"https:\/\/www.caudete.org\/ayuntamiento\/caudete-en-el-catalogo-nacional-de-experiencias-locales-de-juventud\/#primaryimage"},"image":{"@id":"https:\/\/www.caudete.org\/ayuntamiento\/caudete-en-el-catalogo-nacional-de-experiencias-locales-de-juventud\/#primaryimage"},"thumbnailUrl":"https:\/\/www.caudete.org\/ayuntamiento\/wp-content\/uploads\/2021\/04\/Cartel-Injuve-WEB.jpg","datePublished":"2021-04-30T19:25:39+00:00","dateModified":"2021-04-30T19:56:17+00:00","description":"P\u00e1gina Oficial del Ayuntamiento de Caudete (Albacete)","breadcrumb":{"@id":"https:\/\/www.caudete.org\/ayuntamiento\/caudete-en-el-catalogo-nacional-de-experiencias-locales-de-juventud\/#breadcrumb"},"inLanguage":"es","potentialAction":[{"@type":"ReadAction","target":["https:\/\/www.caudete.org\/ayuntamiento\/caudete-en-el-catalogo-nacional-de-experiencias-locales-de-juventud\/"]}]},{"@type":"ImageObject","inLanguage":"es","@id":"https:\/\/www.caudete.org\/ayuntamiento\/caudete-en-el-catalogo-nacional-de-experiencias-locales-de-juventud\/#primaryimage","url":"https:\/\/www.caudete.org\/ayuntamiento\/wp-content\/uploads\/2021\/04\/Cartel-Injuve-WEB.jpg","contentUrl":"https:\/\/www.caudete.org\/ayuntamiento\/wp-content\/uploads\/2021\/04\/Cartel-Injuve-WEB.jpg","width":864,"height":380},{"@type":"BreadcrumbList","@id":"https:\/\/www.caudete.org\/ayuntamiento\/caudete-en-el-catalogo-nacional-de-experiencias-locales-de-juventud\/#breadcrumb","itemListElement":[{"@type":"ListItem","position":1,"name":"Inicio","item":"https:\/\/www.caudete.org\/ayuntamiento\/"},{"@type":"ListItem","position":2,"name":"Caudete, en el Cat\u00e1logo Nacional de Experiencias Locales de Juventud"}]},{"@type":"WebSite","@id":"https:\/\/www.caudete.org\/ayuntamiento\/#website","url":"https:\/\/www.caudete.org\/ayuntamiento\/","name":"MI Ayuntamiento de Caudete","description":"P\u00e1gina Oficial del MI Ayuntamiento de Caudete","publisher":{"@id":"https:\/\/www.caudete.org\/ayuntamiento\/#organization"},"potentialAction":[{"@type":"SearchAction","target":{"@type":"EntryPoint","urlTemplate":"https:\/\/www.caudete.org\/ayuntamiento\/?s={search_term_string}"},"query-input":{"@type":"PropertyValueSpecification","valueRequired":true,"valueName":"search_term_string"}}],"inLanguage":"es"},{"@type":"Organization","@id":"https:\/\/www.caudete.org\/ayuntamiento\/#organization","name":"Ayuntamiento de Caudete","url":"https:\/\/www.caudete.org\/ayuntamiento\/","logo":{"@type":"ImageObject","inLanguage":"es","@id":"https:\/\/www.caudete.org\/ayuntamiento\/#\/schema\/logo\/image\/","url":"https:\/\/www.caudete.org\/ayuntamiento\/wp-content\/uploads\/2020\/11\/logo_ayuntamiento_caudete.jpg","contentUrl":"https:\/\/www.caudete.org\/ayuntamiento\/wp-content\/uploads\/2020\/11\/logo_ayuntamiento_caudete.jpg","width":600,"height":150,"caption":"Ayuntamiento de Caudete"},"image":{"@id":"https:\/\/www.caudete.org\/ayuntamiento\/#\/schema\/logo\/image\/"},"sameAs":["https:\/\/www.facebook.com\/ayuntamientocaudete\/","https:\/\/www.youtube.com\/channel\/UC6VztHaooNsGpw-tNoBEFnQ"]},{"@type":"Person","@id":"https:\/\/www.caudete.org\/ayuntamiento\/#\/schema\/person\/cc646da9133078ee4d8dd47457947253","name":"alcalde","image":{"@type":"ImageObject","inLanguage":"es","@id":"https:\/\/secure.gravatar.com\/avatar\/84a817ba065b29ff08d666b215a215f5c79186a645ccb25b14a663d48a130f77?s=96&d=mm&r=g","url":"https:\/\/secure.gravatar.com\/avatar\/84a817ba065b29ff08d666b215a215f5c79186a645ccb25b14a663d48a130f77?s=96&d=mm&r=g","contentUrl":"https:\/\/secure.gravatar.com\/avatar\/84a817ba065b29ff08d666b215a215f5c79186a645ccb25b14a663d48a130f77?s=96&d=mm&r=g","caption":"alcalde"},"url":"https:\/\/www.caudete.org\/ayuntamiento\/author\/alcalde\/"}]}},"_links":{"self":[{"href":"https:\/\/www.caudete.org\/ayuntamiento\/wp-json\/wp\/v2\/posts\/14123","targetHints":{"allow":["GET"]}}],"collection":[{"href":"https:\/\/www.caudete.org\/ayuntamiento\/wp-json\/wp\/v2\/posts"}],"about":[{"href":"https:\/\/www.caudete.org\/ayuntamiento\/wp-json\/wp\/v2\/types\/post"}],"author":[{"embeddable":true,"href":"https:\/\/www.caudete.org\/ayuntamiento\/wp-json\/wp\/v2\/users\/3"}],"replies":[{"embeddable":true,"href":"https:\/\/www.caudete.org\/ayuntamiento\/wp-json\/wp\/v2\/comments?post=14123"}],"version-history":[{"count":2,"href":"https:\/\/www.caudete.org\/ayuntamiento\/wp-json\/wp\/v2\/posts\/14123\/revisions"}],"predecessor-version":[{"id":14133,"href":"https:\/\/www.caudete.org\/ayuntamiento\/wp-json\/wp\/v2\/posts\/14123\/revisions\/14133"}],"wp:featuredmedia":[{"embeddable":true,"href":"https:\/\/www.caudete.org\/ayuntamiento\/wp-json\/wp\/v2\/media\/14132"}],"wp:attachment":[{"href":"https:\/\/www.caudete.org\/ayuntamiento\/wp-json\/wp\/v2\/media?parent=14123"}],"wp:term":[{"taxonomy":"category","embeddable":true,"href":"https:\/\/www.caudete.org\/ayuntamiento\/wp-json\/wp\/v2\/categories?post=14123"},{"taxonomy":"post_tag","embeddable":true,"href":"https:\/\/www.caudete.org\/ayuntamiento\/wp-json\/wp\/v2\/tags?post=14123"}],"curies":[{"name":"wp","href":"https:\/\/api.w.org\/{rel}","templated":true}]}}