{"id":14141,"date":"2021-05-03T12:39:18","date_gmt":"2021-05-03T10:39:18","guid":{"rendered":"https:\/\/www.caudete.org\/ayuntamiento\/?p=14141"},"modified":"2021-05-03T12:40:37","modified_gmt":"2021-05-03T10:40:37","slug":"finaliza-una-extensa-campana-de-poda-del-arbolado-urbano","status":"publish","type":"post","link":"https:\/\/www.caudete.org\/ayuntamiento\/finaliza-una-extensa-campana-de-poda-del-arbolado-urbano\/","title":{"rendered":"Finaliza una extensa campa\u00f1a de Poda del Arbolado Urbano"},"content":{"rendered":"<p style=\"text-align: justify;\"><span style=\"font-weight: 400;\">Joaqu\u00edn Pag\u00e1n, Concejal de Servicios, informaba esta ma\u00f1ana que el pasado viernes 30 de abril qued\u00f3 por concluida la temporada de Poda de Arbolado Urbano por el personal del Servicio de Parques y Jardines.<\/span><\/p>\n<p style=\"text-align: justify;\"><span style=\"font-weight: 400;\">Remarcaba que &#8220;<em>en su conjunto esta temporada ha sido intensa en cuanto al alcance de \u00e1rboles que hemos conseguido podar, sanear o limpiar de partes da\u00f1adas<\/em>&#8221; en diferentes zonas del municipio, destacando que &#8220;<em>no solamente hemos actuado en las zonas habituales<\/em>&#8220;, sino que &#8220;<em>adem\u00e1s hemos podido actuar de forma extraordinaria sobre zonas en las que hac\u00eda a\u00f1os no se actuaba y ya era necesario<\/em>&#8220;.<\/span><\/p>\n<p style=\"text-align: justify;\"><span style=\"font-weight: 400;\">La campa\u00f1a ordinaria daba comienzo en el mes de Febrero con <\/span><span style=\"font-weight: 400;\">la poda de \u00e1rboles por los servicios municipales efectuada mediante la empresa adjudicataria del servicio, SIFU-BROCOLI. Como todos los a\u00f1os se actu\u00f3 en los diferentes parques municipales, en las moreras del Centro de Salud y urbanizaci\u00f3n <em>Episodios Caudetanos<\/em>, o la propia Avenida de Las Jornetas, as\u00ed como una exhaustiva poda a los \u00e1rboles del Parque de la Plaza de Toros, actuando tambi\u00e9n sobre la Avenida de Villena.<\/span><\/p>\n<p style=\"text-align: justify;\"><span style=\"font-weight: 400;\">Se ha dedicado mucho tiempo y esfuerzo a la Avenida Virgen de Gracia, nuestro querido <em>Camino de La Virgen,<\/em>\u00a0donde se han saneado y mejorado gran cantidad de los viejos Olmos que dispone este singular y transitado paseo.<\/span><\/p>\n<p style=\"text-align: justify;\"><span style=\"font-weight: 400;\">El Edil ha trasladado que se han atendido reclamaciones de vecinos en diferentes puntos de la poblaci\u00f3n donde algunos \u00e1rboles invaden zonas particulares o incluso con la tala de alg\u00fan \u00e1rbol que daba problemas en viviendas.<\/span><\/p>\n<p style=\"text-align: justify;\"><span style=\"font-weight: 400;\">Respecto a la campa\u00f1a extraordinaria de Poda, matizaba Pag\u00e1n que en diciembre empezamos con la contrataci\u00f3n de un servicio de poda extraordinario por una empresa de Caudete para la alineaci\u00f3n de arbolado en la Avenida de la Libertad.<\/span><\/p>\n<p style=\"text-align: justify;\"><span style=\"font-weight: 400;\">En el mes de Febrero se contrat\u00f3 otra actuaci\u00f3n, a otra empresa caudetana, cuyo objetivo era se centraba sobre la alineaci\u00f3n de \u00e1rboles de la C\/Atleta Antonio Amor\u00f3s y C\/Poeta Evaristo Ba\u00f1\u00f3n.<\/span><\/p>\n<p style=\"text-align: justify;\"><span style=\"font-weight: 400;\">En esta ocasi\u00f3n se efectu\u00f3 una poda algo diferente que contenga el crecimiento de estos \u00e1rboles plataneros, ya que por la gran envergadura que alcanzan levantan aceras, calzadas, incluso afectan a viviendas cercanas. Tambi\u00e9n, se aprovech\u00f3 para limpiar de bolsas y pl\u00e1sticos las copas de la alineaci\u00f3n de \u00e1rboles en Avenida Miguel \u00c1ngel Blanco.<\/span><\/p>\n<p style=\"text-align: justify;\">Finalmente, la \u00faltima fase de la campa\u00f1a 2021 de Poda se ha efectuado con la\u00a0<span style=\"font-weight: 400;\">m\u00e1quina elevadora perteneciente a la Mancomunidad Monte Ib\u00e9rico- Corredor de Almansa. Durante 2 semanas se han efectuado trabajos de poda y saneamiento de las alineaciones de Olmos ubicados en el Camino del Cementerio, actuando sobre los m\u00e1s da\u00f1ados, eliminado ramas secas y d\u00e1ndoles forma, programando la poda del resto de ejemplares para el a\u00f1o pr\u00f3ximo, y de esa forma, alternar la actuaci\u00f3n para no reducir bruscamente el follaje del conjunto de la alineaci\u00f3n.<\/span><\/p>\n","protected":false},"excerpt":{"rendered":"<p>Joaqu\u00edn Pag\u00e1n, Concejal de Servicios, informaba esta ma\u00f1ana que el pasado viernes 30 de abril qued\u00f3 por concluida la temporada de Poda de Arbolado Urbano por el personal del Servicio de Parques y Jardines. Remarcaba que &#8220;en su conjunto esta temporada ha sido intensa en cuanto al alcance de \u00e1rboles que hemos conseguido podar, sanear &hellip;<\/p>\n","protected":false},"author":3,"featured_media":14142,"comment_status":"closed","ping_status":"open","sticky":false,"template":"","format":"standard","meta":{"ngg_post_thumbnail":0,"footnotes":""},"categories":[270],"tags":[],"class_list":["post-14141","post","type-post","status-publish","format-standard","has-post-thumbnail","hentry","category-servicios"],"yoast_head":"<!-- This site is optimized with the Yoast SEO plugin v27.5 - https:\/\/yoast.com\/product\/yoast-seo-wordpress\/ -->\n<title>Finaliza una extensa campa\u00f1a de Poda del Arbolado Urbano - MI Ayuntamiento de Caudete<\/title>\n<meta name=\"description\" content=\"P\u00e1gina Oficial del Ayuntamiento de Caudete (Albacete)\" \/>\n<meta name=\"robots\" content=\"index, follow, max-snippet:-1, max-image-preview:large, max-video-preview:-1\" \/>\n<link rel=\"canonical\" href=\"https:\/\/www.caudete.org\/ayuntamiento\/finaliza-una-extensa-campana-de-poda-del-arbolado-urbano\/\" \/>\n<meta property=\"og:locale\" content=\"es_ES\" \/>\n<meta property=\"og:type\" content=\"article\" \/>\n<meta property=\"og:title\" content=\"Finaliza una extensa campa\u00f1a de Poda del Arbolado Urbano - MI Ayuntamiento de Caudete\" \/>\n<meta property=\"og:description\" content=\"P\u00e1gina Oficial del Ayuntamiento de Caudete (Albacete)\" \/>\n<meta property=\"og:url\" content=\"https:\/\/www.caudete.org\/ayuntamiento\/finaliza-una-extensa-campana-de-poda-del-arbolado-urbano\/\" \/>\n<meta property=\"og:site_name\" content=\"MI Ayuntamiento de Caudete\" \/>\n<meta property=\"article:publisher\" content=\"https:\/\/www.facebook.com\/ayuntamientocaudete\/\" \/>\n<meta property=\"article:published_time\" content=\"2021-05-03T10:39:18+00:00\" \/>\n<meta property=\"article:modified_time\" content=\"2021-05-03T10:40:37+00:00\" \/>\n<meta property=\"og:image\" content=\"https:\/\/www.caudete.org\/ayuntamiento\/wp-content\/uploads\/2021\/05\/WhatsApp-Image-2021-04-30-at-22.38.44.jpeg\" \/>\n\t<meta property=\"og:image:width\" content=\"1600\" \/>\n\t<meta property=\"og:image:height\" content=\"1200\" \/>\n\t<meta property=\"og:image:type\" content=\"image\/jpeg\" \/>\n<meta name=\"author\" content=\"alcalde\" \/>\n<meta name=\"twitter:card\" content=\"summary_large_image\" \/>\n<meta name=\"twitter:label1\" content=\"Escrito por\" \/>\n\t<meta name=\"twitter:data1\" content=\"alcalde\" \/>\n\t<meta name=\"twitter:label2\" content=\"Tiempo de lectura\" \/>\n\t<meta name=\"twitter:data2\" content=\"3 minutos\" \/>\n<script type=\"application\/ld+json\" class=\"yoast-schema-graph\">{\"@context\":\"https:\\\/\\\/schema.org\",\"@graph\":[{\"@type\":\"Article\",\"@id\":\"https:\\\/\\\/www.caudete.org\\\/ayuntamiento\\\/finaliza-una-extensa-campana-de-poda-del-arbolado-urbano\\\/#article\",\"isPartOf\":{\"@id\":\"https:\\\/\\\/www.caudete.org\\\/ayuntamiento\\\/finaliza-una-extensa-campana-de-poda-del-arbolado-urbano\\\/\"},\"author\":{\"name\":\"alcalde\",\"@id\":\"https:\\\/\\\/www.caudete.org\\\/ayuntamiento\\\/#\\\/schema\\\/person\\\/cc646da9133078ee4d8dd47457947253\"},\"headline\":\"Finaliza una extensa campa\u00f1a de Poda del Arbolado Urbano\",\"datePublished\":\"2021-05-03T10:39:18+00:00\",\"dateModified\":\"2021-05-03T10:40:37+00:00\",\"mainEntityOfPage\":{\"@id\":\"https:\\\/\\\/www.caudete.org\\\/ayuntamiento\\\/finaliza-una-extensa-campana-de-poda-del-arbolado-urbano\\\/\"},\"wordCount\":506,\"publisher\":{\"@id\":\"https:\\\/\\\/www.caudete.org\\\/ayuntamiento\\\/#organization\"},\"image\":{\"@id\":\"https:\\\/\\\/www.caudete.org\\\/ayuntamiento\\\/finaliza-una-extensa-campana-de-poda-del-arbolado-urbano\\\/#primaryimage\"},\"thumbnailUrl\":\"https:\\\/\\\/www.caudete.org\\\/ayuntamiento\\\/wp-content\\\/uploads\\\/2021\\\/05\\\/WhatsApp-Image-2021-04-30-at-22.38.44.jpeg\",\"articleSection\":[\"Servicios\"],\"inLanguage\":\"es\"},{\"@type\":\"WebPage\",\"@id\":\"https:\\\/\\\/www.caudete.org\\\/ayuntamiento\\\/finaliza-una-extensa-campana-de-poda-del-arbolado-urbano\\\/\",\"url\":\"https:\\\/\\\/www.caudete.org\\\/ayuntamiento\\\/finaliza-una-extensa-campana-de-poda-del-arbolado-urbano\\\/\",\"name\":\"Finaliza una extensa campa\u00f1a de Poda del Arbolado Urbano - MI Ayuntamiento de Caudete\",\"isPartOf\":{\"@id\":\"https:\\\/\\\/www.caudete.org\\\/ayuntamiento\\\/#website\"},\"primaryImageOfPage\":{\"@id\":\"https:\\\/\\\/www.caudete.org\\\/ayuntamiento\\\/finaliza-una-extensa-campana-de-poda-del-arbolado-urbano\\\/#primaryimage\"},\"image\":{\"@id\":\"https:\\\/\\\/www.caudete.org\\\/ayuntamiento\\\/finaliza-una-extensa-campana-de-poda-del-arbolado-urbano\\\/#primaryimage\"},\"thumbnailUrl\":\"https:\\\/\\\/www.caudete.org\\\/ayuntamiento\\\/wp-content\\\/uploads\\\/2021\\\/05\\\/WhatsApp-Image-2021-04-30-at-22.38.44.jpeg\",\"datePublished\":\"2021-05-03T10:39:18+00:00\",\"dateModified\":\"2021-05-03T10:40:37+00:00\",\"description\":\"P\u00e1gina Oficial del Ayuntamiento de Caudete (Albacete)\",\"breadcrumb\":{\"@id\":\"https:\\\/\\\/www.caudete.org\\\/ayuntamiento\\\/finaliza-una-extensa-campana-de-poda-del-arbolado-urbano\\\/#breadcrumb\"},\"inLanguage\":\"es\",\"potentialAction\":[{\"@type\":\"ReadAction\",\"target\":[\"https:\\\/\\\/www.caudete.org\\\/ayuntamiento\\\/finaliza-una-extensa-campana-de-poda-del-arbolado-urbano\\\/\"]}]},{\"@type\":\"ImageObject\",\"inLanguage\":\"es\",\"@id\":\"https:\\\/\\\/www.caudete.org\\\/ayuntamiento\\\/finaliza-una-extensa-campana-de-poda-del-arbolado-urbano\\\/#primaryimage\",\"url\":\"https:\\\/\\\/www.caudete.org\\\/ayuntamiento\\\/wp-content\\\/uploads\\\/2021\\\/05\\\/WhatsApp-Image-2021-04-30-at-22.38.44.jpeg\",\"contentUrl\":\"https:\\\/\\\/www.caudete.org\\\/ayuntamiento\\\/wp-content\\\/uploads\\\/2021\\\/05\\\/WhatsApp-Image-2021-04-30-at-22.38.44.jpeg\",\"width\":1600,\"height\":1200},{\"@type\":\"BreadcrumbList\",\"@id\":\"https:\\\/\\\/www.caudete.org\\\/ayuntamiento\\\/finaliza-una-extensa-campana-de-poda-del-arbolado-urbano\\\/#breadcrumb\",\"itemListElement\":[{\"@type\":\"ListItem\",\"position\":1,\"name\":\"Inicio\",\"item\":\"https:\\\/\\\/www.caudete.org\\\/ayuntamiento\\\/\"},{\"@type\":\"ListItem\",\"position\":2,\"name\":\"Finaliza una extensa campa\u00f1a de Poda del Arbolado Urbano\"}]},{\"@type\":\"WebSite\",\"@id\":\"https:\\\/\\\/www.caudete.org\\\/ayuntamiento\\\/#website\",\"url\":\"https:\\\/\\\/www.caudete.org\\\/ayuntamiento\\\/\",\"name\":\"MI Ayuntamiento de Caudete\",\"description\":\"P\u00e1gina Oficial del MI Ayuntamiento de Caudete\",\"publisher\":{\"@id\":\"https:\\\/\\\/www.caudete.org\\\/ayuntamiento\\\/#organization\"},\"potentialAction\":[{\"@type\":\"SearchAction\",\"target\":{\"@type\":\"EntryPoint\",\"urlTemplate\":\"https:\\\/\\\/www.caudete.org\\\/ayuntamiento\\\/?s={search_term_string}\"},\"query-input\":{\"@type\":\"PropertyValueSpecification\",\"valueRequired\":true,\"valueName\":\"search_term_string\"}}],\"inLanguage\":\"es\"},{\"@type\":\"Organization\",\"@id\":\"https:\\\/\\\/www.caudete.org\\\/ayuntamiento\\\/#organization\",\"name\":\"Ayuntamiento de Caudete\",\"url\":\"https:\\\/\\\/www.caudete.org\\\/ayuntamiento\\\/\",\"logo\":{\"@type\":\"ImageObject\",\"inLanguage\":\"es\",\"@id\":\"https:\\\/\\\/www.caudete.org\\\/ayuntamiento\\\/#\\\/schema\\\/logo\\\/image\\\/\",\"url\":\"https:\\\/\\\/www.caudete.org\\\/ayuntamiento\\\/wp-content\\\/uploads\\\/2020\\\/11\\\/logo_ayuntamiento_caudete.jpg\",\"contentUrl\":\"https:\\\/\\\/www.caudete.org\\\/ayuntamiento\\\/wp-content\\\/uploads\\\/2020\\\/11\\\/logo_ayuntamiento_caudete.jpg\",\"width\":600,\"height\":150,\"caption\":\"Ayuntamiento de Caudete\"},\"image\":{\"@id\":\"https:\\\/\\\/www.caudete.org\\\/ayuntamiento\\\/#\\\/schema\\\/logo\\\/image\\\/\"},\"sameAs\":[\"https:\\\/\\\/www.facebook.com\\\/ayuntamientocaudete\\\/\",\"https:\\\/\\\/www.youtube.com\\\/channel\\\/UC6VztHaooNsGpw-tNoBEFnQ\"]},{\"@type\":\"Person\",\"@id\":\"https:\\\/\\\/www.caudete.org\\\/ayuntamiento\\\/#\\\/schema\\\/person\\\/cc646da9133078ee4d8dd47457947253\",\"name\":\"alcalde\",\"image\":{\"@type\":\"ImageObject\",\"inLanguage\":\"es\",\"@id\":\"https:\\\/\\\/secure.gravatar.com\\\/avatar\\\/84a817ba065b29ff08d666b215a215f5c79186a645ccb25b14a663d48a130f77?s=96&d=mm&r=g\",\"url\":\"https:\\\/\\\/secure.gravatar.com\\\/avatar\\\/84a817ba065b29ff08d666b215a215f5c79186a645ccb25b14a663d48a130f77?s=96&d=mm&r=g\",\"contentUrl\":\"https:\\\/\\\/secure.gravatar.com\\\/avatar\\\/84a817ba065b29ff08d666b215a215f5c79186a645ccb25b14a663d48a130f77?s=96&d=mm&r=g\",\"caption\":\"alcalde\"},\"url\":\"https:\\\/\\\/www.caudete.org\\\/ayuntamiento\\\/author\\\/alcalde\\\/\"}]}<\/script>\n<!-- \/ Yoast SEO plugin. -->","yoast_head_json":{"title":"Finaliza una extensa campa\u00f1a de Poda del Arbolado Urbano - MI Ayuntamiento de Caudete","description":"P\u00e1gina Oficial del Ayuntamiento de Caudete (Albacete)","robots":{"index":"index","follow":"follow","max-snippet":"max-snippet:-1","max-image-preview":"max-image-preview:large","max-video-preview":"max-video-preview:-1"},"canonical":"https:\/\/www.caudete.org\/ayuntamiento\/finaliza-una-extensa-campana-de-poda-del-arbolado-urbano\/","og_locale":"es_ES","og_type":"article","og_title":"Finaliza una extensa campa\u00f1a de Poda del Arbolado Urbano - MI Ayuntamiento de Caudete","og_description":"P\u00e1gina Oficial del Ayuntamiento de Caudete (Albacete)","og_url":"https:\/\/www.caudete.org\/ayuntamiento\/finaliza-una-extensa-campana-de-poda-del-arbolado-urbano\/","og_site_name":"MI Ayuntamiento de Caudete","article_publisher":"https:\/\/www.facebook.com\/ayuntamientocaudete\/","article_published_time":"2021-05-03T10:39:18+00:00","article_modified_time":"2021-05-03T10:40:37+00:00","og_image":[{"width":1600,"height":1200,"url":"https:\/\/www.caudete.org\/ayuntamiento\/wp-content\/uploads\/2021\/05\/WhatsApp-Image-2021-04-30-at-22.38.44.jpeg","type":"image\/jpeg"}],"author":"alcalde","twitter_card":"summary_large_image","twitter_misc":{"Escrito por":"alcalde","Tiempo de lectura":"3 minutos"},"schema":{"@context":"https:\/\/schema.org","@graph":[{"@type":"Article","@id":"https:\/\/www.caudete.org\/ayuntamiento\/finaliza-una-extensa-campana-de-poda-del-arbolado-urbano\/#article","isPartOf":{"@id":"https:\/\/www.caudete.org\/ayuntamiento\/finaliza-una-extensa-campana-de-poda-del-arbolado-urbano\/"},"author":{"name":"alcalde","@id":"https:\/\/www.caudete.org\/ayuntamiento\/#\/schema\/person\/cc646da9133078ee4d8dd47457947253"},"headline":"Finaliza una extensa campa\u00f1a de Poda del Arbolado Urbano","datePublished":"2021-05-03T10:39:18+00:00","dateModified":"2021-05-03T10:40:37+00:00","mainEntityOfPage":{"@id":"https:\/\/www.caudete.org\/ayuntamiento\/finaliza-una-extensa-campana-de-poda-del-arbolado-urbano\/"},"wordCount":506,"publisher":{"@id":"https:\/\/www.caudete.org\/ayuntamiento\/#organization"},"image":{"@id":"https:\/\/www.caudete.org\/ayuntamiento\/finaliza-una-extensa-campana-de-poda-del-arbolado-urbano\/#primaryimage"},"thumbnailUrl":"https:\/\/www.caudete.org\/ayuntamiento\/wp-content\/uploads\/2021\/05\/WhatsApp-Image-2021-04-30-at-22.38.44.jpeg","articleSection":["Servicios"],"inLanguage":"es"},{"@type":"WebPage","@id":"https:\/\/www.caudete.org\/ayuntamiento\/finaliza-una-extensa-campana-de-poda-del-arbolado-urbano\/","url":"https:\/\/www.caudete.org\/ayuntamiento\/finaliza-una-extensa-campana-de-poda-del-arbolado-urbano\/","name":"Finaliza una extensa campa\u00f1a de Poda del Arbolado Urbano - MI Ayuntamiento de Caudete","isPartOf":{"@id":"https:\/\/www.caudete.org\/ayuntamiento\/#website"},"primaryImageOfPage":{"@id":"https:\/\/www.caudete.org\/ayuntamiento\/finaliza-una-extensa-campana-de-poda-del-arbolado-urbano\/#primaryimage"},"image":{"@id":"https:\/\/www.caudete.org\/ayuntamiento\/finaliza-una-extensa-campana-de-poda-del-arbolado-urbano\/#primaryimage"},"thumbnailUrl":"https:\/\/www.caudete.org\/ayuntamiento\/wp-content\/uploads\/2021\/05\/WhatsApp-Image-2021-04-30-at-22.38.44.jpeg","datePublished":"2021-05-03T10:39:18+00:00","dateModified":"2021-05-03T10:40:37+00:00","description":"P\u00e1gina Oficial del Ayuntamiento de Caudete (Albacete)","breadcrumb":{"@id":"https:\/\/www.caudete.org\/ayuntamiento\/finaliza-una-extensa-campana-de-poda-del-arbolado-urbano\/#breadcrumb"},"inLanguage":"es","potentialAction":[{"@type":"ReadAction","target":["https:\/\/www.caudete.org\/ayuntamiento\/finaliza-una-extensa-campana-de-poda-del-arbolado-urbano\/"]}]},{"@type":"ImageObject","inLanguage":"es","@id":"https:\/\/www.caudete.org\/ayuntamiento\/finaliza-una-extensa-campana-de-poda-del-arbolado-urbano\/#primaryimage","url":"https:\/\/www.caudete.org\/ayuntamiento\/wp-content\/uploads\/2021\/05\/WhatsApp-Image-2021-04-30-at-22.38.44.jpeg","contentUrl":"https:\/\/www.caudete.org\/ayuntamiento\/wp-content\/uploads\/2021\/05\/WhatsApp-Image-2021-04-30-at-22.38.44.jpeg","width":1600,"height":1200},{"@type":"BreadcrumbList","@id":"https:\/\/www.caudete.org\/ayuntamiento\/finaliza-una-extensa-campana-de-poda-del-arbolado-urbano\/#breadcrumb","itemListElement":[{"@type":"ListItem","position":1,"name":"Inicio","item":"https:\/\/www.caudete.org\/ayuntamiento\/"},{"@type":"ListItem","position":2,"name":"Finaliza una extensa campa\u00f1a de Poda del Arbolado Urbano"}]},{"@type":"WebSite","@id":"https:\/\/www.caudete.org\/ayuntamiento\/#website","url":"https:\/\/www.caudete.org\/ayuntamiento\/","name":"MI Ayuntamiento de Caudete","description":"P\u00e1gina Oficial del MI Ayuntamiento de Caudete","publisher":{"@id":"https:\/\/www.caudete.org\/ayuntamiento\/#organization"},"potentialAction":[{"@type":"SearchAction","target":{"@type":"EntryPoint","urlTemplate":"https:\/\/www.caudete.org\/ayuntamiento\/?s={search_term_string}"},"query-input":{"@type":"PropertyValueSpecification","valueRequired":true,"valueName":"search_term_string"}}],"inLanguage":"es"},{"@type":"Organization","@id":"https:\/\/www.caudete.org\/ayuntamiento\/#organization","name":"Ayuntamiento de Caudete","url":"https:\/\/www.caudete.org\/ayuntamiento\/","logo":{"@type":"ImageObject","inLanguage":"es","@id":"https:\/\/www.caudete.org\/ayuntamiento\/#\/schema\/logo\/image\/","url":"https:\/\/www.caudete.org\/ayuntamiento\/wp-content\/uploads\/2020\/11\/logo_ayuntamiento_caudete.jpg","contentUrl":"https:\/\/www.caudete.org\/ayuntamiento\/wp-content\/uploads\/2020\/11\/logo_ayuntamiento_caudete.jpg","width":600,"height":150,"caption":"Ayuntamiento de Caudete"},"image":{"@id":"https:\/\/www.caudete.org\/ayuntamiento\/#\/schema\/logo\/image\/"},"sameAs":["https:\/\/www.facebook.com\/ayuntamientocaudete\/","https:\/\/www.youtube.com\/channel\/UC6VztHaooNsGpw-tNoBEFnQ"]},{"@type":"Person","@id":"https:\/\/www.caudete.org\/ayuntamiento\/#\/schema\/person\/cc646da9133078ee4d8dd47457947253","name":"alcalde","image":{"@type":"ImageObject","inLanguage":"es","@id":"https:\/\/secure.gravatar.com\/avatar\/84a817ba065b29ff08d666b215a215f5c79186a645ccb25b14a663d48a130f77?s=96&d=mm&r=g","url":"https:\/\/secure.gravatar.com\/avatar\/84a817ba065b29ff08d666b215a215f5c79186a645ccb25b14a663d48a130f77?s=96&d=mm&r=g","contentUrl":"https:\/\/secure.gravatar.com\/avatar\/84a817ba065b29ff08d666b215a215f5c79186a645ccb25b14a663d48a130f77?s=96&d=mm&r=g","caption":"alcalde"},"url":"https:\/\/www.caudete.org\/ayuntamiento\/author\/alcalde\/"}]}},"_links":{"self":[{"href":"https:\/\/www.caudete.org\/ayuntamiento\/wp-json\/wp\/v2\/posts\/14141","targetHints":{"allow":["GET"]}}],"collection":[{"href":"https:\/\/www.caudete.org\/ayuntamiento\/wp-json\/wp\/v2\/posts"}],"about":[{"href":"https:\/\/www.caudete.org\/ayuntamiento\/wp-json\/wp\/v2\/types\/post"}],"author":[{"embeddable":true,"href":"https:\/\/www.caudete.org\/ayuntamiento\/wp-json\/wp\/v2\/users\/3"}],"replies":[{"embeddable":true,"href":"https:\/\/www.caudete.org\/ayuntamiento\/wp-json\/wp\/v2\/comments?post=14141"}],"version-history":[{"count":2,"href":"https:\/\/www.caudete.org\/ayuntamiento\/wp-json\/wp\/v2\/posts\/14141\/revisions"}],"predecessor-version":[{"id":14144,"href":"https:\/\/www.caudete.org\/ayuntamiento\/wp-json\/wp\/v2\/posts\/14141\/revisions\/14144"}],"wp:featuredmedia":[{"embeddable":true,"href":"https:\/\/www.caudete.org\/ayuntamiento\/wp-json\/wp\/v2\/media\/14142"}],"wp:attachment":[{"href":"https:\/\/www.caudete.org\/ayuntamiento\/wp-json\/wp\/v2\/media?parent=14141"}],"wp:term":[{"taxonomy":"category","embeddable":true,"href":"https:\/\/www.caudete.org\/ayuntamiento\/wp-json\/wp\/v2\/categories?post=14141"},{"taxonomy":"post_tag","embeddable":true,"href":"https:\/\/www.caudete.org\/ayuntamiento\/wp-json\/wp\/v2\/tags?post=14141"}],"curies":[{"name":"wp","href":"https:\/\/api.w.org\/{rel}","templated":true}]}}