{"id":14192,"date":"2021-05-06T12:57:19","date_gmt":"2021-05-06T10:57:19","guid":{"rendered":"https:\/\/www.caudete.org\/ayuntamiento\/?p=14192"},"modified":"2021-05-06T13:09:30","modified_gmt":"2021-05-06T11:09:30","slug":"grandes-resultados-de-los-atletas-de-edm-de-atletismo-de-caudete-en-el-campeonato-provincial-escolar-de-pista","status":"publish","type":"post","link":"https:\/\/www.caudete.org\/ayuntamiento\/grandes-resultados-de-los-atletas-de-edm-de-atletismo-de-caudete-en-el-campeonato-provincial-escolar-de-pista\/","title":{"rendered":"Grandes resultados de los atletas de EDM de atletismo de Caudete en el Campeonato provincial escolar de pista"},"content":{"rendered":"<p>El pasado fin de semana (1 y 2 de mayo) volv\u00eda la competici\u00f3n de atletismo escolar a las pistas de Albacete con la celebraci\u00f3n de las dos primeras jornadas del campeonato provincial escolar.<\/p>\n<p>Con estrictas medidas de seguridad sanitaria y con la presencia de p\u00fablico se pudo celebrar con \u00e9xito todas las pruebas programadas.<\/p>\n<p>A falta de la \u00faltima jornada que se celebrar\u00e1 el pr\u00f3ximo d\u00eda 15 de mayo en Almansa, <strong>los resultados obtenidos por los ni\u00f1os y ni\u00f1as de las EDM de Caudete fueron excelentes.<\/strong><\/p>\n<p>Hasta la capital provincial se desplazaron un total de 19 atletas (6 chicos y 13 chicas) que consiguieron un total de 16 medallas (2 oros, 9 platas y 5 bronces), clasific\u00e1ndose la gran mayor\u00eda para el campeonato de Castilla La Mancha que se disputar\u00e1 el pr\u00f3ximo mes de junio.<\/p>\n<p>Adem\u00e1s de los p\u00f3diums conseguidos, hay que destacar las grandes marcas obtenidas por algunos de estos atletas que les sit\u00faan entre los tres mejores del ranking auton\u00f3mico e incluso algunos entre los 20 mejores del ranking nacional en sus respectivas categor\u00eda y pruebas.<\/p>\n<p><strong>Destacar las marcas realizadas por No\u00e9 Gonz\u00e1lez en salto de longitud Sub18 (6.22 metros), Eva Navarro en salto de altura Sub14 (1.40 metros), \u00c1ngel Torres en salto de altura Sub14 (1.50 metros), Roberto Gil en 1000 metros Sub14 (3:11.99) y Laura Requena en 300 metros Sub16 (46.68).<\/strong><\/p>\n<p>&nbsp;<\/p>\n<p><span style=\"text-decoration: underline;\"><strong>Atletas participantes y clasificaci\u00f3n en las dos jornadas:<\/strong><\/span><\/p>\n<p><strong>-NO\u00c9 GONZ\u00c1LEZ<\/strong> (Sub18): 1\u00ba en salto de longitud y 3\u00aa en 200m\/l.<\/p>\n<p><strong>-EVA NAVARRO<\/strong> (Sub14): 1\u00aa en salto de altura, 7\u00aa en 80m\/l, 5\u00aa en salto de longitud y 2\u00aa en 150m\/l.<\/p>\n<p><strong>-\u00c1NGEL TORRES<\/strong> (Sub14): 2\u00aa en salto de altura, 2\u00ba en 80m\/l y 2\u00ba con el equipo de relevos.<\/p>\n<p><strong>-DAMI\u00c1N REY<\/strong> (SUB14): 7\u00ba en 80m\/l y 8\u00ba en 1000m\/l y 2\u00ba con el equipo de relevos.<\/p>\n<p><strong>-ELOY TOM\u00c1S<\/strong> (Sub14): 9\u00ba en 1000m\/l, 12\u00ba en 80m\/l y 2\u00ba con el equipo de relevos.<\/p>\n<p><strong>-ROBERTO GIL<\/strong> (Sub14): 2\u00ba en 1000m\/l y 2\u00ba con el equipo de relevos.<\/p>\n<p><strong>-CRISTINA ASENSIO<\/strong> (Sub14): 8\u00aa en 1000m\/l y 9\u00aa en 80m\/l.<\/p>\n<p><strong>-CARLA GARC\u00cdA<\/strong> (Sub18): 2\u00aa en 1500m\/l y 2\u00aa en 5000m\/l.<\/p>\n<p><strong>-CAROLINA NAVARRO<\/strong> (Sub18): 2\u00aa en 400m\/l.<\/p>\n<p><strong>-MARTA PASTOR<\/strong> (Sub18): 3\u00aa en 400m\/l.<\/p>\n<p><strong>-DOMINGO TORRES<\/strong> (Sub14): 11\u00ba en salto de longitud y 14\u00ba en 150m\/l.<\/p>\n<p><strong>-SANDRA TOM\u00c1S<\/strong> (Sub18): 3\u00aa en 5000m\/l.<\/p>\n<p><strong>-MAR\u00cdA GRACIA MART\u00cdNEZ<\/strong> (Sub16): 3\u00aa en 1000m\/l.<\/p>\n<p><strong>-PAULA TORRES<\/strong> (Sub16): 4\u00aa en 1000m\/l.<\/p>\n<p><strong>-ALICIA PUCHE<\/strong> (Sub16): 1000m\/l.<\/p>\n<p><strong>-IRENE REQUENA<\/strong> (Sub16): 2\u00aa en lanzamiento de disco.<\/p>\n<p><strong>-SELENA MART\u00cdNEZ<\/strong> (Sub16): 11\u00aa en 300 m\/l.<\/p>\n<p><strong>-THELMA CUENCA<\/strong> (Sub16): 7\u00aa en 300m\/l.<\/p>\n<p><strong>-LAURA REQUENA<\/strong> (Sub16): 3\u00aa en 300m\/l.<\/p>\n<p>&nbsp;<\/p>\n<style type=\"text\/css\">\n#foogallery-gallery-14199.fg-justified .fg-item { margin-right: 2px; margin-bottom: 2px; }\n#foogallery-gallery-14199.fg-justified .fg-image { height: 200px; }<\/style>\n\t\t\t<div class=\"foogallery foogallery-container foogallery-justified foogallery-lightbox-none fg-justified fg-ready fg-light fg-shadow-outline fg-loading-default fg-loaded-fade-in fg-caption-always fg-hover-fade fg-hover-zoom2\" id=\"foogallery-gallery-14199\" data-foogallery=\"{&quot;item&quot;:{&quot;showCaptionTitle&quot;:true,&quot;showCaptionDescription&quot;:false},&quot;lazy&quot;:true,&quot;paging&quot;:{&quot;type&quot;:&quot;dots&quot;,&quot;size&quot;:20,&quot;position&quot;:&quot;bottom&quot;,&quot;scrollToTop&quot;:false,&quot;output&quot;:&quot;html&quot;,&quot;theme&quot;:&quot;fg-light&quot;},&quot;template&quot;:{&quot;rowHeight&quot;:200,&quot;maxRowHeight&quot;:250,&quot;margins&quot;:2,&quot;align&quot;:&quot;center&quot;,&quot;lastRow&quot;:&quot;smart&quot;}}\" style=\"--fg-title-line-clamp: 0; --fg-description-line-clamp: 0;\" >\n\t<div class=\"fg-item fg-type-image fg-idle\"><figure class=\"fg-item-inner\"><a href=\"https:\/\/www.caudete.org\/ayuntamiento\/wp-content\/uploads\/2021\/05\/FOTO1.jpg\" data-attachment-id=\"14195\" data-e-disable-page-transition=\"true\" data-type=\"image\" class=\"fg-thumb\"><span class=\"fg-image-wrap\"><img fetchpriority=\"high\" decoding=\"async\" height=\"250\" width=\"349\" class=\"skip-lazy fg-image\" data-src-fg=\"https:\/\/www.caudete.org\/ayuntamiento\/wp-content\/uploads\/cache\/2021\/05\/FOTO1\/668456024.jpg\" src=\"data:image\/svg+xml,%3Csvg%20xmlns%3D%22http%3A%2F%2Fwww.w3.org%2F2000%2Fsvg%22%20width%3D%22349%22%20height%3D%22250%22%20viewBox%3D%220%200%20349%20250%22%3E%3C%2Fsvg%3E\" loading=\"eager\"><\/span><span class=\"fg-image-overlay\"><\/span><\/a><\/figure><div class=\"fg-loader\"><\/div><\/div><div class=\"fg-item fg-type-image fg-idle\"><figure class=\"fg-item-inner\"><a href=\"https:\/\/www.caudete.org\/ayuntamiento\/wp-content\/uploads\/2021\/05\/FOTO2.jpg\" data-attachment-id=\"14196\" data-e-disable-page-transition=\"true\" data-type=\"image\" class=\"fg-thumb\"><span class=\"fg-image-wrap\"><img decoding=\"async\" height=\"250\" width=\"302\" class=\"skip-lazy fg-image\" data-src-fg=\"https:\/\/www.caudete.org\/ayuntamiento\/wp-content\/uploads\/cache\/2021\/05\/FOTO2\/3054877836.jpg\" src=\"data:image\/svg+xml,%3Csvg%20xmlns%3D%22http%3A%2F%2Fwww.w3.org%2F2000%2Fsvg%22%20width%3D%22302%22%20height%3D%22250%22%20viewBox%3D%220%200%20302%20250%22%3E%3C%2Fsvg%3E\" loading=\"eager\"><\/span><span class=\"fg-image-overlay\"><\/span><\/a><\/figure><div class=\"fg-loader\"><\/div><\/div><div class=\"fg-item fg-type-image fg-idle\"><figure class=\"fg-item-inner\"><a href=\"https:\/\/www.caudete.org\/ayuntamiento\/wp-content\/uploads\/2021\/05\/FOTO3-1.jpg\" data-attachment-id=\"14197\" data-e-disable-page-transition=\"true\" data-type=\"image\" class=\"fg-thumb\"><span class=\"fg-image-wrap\"><img decoding=\"async\" height=\"250\" width=\"399\" class=\"skip-lazy fg-image\" data-src-fg=\"https:\/\/www.caudete.org\/ayuntamiento\/wp-content\/uploads\/cache\/2021\/05\/FOTO3-1\/2223072807.jpg\" src=\"data:image\/svg+xml,%3Csvg%20xmlns%3D%22http%3A%2F%2Fwww.w3.org%2F2000%2Fsvg%22%20width%3D%22399%22%20height%3D%22250%22%20viewBox%3D%220%200%20399%20250%22%3E%3C%2Fsvg%3E\" loading=\"eager\"><\/span><span class=\"fg-image-overlay\"><\/span><\/a><\/figure><div class=\"fg-loader\"><\/div><\/div><\/div>\n\n<p>&nbsp;<\/p>\n<p>&nbsp;<\/p>\n","protected":false},"excerpt":{"rendered":"<p>El pasado fin de semana (1 y 2 de mayo) volv\u00eda la competici\u00f3n de atletismo escolar a las pistas de Albacete con la celebraci\u00f3n de las dos primeras jornadas del campeonato provincial escolar. Con estrictas medidas de seguridad sanitaria y con la presencia de p\u00fablico se pudo celebrar con \u00e9xito todas las pruebas programadas. A &hellip;<\/p>\n","protected":false},"author":2,"featured_media":14206,"comment_status":"closed","ping_status":"open","sticky":false,"template":"","format":"standard","meta":{"ngg_post_thumbnail":0,"footnotes":""},"categories":[23],"tags":[623,622],"class_list":["post-14192","post","type-post","status-publish","format-standard","has-post-thumbnail","hentry","category-deportes","tag-campeonato-provincial-escolar-albacete","tag-escuelas-deportivas-municipales"],"yoast_head":"<!-- This site is optimized with the Yoast SEO plugin v27.5 - https:\/\/yoast.com\/product\/yoast-seo-wordpress\/ -->\n<title>Grandes resultados de los atletas de EDM de atletismo de Caudete en el Campeonato provincial escolar de pista - MI Ayuntamiento de Caudete<\/title>\n<meta name=\"description\" content=\"P\u00e1gina Oficial del Ayuntamiento de Caudete (Albacete)\" \/>\n<meta name=\"robots\" content=\"index, follow, max-snippet:-1, max-image-preview:large, max-video-preview:-1\" \/>\n<link rel=\"canonical\" href=\"https:\/\/www.caudete.org\/ayuntamiento\/grandes-resultados-de-los-atletas-de-edm-de-atletismo-de-caudete-en-el-campeonato-provincial-escolar-de-pista\/\" \/>\n<meta property=\"og:locale\" content=\"es_ES\" \/>\n<meta property=\"og:type\" content=\"article\" \/>\n<meta property=\"og:title\" content=\"Grandes resultados de los atletas de EDM de atletismo de Caudete en el Campeonato provincial escolar de pista - MI Ayuntamiento de Caudete\" \/>\n<meta property=\"og:description\" content=\"P\u00e1gina Oficial del Ayuntamiento de Caudete (Albacete)\" \/>\n<meta property=\"og:url\" content=\"https:\/\/www.caudete.org\/ayuntamiento\/grandes-resultados-de-los-atletas-de-edm-de-atletismo-de-caudete-en-el-campeonato-provincial-escolar-de-pista\/\" \/>\n<meta property=\"og:site_name\" content=\"MI Ayuntamiento de Caudete\" \/>\n<meta property=\"article:publisher\" content=\"https:\/\/www.facebook.com\/ayuntamientocaudete\/\" \/>\n<meta property=\"article:published_time\" content=\"2021-05-06T10:57:19+00:00\" \/>\n<meta property=\"article:modified_time\" content=\"2021-05-06T11:09:30+00:00\" \/>\n<meta property=\"og:image\" content=\"https:\/\/www.caudete.org\/ayuntamiento\/wp-content\/uploads\/2021\/05\/Resultados-Atletismo-WEB-3.jpg\" \/>\n\t<meta property=\"og:image:width\" content=\"864\" \/>\n\t<meta property=\"og:image:height\" content=\"380\" \/>\n\t<meta property=\"og:image:type\" content=\"image\/jpeg\" \/>\n<meta name=\"author\" content=\"Juan\" \/>\n<meta name=\"twitter:card\" content=\"summary_large_image\" \/>\n<meta name=\"twitter:label1\" content=\"Escrito por\" \/>\n\t<meta name=\"twitter:data1\" content=\"Juan\" \/>\n\t<meta name=\"twitter:label2\" content=\"Tiempo de lectura\" \/>\n\t<meta name=\"twitter:data2\" content=\"2 minutos\" \/>\n<script type=\"application\/ld+json\" class=\"yoast-schema-graph\">{\"@context\":\"https:\\\/\\\/schema.org\",\"@graph\":[{\"@type\":\"Article\",\"@id\":\"https:\\\/\\\/www.caudete.org\\\/ayuntamiento\\\/grandes-resultados-de-los-atletas-de-edm-de-atletismo-de-caudete-en-el-campeonato-provincial-escolar-de-pista\\\/#article\",\"isPartOf\":{\"@id\":\"https:\\\/\\\/www.caudete.org\\\/ayuntamiento\\\/grandes-resultados-de-los-atletas-de-edm-de-atletismo-de-caudete-en-el-campeonato-provincial-escolar-de-pista\\\/\"},\"author\":{\"name\":\"Juan\",\"@id\":\"https:\\\/\\\/www.caudete.org\\\/ayuntamiento\\\/#\\\/schema\\\/person\\\/7656a5bb58fca95b9814e940de0fda63\"},\"headline\":\"Grandes resultados de los atletas de EDM de atletismo de Caudete en el Campeonato provincial escolar de pista\",\"datePublished\":\"2021-05-06T10:57:19+00:00\",\"dateModified\":\"2021-05-06T11:09:30+00:00\",\"mainEntityOfPage\":{\"@id\":\"https:\\\/\\\/www.caudete.org\\\/ayuntamiento\\\/grandes-resultados-de-los-atletas-de-edm-de-atletismo-de-caudete-en-el-campeonato-provincial-escolar-de-pista\\\/\"},\"wordCount\":446,\"image\":{\"@id\":\"https:\\\/\\\/www.caudete.org\\\/ayuntamiento\\\/grandes-resultados-de-los-atletas-de-edm-de-atletismo-de-caudete-en-el-campeonato-provincial-escolar-de-pista\\\/#primaryimage\"},\"thumbnailUrl\":\"https:\\\/\\\/www.caudete.org\\\/ayuntamiento\\\/wp-content\\\/uploads\\\/2021\\\/05\\\/Resultados-Atletismo-WEB-3.jpg\",\"keywords\":[\"Campeonato provincial Escolar Albacete\",\"Escuelas Deportivas Municipales\"],\"articleSection\":[\"Deportes\"],\"inLanguage\":\"es\"},{\"@type\":\"WebPage\",\"@id\":\"https:\\\/\\\/www.caudete.org\\\/ayuntamiento\\\/grandes-resultados-de-los-atletas-de-edm-de-atletismo-de-caudete-en-el-campeonato-provincial-escolar-de-pista\\\/\",\"url\":\"https:\\\/\\\/www.caudete.org\\\/ayuntamiento\\\/grandes-resultados-de-los-atletas-de-edm-de-atletismo-de-caudete-en-el-campeonato-provincial-escolar-de-pista\\\/\",\"name\":\"Grandes resultados de los atletas de EDM de atletismo de Caudete en el Campeonato provincial escolar de pista - MI Ayuntamiento de Caudete\",\"isPartOf\":{\"@id\":\"https:\\\/\\\/www.caudete.org\\\/ayuntamiento\\\/#website\"},\"primaryImageOfPage\":{\"@id\":\"https:\\\/\\\/www.caudete.org\\\/ayuntamiento\\\/grandes-resultados-de-los-atletas-de-edm-de-atletismo-de-caudete-en-el-campeonato-provincial-escolar-de-pista\\\/#primaryimage\"},\"image\":{\"@id\":\"https:\\\/\\\/www.caudete.org\\\/ayuntamiento\\\/grandes-resultados-de-los-atletas-de-edm-de-atletismo-de-caudete-en-el-campeonato-provincial-escolar-de-pista\\\/#primaryimage\"},\"thumbnailUrl\":\"https:\\\/\\\/www.caudete.org\\\/ayuntamiento\\\/wp-content\\\/uploads\\\/2021\\\/05\\\/Resultados-Atletismo-WEB-3.jpg\",\"datePublished\":\"2021-05-06T10:57:19+00:00\",\"dateModified\":\"2021-05-06T11:09:30+00:00\",\"author\":{\"@id\":\"https:\\\/\\\/www.caudete.org\\\/ayuntamiento\\\/#\\\/schema\\\/person\\\/7656a5bb58fca95b9814e940de0fda63\"},\"description\":\"P\u00e1gina Oficial del Ayuntamiento de Caudete (Albacete)\",\"breadcrumb\":{\"@id\":\"https:\\\/\\\/www.caudete.org\\\/ayuntamiento\\\/grandes-resultados-de-los-atletas-de-edm-de-atletismo-de-caudete-en-el-campeonato-provincial-escolar-de-pista\\\/#breadcrumb\"},\"inLanguage\":\"es\",\"potentialAction\":[{\"@type\":\"ReadAction\",\"target\":[\"https:\\\/\\\/www.caudete.org\\\/ayuntamiento\\\/grandes-resultados-de-los-atletas-de-edm-de-atletismo-de-caudete-en-el-campeonato-provincial-escolar-de-pista\\\/\"]}]},{\"@type\":\"ImageObject\",\"inLanguage\":\"es\",\"@id\":\"https:\\\/\\\/www.caudete.org\\\/ayuntamiento\\\/grandes-resultados-de-los-atletas-de-edm-de-atletismo-de-caudete-en-el-campeonato-provincial-escolar-de-pista\\\/#primaryimage\",\"url\":\"https:\\\/\\\/www.caudete.org\\\/ayuntamiento\\\/wp-content\\\/uploads\\\/2021\\\/05\\\/Resultados-Atletismo-WEB-3.jpg\",\"contentUrl\":\"https:\\\/\\\/www.caudete.org\\\/ayuntamiento\\\/wp-content\\\/uploads\\\/2021\\\/05\\\/Resultados-Atletismo-WEB-3.jpg\",\"width\":864,\"height\":380},{\"@type\":\"BreadcrumbList\",\"@id\":\"https:\\\/\\\/www.caudete.org\\\/ayuntamiento\\\/grandes-resultados-de-los-atletas-de-edm-de-atletismo-de-caudete-en-el-campeonato-provincial-escolar-de-pista\\\/#breadcrumb\",\"itemListElement\":[{\"@type\":\"ListItem\",\"position\":1,\"name\":\"Inicio\",\"item\":\"https:\\\/\\\/www.caudete.org\\\/ayuntamiento\\\/\"},{\"@type\":\"ListItem\",\"position\":2,\"name\":\"Grandes resultados de los atletas de EDM de atletismo de Caudete en el Campeonato provincial escolar de pista\"}]},{\"@type\":\"WebSite\",\"@id\":\"https:\\\/\\\/www.caudete.org\\\/ayuntamiento\\\/#website\",\"url\":\"https:\\\/\\\/www.caudete.org\\\/ayuntamiento\\\/\",\"name\":\"MI Ayuntamiento de Caudete\",\"description\":\"P\u00e1gina Oficial del MI Ayuntamiento de Caudete\",\"potentialAction\":[{\"@type\":\"SearchAction\",\"target\":{\"@type\":\"EntryPoint\",\"urlTemplate\":\"https:\\\/\\\/www.caudete.org\\\/ayuntamiento\\\/?s={search_term_string}\"},\"query-input\":{\"@type\":\"PropertyValueSpecification\",\"valueRequired\":true,\"valueName\":\"search_term_string\"}}],\"inLanguage\":\"es\"},{\"@type\":\"Person\",\"@id\":\"https:\\\/\\\/www.caudete.org\\\/ayuntamiento\\\/#\\\/schema\\\/person\\\/7656a5bb58fca95b9814e940de0fda63\",\"name\":\"Juan\",\"image\":{\"@type\":\"ImageObject\",\"inLanguage\":\"es\",\"@id\":\"https:\\\/\\\/secure.gravatar.com\\\/avatar\\\/dd53e51c0cd6ab23f52d4f3e4f1c59730240727763de3dbbf26750b079a2c292?s=96&d=mm&r=g\",\"url\":\"https:\\\/\\\/secure.gravatar.com\\\/avatar\\\/dd53e51c0cd6ab23f52d4f3e4f1c59730240727763de3dbbf26750b079a2c292?s=96&d=mm&r=g\",\"contentUrl\":\"https:\\\/\\\/secure.gravatar.com\\\/avatar\\\/dd53e51c0cd6ab23f52d4f3e4f1c59730240727763de3dbbf26750b079a2c292?s=96&d=mm&r=g\",\"caption\":\"Juan\"},\"url\":\"https:\\\/\\\/www.caudete.org\\\/ayuntamiento\\\/author\\\/centrodeinternet\\\/\"}]}<\/script>\n<!-- \/ Yoast SEO plugin. -->","yoast_head_json":{"title":"Grandes resultados de los atletas de EDM de atletismo de Caudete en el Campeonato provincial escolar de pista - MI Ayuntamiento de Caudete","description":"P\u00e1gina Oficial del Ayuntamiento de Caudete (Albacete)","robots":{"index":"index","follow":"follow","max-snippet":"max-snippet:-1","max-image-preview":"max-image-preview:large","max-video-preview":"max-video-preview:-1"},"canonical":"https:\/\/www.caudete.org\/ayuntamiento\/grandes-resultados-de-los-atletas-de-edm-de-atletismo-de-caudete-en-el-campeonato-provincial-escolar-de-pista\/","og_locale":"es_ES","og_type":"article","og_title":"Grandes resultados de los atletas de EDM de atletismo de Caudete en el Campeonato provincial escolar de pista - MI Ayuntamiento de Caudete","og_description":"P\u00e1gina Oficial del Ayuntamiento de Caudete (Albacete)","og_url":"https:\/\/www.caudete.org\/ayuntamiento\/grandes-resultados-de-los-atletas-de-edm-de-atletismo-de-caudete-en-el-campeonato-provincial-escolar-de-pista\/","og_site_name":"MI Ayuntamiento de Caudete","article_publisher":"https:\/\/www.facebook.com\/ayuntamientocaudete\/","article_published_time":"2021-05-06T10:57:19+00:00","article_modified_time":"2021-05-06T11:09:30+00:00","og_image":[{"width":864,"height":380,"url":"https:\/\/www.caudete.org\/ayuntamiento\/wp-content\/uploads\/2021\/05\/Resultados-Atletismo-WEB-3.jpg","type":"image\/jpeg"}],"author":"Juan","twitter_card":"summary_large_image","twitter_misc":{"Escrito por":"Juan","Tiempo de lectura":"2 minutos"},"schema":{"@context":"https:\/\/schema.org","@graph":[{"@type":"Article","@id":"https:\/\/www.caudete.org\/ayuntamiento\/grandes-resultados-de-los-atletas-de-edm-de-atletismo-de-caudete-en-el-campeonato-provincial-escolar-de-pista\/#article","isPartOf":{"@id":"https:\/\/www.caudete.org\/ayuntamiento\/grandes-resultados-de-los-atletas-de-edm-de-atletismo-de-caudete-en-el-campeonato-provincial-escolar-de-pista\/"},"author":{"name":"Juan","@id":"https:\/\/www.caudete.org\/ayuntamiento\/#\/schema\/person\/7656a5bb58fca95b9814e940de0fda63"},"headline":"Grandes resultados de los atletas de EDM de atletismo de Caudete en el Campeonato provincial escolar de pista","datePublished":"2021-05-06T10:57:19+00:00","dateModified":"2021-05-06T11:09:30+00:00","mainEntityOfPage":{"@id":"https:\/\/www.caudete.org\/ayuntamiento\/grandes-resultados-de-los-atletas-de-edm-de-atletismo-de-caudete-en-el-campeonato-provincial-escolar-de-pista\/"},"wordCount":446,"image":{"@id":"https:\/\/www.caudete.org\/ayuntamiento\/grandes-resultados-de-los-atletas-de-edm-de-atletismo-de-caudete-en-el-campeonato-provincial-escolar-de-pista\/#primaryimage"},"thumbnailUrl":"https:\/\/www.caudete.org\/ayuntamiento\/wp-content\/uploads\/2021\/05\/Resultados-Atletismo-WEB-3.jpg","keywords":["Campeonato provincial Escolar Albacete","Escuelas Deportivas Municipales"],"articleSection":["Deportes"],"inLanguage":"es"},{"@type":"WebPage","@id":"https:\/\/www.caudete.org\/ayuntamiento\/grandes-resultados-de-los-atletas-de-edm-de-atletismo-de-caudete-en-el-campeonato-provincial-escolar-de-pista\/","url":"https:\/\/www.caudete.org\/ayuntamiento\/grandes-resultados-de-los-atletas-de-edm-de-atletismo-de-caudete-en-el-campeonato-provincial-escolar-de-pista\/","name":"Grandes resultados de los atletas de EDM de atletismo de Caudete en el Campeonato provincial escolar de pista - MI Ayuntamiento de Caudete","isPartOf":{"@id":"https:\/\/www.caudete.org\/ayuntamiento\/#website"},"primaryImageOfPage":{"@id":"https:\/\/www.caudete.org\/ayuntamiento\/grandes-resultados-de-los-atletas-de-edm-de-atletismo-de-caudete-en-el-campeonato-provincial-escolar-de-pista\/#primaryimage"},"image":{"@id":"https:\/\/www.caudete.org\/ayuntamiento\/grandes-resultados-de-los-atletas-de-edm-de-atletismo-de-caudete-en-el-campeonato-provincial-escolar-de-pista\/#primaryimage"},"thumbnailUrl":"https:\/\/www.caudete.org\/ayuntamiento\/wp-content\/uploads\/2021\/05\/Resultados-Atletismo-WEB-3.jpg","datePublished":"2021-05-06T10:57:19+00:00","dateModified":"2021-05-06T11:09:30+00:00","author":{"@id":"https:\/\/www.caudete.org\/ayuntamiento\/#\/schema\/person\/7656a5bb58fca95b9814e940de0fda63"},"description":"P\u00e1gina Oficial del Ayuntamiento de Caudete (Albacete)","breadcrumb":{"@id":"https:\/\/www.caudete.org\/ayuntamiento\/grandes-resultados-de-los-atletas-de-edm-de-atletismo-de-caudete-en-el-campeonato-provincial-escolar-de-pista\/#breadcrumb"},"inLanguage":"es","potentialAction":[{"@type":"ReadAction","target":["https:\/\/www.caudete.org\/ayuntamiento\/grandes-resultados-de-los-atletas-de-edm-de-atletismo-de-caudete-en-el-campeonato-provincial-escolar-de-pista\/"]}]},{"@type":"ImageObject","inLanguage":"es","@id":"https:\/\/www.caudete.org\/ayuntamiento\/grandes-resultados-de-los-atletas-de-edm-de-atletismo-de-caudete-en-el-campeonato-provincial-escolar-de-pista\/#primaryimage","url":"https:\/\/www.caudete.org\/ayuntamiento\/wp-content\/uploads\/2021\/05\/Resultados-Atletismo-WEB-3.jpg","contentUrl":"https:\/\/www.caudete.org\/ayuntamiento\/wp-content\/uploads\/2021\/05\/Resultados-Atletismo-WEB-3.jpg","width":864,"height":380},{"@type":"BreadcrumbList","@id":"https:\/\/www.caudete.org\/ayuntamiento\/grandes-resultados-de-los-atletas-de-edm-de-atletismo-de-caudete-en-el-campeonato-provincial-escolar-de-pista\/#breadcrumb","itemListElement":[{"@type":"ListItem","position":1,"name":"Inicio","item":"https:\/\/www.caudete.org\/ayuntamiento\/"},{"@type":"ListItem","position":2,"name":"Grandes resultados de los atletas de EDM de atletismo de Caudete en el Campeonato provincial escolar de pista"}]},{"@type":"WebSite","@id":"https:\/\/www.caudete.org\/ayuntamiento\/#website","url":"https:\/\/www.caudete.org\/ayuntamiento\/","name":"MI Ayuntamiento de Caudete","description":"P\u00e1gina Oficial del MI Ayuntamiento de Caudete","potentialAction":[{"@type":"SearchAction","target":{"@type":"EntryPoint","urlTemplate":"https:\/\/www.caudete.org\/ayuntamiento\/?s={search_term_string}"},"query-input":{"@type":"PropertyValueSpecification","valueRequired":true,"valueName":"search_term_string"}}],"inLanguage":"es"},{"@type":"Person","@id":"https:\/\/www.caudete.org\/ayuntamiento\/#\/schema\/person\/7656a5bb58fca95b9814e940de0fda63","name":"Juan","image":{"@type":"ImageObject","inLanguage":"es","@id":"https:\/\/secure.gravatar.com\/avatar\/dd53e51c0cd6ab23f52d4f3e4f1c59730240727763de3dbbf26750b079a2c292?s=96&d=mm&r=g","url":"https:\/\/secure.gravatar.com\/avatar\/dd53e51c0cd6ab23f52d4f3e4f1c59730240727763de3dbbf26750b079a2c292?s=96&d=mm&r=g","contentUrl":"https:\/\/secure.gravatar.com\/avatar\/dd53e51c0cd6ab23f52d4f3e4f1c59730240727763de3dbbf26750b079a2c292?s=96&d=mm&r=g","caption":"Juan"},"url":"https:\/\/www.caudete.org\/ayuntamiento\/author\/centrodeinternet\/"}]}},"_links":{"self":[{"href":"https:\/\/www.caudete.org\/ayuntamiento\/wp-json\/wp\/v2\/posts\/14192","targetHints":{"allow":["GET"]}}],"collection":[{"href":"https:\/\/www.caudete.org\/ayuntamiento\/wp-json\/wp\/v2\/posts"}],"about":[{"href":"https:\/\/www.caudete.org\/ayuntamiento\/wp-json\/wp\/v2\/types\/post"}],"author":[{"embeddable":true,"href":"https:\/\/www.caudete.org\/ayuntamiento\/wp-json\/wp\/v2\/users\/2"}],"replies":[{"embeddable":true,"href":"https:\/\/www.caudete.org\/ayuntamiento\/wp-json\/wp\/v2\/comments?post=14192"}],"version-history":[{"count":5,"href":"https:\/\/www.caudete.org\/ayuntamiento\/wp-json\/wp\/v2\/posts\/14192\/revisions"}],"predecessor-version":[{"id":14207,"href":"https:\/\/www.caudete.org\/ayuntamiento\/wp-json\/wp\/v2\/posts\/14192\/revisions\/14207"}],"wp:featuredmedia":[{"embeddable":true,"href":"https:\/\/www.caudete.org\/ayuntamiento\/wp-json\/wp\/v2\/media\/14206"}],"wp:attachment":[{"href":"https:\/\/www.caudete.org\/ayuntamiento\/wp-json\/wp\/v2\/media?parent=14192"}],"wp:term":[{"taxonomy":"category","embeddable":true,"href":"https:\/\/www.caudete.org\/ayuntamiento\/wp-json\/wp\/v2\/categories?post=14192"},{"taxonomy":"post_tag","embeddable":true,"href":"https:\/\/www.caudete.org\/ayuntamiento\/wp-json\/wp\/v2\/tags?post=14192"}],"curies":[{"name":"wp","href":"https:\/\/api.w.org\/{rel}","templated":true}]}}