{"id":14232,"date":"2021-05-07T09:38:49","date_gmt":"2021-05-07T07:38:49","guid":{"rendered":"https:\/\/www.caudete.org\/ayuntamiento\/?p=14232"},"modified":"2021-05-07T10:37:41","modified_gmt":"2021-05-07T08:37:41","slug":"musical-maestrissimo-pagagnini-2-a-cargo-de-la-compania-yllana-2","status":"publish","type":"post","link":"https:\/\/www.caudete.org\/ayuntamiento\/musical-maestrissimo-pagagnini-2-a-cargo-de-la-compania-yllana-2\/","title":{"rendered":"MUSICAL: &#8220;MAESTRISSIMO (PAGAGNINI 2)&#8221;.\u00a0 A cargo de la Compa\u00f1\u00eda Yllana."},"content":{"rendered":"<p><strong>Domingo 16 de mayo. 18:30 horas. Auditorio Municipal.<\/strong><\/p>\n<p><strong>Entradas en Casa de Cultura.\u00a0 Aforo limitado<\/strong><\/p>\n<p>\u201cMaestrissimo\u201d es un espect\u00e1culo &lt;&lt;allegro e molto vivace&gt;&gt; a mitad de camino entre el concierto de c\u00e1mara, la comedia sat\u00edrica y el retrato de \u00e9poca en el que se muestran, al m\u00e1s puro estilo Yllana, las aventuras y desventuras de un cuarteto de cuerdas en un per\u00edodo indeterminado entre los siglos XVII y XVIII (Barroco y Neoclasicismo).<\/p>\n<p>Un m\u00fasico de relleno, un segund\u00f3n sin apellidos pero con un talento descomunal, intentar\u00e1 progresar en el escalaf\u00f3n y alcanzar el t\u00edtulo de maestrissimo. \u00bfSer\u00e1n su talento y su genialidad suficientes como para hacerse un hueco en un mundo tan jerarquizado? \u00bfConseguir\u00e1 el prestigio que por derecho se merece?.<\/p>\n<p>En la misma l\u00ednea que \u201cPagagnini\u201d, pero con una entidad propia, \u201cMaestrissimo\u201d deleitar\u00e1 a los espectadores con una cuidad\u00edsima est\u00e9tica y unos personajes divertid\u00edsimos, abordando temas como la \u00e9tica, la creaci\u00f3n, la originalidad y el valor del arte en la sociedad, al mismo tiempo que repasa momentos cumbre de la m\u00fasica cl\u00e1sica.<\/p>\n<p>Esta actividad est\u00e1 incluida en la programaci\u00f3n de primavera de la Concejal\u00eda de Cultura del Ayuntamiento de Caudete , de Cultural Albacete y del programa Actuamos de la Junta de Comunidades de Castilla La Mancha.<\/p>\n<h1 class=\"title style-scope ytd-video-primary-info-renderer\"><span style=\"font-size: 18pt;\">Teaser &#8211; Maestrissimo (Pagagnini 2)\u00a0<\/span><\/h1>\n<p><iframe title=\"Maestrissimo (Pagagnini 2) - Teaser\" width=\"704\" height=\"396\" src=\"https:\/\/www.youtube.com\/embed\/deNjyxgLJKg?feature=oembed\" frameborder=\"0\" allow=\"accelerometer; autoplay; clipboard-write; encrypted-media; gyroscope; picture-in-picture\" allowfullscreen><\/iframe><\/p>\n<p style=\"text-align: center;\"><strong>CARTEL MUSICAL MAESTRISSIMO<\/strong><\/p>\n<p><a href=\"https:\/\/www.caudete.org\/ayuntamiento\/wp-content\/uploads\/2021\/05\/Cartel-Redes-Musical-Maestrissimo-scaled.jpg\" rel='prettyPhoto'><img fetchpriority=\"high\" decoding=\"async\" class=\"aligncenter wp-image-14234 size-medium\" src=\"https:\/\/www.caudete.org\/ayuntamiento\/wp-content\/uploads\/2021\/05\/Cartel-Redes-Musical-Maestrissimo-212x300.jpg\" alt=\"\" width=\"212\" height=\"300\" srcset=\"https:\/\/www.caudete.org\/ayuntamiento\/wp-content\/uploads\/2021\/05\/Cartel-Redes-Musical-Maestrissimo-212x300.jpg 212w, https:\/\/www.caudete.org\/ayuntamiento\/wp-content\/uploads\/2021\/05\/Cartel-Redes-Musical-Maestrissimo-724x1024.jpg 724w, https:\/\/www.caudete.org\/ayuntamiento\/wp-content\/uploads\/2021\/05\/Cartel-Redes-Musical-Maestrissimo-768x1086.jpg 768w, https:\/\/www.caudete.org\/ayuntamiento\/wp-content\/uploads\/2021\/05\/Cartel-Redes-Musical-Maestrissimo-1086x1536.jpg 1086w, https:\/\/www.caudete.org\/ayuntamiento\/wp-content\/uploads\/2021\/05\/Cartel-Redes-Musical-Maestrissimo-1448x2048.jpg 1448w, https:\/\/www.caudete.org\/ayuntamiento\/wp-content\/uploads\/2021\/05\/Cartel-Redes-Musical-Maestrissimo-scaled.jpg 1810w\" sizes=\"(max-width: 212px) 100vw, 212px\" \/><\/a><\/p>\n","protected":false},"excerpt":{"rendered":"<p>Domingo 16 de mayo. 18:30 horas. Auditorio Municipal. Entradas en Casa de Cultura.\u00a0 Aforo limitado \u201cMaestrissimo\u201d es un espect\u00e1culo &lt;&lt;allegro e molto vivace&gt;&gt; a mitad de camino entre el concierto de c\u00e1mara, la comedia sat\u00edrica y el retrato de \u00e9poca en el que se muestran, al m\u00e1s puro estilo Yllana, las aventuras y desventuras de &hellip;<\/p>\n","protected":false},"author":2,"featured_media":14235,"comment_status":"closed","ping_status":"open","sticky":false,"template":"","format":"standard","meta":{"ngg_post_thumbnail":0,"footnotes":""},"categories":[14],"tags":[625,624,626],"class_list":["post-14232","post","type-post","status-publish","format-standard","has-post-thumbnail","hentry","category-cultura","tag-compania-yllana","tag-maestrissimo","tag-musical"],"yoast_head":"<!-- This site is optimized with the Yoast SEO plugin v27.5 - https:\/\/yoast.com\/product\/yoast-seo-wordpress\/ -->\n<title>MUSICAL: &quot;MAESTRISSIMO (PAGAGNINI 2)&quot;.\u00a0 A cargo de la Compa\u00f1\u00eda Yllana. - MI Ayuntamiento de Caudete<\/title>\n<meta name=\"description\" content=\"P\u00e1gina Oficial del Ayuntamiento de Caudete (Albacete)\" \/>\n<meta name=\"robots\" content=\"index, follow, max-snippet:-1, max-image-preview:large, max-video-preview:-1\" \/>\n<link rel=\"canonical\" href=\"https:\/\/www.caudete.org\/ayuntamiento\/musical-maestrissimo-pagagnini-2-a-cargo-de-la-compania-yllana-2\/\" \/>\n<meta property=\"og:locale\" content=\"es_ES\" \/>\n<meta property=\"og:type\" content=\"article\" \/>\n<meta property=\"og:title\" content=\"MUSICAL: &quot;MAESTRISSIMO (PAGAGNINI 2)&quot;.\u00a0 A cargo de la Compa\u00f1\u00eda Yllana. - MI Ayuntamiento de Caudete\" \/>\n<meta property=\"og:description\" content=\"P\u00e1gina Oficial del Ayuntamiento de Caudete (Albacete)\" \/>\n<meta property=\"og:url\" content=\"https:\/\/www.caudete.org\/ayuntamiento\/musical-maestrissimo-pagagnini-2-a-cargo-de-la-compania-yllana-2\/\" \/>\n<meta property=\"og:site_name\" content=\"MI Ayuntamiento de Caudete\" \/>\n<meta property=\"article:publisher\" content=\"https:\/\/www.facebook.com\/ayuntamientocaudete\/\" \/>\n<meta property=\"article:published_time\" content=\"2021-05-07T07:38:49+00:00\" \/>\n<meta property=\"article:modified_time\" content=\"2021-05-07T08:37:41+00:00\" \/>\n<meta property=\"og:image\" content=\"https:\/\/www.caudete.org\/ayuntamiento\/wp-content\/uploads\/2021\/05\/Maestrisimo-Web-1.jpg\" \/>\n\t<meta property=\"og:image:width\" content=\"864\" \/>\n\t<meta property=\"og:image:height\" content=\"380\" \/>\n\t<meta property=\"og:image:type\" content=\"image\/jpeg\" \/>\n<meta name=\"author\" content=\"Juan\" \/>\n<meta name=\"twitter:card\" content=\"summary_large_image\" \/>\n<meta name=\"twitter:label1\" content=\"Escrito por\" \/>\n\t<meta name=\"twitter:data1\" content=\"Juan\" \/>\n\t<meta name=\"twitter:label2\" content=\"Tiempo de lectura\" \/>\n\t<meta name=\"twitter:data2\" content=\"2 minutos\" \/>\n<script type=\"application\/ld+json\" class=\"yoast-schema-graph\">{\"@context\":\"https:\\\/\\\/schema.org\",\"@graph\":[{\"@type\":\"Article\",\"@id\":\"https:\\\/\\\/www.caudete.org\\\/ayuntamiento\\\/musical-maestrissimo-pagagnini-2-a-cargo-de-la-compania-yllana-2\\\/#article\",\"isPartOf\":{\"@id\":\"https:\\\/\\\/www.caudete.org\\\/ayuntamiento\\\/musical-maestrissimo-pagagnini-2-a-cargo-de-la-compania-yllana-2\\\/\"},\"author\":{\"name\":\"Juan\",\"@id\":\"https:\\\/\\\/www.caudete.org\\\/ayuntamiento\\\/#\\\/schema\\\/person\\\/7656a5bb58fca95b9814e940de0fda63\"},\"headline\":\"MUSICAL: &#8220;MAESTRISSIMO (PAGAGNINI 2)&#8221;.\u00a0 A cargo de la Compa\u00f1\u00eda Yllana.\",\"datePublished\":\"2021-05-07T07:38:49+00:00\",\"dateModified\":\"2021-05-07T08:37:41+00:00\",\"mainEntityOfPage\":{\"@id\":\"https:\\\/\\\/www.caudete.org\\\/ayuntamiento\\\/musical-maestrissimo-pagagnini-2-a-cargo-de-la-compania-yllana-2\\\/\"},\"wordCount\":252,\"image\":{\"@id\":\"https:\\\/\\\/www.caudete.org\\\/ayuntamiento\\\/musical-maestrissimo-pagagnini-2-a-cargo-de-la-compania-yllana-2\\\/#primaryimage\"},\"thumbnailUrl\":\"https:\\\/\\\/www.caudete.org\\\/ayuntamiento\\\/wp-content\\\/uploads\\\/2021\\\/05\\\/Maestrisimo-Web-1.jpg\",\"keywords\":[\"Compa\u00f1\u00eda Yllana\",\"Maestrissimo\",\"Musical\"],\"articleSection\":[\"Cultura\"],\"inLanguage\":\"es\"},{\"@type\":\"WebPage\",\"@id\":\"https:\\\/\\\/www.caudete.org\\\/ayuntamiento\\\/musical-maestrissimo-pagagnini-2-a-cargo-de-la-compania-yllana-2\\\/\",\"url\":\"https:\\\/\\\/www.caudete.org\\\/ayuntamiento\\\/musical-maestrissimo-pagagnini-2-a-cargo-de-la-compania-yllana-2\\\/\",\"name\":\"MUSICAL: \\\"MAESTRISSIMO (PAGAGNINI 2)\\\".\u00a0 A cargo de la Compa\u00f1\u00eda Yllana. - MI Ayuntamiento de Caudete\",\"isPartOf\":{\"@id\":\"https:\\\/\\\/www.caudete.org\\\/ayuntamiento\\\/#website\"},\"primaryImageOfPage\":{\"@id\":\"https:\\\/\\\/www.caudete.org\\\/ayuntamiento\\\/musical-maestrissimo-pagagnini-2-a-cargo-de-la-compania-yllana-2\\\/#primaryimage\"},\"image\":{\"@id\":\"https:\\\/\\\/www.caudete.org\\\/ayuntamiento\\\/musical-maestrissimo-pagagnini-2-a-cargo-de-la-compania-yllana-2\\\/#primaryimage\"},\"thumbnailUrl\":\"https:\\\/\\\/www.caudete.org\\\/ayuntamiento\\\/wp-content\\\/uploads\\\/2021\\\/05\\\/Maestrisimo-Web-1.jpg\",\"datePublished\":\"2021-05-07T07:38:49+00:00\",\"dateModified\":\"2021-05-07T08:37:41+00:00\",\"author\":{\"@id\":\"https:\\\/\\\/www.caudete.org\\\/ayuntamiento\\\/#\\\/schema\\\/person\\\/7656a5bb58fca95b9814e940de0fda63\"},\"description\":\"P\u00e1gina Oficial del Ayuntamiento de Caudete (Albacete)\",\"breadcrumb\":{\"@id\":\"https:\\\/\\\/www.caudete.org\\\/ayuntamiento\\\/musical-maestrissimo-pagagnini-2-a-cargo-de-la-compania-yllana-2\\\/#breadcrumb\"},\"inLanguage\":\"es\",\"potentialAction\":[{\"@type\":\"ReadAction\",\"target\":[\"https:\\\/\\\/www.caudete.org\\\/ayuntamiento\\\/musical-maestrissimo-pagagnini-2-a-cargo-de-la-compania-yllana-2\\\/\"]}]},{\"@type\":\"ImageObject\",\"inLanguage\":\"es\",\"@id\":\"https:\\\/\\\/www.caudete.org\\\/ayuntamiento\\\/musical-maestrissimo-pagagnini-2-a-cargo-de-la-compania-yllana-2\\\/#primaryimage\",\"url\":\"https:\\\/\\\/www.caudete.org\\\/ayuntamiento\\\/wp-content\\\/uploads\\\/2021\\\/05\\\/Maestrisimo-Web-1.jpg\",\"contentUrl\":\"https:\\\/\\\/www.caudete.org\\\/ayuntamiento\\\/wp-content\\\/uploads\\\/2021\\\/05\\\/Maestrisimo-Web-1.jpg\",\"width\":864,\"height\":380},{\"@type\":\"BreadcrumbList\",\"@id\":\"https:\\\/\\\/www.caudete.org\\\/ayuntamiento\\\/musical-maestrissimo-pagagnini-2-a-cargo-de-la-compania-yllana-2\\\/#breadcrumb\",\"itemListElement\":[{\"@type\":\"ListItem\",\"position\":1,\"name\":\"Inicio\",\"item\":\"https:\\\/\\\/www.caudete.org\\\/ayuntamiento\\\/\"},{\"@type\":\"ListItem\",\"position\":2,\"name\":\"MUSICAL: &#8220;MAESTRISSIMO (PAGAGNINI 2)&#8221;.\u00a0 A cargo de la Compa\u00f1\u00eda Yllana.\"}]},{\"@type\":\"WebSite\",\"@id\":\"https:\\\/\\\/www.caudete.org\\\/ayuntamiento\\\/#website\",\"url\":\"https:\\\/\\\/www.caudete.org\\\/ayuntamiento\\\/\",\"name\":\"MI Ayuntamiento de Caudete\",\"description\":\"P\u00e1gina Oficial del MI Ayuntamiento de Caudete\",\"potentialAction\":[{\"@type\":\"SearchAction\",\"target\":{\"@type\":\"EntryPoint\",\"urlTemplate\":\"https:\\\/\\\/www.caudete.org\\\/ayuntamiento\\\/?s={search_term_string}\"},\"query-input\":{\"@type\":\"PropertyValueSpecification\",\"valueRequired\":true,\"valueName\":\"search_term_string\"}}],\"inLanguage\":\"es\"},{\"@type\":\"Person\",\"@id\":\"https:\\\/\\\/www.caudete.org\\\/ayuntamiento\\\/#\\\/schema\\\/person\\\/7656a5bb58fca95b9814e940de0fda63\",\"name\":\"Juan\",\"image\":{\"@type\":\"ImageObject\",\"inLanguage\":\"es\",\"@id\":\"https:\\\/\\\/secure.gravatar.com\\\/avatar\\\/dd53e51c0cd6ab23f52d4f3e4f1c59730240727763de3dbbf26750b079a2c292?s=96&d=mm&r=g\",\"url\":\"https:\\\/\\\/secure.gravatar.com\\\/avatar\\\/dd53e51c0cd6ab23f52d4f3e4f1c59730240727763de3dbbf26750b079a2c292?s=96&d=mm&r=g\",\"contentUrl\":\"https:\\\/\\\/secure.gravatar.com\\\/avatar\\\/dd53e51c0cd6ab23f52d4f3e4f1c59730240727763de3dbbf26750b079a2c292?s=96&d=mm&r=g\",\"caption\":\"Juan\"},\"url\":\"https:\\\/\\\/www.caudete.org\\\/ayuntamiento\\\/author\\\/centrodeinternet\\\/\"}]}<\/script>\n<!-- \/ Yoast SEO plugin. -->","yoast_head_json":{"title":"MUSICAL: \"MAESTRISSIMO (PAGAGNINI 2)\".\u00a0 A cargo de la Compa\u00f1\u00eda Yllana. - MI Ayuntamiento de Caudete","description":"P\u00e1gina Oficial del Ayuntamiento de Caudete (Albacete)","robots":{"index":"index","follow":"follow","max-snippet":"max-snippet:-1","max-image-preview":"max-image-preview:large","max-video-preview":"max-video-preview:-1"},"canonical":"https:\/\/www.caudete.org\/ayuntamiento\/musical-maestrissimo-pagagnini-2-a-cargo-de-la-compania-yllana-2\/","og_locale":"es_ES","og_type":"article","og_title":"MUSICAL: \"MAESTRISSIMO (PAGAGNINI 2)\".\u00a0 A cargo de la Compa\u00f1\u00eda Yllana. - MI Ayuntamiento de Caudete","og_description":"P\u00e1gina Oficial del Ayuntamiento de Caudete (Albacete)","og_url":"https:\/\/www.caudete.org\/ayuntamiento\/musical-maestrissimo-pagagnini-2-a-cargo-de-la-compania-yllana-2\/","og_site_name":"MI Ayuntamiento de Caudete","article_publisher":"https:\/\/www.facebook.com\/ayuntamientocaudete\/","article_published_time":"2021-05-07T07:38:49+00:00","article_modified_time":"2021-05-07T08:37:41+00:00","og_image":[{"width":864,"height":380,"url":"https:\/\/www.caudete.org\/ayuntamiento\/wp-content\/uploads\/2021\/05\/Maestrisimo-Web-1.jpg","type":"image\/jpeg"}],"author":"Juan","twitter_card":"summary_large_image","twitter_misc":{"Escrito por":"Juan","Tiempo de lectura":"2 minutos"},"schema":{"@context":"https:\/\/schema.org","@graph":[{"@type":"Article","@id":"https:\/\/www.caudete.org\/ayuntamiento\/musical-maestrissimo-pagagnini-2-a-cargo-de-la-compania-yllana-2\/#article","isPartOf":{"@id":"https:\/\/www.caudete.org\/ayuntamiento\/musical-maestrissimo-pagagnini-2-a-cargo-de-la-compania-yllana-2\/"},"author":{"name":"Juan","@id":"https:\/\/www.caudete.org\/ayuntamiento\/#\/schema\/person\/7656a5bb58fca95b9814e940de0fda63"},"headline":"MUSICAL: &#8220;MAESTRISSIMO (PAGAGNINI 2)&#8221;.\u00a0 A cargo de la Compa\u00f1\u00eda Yllana.","datePublished":"2021-05-07T07:38:49+00:00","dateModified":"2021-05-07T08:37:41+00:00","mainEntityOfPage":{"@id":"https:\/\/www.caudete.org\/ayuntamiento\/musical-maestrissimo-pagagnini-2-a-cargo-de-la-compania-yllana-2\/"},"wordCount":252,"image":{"@id":"https:\/\/www.caudete.org\/ayuntamiento\/musical-maestrissimo-pagagnini-2-a-cargo-de-la-compania-yllana-2\/#primaryimage"},"thumbnailUrl":"https:\/\/www.caudete.org\/ayuntamiento\/wp-content\/uploads\/2021\/05\/Maestrisimo-Web-1.jpg","keywords":["Compa\u00f1\u00eda Yllana","Maestrissimo","Musical"],"articleSection":["Cultura"],"inLanguage":"es"},{"@type":"WebPage","@id":"https:\/\/www.caudete.org\/ayuntamiento\/musical-maestrissimo-pagagnini-2-a-cargo-de-la-compania-yllana-2\/","url":"https:\/\/www.caudete.org\/ayuntamiento\/musical-maestrissimo-pagagnini-2-a-cargo-de-la-compania-yllana-2\/","name":"MUSICAL: \"MAESTRISSIMO (PAGAGNINI 2)\".\u00a0 A cargo de la Compa\u00f1\u00eda Yllana. - MI Ayuntamiento de Caudete","isPartOf":{"@id":"https:\/\/www.caudete.org\/ayuntamiento\/#website"},"primaryImageOfPage":{"@id":"https:\/\/www.caudete.org\/ayuntamiento\/musical-maestrissimo-pagagnini-2-a-cargo-de-la-compania-yllana-2\/#primaryimage"},"image":{"@id":"https:\/\/www.caudete.org\/ayuntamiento\/musical-maestrissimo-pagagnini-2-a-cargo-de-la-compania-yllana-2\/#primaryimage"},"thumbnailUrl":"https:\/\/www.caudete.org\/ayuntamiento\/wp-content\/uploads\/2021\/05\/Maestrisimo-Web-1.jpg","datePublished":"2021-05-07T07:38:49+00:00","dateModified":"2021-05-07T08:37:41+00:00","author":{"@id":"https:\/\/www.caudete.org\/ayuntamiento\/#\/schema\/person\/7656a5bb58fca95b9814e940de0fda63"},"description":"P\u00e1gina Oficial del Ayuntamiento de Caudete (Albacete)","breadcrumb":{"@id":"https:\/\/www.caudete.org\/ayuntamiento\/musical-maestrissimo-pagagnini-2-a-cargo-de-la-compania-yllana-2\/#breadcrumb"},"inLanguage":"es","potentialAction":[{"@type":"ReadAction","target":["https:\/\/www.caudete.org\/ayuntamiento\/musical-maestrissimo-pagagnini-2-a-cargo-de-la-compania-yllana-2\/"]}]},{"@type":"ImageObject","inLanguage":"es","@id":"https:\/\/www.caudete.org\/ayuntamiento\/musical-maestrissimo-pagagnini-2-a-cargo-de-la-compania-yllana-2\/#primaryimage","url":"https:\/\/www.caudete.org\/ayuntamiento\/wp-content\/uploads\/2021\/05\/Maestrisimo-Web-1.jpg","contentUrl":"https:\/\/www.caudete.org\/ayuntamiento\/wp-content\/uploads\/2021\/05\/Maestrisimo-Web-1.jpg","width":864,"height":380},{"@type":"BreadcrumbList","@id":"https:\/\/www.caudete.org\/ayuntamiento\/musical-maestrissimo-pagagnini-2-a-cargo-de-la-compania-yllana-2\/#breadcrumb","itemListElement":[{"@type":"ListItem","position":1,"name":"Inicio","item":"https:\/\/www.caudete.org\/ayuntamiento\/"},{"@type":"ListItem","position":2,"name":"MUSICAL: &#8220;MAESTRISSIMO (PAGAGNINI 2)&#8221;.\u00a0 A cargo de la Compa\u00f1\u00eda Yllana."}]},{"@type":"WebSite","@id":"https:\/\/www.caudete.org\/ayuntamiento\/#website","url":"https:\/\/www.caudete.org\/ayuntamiento\/","name":"MI Ayuntamiento de Caudete","description":"P\u00e1gina Oficial del MI Ayuntamiento de Caudete","potentialAction":[{"@type":"SearchAction","target":{"@type":"EntryPoint","urlTemplate":"https:\/\/www.caudete.org\/ayuntamiento\/?s={search_term_string}"},"query-input":{"@type":"PropertyValueSpecification","valueRequired":true,"valueName":"search_term_string"}}],"inLanguage":"es"},{"@type":"Person","@id":"https:\/\/www.caudete.org\/ayuntamiento\/#\/schema\/person\/7656a5bb58fca95b9814e940de0fda63","name":"Juan","image":{"@type":"ImageObject","inLanguage":"es","@id":"https:\/\/secure.gravatar.com\/avatar\/dd53e51c0cd6ab23f52d4f3e4f1c59730240727763de3dbbf26750b079a2c292?s=96&d=mm&r=g","url":"https:\/\/secure.gravatar.com\/avatar\/dd53e51c0cd6ab23f52d4f3e4f1c59730240727763de3dbbf26750b079a2c292?s=96&d=mm&r=g","contentUrl":"https:\/\/secure.gravatar.com\/avatar\/dd53e51c0cd6ab23f52d4f3e4f1c59730240727763de3dbbf26750b079a2c292?s=96&d=mm&r=g","caption":"Juan"},"url":"https:\/\/www.caudete.org\/ayuntamiento\/author\/centrodeinternet\/"}]}},"_links":{"self":[{"href":"https:\/\/www.caudete.org\/ayuntamiento\/wp-json\/wp\/v2\/posts\/14232","targetHints":{"allow":["GET"]}}],"collection":[{"href":"https:\/\/www.caudete.org\/ayuntamiento\/wp-json\/wp\/v2\/posts"}],"about":[{"href":"https:\/\/www.caudete.org\/ayuntamiento\/wp-json\/wp\/v2\/types\/post"}],"author":[{"embeddable":true,"href":"https:\/\/www.caudete.org\/ayuntamiento\/wp-json\/wp\/v2\/users\/2"}],"replies":[{"embeddable":true,"href":"https:\/\/www.caudete.org\/ayuntamiento\/wp-json\/wp\/v2\/comments?post=14232"}],"version-history":[{"count":6,"href":"https:\/\/www.caudete.org\/ayuntamiento\/wp-json\/wp\/v2\/posts\/14232\/revisions"}],"predecessor-version":[{"id":14240,"href":"https:\/\/www.caudete.org\/ayuntamiento\/wp-json\/wp\/v2\/posts\/14232\/revisions\/14240"}],"wp:featuredmedia":[{"embeddable":true,"href":"https:\/\/www.caudete.org\/ayuntamiento\/wp-json\/wp\/v2\/media\/14235"}],"wp:attachment":[{"href":"https:\/\/www.caudete.org\/ayuntamiento\/wp-json\/wp\/v2\/media?parent=14232"}],"wp:term":[{"taxonomy":"category","embeddable":true,"href":"https:\/\/www.caudete.org\/ayuntamiento\/wp-json\/wp\/v2\/categories?post=14232"},{"taxonomy":"post_tag","embeddable":true,"href":"https:\/\/www.caudete.org\/ayuntamiento\/wp-json\/wp\/v2\/tags?post=14232"}],"curies":[{"name":"wp","href":"https:\/\/api.w.org\/{rel}","templated":true}]}}