{"id":14242,"date":"2021-05-09T10:00:17","date_gmt":"2021-05-09T08:00:17","guid":{"rendered":"https:\/\/www.caudete.org\/ayuntamiento\/?p=14242"},"modified":"2021-05-09T20:40:11","modified_gmt":"2021-05-09T18:40:11","slug":"descubre-el-estilo-y-la-tecnica-de-rafael-requena-en-el-dia-internacional-de-los-museos","status":"publish","type":"post","link":"https:\/\/www.caudete.org\/ayuntamiento\/descubre-el-estilo-y-la-tecnica-de-rafael-requena-en-el-dia-internacional-de-los-museos\/","title":{"rendered":"Descubre el estilo y la t\u00e9cnica de RAFAEL REQUENA en el D\u00eda Internacional de los Museos"},"content":{"rendered":"<p style=\"text-align: justify;\">El pr\u00f3ximo 18 de mayo se celebra el D\u00eda Internacional de los Museos, con el lema <em><strong>\u201cel futuro de los museos: recuperar y reimaginar\u201d, <\/strong><\/em>que nos recuerda, una vez m\u00e1s, el papel de los museos en la sociedad, que va mucho m\u00e1s all\u00e1 de preservar las colecciones que custodian, sino que deben tambi\u00e9n acercarlas al gran p\u00fablico y articular\u00a0 recursos did\u00e1cticos que permitan redescubrir la importancia de los tesoros que albergan.<\/p>\n<p style=\"text-align: justify;\">La Concejal\u00eda de Turismo no ha querido dejar pasar por alto esta conmemoraci\u00f3n, y por este motivo, desde el s\u00e1bado 15 hasta el viernes 21 de mayo, <strong>se<\/strong> <strong>ofrecer\u00e1n unas jornadas de acercamiento a la obra pict\u00f3rica del Museo de Acuarela Rafael Requena.<\/strong>\u00a0 Se desarrollar\u00e1 en horario de ma\u00f1anas, atendiendo al aforo que la normativa prevenci\u00f3n <em>Covid<\/em> recomiende para esas fechas, siendo necesario concertar visita a trav\u00e9s de <a href=\"mailto:turismo@caudete.org\" target=\"_blank\" rel=\"nofollow\">turismo@caudete.org<\/a> .La reserva le ser\u00e1 confirmada por la misma v\u00eda.<\/p>\n<p style=\"text-align: justify;\">Nuestro objetivo: comentar, valorar, comprender en com\u00fan el estilo y la t\u00e9cnica de Rafael Requena a trav\u00e9s de la observaci\u00f3n de varios de sus cuadros y, por extensi\u00f3n, como espectadores, generar habilidades para comprender y valorar una obra de arte.<\/p>\n","protected":false},"excerpt":{"rendered":"<p>El pr\u00f3ximo 18 de mayo se celebra el D\u00eda Internacional de los Museos, con el lema \u201cel futuro de los museos: recuperar y reimaginar\u201d, que nos recuerda, una vez m\u00e1s, el papel de los museos en la sociedad, que va mucho m\u00e1s all\u00e1 de preservar las colecciones que custodian, sino que deben tambi\u00e9n acercarlas al &hellip;<\/p>\n","protected":false},"author":3,"featured_media":14262,"comment_status":"closed","ping_status":"open","sticky":false,"template":"","format":"standard","meta":{"ngg_post_thumbnail":0,"footnotes":""},"categories":[43],"tags":[],"class_list":["post-14242","post","type-post","status-publish","format-standard","has-post-thumbnail","hentry","category-turismo"],"yoast_head":"<!-- This site is optimized with the Yoast SEO plugin v27.5 - https:\/\/yoast.com\/product\/yoast-seo-wordpress\/ -->\n<title>Descubre el estilo y la t\u00e9cnica de RAFAEL REQUENA en el D\u00eda Internacional de los Museos - MI Ayuntamiento de Caudete<\/title>\n<meta name=\"description\" content=\"P\u00e1gina Oficial del Ayuntamiento de Caudete (Albacete)\" \/>\n<meta name=\"robots\" content=\"index, follow, max-snippet:-1, max-image-preview:large, max-video-preview:-1\" \/>\n<link rel=\"canonical\" href=\"https:\/\/www.caudete.org\/ayuntamiento\/descubre-el-estilo-y-la-tecnica-de-rafael-requena-en-el-dia-internacional-de-los-museos\/\" \/>\n<meta property=\"og:locale\" content=\"es_ES\" \/>\n<meta property=\"og:type\" content=\"article\" \/>\n<meta property=\"og:title\" content=\"Descubre el estilo y la t\u00e9cnica de RAFAEL REQUENA en el D\u00eda Internacional de los Museos - MI Ayuntamiento de Caudete\" \/>\n<meta property=\"og:description\" content=\"P\u00e1gina Oficial del Ayuntamiento de Caudete (Albacete)\" \/>\n<meta property=\"og:url\" content=\"https:\/\/www.caudete.org\/ayuntamiento\/descubre-el-estilo-y-la-tecnica-de-rafael-requena-en-el-dia-internacional-de-los-museos\/\" \/>\n<meta property=\"og:site_name\" content=\"MI Ayuntamiento de Caudete\" \/>\n<meta property=\"article:publisher\" content=\"https:\/\/www.facebook.com\/ayuntamientocaudete\/\" \/>\n<meta property=\"article:published_time\" content=\"2021-05-09T08:00:17+00:00\" \/>\n<meta property=\"article:modified_time\" content=\"2021-05-09T18:40:11+00:00\" \/>\n<meta property=\"og:image\" content=\"https:\/\/www.caudete.org\/ayuntamiento\/wp-content\/uploads\/2021\/05\/Dia-de-Museos-Web.jpg\" \/>\n\t<meta property=\"og:image:width\" content=\"864\" \/>\n\t<meta property=\"og:image:height\" content=\"380\" \/>\n\t<meta property=\"og:image:type\" content=\"image\/jpeg\" \/>\n<meta name=\"author\" content=\"alcalde\" \/>\n<meta name=\"twitter:card\" content=\"summary_large_image\" \/>\n<meta name=\"twitter:label1\" content=\"Escrito por\" \/>\n\t<meta name=\"twitter:data1\" content=\"alcalde\" \/>\n\t<meta name=\"twitter:label2\" content=\"Tiempo de lectura\" \/>\n\t<meta name=\"twitter:data2\" content=\"1 minuto\" \/>\n<script type=\"application\/ld+json\" class=\"yoast-schema-graph\">{\"@context\":\"https:\\\/\\\/schema.org\",\"@graph\":[{\"@type\":\"Article\",\"@id\":\"https:\\\/\\\/www.caudete.org\\\/ayuntamiento\\\/descubre-el-estilo-y-la-tecnica-de-rafael-requena-en-el-dia-internacional-de-los-museos\\\/#article\",\"isPartOf\":{\"@id\":\"https:\\\/\\\/www.caudete.org\\\/ayuntamiento\\\/descubre-el-estilo-y-la-tecnica-de-rafael-requena-en-el-dia-internacional-de-los-museos\\\/\"},\"author\":{\"name\":\"alcalde\",\"@id\":\"https:\\\/\\\/www.caudete.org\\\/ayuntamiento\\\/#\\\/schema\\\/person\\\/cc646da9133078ee4d8dd47457947253\"},\"headline\":\"Descubre el estilo y la t\u00e9cnica de RAFAEL REQUENA en el D\u00eda Internacional de los Museos\",\"datePublished\":\"2021-05-09T08:00:17+00:00\",\"dateModified\":\"2021-05-09T18:40:11+00:00\",\"mainEntityOfPage\":{\"@id\":\"https:\\\/\\\/www.caudete.org\\\/ayuntamiento\\\/descubre-el-estilo-y-la-tecnica-de-rafael-requena-en-el-dia-internacional-de-los-museos\\\/\"},\"wordCount\":227,\"image\":{\"@id\":\"https:\\\/\\\/www.caudete.org\\\/ayuntamiento\\\/descubre-el-estilo-y-la-tecnica-de-rafael-requena-en-el-dia-internacional-de-los-museos\\\/#primaryimage\"},\"thumbnailUrl\":\"https:\\\/\\\/www.caudete.org\\\/ayuntamiento\\\/wp-content\\\/uploads\\\/2021\\\/05\\\/Dia-de-Museos-Web.jpg\",\"articleSection\":[\"Turismo\"],\"inLanguage\":\"es\"},{\"@type\":\"WebPage\",\"@id\":\"https:\\\/\\\/www.caudete.org\\\/ayuntamiento\\\/descubre-el-estilo-y-la-tecnica-de-rafael-requena-en-el-dia-internacional-de-los-museos\\\/\",\"url\":\"https:\\\/\\\/www.caudete.org\\\/ayuntamiento\\\/descubre-el-estilo-y-la-tecnica-de-rafael-requena-en-el-dia-internacional-de-los-museos\\\/\",\"name\":\"Descubre el estilo y la t\u00e9cnica de RAFAEL REQUENA en el D\u00eda Internacional de los Museos - MI Ayuntamiento de Caudete\",\"isPartOf\":{\"@id\":\"https:\\\/\\\/www.caudete.org\\\/ayuntamiento\\\/#website\"},\"primaryImageOfPage\":{\"@id\":\"https:\\\/\\\/www.caudete.org\\\/ayuntamiento\\\/descubre-el-estilo-y-la-tecnica-de-rafael-requena-en-el-dia-internacional-de-los-museos\\\/#primaryimage\"},\"image\":{\"@id\":\"https:\\\/\\\/www.caudete.org\\\/ayuntamiento\\\/descubre-el-estilo-y-la-tecnica-de-rafael-requena-en-el-dia-internacional-de-los-museos\\\/#primaryimage\"},\"thumbnailUrl\":\"https:\\\/\\\/www.caudete.org\\\/ayuntamiento\\\/wp-content\\\/uploads\\\/2021\\\/05\\\/Dia-de-Museos-Web.jpg\",\"datePublished\":\"2021-05-09T08:00:17+00:00\",\"dateModified\":\"2021-05-09T18:40:11+00:00\",\"author\":{\"@id\":\"https:\\\/\\\/www.caudete.org\\\/ayuntamiento\\\/#\\\/schema\\\/person\\\/cc646da9133078ee4d8dd47457947253\"},\"description\":\"P\u00e1gina Oficial del Ayuntamiento de Caudete (Albacete)\",\"breadcrumb\":{\"@id\":\"https:\\\/\\\/www.caudete.org\\\/ayuntamiento\\\/descubre-el-estilo-y-la-tecnica-de-rafael-requena-en-el-dia-internacional-de-los-museos\\\/#breadcrumb\"},\"inLanguage\":\"es\",\"potentialAction\":[{\"@type\":\"ReadAction\",\"target\":[\"https:\\\/\\\/www.caudete.org\\\/ayuntamiento\\\/descubre-el-estilo-y-la-tecnica-de-rafael-requena-en-el-dia-internacional-de-los-museos\\\/\"]}]},{\"@type\":\"ImageObject\",\"inLanguage\":\"es\",\"@id\":\"https:\\\/\\\/www.caudete.org\\\/ayuntamiento\\\/descubre-el-estilo-y-la-tecnica-de-rafael-requena-en-el-dia-internacional-de-los-museos\\\/#primaryimage\",\"url\":\"https:\\\/\\\/www.caudete.org\\\/ayuntamiento\\\/wp-content\\\/uploads\\\/2021\\\/05\\\/Dia-de-Museos-Web.jpg\",\"contentUrl\":\"https:\\\/\\\/www.caudete.org\\\/ayuntamiento\\\/wp-content\\\/uploads\\\/2021\\\/05\\\/Dia-de-Museos-Web.jpg\",\"width\":864,\"height\":380},{\"@type\":\"BreadcrumbList\",\"@id\":\"https:\\\/\\\/www.caudete.org\\\/ayuntamiento\\\/descubre-el-estilo-y-la-tecnica-de-rafael-requena-en-el-dia-internacional-de-los-museos\\\/#breadcrumb\",\"itemListElement\":[{\"@type\":\"ListItem\",\"position\":1,\"name\":\"Inicio\",\"item\":\"https:\\\/\\\/www.caudete.org\\\/ayuntamiento\\\/\"},{\"@type\":\"ListItem\",\"position\":2,\"name\":\"Descubre el estilo y la t\u00e9cnica de RAFAEL REQUENA en el D\u00eda Internacional de los Museos\"}]},{\"@type\":\"WebSite\",\"@id\":\"https:\\\/\\\/www.caudete.org\\\/ayuntamiento\\\/#website\",\"url\":\"https:\\\/\\\/www.caudete.org\\\/ayuntamiento\\\/\",\"name\":\"MI Ayuntamiento de Caudete\",\"description\":\"P\u00e1gina Oficial del MI Ayuntamiento de Caudete\",\"potentialAction\":[{\"@type\":\"SearchAction\",\"target\":{\"@type\":\"EntryPoint\",\"urlTemplate\":\"https:\\\/\\\/www.caudete.org\\\/ayuntamiento\\\/?s={search_term_string}\"},\"query-input\":{\"@type\":\"PropertyValueSpecification\",\"valueRequired\":true,\"valueName\":\"search_term_string\"}}],\"inLanguage\":\"es\"},{\"@type\":\"Person\",\"@id\":\"https:\\\/\\\/www.caudete.org\\\/ayuntamiento\\\/#\\\/schema\\\/person\\\/cc646da9133078ee4d8dd47457947253\",\"name\":\"alcalde\",\"image\":{\"@type\":\"ImageObject\",\"inLanguage\":\"es\",\"@id\":\"https:\\\/\\\/secure.gravatar.com\\\/avatar\\\/84a817ba065b29ff08d666b215a215f5c79186a645ccb25b14a663d48a130f77?s=96&d=mm&r=g\",\"url\":\"https:\\\/\\\/secure.gravatar.com\\\/avatar\\\/84a817ba065b29ff08d666b215a215f5c79186a645ccb25b14a663d48a130f77?s=96&d=mm&r=g\",\"contentUrl\":\"https:\\\/\\\/secure.gravatar.com\\\/avatar\\\/84a817ba065b29ff08d666b215a215f5c79186a645ccb25b14a663d48a130f77?s=96&d=mm&r=g\",\"caption\":\"alcalde\"},\"url\":\"https:\\\/\\\/www.caudete.org\\\/ayuntamiento\\\/author\\\/alcalde\\\/\"}]}<\/script>\n<!-- \/ Yoast SEO plugin. -->","yoast_head_json":{"title":"Descubre el estilo y la t\u00e9cnica de RAFAEL REQUENA en el D\u00eda Internacional de los Museos - MI Ayuntamiento de Caudete","description":"P\u00e1gina Oficial del Ayuntamiento de Caudete (Albacete)","robots":{"index":"index","follow":"follow","max-snippet":"max-snippet:-1","max-image-preview":"max-image-preview:large","max-video-preview":"max-video-preview:-1"},"canonical":"https:\/\/www.caudete.org\/ayuntamiento\/descubre-el-estilo-y-la-tecnica-de-rafael-requena-en-el-dia-internacional-de-los-museos\/","og_locale":"es_ES","og_type":"article","og_title":"Descubre el estilo y la t\u00e9cnica de RAFAEL REQUENA en el D\u00eda Internacional de los Museos - MI Ayuntamiento de Caudete","og_description":"P\u00e1gina Oficial del Ayuntamiento de Caudete (Albacete)","og_url":"https:\/\/www.caudete.org\/ayuntamiento\/descubre-el-estilo-y-la-tecnica-de-rafael-requena-en-el-dia-internacional-de-los-museos\/","og_site_name":"MI Ayuntamiento de Caudete","article_publisher":"https:\/\/www.facebook.com\/ayuntamientocaudete\/","article_published_time":"2021-05-09T08:00:17+00:00","article_modified_time":"2021-05-09T18:40:11+00:00","og_image":[{"width":864,"height":380,"url":"https:\/\/www.caudete.org\/ayuntamiento\/wp-content\/uploads\/2021\/05\/Dia-de-Museos-Web.jpg","type":"image\/jpeg"}],"author":"alcalde","twitter_card":"summary_large_image","twitter_misc":{"Escrito por":"alcalde","Tiempo de lectura":"1 minuto"},"schema":{"@context":"https:\/\/schema.org","@graph":[{"@type":"Article","@id":"https:\/\/www.caudete.org\/ayuntamiento\/descubre-el-estilo-y-la-tecnica-de-rafael-requena-en-el-dia-internacional-de-los-museos\/#article","isPartOf":{"@id":"https:\/\/www.caudete.org\/ayuntamiento\/descubre-el-estilo-y-la-tecnica-de-rafael-requena-en-el-dia-internacional-de-los-museos\/"},"author":{"name":"alcalde","@id":"https:\/\/www.caudete.org\/ayuntamiento\/#\/schema\/person\/cc646da9133078ee4d8dd47457947253"},"headline":"Descubre el estilo y la t\u00e9cnica de RAFAEL REQUENA en el D\u00eda Internacional de los Museos","datePublished":"2021-05-09T08:00:17+00:00","dateModified":"2021-05-09T18:40:11+00:00","mainEntityOfPage":{"@id":"https:\/\/www.caudete.org\/ayuntamiento\/descubre-el-estilo-y-la-tecnica-de-rafael-requena-en-el-dia-internacional-de-los-museos\/"},"wordCount":227,"image":{"@id":"https:\/\/www.caudete.org\/ayuntamiento\/descubre-el-estilo-y-la-tecnica-de-rafael-requena-en-el-dia-internacional-de-los-museos\/#primaryimage"},"thumbnailUrl":"https:\/\/www.caudete.org\/ayuntamiento\/wp-content\/uploads\/2021\/05\/Dia-de-Museos-Web.jpg","articleSection":["Turismo"],"inLanguage":"es"},{"@type":"WebPage","@id":"https:\/\/www.caudete.org\/ayuntamiento\/descubre-el-estilo-y-la-tecnica-de-rafael-requena-en-el-dia-internacional-de-los-museos\/","url":"https:\/\/www.caudete.org\/ayuntamiento\/descubre-el-estilo-y-la-tecnica-de-rafael-requena-en-el-dia-internacional-de-los-museos\/","name":"Descubre el estilo y la t\u00e9cnica de RAFAEL REQUENA en el D\u00eda Internacional de los Museos - MI Ayuntamiento de Caudete","isPartOf":{"@id":"https:\/\/www.caudete.org\/ayuntamiento\/#website"},"primaryImageOfPage":{"@id":"https:\/\/www.caudete.org\/ayuntamiento\/descubre-el-estilo-y-la-tecnica-de-rafael-requena-en-el-dia-internacional-de-los-museos\/#primaryimage"},"image":{"@id":"https:\/\/www.caudete.org\/ayuntamiento\/descubre-el-estilo-y-la-tecnica-de-rafael-requena-en-el-dia-internacional-de-los-museos\/#primaryimage"},"thumbnailUrl":"https:\/\/www.caudete.org\/ayuntamiento\/wp-content\/uploads\/2021\/05\/Dia-de-Museos-Web.jpg","datePublished":"2021-05-09T08:00:17+00:00","dateModified":"2021-05-09T18:40:11+00:00","author":{"@id":"https:\/\/www.caudete.org\/ayuntamiento\/#\/schema\/person\/cc646da9133078ee4d8dd47457947253"},"description":"P\u00e1gina Oficial del Ayuntamiento de Caudete (Albacete)","breadcrumb":{"@id":"https:\/\/www.caudete.org\/ayuntamiento\/descubre-el-estilo-y-la-tecnica-de-rafael-requena-en-el-dia-internacional-de-los-museos\/#breadcrumb"},"inLanguage":"es","potentialAction":[{"@type":"ReadAction","target":["https:\/\/www.caudete.org\/ayuntamiento\/descubre-el-estilo-y-la-tecnica-de-rafael-requena-en-el-dia-internacional-de-los-museos\/"]}]},{"@type":"ImageObject","inLanguage":"es","@id":"https:\/\/www.caudete.org\/ayuntamiento\/descubre-el-estilo-y-la-tecnica-de-rafael-requena-en-el-dia-internacional-de-los-museos\/#primaryimage","url":"https:\/\/www.caudete.org\/ayuntamiento\/wp-content\/uploads\/2021\/05\/Dia-de-Museos-Web.jpg","contentUrl":"https:\/\/www.caudete.org\/ayuntamiento\/wp-content\/uploads\/2021\/05\/Dia-de-Museos-Web.jpg","width":864,"height":380},{"@type":"BreadcrumbList","@id":"https:\/\/www.caudete.org\/ayuntamiento\/descubre-el-estilo-y-la-tecnica-de-rafael-requena-en-el-dia-internacional-de-los-museos\/#breadcrumb","itemListElement":[{"@type":"ListItem","position":1,"name":"Inicio","item":"https:\/\/www.caudete.org\/ayuntamiento\/"},{"@type":"ListItem","position":2,"name":"Descubre el estilo y la t\u00e9cnica de RAFAEL REQUENA en el D\u00eda Internacional de los Museos"}]},{"@type":"WebSite","@id":"https:\/\/www.caudete.org\/ayuntamiento\/#website","url":"https:\/\/www.caudete.org\/ayuntamiento\/","name":"MI Ayuntamiento de Caudete","description":"P\u00e1gina Oficial del MI Ayuntamiento de Caudete","potentialAction":[{"@type":"SearchAction","target":{"@type":"EntryPoint","urlTemplate":"https:\/\/www.caudete.org\/ayuntamiento\/?s={search_term_string}"},"query-input":{"@type":"PropertyValueSpecification","valueRequired":true,"valueName":"search_term_string"}}],"inLanguage":"es"},{"@type":"Person","@id":"https:\/\/www.caudete.org\/ayuntamiento\/#\/schema\/person\/cc646da9133078ee4d8dd47457947253","name":"alcalde","image":{"@type":"ImageObject","inLanguage":"es","@id":"https:\/\/secure.gravatar.com\/avatar\/84a817ba065b29ff08d666b215a215f5c79186a645ccb25b14a663d48a130f77?s=96&d=mm&r=g","url":"https:\/\/secure.gravatar.com\/avatar\/84a817ba065b29ff08d666b215a215f5c79186a645ccb25b14a663d48a130f77?s=96&d=mm&r=g","contentUrl":"https:\/\/secure.gravatar.com\/avatar\/84a817ba065b29ff08d666b215a215f5c79186a645ccb25b14a663d48a130f77?s=96&d=mm&r=g","caption":"alcalde"},"url":"https:\/\/www.caudete.org\/ayuntamiento\/author\/alcalde\/"}]}},"_links":{"self":[{"href":"https:\/\/www.caudete.org\/ayuntamiento\/wp-json\/wp\/v2\/posts\/14242","targetHints":{"allow":["GET"]}}],"collection":[{"href":"https:\/\/www.caudete.org\/ayuntamiento\/wp-json\/wp\/v2\/posts"}],"about":[{"href":"https:\/\/www.caudete.org\/ayuntamiento\/wp-json\/wp\/v2\/types\/post"}],"author":[{"embeddable":true,"href":"https:\/\/www.caudete.org\/ayuntamiento\/wp-json\/wp\/v2\/users\/3"}],"replies":[{"embeddable":true,"href":"https:\/\/www.caudete.org\/ayuntamiento\/wp-json\/wp\/v2\/comments?post=14242"}],"version-history":[{"count":1,"href":"https:\/\/www.caudete.org\/ayuntamiento\/wp-json\/wp\/v2\/posts\/14242\/revisions"}],"predecessor-version":[{"id":14244,"href":"https:\/\/www.caudete.org\/ayuntamiento\/wp-json\/wp\/v2\/posts\/14242\/revisions\/14244"}],"wp:featuredmedia":[{"embeddable":true,"href":"https:\/\/www.caudete.org\/ayuntamiento\/wp-json\/wp\/v2\/media\/14262"}],"wp:attachment":[{"href":"https:\/\/www.caudete.org\/ayuntamiento\/wp-json\/wp\/v2\/media?parent=14242"}],"wp:term":[{"taxonomy":"category","embeddable":true,"href":"https:\/\/www.caudete.org\/ayuntamiento\/wp-json\/wp\/v2\/categories?post=14242"},{"taxonomy":"post_tag","embeddable":true,"href":"https:\/\/www.caudete.org\/ayuntamiento\/wp-json\/wp\/v2\/tags?post=14242"}],"curies":[{"name":"wp","href":"https:\/\/api.w.org\/{rel}","templated":true}]}}