{"id":14256,"date":"2021-05-09T20:42:28","date_gmt":"2021-05-09T18:42:28","guid":{"rendered":"https:\/\/www.caudete.org\/ayuntamiento\/?p=14256"},"modified":"2021-05-10T10:10:11","modified_gmt":"2021-05-10T08:10:11","slug":"el-ayuntamiento-de-caudete-informa-sobre-el-fin-del-estado-de-alarma","status":"publish","type":"post","link":"https:\/\/www.caudete.org\/ayuntamiento\/el-ayuntamiento-de-caudete-informa-sobre-el-fin-del-estado-de-alarma\/","title":{"rendered":"El Ayuntamiento de Caudete INFORMA sobre el fin del Estado de Alarma"},"content":{"rendered":"<p><strong>MEDIDAS QUE YA HAN ENTRADO EN VIGOR EN CASTILLA LA MANCHA TRAS EL FIN DEL ESTADO DE ALARMA EN RELACI\u00d3N AL COVID 19, HOY D\u00cdA 9 DE MAYO.<\/strong><\/p>\n<p>A partir de la media noche del 9 de mayo se suprime el toque de queda en la regi\u00f3n de Castilla la Mancha por lo que no va a haber perimetraci\u00f3n.<\/p>\n<p><strong>As\u00ed van a quedar las medidas en Castilla-La Mancha\u00a0tras el fin del estado de alarma, <\/strong>seg\u00fan ha explicado su consejero de Sanidad, Jes\u00fas Fern\u00e1ndez Sanz:<\/p>\n<p>&#8211; Se\u00a0levantan el toque de queda y la perimetraci\u00f3n\u00a0de la regi\u00f3n.<\/p>\n<p>&#8211; La\u00a0hosteler\u00eda y locales de ocio podr\u00e1n abrir hasta las 01:00\u00a0horas. El consumo en barra sigue prohibido. El aforo pasa a ser del 75% en el interior y del 100% en el exterior, salvo en aquellos lugares donde haya que tomar medidas m\u00e1s restrictivas por la situaci\u00f3n epidemiol\u00f3gica. El n\u00famero de comensales por mesa sube a 10 tanto en el interior como en el exterior. Est\u00e1 prohibida la venta y consumo de alcohol en las horas de cierre de los locales de ocio.<\/p>\n<p>&#8211; Se recomienda que las\u00a0reuniones\u00a0en los domicilios se mantengan entre convivientes. Los grupos de personas que se pueden reunir para cualquier evento pueden ser hasta de 10 personas.<\/p>\n<p>&#8211; En los espect\u00e1culos, incluidos los taurinos, el aforo m\u00e1ximo se fija en el 75%. Aforo del 75% tambi\u00e9n en\u00a0gimnasios, cines, bibliotecas teatros, piscinas, auditorios, museos, salas de juego y mercadillos. Se plantea la reapertura de campamentos juveniles, con un 75% de aforo y m\u00e1ximo 250 personas.<\/p>\n<p>&#8211;\u00a0Entierros y velatorios\u00a0en interiores limitados a un m\u00e1ximo de 30 personas y en exteriores a 50.\u00a0Bodas, bautizos y comuniones: 50% en el interior hasta 150 personas y un 75% hasta 250 personas en exteriores. El aforo en\u00a0lugares de culto\u00a0pasa a ser del 100%.<\/p>\n<p>&#8211;\u00a0Comercio: aforo en los establecimientos minoristas al 100% y al 75% en los grandes centros comerciales.<\/p>\n<p>&#8211; El uso de la mascarilla sigue siendo obligatorio, as\u00ed como la ventilaci\u00f3n y limpieza de los locales.<\/p>\n<p>&#8211; En aquellos municipios mayores de 5.000 habitantes donde la situaci\u00f3n epidemiol\u00f3gica sea m\u00e1s preocupante, se plantear\u00e1 tomar medidas m\u00e1s estrictas teniendo en cuenta el aval del Tribunal Superior de Justicia.<\/p>\n<ul style=\"list-style-type: disc;\">\n<li><strong>Mascarilla, distancia e higiene de manos siempre<\/strong><strong>\u00a0<\/strong><\/li>\n<li><strong>Estas limitaciones son susceptibles de ser modificadas en cualquier momento.<\/strong><\/li>\n<\/ul>\n<p>&nbsp;<\/p>\n<p><strong>TODA LA INFORMACI\u00d3N \u00a0SANITARIA EN SERVICIO DE SALUD DE CASTILLA LA MANCHA<\/strong><\/p>\n<p><a href=\"https:\/\/sanidad.castillalamancha.es\/ciudadanos\/enfermedades-infecciosas\/coronavirus\/medidas-protecci%C3%B3n-y-control\" target=\"_blank\" rel=\"nofollow\">https:\/\/sanidad.castillalamancha.es\/ciudadanos\/enfermedades-infecciosas\/coronavirus\/medidas-protecci%C3%B3n-y-control\u00a0<\/a><\/p>\n<p>&nbsp;<\/p>\n","protected":false},"excerpt":{"rendered":"<p>MEDIDAS QUE YA HAN ENTRADO EN VIGOR EN CASTILLA LA MANCHA TRAS EL FIN DEL ESTADO DE ALARMA EN RELACI\u00d3N AL COVID 19, HOY D\u00cdA 9 DE MAYO. A partir de la media noche del 9 de mayo se suprime el toque de queda en la regi\u00f3n de Castilla la Mancha por lo que no &hellip;<\/p>\n","protected":false},"author":2,"featured_media":14267,"comment_status":"closed","ping_status":"open","sticky":false,"template":"","format":"standard","meta":{"ngg_post_thumbnail":0,"footnotes":""},"categories":[16],"tags":[79,627],"class_list":["post-14256","post","type-post","status-publish","format-standard","has-post-thumbnail","hentry","category-sanidad","tag-covid-19","tag-estado-de-alarma"],"yoast_head":"<!-- This site is optimized with the Yoast SEO plugin v27.5 - https:\/\/yoast.com\/product\/yoast-seo-wordpress\/ -->\n<title>El Ayuntamiento de Caudete INFORMA sobre el fin del Estado de Alarma - MI Ayuntamiento de Caudete<\/title>\n<meta name=\"description\" content=\"P\u00e1gina Oficial del Ayuntamiento de Caudete (Albacete)\" \/>\n<meta name=\"robots\" content=\"index, follow, max-snippet:-1, max-image-preview:large, max-video-preview:-1\" \/>\n<link rel=\"canonical\" href=\"https:\/\/www.caudete.org\/ayuntamiento\/el-ayuntamiento-de-caudete-informa-sobre-el-fin-del-estado-de-alarma\/\" \/>\n<meta property=\"og:locale\" content=\"es_ES\" \/>\n<meta property=\"og:type\" content=\"article\" \/>\n<meta property=\"og:title\" content=\"El Ayuntamiento de Caudete INFORMA sobre el fin del Estado de Alarma - MI Ayuntamiento de Caudete\" \/>\n<meta property=\"og:description\" content=\"P\u00e1gina Oficial del Ayuntamiento de Caudete (Albacete)\" \/>\n<meta property=\"og:url\" content=\"https:\/\/www.caudete.org\/ayuntamiento\/el-ayuntamiento-de-caudete-informa-sobre-el-fin-del-estado-de-alarma\/\" \/>\n<meta property=\"og:site_name\" content=\"MI Ayuntamiento de Caudete\" \/>\n<meta property=\"article:publisher\" content=\"https:\/\/www.facebook.com\/ayuntamientocaudete\/\" \/>\n<meta property=\"article:published_time\" content=\"2021-05-09T18:42:28+00:00\" \/>\n<meta property=\"article:modified_time\" content=\"2021-05-10T08:10:11+00:00\" \/>\n<meta property=\"og:image\" content=\"https:\/\/www.caudete.org\/ayuntamiento\/wp-content\/uploads\/2021\/05\/Sescam-Web-1-1.jpg\" \/>\n\t<meta property=\"og:image:width\" content=\"864\" \/>\n\t<meta property=\"og:image:height\" content=\"380\" \/>\n\t<meta property=\"og:image:type\" content=\"image\/jpeg\" \/>\n<meta name=\"author\" content=\"Juan\" \/>\n<meta name=\"twitter:card\" content=\"summary_large_image\" \/>\n<meta name=\"twitter:label1\" content=\"Escrito por\" \/>\n\t<meta name=\"twitter:data1\" content=\"Juan\" \/>\n\t<meta name=\"twitter:label2\" content=\"Tiempo de lectura\" \/>\n\t<meta name=\"twitter:data2\" content=\"2 minutos\" \/>\n<script type=\"application\/ld+json\" class=\"yoast-schema-graph\">{\"@context\":\"https:\\\/\\\/schema.org\",\"@graph\":[{\"@type\":\"Article\",\"@id\":\"https:\\\/\\\/www.caudete.org\\\/ayuntamiento\\\/el-ayuntamiento-de-caudete-informa-sobre-el-fin-del-estado-de-alarma\\\/#article\",\"isPartOf\":{\"@id\":\"https:\\\/\\\/www.caudete.org\\\/ayuntamiento\\\/el-ayuntamiento-de-caudete-informa-sobre-el-fin-del-estado-de-alarma\\\/\"},\"author\":{\"name\":\"Juan\",\"@id\":\"https:\\\/\\\/www.caudete.org\\\/ayuntamiento\\\/#\\\/schema\\\/person\\\/7656a5bb58fca95b9814e940de0fda63\"},\"headline\":\"El Ayuntamiento de Caudete INFORMA sobre el fin del Estado de Alarma\",\"datePublished\":\"2021-05-09T18:42:28+00:00\",\"dateModified\":\"2021-05-10T08:10:11+00:00\",\"mainEntityOfPage\":{\"@id\":\"https:\\\/\\\/www.caudete.org\\\/ayuntamiento\\\/el-ayuntamiento-de-caudete-informa-sobre-el-fin-del-estado-de-alarma\\\/\"},\"wordCount\":433,\"publisher\":{\"@id\":\"https:\\\/\\\/www.caudete.org\\\/ayuntamiento\\\/#organization\"},\"image\":{\"@id\":\"https:\\\/\\\/www.caudete.org\\\/ayuntamiento\\\/el-ayuntamiento-de-caudete-informa-sobre-el-fin-del-estado-de-alarma\\\/#primaryimage\"},\"thumbnailUrl\":\"https:\\\/\\\/www.caudete.org\\\/ayuntamiento\\\/wp-content\\\/uploads\\\/2021\\\/05\\\/Sescam-Web-1-1.jpg\",\"keywords\":[\"covid-19\",\"Estado de Alarma\"],\"articleSection\":[\"Sanidad\"],\"inLanguage\":\"es\"},{\"@type\":\"WebPage\",\"@id\":\"https:\\\/\\\/www.caudete.org\\\/ayuntamiento\\\/el-ayuntamiento-de-caudete-informa-sobre-el-fin-del-estado-de-alarma\\\/\",\"url\":\"https:\\\/\\\/www.caudete.org\\\/ayuntamiento\\\/el-ayuntamiento-de-caudete-informa-sobre-el-fin-del-estado-de-alarma\\\/\",\"name\":\"El Ayuntamiento de Caudete INFORMA sobre el fin del Estado de Alarma - MI Ayuntamiento de Caudete\",\"isPartOf\":{\"@id\":\"https:\\\/\\\/www.caudete.org\\\/ayuntamiento\\\/#website\"},\"primaryImageOfPage\":{\"@id\":\"https:\\\/\\\/www.caudete.org\\\/ayuntamiento\\\/el-ayuntamiento-de-caudete-informa-sobre-el-fin-del-estado-de-alarma\\\/#primaryimage\"},\"image\":{\"@id\":\"https:\\\/\\\/www.caudete.org\\\/ayuntamiento\\\/el-ayuntamiento-de-caudete-informa-sobre-el-fin-del-estado-de-alarma\\\/#primaryimage\"},\"thumbnailUrl\":\"https:\\\/\\\/www.caudete.org\\\/ayuntamiento\\\/wp-content\\\/uploads\\\/2021\\\/05\\\/Sescam-Web-1-1.jpg\",\"datePublished\":\"2021-05-09T18:42:28+00:00\",\"dateModified\":\"2021-05-10T08:10:11+00:00\",\"description\":\"P\u00e1gina Oficial del Ayuntamiento de Caudete (Albacete)\",\"breadcrumb\":{\"@id\":\"https:\\\/\\\/www.caudete.org\\\/ayuntamiento\\\/el-ayuntamiento-de-caudete-informa-sobre-el-fin-del-estado-de-alarma\\\/#breadcrumb\"},\"inLanguage\":\"es\",\"potentialAction\":[{\"@type\":\"ReadAction\",\"target\":[\"https:\\\/\\\/www.caudete.org\\\/ayuntamiento\\\/el-ayuntamiento-de-caudete-informa-sobre-el-fin-del-estado-de-alarma\\\/\"]}]},{\"@type\":\"ImageObject\",\"inLanguage\":\"es\",\"@id\":\"https:\\\/\\\/www.caudete.org\\\/ayuntamiento\\\/el-ayuntamiento-de-caudete-informa-sobre-el-fin-del-estado-de-alarma\\\/#primaryimage\",\"url\":\"https:\\\/\\\/www.caudete.org\\\/ayuntamiento\\\/wp-content\\\/uploads\\\/2021\\\/05\\\/Sescam-Web-1-1.jpg\",\"contentUrl\":\"https:\\\/\\\/www.caudete.org\\\/ayuntamiento\\\/wp-content\\\/uploads\\\/2021\\\/05\\\/Sescam-Web-1-1.jpg\",\"width\":864,\"height\":380},{\"@type\":\"BreadcrumbList\",\"@id\":\"https:\\\/\\\/www.caudete.org\\\/ayuntamiento\\\/el-ayuntamiento-de-caudete-informa-sobre-el-fin-del-estado-de-alarma\\\/#breadcrumb\",\"itemListElement\":[{\"@type\":\"ListItem\",\"position\":1,\"name\":\"Inicio\",\"item\":\"https:\\\/\\\/www.caudete.org\\\/ayuntamiento\\\/\"},{\"@type\":\"ListItem\",\"position\":2,\"name\":\"El Ayuntamiento de Caudete INFORMA sobre el fin del Estado de Alarma\"}]},{\"@type\":\"WebSite\",\"@id\":\"https:\\\/\\\/www.caudete.org\\\/ayuntamiento\\\/#website\",\"url\":\"https:\\\/\\\/www.caudete.org\\\/ayuntamiento\\\/\",\"name\":\"MI Ayuntamiento de Caudete\",\"description\":\"P\u00e1gina Oficial del MI Ayuntamiento de Caudete\",\"publisher\":{\"@id\":\"https:\\\/\\\/www.caudete.org\\\/ayuntamiento\\\/#organization\"},\"potentialAction\":[{\"@type\":\"SearchAction\",\"target\":{\"@type\":\"EntryPoint\",\"urlTemplate\":\"https:\\\/\\\/www.caudete.org\\\/ayuntamiento\\\/?s={search_term_string}\"},\"query-input\":{\"@type\":\"PropertyValueSpecification\",\"valueRequired\":true,\"valueName\":\"search_term_string\"}}],\"inLanguage\":\"es\"},{\"@type\":\"Organization\",\"@id\":\"https:\\\/\\\/www.caudete.org\\\/ayuntamiento\\\/#organization\",\"name\":\"Ayuntamiento de Caudete\",\"url\":\"https:\\\/\\\/www.caudete.org\\\/ayuntamiento\\\/\",\"logo\":{\"@type\":\"ImageObject\",\"inLanguage\":\"es\",\"@id\":\"https:\\\/\\\/www.caudete.org\\\/ayuntamiento\\\/#\\\/schema\\\/logo\\\/image\\\/\",\"url\":\"https:\\\/\\\/www.caudete.org\\\/ayuntamiento\\\/wp-content\\\/uploads\\\/2020\\\/11\\\/logo_ayuntamiento_caudete.jpg\",\"contentUrl\":\"https:\\\/\\\/www.caudete.org\\\/ayuntamiento\\\/wp-content\\\/uploads\\\/2020\\\/11\\\/logo_ayuntamiento_caudete.jpg\",\"width\":600,\"height\":150,\"caption\":\"Ayuntamiento de Caudete\"},\"image\":{\"@id\":\"https:\\\/\\\/www.caudete.org\\\/ayuntamiento\\\/#\\\/schema\\\/logo\\\/image\\\/\"},\"sameAs\":[\"https:\\\/\\\/www.facebook.com\\\/ayuntamientocaudete\\\/\",\"https:\\\/\\\/www.youtube.com\\\/channel\\\/UC6VztHaooNsGpw-tNoBEFnQ\"]},{\"@type\":\"Person\",\"@id\":\"https:\\\/\\\/www.caudete.org\\\/ayuntamiento\\\/#\\\/schema\\\/person\\\/7656a5bb58fca95b9814e940de0fda63\",\"name\":\"Juan\",\"image\":{\"@type\":\"ImageObject\",\"inLanguage\":\"es\",\"@id\":\"https:\\\/\\\/secure.gravatar.com\\\/avatar\\\/dd53e51c0cd6ab23f52d4f3e4f1c59730240727763de3dbbf26750b079a2c292?s=96&d=mm&r=g\",\"url\":\"https:\\\/\\\/secure.gravatar.com\\\/avatar\\\/dd53e51c0cd6ab23f52d4f3e4f1c59730240727763de3dbbf26750b079a2c292?s=96&d=mm&r=g\",\"contentUrl\":\"https:\\\/\\\/secure.gravatar.com\\\/avatar\\\/dd53e51c0cd6ab23f52d4f3e4f1c59730240727763de3dbbf26750b079a2c292?s=96&d=mm&r=g\",\"caption\":\"Juan\"},\"url\":\"https:\\\/\\\/www.caudete.org\\\/ayuntamiento\\\/author\\\/centrodeinternet\\\/\"}]}<\/script>\n<!-- \/ Yoast SEO plugin. -->","yoast_head_json":{"title":"El Ayuntamiento de Caudete INFORMA sobre el fin del Estado de Alarma - MI Ayuntamiento de Caudete","description":"P\u00e1gina Oficial del Ayuntamiento de Caudete (Albacete)","robots":{"index":"index","follow":"follow","max-snippet":"max-snippet:-1","max-image-preview":"max-image-preview:large","max-video-preview":"max-video-preview:-1"},"canonical":"https:\/\/www.caudete.org\/ayuntamiento\/el-ayuntamiento-de-caudete-informa-sobre-el-fin-del-estado-de-alarma\/","og_locale":"es_ES","og_type":"article","og_title":"El Ayuntamiento de Caudete INFORMA sobre el fin del Estado de Alarma - MI Ayuntamiento de Caudete","og_description":"P\u00e1gina Oficial del Ayuntamiento de Caudete (Albacete)","og_url":"https:\/\/www.caudete.org\/ayuntamiento\/el-ayuntamiento-de-caudete-informa-sobre-el-fin-del-estado-de-alarma\/","og_site_name":"MI Ayuntamiento de Caudete","article_publisher":"https:\/\/www.facebook.com\/ayuntamientocaudete\/","article_published_time":"2021-05-09T18:42:28+00:00","article_modified_time":"2021-05-10T08:10:11+00:00","og_image":[{"width":864,"height":380,"url":"https:\/\/www.caudete.org\/ayuntamiento\/wp-content\/uploads\/2021\/05\/Sescam-Web-1-1.jpg","type":"image\/jpeg"}],"author":"Juan","twitter_card":"summary_large_image","twitter_misc":{"Escrito por":"Juan","Tiempo de lectura":"2 minutos"},"schema":{"@context":"https:\/\/schema.org","@graph":[{"@type":"Article","@id":"https:\/\/www.caudete.org\/ayuntamiento\/el-ayuntamiento-de-caudete-informa-sobre-el-fin-del-estado-de-alarma\/#article","isPartOf":{"@id":"https:\/\/www.caudete.org\/ayuntamiento\/el-ayuntamiento-de-caudete-informa-sobre-el-fin-del-estado-de-alarma\/"},"author":{"name":"Juan","@id":"https:\/\/www.caudete.org\/ayuntamiento\/#\/schema\/person\/7656a5bb58fca95b9814e940de0fda63"},"headline":"El Ayuntamiento de Caudete INFORMA sobre el fin del Estado de Alarma","datePublished":"2021-05-09T18:42:28+00:00","dateModified":"2021-05-10T08:10:11+00:00","mainEntityOfPage":{"@id":"https:\/\/www.caudete.org\/ayuntamiento\/el-ayuntamiento-de-caudete-informa-sobre-el-fin-del-estado-de-alarma\/"},"wordCount":433,"publisher":{"@id":"https:\/\/www.caudete.org\/ayuntamiento\/#organization"},"image":{"@id":"https:\/\/www.caudete.org\/ayuntamiento\/el-ayuntamiento-de-caudete-informa-sobre-el-fin-del-estado-de-alarma\/#primaryimage"},"thumbnailUrl":"https:\/\/www.caudete.org\/ayuntamiento\/wp-content\/uploads\/2021\/05\/Sescam-Web-1-1.jpg","keywords":["covid-19","Estado de Alarma"],"articleSection":["Sanidad"],"inLanguage":"es"},{"@type":"WebPage","@id":"https:\/\/www.caudete.org\/ayuntamiento\/el-ayuntamiento-de-caudete-informa-sobre-el-fin-del-estado-de-alarma\/","url":"https:\/\/www.caudete.org\/ayuntamiento\/el-ayuntamiento-de-caudete-informa-sobre-el-fin-del-estado-de-alarma\/","name":"El Ayuntamiento de Caudete INFORMA sobre el fin del Estado de Alarma - MI Ayuntamiento de Caudete","isPartOf":{"@id":"https:\/\/www.caudete.org\/ayuntamiento\/#website"},"primaryImageOfPage":{"@id":"https:\/\/www.caudete.org\/ayuntamiento\/el-ayuntamiento-de-caudete-informa-sobre-el-fin-del-estado-de-alarma\/#primaryimage"},"image":{"@id":"https:\/\/www.caudete.org\/ayuntamiento\/el-ayuntamiento-de-caudete-informa-sobre-el-fin-del-estado-de-alarma\/#primaryimage"},"thumbnailUrl":"https:\/\/www.caudete.org\/ayuntamiento\/wp-content\/uploads\/2021\/05\/Sescam-Web-1-1.jpg","datePublished":"2021-05-09T18:42:28+00:00","dateModified":"2021-05-10T08:10:11+00:00","description":"P\u00e1gina Oficial del Ayuntamiento de Caudete (Albacete)","breadcrumb":{"@id":"https:\/\/www.caudete.org\/ayuntamiento\/el-ayuntamiento-de-caudete-informa-sobre-el-fin-del-estado-de-alarma\/#breadcrumb"},"inLanguage":"es","potentialAction":[{"@type":"ReadAction","target":["https:\/\/www.caudete.org\/ayuntamiento\/el-ayuntamiento-de-caudete-informa-sobre-el-fin-del-estado-de-alarma\/"]}]},{"@type":"ImageObject","inLanguage":"es","@id":"https:\/\/www.caudete.org\/ayuntamiento\/el-ayuntamiento-de-caudete-informa-sobre-el-fin-del-estado-de-alarma\/#primaryimage","url":"https:\/\/www.caudete.org\/ayuntamiento\/wp-content\/uploads\/2021\/05\/Sescam-Web-1-1.jpg","contentUrl":"https:\/\/www.caudete.org\/ayuntamiento\/wp-content\/uploads\/2021\/05\/Sescam-Web-1-1.jpg","width":864,"height":380},{"@type":"BreadcrumbList","@id":"https:\/\/www.caudete.org\/ayuntamiento\/el-ayuntamiento-de-caudete-informa-sobre-el-fin-del-estado-de-alarma\/#breadcrumb","itemListElement":[{"@type":"ListItem","position":1,"name":"Inicio","item":"https:\/\/www.caudete.org\/ayuntamiento\/"},{"@type":"ListItem","position":2,"name":"El Ayuntamiento de Caudete INFORMA sobre el fin del Estado de Alarma"}]},{"@type":"WebSite","@id":"https:\/\/www.caudete.org\/ayuntamiento\/#website","url":"https:\/\/www.caudete.org\/ayuntamiento\/","name":"MI Ayuntamiento de Caudete","description":"P\u00e1gina Oficial del MI Ayuntamiento de Caudete","publisher":{"@id":"https:\/\/www.caudete.org\/ayuntamiento\/#organization"},"potentialAction":[{"@type":"SearchAction","target":{"@type":"EntryPoint","urlTemplate":"https:\/\/www.caudete.org\/ayuntamiento\/?s={search_term_string}"},"query-input":{"@type":"PropertyValueSpecification","valueRequired":true,"valueName":"search_term_string"}}],"inLanguage":"es"},{"@type":"Organization","@id":"https:\/\/www.caudete.org\/ayuntamiento\/#organization","name":"Ayuntamiento de Caudete","url":"https:\/\/www.caudete.org\/ayuntamiento\/","logo":{"@type":"ImageObject","inLanguage":"es","@id":"https:\/\/www.caudete.org\/ayuntamiento\/#\/schema\/logo\/image\/","url":"https:\/\/www.caudete.org\/ayuntamiento\/wp-content\/uploads\/2020\/11\/logo_ayuntamiento_caudete.jpg","contentUrl":"https:\/\/www.caudete.org\/ayuntamiento\/wp-content\/uploads\/2020\/11\/logo_ayuntamiento_caudete.jpg","width":600,"height":150,"caption":"Ayuntamiento de Caudete"},"image":{"@id":"https:\/\/www.caudete.org\/ayuntamiento\/#\/schema\/logo\/image\/"},"sameAs":["https:\/\/www.facebook.com\/ayuntamientocaudete\/","https:\/\/www.youtube.com\/channel\/UC6VztHaooNsGpw-tNoBEFnQ"]},{"@type":"Person","@id":"https:\/\/www.caudete.org\/ayuntamiento\/#\/schema\/person\/7656a5bb58fca95b9814e940de0fda63","name":"Juan","image":{"@type":"ImageObject","inLanguage":"es","@id":"https:\/\/secure.gravatar.com\/avatar\/dd53e51c0cd6ab23f52d4f3e4f1c59730240727763de3dbbf26750b079a2c292?s=96&d=mm&r=g","url":"https:\/\/secure.gravatar.com\/avatar\/dd53e51c0cd6ab23f52d4f3e4f1c59730240727763de3dbbf26750b079a2c292?s=96&d=mm&r=g","contentUrl":"https:\/\/secure.gravatar.com\/avatar\/dd53e51c0cd6ab23f52d4f3e4f1c59730240727763de3dbbf26750b079a2c292?s=96&d=mm&r=g","caption":"Juan"},"url":"https:\/\/www.caudete.org\/ayuntamiento\/author\/centrodeinternet\/"}]}},"_links":{"self":[{"href":"https:\/\/www.caudete.org\/ayuntamiento\/wp-json\/wp\/v2\/posts\/14256","targetHints":{"allow":["GET"]}}],"collection":[{"href":"https:\/\/www.caudete.org\/ayuntamiento\/wp-json\/wp\/v2\/posts"}],"about":[{"href":"https:\/\/www.caudete.org\/ayuntamiento\/wp-json\/wp\/v2\/types\/post"}],"author":[{"embeddable":true,"href":"https:\/\/www.caudete.org\/ayuntamiento\/wp-json\/wp\/v2\/users\/2"}],"replies":[{"embeddable":true,"href":"https:\/\/www.caudete.org\/ayuntamiento\/wp-json\/wp\/v2\/comments?post=14256"}],"version-history":[{"count":9,"href":"https:\/\/www.caudete.org\/ayuntamiento\/wp-json\/wp\/v2\/posts\/14256\/revisions"}],"predecessor-version":[{"id":14270,"href":"https:\/\/www.caudete.org\/ayuntamiento\/wp-json\/wp\/v2\/posts\/14256\/revisions\/14270"}],"wp:featuredmedia":[{"embeddable":true,"href":"https:\/\/www.caudete.org\/ayuntamiento\/wp-json\/wp\/v2\/media\/14267"}],"wp:attachment":[{"href":"https:\/\/www.caudete.org\/ayuntamiento\/wp-json\/wp\/v2\/media?parent=14256"}],"wp:term":[{"taxonomy":"category","embeddable":true,"href":"https:\/\/www.caudete.org\/ayuntamiento\/wp-json\/wp\/v2\/categories?post=14256"},{"taxonomy":"post_tag","embeddable":true,"href":"https:\/\/www.caudete.org\/ayuntamiento\/wp-json\/wp\/v2\/tags?post=14256"}],"curies":[{"name":"wp","href":"https:\/\/api.w.org\/{rel}","templated":true}]}}