{"id":14275,"date":"2021-05-10T11:02:13","date_gmt":"2021-05-10T09:02:13","guid":{"rendered":"https:\/\/www.caudete.org\/ayuntamiento\/?p=14275"},"modified":"2021-05-10T11:02:13","modified_gmt":"2021-05-10T09:02:13","slug":"ayudas-covid-19-del-gal-de-la-mancomunidad-monte-iberico-corredor-de-almansa","status":"publish","type":"post","link":"https:\/\/www.caudete.org\/ayuntamiento\/ayudas-covid-19-del-gal-de-la-mancomunidad-monte-iberico-corredor-de-almansa\/","title":{"rendered":"Ayudas Covid-19 del GAL de la Mancomunidad Monte Ib\u00e9rico-Corredor de Almansa"},"content":{"rendered":"<div class=\"col-md-9 col-xs-12\">\n<div class=\"textoextendido\">\n<div class=\"row\">\n<div class=\"col-md-8\">\n<p style=\"text-align: justify;\">La pasada semana, el Alcalde Mois\u00e9s L\u00f3pez, representante del Ayuntamiento de Caudete en el Grupo de Acci\u00f3n Local de la &#8220;MANCOMUNIDAD MONTE IB\u00c9RICO-CORREDOR DE ALMANSA&#8221;, dio cuenta de las convocatorias de\u00a0 ayudas extraordinarias COVID-19, emitidas por dicha entidad.<\/p>\n<p style=\"text-align: justify;\">Cofinanciadas por el FEADER se encuentran incluidas en la medida 19.2 del PDR 2014-2020 de Castilla-La Mancha, orientada al cumplimiento de la prioridad 6B: promover el desarrollo local en las zonas rurales.<\/p>\n<p style=\"text-align: justify;\">Fueron aprobadas en la reuni\u00f3n de la Junta Directiva de este G.A.L, celebrada mediante videoconferencia a trav\u00e9s de la plataforma ZOOM, el d\u00eda 30 de marzo de 2021; y por Resoluci\u00f3n de la \u00a0Direcci\u00f3n General de Desarrollo Rural en fecha 16 de abril de 2021.<\/p>\n<p style=\"text-align: justify;\">Las solicitudes de ayuda podr\u00e1n ser presentadas desde el 23 de abril de 2021 al 21 de junio de 2021, pudiendo acceder a las Bases Reguladoras en el enlace siguiente:\u00a0<a href=\"https:\/\/www.cedermonteiberico.com\/CONVOCATORIAS-DE-AYUDAS-EXTRAORDINARIAS-COVID19_es_1_314.html\" target=\"_blank\" rel=\"nofollow\">https:\/\/www.cedermonteiberico.com\/CONVOCATORIAS-DE-AYUDAS-EXTRAORDINARIAS-COVID19_es_1_314.html<\/a><\/p>\n<p style=\"text-align: justify;\"><span style=\"text-decoration: underline;\"><b>El objeto<\/b><\/span>\u00a0es superar la crisis econ\u00f3mica y social provocada por la pandemia:<\/p>\n<ul style=\"text-align: justify;\">\n<li>para la adaptaci\u00f3n a la nueva normalidad,<\/li>\n<li>para la lucha contra la despoblaci\u00f3n, sobre todo en municipios peque\u00f1os y<\/li>\n<li>para garantizar la protecci\u00f3n de los espacios naturales protegidos, especialmente los Parques Nacionales.<\/li>\n<\/ul>\n<p style=\"text-align: justify;\"><span style=\"text-decoration: underline;\"><b>La Finalidad<\/b><\/span><\/p>\n<ul style=\"text-align: justify;\">\n<li>resistir a la crisis COVID-19 mientras dure,<\/li>\n<li>transformar la econom\u00eda rural con proyectos empresariales, tanto en empresas nuevas como existentes,<\/li>\n<li>recuperar, reactivar y relanzar la econom\u00eda rural,<\/li>\n<li>aumentar la resiliencia y la confianza rural.<\/li>\n<\/ul>\n<\/div>\n<\/div>\n<\/div>\n<\/div>\n","protected":false},"excerpt":{"rendered":"<p>La pasada semana, el Alcalde Mois\u00e9s L\u00f3pez, representante del Ayuntamiento de Caudete en el Grupo de Acci\u00f3n Local de la &#8220;MANCOMUNIDAD MONTE IB\u00c9RICO-CORREDOR DE ALMANSA&#8221;, dio cuenta de las convocatorias de\u00a0 ayudas extraordinarias COVID-19, emitidas por dicha entidad. Cofinanciadas por el FEADER se encuentran incluidas en la medida 19.2 del PDR 2014-2020 de Castilla-La Mancha, &hellip;<\/p>\n","protected":false},"author":3,"featured_media":14276,"comment_status":"closed","ping_status":"open","sticky":false,"template":"","format":"standard","meta":{"ngg_post_thumbnail":0,"footnotes":""},"categories":[20],"tags":[],"class_list":["post-14275","post","type-post","status-publish","format-standard","has-post-thumbnail","hentry","category-ayuntamiento"],"yoast_head":"<!-- This site is optimized with the Yoast SEO plugin v27.5 - https:\/\/yoast.com\/product\/yoast-seo-wordpress\/ -->\n<title>Ayudas Covid-19 del GAL de la Mancomunidad Monte Ib\u00e9rico-Corredor de Almansa - MI Ayuntamiento de Caudete<\/title>\n<meta name=\"description\" content=\"P\u00e1gina Oficial del Ayuntamiento de Caudete (Albacete)\" \/>\n<meta name=\"robots\" content=\"index, follow, max-snippet:-1, max-image-preview:large, max-video-preview:-1\" \/>\n<link rel=\"canonical\" href=\"https:\/\/www.caudete.org\/ayuntamiento\/ayudas-covid-19-del-gal-de-la-mancomunidad-monte-iberico-corredor-de-almansa\/\" \/>\n<meta property=\"og:locale\" content=\"es_ES\" \/>\n<meta property=\"og:type\" content=\"article\" \/>\n<meta property=\"og:title\" content=\"Ayudas Covid-19 del GAL de la Mancomunidad Monte Ib\u00e9rico-Corredor de Almansa - MI Ayuntamiento de Caudete\" \/>\n<meta property=\"og:description\" content=\"P\u00e1gina Oficial del Ayuntamiento de Caudete (Albacete)\" \/>\n<meta property=\"og:url\" content=\"https:\/\/www.caudete.org\/ayuntamiento\/ayudas-covid-19-del-gal-de-la-mancomunidad-monte-iberico-corredor-de-almansa\/\" \/>\n<meta property=\"og:site_name\" content=\"MI Ayuntamiento de Caudete\" \/>\n<meta property=\"article:publisher\" content=\"https:\/\/www.facebook.com\/ayuntamientocaudete\/\" \/>\n<meta property=\"article:published_time\" content=\"2021-05-10T09:02:13+00:00\" \/>\n<meta property=\"og:image\" content=\"https:\/\/www.caudete.org\/ayuntamiento\/wp-content\/uploads\/2021\/05\/TmqZOaxH_400x400.jpg\" \/>\n\t<meta property=\"og:image:width\" content=\"347\" \/>\n\t<meta property=\"og:image:height\" content=\"347\" \/>\n\t<meta property=\"og:image:type\" content=\"image\/jpeg\" \/>\n<meta name=\"author\" content=\"alcalde\" \/>\n<meta name=\"twitter:card\" content=\"summary_large_image\" \/>\n<meta name=\"twitter:label1\" content=\"Escrito por\" \/>\n\t<meta name=\"twitter:data1\" content=\"alcalde\" \/>\n\t<meta name=\"twitter:label2\" content=\"Tiempo de lectura\" \/>\n\t<meta name=\"twitter:data2\" content=\"1 minuto\" \/>\n<script type=\"application\/ld+json\" class=\"yoast-schema-graph\">{\"@context\":\"https:\\\/\\\/schema.org\",\"@graph\":[{\"@type\":\"Article\",\"@id\":\"https:\\\/\\\/www.caudete.org\\\/ayuntamiento\\\/ayudas-covid-19-del-gal-de-la-mancomunidad-monte-iberico-corredor-de-almansa\\\/#article\",\"isPartOf\":{\"@id\":\"https:\\\/\\\/www.caudete.org\\\/ayuntamiento\\\/ayudas-covid-19-del-gal-de-la-mancomunidad-monte-iberico-corredor-de-almansa\\\/\"},\"author\":{\"name\":\"alcalde\",\"@id\":\"https:\\\/\\\/www.caudete.org\\\/ayuntamiento\\\/#\\\/schema\\\/person\\\/cc646da9133078ee4d8dd47457947253\"},\"headline\":\"Ayudas Covid-19 del GAL de la Mancomunidad Monte Ib\u00e9rico-Corredor de Almansa\",\"datePublished\":\"2021-05-10T09:02:13+00:00\",\"mainEntityOfPage\":{\"@id\":\"https:\\\/\\\/www.caudete.org\\\/ayuntamiento\\\/ayudas-covid-19-del-gal-de-la-mancomunidad-monte-iberico-corredor-de-almansa\\\/\"},\"wordCount\":255,\"image\":{\"@id\":\"https:\\\/\\\/www.caudete.org\\\/ayuntamiento\\\/ayudas-covid-19-del-gal-de-la-mancomunidad-monte-iberico-corredor-de-almansa\\\/#primaryimage\"},\"thumbnailUrl\":\"https:\\\/\\\/www.caudete.org\\\/ayuntamiento\\\/wp-content\\\/uploads\\\/2021\\\/05\\\/TmqZOaxH_400x400.jpg\",\"articleSection\":[\"Ayuntamiento\"],\"inLanguage\":\"es\"},{\"@type\":\"WebPage\",\"@id\":\"https:\\\/\\\/www.caudete.org\\\/ayuntamiento\\\/ayudas-covid-19-del-gal-de-la-mancomunidad-monte-iberico-corredor-de-almansa\\\/\",\"url\":\"https:\\\/\\\/www.caudete.org\\\/ayuntamiento\\\/ayudas-covid-19-del-gal-de-la-mancomunidad-monte-iberico-corredor-de-almansa\\\/\",\"name\":\"Ayudas Covid-19 del GAL de la Mancomunidad Monte Ib\u00e9rico-Corredor de Almansa - MI Ayuntamiento de Caudete\",\"isPartOf\":{\"@id\":\"https:\\\/\\\/www.caudete.org\\\/ayuntamiento\\\/#website\"},\"primaryImageOfPage\":{\"@id\":\"https:\\\/\\\/www.caudete.org\\\/ayuntamiento\\\/ayudas-covid-19-del-gal-de-la-mancomunidad-monte-iberico-corredor-de-almansa\\\/#primaryimage\"},\"image\":{\"@id\":\"https:\\\/\\\/www.caudete.org\\\/ayuntamiento\\\/ayudas-covid-19-del-gal-de-la-mancomunidad-monte-iberico-corredor-de-almansa\\\/#primaryimage\"},\"thumbnailUrl\":\"https:\\\/\\\/www.caudete.org\\\/ayuntamiento\\\/wp-content\\\/uploads\\\/2021\\\/05\\\/TmqZOaxH_400x400.jpg\",\"datePublished\":\"2021-05-10T09:02:13+00:00\",\"author\":{\"@id\":\"https:\\\/\\\/www.caudete.org\\\/ayuntamiento\\\/#\\\/schema\\\/person\\\/cc646da9133078ee4d8dd47457947253\"},\"description\":\"P\u00e1gina Oficial del Ayuntamiento de Caudete (Albacete)\",\"breadcrumb\":{\"@id\":\"https:\\\/\\\/www.caudete.org\\\/ayuntamiento\\\/ayudas-covid-19-del-gal-de-la-mancomunidad-monte-iberico-corredor-de-almansa\\\/#breadcrumb\"},\"inLanguage\":\"es\",\"potentialAction\":[{\"@type\":\"ReadAction\",\"target\":[\"https:\\\/\\\/www.caudete.org\\\/ayuntamiento\\\/ayudas-covid-19-del-gal-de-la-mancomunidad-monte-iberico-corredor-de-almansa\\\/\"]}]},{\"@type\":\"ImageObject\",\"inLanguage\":\"es\",\"@id\":\"https:\\\/\\\/www.caudete.org\\\/ayuntamiento\\\/ayudas-covid-19-del-gal-de-la-mancomunidad-monte-iberico-corredor-de-almansa\\\/#primaryimage\",\"url\":\"https:\\\/\\\/www.caudete.org\\\/ayuntamiento\\\/wp-content\\\/uploads\\\/2021\\\/05\\\/TmqZOaxH_400x400.jpg\",\"contentUrl\":\"https:\\\/\\\/www.caudete.org\\\/ayuntamiento\\\/wp-content\\\/uploads\\\/2021\\\/05\\\/TmqZOaxH_400x400.jpg\",\"width\":347,\"height\":347},{\"@type\":\"BreadcrumbList\",\"@id\":\"https:\\\/\\\/www.caudete.org\\\/ayuntamiento\\\/ayudas-covid-19-del-gal-de-la-mancomunidad-monte-iberico-corredor-de-almansa\\\/#breadcrumb\",\"itemListElement\":[{\"@type\":\"ListItem\",\"position\":1,\"name\":\"Inicio\",\"item\":\"https:\\\/\\\/www.caudete.org\\\/ayuntamiento\\\/\"},{\"@type\":\"ListItem\",\"position\":2,\"name\":\"Ayudas Covid-19 del GAL de la Mancomunidad Monte Ib\u00e9rico-Corredor de Almansa\"}]},{\"@type\":\"WebSite\",\"@id\":\"https:\\\/\\\/www.caudete.org\\\/ayuntamiento\\\/#website\",\"url\":\"https:\\\/\\\/www.caudete.org\\\/ayuntamiento\\\/\",\"name\":\"MI Ayuntamiento de Caudete\",\"description\":\"P\u00e1gina Oficial del MI Ayuntamiento de Caudete\",\"potentialAction\":[{\"@type\":\"SearchAction\",\"target\":{\"@type\":\"EntryPoint\",\"urlTemplate\":\"https:\\\/\\\/www.caudete.org\\\/ayuntamiento\\\/?s={search_term_string}\"},\"query-input\":{\"@type\":\"PropertyValueSpecification\",\"valueRequired\":true,\"valueName\":\"search_term_string\"}}],\"inLanguage\":\"es\"},{\"@type\":\"Person\",\"@id\":\"https:\\\/\\\/www.caudete.org\\\/ayuntamiento\\\/#\\\/schema\\\/person\\\/cc646da9133078ee4d8dd47457947253\",\"name\":\"alcalde\",\"image\":{\"@type\":\"ImageObject\",\"inLanguage\":\"es\",\"@id\":\"https:\\\/\\\/secure.gravatar.com\\\/avatar\\\/84a817ba065b29ff08d666b215a215f5c79186a645ccb25b14a663d48a130f77?s=96&d=mm&r=g\",\"url\":\"https:\\\/\\\/secure.gravatar.com\\\/avatar\\\/84a817ba065b29ff08d666b215a215f5c79186a645ccb25b14a663d48a130f77?s=96&d=mm&r=g\",\"contentUrl\":\"https:\\\/\\\/secure.gravatar.com\\\/avatar\\\/84a817ba065b29ff08d666b215a215f5c79186a645ccb25b14a663d48a130f77?s=96&d=mm&r=g\",\"caption\":\"alcalde\"},\"url\":\"https:\\\/\\\/www.caudete.org\\\/ayuntamiento\\\/author\\\/alcalde\\\/\"}]}<\/script>\n<!-- \/ Yoast SEO plugin. -->","yoast_head_json":{"title":"Ayudas Covid-19 del GAL de la Mancomunidad Monte Ib\u00e9rico-Corredor de Almansa - MI Ayuntamiento de Caudete","description":"P\u00e1gina Oficial del Ayuntamiento de Caudete (Albacete)","robots":{"index":"index","follow":"follow","max-snippet":"max-snippet:-1","max-image-preview":"max-image-preview:large","max-video-preview":"max-video-preview:-1"},"canonical":"https:\/\/www.caudete.org\/ayuntamiento\/ayudas-covid-19-del-gal-de-la-mancomunidad-monte-iberico-corredor-de-almansa\/","og_locale":"es_ES","og_type":"article","og_title":"Ayudas Covid-19 del GAL de la Mancomunidad Monte Ib\u00e9rico-Corredor de Almansa - MI Ayuntamiento de Caudete","og_description":"P\u00e1gina Oficial del Ayuntamiento de Caudete (Albacete)","og_url":"https:\/\/www.caudete.org\/ayuntamiento\/ayudas-covid-19-del-gal-de-la-mancomunidad-monte-iberico-corredor-de-almansa\/","og_site_name":"MI Ayuntamiento de Caudete","article_publisher":"https:\/\/www.facebook.com\/ayuntamientocaudete\/","article_published_time":"2021-05-10T09:02:13+00:00","og_image":[{"width":347,"height":347,"url":"https:\/\/www.caudete.org\/ayuntamiento\/wp-content\/uploads\/2021\/05\/TmqZOaxH_400x400.jpg","type":"image\/jpeg"}],"author":"alcalde","twitter_card":"summary_large_image","twitter_misc":{"Escrito por":"alcalde","Tiempo de lectura":"1 minuto"},"schema":{"@context":"https:\/\/schema.org","@graph":[{"@type":"Article","@id":"https:\/\/www.caudete.org\/ayuntamiento\/ayudas-covid-19-del-gal-de-la-mancomunidad-monte-iberico-corredor-de-almansa\/#article","isPartOf":{"@id":"https:\/\/www.caudete.org\/ayuntamiento\/ayudas-covid-19-del-gal-de-la-mancomunidad-monte-iberico-corredor-de-almansa\/"},"author":{"name":"alcalde","@id":"https:\/\/www.caudete.org\/ayuntamiento\/#\/schema\/person\/cc646da9133078ee4d8dd47457947253"},"headline":"Ayudas Covid-19 del GAL de la Mancomunidad Monte Ib\u00e9rico-Corredor de Almansa","datePublished":"2021-05-10T09:02:13+00:00","mainEntityOfPage":{"@id":"https:\/\/www.caudete.org\/ayuntamiento\/ayudas-covid-19-del-gal-de-la-mancomunidad-monte-iberico-corredor-de-almansa\/"},"wordCount":255,"image":{"@id":"https:\/\/www.caudete.org\/ayuntamiento\/ayudas-covid-19-del-gal-de-la-mancomunidad-monte-iberico-corredor-de-almansa\/#primaryimage"},"thumbnailUrl":"https:\/\/www.caudete.org\/ayuntamiento\/wp-content\/uploads\/2021\/05\/TmqZOaxH_400x400.jpg","articleSection":["Ayuntamiento"],"inLanguage":"es"},{"@type":"WebPage","@id":"https:\/\/www.caudete.org\/ayuntamiento\/ayudas-covid-19-del-gal-de-la-mancomunidad-monte-iberico-corredor-de-almansa\/","url":"https:\/\/www.caudete.org\/ayuntamiento\/ayudas-covid-19-del-gal-de-la-mancomunidad-monte-iberico-corredor-de-almansa\/","name":"Ayudas Covid-19 del GAL de la Mancomunidad Monte Ib\u00e9rico-Corredor de Almansa - MI Ayuntamiento de Caudete","isPartOf":{"@id":"https:\/\/www.caudete.org\/ayuntamiento\/#website"},"primaryImageOfPage":{"@id":"https:\/\/www.caudete.org\/ayuntamiento\/ayudas-covid-19-del-gal-de-la-mancomunidad-monte-iberico-corredor-de-almansa\/#primaryimage"},"image":{"@id":"https:\/\/www.caudete.org\/ayuntamiento\/ayudas-covid-19-del-gal-de-la-mancomunidad-monte-iberico-corredor-de-almansa\/#primaryimage"},"thumbnailUrl":"https:\/\/www.caudete.org\/ayuntamiento\/wp-content\/uploads\/2021\/05\/TmqZOaxH_400x400.jpg","datePublished":"2021-05-10T09:02:13+00:00","author":{"@id":"https:\/\/www.caudete.org\/ayuntamiento\/#\/schema\/person\/cc646da9133078ee4d8dd47457947253"},"description":"P\u00e1gina Oficial del Ayuntamiento de Caudete (Albacete)","breadcrumb":{"@id":"https:\/\/www.caudete.org\/ayuntamiento\/ayudas-covid-19-del-gal-de-la-mancomunidad-monte-iberico-corredor-de-almansa\/#breadcrumb"},"inLanguage":"es","potentialAction":[{"@type":"ReadAction","target":["https:\/\/www.caudete.org\/ayuntamiento\/ayudas-covid-19-del-gal-de-la-mancomunidad-monte-iberico-corredor-de-almansa\/"]}]},{"@type":"ImageObject","inLanguage":"es","@id":"https:\/\/www.caudete.org\/ayuntamiento\/ayudas-covid-19-del-gal-de-la-mancomunidad-monte-iberico-corredor-de-almansa\/#primaryimage","url":"https:\/\/www.caudete.org\/ayuntamiento\/wp-content\/uploads\/2021\/05\/TmqZOaxH_400x400.jpg","contentUrl":"https:\/\/www.caudete.org\/ayuntamiento\/wp-content\/uploads\/2021\/05\/TmqZOaxH_400x400.jpg","width":347,"height":347},{"@type":"BreadcrumbList","@id":"https:\/\/www.caudete.org\/ayuntamiento\/ayudas-covid-19-del-gal-de-la-mancomunidad-monte-iberico-corredor-de-almansa\/#breadcrumb","itemListElement":[{"@type":"ListItem","position":1,"name":"Inicio","item":"https:\/\/www.caudete.org\/ayuntamiento\/"},{"@type":"ListItem","position":2,"name":"Ayudas Covid-19 del GAL de la Mancomunidad Monte Ib\u00e9rico-Corredor de Almansa"}]},{"@type":"WebSite","@id":"https:\/\/www.caudete.org\/ayuntamiento\/#website","url":"https:\/\/www.caudete.org\/ayuntamiento\/","name":"MI Ayuntamiento de Caudete","description":"P\u00e1gina Oficial del MI Ayuntamiento de Caudete","potentialAction":[{"@type":"SearchAction","target":{"@type":"EntryPoint","urlTemplate":"https:\/\/www.caudete.org\/ayuntamiento\/?s={search_term_string}"},"query-input":{"@type":"PropertyValueSpecification","valueRequired":true,"valueName":"search_term_string"}}],"inLanguage":"es"},{"@type":"Person","@id":"https:\/\/www.caudete.org\/ayuntamiento\/#\/schema\/person\/cc646da9133078ee4d8dd47457947253","name":"alcalde","image":{"@type":"ImageObject","inLanguage":"es","@id":"https:\/\/secure.gravatar.com\/avatar\/84a817ba065b29ff08d666b215a215f5c79186a645ccb25b14a663d48a130f77?s=96&d=mm&r=g","url":"https:\/\/secure.gravatar.com\/avatar\/84a817ba065b29ff08d666b215a215f5c79186a645ccb25b14a663d48a130f77?s=96&d=mm&r=g","contentUrl":"https:\/\/secure.gravatar.com\/avatar\/84a817ba065b29ff08d666b215a215f5c79186a645ccb25b14a663d48a130f77?s=96&d=mm&r=g","caption":"alcalde"},"url":"https:\/\/www.caudete.org\/ayuntamiento\/author\/alcalde\/"}]}},"_links":{"self":[{"href":"https:\/\/www.caudete.org\/ayuntamiento\/wp-json\/wp\/v2\/posts\/14275","targetHints":{"allow":["GET"]}}],"collection":[{"href":"https:\/\/www.caudete.org\/ayuntamiento\/wp-json\/wp\/v2\/posts"}],"about":[{"href":"https:\/\/www.caudete.org\/ayuntamiento\/wp-json\/wp\/v2\/types\/post"}],"author":[{"embeddable":true,"href":"https:\/\/www.caudete.org\/ayuntamiento\/wp-json\/wp\/v2\/users\/3"}],"replies":[{"embeddable":true,"href":"https:\/\/www.caudete.org\/ayuntamiento\/wp-json\/wp\/v2\/comments?post=14275"}],"version-history":[{"count":1,"href":"https:\/\/www.caudete.org\/ayuntamiento\/wp-json\/wp\/v2\/posts\/14275\/revisions"}],"predecessor-version":[{"id":14277,"href":"https:\/\/www.caudete.org\/ayuntamiento\/wp-json\/wp\/v2\/posts\/14275\/revisions\/14277"}],"wp:featuredmedia":[{"embeddable":true,"href":"https:\/\/www.caudete.org\/ayuntamiento\/wp-json\/wp\/v2\/media\/14276"}],"wp:attachment":[{"href":"https:\/\/www.caudete.org\/ayuntamiento\/wp-json\/wp\/v2\/media?parent=14275"}],"wp:term":[{"taxonomy":"category","embeddable":true,"href":"https:\/\/www.caudete.org\/ayuntamiento\/wp-json\/wp\/v2\/categories?post=14275"},{"taxonomy":"post_tag","embeddable":true,"href":"https:\/\/www.caudete.org\/ayuntamiento\/wp-json\/wp\/v2\/tags?post=14275"}],"curies":[{"name":"wp","href":"https:\/\/api.w.org\/{rel}","templated":true}]}}