{"id":14280,"date":"2021-05-11T10:14:08","date_gmt":"2021-05-11T08:14:08","guid":{"rendered":"https:\/\/www.caudete.org\/ayuntamiento\/?p=14280"},"modified":"2021-05-11T11:20:42","modified_gmt":"2021-05-11T09:20:42","slug":"corte-del-trafico-en-camino-de-la-encina-para-proceder-a-su-reparacion","status":"publish","type":"post","link":"https:\/\/www.caudete.org\/ayuntamiento\/corte-del-trafico-en-camino-de-la-encina-para-proceder-a-su-reparacion\/","title":{"rendered":"Corte del tr\u00e1fico en Camino de LA ENCINA para proceder a su reparaci\u00f3n"},"content":{"rendered":"<p style=\"text-align: justify;\"><span style=\"font-weight: 400;\">Desde la Concejal\u00eda de Movilidad y Accesibilidad informa su Edil Joaqu\u00edn Pag\u00e1n que el pr\u00f3ximo mi\u00e9rcoles 12 se va a proceder a los trabajos de <strong>reparaci\u00f3n del llamado &#8220;Camino de la Encina&#8221;<\/strong>.<\/span><\/p>\n<p style=\"text-align: justify;\"><span style=\"font-weight: 400;\">La <strong>zona afectada son 500 metros<\/strong> diferenciados en tres tramos. Los trabajos van a consistir en fresar la zona afectada y reforzarlos con una capa de zahorra, para posteriormente aplicar una capa de asfalto.<\/span><\/p>\n<p style=\"text-align: justify;\"><span style=\"font-weight: 400;\"><strong>El mi\u00e9rcoles<\/strong> se actuar\u00e1 en el primer tramo m\u00e1s cercano a la poblaci\u00f3n de Caudete y <strong>supondr\u00e1 el corte del tr\u00e1fico en esta v\u00eda durante todo el d\u00eda.<\/strong><\/span><\/p>\n<p style=\"text-align: justify;\"><span style=\"font-weight: 400;\">El jueves y viernes se actuar\u00e1 en los dos tramos m\u00e1s cercanos a La Encina. El tr\u00e1fico de forma provisional, se desviar\u00e1 por un itinerario alternativo, concretamente por un camino de tierra a trav\u00e9s de la finca el Corredor como se muestra en la imagen.<\/span><\/p>\n<p><a href=\"https:\/\/www.caudete.org\/ayuntamiento\/wp-content\/uploads\/2021\/05\/InkedWhatsApp-Image-2021-05-10-at-18.32.50__LI.jpg\" rel='prettyPhoto'><img fetchpriority=\"high\" decoding=\"async\" class=\"aligncenter wp-image-14281 size-medium\" src=\"https:\/\/www.caudete.org\/ayuntamiento\/wp-content\/uploads\/2021\/05\/InkedWhatsApp-Image-2021-05-10-at-18.32.50__LI-275x300.jpg\" alt=\"\" width=\"275\" height=\"300\" srcset=\"https:\/\/www.caudete.org\/ayuntamiento\/wp-content\/uploads\/2021\/05\/InkedWhatsApp-Image-2021-05-10-at-18.32.50__LI-275x300.jpg 275w, https:\/\/www.caudete.org\/ayuntamiento\/wp-content\/uploads\/2021\/05\/InkedWhatsApp-Image-2021-05-10-at-18.32.50__LI.jpg 652w\" sizes=\"(max-width: 275px) 100vw, 275px\" \/><\/a><\/p>\n","protected":false},"excerpt":{"rendered":"<p>Desde la Concejal\u00eda de Movilidad y Accesibilidad informa su Edil Joaqu\u00edn Pag\u00e1n que el pr\u00f3ximo mi\u00e9rcoles 12 se va a proceder a los trabajos de reparaci\u00f3n del llamado &#8220;Camino de la Encina&#8221;. La zona afectada son 500 metros diferenciados en tres tramos. Los trabajos van a consistir en fresar la zona afectada y reforzarlos con &hellip;<\/p>\n","protected":false},"author":3,"featured_media":14281,"comment_status":"closed","ping_status":"open","sticky":false,"template":"","format":"standard","meta":{"ngg_post_thumbnail":0,"footnotes":""},"categories":[46],"tags":[],"class_list":["post-14280","post","type-post","status-publish","format-standard","has-post-thumbnail","hentry","category-movilidad-urbana"],"yoast_head":"<!-- This site is optimized with the Yoast SEO plugin v27.5 - https:\/\/yoast.com\/product\/yoast-seo-wordpress\/ -->\n<title>Corte del tr\u00e1fico en Camino de LA ENCINA para proceder a su reparaci\u00f3n - MI Ayuntamiento de Caudete<\/title>\n<meta name=\"description\" content=\"P\u00e1gina Oficial del Ayuntamiento de Caudete (Albacete)\" \/>\n<meta name=\"robots\" content=\"index, follow, max-snippet:-1, max-image-preview:large, max-video-preview:-1\" \/>\n<link rel=\"canonical\" href=\"https:\/\/www.caudete.org\/ayuntamiento\/corte-del-trafico-en-camino-de-la-encina-para-proceder-a-su-reparacion\/\" \/>\n<meta property=\"og:locale\" content=\"es_ES\" \/>\n<meta property=\"og:type\" content=\"article\" \/>\n<meta property=\"og:title\" content=\"Corte del tr\u00e1fico en Camino de LA ENCINA para proceder a su reparaci\u00f3n - MI Ayuntamiento de Caudete\" \/>\n<meta property=\"og:description\" content=\"P\u00e1gina Oficial del Ayuntamiento de Caudete (Albacete)\" \/>\n<meta property=\"og:url\" content=\"https:\/\/www.caudete.org\/ayuntamiento\/corte-del-trafico-en-camino-de-la-encina-para-proceder-a-su-reparacion\/\" \/>\n<meta property=\"og:site_name\" content=\"MI Ayuntamiento de Caudete\" \/>\n<meta property=\"article:publisher\" content=\"https:\/\/www.facebook.com\/ayuntamientocaudete\/\" \/>\n<meta property=\"article:published_time\" content=\"2021-05-11T08:14:08+00:00\" \/>\n<meta property=\"article:modified_time\" content=\"2021-05-11T09:20:42+00:00\" \/>\n<meta property=\"og:image\" content=\"https:\/\/www.caudete.org\/ayuntamiento\/wp-content\/uploads\/2021\/05\/InkedWhatsApp-Image-2021-05-10-at-18.32.50__LI.jpg\" \/>\n\t<meta property=\"og:image:width\" content=\"652\" \/>\n\t<meta property=\"og:image:height\" content=\"710\" \/>\n\t<meta property=\"og:image:type\" content=\"image\/jpeg\" \/>\n<meta name=\"author\" content=\"alcalde\" \/>\n<meta name=\"twitter:card\" content=\"summary_large_image\" \/>\n<meta name=\"twitter:label1\" content=\"Escrito por\" \/>\n\t<meta name=\"twitter:data1\" content=\"alcalde\" \/>\n\t<meta name=\"twitter:label2\" content=\"Tiempo de lectura\" \/>\n\t<meta name=\"twitter:data2\" content=\"1 minuto\" \/>\n<script type=\"application\/ld+json\" class=\"yoast-schema-graph\">{\"@context\":\"https:\\\/\\\/schema.org\",\"@graph\":[{\"@type\":\"Article\",\"@id\":\"https:\\\/\\\/www.caudete.org\\\/ayuntamiento\\\/corte-del-trafico-en-camino-de-la-encina-para-proceder-a-su-reparacion\\\/#article\",\"isPartOf\":{\"@id\":\"https:\\\/\\\/www.caudete.org\\\/ayuntamiento\\\/corte-del-trafico-en-camino-de-la-encina-para-proceder-a-su-reparacion\\\/\"},\"author\":{\"name\":\"alcalde\",\"@id\":\"https:\\\/\\\/www.caudete.org\\\/ayuntamiento\\\/#\\\/schema\\\/person\\\/cc646da9133078ee4d8dd47457947253\"},\"headline\":\"Corte del tr\u00e1fico en Camino de LA ENCINA para proceder a su reparaci\u00f3n\",\"datePublished\":\"2021-05-11T08:14:08+00:00\",\"dateModified\":\"2021-05-11T09:20:42+00:00\",\"mainEntityOfPage\":{\"@id\":\"https:\\\/\\\/www.caudete.org\\\/ayuntamiento\\\/corte-del-trafico-en-camino-de-la-encina-para-proceder-a-su-reparacion\\\/\"},\"wordCount\":167,\"image\":{\"@id\":\"https:\\\/\\\/www.caudete.org\\\/ayuntamiento\\\/corte-del-trafico-en-camino-de-la-encina-para-proceder-a-su-reparacion\\\/#primaryimage\"},\"thumbnailUrl\":\"https:\\\/\\\/www.caudete.org\\\/ayuntamiento\\\/wp-content\\\/uploads\\\/2021\\\/05\\\/InkedWhatsApp-Image-2021-05-10-at-18.32.50__LI.jpg\",\"articleSection\":[\"Movilidad Urbana\"],\"inLanguage\":\"es\"},{\"@type\":\"WebPage\",\"@id\":\"https:\\\/\\\/www.caudete.org\\\/ayuntamiento\\\/corte-del-trafico-en-camino-de-la-encina-para-proceder-a-su-reparacion\\\/\",\"url\":\"https:\\\/\\\/www.caudete.org\\\/ayuntamiento\\\/corte-del-trafico-en-camino-de-la-encina-para-proceder-a-su-reparacion\\\/\",\"name\":\"Corte del tr\u00e1fico en Camino de LA ENCINA para proceder a su reparaci\u00f3n - MI Ayuntamiento de Caudete\",\"isPartOf\":{\"@id\":\"https:\\\/\\\/www.caudete.org\\\/ayuntamiento\\\/#website\"},\"primaryImageOfPage\":{\"@id\":\"https:\\\/\\\/www.caudete.org\\\/ayuntamiento\\\/corte-del-trafico-en-camino-de-la-encina-para-proceder-a-su-reparacion\\\/#primaryimage\"},\"image\":{\"@id\":\"https:\\\/\\\/www.caudete.org\\\/ayuntamiento\\\/corte-del-trafico-en-camino-de-la-encina-para-proceder-a-su-reparacion\\\/#primaryimage\"},\"thumbnailUrl\":\"https:\\\/\\\/www.caudete.org\\\/ayuntamiento\\\/wp-content\\\/uploads\\\/2021\\\/05\\\/InkedWhatsApp-Image-2021-05-10-at-18.32.50__LI.jpg\",\"datePublished\":\"2021-05-11T08:14:08+00:00\",\"dateModified\":\"2021-05-11T09:20:42+00:00\",\"author\":{\"@id\":\"https:\\\/\\\/www.caudete.org\\\/ayuntamiento\\\/#\\\/schema\\\/person\\\/cc646da9133078ee4d8dd47457947253\"},\"description\":\"P\u00e1gina Oficial del Ayuntamiento de Caudete (Albacete)\",\"breadcrumb\":{\"@id\":\"https:\\\/\\\/www.caudete.org\\\/ayuntamiento\\\/corte-del-trafico-en-camino-de-la-encina-para-proceder-a-su-reparacion\\\/#breadcrumb\"},\"inLanguage\":\"es\",\"potentialAction\":[{\"@type\":\"ReadAction\",\"target\":[\"https:\\\/\\\/www.caudete.org\\\/ayuntamiento\\\/corte-del-trafico-en-camino-de-la-encina-para-proceder-a-su-reparacion\\\/\"]}]},{\"@type\":\"ImageObject\",\"inLanguage\":\"es\",\"@id\":\"https:\\\/\\\/www.caudete.org\\\/ayuntamiento\\\/corte-del-trafico-en-camino-de-la-encina-para-proceder-a-su-reparacion\\\/#primaryimage\",\"url\":\"https:\\\/\\\/www.caudete.org\\\/ayuntamiento\\\/wp-content\\\/uploads\\\/2021\\\/05\\\/InkedWhatsApp-Image-2021-05-10-at-18.32.50__LI.jpg\",\"contentUrl\":\"https:\\\/\\\/www.caudete.org\\\/ayuntamiento\\\/wp-content\\\/uploads\\\/2021\\\/05\\\/InkedWhatsApp-Image-2021-05-10-at-18.32.50__LI.jpg\",\"width\":652,\"height\":710},{\"@type\":\"BreadcrumbList\",\"@id\":\"https:\\\/\\\/www.caudete.org\\\/ayuntamiento\\\/corte-del-trafico-en-camino-de-la-encina-para-proceder-a-su-reparacion\\\/#breadcrumb\",\"itemListElement\":[{\"@type\":\"ListItem\",\"position\":1,\"name\":\"Inicio\",\"item\":\"https:\\\/\\\/www.caudete.org\\\/ayuntamiento\\\/\"},{\"@type\":\"ListItem\",\"position\":2,\"name\":\"Corte del tr\u00e1fico en Camino de LA ENCINA para proceder a su reparaci\u00f3n\"}]},{\"@type\":\"WebSite\",\"@id\":\"https:\\\/\\\/www.caudete.org\\\/ayuntamiento\\\/#website\",\"url\":\"https:\\\/\\\/www.caudete.org\\\/ayuntamiento\\\/\",\"name\":\"MI Ayuntamiento de Caudete\",\"description\":\"P\u00e1gina Oficial del MI Ayuntamiento de Caudete\",\"potentialAction\":[{\"@type\":\"SearchAction\",\"target\":{\"@type\":\"EntryPoint\",\"urlTemplate\":\"https:\\\/\\\/www.caudete.org\\\/ayuntamiento\\\/?s={search_term_string}\"},\"query-input\":{\"@type\":\"PropertyValueSpecification\",\"valueRequired\":true,\"valueName\":\"search_term_string\"}}],\"inLanguage\":\"es\"},{\"@type\":\"Person\",\"@id\":\"https:\\\/\\\/www.caudete.org\\\/ayuntamiento\\\/#\\\/schema\\\/person\\\/cc646da9133078ee4d8dd47457947253\",\"name\":\"alcalde\",\"image\":{\"@type\":\"ImageObject\",\"inLanguage\":\"es\",\"@id\":\"https:\\\/\\\/secure.gravatar.com\\\/avatar\\\/84a817ba065b29ff08d666b215a215f5c79186a645ccb25b14a663d48a130f77?s=96&d=mm&r=g\",\"url\":\"https:\\\/\\\/secure.gravatar.com\\\/avatar\\\/84a817ba065b29ff08d666b215a215f5c79186a645ccb25b14a663d48a130f77?s=96&d=mm&r=g\",\"contentUrl\":\"https:\\\/\\\/secure.gravatar.com\\\/avatar\\\/84a817ba065b29ff08d666b215a215f5c79186a645ccb25b14a663d48a130f77?s=96&d=mm&r=g\",\"caption\":\"alcalde\"},\"url\":\"https:\\\/\\\/www.caudete.org\\\/ayuntamiento\\\/author\\\/alcalde\\\/\"}]}<\/script>\n<!-- \/ Yoast SEO plugin. -->","yoast_head_json":{"title":"Corte del tr\u00e1fico en Camino de LA ENCINA para proceder a su reparaci\u00f3n - MI Ayuntamiento de Caudete","description":"P\u00e1gina Oficial del Ayuntamiento de Caudete (Albacete)","robots":{"index":"index","follow":"follow","max-snippet":"max-snippet:-1","max-image-preview":"max-image-preview:large","max-video-preview":"max-video-preview:-1"},"canonical":"https:\/\/www.caudete.org\/ayuntamiento\/corte-del-trafico-en-camino-de-la-encina-para-proceder-a-su-reparacion\/","og_locale":"es_ES","og_type":"article","og_title":"Corte del tr\u00e1fico en Camino de LA ENCINA para proceder a su reparaci\u00f3n - MI Ayuntamiento de Caudete","og_description":"P\u00e1gina Oficial del Ayuntamiento de Caudete (Albacete)","og_url":"https:\/\/www.caudete.org\/ayuntamiento\/corte-del-trafico-en-camino-de-la-encina-para-proceder-a-su-reparacion\/","og_site_name":"MI Ayuntamiento de Caudete","article_publisher":"https:\/\/www.facebook.com\/ayuntamientocaudete\/","article_published_time":"2021-05-11T08:14:08+00:00","article_modified_time":"2021-05-11T09:20:42+00:00","og_image":[{"width":652,"height":710,"url":"https:\/\/www.caudete.org\/ayuntamiento\/wp-content\/uploads\/2021\/05\/InkedWhatsApp-Image-2021-05-10-at-18.32.50__LI.jpg","type":"image\/jpeg"}],"author":"alcalde","twitter_card":"summary_large_image","twitter_misc":{"Escrito por":"alcalde","Tiempo de lectura":"1 minuto"},"schema":{"@context":"https:\/\/schema.org","@graph":[{"@type":"Article","@id":"https:\/\/www.caudete.org\/ayuntamiento\/corte-del-trafico-en-camino-de-la-encina-para-proceder-a-su-reparacion\/#article","isPartOf":{"@id":"https:\/\/www.caudete.org\/ayuntamiento\/corte-del-trafico-en-camino-de-la-encina-para-proceder-a-su-reparacion\/"},"author":{"name":"alcalde","@id":"https:\/\/www.caudete.org\/ayuntamiento\/#\/schema\/person\/cc646da9133078ee4d8dd47457947253"},"headline":"Corte del tr\u00e1fico en Camino de LA ENCINA para proceder a su reparaci\u00f3n","datePublished":"2021-05-11T08:14:08+00:00","dateModified":"2021-05-11T09:20:42+00:00","mainEntityOfPage":{"@id":"https:\/\/www.caudete.org\/ayuntamiento\/corte-del-trafico-en-camino-de-la-encina-para-proceder-a-su-reparacion\/"},"wordCount":167,"image":{"@id":"https:\/\/www.caudete.org\/ayuntamiento\/corte-del-trafico-en-camino-de-la-encina-para-proceder-a-su-reparacion\/#primaryimage"},"thumbnailUrl":"https:\/\/www.caudete.org\/ayuntamiento\/wp-content\/uploads\/2021\/05\/InkedWhatsApp-Image-2021-05-10-at-18.32.50__LI.jpg","articleSection":["Movilidad Urbana"],"inLanguage":"es"},{"@type":"WebPage","@id":"https:\/\/www.caudete.org\/ayuntamiento\/corte-del-trafico-en-camino-de-la-encina-para-proceder-a-su-reparacion\/","url":"https:\/\/www.caudete.org\/ayuntamiento\/corte-del-trafico-en-camino-de-la-encina-para-proceder-a-su-reparacion\/","name":"Corte del tr\u00e1fico en Camino de LA ENCINA para proceder a su reparaci\u00f3n - MI Ayuntamiento de Caudete","isPartOf":{"@id":"https:\/\/www.caudete.org\/ayuntamiento\/#website"},"primaryImageOfPage":{"@id":"https:\/\/www.caudete.org\/ayuntamiento\/corte-del-trafico-en-camino-de-la-encina-para-proceder-a-su-reparacion\/#primaryimage"},"image":{"@id":"https:\/\/www.caudete.org\/ayuntamiento\/corte-del-trafico-en-camino-de-la-encina-para-proceder-a-su-reparacion\/#primaryimage"},"thumbnailUrl":"https:\/\/www.caudete.org\/ayuntamiento\/wp-content\/uploads\/2021\/05\/InkedWhatsApp-Image-2021-05-10-at-18.32.50__LI.jpg","datePublished":"2021-05-11T08:14:08+00:00","dateModified":"2021-05-11T09:20:42+00:00","author":{"@id":"https:\/\/www.caudete.org\/ayuntamiento\/#\/schema\/person\/cc646da9133078ee4d8dd47457947253"},"description":"P\u00e1gina Oficial del Ayuntamiento de Caudete (Albacete)","breadcrumb":{"@id":"https:\/\/www.caudete.org\/ayuntamiento\/corte-del-trafico-en-camino-de-la-encina-para-proceder-a-su-reparacion\/#breadcrumb"},"inLanguage":"es","potentialAction":[{"@type":"ReadAction","target":["https:\/\/www.caudete.org\/ayuntamiento\/corte-del-trafico-en-camino-de-la-encina-para-proceder-a-su-reparacion\/"]}]},{"@type":"ImageObject","inLanguage":"es","@id":"https:\/\/www.caudete.org\/ayuntamiento\/corte-del-trafico-en-camino-de-la-encina-para-proceder-a-su-reparacion\/#primaryimage","url":"https:\/\/www.caudete.org\/ayuntamiento\/wp-content\/uploads\/2021\/05\/InkedWhatsApp-Image-2021-05-10-at-18.32.50__LI.jpg","contentUrl":"https:\/\/www.caudete.org\/ayuntamiento\/wp-content\/uploads\/2021\/05\/InkedWhatsApp-Image-2021-05-10-at-18.32.50__LI.jpg","width":652,"height":710},{"@type":"BreadcrumbList","@id":"https:\/\/www.caudete.org\/ayuntamiento\/corte-del-trafico-en-camino-de-la-encina-para-proceder-a-su-reparacion\/#breadcrumb","itemListElement":[{"@type":"ListItem","position":1,"name":"Inicio","item":"https:\/\/www.caudete.org\/ayuntamiento\/"},{"@type":"ListItem","position":2,"name":"Corte del tr\u00e1fico en Camino de LA ENCINA para proceder a su reparaci\u00f3n"}]},{"@type":"WebSite","@id":"https:\/\/www.caudete.org\/ayuntamiento\/#website","url":"https:\/\/www.caudete.org\/ayuntamiento\/","name":"MI Ayuntamiento de Caudete","description":"P\u00e1gina Oficial del MI Ayuntamiento de Caudete","potentialAction":[{"@type":"SearchAction","target":{"@type":"EntryPoint","urlTemplate":"https:\/\/www.caudete.org\/ayuntamiento\/?s={search_term_string}"},"query-input":{"@type":"PropertyValueSpecification","valueRequired":true,"valueName":"search_term_string"}}],"inLanguage":"es"},{"@type":"Person","@id":"https:\/\/www.caudete.org\/ayuntamiento\/#\/schema\/person\/cc646da9133078ee4d8dd47457947253","name":"alcalde","image":{"@type":"ImageObject","inLanguage":"es","@id":"https:\/\/secure.gravatar.com\/avatar\/84a817ba065b29ff08d666b215a215f5c79186a645ccb25b14a663d48a130f77?s=96&d=mm&r=g","url":"https:\/\/secure.gravatar.com\/avatar\/84a817ba065b29ff08d666b215a215f5c79186a645ccb25b14a663d48a130f77?s=96&d=mm&r=g","contentUrl":"https:\/\/secure.gravatar.com\/avatar\/84a817ba065b29ff08d666b215a215f5c79186a645ccb25b14a663d48a130f77?s=96&d=mm&r=g","caption":"alcalde"},"url":"https:\/\/www.caudete.org\/ayuntamiento\/author\/alcalde\/"}]}},"_links":{"self":[{"href":"https:\/\/www.caudete.org\/ayuntamiento\/wp-json\/wp\/v2\/posts\/14280","targetHints":{"allow":["GET"]}}],"collection":[{"href":"https:\/\/www.caudete.org\/ayuntamiento\/wp-json\/wp\/v2\/posts"}],"about":[{"href":"https:\/\/www.caudete.org\/ayuntamiento\/wp-json\/wp\/v2\/types\/post"}],"author":[{"embeddable":true,"href":"https:\/\/www.caudete.org\/ayuntamiento\/wp-json\/wp\/v2\/users\/3"}],"replies":[{"embeddable":true,"href":"https:\/\/www.caudete.org\/ayuntamiento\/wp-json\/wp\/v2\/comments?post=14280"}],"version-history":[{"count":2,"href":"https:\/\/www.caudete.org\/ayuntamiento\/wp-json\/wp\/v2\/posts\/14280\/revisions"}],"predecessor-version":[{"id":14295,"href":"https:\/\/www.caudete.org\/ayuntamiento\/wp-json\/wp\/v2\/posts\/14280\/revisions\/14295"}],"wp:featuredmedia":[{"embeddable":true,"href":"https:\/\/www.caudete.org\/ayuntamiento\/wp-json\/wp\/v2\/media\/14281"}],"wp:attachment":[{"href":"https:\/\/www.caudete.org\/ayuntamiento\/wp-json\/wp\/v2\/media?parent=14280"}],"wp:term":[{"taxonomy":"category","embeddable":true,"href":"https:\/\/www.caudete.org\/ayuntamiento\/wp-json\/wp\/v2\/categories?post=14280"},{"taxonomy":"post_tag","embeddable":true,"href":"https:\/\/www.caudete.org\/ayuntamiento\/wp-json\/wp\/v2\/tags?post=14280"}],"curies":[{"name":"wp","href":"https:\/\/api.w.org\/{rel}","templated":true}]}}