{"id":14290,"date":"2021-05-11T10:53:05","date_gmt":"2021-05-11T08:53:05","guid":{"rendered":"https:\/\/www.caudete.org\/ayuntamiento\/?p=14290"},"modified":"2021-05-11T11:45:48","modified_gmt":"2021-05-11T09:45:48","slug":"presentado-el-nuevo-mapa-turistico-de-la-comarca","status":"publish","type":"post","link":"https:\/\/www.caudete.org\/ayuntamiento\/presentado-el-nuevo-mapa-turistico-de-la-comarca\/","title":{"rendered":"Presentado el nuevo mapa Tur\u00edstico de la Comarca"},"content":{"rendered":"<p style=\"text-align: justify;\">Diego Cuenca, Concejal de Turismo ha informado que desde principios de a\u00f1o nuestra comarca, Monte Ib\u00e9rico-Corredor de Almansa, dispone de nuevo material promocional para los once municipios que la componen. Una gu\u00eda muy \u00fatil para conocer los recursos tur\u00edsticos de la comarca, impulsada en el seno del Grupo de Acci\u00f3n Local de dicha Mancomunidad, donde nuestro municipio tiene presencia en ambos. <a href=\"https:\/\/www.caudete.org\/ayuntamiento\/wp-content\/uploads\/2021\/05\/Mapa-comarcal-monte-iberico-corredor-de-almansa.pdf\" class=\"mtli_attachment mtli_pdf\">Mapa comarcal monte iberico corredor de almansa<\/a><\/p>\n<p style=\"text-align: justify;\">Esta nueva publicaci\u00f3n est\u00e1 compuesta por un plano de ubicaci\u00f3n del territorio que comprende la Mancomunidad, con la ubicaci\u00f3n de cada municipio integrante por la cara delantera, y en la trasera una peque\u00f1a lista de recursos de cada uno, adem\u00e1s de un c\u00f3digo QR por municipio, que remite a la p\u00e1gina web <a href=\"http:\/\/www.cedermonteiberico.com\/\" target=\"_blank\" rel=\"nofollow\">www.cedermonteiberico.com<\/a><u>, <\/u>donde aparece extensa informaci\u00f3n de cada uno de estos destinos.<\/p>\n<p style=\"text-align: justify;\">Esta publicaci\u00f3n ha sido financiada \u00edntegramente por el Ceder Monte Ib\u00e9rico-Corredor de Almansa con cargo a fondos europeos, y ya est\u00e1 disponible en las diferentes Oficinas de Turismo, Ayuntamientos y puntos de informaci\u00f3n de toda la comarca.<\/p>\n<p><a href=\"https:\/\/www.caudete.org\/ayuntamiento\/wp-content\/uploads\/2021\/05\/Mapa-comarcal-monte-ibericoy.jpg\" rel='prettyPhoto'><img fetchpriority=\"high\" decoding=\"async\" class=\"aligncenter wp-image-14305 size-medium\" src=\"https:\/\/www.caudete.org\/ayuntamiento\/wp-content\/uploads\/2021\/05\/Mapa-comarcal-monte-ibericoy-300x213.jpg\" alt=\"\" width=\"300\" height=\"213\" srcset=\"https:\/\/www.caudete.org\/ayuntamiento\/wp-content\/uploads\/2021\/05\/Mapa-comarcal-monte-ibericoy-300x213.jpg 300w, https:\/\/www.caudete.org\/ayuntamiento\/wp-content\/uploads\/2021\/05\/Mapa-comarcal-monte-ibericoy-1024x726.jpg 1024w, https:\/\/www.caudete.org\/ayuntamiento\/wp-content\/uploads\/2021\/05\/Mapa-comarcal-monte-ibericoy-768x545.jpg 768w, https:\/\/www.caudete.org\/ayuntamiento\/wp-content\/uploads\/2021\/05\/Mapa-comarcal-monte-ibericoy.jpg 1366w\" sizes=\"(max-width: 300px) 100vw, 300px\" \/><\/a><\/p>\n<p><a href=\"https:\/\/www.caudete.org\/ayuntamiento\/wp-content\/uploads\/2021\/05\/Mapa-comarcal-monte-iberico-localidades.jpg\" rel='prettyPhoto'><img decoding=\"async\" class=\"aligncenter wp-image-14303 size-medium\" src=\"https:\/\/www.caudete.org\/ayuntamiento\/wp-content\/uploads\/2021\/05\/Mapa-comarcal-monte-iberico-localidades-300x212.jpg\" alt=\"\" width=\"300\" height=\"212\" srcset=\"https:\/\/www.caudete.org\/ayuntamiento\/wp-content\/uploads\/2021\/05\/Mapa-comarcal-monte-iberico-localidades-300x212.jpg 300w, https:\/\/www.caudete.org\/ayuntamiento\/wp-content\/uploads\/2021\/05\/Mapa-comarcal-monte-iberico-localidades-1024x724.jpg 1024w, https:\/\/www.caudete.org\/ayuntamiento\/wp-content\/uploads\/2021\/05\/Mapa-comarcal-monte-iberico-localidades-768x543.jpg 768w, https:\/\/www.caudete.org\/ayuntamiento\/wp-content\/uploads\/2021\/05\/Mapa-comarcal-monte-iberico-localidades.jpg 1369w\" sizes=\"(max-width: 300px) 100vw, 300px\" \/><\/a><\/p>\n<p>&nbsp;<\/p>\n","protected":false},"excerpt":{"rendered":"<p>Diego Cuenca, Concejal de Turismo ha informado que desde principios de a\u00f1o nuestra comarca, Monte Ib\u00e9rico-Corredor de Almansa, dispone de nuevo material promocional para los once municipios que la componen. Una gu\u00eda muy \u00fatil para conocer los recursos tur\u00edsticos de la comarca, impulsada en el seno del Grupo de Acci\u00f3n Local de dicha Mancomunidad, donde &hellip;<\/p>\n","protected":false},"author":3,"featured_media":14302,"comment_status":"closed","ping_status":"open","sticky":false,"template":"","format":"standard","meta":{"ngg_post_thumbnail":0,"footnotes":""},"categories":[43],"tags":[],"class_list":["post-14290","post","type-post","status-publish","format-standard","has-post-thumbnail","hentry","category-turismo"],"yoast_head":"<!-- This site is optimized with the Yoast SEO plugin v27.5 - https:\/\/yoast.com\/product\/yoast-seo-wordpress\/ -->\n<title>Presentado el nuevo mapa Tur\u00edstico de la Comarca - MI Ayuntamiento de Caudete<\/title>\n<meta name=\"description\" content=\"P\u00e1gina Oficial del Ayuntamiento de Caudete (Albacete)\" \/>\n<meta name=\"robots\" content=\"index, follow, max-snippet:-1, max-image-preview:large, max-video-preview:-1\" \/>\n<link rel=\"canonical\" href=\"https:\/\/www.caudete.org\/ayuntamiento\/presentado-el-nuevo-mapa-turistico-de-la-comarca\/\" \/>\n<meta property=\"og:locale\" content=\"es_ES\" \/>\n<meta property=\"og:type\" content=\"article\" \/>\n<meta property=\"og:title\" content=\"Presentado el nuevo mapa Tur\u00edstico de la Comarca - MI Ayuntamiento de Caudete\" \/>\n<meta property=\"og:description\" content=\"P\u00e1gina Oficial del Ayuntamiento de Caudete (Albacete)\" \/>\n<meta property=\"og:url\" content=\"https:\/\/www.caudete.org\/ayuntamiento\/presentado-el-nuevo-mapa-turistico-de-la-comarca\/\" \/>\n<meta property=\"og:site_name\" content=\"MI Ayuntamiento de Caudete\" \/>\n<meta property=\"article:publisher\" content=\"https:\/\/www.facebook.com\/ayuntamientocaudete\/\" \/>\n<meta property=\"article:published_time\" content=\"2021-05-11T08:53:05+00:00\" \/>\n<meta property=\"article:modified_time\" content=\"2021-05-11T09:45:48+00:00\" \/>\n<meta property=\"og:image\" content=\"https:\/\/www.caudete.org\/ayuntamiento\/wp-content\/uploads\/2021\/05\/mapa-comarca-WEB-1-1.jpg\" \/>\n\t<meta property=\"og:image:width\" content=\"864\" \/>\n\t<meta property=\"og:image:height\" content=\"380\" \/>\n\t<meta property=\"og:image:type\" content=\"image\/jpeg\" \/>\n<meta name=\"author\" content=\"alcalde\" \/>\n<meta name=\"twitter:card\" content=\"summary_large_image\" \/>\n<meta name=\"twitter:label1\" content=\"Escrito por\" \/>\n\t<meta name=\"twitter:data1\" content=\"alcalde\" \/>\n\t<meta name=\"twitter:label2\" content=\"Tiempo de lectura\" \/>\n\t<meta name=\"twitter:data2\" content=\"2 minutos\" \/>\n<script type=\"application\/ld+json\" class=\"yoast-schema-graph\">{\"@context\":\"https:\\\/\\\/schema.org\",\"@graph\":[{\"@type\":\"Article\",\"@id\":\"https:\\\/\\\/www.caudete.org\\\/ayuntamiento\\\/presentado-el-nuevo-mapa-turistico-de-la-comarca\\\/#article\",\"isPartOf\":{\"@id\":\"https:\\\/\\\/www.caudete.org\\\/ayuntamiento\\\/presentado-el-nuevo-mapa-turistico-de-la-comarca\\\/\"},\"author\":{\"name\":\"alcalde\",\"@id\":\"https:\\\/\\\/www.caudete.org\\\/ayuntamiento\\\/#\\\/schema\\\/person\\\/cc646da9133078ee4d8dd47457947253\"},\"headline\":\"Presentado el nuevo mapa Tur\u00edstico de la Comarca\",\"datePublished\":\"2021-05-11T08:53:05+00:00\",\"dateModified\":\"2021-05-11T09:45:48+00:00\",\"mainEntityOfPage\":{\"@id\":\"https:\\\/\\\/www.caudete.org\\\/ayuntamiento\\\/presentado-el-nuevo-mapa-turistico-de-la-comarca\\\/\"},\"wordCount\":196,\"image\":{\"@id\":\"https:\\\/\\\/www.caudete.org\\\/ayuntamiento\\\/presentado-el-nuevo-mapa-turistico-de-la-comarca\\\/#primaryimage\"},\"thumbnailUrl\":\"https:\\\/\\\/www.caudete.org\\\/ayuntamiento\\\/wp-content\\\/uploads\\\/2021\\\/05\\\/mapa-comarca-WEB-1-1.jpg\",\"articleSection\":[\"Turismo\"],\"inLanguage\":\"es\"},{\"@type\":\"WebPage\",\"@id\":\"https:\\\/\\\/www.caudete.org\\\/ayuntamiento\\\/presentado-el-nuevo-mapa-turistico-de-la-comarca\\\/\",\"url\":\"https:\\\/\\\/www.caudete.org\\\/ayuntamiento\\\/presentado-el-nuevo-mapa-turistico-de-la-comarca\\\/\",\"name\":\"Presentado el nuevo mapa Tur\u00edstico de la Comarca - MI Ayuntamiento de Caudete\",\"isPartOf\":{\"@id\":\"https:\\\/\\\/www.caudete.org\\\/ayuntamiento\\\/#website\"},\"primaryImageOfPage\":{\"@id\":\"https:\\\/\\\/www.caudete.org\\\/ayuntamiento\\\/presentado-el-nuevo-mapa-turistico-de-la-comarca\\\/#primaryimage\"},\"image\":{\"@id\":\"https:\\\/\\\/www.caudete.org\\\/ayuntamiento\\\/presentado-el-nuevo-mapa-turistico-de-la-comarca\\\/#primaryimage\"},\"thumbnailUrl\":\"https:\\\/\\\/www.caudete.org\\\/ayuntamiento\\\/wp-content\\\/uploads\\\/2021\\\/05\\\/mapa-comarca-WEB-1-1.jpg\",\"datePublished\":\"2021-05-11T08:53:05+00:00\",\"dateModified\":\"2021-05-11T09:45:48+00:00\",\"author\":{\"@id\":\"https:\\\/\\\/www.caudete.org\\\/ayuntamiento\\\/#\\\/schema\\\/person\\\/cc646da9133078ee4d8dd47457947253\"},\"description\":\"P\u00e1gina Oficial del Ayuntamiento de Caudete (Albacete)\",\"breadcrumb\":{\"@id\":\"https:\\\/\\\/www.caudete.org\\\/ayuntamiento\\\/presentado-el-nuevo-mapa-turistico-de-la-comarca\\\/#breadcrumb\"},\"inLanguage\":\"es\",\"potentialAction\":[{\"@type\":\"ReadAction\",\"target\":[\"https:\\\/\\\/www.caudete.org\\\/ayuntamiento\\\/presentado-el-nuevo-mapa-turistico-de-la-comarca\\\/\"]}]},{\"@type\":\"ImageObject\",\"inLanguage\":\"es\",\"@id\":\"https:\\\/\\\/www.caudete.org\\\/ayuntamiento\\\/presentado-el-nuevo-mapa-turistico-de-la-comarca\\\/#primaryimage\",\"url\":\"https:\\\/\\\/www.caudete.org\\\/ayuntamiento\\\/wp-content\\\/uploads\\\/2021\\\/05\\\/mapa-comarca-WEB-1-1.jpg\",\"contentUrl\":\"https:\\\/\\\/www.caudete.org\\\/ayuntamiento\\\/wp-content\\\/uploads\\\/2021\\\/05\\\/mapa-comarca-WEB-1-1.jpg\",\"width\":864,\"height\":380},{\"@type\":\"BreadcrumbList\",\"@id\":\"https:\\\/\\\/www.caudete.org\\\/ayuntamiento\\\/presentado-el-nuevo-mapa-turistico-de-la-comarca\\\/#breadcrumb\",\"itemListElement\":[{\"@type\":\"ListItem\",\"position\":1,\"name\":\"Inicio\",\"item\":\"https:\\\/\\\/www.caudete.org\\\/ayuntamiento\\\/\"},{\"@type\":\"ListItem\",\"position\":2,\"name\":\"Presentado el nuevo mapa Tur\u00edstico de la Comarca\"}]},{\"@type\":\"WebSite\",\"@id\":\"https:\\\/\\\/www.caudete.org\\\/ayuntamiento\\\/#website\",\"url\":\"https:\\\/\\\/www.caudete.org\\\/ayuntamiento\\\/\",\"name\":\"MI Ayuntamiento de Caudete\",\"description\":\"P\u00e1gina Oficial del MI Ayuntamiento de Caudete\",\"potentialAction\":[{\"@type\":\"SearchAction\",\"target\":{\"@type\":\"EntryPoint\",\"urlTemplate\":\"https:\\\/\\\/www.caudete.org\\\/ayuntamiento\\\/?s={search_term_string}\"},\"query-input\":{\"@type\":\"PropertyValueSpecification\",\"valueRequired\":true,\"valueName\":\"search_term_string\"}}],\"inLanguage\":\"es\"},{\"@type\":\"Person\",\"@id\":\"https:\\\/\\\/www.caudete.org\\\/ayuntamiento\\\/#\\\/schema\\\/person\\\/cc646da9133078ee4d8dd47457947253\",\"name\":\"alcalde\",\"image\":{\"@type\":\"ImageObject\",\"inLanguage\":\"es\",\"@id\":\"https:\\\/\\\/secure.gravatar.com\\\/avatar\\\/84a817ba065b29ff08d666b215a215f5c79186a645ccb25b14a663d48a130f77?s=96&d=mm&r=g\",\"url\":\"https:\\\/\\\/secure.gravatar.com\\\/avatar\\\/84a817ba065b29ff08d666b215a215f5c79186a645ccb25b14a663d48a130f77?s=96&d=mm&r=g\",\"contentUrl\":\"https:\\\/\\\/secure.gravatar.com\\\/avatar\\\/84a817ba065b29ff08d666b215a215f5c79186a645ccb25b14a663d48a130f77?s=96&d=mm&r=g\",\"caption\":\"alcalde\"},\"url\":\"https:\\\/\\\/www.caudete.org\\\/ayuntamiento\\\/author\\\/alcalde\\\/\"}]}<\/script>\n<!-- \/ Yoast SEO plugin. -->","yoast_head_json":{"title":"Presentado el nuevo mapa Tur\u00edstico de la Comarca - MI Ayuntamiento de Caudete","description":"P\u00e1gina Oficial del Ayuntamiento de Caudete (Albacete)","robots":{"index":"index","follow":"follow","max-snippet":"max-snippet:-1","max-image-preview":"max-image-preview:large","max-video-preview":"max-video-preview:-1"},"canonical":"https:\/\/www.caudete.org\/ayuntamiento\/presentado-el-nuevo-mapa-turistico-de-la-comarca\/","og_locale":"es_ES","og_type":"article","og_title":"Presentado el nuevo mapa Tur\u00edstico de la Comarca - MI Ayuntamiento de Caudete","og_description":"P\u00e1gina Oficial del Ayuntamiento de Caudete (Albacete)","og_url":"https:\/\/www.caudete.org\/ayuntamiento\/presentado-el-nuevo-mapa-turistico-de-la-comarca\/","og_site_name":"MI Ayuntamiento de Caudete","article_publisher":"https:\/\/www.facebook.com\/ayuntamientocaudete\/","article_published_time":"2021-05-11T08:53:05+00:00","article_modified_time":"2021-05-11T09:45:48+00:00","og_image":[{"width":864,"height":380,"url":"https:\/\/www.caudete.org\/ayuntamiento\/wp-content\/uploads\/2021\/05\/mapa-comarca-WEB-1-1.jpg","type":"image\/jpeg"}],"author":"alcalde","twitter_card":"summary_large_image","twitter_misc":{"Escrito por":"alcalde","Tiempo de lectura":"2 minutos"},"schema":{"@context":"https:\/\/schema.org","@graph":[{"@type":"Article","@id":"https:\/\/www.caudete.org\/ayuntamiento\/presentado-el-nuevo-mapa-turistico-de-la-comarca\/#article","isPartOf":{"@id":"https:\/\/www.caudete.org\/ayuntamiento\/presentado-el-nuevo-mapa-turistico-de-la-comarca\/"},"author":{"name":"alcalde","@id":"https:\/\/www.caudete.org\/ayuntamiento\/#\/schema\/person\/cc646da9133078ee4d8dd47457947253"},"headline":"Presentado el nuevo mapa Tur\u00edstico de la Comarca","datePublished":"2021-05-11T08:53:05+00:00","dateModified":"2021-05-11T09:45:48+00:00","mainEntityOfPage":{"@id":"https:\/\/www.caudete.org\/ayuntamiento\/presentado-el-nuevo-mapa-turistico-de-la-comarca\/"},"wordCount":196,"image":{"@id":"https:\/\/www.caudete.org\/ayuntamiento\/presentado-el-nuevo-mapa-turistico-de-la-comarca\/#primaryimage"},"thumbnailUrl":"https:\/\/www.caudete.org\/ayuntamiento\/wp-content\/uploads\/2021\/05\/mapa-comarca-WEB-1-1.jpg","articleSection":["Turismo"],"inLanguage":"es"},{"@type":"WebPage","@id":"https:\/\/www.caudete.org\/ayuntamiento\/presentado-el-nuevo-mapa-turistico-de-la-comarca\/","url":"https:\/\/www.caudete.org\/ayuntamiento\/presentado-el-nuevo-mapa-turistico-de-la-comarca\/","name":"Presentado el nuevo mapa Tur\u00edstico de la Comarca - MI Ayuntamiento de Caudete","isPartOf":{"@id":"https:\/\/www.caudete.org\/ayuntamiento\/#website"},"primaryImageOfPage":{"@id":"https:\/\/www.caudete.org\/ayuntamiento\/presentado-el-nuevo-mapa-turistico-de-la-comarca\/#primaryimage"},"image":{"@id":"https:\/\/www.caudete.org\/ayuntamiento\/presentado-el-nuevo-mapa-turistico-de-la-comarca\/#primaryimage"},"thumbnailUrl":"https:\/\/www.caudete.org\/ayuntamiento\/wp-content\/uploads\/2021\/05\/mapa-comarca-WEB-1-1.jpg","datePublished":"2021-05-11T08:53:05+00:00","dateModified":"2021-05-11T09:45:48+00:00","author":{"@id":"https:\/\/www.caudete.org\/ayuntamiento\/#\/schema\/person\/cc646da9133078ee4d8dd47457947253"},"description":"P\u00e1gina Oficial del Ayuntamiento de Caudete (Albacete)","breadcrumb":{"@id":"https:\/\/www.caudete.org\/ayuntamiento\/presentado-el-nuevo-mapa-turistico-de-la-comarca\/#breadcrumb"},"inLanguage":"es","potentialAction":[{"@type":"ReadAction","target":["https:\/\/www.caudete.org\/ayuntamiento\/presentado-el-nuevo-mapa-turistico-de-la-comarca\/"]}]},{"@type":"ImageObject","inLanguage":"es","@id":"https:\/\/www.caudete.org\/ayuntamiento\/presentado-el-nuevo-mapa-turistico-de-la-comarca\/#primaryimage","url":"https:\/\/www.caudete.org\/ayuntamiento\/wp-content\/uploads\/2021\/05\/mapa-comarca-WEB-1-1.jpg","contentUrl":"https:\/\/www.caudete.org\/ayuntamiento\/wp-content\/uploads\/2021\/05\/mapa-comarca-WEB-1-1.jpg","width":864,"height":380},{"@type":"BreadcrumbList","@id":"https:\/\/www.caudete.org\/ayuntamiento\/presentado-el-nuevo-mapa-turistico-de-la-comarca\/#breadcrumb","itemListElement":[{"@type":"ListItem","position":1,"name":"Inicio","item":"https:\/\/www.caudete.org\/ayuntamiento\/"},{"@type":"ListItem","position":2,"name":"Presentado el nuevo mapa Tur\u00edstico de la Comarca"}]},{"@type":"WebSite","@id":"https:\/\/www.caudete.org\/ayuntamiento\/#website","url":"https:\/\/www.caudete.org\/ayuntamiento\/","name":"MI Ayuntamiento de Caudete","description":"P\u00e1gina Oficial del MI Ayuntamiento de Caudete","potentialAction":[{"@type":"SearchAction","target":{"@type":"EntryPoint","urlTemplate":"https:\/\/www.caudete.org\/ayuntamiento\/?s={search_term_string}"},"query-input":{"@type":"PropertyValueSpecification","valueRequired":true,"valueName":"search_term_string"}}],"inLanguage":"es"},{"@type":"Person","@id":"https:\/\/www.caudete.org\/ayuntamiento\/#\/schema\/person\/cc646da9133078ee4d8dd47457947253","name":"alcalde","image":{"@type":"ImageObject","inLanguage":"es","@id":"https:\/\/secure.gravatar.com\/avatar\/84a817ba065b29ff08d666b215a215f5c79186a645ccb25b14a663d48a130f77?s=96&d=mm&r=g","url":"https:\/\/secure.gravatar.com\/avatar\/84a817ba065b29ff08d666b215a215f5c79186a645ccb25b14a663d48a130f77?s=96&d=mm&r=g","contentUrl":"https:\/\/secure.gravatar.com\/avatar\/84a817ba065b29ff08d666b215a215f5c79186a645ccb25b14a663d48a130f77?s=96&d=mm&r=g","caption":"alcalde"},"url":"https:\/\/www.caudete.org\/ayuntamiento\/author\/alcalde\/"}]}},"_links":{"self":[{"href":"https:\/\/www.caudete.org\/ayuntamiento\/wp-json\/wp\/v2\/posts\/14290","targetHints":{"allow":["GET"]}}],"collection":[{"href":"https:\/\/www.caudete.org\/ayuntamiento\/wp-json\/wp\/v2\/posts"}],"about":[{"href":"https:\/\/www.caudete.org\/ayuntamiento\/wp-json\/wp\/v2\/types\/post"}],"author":[{"embeddable":true,"href":"https:\/\/www.caudete.org\/ayuntamiento\/wp-json\/wp\/v2\/users\/3"}],"replies":[{"embeddable":true,"href":"https:\/\/www.caudete.org\/ayuntamiento\/wp-json\/wp\/v2\/comments?post=14290"}],"version-history":[{"count":7,"href":"https:\/\/www.caudete.org\/ayuntamiento\/wp-json\/wp\/v2\/posts\/14290\/revisions"}],"predecessor-version":[{"id":14309,"href":"https:\/\/www.caudete.org\/ayuntamiento\/wp-json\/wp\/v2\/posts\/14290\/revisions\/14309"}],"wp:featuredmedia":[{"embeddable":true,"href":"https:\/\/www.caudete.org\/ayuntamiento\/wp-json\/wp\/v2\/media\/14302"}],"wp:attachment":[{"href":"https:\/\/www.caudete.org\/ayuntamiento\/wp-json\/wp\/v2\/media?parent=14290"}],"wp:term":[{"taxonomy":"category","embeddable":true,"href":"https:\/\/www.caudete.org\/ayuntamiento\/wp-json\/wp\/v2\/categories?post=14290"},{"taxonomy":"post_tag","embeddable":true,"href":"https:\/\/www.caudete.org\/ayuntamiento\/wp-json\/wp\/v2\/tags?post=14290"}],"curies":[{"name":"wp","href":"https:\/\/api.w.org\/{rel}","templated":true}]}}