{"id":14317,"date":"2021-05-12T15:05:49","date_gmt":"2021-05-12T13:05:49","guid":{"rendered":"https:\/\/www.caudete.org\/ayuntamiento\/?p=14317"},"modified":"2021-05-12T16:10:28","modified_gmt":"2021-05-12T14:10:28","slug":"el-delegado-provincial-nicolas-merino-clausura-el-recual-2019","status":"publish","type":"post","link":"https:\/\/www.caudete.org\/ayuntamiento\/el-delegado-provincial-nicolas-merino-clausura-el-recual-2019\/","title":{"rendered":"El Delegado Provincial Nicol\u00e1s Merino clausura el RECUAL-2019"},"content":{"rendered":"<p style=\"text-align: justify;\">Esta ma\u00f1ana Nicol\u00e1s Merino, Delegado Provincial de Econom\u00eda, Empresas y Empleo de la JCCM visitaba Caudete para clausurar el RECUAL-2019 una vez que el programa ha llegado a su fin.<\/p>\n<p style=\"text-align: justify;\">Junto al Alcalde Mois\u00e9s L\u00f3pez, y las Concejales de Empleo y Formaci\u00f3n M\u00aa del Mar Requena, Obras y Urbanismo Marian Ballester, acompa\u00f1aban Concejales del Equipo de Gobierno y de Oposici\u00f3n para visitar el estado de las Obras ejecutadas y proceder a la entrega de Diplomas, acto desarrollado en la Sala de Cine del Centro de Mayores.<\/p>\n<p style=\"text-align: justify;\">El Delegado destacaba los 190.000\u20ac invertidos en este Taller de Recualificaci\u00f3n que ha permitido formar y emplear a 8 alumnos, con la ventaja de que a partir de ma\u00f1ana su incorporaci\u00f3n a mercado laboral ser\u00e1 mucho m\u00e1s f\u00e1cil al tener una titulaci\u00f3n homologada que les certifica y los pone en posici\u00f3n de ventaja para ser contratados por una empresa.<\/p>\n<p><a href=\"https:\/\/www.caudete.org\/ayuntamiento\/wp-content\/uploads\/2021\/05\/WhatsApp-Image-2021-05-12-at-12.33.25.jpeg\" rel='prettyPhoto'><img fetchpriority=\"high\" decoding=\"async\" class=\"aligncenter wp-image-14319 size-medium\" src=\"https:\/\/www.caudete.org\/ayuntamiento\/wp-content\/uploads\/2021\/05\/WhatsApp-Image-2021-05-12-at-12.33.25-300x225.jpeg\" alt=\"\" width=\"300\" height=\"225\" srcset=\"https:\/\/www.caudete.org\/ayuntamiento\/wp-content\/uploads\/2021\/05\/WhatsApp-Image-2021-05-12-at-12.33.25-300x225.jpeg 300w, https:\/\/www.caudete.org\/ayuntamiento\/wp-content\/uploads\/2021\/05\/WhatsApp-Image-2021-05-12-at-12.33.25-1024x768.jpeg 1024w, https:\/\/www.caudete.org\/ayuntamiento\/wp-content\/uploads\/2021\/05\/WhatsApp-Image-2021-05-12-at-12.33.25-768x576.jpeg 768w, https:\/\/www.caudete.org\/ayuntamiento\/wp-content\/uploads\/2021\/05\/WhatsApp-Image-2021-05-12-at-12.33.25-1536x1152.jpeg 1536w, https:\/\/www.caudete.org\/ayuntamiento\/wp-content\/uploads\/2021\/05\/WhatsApp-Image-2021-05-12-at-12.33.25.jpeg 2048w\" sizes=\"(max-width: 300px) 100vw, 300px\" \/><\/a><\/p>\n<p style=\"text-align: justify;\">Adem\u00e1s, destacaba la cofinanciaci\u00f3n del proyecto entre la JCCM y el propio Consistorio caudetano, donde la Junta asume costes salariales de los alumnos, de los docentes y direcci\u00f3n del Curso, y donde el Ayuntamiento cofinancia con m\u00e1s de 50.000\u20ac los materiales empleados en la obra.<\/p>\n<p style=\"text-align: justify;\">Por su parte, el Alcalde felicitaba a los alumnos por el buen trabajo desarrollado, y su apuesta por este tipo de pol\u00edticas de empleo que redundan en beneficio de los propios alumnos, y de los caudetanos, al permitir recuperar un espacio para los peatones, en el que se cuenta con zona pensada para el paseo y el ocio, rodeados de una importante zona verde que se suma a esta Plaza.<\/p>\n<p style=\"text-align: justify;\">Igualmente, agradec\u00eda la labor de los T\u00e9cnicos como Manuel, F\u00e9lix y Gracia, el alma mater del proyecto, junto a Juan e Israel, y la Concejal Marian, por su colaboraci\u00f3n y gesti\u00f3n en este ambicioso proyecto que pone de manifiesto el saber aprovechar al m\u00e1ximo los recursos existentes para el mayor beneficio de los caudetanos.<\/p>\n<p><a href=\"https:\/\/www.caudete.org\/ayuntamiento\/wp-content\/uploads\/2021\/05\/WhatsApp-Image-2021-05-12-at-12.33.24.jpeg\" rel='prettyPhoto'><img decoding=\"async\" class=\"aligncenter wp-image-14318 size-medium\" src=\"https:\/\/www.caudete.org\/ayuntamiento\/wp-content\/uploads\/2021\/05\/WhatsApp-Image-2021-05-12-at-12.33.24-300x225.jpeg\" alt=\"\" width=\"300\" height=\"225\" srcset=\"https:\/\/www.caudete.org\/ayuntamiento\/wp-content\/uploads\/2021\/05\/WhatsApp-Image-2021-05-12-at-12.33.24-300x225.jpeg 300w, https:\/\/www.caudete.org\/ayuntamiento\/wp-content\/uploads\/2021\/05\/WhatsApp-Image-2021-05-12-at-12.33.24-1024x768.jpeg 1024w, https:\/\/www.caudete.org\/ayuntamiento\/wp-content\/uploads\/2021\/05\/WhatsApp-Image-2021-05-12-at-12.33.24-768x576.jpeg 768w, https:\/\/www.caudete.org\/ayuntamiento\/wp-content\/uploads\/2021\/05\/WhatsApp-Image-2021-05-12-at-12.33.24-1536x1152.jpeg 1536w, https:\/\/www.caudete.org\/ayuntamiento\/wp-content\/uploads\/2021\/05\/WhatsApp-Image-2021-05-12-at-12.33.24.jpeg 2048w\" sizes=\"(max-width: 300px) 100vw, 300px\" \/><\/a><\/p>\n","protected":false},"excerpt":{"rendered":"<p>Esta ma\u00f1ana Nicol\u00e1s Merino, Delegado Provincial de Econom\u00eda, Empresas y Empleo de la JCCM visitaba Caudete para clausurar el RECUAL-2019 una vez que el programa ha llegado a su fin. Junto al Alcalde Mois\u00e9s L\u00f3pez, y las Concejales de Empleo y Formaci\u00f3n M\u00aa del Mar Requena, Obras y Urbanismo Marian Ballester, acompa\u00f1aban Concejales del Equipo &hellip;<\/p>\n","protected":false},"author":3,"featured_media":14324,"comment_status":"closed","ping_status":"open","sticky":false,"template":"","format":"standard","meta":{"ngg_post_thumbnail":0,"footnotes":""},"categories":[37],"tags":[],"class_list":["post-14317","post","type-post","status-publish","format-standard","has-post-thumbnail","hentry","category-empleo-y-formacion"],"yoast_head":"<!-- This site is optimized with the Yoast SEO plugin v27.5 - https:\/\/yoast.com\/product\/yoast-seo-wordpress\/ -->\n<title>El Delegado Provincial Nicol\u00e1s Merino clausura el RECUAL-2019 - MI Ayuntamiento de Caudete<\/title>\n<meta name=\"description\" content=\"P\u00e1gina Oficial del Ayuntamiento de Caudete (Albacete)\" \/>\n<meta name=\"robots\" content=\"index, follow, max-snippet:-1, max-image-preview:large, max-video-preview:-1\" \/>\n<link rel=\"canonical\" href=\"https:\/\/www.caudete.org\/ayuntamiento\/el-delegado-provincial-nicolas-merino-clausura-el-recual-2019\/\" \/>\n<meta property=\"og:locale\" content=\"es_ES\" \/>\n<meta property=\"og:type\" content=\"article\" \/>\n<meta property=\"og:title\" content=\"El Delegado Provincial Nicol\u00e1s Merino clausura el RECUAL-2019 - MI Ayuntamiento de Caudete\" \/>\n<meta property=\"og:description\" content=\"P\u00e1gina Oficial del Ayuntamiento de Caudete (Albacete)\" \/>\n<meta property=\"og:url\" content=\"https:\/\/www.caudete.org\/ayuntamiento\/el-delegado-provincial-nicolas-merino-clausura-el-recual-2019\/\" \/>\n<meta property=\"og:site_name\" content=\"MI Ayuntamiento de Caudete\" \/>\n<meta property=\"article:publisher\" content=\"https:\/\/www.facebook.com\/ayuntamientocaudete\/\" \/>\n<meta property=\"article:published_time\" content=\"2021-05-12T13:05:49+00:00\" \/>\n<meta property=\"article:modified_time\" content=\"2021-05-12T14:10:28+00:00\" \/>\n<meta property=\"og:image\" content=\"https:\/\/www.caudete.org\/ayuntamiento\/wp-content\/uploads\/2021\/05\/Clausura-Recual-WEB.jpg\" \/>\n\t<meta property=\"og:image:width\" content=\"864\" \/>\n\t<meta property=\"og:image:height\" content=\"380\" \/>\n\t<meta property=\"og:image:type\" content=\"image\/jpeg\" \/>\n<meta name=\"author\" content=\"alcalde\" \/>\n<meta name=\"twitter:card\" content=\"summary_large_image\" \/>\n<meta name=\"twitter:label1\" content=\"Escrito por\" \/>\n\t<meta name=\"twitter:data1\" content=\"alcalde\" \/>\n\t<meta name=\"twitter:label2\" content=\"Tiempo de lectura\" \/>\n\t<meta name=\"twitter:data2\" content=\"2 minutos\" \/>\n<script type=\"application\/ld+json\" class=\"yoast-schema-graph\">{\"@context\":\"https:\\\/\\\/schema.org\",\"@graph\":[{\"@type\":\"Article\",\"@id\":\"https:\\\/\\\/www.caudete.org\\\/ayuntamiento\\\/el-delegado-provincial-nicolas-merino-clausura-el-recual-2019\\\/#article\",\"isPartOf\":{\"@id\":\"https:\\\/\\\/www.caudete.org\\\/ayuntamiento\\\/el-delegado-provincial-nicolas-merino-clausura-el-recual-2019\\\/\"},\"author\":{\"name\":\"alcalde\",\"@id\":\"https:\\\/\\\/www.caudete.org\\\/ayuntamiento\\\/#\\\/schema\\\/person\\\/cc646da9133078ee4d8dd47457947253\"},\"headline\":\"El Delegado Provincial Nicol\u00e1s Merino clausura el RECUAL-2019\",\"datePublished\":\"2021-05-12T13:05:49+00:00\",\"dateModified\":\"2021-05-12T14:10:28+00:00\",\"mainEntityOfPage\":{\"@id\":\"https:\\\/\\\/www.caudete.org\\\/ayuntamiento\\\/el-delegado-provincial-nicolas-merino-clausura-el-recual-2019\\\/\"},\"wordCount\":346,\"publisher\":{\"@id\":\"https:\\\/\\\/www.caudete.org\\\/ayuntamiento\\\/#organization\"},\"image\":{\"@id\":\"https:\\\/\\\/www.caudete.org\\\/ayuntamiento\\\/el-delegado-provincial-nicolas-merino-clausura-el-recual-2019\\\/#primaryimage\"},\"thumbnailUrl\":\"https:\\\/\\\/www.caudete.org\\\/ayuntamiento\\\/wp-content\\\/uploads\\\/2021\\\/05\\\/Clausura-Recual-WEB.jpg\",\"articleSection\":[\"Empleo y Formaci\u00f3n\"],\"inLanguage\":\"es\"},{\"@type\":\"WebPage\",\"@id\":\"https:\\\/\\\/www.caudete.org\\\/ayuntamiento\\\/el-delegado-provincial-nicolas-merino-clausura-el-recual-2019\\\/\",\"url\":\"https:\\\/\\\/www.caudete.org\\\/ayuntamiento\\\/el-delegado-provincial-nicolas-merino-clausura-el-recual-2019\\\/\",\"name\":\"El Delegado Provincial Nicol\u00e1s Merino clausura el RECUAL-2019 - MI Ayuntamiento de Caudete\",\"isPartOf\":{\"@id\":\"https:\\\/\\\/www.caudete.org\\\/ayuntamiento\\\/#website\"},\"primaryImageOfPage\":{\"@id\":\"https:\\\/\\\/www.caudete.org\\\/ayuntamiento\\\/el-delegado-provincial-nicolas-merino-clausura-el-recual-2019\\\/#primaryimage\"},\"image\":{\"@id\":\"https:\\\/\\\/www.caudete.org\\\/ayuntamiento\\\/el-delegado-provincial-nicolas-merino-clausura-el-recual-2019\\\/#primaryimage\"},\"thumbnailUrl\":\"https:\\\/\\\/www.caudete.org\\\/ayuntamiento\\\/wp-content\\\/uploads\\\/2021\\\/05\\\/Clausura-Recual-WEB.jpg\",\"datePublished\":\"2021-05-12T13:05:49+00:00\",\"dateModified\":\"2021-05-12T14:10:28+00:00\",\"description\":\"P\u00e1gina Oficial del Ayuntamiento de Caudete (Albacete)\",\"breadcrumb\":{\"@id\":\"https:\\\/\\\/www.caudete.org\\\/ayuntamiento\\\/el-delegado-provincial-nicolas-merino-clausura-el-recual-2019\\\/#breadcrumb\"},\"inLanguage\":\"es\",\"potentialAction\":[{\"@type\":\"ReadAction\",\"target\":[\"https:\\\/\\\/www.caudete.org\\\/ayuntamiento\\\/el-delegado-provincial-nicolas-merino-clausura-el-recual-2019\\\/\"]}]},{\"@type\":\"ImageObject\",\"inLanguage\":\"es\",\"@id\":\"https:\\\/\\\/www.caudete.org\\\/ayuntamiento\\\/el-delegado-provincial-nicolas-merino-clausura-el-recual-2019\\\/#primaryimage\",\"url\":\"https:\\\/\\\/www.caudete.org\\\/ayuntamiento\\\/wp-content\\\/uploads\\\/2021\\\/05\\\/Clausura-Recual-WEB.jpg\",\"contentUrl\":\"https:\\\/\\\/www.caudete.org\\\/ayuntamiento\\\/wp-content\\\/uploads\\\/2021\\\/05\\\/Clausura-Recual-WEB.jpg\",\"width\":864,\"height\":380},{\"@type\":\"BreadcrumbList\",\"@id\":\"https:\\\/\\\/www.caudete.org\\\/ayuntamiento\\\/el-delegado-provincial-nicolas-merino-clausura-el-recual-2019\\\/#breadcrumb\",\"itemListElement\":[{\"@type\":\"ListItem\",\"position\":1,\"name\":\"Inicio\",\"item\":\"https:\\\/\\\/www.caudete.org\\\/ayuntamiento\\\/\"},{\"@type\":\"ListItem\",\"position\":2,\"name\":\"El Delegado Provincial Nicol\u00e1s Merino clausura el RECUAL-2019\"}]},{\"@type\":\"WebSite\",\"@id\":\"https:\\\/\\\/www.caudete.org\\\/ayuntamiento\\\/#website\",\"url\":\"https:\\\/\\\/www.caudete.org\\\/ayuntamiento\\\/\",\"name\":\"MI Ayuntamiento de Caudete\",\"description\":\"P\u00e1gina Oficial del MI Ayuntamiento de Caudete\",\"publisher\":{\"@id\":\"https:\\\/\\\/www.caudete.org\\\/ayuntamiento\\\/#organization\"},\"potentialAction\":[{\"@type\":\"SearchAction\",\"target\":{\"@type\":\"EntryPoint\",\"urlTemplate\":\"https:\\\/\\\/www.caudete.org\\\/ayuntamiento\\\/?s={search_term_string}\"},\"query-input\":{\"@type\":\"PropertyValueSpecification\",\"valueRequired\":true,\"valueName\":\"search_term_string\"}}],\"inLanguage\":\"es\"},{\"@type\":\"Organization\",\"@id\":\"https:\\\/\\\/www.caudete.org\\\/ayuntamiento\\\/#organization\",\"name\":\"Ayuntamiento de Caudete\",\"url\":\"https:\\\/\\\/www.caudete.org\\\/ayuntamiento\\\/\",\"logo\":{\"@type\":\"ImageObject\",\"inLanguage\":\"es\",\"@id\":\"https:\\\/\\\/www.caudete.org\\\/ayuntamiento\\\/#\\\/schema\\\/logo\\\/image\\\/\",\"url\":\"https:\\\/\\\/www.caudete.org\\\/ayuntamiento\\\/wp-content\\\/uploads\\\/2020\\\/11\\\/logo_ayuntamiento_caudete.jpg\",\"contentUrl\":\"https:\\\/\\\/www.caudete.org\\\/ayuntamiento\\\/wp-content\\\/uploads\\\/2020\\\/11\\\/logo_ayuntamiento_caudete.jpg\",\"width\":600,\"height\":150,\"caption\":\"Ayuntamiento de Caudete\"},\"image\":{\"@id\":\"https:\\\/\\\/www.caudete.org\\\/ayuntamiento\\\/#\\\/schema\\\/logo\\\/image\\\/\"},\"sameAs\":[\"https:\\\/\\\/www.facebook.com\\\/ayuntamientocaudete\\\/\",\"https:\\\/\\\/www.youtube.com\\\/channel\\\/UC6VztHaooNsGpw-tNoBEFnQ\"]},{\"@type\":\"Person\",\"@id\":\"https:\\\/\\\/www.caudete.org\\\/ayuntamiento\\\/#\\\/schema\\\/person\\\/cc646da9133078ee4d8dd47457947253\",\"name\":\"alcalde\",\"image\":{\"@type\":\"ImageObject\",\"inLanguage\":\"es\",\"@id\":\"https:\\\/\\\/secure.gravatar.com\\\/avatar\\\/84a817ba065b29ff08d666b215a215f5c79186a645ccb25b14a663d48a130f77?s=96&d=mm&r=g\",\"url\":\"https:\\\/\\\/secure.gravatar.com\\\/avatar\\\/84a817ba065b29ff08d666b215a215f5c79186a645ccb25b14a663d48a130f77?s=96&d=mm&r=g\",\"contentUrl\":\"https:\\\/\\\/secure.gravatar.com\\\/avatar\\\/84a817ba065b29ff08d666b215a215f5c79186a645ccb25b14a663d48a130f77?s=96&d=mm&r=g\",\"caption\":\"alcalde\"},\"url\":\"https:\\\/\\\/www.caudete.org\\\/ayuntamiento\\\/author\\\/alcalde\\\/\"}]}<\/script>\n<!-- \/ Yoast SEO plugin. -->","yoast_head_json":{"title":"El Delegado Provincial Nicol\u00e1s Merino clausura el RECUAL-2019 - MI Ayuntamiento de Caudete","description":"P\u00e1gina Oficial del Ayuntamiento de Caudete (Albacete)","robots":{"index":"index","follow":"follow","max-snippet":"max-snippet:-1","max-image-preview":"max-image-preview:large","max-video-preview":"max-video-preview:-1"},"canonical":"https:\/\/www.caudete.org\/ayuntamiento\/el-delegado-provincial-nicolas-merino-clausura-el-recual-2019\/","og_locale":"es_ES","og_type":"article","og_title":"El Delegado Provincial Nicol\u00e1s Merino clausura el RECUAL-2019 - MI Ayuntamiento de Caudete","og_description":"P\u00e1gina Oficial del Ayuntamiento de Caudete (Albacete)","og_url":"https:\/\/www.caudete.org\/ayuntamiento\/el-delegado-provincial-nicolas-merino-clausura-el-recual-2019\/","og_site_name":"MI Ayuntamiento de Caudete","article_publisher":"https:\/\/www.facebook.com\/ayuntamientocaudete\/","article_published_time":"2021-05-12T13:05:49+00:00","article_modified_time":"2021-05-12T14:10:28+00:00","og_image":[{"width":864,"height":380,"url":"https:\/\/www.caudete.org\/ayuntamiento\/wp-content\/uploads\/2021\/05\/Clausura-Recual-WEB.jpg","type":"image\/jpeg"}],"author":"alcalde","twitter_card":"summary_large_image","twitter_misc":{"Escrito por":"alcalde","Tiempo de lectura":"2 minutos"},"schema":{"@context":"https:\/\/schema.org","@graph":[{"@type":"Article","@id":"https:\/\/www.caudete.org\/ayuntamiento\/el-delegado-provincial-nicolas-merino-clausura-el-recual-2019\/#article","isPartOf":{"@id":"https:\/\/www.caudete.org\/ayuntamiento\/el-delegado-provincial-nicolas-merino-clausura-el-recual-2019\/"},"author":{"name":"alcalde","@id":"https:\/\/www.caudete.org\/ayuntamiento\/#\/schema\/person\/cc646da9133078ee4d8dd47457947253"},"headline":"El Delegado Provincial Nicol\u00e1s Merino clausura el RECUAL-2019","datePublished":"2021-05-12T13:05:49+00:00","dateModified":"2021-05-12T14:10:28+00:00","mainEntityOfPage":{"@id":"https:\/\/www.caudete.org\/ayuntamiento\/el-delegado-provincial-nicolas-merino-clausura-el-recual-2019\/"},"wordCount":346,"publisher":{"@id":"https:\/\/www.caudete.org\/ayuntamiento\/#organization"},"image":{"@id":"https:\/\/www.caudete.org\/ayuntamiento\/el-delegado-provincial-nicolas-merino-clausura-el-recual-2019\/#primaryimage"},"thumbnailUrl":"https:\/\/www.caudete.org\/ayuntamiento\/wp-content\/uploads\/2021\/05\/Clausura-Recual-WEB.jpg","articleSection":["Empleo y Formaci\u00f3n"],"inLanguage":"es"},{"@type":"WebPage","@id":"https:\/\/www.caudete.org\/ayuntamiento\/el-delegado-provincial-nicolas-merino-clausura-el-recual-2019\/","url":"https:\/\/www.caudete.org\/ayuntamiento\/el-delegado-provincial-nicolas-merino-clausura-el-recual-2019\/","name":"El Delegado Provincial Nicol\u00e1s Merino clausura el RECUAL-2019 - MI Ayuntamiento de Caudete","isPartOf":{"@id":"https:\/\/www.caudete.org\/ayuntamiento\/#website"},"primaryImageOfPage":{"@id":"https:\/\/www.caudete.org\/ayuntamiento\/el-delegado-provincial-nicolas-merino-clausura-el-recual-2019\/#primaryimage"},"image":{"@id":"https:\/\/www.caudete.org\/ayuntamiento\/el-delegado-provincial-nicolas-merino-clausura-el-recual-2019\/#primaryimage"},"thumbnailUrl":"https:\/\/www.caudete.org\/ayuntamiento\/wp-content\/uploads\/2021\/05\/Clausura-Recual-WEB.jpg","datePublished":"2021-05-12T13:05:49+00:00","dateModified":"2021-05-12T14:10:28+00:00","description":"P\u00e1gina Oficial del Ayuntamiento de Caudete (Albacete)","breadcrumb":{"@id":"https:\/\/www.caudete.org\/ayuntamiento\/el-delegado-provincial-nicolas-merino-clausura-el-recual-2019\/#breadcrumb"},"inLanguage":"es","potentialAction":[{"@type":"ReadAction","target":["https:\/\/www.caudete.org\/ayuntamiento\/el-delegado-provincial-nicolas-merino-clausura-el-recual-2019\/"]}]},{"@type":"ImageObject","inLanguage":"es","@id":"https:\/\/www.caudete.org\/ayuntamiento\/el-delegado-provincial-nicolas-merino-clausura-el-recual-2019\/#primaryimage","url":"https:\/\/www.caudete.org\/ayuntamiento\/wp-content\/uploads\/2021\/05\/Clausura-Recual-WEB.jpg","contentUrl":"https:\/\/www.caudete.org\/ayuntamiento\/wp-content\/uploads\/2021\/05\/Clausura-Recual-WEB.jpg","width":864,"height":380},{"@type":"BreadcrumbList","@id":"https:\/\/www.caudete.org\/ayuntamiento\/el-delegado-provincial-nicolas-merino-clausura-el-recual-2019\/#breadcrumb","itemListElement":[{"@type":"ListItem","position":1,"name":"Inicio","item":"https:\/\/www.caudete.org\/ayuntamiento\/"},{"@type":"ListItem","position":2,"name":"El Delegado Provincial Nicol\u00e1s Merino clausura el RECUAL-2019"}]},{"@type":"WebSite","@id":"https:\/\/www.caudete.org\/ayuntamiento\/#website","url":"https:\/\/www.caudete.org\/ayuntamiento\/","name":"MI Ayuntamiento de Caudete","description":"P\u00e1gina Oficial del MI Ayuntamiento de Caudete","publisher":{"@id":"https:\/\/www.caudete.org\/ayuntamiento\/#organization"},"potentialAction":[{"@type":"SearchAction","target":{"@type":"EntryPoint","urlTemplate":"https:\/\/www.caudete.org\/ayuntamiento\/?s={search_term_string}"},"query-input":{"@type":"PropertyValueSpecification","valueRequired":true,"valueName":"search_term_string"}}],"inLanguage":"es"},{"@type":"Organization","@id":"https:\/\/www.caudete.org\/ayuntamiento\/#organization","name":"Ayuntamiento de Caudete","url":"https:\/\/www.caudete.org\/ayuntamiento\/","logo":{"@type":"ImageObject","inLanguage":"es","@id":"https:\/\/www.caudete.org\/ayuntamiento\/#\/schema\/logo\/image\/","url":"https:\/\/www.caudete.org\/ayuntamiento\/wp-content\/uploads\/2020\/11\/logo_ayuntamiento_caudete.jpg","contentUrl":"https:\/\/www.caudete.org\/ayuntamiento\/wp-content\/uploads\/2020\/11\/logo_ayuntamiento_caudete.jpg","width":600,"height":150,"caption":"Ayuntamiento de Caudete"},"image":{"@id":"https:\/\/www.caudete.org\/ayuntamiento\/#\/schema\/logo\/image\/"},"sameAs":["https:\/\/www.facebook.com\/ayuntamientocaudete\/","https:\/\/www.youtube.com\/channel\/UC6VztHaooNsGpw-tNoBEFnQ"]},{"@type":"Person","@id":"https:\/\/www.caudete.org\/ayuntamiento\/#\/schema\/person\/cc646da9133078ee4d8dd47457947253","name":"alcalde","image":{"@type":"ImageObject","inLanguage":"es","@id":"https:\/\/secure.gravatar.com\/avatar\/84a817ba065b29ff08d666b215a215f5c79186a645ccb25b14a663d48a130f77?s=96&d=mm&r=g","url":"https:\/\/secure.gravatar.com\/avatar\/84a817ba065b29ff08d666b215a215f5c79186a645ccb25b14a663d48a130f77?s=96&d=mm&r=g","contentUrl":"https:\/\/secure.gravatar.com\/avatar\/84a817ba065b29ff08d666b215a215f5c79186a645ccb25b14a663d48a130f77?s=96&d=mm&r=g","caption":"alcalde"},"url":"https:\/\/www.caudete.org\/ayuntamiento\/author\/alcalde\/"}]}},"_links":{"self":[{"href":"https:\/\/www.caudete.org\/ayuntamiento\/wp-json\/wp\/v2\/posts\/14317","targetHints":{"allow":["GET"]}}],"collection":[{"href":"https:\/\/www.caudete.org\/ayuntamiento\/wp-json\/wp\/v2\/posts"}],"about":[{"href":"https:\/\/www.caudete.org\/ayuntamiento\/wp-json\/wp\/v2\/types\/post"}],"author":[{"embeddable":true,"href":"https:\/\/www.caudete.org\/ayuntamiento\/wp-json\/wp\/v2\/users\/3"}],"replies":[{"embeddable":true,"href":"https:\/\/www.caudete.org\/ayuntamiento\/wp-json\/wp\/v2\/comments?post=14317"}],"version-history":[{"count":3,"href":"https:\/\/www.caudete.org\/ayuntamiento\/wp-json\/wp\/v2\/posts\/14317\/revisions"}],"predecessor-version":[{"id":14326,"href":"https:\/\/www.caudete.org\/ayuntamiento\/wp-json\/wp\/v2\/posts\/14317\/revisions\/14326"}],"wp:featuredmedia":[{"embeddable":true,"href":"https:\/\/www.caudete.org\/ayuntamiento\/wp-json\/wp\/v2\/media\/14324"}],"wp:attachment":[{"href":"https:\/\/www.caudete.org\/ayuntamiento\/wp-json\/wp\/v2\/media?parent=14317"}],"wp:term":[{"taxonomy":"category","embeddable":true,"href":"https:\/\/www.caudete.org\/ayuntamiento\/wp-json\/wp\/v2\/categories?post=14317"},{"taxonomy":"post_tag","embeddable":true,"href":"https:\/\/www.caudete.org\/ayuntamiento\/wp-json\/wp\/v2\/tags?post=14317"}],"curies":[{"name":"wp","href":"https:\/\/api.w.org\/{rel}","templated":true}]}}