{"id":14332,"date":"2021-05-13T11:39:34","date_gmt":"2021-05-13T09:39:34","guid":{"rendered":"https:\/\/www.caudete.org\/ayuntamiento\/?p=14332"},"modified":"2021-05-13T12:13:40","modified_gmt":"2021-05-13T10:13:40","slug":"celebrado-el-dia-mundial-de-la-fibromialgia-y-el-sindrome-de-fatiga-cronica","status":"publish","type":"post","link":"https:\/\/www.caudete.org\/ayuntamiento\/celebrado-el-dia-mundial-de-la-fibromialgia-y-el-sindrome-de-fatiga-cronica\/","title":{"rendered":"Celebrado el D\u00eda Mundial de la FIBROMIALGIA y el s\u00edndrome de fatiga cr\u00f3nica"},"content":{"rendered":"<p style=\"text-align: justify;\">El12 de Mayo se conmemora el d\u00eda Mundial de la Fibromialgia y el S\u00edndrome de Fatiga Cr\u00f3nica, y por ello Ayuntamiento y <em>Asociaci\u00f3n Fibromialgia AVANCE<\/em> de Caudete celebraron ayer un peque\u00f1o acto en el Centro Social &#8220;Alcalde Vicente Lillo&#8221;, donde tienen su sede.<\/p>\n<p style=\"text-align: justify;\">Con la lectura de un manifiesto por parte de la Presidenta de la Asociaci\u00f3n, el Ayuntamiento por medio de la Concejal\u00eda de Bienestar Social se un\u00eda al acto dando apoyo a todas las personas que sufren esta enfermedad cada d\u00eda. Su Concejal Inma Garc\u00eda agradec\u00eda a la asociaci\u00f3n la labor que cada a\u00f1o realizan con las personas diagnosticadas de esta patolog\u00eda,\u00a0 reclamando una mayor atenci\u00f3n m\u00e9dica en el diagn\u00f3stico, que en ocasiones es muy dif\u00edcil de detectar.<\/p>\n<p><a href=\"https:\/\/www.caudete.org\/ayuntamiento\/wp-content\/uploads\/2021\/05\/WhatsApp-Image-2021-05-12-at-22.55.29-1.jpeg\" rel='prettyPhoto'><img fetchpriority=\"high\" decoding=\"async\" class=\"aligncenter wp-image-14333 size-medium\" src=\"https:\/\/www.caudete.org\/ayuntamiento\/wp-content\/uploads\/2021\/05\/WhatsApp-Image-2021-05-12-at-22.55.29-1-225x300.jpeg\" alt=\"\" width=\"225\" height=\"300\" srcset=\"https:\/\/www.caudete.org\/ayuntamiento\/wp-content\/uploads\/2021\/05\/WhatsApp-Image-2021-05-12-at-22.55.29-1-225x300.jpeg 225w, https:\/\/www.caudete.org\/ayuntamiento\/wp-content\/uploads\/2021\/05\/WhatsApp-Image-2021-05-12-at-22.55.29-1-768x1024.jpeg 768w, https:\/\/www.caudete.org\/ayuntamiento\/wp-content\/uploads\/2021\/05\/WhatsApp-Image-2021-05-12-at-22.55.29-1-1152x1536.jpeg 1152w, https:\/\/www.caudete.org\/ayuntamiento\/wp-content\/uploads\/2021\/05\/WhatsApp-Image-2021-05-12-at-22.55.29-1.jpeg 1200w\" sizes=\"(max-width: 225px) 100vw, 225px\" \/><\/a><\/p>\n<p style=\"text-align: justify;\">La asociaci\u00f3n, como tiene costumbre cada a\u00f1o, colgaba del balc\u00f3n de la Sala de la Villa una pancarta conmemorativa de la efem\u00e9ride.<\/p>\n<p style=\"text-align: justify;\">Seg\u00fan palabras de la propia Edil &#8220;<em>celebrar su d\u00eda, es especialmente importante para las asociaciones ya que supone un impulso para que se den a conocer, se sabe poco de esta enfermedad, y \u00e9ste es un buen d\u00eda para saber m\u00e1s a cerca de esta dolencia, conocer la asociaci\u00f3n para informase y colaborar en su lucha.&#8221;<\/em><\/p>\n","protected":false},"excerpt":{"rendered":"<p>El12 de Mayo se conmemora el d\u00eda Mundial de la Fibromialgia y el S\u00edndrome de Fatiga Cr\u00f3nica, y por ello Ayuntamiento y Asociaci\u00f3n Fibromialgia AVANCE de Caudete celebraron ayer un peque\u00f1o acto en el Centro Social &#8220;Alcalde Vicente Lillo&#8221;, donde tienen su sede. Con la lectura de un manifiesto por parte de la Presidenta de &hellip;<\/p>\n","protected":false},"author":3,"featured_media":14334,"comment_status":"closed","ping_status":"open","sticky":false,"template":"","format":"standard","meta":{"ngg_post_thumbnail":0,"footnotes":""},"categories":[51],"tags":[],"class_list":["post-14332","post","type-post","status-publish","format-standard","has-post-thumbnail","hentry","category-bienestar-social"],"yoast_head":"<!-- This site is optimized with the Yoast SEO plugin v27.5 - https:\/\/yoast.com\/product\/yoast-seo-wordpress\/ -->\n<title>Celebrado el D\u00eda Mundial de la FIBROMIALGIA y el s\u00edndrome de fatiga cr\u00f3nica - MI Ayuntamiento de Caudete<\/title>\n<meta name=\"description\" content=\"P\u00e1gina Oficial del Ayuntamiento de Caudete (Albacete)\" \/>\n<meta name=\"robots\" content=\"index, follow, max-snippet:-1, max-image-preview:large, max-video-preview:-1\" \/>\n<link rel=\"canonical\" href=\"https:\/\/www.caudete.org\/ayuntamiento\/celebrado-el-dia-mundial-de-la-fibromialgia-y-el-sindrome-de-fatiga-cronica\/\" \/>\n<meta property=\"og:locale\" content=\"es_ES\" \/>\n<meta property=\"og:type\" content=\"article\" \/>\n<meta property=\"og:title\" content=\"Celebrado el D\u00eda Mundial de la FIBROMIALGIA y el s\u00edndrome de fatiga cr\u00f3nica - MI Ayuntamiento de Caudete\" \/>\n<meta property=\"og:description\" content=\"P\u00e1gina Oficial del Ayuntamiento de Caudete (Albacete)\" \/>\n<meta property=\"og:url\" content=\"https:\/\/www.caudete.org\/ayuntamiento\/celebrado-el-dia-mundial-de-la-fibromialgia-y-el-sindrome-de-fatiga-cronica\/\" \/>\n<meta property=\"og:site_name\" content=\"MI Ayuntamiento de Caudete\" \/>\n<meta property=\"article:publisher\" content=\"https:\/\/www.facebook.com\/ayuntamientocaudete\/\" \/>\n<meta property=\"article:published_time\" content=\"2021-05-13T09:39:34+00:00\" \/>\n<meta property=\"article:modified_time\" content=\"2021-05-13T10:13:40+00:00\" \/>\n<meta property=\"og:image\" content=\"https:\/\/www.caudete.org\/ayuntamiento\/wp-content\/uploads\/2021\/05\/WhatsApp-Image-2021-05-12-at-22.55.29.jpeg\" \/>\n\t<meta property=\"og:image:width\" content=\"1599\" \/>\n\t<meta property=\"og:image:height\" content=\"766\" \/>\n\t<meta property=\"og:image:type\" content=\"image\/jpeg\" \/>\n<meta name=\"author\" content=\"alcalde\" \/>\n<meta name=\"twitter:card\" content=\"summary_large_image\" \/>\n<meta name=\"twitter:label1\" content=\"Escrito por\" \/>\n\t<meta name=\"twitter:data1\" content=\"alcalde\" \/>\n\t<meta name=\"twitter:label2\" content=\"Tiempo de lectura\" \/>\n\t<meta name=\"twitter:data2\" content=\"2 minutos\" \/>\n<script type=\"application\/ld+json\" class=\"yoast-schema-graph\">{\"@context\":\"https:\\\/\\\/schema.org\",\"@graph\":[{\"@type\":\"Article\",\"@id\":\"https:\\\/\\\/www.caudete.org\\\/ayuntamiento\\\/celebrado-el-dia-mundial-de-la-fibromialgia-y-el-sindrome-de-fatiga-cronica\\\/#article\",\"isPartOf\":{\"@id\":\"https:\\\/\\\/www.caudete.org\\\/ayuntamiento\\\/celebrado-el-dia-mundial-de-la-fibromialgia-y-el-sindrome-de-fatiga-cronica\\\/\"},\"author\":{\"name\":\"alcalde\",\"@id\":\"https:\\\/\\\/www.caudete.org\\\/ayuntamiento\\\/#\\\/schema\\\/person\\\/cc646da9133078ee4d8dd47457947253\"},\"headline\":\"Celebrado el D\u00eda Mundial de la FIBROMIALGIA y el s\u00edndrome de fatiga cr\u00f3nica\",\"datePublished\":\"2021-05-13T09:39:34+00:00\",\"dateModified\":\"2021-05-13T10:13:40+00:00\",\"mainEntityOfPage\":{\"@id\":\"https:\\\/\\\/www.caudete.org\\\/ayuntamiento\\\/celebrado-el-dia-mundial-de-la-fibromialgia-y-el-sindrome-de-fatiga-cronica\\\/\"},\"wordCount\":241,\"image\":{\"@id\":\"https:\\\/\\\/www.caudete.org\\\/ayuntamiento\\\/celebrado-el-dia-mundial-de-la-fibromialgia-y-el-sindrome-de-fatiga-cronica\\\/#primaryimage\"},\"thumbnailUrl\":\"https:\\\/\\\/www.caudete.org\\\/ayuntamiento\\\/wp-content\\\/uploads\\\/2021\\\/05\\\/WhatsApp-Image-2021-05-12-at-22.55.29.jpeg\",\"articleSection\":[\"Bienestar Social\"],\"inLanguage\":\"es\"},{\"@type\":\"WebPage\",\"@id\":\"https:\\\/\\\/www.caudete.org\\\/ayuntamiento\\\/celebrado-el-dia-mundial-de-la-fibromialgia-y-el-sindrome-de-fatiga-cronica\\\/\",\"url\":\"https:\\\/\\\/www.caudete.org\\\/ayuntamiento\\\/celebrado-el-dia-mundial-de-la-fibromialgia-y-el-sindrome-de-fatiga-cronica\\\/\",\"name\":\"Celebrado el D\u00eda Mundial de la FIBROMIALGIA y el s\u00edndrome de fatiga cr\u00f3nica - MI Ayuntamiento de Caudete\",\"isPartOf\":{\"@id\":\"https:\\\/\\\/www.caudete.org\\\/ayuntamiento\\\/#website\"},\"primaryImageOfPage\":{\"@id\":\"https:\\\/\\\/www.caudete.org\\\/ayuntamiento\\\/celebrado-el-dia-mundial-de-la-fibromialgia-y-el-sindrome-de-fatiga-cronica\\\/#primaryimage\"},\"image\":{\"@id\":\"https:\\\/\\\/www.caudete.org\\\/ayuntamiento\\\/celebrado-el-dia-mundial-de-la-fibromialgia-y-el-sindrome-de-fatiga-cronica\\\/#primaryimage\"},\"thumbnailUrl\":\"https:\\\/\\\/www.caudete.org\\\/ayuntamiento\\\/wp-content\\\/uploads\\\/2021\\\/05\\\/WhatsApp-Image-2021-05-12-at-22.55.29.jpeg\",\"datePublished\":\"2021-05-13T09:39:34+00:00\",\"dateModified\":\"2021-05-13T10:13:40+00:00\",\"author\":{\"@id\":\"https:\\\/\\\/www.caudete.org\\\/ayuntamiento\\\/#\\\/schema\\\/person\\\/cc646da9133078ee4d8dd47457947253\"},\"description\":\"P\u00e1gina Oficial del Ayuntamiento de Caudete (Albacete)\",\"breadcrumb\":{\"@id\":\"https:\\\/\\\/www.caudete.org\\\/ayuntamiento\\\/celebrado-el-dia-mundial-de-la-fibromialgia-y-el-sindrome-de-fatiga-cronica\\\/#breadcrumb\"},\"inLanguage\":\"es\",\"potentialAction\":[{\"@type\":\"ReadAction\",\"target\":[\"https:\\\/\\\/www.caudete.org\\\/ayuntamiento\\\/celebrado-el-dia-mundial-de-la-fibromialgia-y-el-sindrome-de-fatiga-cronica\\\/\"]}]},{\"@type\":\"ImageObject\",\"inLanguage\":\"es\",\"@id\":\"https:\\\/\\\/www.caudete.org\\\/ayuntamiento\\\/celebrado-el-dia-mundial-de-la-fibromialgia-y-el-sindrome-de-fatiga-cronica\\\/#primaryimage\",\"url\":\"https:\\\/\\\/www.caudete.org\\\/ayuntamiento\\\/wp-content\\\/uploads\\\/2021\\\/05\\\/WhatsApp-Image-2021-05-12-at-22.55.29.jpeg\",\"contentUrl\":\"https:\\\/\\\/www.caudete.org\\\/ayuntamiento\\\/wp-content\\\/uploads\\\/2021\\\/05\\\/WhatsApp-Image-2021-05-12-at-22.55.29.jpeg\",\"width\":1599,\"height\":766},{\"@type\":\"BreadcrumbList\",\"@id\":\"https:\\\/\\\/www.caudete.org\\\/ayuntamiento\\\/celebrado-el-dia-mundial-de-la-fibromialgia-y-el-sindrome-de-fatiga-cronica\\\/#breadcrumb\",\"itemListElement\":[{\"@type\":\"ListItem\",\"position\":1,\"name\":\"Inicio\",\"item\":\"https:\\\/\\\/www.caudete.org\\\/ayuntamiento\\\/\"},{\"@type\":\"ListItem\",\"position\":2,\"name\":\"Celebrado el D\u00eda Mundial de la FIBROMIALGIA y el s\u00edndrome de fatiga cr\u00f3nica\"}]},{\"@type\":\"WebSite\",\"@id\":\"https:\\\/\\\/www.caudete.org\\\/ayuntamiento\\\/#website\",\"url\":\"https:\\\/\\\/www.caudete.org\\\/ayuntamiento\\\/\",\"name\":\"MI Ayuntamiento de Caudete\",\"description\":\"P\u00e1gina Oficial del MI Ayuntamiento de Caudete\",\"potentialAction\":[{\"@type\":\"SearchAction\",\"target\":{\"@type\":\"EntryPoint\",\"urlTemplate\":\"https:\\\/\\\/www.caudete.org\\\/ayuntamiento\\\/?s={search_term_string}\"},\"query-input\":{\"@type\":\"PropertyValueSpecification\",\"valueRequired\":true,\"valueName\":\"search_term_string\"}}],\"inLanguage\":\"es\"},{\"@type\":\"Person\",\"@id\":\"https:\\\/\\\/www.caudete.org\\\/ayuntamiento\\\/#\\\/schema\\\/person\\\/cc646da9133078ee4d8dd47457947253\",\"name\":\"alcalde\",\"image\":{\"@type\":\"ImageObject\",\"inLanguage\":\"es\",\"@id\":\"https:\\\/\\\/secure.gravatar.com\\\/avatar\\\/84a817ba065b29ff08d666b215a215f5c79186a645ccb25b14a663d48a130f77?s=96&d=mm&r=g\",\"url\":\"https:\\\/\\\/secure.gravatar.com\\\/avatar\\\/84a817ba065b29ff08d666b215a215f5c79186a645ccb25b14a663d48a130f77?s=96&d=mm&r=g\",\"contentUrl\":\"https:\\\/\\\/secure.gravatar.com\\\/avatar\\\/84a817ba065b29ff08d666b215a215f5c79186a645ccb25b14a663d48a130f77?s=96&d=mm&r=g\",\"caption\":\"alcalde\"},\"url\":\"https:\\\/\\\/www.caudete.org\\\/ayuntamiento\\\/author\\\/alcalde\\\/\"}]}<\/script>\n<!-- \/ Yoast SEO plugin. -->","yoast_head_json":{"title":"Celebrado el D\u00eda Mundial de la FIBROMIALGIA y el s\u00edndrome de fatiga cr\u00f3nica - MI Ayuntamiento de Caudete","description":"P\u00e1gina Oficial del Ayuntamiento de Caudete (Albacete)","robots":{"index":"index","follow":"follow","max-snippet":"max-snippet:-1","max-image-preview":"max-image-preview:large","max-video-preview":"max-video-preview:-1"},"canonical":"https:\/\/www.caudete.org\/ayuntamiento\/celebrado-el-dia-mundial-de-la-fibromialgia-y-el-sindrome-de-fatiga-cronica\/","og_locale":"es_ES","og_type":"article","og_title":"Celebrado el D\u00eda Mundial de la FIBROMIALGIA y el s\u00edndrome de fatiga cr\u00f3nica - MI Ayuntamiento de Caudete","og_description":"P\u00e1gina Oficial del Ayuntamiento de Caudete (Albacete)","og_url":"https:\/\/www.caudete.org\/ayuntamiento\/celebrado-el-dia-mundial-de-la-fibromialgia-y-el-sindrome-de-fatiga-cronica\/","og_site_name":"MI Ayuntamiento de Caudete","article_publisher":"https:\/\/www.facebook.com\/ayuntamientocaudete\/","article_published_time":"2021-05-13T09:39:34+00:00","article_modified_time":"2021-05-13T10:13:40+00:00","og_image":[{"width":1599,"height":766,"url":"https:\/\/www.caudete.org\/ayuntamiento\/wp-content\/uploads\/2021\/05\/WhatsApp-Image-2021-05-12-at-22.55.29.jpeg","type":"image\/jpeg"}],"author":"alcalde","twitter_card":"summary_large_image","twitter_misc":{"Escrito por":"alcalde","Tiempo de lectura":"2 minutos"},"schema":{"@context":"https:\/\/schema.org","@graph":[{"@type":"Article","@id":"https:\/\/www.caudete.org\/ayuntamiento\/celebrado-el-dia-mundial-de-la-fibromialgia-y-el-sindrome-de-fatiga-cronica\/#article","isPartOf":{"@id":"https:\/\/www.caudete.org\/ayuntamiento\/celebrado-el-dia-mundial-de-la-fibromialgia-y-el-sindrome-de-fatiga-cronica\/"},"author":{"name":"alcalde","@id":"https:\/\/www.caudete.org\/ayuntamiento\/#\/schema\/person\/cc646da9133078ee4d8dd47457947253"},"headline":"Celebrado el D\u00eda Mundial de la FIBROMIALGIA y el s\u00edndrome de fatiga cr\u00f3nica","datePublished":"2021-05-13T09:39:34+00:00","dateModified":"2021-05-13T10:13:40+00:00","mainEntityOfPage":{"@id":"https:\/\/www.caudete.org\/ayuntamiento\/celebrado-el-dia-mundial-de-la-fibromialgia-y-el-sindrome-de-fatiga-cronica\/"},"wordCount":241,"image":{"@id":"https:\/\/www.caudete.org\/ayuntamiento\/celebrado-el-dia-mundial-de-la-fibromialgia-y-el-sindrome-de-fatiga-cronica\/#primaryimage"},"thumbnailUrl":"https:\/\/www.caudete.org\/ayuntamiento\/wp-content\/uploads\/2021\/05\/WhatsApp-Image-2021-05-12-at-22.55.29.jpeg","articleSection":["Bienestar Social"],"inLanguage":"es"},{"@type":"WebPage","@id":"https:\/\/www.caudete.org\/ayuntamiento\/celebrado-el-dia-mundial-de-la-fibromialgia-y-el-sindrome-de-fatiga-cronica\/","url":"https:\/\/www.caudete.org\/ayuntamiento\/celebrado-el-dia-mundial-de-la-fibromialgia-y-el-sindrome-de-fatiga-cronica\/","name":"Celebrado el D\u00eda Mundial de la FIBROMIALGIA y el s\u00edndrome de fatiga cr\u00f3nica - MI Ayuntamiento de Caudete","isPartOf":{"@id":"https:\/\/www.caudete.org\/ayuntamiento\/#website"},"primaryImageOfPage":{"@id":"https:\/\/www.caudete.org\/ayuntamiento\/celebrado-el-dia-mundial-de-la-fibromialgia-y-el-sindrome-de-fatiga-cronica\/#primaryimage"},"image":{"@id":"https:\/\/www.caudete.org\/ayuntamiento\/celebrado-el-dia-mundial-de-la-fibromialgia-y-el-sindrome-de-fatiga-cronica\/#primaryimage"},"thumbnailUrl":"https:\/\/www.caudete.org\/ayuntamiento\/wp-content\/uploads\/2021\/05\/WhatsApp-Image-2021-05-12-at-22.55.29.jpeg","datePublished":"2021-05-13T09:39:34+00:00","dateModified":"2021-05-13T10:13:40+00:00","author":{"@id":"https:\/\/www.caudete.org\/ayuntamiento\/#\/schema\/person\/cc646da9133078ee4d8dd47457947253"},"description":"P\u00e1gina Oficial del Ayuntamiento de Caudete (Albacete)","breadcrumb":{"@id":"https:\/\/www.caudete.org\/ayuntamiento\/celebrado-el-dia-mundial-de-la-fibromialgia-y-el-sindrome-de-fatiga-cronica\/#breadcrumb"},"inLanguage":"es","potentialAction":[{"@type":"ReadAction","target":["https:\/\/www.caudete.org\/ayuntamiento\/celebrado-el-dia-mundial-de-la-fibromialgia-y-el-sindrome-de-fatiga-cronica\/"]}]},{"@type":"ImageObject","inLanguage":"es","@id":"https:\/\/www.caudete.org\/ayuntamiento\/celebrado-el-dia-mundial-de-la-fibromialgia-y-el-sindrome-de-fatiga-cronica\/#primaryimage","url":"https:\/\/www.caudete.org\/ayuntamiento\/wp-content\/uploads\/2021\/05\/WhatsApp-Image-2021-05-12-at-22.55.29.jpeg","contentUrl":"https:\/\/www.caudete.org\/ayuntamiento\/wp-content\/uploads\/2021\/05\/WhatsApp-Image-2021-05-12-at-22.55.29.jpeg","width":1599,"height":766},{"@type":"BreadcrumbList","@id":"https:\/\/www.caudete.org\/ayuntamiento\/celebrado-el-dia-mundial-de-la-fibromialgia-y-el-sindrome-de-fatiga-cronica\/#breadcrumb","itemListElement":[{"@type":"ListItem","position":1,"name":"Inicio","item":"https:\/\/www.caudete.org\/ayuntamiento\/"},{"@type":"ListItem","position":2,"name":"Celebrado el D\u00eda Mundial de la FIBROMIALGIA y el s\u00edndrome de fatiga cr\u00f3nica"}]},{"@type":"WebSite","@id":"https:\/\/www.caudete.org\/ayuntamiento\/#website","url":"https:\/\/www.caudete.org\/ayuntamiento\/","name":"MI Ayuntamiento de Caudete","description":"P\u00e1gina Oficial del MI Ayuntamiento de Caudete","potentialAction":[{"@type":"SearchAction","target":{"@type":"EntryPoint","urlTemplate":"https:\/\/www.caudete.org\/ayuntamiento\/?s={search_term_string}"},"query-input":{"@type":"PropertyValueSpecification","valueRequired":true,"valueName":"search_term_string"}}],"inLanguage":"es"},{"@type":"Person","@id":"https:\/\/www.caudete.org\/ayuntamiento\/#\/schema\/person\/cc646da9133078ee4d8dd47457947253","name":"alcalde","image":{"@type":"ImageObject","inLanguage":"es","@id":"https:\/\/secure.gravatar.com\/avatar\/84a817ba065b29ff08d666b215a215f5c79186a645ccb25b14a663d48a130f77?s=96&d=mm&r=g","url":"https:\/\/secure.gravatar.com\/avatar\/84a817ba065b29ff08d666b215a215f5c79186a645ccb25b14a663d48a130f77?s=96&d=mm&r=g","contentUrl":"https:\/\/secure.gravatar.com\/avatar\/84a817ba065b29ff08d666b215a215f5c79186a645ccb25b14a663d48a130f77?s=96&d=mm&r=g","caption":"alcalde"},"url":"https:\/\/www.caudete.org\/ayuntamiento\/author\/alcalde\/"}]}},"_links":{"self":[{"href":"https:\/\/www.caudete.org\/ayuntamiento\/wp-json\/wp\/v2\/posts\/14332","targetHints":{"allow":["GET"]}}],"collection":[{"href":"https:\/\/www.caudete.org\/ayuntamiento\/wp-json\/wp\/v2\/posts"}],"about":[{"href":"https:\/\/www.caudete.org\/ayuntamiento\/wp-json\/wp\/v2\/types\/post"}],"author":[{"embeddable":true,"href":"https:\/\/www.caudete.org\/ayuntamiento\/wp-json\/wp\/v2\/users\/3"}],"replies":[{"embeddable":true,"href":"https:\/\/www.caudete.org\/ayuntamiento\/wp-json\/wp\/v2\/comments?post=14332"}],"version-history":[{"count":2,"href":"https:\/\/www.caudete.org\/ayuntamiento\/wp-json\/wp\/v2\/posts\/14332\/revisions"}],"predecessor-version":[{"id":14339,"href":"https:\/\/www.caudete.org\/ayuntamiento\/wp-json\/wp\/v2\/posts\/14332\/revisions\/14339"}],"wp:featuredmedia":[{"embeddable":true,"href":"https:\/\/www.caudete.org\/ayuntamiento\/wp-json\/wp\/v2\/media\/14334"}],"wp:attachment":[{"href":"https:\/\/www.caudete.org\/ayuntamiento\/wp-json\/wp\/v2\/media?parent=14332"}],"wp:term":[{"taxonomy":"category","embeddable":true,"href":"https:\/\/www.caudete.org\/ayuntamiento\/wp-json\/wp\/v2\/categories?post=14332"},{"taxonomy":"post_tag","embeddable":true,"href":"https:\/\/www.caudete.org\/ayuntamiento\/wp-json\/wp\/v2\/tags?post=14332"}],"curies":[{"name":"wp","href":"https:\/\/api.w.org\/{rel}","templated":true}]}}