{"id":14336,"date":"2021-05-13T12:04:01","date_gmt":"2021-05-13T10:04:01","guid":{"rendered":"https:\/\/www.caudete.org\/ayuntamiento\/?p=14336"},"modified":"2021-05-13T12:18:46","modified_gmt":"2021-05-13T10:18:46","slug":"caudete-en-la-red-de-entidades-locales-de-la-agenda-2030","status":"publish","type":"post","link":"https:\/\/www.caudete.org\/ayuntamiento\/caudete-en-la-red-de-entidades-locales-de-la-agenda-2030\/","title":{"rendered":"Caudete, en la Red de Entidades Locales de la AGENDA 2030"},"content":{"rendered":"<p style=\"text-align: justify;\">Esta ma\u00f1ana comparec\u00eda el Alcalde Mois\u00e9s L\u00f3pez para informar que Caudete ya forma parte de la Red de Entidades Locales de la AGENDA 2030, tras ratificar su inclusi\u00f3n en el organismo de la FEMP el pasado martes en su sesi\u00f3n ordinaria. Con ello, Caudete se sit\u00faa entre los 5 pueblos de la provincia que da el paso y el compromiso a actuar conforme a unos criterios mundiales de sostenibilidad, prosperidad, igualdad y protecci\u00f3n del planeta en los que participan 193 pa\u00edses coordinados por la ONU.<\/p>\n<p style=\"text-align: justify;\">La iniciativa de que Caudete se sumase a estas pol\u00edticas part\u00eda del propio Equipo de Gobierno, consiguiendo el apoyo un\u00e1nime de la Corporaci\u00f3n Municipal, la cual aprob\u00f3 en Pleno su adhesi\u00f3n a la entidad citada.<\/p>\n<p style=\"text-align: justify;\">La importancia de pertenecer, legislar y trabajar en torno a los 17 Objetivos de Desarrollo Sostenible son m\u00e1ximos, por el compromiso y amplitud de las acciones, y por el marco \u00fanico que conforman las mismas. De hecho, tener identificadas las necesidades y los objetivos es una cuesti\u00f3n pr\u00e1cticamente obligatoria, m\u00e1xime cuando numerosas ayudas y fondos econ\u00f3micos establecen la inclusi\u00f3n de los mismos.<\/p>\n<p style=\"text-align: justify;\">Adem\u00e1s, el pasado lunes, el propio Alcalde participaba en la reuni\u00f3n informativa telem\u00e1tica organizada por la Excma. Diputaci\u00f3n Provincial de Albacete para abordar, junto a representantes de los Ayuntamientos, los ejes de acci\u00f3n que dan forma y fondo a la Agenda 2030.<\/p>\n<p style=\"text-align: justify;\">La instituci\u00f3n provincial tambi\u00e9n avanz\u00f3 en la Convocatoria de Ayudas Agenda 2030 Municipal (hasta ahora, denominada \u2018Convocatoria de Ayudas de la Agenda 21 Local\u2019) que, dotada con 150.000 \u20ac (40.000 \u20ac m\u00e1s que la inmediatamente anterior) contribuir\u00e1 a que ejecuten sus Planes de Acci\u00f3n Locales en total sinton\u00eda con los 17 ODS mandatados por la ONU, subvenci\u00f3n en la que Caudete pretende solicitar para as\u00ed conseguir identificar los Objetivos de Desarrollo Sostenible, y de esa forma tener las herramientas necesarias para que Caudete est\u00e9 a la altura de un pueblo comprometido con el medio ambiente y las personas en general.<\/p>\n","protected":false},"excerpt":{"rendered":"<p>Esta ma\u00f1ana comparec\u00eda el Alcalde Mois\u00e9s L\u00f3pez para informar que Caudete ya forma parte de la Red de Entidades Locales de la AGENDA 2030, tras ratificar su inclusi\u00f3n en el organismo de la FEMP el pasado martes en su sesi\u00f3n ordinaria. Con ello, Caudete se sit\u00faa entre los 5 pueblos de la provincia que da &hellip;<\/p>\n","protected":false},"author":3,"featured_media":14340,"comment_status":"closed","ping_status":"open","sticky":false,"template":"","format":"standard","meta":{"ngg_post_thumbnail":0,"footnotes":""},"categories":[20],"tags":[],"class_list":["post-14336","post","type-post","status-publish","format-standard","has-post-thumbnail","hentry","category-ayuntamiento"],"yoast_head":"<!-- This site is optimized with the Yoast SEO plugin v27.5 - https:\/\/yoast.com\/product\/yoast-seo-wordpress\/ -->\n<title>Caudete, en la Red de Entidades Locales de la AGENDA 2030 - MI Ayuntamiento de Caudete<\/title>\n<meta name=\"description\" content=\"P\u00e1gina Oficial del Ayuntamiento de Caudete (Albacete)\" \/>\n<meta name=\"robots\" content=\"index, follow, max-snippet:-1, max-image-preview:large, max-video-preview:-1\" \/>\n<link rel=\"canonical\" href=\"https:\/\/www.caudete.org\/ayuntamiento\/caudete-en-la-red-de-entidades-locales-de-la-agenda-2030\/\" \/>\n<meta property=\"og:locale\" content=\"es_ES\" \/>\n<meta property=\"og:type\" content=\"article\" \/>\n<meta property=\"og:title\" content=\"Caudete, en la Red de Entidades Locales de la AGENDA 2030 - MI Ayuntamiento de Caudete\" \/>\n<meta property=\"og:description\" content=\"P\u00e1gina Oficial del Ayuntamiento de Caudete (Albacete)\" \/>\n<meta property=\"og:url\" content=\"https:\/\/www.caudete.org\/ayuntamiento\/caudete-en-la-red-de-entidades-locales-de-la-agenda-2030\/\" \/>\n<meta property=\"og:site_name\" content=\"MI Ayuntamiento de Caudete\" \/>\n<meta property=\"article:publisher\" content=\"https:\/\/www.facebook.com\/ayuntamientocaudete\/\" \/>\n<meta property=\"article:published_time\" content=\"2021-05-13T10:04:01+00:00\" \/>\n<meta property=\"article:modified_time\" content=\"2021-05-13T10:18:46+00:00\" \/>\n<meta property=\"og:image\" content=\"https:\/\/www.caudete.org\/ayuntamiento\/wp-content\/uploads\/2021\/05\/Agenda-2030-WEB.jpg\" \/>\n\t<meta property=\"og:image:width\" content=\"864\" \/>\n\t<meta property=\"og:image:height\" content=\"380\" \/>\n\t<meta property=\"og:image:type\" content=\"image\/jpeg\" \/>\n<meta name=\"author\" content=\"alcalde\" \/>\n<meta name=\"twitter:card\" content=\"summary_large_image\" \/>\n<meta name=\"twitter:label1\" content=\"Escrito por\" \/>\n\t<meta name=\"twitter:data1\" content=\"alcalde\" \/>\n\t<meta name=\"twitter:label2\" content=\"Tiempo de lectura\" \/>\n\t<meta name=\"twitter:data2\" content=\"2 minutos\" \/>\n<script type=\"application\/ld+json\" class=\"yoast-schema-graph\">{\"@context\":\"https:\\\/\\\/schema.org\",\"@graph\":[{\"@type\":\"Article\",\"@id\":\"https:\\\/\\\/www.caudete.org\\\/ayuntamiento\\\/caudete-en-la-red-de-entidades-locales-de-la-agenda-2030\\\/#article\",\"isPartOf\":{\"@id\":\"https:\\\/\\\/www.caudete.org\\\/ayuntamiento\\\/caudete-en-la-red-de-entidades-locales-de-la-agenda-2030\\\/\"},\"author\":{\"name\":\"alcalde\",\"@id\":\"https:\\\/\\\/www.caudete.org\\\/ayuntamiento\\\/#\\\/schema\\\/person\\\/cc646da9133078ee4d8dd47457947253\"},\"headline\":\"Caudete, en la Red de Entidades Locales de la AGENDA 2030\",\"datePublished\":\"2021-05-13T10:04:01+00:00\",\"dateModified\":\"2021-05-13T10:18:46+00:00\",\"mainEntityOfPage\":{\"@id\":\"https:\\\/\\\/www.caudete.org\\\/ayuntamiento\\\/caudete-en-la-red-de-entidades-locales-de-la-agenda-2030\\\/\"},\"wordCount\":353,\"image\":{\"@id\":\"https:\\\/\\\/www.caudete.org\\\/ayuntamiento\\\/caudete-en-la-red-de-entidades-locales-de-la-agenda-2030\\\/#primaryimage\"},\"thumbnailUrl\":\"https:\\\/\\\/www.caudete.org\\\/ayuntamiento\\\/wp-content\\\/uploads\\\/2021\\\/05\\\/Agenda-2030-WEB.jpg\",\"articleSection\":[\"Ayuntamiento\"],\"inLanguage\":\"es\"},{\"@type\":\"WebPage\",\"@id\":\"https:\\\/\\\/www.caudete.org\\\/ayuntamiento\\\/caudete-en-la-red-de-entidades-locales-de-la-agenda-2030\\\/\",\"url\":\"https:\\\/\\\/www.caudete.org\\\/ayuntamiento\\\/caudete-en-la-red-de-entidades-locales-de-la-agenda-2030\\\/\",\"name\":\"Caudete, en la Red de Entidades Locales de la AGENDA 2030 - MI Ayuntamiento de Caudete\",\"isPartOf\":{\"@id\":\"https:\\\/\\\/www.caudete.org\\\/ayuntamiento\\\/#website\"},\"primaryImageOfPage\":{\"@id\":\"https:\\\/\\\/www.caudete.org\\\/ayuntamiento\\\/caudete-en-la-red-de-entidades-locales-de-la-agenda-2030\\\/#primaryimage\"},\"image\":{\"@id\":\"https:\\\/\\\/www.caudete.org\\\/ayuntamiento\\\/caudete-en-la-red-de-entidades-locales-de-la-agenda-2030\\\/#primaryimage\"},\"thumbnailUrl\":\"https:\\\/\\\/www.caudete.org\\\/ayuntamiento\\\/wp-content\\\/uploads\\\/2021\\\/05\\\/Agenda-2030-WEB.jpg\",\"datePublished\":\"2021-05-13T10:04:01+00:00\",\"dateModified\":\"2021-05-13T10:18:46+00:00\",\"author\":{\"@id\":\"https:\\\/\\\/www.caudete.org\\\/ayuntamiento\\\/#\\\/schema\\\/person\\\/cc646da9133078ee4d8dd47457947253\"},\"description\":\"P\u00e1gina Oficial del Ayuntamiento de Caudete (Albacete)\",\"breadcrumb\":{\"@id\":\"https:\\\/\\\/www.caudete.org\\\/ayuntamiento\\\/caudete-en-la-red-de-entidades-locales-de-la-agenda-2030\\\/#breadcrumb\"},\"inLanguage\":\"es\",\"potentialAction\":[{\"@type\":\"ReadAction\",\"target\":[\"https:\\\/\\\/www.caudete.org\\\/ayuntamiento\\\/caudete-en-la-red-de-entidades-locales-de-la-agenda-2030\\\/\"]}]},{\"@type\":\"ImageObject\",\"inLanguage\":\"es\",\"@id\":\"https:\\\/\\\/www.caudete.org\\\/ayuntamiento\\\/caudete-en-la-red-de-entidades-locales-de-la-agenda-2030\\\/#primaryimage\",\"url\":\"https:\\\/\\\/www.caudete.org\\\/ayuntamiento\\\/wp-content\\\/uploads\\\/2021\\\/05\\\/Agenda-2030-WEB.jpg\",\"contentUrl\":\"https:\\\/\\\/www.caudete.org\\\/ayuntamiento\\\/wp-content\\\/uploads\\\/2021\\\/05\\\/Agenda-2030-WEB.jpg\",\"width\":864,\"height\":380},{\"@type\":\"BreadcrumbList\",\"@id\":\"https:\\\/\\\/www.caudete.org\\\/ayuntamiento\\\/caudete-en-la-red-de-entidades-locales-de-la-agenda-2030\\\/#breadcrumb\",\"itemListElement\":[{\"@type\":\"ListItem\",\"position\":1,\"name\":\"Inicio\",\"item\":\"https:\\\/\\\/www.caudete.org\\\/ayuntamiento\\\/\"},{\"@type\":\"ListItem\",\"position\":2,\"name\":\"Caudete, en la Red de Entidades Locales de la AGENDA 2030\"}]},{\"@type\":\"WebSite\",\"@id\":\"https:\\\/\\\/www.caudete.org\\\/ayuntamiento\\\/#website\",\"url\":\"https:\\\/\\\/www.caudete.org\\\/ayuntamiento\\\/\",\"name\":\"MI Ayuntamiento de Caudete\",\"description\":\"P\u00e1gina Oficial del MI Ayuntamiento de Caudete\",\"potentialAction\":[{\"@type\":\"SearchAction\",\"target\":{\"@type\":\"EntryPoint\",\"urlTemplate\":\"https:\\\/\\\/www.caudete.org\\\/ayuntamiento\\\/?s={search_term_string}\"},\"query-input\":{\"@type\":\"PropertyValueSpecification\",\"valueRequired\":true,\"valueName\":\"search_term_string\"}}],\"inLanguage\":\"es\"},{\"@type\":\"Person\",\"@id\":\"https:\\\/\\\/www.caudete.org\\\/ayuntamiento\\\/#\\\/schema\\\/person\\\/cc646da9133078ee4d8dd47457947253\",\"name\":\"alcalde\",\"image\":{\"@type\":\"ImageObject\",\"inLanguage\":\"es\",\"@id\":\"https:\\\/\\\/secure.gravatar.com\\\/avatar\\\/84a817ba065b29ff08d666b215a215f5c79186a645ccb25b14a663d48a130f77?s=96&d=mm&r=g\",\"url\":\"https:\\\/\\\/secure.gravatar.com\\\/avatar\\\/84a817ba065b29ff08d666b215a215f5c79186a645ccb25b14a663d48a130f77?s=96&d=mm&r=g\",\"contentUrl\":\"https:\\\/\\\/secure.gravatar.com\\\/avatar\\\/84a817ba065b29ff08d666b215a215f5c79186a645ccb25b14a663d48a130f77?s=96&d=mm&r=g\",\"caption\":\"alcalde\"},\"url\":\"https:\\\/\\\/www.caudete.org\\\/ayuntamiento\\\/author\\\/alcalde\\\/\"}]}<\/script>\n<!-- \/ Yoast SEO plugin. -->","yoast_head_json":{"title":"Caudete, en la Red de Entidades Locales de la AGENDA 2030 - MI Ayuntamiento de Caudete","description":"P\u00e1gina Oficial del Ayuntamiento de Caudete (Albacete)","robots":{"index":"index","follow":"follow","max-snippet":"max-snippet:-1","max-image-preview":"max-image-preview:large","max-video-preview":"max-video-preview:-1"},"canonical":"https:\/\/www.caudete.org\/ayuntamiento\/caudete-en-la-red-de-entidades-locales-de-la-agenda-2030\/","og_locale":"es_ES","og_type":"article","og_title":"Caudete, en la Red de Entidades Locales de la AGENDA 2030 - MI Ayuntamiento de Caudete","og_description":"P\u00e1gina Oficial del Ayuntamiento de Caudete (Albacete)","og_url":"https:\/\/www.caudete.org\/ayuntamiento\/caudete-en-la-red-de-entidades-locales-de-la-agenda-2030\/","og_site_name":"MI Ayuntamiento de Caudete","article_publisher":"https:\/\/www.facebook.com\/ayuntamientocaudete\/","article_published_time":"2021-05-13T10:04:01+00:00","article_modified_time":"2021-05-13T10:18:46+00:00","og_image":[{"width":864,"height":380,"url":"https:\/\/www.caudete.org\/ayuntamiento\/wp-content\/uploads\/2021\/05\/Agenda-2030-WEB.jpg","type":"image\/jpeg"}],"author":"alcalde","twitter_card":"summary_large_image","twitter_misc":{"Escrito por":"alcalde","Tiempo de lectura":"2 minutos"},"schema":{"@context":"https:\/\/schema.org","@graph":[{"@type":"Article","@id":"https:\/\/www.caudete.org\/ayuntamiento\/caudete-en-la-red-de-entidades-locales-de-la-agenda-2030\/#article","isPartOf":{"@id":"https:\/\/www.caudete.org\/ayuntamiento\/caudete-en-la-red-de-entidades-locales-de-la-agenda-2030\/"},"author":{"name":"alcalde","@id":"https:\/\/www.caudete.org\/ayuntamiento\/#\/schema\/person\/cc646da9133078ee4d8dd47457947253"},"headline":"Caudete, en la Red de Entidades Locales de la AGENDA 2030","datePublished":"2021-05-13T10:04:01+00:00","dateModified":"2021-05-13T10:18:46+00:00","mainEntityOfPage":{"@id":"https:\/\/www.caudete.org\/ayuntamiento\/caudete-en-la-red-de-entidades-locales-de-la-agenda-2030\/"},"wordCount":353,"image":{"@id":"https:\/\/www.caudete.org\/ayuntamiento\/caudete-en-la-red-de-entidades-locales-de-la-agenda-2030\/#primaryimage"},"thumbnailUrl":"https:\/\/www.caudete.org\/ayuntamiento\/wp-content\/uploads\/2021\/05\/Agenda-2030-WEB.jpg","articleSection":["Ayuntamiento"],"inLanguage":"es"},{"@type":"WebPage","@id":"https:\/\/www.caudete.org\/ayuntamiento\/caudete-en-la-red-de-entidades-locales-de-la-agenda-2030\/","url":"https:\/\/www.caudete.org\/ayuntamiento\/caudete-en-la-red-de-entidades-locales-de-la-agenda-2030\/","name":"Caudete, en la Red de Entidades Locales de la AGENDA 2030 - MI Ayuntamiento de Caudete","isPartOf":{"@id":"https:\/\/www.caudete.org\/ayuntamiento\/#website"},"primaryImageOfPage":{"@id":"https:\/\/www.caudete.org\/ayuntamiento\/caudete-en-la-red-de-entidades-locales-de-la-agenda-2030\/#primaryimage"},"image":{"@id":"https:\/\/www.caudete.org\/ayuntamiento\/caudete-en-la-red-de-entidades-locales-de-la-agenda-2030\/#primaryimage"},"thumbnailUrl":"https:\/\/www.caudete.org\/ayuntamiento\/wp-content\/uploads\/2021\/05\/Agenda-2030-WEB.jpg","datePublished":"2021-05-13T10:04:01+00:00","dateModified":"2021-05-13T10:18:46+00:00","author":{"@id":"https:\/\/www.caudete.org\/ayuntamiento\/#\/schema\/person\/cc646da9133078ee4d8dd47457947253"},"description":"P\u00e1gina Oficial del Ayuntamiento de Caudete (Albacete)","breadcrumb":{"@id":"https:\/\/www.caudete.org\/ayuntamiento\/caudete-en-la-red-de-entidades-locales-de-la-agenda-2030\/#breadcrumb"},"inLanguage":"es","potentialAction":[{"@type":"ReadAction","target":["https:\/\/www.caudete.org\/ayuntamiento\/caudete-en-la-red-de-entidades-locales-de-la-agenda-2030\/"]}]},{"@type":"ImageObject","inLanguage":"es","@id":"https:\/\/www.caudete.org\/ayuntamiento\/caudete-en-la-red-de-entidades-locales-de-la-agenda-2030\/#primaryimage","url":"https:\/\/www.caudete.org\/ayuntamiento\/wp-content\/uploads\/2021\/05\/Agenda-2030-WEB.jpg","contentUrl":"https:\/\/www.caudete.org\/ayuntamiento\/wp-content\/uploads\/2021\/05\/Agenda-2030-WEB.jpg","width":864,"height":380},{"@type":"BreadcrumbList","@id":"https:\/\/www.caudete.org\/ayuntamiento\/caudete-en-la-red-de-entidades-locales-de-la-agenda-2030\/#breadcrumb","itemListElement":[{"@type":"ListItem","position":1,"name":"Inicio","item":"https:\/\/www.caudete.org\/ayuntamiento\/"},{"@type":"ListItem","position":2,"name":"Caudete, en la Red de Entidades Locales de la AGENDA 2030"}]},{"@type":"WebSite","@id":"https:\/\/www.caudete.org\/ayuntamiento\/#website","url":"https:\/\/www.caudete.org\/ayuntamiento\/","name":"MI Ayuntamiento de Caudete","description":"P\u00e1gina Oficial del MI Ayuntamiento de Caudete","potentialAction":[{"@type":"SearchAction","target":{"@type":"EntryPoint","urlTemplate":"https:\/\/www.caudete.org\/ayuntamiento\/?s={search_term_string}"},"query-input":{"@type":"PropertyValueSpecification","valueRequired":true,"valueName":"search_term_string"}}],"inLanguage":"es"},{"@type":"Person","@id":"https:\/\/www.caudete.org\/ayuntamiento\/#\/schema\/person\/cc646da9133078ee4d8dd47457947253","name":"alcalde","image":{"@type":"ImageObject","inLanguage":"es","@id":"https:\/\/secure.gravatar.com\/avatar\/84a817ba065b29ff08d666b215a215f5c79186a645ccb25b14a663d48a130f77?s=96&d=mm&r=g","url":"https:\/\/secure.gravatar.com\/avatar\/84a817ba065b29ff08d666b215a215f5c79186a645ccb25b14a663d48a130f77?s=96&d=mm&r=g","contentUrl":"https:\/\/secure.gravatar.com\/avatar\/84a817ba065b29ff08d666b215a215f5c79186a645ccb25b14a663d48a130f77?s=96&d=mm&r=g","caption":"alcalde"},"url":"https:\/\/www.caudete.org\/ayuntamiento\/author\/alcalde\/"}]}},"_links":{"self":[{"href":"https:\/\/www.caudete.org\/ayuntamiento\/wp-json\/wp\/v2\/posts\/14336","targetHints":{"allow":["GET"]}}],"collection":[{"href":"https:\/\/www.caudete.org\/ayuntamiento\/wp-json\/wp\/v2\/posts"}],"about":[{"href":"https:\/\/www.caudete.org\/ayuntamiento\/wp-json\/wp\/v2\/types\/post"}],"author":[{"embeddable":true,"href":"https:\/\/www.caudete.org\/ayuntamiento\/wp-json\/wp\/v2\/users\/3"}],"replies":[{"embeddable":true,"href":"https:\/\/www.caudete.org\/ayuntamiento\/wp-json\/wp\/v2\/comments?post=14336"}],"version-history":[{"count":1,"href":"https:\/\/www.caudete.org\/ayuntamiento\/wp-json\/wp\/v2\/posts\/14336\/revisions"}],"predecessor-version":[{"id":14338,"href":"https:\/\/www.caudete.org\/ayuntamiento\/wp-json\/wp\/v2\/posts\/14336\/revisions\/14338"}],"wp:featuredmedia":[{"embeddable":true,"href":"https:\/\/www.caudete.org\/ayuntamiento\/wp-json\/wp\/v2\/media\/14340"}],"wp:attachment":[{"href":"https:\/\/www.caudete.org\/ayuntamiento\/wp-json\/wp\/v2\/media?parent=14336"}],"wp:term":[{"taxonomy":"category","embeddable":true,"href":"https:\/\/www.caudete.org\/ayuntamiento\/wp-json\/wp\/v2\/categories?post=14336"},{"taxonomy":"post_tag","embeddable":true,"href":"https:\/\/www.caudete.org\/ayuntamiento\/wp-json\/wp\/v2\/tags?post=14336"}],"curies":[{"name":"wp","href":"https:\/\/api.w.org\/{rel}","templated":true}]}}