{"id":14375,"date":"2021-05-17T16:28:03","date_gmt":"2021-05-17T14:28:03","guid":{"rendered":"https:\/\/www.caudete.org\/ayuntamiento\/?p=14375"},"modified":"2021-05-17T18:10:24","modified_gmt":"2021-05-17T16:10:24","slug":"inaugurado-el-mural-por-la-igualdad-en-caudete","status":"publish","type":"post","link":"https:\/\/www.caudete.org\/ayuntamiento\/inaugurado-el-mural-por-la-igualdad-en-caudete\/","title":{"rendered":"Inaugurado el &#8220;Mural por la Igualdad&#8221; en Caudete"},"content":{"rendered":"<p style=\"text-align: justify;\">La Concejal\u00eda de Igualdad junto al Centro de la Mujer de Caudete convocaron el pasado viernes a los caudetanos, con las medidas de distanciamiento y aforo exigidas, para llevar a cabo la inauguraci\u00f3n del mural cer\u00e1mico por la igualdad en el Parque ubicado entre el Centro de Mayores y el Centro Social &#8220;Alcalde Vicente Lillo&#8221;.<\/p>\n<p style=\"text-align: justify;\">El acto, amenizado por un grupo de violines de la Escuela Municipal de M\u00fasica y Danza bajo la direcci\u00f3n de Javier Ortu\u00f1o Albertos, quien ameniz\u00f3 el transcurso de un breve acto que pretend\u00eda visibilizar el rechazo de la sociedad a la violencia de g\u00e9nero.<\/p>\n<p><a href=\"https:\/\/www.caudete.org\/ayuntamiento\/wp-content\/uploads\/2021\/05\/WhatsApp-Image-2021-05-17-at-16.00.43-1.jpeg\" rel='prettyPhoto'><img fetchpriority=\"high\" decoding=\"async\" class=\"aligncenter wp-image-14377 size-medium\" src=\"https:\/\/www.caudete.org\/ayuntamiento\/wp-content\/uploads\/2021\/05\/WhatsApp-Image-2021-05-17-at-16.00.43-1-300x225.jpeg\" alt=\"\" width=\"300\" height=\"225\" srcset=\"https:\/\/www.caudete.org\/ayuntamiento\/wp-content\/uploads\/2021\/05\/WhatsApp-Image-2021-05-17-at-16.00.43-1-300x225.jpeg 300w, https:\/\/www.caudete.org\/ayuntamiento\/wp-content\/uploads\/2021\/05\/WhatsApp-Image-2021-05-17-at-16.00.43-1-1024x768.jpeg 1024w, https:\/\/www.caudete.org\/ayuntamiento\/wp-content\/uploads\/2021\/05\/WhatsApp-Image-2021-05-17-at-16.00.43-1-768x576.jpeg 768w, https:\/\/www.caudete.org\/ayuntamiento\/wp-content\/uploads\/2021\/05\/WhatsApp-Image-2021-05-17-at-16.00.43-1-1536x1152.jpeg 1536w, https:\/\/www.caudete.org\/ayuntamiento\/wp-content\/uploads\/2021\/05\/WhatsApp-Image-2021-05-17-at-16.00.43-1.jpeg 1600w\" sizes=\"(max-width: 300px) 100vw, 300px\" \/><\/a><\/p>\n<p style=\"text-align: justify;\">La Concejal Inma Garc\u00eda hizo alusi\u00f3n a los datos sobre la violencia de g\u00e9nero existente, donde en Espa\u00f1a en lo que va de a\u00f1o, son 9 las v\u00edctimas mortales. Adem\u00e1s, mostr\u00f3 la necesidad de trabajar y luchar como sociedad y como administraci\u00f3n por erradicar esta realidad, donde acciones como la del mural crean conciencia entre la sociedad.<\/p>\n<p><a href=\"https:\/\/www.caudete.org\/ayuntamiento\/wp-content\/uploads\/2021\/05\/WhatsApp-Image-2021-05-17-at-16.00.41.jpeg\" rel='prettyPhoto'><img decoding=\"async\" class=\"aligncenter wp-image-14384 size-medium\" src=\"https:\/\/www.caudete.org\/ayuntamiento\/wp-content\/uploads\/2021\/05\/WhatsApp-Image-2021-05-17-at-16.00.41-225x300.jpeg\" alt=\"\" width=\"225\" height=\"300\" srcset=\"https:\/\/www.caudete.org\/ayuntamiento\/wp-content\/uploads\/2021\/05\/WhatsApp-Image-2021-05-17-at-16.00.41-225x300.jpeg 225w, https:\/\/www.caudete.org\/ayuntamiento\/wp-content\/uploads\/2021\/05\/WhatsApp-Image-2021-05-17-at-16.00.41-768x1024.jpeg 768w, https:\/\/www.caudete.org\/ayuntamiento\/wp-content\/uploads\/2021\/05\/WhatsApp-Image-2021-05-17-at-16.00.41-1152x1536.jpeg 1152w, https:\/\/www.caudete.org\/ayuntamiento\/wp-content\/uploads\/2021\/05\/WhatsApp-Image-2021-05-17-at-16.00.41.jpeg 1200w\" sizes=\"(max-width: 225px) 100vw, 225px\" \/><\/a><\/p>\n<p style=\"text-align: justify;\">El mural, idea y obra del ceramista local Antonio P\u00e9rez Requena, fue confeccionado en 2018 dentro de una actividad impulsada por el Centro de la Mujer y la Concejal\u00eda de Pol\u00edticas de Igualdad que regentaba la edil M\u00aa del Mar Requena. Su confecci\u00f3n tuvo una parte participativa durante una jornada en la Plaza de la Iglesia, donde ciudadanos an\u00f3nimos y representantes de asociaciones y dem\u00e1s colectivos, pudieron plasmar su mano en un azulejo, tras lo cual Antonio continu\u00f3 el proceso en Taller.<\/p>\n<p style=\"text-align: justify;\">El Autor, tambi\u00e9n intervino para explicar el motivo por el cual comenz\u00f3 con esta acci\u00f3n, movido por un conocido caso de violencia de g\u00e9nero que le result\u00f3 cercano y afect\u00f3 emocionalmente. Agradeci\u00f3 la confianza puesta en \u00e9l, y la necesidad igualmente, de trabajar en esta materia.<\/p>\n<p>\u00a0 <a href=\"https:\/\/www.caudete.org\/ayuntamiento\/wp-content\/uploads\/2021\/05\/WhatsApp-Image-2021-05-17-at-16.00.41-2.jpeg\" rel='prettyPhoto'><img decoding=\"async\" class=\"aligncenter wp-image-14382 size-medium\" src=\"https:\/\/www.caudete.org\/ayuntamiento\/wp-content\/uploads\/2021\/05\/WhatsApp-Image-2021-05-17-at-16.00.41-2-225x300.jpeg\" alt=\"\" width=\"225\" height=\"300\" srcset=\"https:\/\/www.caudete.org\/ayuntamiento\/wp-content\/uploads\/2021\/05\/WhatsApp-Image-2021-05-17-at-16.00.41-2-225x300.jpeg 225w, https:\/\/www.caudete.org\/ayuntamiento\/wp-content\/uploads\/2021\/05\/WhatsApp-Image-2021-05-17-at-16.00.41-2-768x1024.jpeg 768w, https:\/\/www.caudete.org\/ayuntamiento\/wp-content\/uploads\/2021\/05\/WhatsApp-Image-2021-05-17-at-16.00.41-2-1152x1536.jpeg 1152w, https:\/\/www.caudete.org\/ayuntamiento\/wp-content\/uploads\/2021\/05\/WhatsApp-Image-2021-05-17-at-16.00.41-2.jpeg 1200w\" sizes=\"(max-width: 225px) 100vw, 225px\" \/><\/a><\/p>\n<p style=\"text-align: justify;\">El propio ceramista hizo entrega de unos peque\u00f1os obsequios a los colectivos participantes en 2018, y que fueron: los Colegios El Paseo, Amor de Dios, Gloria Fuertes y Alc\u00e1zar y Serrano; Asoc. Mujeres de Santa B\u00e1rbara; Cruz Roja; Acafem; Batucadas de Caudete; Centro de la Mujer como organizador del acto y grupo de violines por su participaci\u00f3n en el mismo.<\/p>\n<p><a href=\"https:\/\/www.caudete.org\/ayuntamiento\/wp-content\/uploads\/2021\/05\/WhatsApp-Image-2021-05-17-at-16.00.42-1.jpeg\" rel='prettyPhoto'><img loading=\"lazy\" decoding=\"async\" class=\"aligncenter wp-image-14380 size-medium\" src=\"https:\/\/www.caudete.org\/ayuntamiento\/wp-content\/uploads\/2021\/05\/WhatsApp-Image-2021-05-17-at-16.00.42-1-300x225.jpeg\" alt=\"\" width=\"300\" height=\"225\" srcset=\"https:\/\/www.caudete.org\/ayuntamiento\/wp-content\/uploads\/2021\/05\/WhatsApp-Image-2021-05-17-at-16.00.42-1-300x225.jpeg 300w, https:\/\/www.caudete.org\/ayuntamiento\/wp-content\/uploads\/2021\/05\/WhatsApp-Image-2021-05-17-at-16.00.42-1-1024x768.jpeg 1024w, https:\/\/www.caudete.org\/ayuntamiento\/wp-content\/uploads\/2021\/05\/WhatsApp-Image-2021-05-17-at-16.00.42-1-768x576.jpeg 768w, https:\/\/www.caudete.org\/ayuntamiento\/wp-content\/uploads\/2021\/05\/WhatsApp-Image-2021-05-17-at-16.00.42-1-1536x1152.jpeg 1536w, https:\/\/www.caudete.org\/ayuntamiento\/wp-content\/uploads\/2021\/05\/WhatsApp-Image-2021-05-17-at-16.00.42-1.jpeg 1600w\" sizes=\"(max-width: 300px) 100vw, 300px\" \/><\/a><\/p>\n<p style=\"text-align: justify;\">Para cerrar, el Alcalde Mois\u00e9s L\u00f3pez, agradeci\u00f3 a los asistentes su presencia, haciendo honor de contar con un mural de un artista local que muestra el sentir y el rechazo de un pueblo, a un problema real como lo es la violencia de g\u00e9nero. Invitaba a todos los presentes a trabajar en su entorno, de forma individual y colectiva para erradicar la violencia y a generar conciencia y educar para conseguir el objetivo. Finalmente, destac\u00f3 el papel silencioso que se realiza desde Servicios Sociales y el Centro de la Mujer en la consecuci\u00f3n de todas estas acciones necesarias para escuchar y ayudar a todas aquellas mujeres que sufren esta situaci\u00f3n.<\/p>\n<p><a href=\"https:\/\/www.caudete.org\/ayuntamiento\/wp-content\/uploads\/2021\/05\/WhatsApp-Image-2021-05-17-at-16.00.42-2.jpeg\" rel='prettyPhoto'><img loading=\"lazy\" decoding=\"async\" class=\"aligncenter wp-image-14379 size-medium\" src=\"https:\/\/www.caudete.org\/ayuntamiento\/wp-content\/uploads\/2021\/05\/WhatsApp-Image-2021-05-17-at-16.00.42-2-300x225.jpeg\" alt=\"\" width=\"300\" height=\"225\" srcset=\"https:\/\/www.caudete.org\/ayuntamiento\/wp-content\/uploads\/2021\/05\/WhatsApp-Image-2021-05-17-at-16.00.42-2-300x225.jpeg 300w, https:\/\/www.caudete.org\/ayuntamiento\/wp-content\/uploads\/2021\/05\/WhatsApp-Image-2021-05-17-at-16.00.42-2-1024x768.jpeg 1024w, https:\/\/www.caudete.org\/ayuntamiento\/wp-content\/uploads\/2021\/05\/WhatsApp-Image-2021-05-17-at-16.00.42-2-768x576.jpeg 768w, https:\/\/www.caudete.org\/ayuntamiento\/wp-content\/uploads\/2021\/05\/WhatsApp-Image-2021-05-17-at-16.00.42-2-1536x1152.jpeg 1536w, https:\/\/www.caudete.org\/ayuntamiento\/wp-content\/uploads\/2021\/05\/WhatsApp-Image-2021-05-17-at-16.00.42-2.jpeg 2048w\" sizes=\"(max-width: 300px) 100vw, 300px\" \/><\/a><\/p>\n<p><a href=\"https:\/\/www.caudete.org\/ayuntamiento\/wp-content\/uploads\/2021\/05\/WhatsApp-Image-2021-05-17-at-16.00.43.jpeg\" rel='prettyPhoto'><img loading=\"lazy\" decoding=\"async\" class=\"aligncenter wp-image-14378 size-medium\" src=\"https:\/\/www.caudete.org\/ayuntamiento\/wp-content\/uploads\/2021\/05\/WhatsApp-Image-2021-05-17-at-16.00.43-300x225.jpeg\" alt=\"\" width=\"300\" height=\"225\" srcset=\"https:\/\/www.caudete.org\/ayuntamiento\/wp-content\/uploads\/2021\/05\/WhatsApp-Image-2021-05-17-at-16.00.43-300x225.jpeg 300w, https:\/\/www.caudete.org\/ayuntamiento\/wp-content\/uploads\/2021\/05\/WhatsApp-Image-2021-05-17-at-16.00.43-1024x768.jpeg 1024w, https:\/\/www.caudete.org\/ayuntamiento\/wp-content\/uploads\/2021\/05\/WhatsApp-Image-2021-05-17-at-16.00.43-768x576.jpeg 768w, https:\/\/www.caudete.org\/ayuntamiento\/wp-content\/uploads\/2021\/05\/WhatsApp-Image-2021-05-17-at-16.00.43-1536x1152.jpeg 1536w, https:\/\/www.caudete.org\/ayuntamiento\/wp-content\/uploads\/2021\/05\/WhatsApp-Image-2021-05-17-at-16.00.43.jpeg 2048w\" sizes=\"(max-width: 300px) 100vw, 300px\" \/><\/a> \u00a0<a href=\"https:\/\/www.caudete.org\/ayuntamiento\/wp-content\/uploads\/2021\/05\/WhatsApp-Image-2021-05-17-at-16.00.42.jpeg\" rel='prettyPhoto'><img loading=\"lazy\" decoding=\"async\" class=\"aligncenter wp-image-14381 size-medium\" src=\"https:\/\/www.caudete.org\/ayuntamiento\/wp-content\/uploads\/2021\/05\/WhatsApp-Image-2021-05-17-at-16.00.42-300x225.jpeg\" alt=\"\" width=\"300\" height=\"225\" srcset=\"https:\/\/www.caudete.org\/ayuntamiento\/wp-content\/uploads\/2021\/05\/WhatsApp-Image-2021-05-17-at-16.00.42-300x225.jpeg 300w, https:\/\/www.caudete.org\/ayuntamiento\/wp-content\/uploads\/2021\/05\/WhatsApp-Image-2021-05-17-at-16.00.42-1024x768.jpeg 1024w, https:\/\/www.caudete.org\/ayuntamiento\/wp-content\/uploads\/2021\/05\/WhatsApp-Image-2021-05-17-at-16.00.42-768x576.jpeg 768w, https:\/\/www.caudete.org\/ayuntamiento\/wp-content\/uploads\/2021\/05\/WhatsApp-Image-2021-05-17-at-16.00.42-1536x1152.jpeg 1536w, https:\/\/www.caudete.org\/ayuntamiento\/wp-content\/uploads\/2021\/05\/WhatsApp-Image-2021-05-17-at-16.00.42.jpeg 1600w\" sizes=\"(max-width: 300px) 100vw, 300px\" \/><\/a>\u00a0<a href=\"https:\/\/www.caudete.org\/ayuntamiento\/wp-content\/uploads\/2021\/05\/WhatsApp-Image-2021-05-17-at-16.00.41-1.jpeg\" rel='prettyPhoto'><img loading=\"lazy\" decoding=\"async\" class=\"aligncenter wp-image-14383 size-medium\" src=\"https:\/\/www.caudete.org\/ayuntamiento\/wp-content\/uploads\/2021\/05\/WhatsApp-Image-2021-05-17-at-16.00.41-1-225x300.jpeg\" alt=\"\" width=\"225\" height=\"300\" srcset=\"https:\/\/www.caudete.org\/ayuntamiento\/wp-content\/uploads\/2021\/05\/WhatsApp-Image-2021-05-17-at-16.00.41-1-225x300.jpeg 225w, https:\/\/www.caudete.org\/ayuntamiento\/wp-content\/uploads\/2021\/05\/WhatsApp-Image-2021-05-17-at-16.00.41-1-768x1024.jpeg 768w, https:\/\/www.caudete.org\/ayuntamiento\/wp-content\/uploads\/2021\/05\/WhatsApp-Image-2021-05-17-at-16.00.41-1-1152x1536.jpeg 1152w, https:\/\/www.caudete.org\/ayuntamiento\/wp-content\/uploads\/2021\/05\/WhatsApp-Image-2021-05-17-at-16.00.41-1.jpeg 1200w\" sizes=\"(max-width: 225px) 100vw, 225px\" \/><\/a><\/p>\n","protected":false},"excerpt":{"rendered":"<p>La Concejal\u00eda de Igualdad junto al Centro de la Mujer de Caudete convocaron el pasado viernes a los caudetanos, con las medidas de distanciamiento y aforo exigidas, para llevar a cabo la inauguraci\u00f3n del mural cer\u00e1mico por la igualdad en el Parque ubicado entre el Centro de Mayores y el Centro Social &#8220;Alcalde Vicente Lillo&#8221;. &hellip;<\/p>\n","protected":false},"author":3,"featured_media":14381,"comment_status":"closed","ping_status":"open","sticky":false,"template":"","format":"standard","meta":{"ngg_post_thumbnail":0,"footnotes":""},"categories":[522],"tags":[],"class_list":["post-14375","post","type-post","status-publish","format-standard","has-post-thumbnail","hentry","category-igualdad"],"yoast_head":"<!-- This site is optimized with the Yoast SEO plugin v27.5 - https:\/\/yoast.com\/product\/yoast-seo-wordpress\/ -->\n<title>Inaugurado el &quot;Mural por la Igualdad&quot; en Caudete - MI Ayuntamiento de Caudete<\/title>\n<meta name=\"description\" content=\"P\u00e1gina Oficial del Ayuntamiento de Caudete (Albacete)\" \/>\n<meta name=\"robots\" content=\"index, follow, max-snippet:-1, max-image-preview:large, max-video-preview:-1\" \/>\n<link rel=\"canonical\" href=\"https:\/\/www.caudete.org\/ayuntamiento\/inaugurado-el-mural-por-la-igualdad-en-caudete\/\" \/>\n<meta property=\"og:locale\" content=\"es_ES\" \/>\n<meta property=\"og:type\" content=\"article\" \/>\n<meta property=\"og:title\" content=\"Inaugurado el &quot;Mural por la Igualdad&quot; en Caudete - MI Ayuntamiento de Caudete\" \/>\n<meta property=\"og:description\" content=\"P\u00e1gina Oficial del Ayuntamiento de Caudete (Albacete)\" \/>\n<meta property=\"og:url\" content=\"https:\/\/www.caudete.org\/ayuntamiento\/inaugurado-el-mural-por-la-igualdad-en-caudete\/\" \/>\n<meta property=\"og:site_name\" content=\"MI Ayuntamiento de Caudete\" \/>\n<meta property=\"article:publisher\" content=\"https:\/\/www.facebook.com\/ayuntamientocaudete\/\" \/>\n<meta property=\"article:published_time\" content=\"2021-05-17T14:28:03+00:00\" \/>\n<meta property=\"article:modified_time\" content=\"2021-05-17T16:10:24+00:00\" \/>\n<meta property=\"og:image\" content=\"https:\/\/www.caudete.org\/ayuntamiento\/wp-content\/uploads\/2021\/05\/WhatsApp-Image-2021-05-17-at-16.00.42.jpeg\" \/>\n\t<meta property=\"og:image:width\" content=\"1600\" \/>\n\t<meta property=\"og:image:height\" content=\"1200\" \/>\n\t<meta property=\"og:image:type\" content=\"image\/jpeg\" \/>\n<meta name=\"author\" content=\"alcalde\" \/>\n<meta name=\"twitter:card\" content=\"summary_large_image\" \/>\n<meta name=\"twitter:label1\" content=\"Escrito por\" \/>\n\t<meta name=\"twitter:data1\" content=\"alcalde\" \/>\n\t<meta name=\"twitter:label2\" content=\"Tiempo de lectura\" \/>\n\t<meta name=\"twitter:data2\" content=\"4 minutos\" \/>\n<script type=\"application\/ld+json\" class=\"yoast-schema-graph\">{\"@context\":\"https:\\\/\\\/schema.org\",\"@graph\":[{\"@type\":\"Article\",\"@id\":\"https:\\\/\\\/www.caudete.org\\\/ayuntamiento\\\/inaugurado-el-mural-por-la-igualdad-en-caudete\\\/#article\",\"isPartOf\":{\"@id\":\"https:\\\/\\\/www.caudete.org\\\/ayuntamiento\\\/inaugurado-el-mural-por-la-igualdad-en-caudete\\\/\"},\"author\":{\"name\":\"alcalde\",\"@id\":\"https:\\\/\\\/www.caudete.org\\\/ayuntamiento\\\/#\\\/schema\\\/person\\\/cc646da9133078ee4d8dd47457947253\"},\"headline\":\"Inaugurado el &#8220;Mural por la Igualdad&#8221; en Caudete\",\"datePublished\":\"2021-05-17T14:28:03+00:00\",\"dateModified\":\"2021-05-17T16:10:24+00:00\",\"mainEntityOfPage\":{\"@id\":\"https:\\\/\\\/www.caudete.org\\\/ayuntamiento\\\/inaugurado-el-mural-por-la-igualdad-en-caudete\\\/\"},\"wordCount\":493,\"publisher\":{\"@id\":\"https:\\\/\\\/www.caudete.org\\\/ayuntamiento\\\/#organization\"},\"image\":{\"@id\":\"https:\\\/\\\/www.caudete.org\\\/ayuntamiento\\\/inaugurado-el-mural-por-la-igualdad-en-caudete\\\/#primaryimage\"},\"thumbnailUrl\":\"https:\\\/\\\/www.caudete.org\\\/ayuntamiento\\\/wp-content\\\/uploads\\\/2021\\\/05\\\/WhatsApp-Image-2021-05-17-at-16.00.42.jpeg\",\"articleSection\":[\"Igualdad\"],\"inLanguage\":\"es\"},{\"@type\":\"WebPage\",\"@id\":\"https:\\\/\\\/www.caudete.org\\\/ayuntamiento\\\/inaugurado-el-mural-por-la-igualdad-en-caudete\\\/\",\"url\":\"https:\\\/\\\/www.caudete.org\\\/ayuntamiento\\\/inaugurado-el-mural-por-la-igualdad-en-caudete\\\/\",\"name\":\"Inaugurado el \\\"Mural por la Igualdad\\\" en Caudete - MI Ayuntamiento de Caudete\",\"isPartOf\":{\"@id\":\"https:\\\/\\\/www.caudete.org\\\/ayuntamiento\\\/#website\"},\"primaryImageOfPage\":{\"@id\":\"https:\\\/\\\/www.caudete.org\\\/ayuntamiento\\\/inaugurado-el-mural-por-la-igualdad-en-caudete\\\/#primaryimage\"},\"image\":{\"@id\":\"https:\\\/\\\/www.caudete.org\\\/ayuntamiento\\\/inaugurado-el-mural-por-la-igualdad-en-caudete\\\/#primaryimage\"},\"thumbnailUrl\":\"https:\\\/\\\/www.caudete.org\\\/ayuntamiento\\\/wp-content\\\/uploads\\\/2021\\\/05\\\/WhatsApp-Image-2021-05-17-at-16.00.42.jpeg\",\"datePublished\":\"2021-05-17T14:28:03+00:00\",\"dateModified\":\"2021-05-17T16:10:24+00:00\",\"description\":\"P\u00e1gina Oficial del Ayuntamiento de Caudete (Albacete)\",\"breadcrumb\":{\"@id\":\"https:\\\/\\\/www.caudete.org\\\/ayuntamiento\\\/inaugurado-el-mural-por-la-igualdad-en-caudete\\\/#breadcrumb\"},\"inLanguage\":\"es\",\"potentialAction\":[{\"@type\":\"ReadAction\",\"target\":[\"https:\\\/\\\/www.caudete.org\\\/ayuntamiento\\\/inaugurado-el-mural-por-la-igualdad-en-caudete\\\/\"]}]},{\"@type\":\"ImageObject\",\"inLanguage\":\"es\",\"@id\":\"https:\\\/\\\/www.caudete.org\\\/ayuntamiento\\\/inaugurado-el-mural-por-la-igualdad-en-caudete\\\/#primaryimage\",\"url\":\"https:\\\/\\\/www.caudete.org\\\/ayuntamiento\\\/wp-content\\\/uploads\\\/2021\\\/05\\\/WhatsApp-Image-2021-05-17-at-16.00.42.jpeg\",\"contentUrl\":\"https:\\\/\\\/www.caudete.org\\\/ayuntamiento\\\/wp-content\\\/uploads\\\/2021\\\/05\\\/WhatsApp-Image-2021-05-17-at-16.00.42.jpeg\",\"width\":1600,\"height\":1200},{\"@type\":\"BreadcrumbList\",\"@id\":\"https:\\\/\\\/www.caudete.org\\\/ayuntamiento\\\/inaugurado-el-mural-por-la-igualdad-en-caudete\\\/#breadcrumb\",\"itemListElement\":[{\"@type\":\"ListItem\",\"position\":1,\"name\":\"Inicio\",\"item\":\"https:\\\/\\\/www.caudete.org\\\/ayuntamiento\\\/\"},{\"@type\":\"ListItem\",\"position\":2,\"name\":\"Inaugurado el &#8220;Mural por la Igualdad&#8221; en Caudete\"}]},{\"@type\":\"WebSite\",\"@id\":\"https:\\\/\\\/www.caudete.org\\\/ayuntamiento\\\/#website\",\"url\":\"https:\\\/\\\/www.caudete.org\\\/ayuntamiento\\\/\",\"name\":\"MI Ayuntamiento de Caudete\",\"description\":\"P\u00e1gina Oficial del MI Ayuntamiento de Caudete\",\"publisher\":{\"@id\":\"https:\\\/\\\/www.caudete.org\\\/ayuntamiento\\\/#organization\"},\"potentialAction\":[{\"@type\":\"SearchAction\",\"target\":{\"@type\":\"EntryPoint\",\"urlTemplate\":\"https:\\\/\\\/www.caudete.org\\\/ayuntamiento\\\/?s={search_term_string}\"},\"query-input\":{\"@type\":\"PropertyValueSpecification\",\"valueRequired\":true,\"valueName\":\"search_term_string\"}}],\"inLanguage\":\"es\"},{\"@type\":\"Organization\",\"@id\":\"https:\\\/\\\/www.caudete.org\\\/ayuntamiento\\\/#organization\",\"name\":\"Ayuntamiento de Caudete\",\"url\":\"https:\\\/\\\/www.caudete.org\\\/ayuntamiento\\\/\",\"logo\":{\"@type\":\"ImageObject\",\"inLanguage\":\"es\",\"@id\":\"https:\\\/\\\/www.caudete.org\\\/ayuntamiento\\\/#\\\/schema\\\/logo\\\/image\\\/\",\"url\":\"https:\\\/\\\/www.caudete.org\\\/ayuntamiento\\\/wp-content\\\/uploads\\\/2020\\\/11\\\/logo_ayuntamiento_caudete.jpg\",\"contentUrl\":\"https:\\\/\\\/www.caudete.org\\\/ayuntamiento\\\/wp-content\\\/uploads\\\/2020\\\/11\\\/logo_ayuntamiento_caudete.jpg\",\"width\":600,\"height\":150,\"caption\":\"Ayuntamiento de Caudete\"},\"image\":{\"@id\":\"https:\\\/\\\/www.caudete.org\\\/ayuntamiento\\\/#\\\/schema\\\/logo\\\/image\\\/\"},\"sameAs\":[\"https:\\\/\\\/www.facebook.com\\\/ayuntamientocaudete\\\/\",\"https:\\\/\\\/www.youtube.com\\\/channel\\\/UC6VztHaooNsGpw-tNoBEFnQ\"]},{\"@type\":\"Person\",\"@id\":\"https:\\\/\\\/www.caudete.org\\\/ayuntamiento\\\/#\\\/schema\\\/person\\\/cc646da9133078ee4d8dd47457947253\",\"name\":\"alcalde\",\"image\":{\"@type\":\"ImageObject\",\"inLanguage\":\"es\",\"@id\":\"https:\\\/\\\/secure.gravatar.com\\\/avatar\\\/84a817ba065b29ff08d666b215a215f5c79186a645ccb25b14a663d48a130f77?s=96&d=mm&r=g\",\"url\":\"https:\\\/\\\/secure.gravatar.com\\\/avatar\\\/84a817ba065b29ff08d666b215a215f5c79186a645ccb25b14a663d48a130f77?s=96&d=mm&r=g\",\"contentUrl\":\"https:\\\/\\\/secure.gravatar.com\\\/avatar\\\/84a817ba065b29ff08d666b215a215f5c79186a645ccb25b14a663d48a130f77?s=96&d=mm&r=g\",\"caption\":\"alcalde\"},\"url\":\"https:\\\/\\\/www.caudete.org\\\/ayuntamiento\\\/author\\\/alcalde\\\/\"}]}<\/script>\n<!-- \/ Yoast SEO plugin. -->","yoast_head_json":{"title":"Inaugurado el \"Mural por la Igualdad\" en Caudete - MI Ayuntamiento de Caudete","description":"P\u00e1gina Oficial del Ayuntamiento de Caudete (Albacete)","robots":{"index":"index","follow":"follow","max-snippet":"max-snippet:-1","max-image-preview":"max-image-preview:large","max-video-preview":"max-video-preview:-1"},"canonical":"https:\/\/www.caudete.org\/ayuntamiento\/inaugurado-el-mural-por-la-igualdad-en-caudete\/","og_locale":"es_ES","og_type":"article","og_title":"Inaugurado el \"Mural por la Igualdad\" en Caudete - MI Ayuntamiento de Caudete","og_description":"P\u00e1gina Oficial del Ayuntamiento de Caudete (Albacete)","og_url":"https:\/\/www.caudete.org\/ayuntamiento\/inaugurado-el-mural-por-la-igualdad-en-caudete\/","og_site_name":"MI Ayuntamiento de Caudete","article_publisher":"https:\/\/www.facebook.com\/ayuntamientocaudete\/","article_published_time":"2021-05-17T14:28:03+00:00","article_modified_time":"2021-05-17T16:10:24+00:00","og_image":[{"width":1600,"height":1200,"url":"https:\/\/www.caudete.org\/ayuntamiento\/wp-content\/uploads\/2021\/05\/WhatsApp-Image-2021-05-17-at-16.00.42.jpeg","type":"image\/jpeg"}],"author":"alcalde","twitter_card":"summary_large_image","twitter_misc":{"Escrito por":"alcalde","Tiempo de lectura":"4 minutos"},"schema":{"@context":"https:\/\/schema.org","@graph":[{"@type":"Article","@id":"https:\/\/www.caudete.org\/ayuntamiento\/inaugurado-el-mural-por-la-igualdad-en-caudete\/#article","isPartOf":{"@id":"https:\/\/www.caudete.org\/ayuntamiento\/inaugurado-el-mural-por-la-igualdad-en-caudete\/"},"author":{"name":"alcalde","@id":"https:\/\/www.caudete.org\/ayuntamiento\/#\/schema\/person\/cc646da9133078ee4d8dd47457947253"},"headline":"Inaugurado el &#8220;Mural por la Igualdad&#8221; en Caudete","datePublished":"2021-05-17T14:28:03+00:00","dateModified":"2021-05-17T16:10:24+00:00","mainEntityOfPage":{"@id":"https:\/\/www.caudete.org\/ayuntamiento\/inaugurado-el-mural-por-la-igualdad-en-caudete\/"},"wordCount":493,"publisher":{"@id":"https:\/\/www.caudete.org\/ayuntamiento\/#organization"},"image":{"@id":"https:\/\/www.caudete.org\/ayuntamiento\/inaugurado-el-mural-por-la-igualdad-en-caudete\/#primaryimage"},"thumbnailUrl":"https:\/\/www.caudete.org\/ayuntamiento\/wp-content\/uploads\/2021\/05\/WhatsApp-Image-2021-05-17-at-16.00.42.jpeg","articleSection":["Igualdad"],"inLanguage":"es"},{"@type":"WebPage","@id":"https:\/\/www.caudete.org\/ayuntamiento\/inaugurado-el-mural-por-la-igualdad-en-caudete\/","url":"https:\/\/www.caudete.org\/ayuntamiento\/inaugurado-el-mural-por-la-igualdad-en-caudete\/","name":"Inaugurado el \"Mural por la Igualdad\" en Caudete - MI Ayuntamiento de Caudete","isPartOf":{"@id":"https:\/\/www.caudete.org\/ayuntamiento\/#website"},"primaryImageOfPage":{"@id":"https:\/\/www.caudete.org\/ayuntamiento\/inaugurado-el-mural-por-la-igualdad-en-caudete\/#primaryimage"},"image":{"@id":"https:\/\/www.caudete.org\/ayuntamiento\/inaugurado-el-mural-por-la-igualdad-en-caudete\/#primaryimage"},"thumbnailUrl":"https:\/\/www.caudete.org\/ayuntamiento\/wp-content\/uploads\/2021\/05\/WhatsApp-Image-2021-05-17-at-16.00.42.jpeg","datePublished":"2021-05-17T14:28:03+00:00","dateModified":"2021-05-17T16:10:24+00:00","description":"P\u00e1gina Oficial del Ayuntamiento de Caudete (Albacete)","breadcrumb":{"@id":"https:\/\/www.caudete.org\/ayuntamiento\/inaugurado-el-mural-por-la-igualdad-en-caudete\/#breadcrumb"},"inLanguage":"es","potentialAction":[{"@type":"ReadAction","target":["https:\/\/www.caudete.org\/ayuntamiento\/inaugurado-el-mural-por-la-igualdad-en-caudete\/"]}]},{"@type":"ImageObject","inLanguage":"es","@id":"https:\/\/www.caudete.org\/ayuntamiento\/inaugurado-el-mural-por-la-igualdad-en-caudete\/#primaryimage","url":"https:\/\/www.caudete.org\/ayuntamiento\/wp-content\/uploads\/2021\/05\/WhatsApp-Image-2021-05-17-at-16.00.42.jpeg","contentUrl":"https:\/\/www.caudete.org\/ayuntamiento\/wp-content\/uploads\/2021\/05\/WhatsApp-Image-2021-05-17-at-16.00.42.jpeg","width":1600,"height":1200},{"@type":"BreadcrumbList","@id":"https:\/\/www.caudete.org\/ayuntamiento\/inaugurado-el-mural-por-la-igualdad-en-caudete\/#breadcrumb","itemListElement":[{"@type":"ListItem","position":1,"name":"Inicio","item":"https:\/\/www.caudete.org\/ayuntamiento\/"},{"@type":"ListItem","position":2,"name":"Inaugurado el &#8220;Mural por la Igualdad&#8221; en Caudete"}]},{"@type":"WebSite","@id":"https:\/\/www.caudete.org\/ayuntamiento\/#website","url":"https:\/\/www.caudete.org\/ayuntamiento\/","name":"MI Ayuntamiento de Caudete","description":"P\u00e1gina Oficial del MI Ayuntamiento de Caudete","publisher":{"@id":"https:\/\/www.caudete.org\/ayuntamiento\/#organization"},"potentialAction":[{"@type":"SearchAction","target":{"@type":"EntryPoint","urlTemplate":"https:\/\/www.caudete.org\/ayuntamiento\/?s={search_term_string}"},"query-input":{"@type":"PropertyValueSpecification","valueRequired":true,"valueName":"search_term_string"}}],"inLanguage":"es"},{"@type":"Organization","@id":"https:\/\/www.caudete.org\/ayuntamiento\/#organization","name":"Ayuntamiento de Caudete","url":"https:\/\/www.caudete.org\/ayuntamiento\/","logo":{"@type":"ImageObject","inLanguage":"es","@id":"https:\/\/www.caudete.org\/ayuntamiento\/#\/schema\/logo\/image\/","url":"https:\/\/www.caudete.org\/ayuntamiento\/wp-content\/uploads\/2020\/11\/logo_ayuntamiento_caudete.jpg","contentUrl":"https:\/\/www.caudete.org\/ayuntamiento\/wp-content\/uploads\/2020\/11\/logo_ayuntamiento_caudete.jpg","width":600,"height":150,"caption":"Ayuntamiento de Caudete"},"image":{"@id":"https:\/\/www.caudete.org\/ayuntamiento\/#\/schema\/logo\/image\/"},"sameAs":["https:\/\/www.facebook.com\/ayuntamientocaudete\/","https:\/\/www.youtube.com\/channel\/UC6VztHaooNsGpw-tNoBEFnQ"]},{"@type":"Person","@id":"https:\/\/www.caudete.org\/ayuntamiento\/#\/schema\/person\/cc646da9133078ee4d8dd47457947253","name":"alcalde","image":{"@type":"ImageObject","inLanguage":"es","@id":"https:\/\/secure.gravatar.com\/avatar\/84a817ba065b29ff08d666b215a215f5c79186a645ccb25b14a663d48a130f77?s=96&d=mm&r=g","url":"https:\/\/secure.gravatar.com\/avatar\/84a817ba065b29ff08d666b215a215f5c79186a645ccb25b14a663d48a130f77?s=96&d=mm&r=g","contentUrl":"https:\/\/secure.gravatar.com\/avatar\/84a817ba065b29ff08d666b215a215f5c79186a645ccb25b14a663d48a130f77?s=96&d=mm&r=g","caption":"alcalde"},"url":"https:\/\/www.caudete.org\/ayuntamiento\/author\/alcalde\/"}]}},"_links":{"self":[{"href":"https:\/\/www.caudete.org\/ayuntamiento\/wp-json\/wp\/v2\/posts\/14375","targetHints":{"allow":["GET"]}}],"collection":[{"href":"https:\/\/www.caudete.org\/ayuntamiento\/wp-json\/wp\/v2\/posts"}],"about":[{"href":"https:\/\/www.caudete.org\/ayuntamiento\/wp-json\/wp\/v2\/types\/post"}],"author":[{"embeddable":true,"href":"https:\/\/www.caudete.org\/ayuntamiento\/wp-json\/wp\/v2\/users\/3"}],"replies":[{"embeddable":true,"href":"https:\/\/www.caudete.org\/ayuntamiento\/wp-json\/wp\/v2\/comments?post=14375"}],"version-history":[{"count":9,"href":"https:\/\/www.caudete.org\/ayuntamiento\/wp-json\/wp\/v2\/posts\/14375\/revisions"}],"predecessor-version":[{"id":14408,"href":"https:\/\/www.caudete.org\/ayuntamiento\/wp-json\/wp\/v2\/posts\/14375\/revisions\/14408"}],"wp:featuredmedia":[{"embeddable":true,"href":"https:\/\/www.caudete.org\/ayuntamiento\/wp-json\/wp\/v2\/media\/14381"}],"wp:attachment":[{"href":"https:\/\/www.caudete.org\/ayuntamiento\/wp-json\/wp\/v2\/media?parent=14375"}],"wp:term":[{"taxonomy":"category","embeddable":true,"href":"https:\/\/www.caudete.org\/ayuntamiento\/wp-json\/wp\/v2\/categories?post=14375"},{"taxonomy":"post_tag","embeddable":true,"href":"https:\/\/www.caudete.org\/ayuntamiento\/wp-json\/wp\/v2\/tags?post=14375"}],"curies":[{"name":"wp","href":"https:\/\/api.w.org\/{rel}","templated":true}]}}