{"id":14415,"date":"2021-05-17T20:16:12","date_gmt":"2021-05-17T18:16:12","guid":{"rendered":"https:\/\/www.caudete.org\/ayuntamiento\/?p=14415"},"modified":"2021-05-17T20:38:05","modified_gmt":"2021-05-17T18:38:05","slug":"el-alcalde-convoca-a-la-comision-de-hacienda-para-informar-de-la-refinanciacion-de-credito","status":"publish","type":"post","link":"https:\/\/www.caudete.org\/ayuntamiento\/el-alcalde-convoca-a-la-comision-de-hacienda-para-informar-de-la-refinanciacion-de-credito\/","title":{"rendered":"El Alcalde convoca a la Comisi\u00f3n de Hacienda para informar de la Refinanciaci\u00f3n de Cr\u00e9dito"},"content":{"rendered":"<p style=\"text-align: justify;\">El pasado viernes se reun\u00eda la Comisi\u00f3n Informativa de Econom\u00eda y Hacienda, bajo la Presidencia de Luis Felipe Ba\u00f1\u00f3n, y con la presencia de todos los grupos que la componen, al objeto de ser informados de la operaci\u00f3n de cr\u00e9dito que el Ayuntamiento est\u00e1 tramitando para refinanciar el cr\u00e9dito existente del Plan de Pago a Proveedores del ICO, al que tuvo que acogerse el Consistorio en 2013 para poder hacer frente a la deuda municipal que se arrastraba de a\u00f1os atr\u00e1s por este concepto, y que en estos momentos es de 2.354.166&#8217;94 \u20ac<\/p>\n<p style=\"text-align: justify;\">La Corporaci\u00f3n Municipal deleg\u00f3 la firma de dichas operaciones en el Alcalde en el \u00faltimo Pleno convocado, opci\u00f3n que permite la normativa, tras lo cual y tal y como ha rese\u00f1ado el Alcalde &#8220;<em>la transparencia iba a estar en la mesa, y todos los grupos pol\u00edticos ten\u00edan que conocer, como no iba a ser de otra forma, las gestiones que tras la delegaci\u00f3n se van a suceder<\/em>&#8220;, y para ello &#8220;<em>la forma m\u00e1s f\u00e1cil y transparente es que los Concejales de oposici\u00f3n no solo tengan acceso al expediente en cuesti\u00f3n, sino que adem\u00e1s puedan opinar al respecto antes de que se adjudique la operaci\u00f3n<\/em>&#8220;.<\/p>\n<p style=\"text-align: justify;\">As\u00ed pues, el Alcalde ha querido adem\u00e1s que &#8220;<em>todos los caudetanos sepan c\u00f3mo andan las cuentas municipales, cuales son las pol\u00edticas\u00a0econ\u00f3micas en las que trabaja el Equipo de Gobierno y qu\u00e9 operaci\u00f3n de cr\u00e9dito est\u00e1 gestionando el Ayuntamiento en este momento<\/em>&#8220;. De hecho, remarcaba que &#8220;<em>el refinanciar la deuda, no solo va a permitir ahorrarnos intereses debido a los tipos impositivos actuales, sino que adem\u00e1s permite eliminar el Plan de Ajuste que desde 2013 encorseta las inversiones y el gasto para el beneficio de los caudetanos<\/em>&#8220;.<\/p>\n<p style=\"text-align: justify;\">Por este motivo, una vez realizado el acto de apertura de plicas entre las entidades participantes en la licitaci\u00f3n, y una vez elaborada la propuesta de adjudicaci\u00f3n, el Alcalde solicit\u00f3 la convocatoria de la Comisi\u00f3n Informativa de Econom\u00eda y Hacienda a su Presidente para de esa forma, antes de proceder a la firma que adjudicase la operaci\u00f3n, informar a los miembros de la Comisi\u00f3n, siendo \u00e9stos Concejales de todos los partidos pol\u00edticos con representaci\u00f3n en el Pleno Municipal.<\/p>\n<p style=\"text-align: justify;\">El Presidente de la Comisi\u00f3n procedi\u00f3 a la lectura del Informe-Propuesta de Adjudicaci\u00f3n elaborado por el Tesorero Actal. del Ayuntamiento, en el cual se desprende que de las 4 entidades bancarias que han presentado oferta ha resultado ser la m\u00e1s ventajosa la presentada por la entidad LIBERBANK.<\/p>\n<p style=\"text-align: justify;\">La Corporaci\u00f3n tuvo as\u00ed la oportunidad de estudiar el expediente de forma previa, ya que la Comisi\u00f3n fue convocada como marcan los plazos el martes 11 de Mayo (48h sin contar el d\u00eda de convocatoria ni el de celebraci\u00f3n), y de debatir el asunto tras ser informados oficialmente por el Gobierno Municipal. Luis Felipe Ba\u00f1\u00f3n, Presidente de la Comisi\u00f3n mostraba su asombro &#8220;<em>al ver que la oposici\u00f3n no manifest\u00f3 nada al respecto, a excepci\u00f3n del G. M. Socialista quien apoyaba la operaci\u00f3n dados los tipos impositivos actuales<\/em>&#8220;.<\/p>\n<p style=\"text-align: justify;\">No siendo vinculante el Dictamen de la Comisi\u00f3n Informativa celebrada, lo cierto es que el Equipo de Gobierno cont\u00f3 \u00fanicamente con los votos del PSOE por lo que se inform\u00f3 favorablemente la adjudicaci\u00f3n con 9 votos a favor (PP, No Adscrito, PSOE) y 2 abstenciones (UxC, CCD).<\/p>\n","protected":false},"excerpt":{"rendered":"<p>El pasado viernes se reun\u00eda la Comisi\u00f3n Informativa de Econom\u00eda y Hacienda, bajo la Presidencia de Luis Felipe Ba\u00f1\u00f3n, y con la presencia de todos los grupos que la componen, al objeto de ser informados de la operaci\u00f3n de cr\u00e9dito que el Ayuntamiento est\u00e1 tramitando para refinanciar el cr\u00e9dito existente del Plan de Pago a &hellip;<\/p>\n","protected":false},"author":3,"featured_media":14413,"comment_status":"closed","ping_status":"open","sticky":false,"template":"","format":"standard","meta":{"ngg_post_thumbnail":0,"footnotes":""},"categories":[28],"tags":[],"class_list":["post-14415","post","type-post","status-publish","format-standard","has-post-thumbnail","hentry","category-economia"],"yoast_head":"<!-- This site is optimized with the Yoast SEO plugin v27.5 - https:\/\/yoast.com\/product\/yoast-seo-wordpress\/ -->\n<title>El Alcalde convoca a la Comisi\u00f3n de Hacienda para informar de la Refinanciaci\u00f3n de Cr\u00e9dito - MI Ayuntamiento de Caudete<\/title>\n<meta name=\"description\" content=\"P\u00e1gina Oficial del Ayuntamiento de Caudete (Albacete)\" \/>\n<meta name=\"robots\" content=\"index, follow, max-snippet:-1, max-image-preview:large, max-video-preview:-1\" \/>\n<link rel=\"canonical\" href=\"https:\/\/www.caudete.org\/ayuntamiento\/el-alcalde-convoca-a-la-comision-de-hacienda-para-informar-de-la-refinanciacion-de-credito\/\" \/>\n<meta property=\"og:locale\" content=\"es_ES\" \/>\n<meta property=\"og:type\" content=\"article\" \/>\n<meta property=\"og:title\" content=\"El Alcalde convoca a la Comisi\u00f3n de Hacienda para informar de la Refinanciaci\u00f3n de Cr\u00e9dito - MI Ayuntamiento de Caudete\" \/>\n<meta property=\"og:description\" content=\"P\u00e1gina Oficial del Ayuntamiento de Caudete (Albacete)\" \/>\n<meta property=\"og:url\" content=\"https:\/\/www.caudete.org\/ayuntamiento\/el-alcalde-convoca-a-la-comision-de-hacienda-para-informar-de-la-refinanciacion-de-credito\/\" \/>\n<meta property=\"og:site_name\" content=\"MI Ayuntamiento de Caudete\" \/>\n<meta property=\"article:publisher\" content=\"https:\/\/www.facebook.com\/ayuntamientocaudete\/\" \/>\n<meta property=\"article:published_time\" content=\"2021-05-17T18:16:12+00:00\" \/>\n<meta property=\"article:modified_time\" content=\"2021-05-17T18:38:05+00:00\" \/>\n<meta property=\"og:image\" content=\"https:\/\/www.caudete.org\/ayuntamiento\/wp-content\/uploads\/2021\/05\/IMG_0035.jpg\" \/>\n\t<meta property=\"og:image:width\" content=\"1600\" \/>\n\t<meta property=\"og:image:height\" content=\"1066\" \/>\n\t<meta property=\"og:image:type\" content=\"image\/jpeg\" \/>\n<meta name=\"author\" content=\"alcalde\" \/>\n<meta name=\"twitter:card\" content=\"summary_large_image\" \/>\n<meta name=\"twitter:label1\" content=\"Escrito por\" \/>\n\t<meta name=\"twitter:data1\" content=\"alcalde\" \/>\n\t<meta name=\"twitter:label2\" content=\"Tiempo de lectura\" \/>\n\t<meta name=\"twitter:data2\" content=\"3 minutos\" \/>\n<script type=\"application\/ld+json\" class=\"yoast-schema-graph\">{\"@context\":\"https:\\\/\\\/schema.org\",\"@graph\":[{\"@type\":\"Article\",\"@id\":\"https:\\\/\\\/www.caudete.org\\\/ayuntamiento\\\/el-alcalde-convoca-a-la-comision-de-hacienda-para-informar-de-la-refinanciacion-de-credito\\\/#article\",\"isPartOf\":{\"@id\":\"https:\\\/\\\/www.caudete.org\\\/ayuntamiento\\\/el-alcalde-convoca-a-la-comision-de-hacienda-para-informar-de-la-refinanciacion-de-credito\\\/\"},\"author\":{\"name\":\"alcalde\",\"@id\":\"https:\\\/\\\/www.caudete.org\\\/ayuntamiento\\\/#\\\/schema\\\/person\\\/cc646da9133078ee4d8dd47457947253\"},\"headline\":\"El Alcalde convoca a la Comisi\u00f3n de Hacienda para informar de la Refinanciaci\u00f3n de Cr\u00e9dito\",\"datePublished\":\"2021-05-17T18:16:12+00:00\",\"dateModified\":\"2021-05-17T18:38:05+00:00\",\"mainEntityOfPage\":{\"@id\":\"https:\\\/\\\/www.caudete.org\\\/ayuntamiento\\\/el-alcalde-convoca-a-la-comision-de-hacienda-para-informar-de-la-refinanciacion-de-credito\\\/\"},\"wordCount\":603,\"publisher\":{\"@id\":\"https:\\\/\\\/www.caudete.org\\\/ayuntamiento\\\/#organization\"},\"image\":{\"@id\":\"https:\\\/\\\/www.caudete.org\\\/ayuntamiento\\\/el-alcalde-convoca-a-la-comision-de-hacienda-para-informar-de-la-refinanciacion-de-credito\\\/#primaryimage\"},\"thumbnailUrl\":\"https:\\\/\\\/www.caudete.org\\\/ayuntamiento\\\/wp-content\\\/uploads\\\/2021\\\/05\\\/IMG_0035.jpg\",\"articleSection\":[\"Econom\u00eda\"],\"inLanguage\":\"es\"},{\"@type\":\"WebPage\",\"@id\":\"https:\\\/\\\/www.caudete.org\\\/ayuntamiento\\\/el-alcalde-convoca-a-la-comision-de-hacienda-para-informar-de-la-refinanciacion-de-credito\\\/\",\"url\":\"https:\\\/\\\/www.caudete.org\\\/ayuntamiento\\\/el-alcalde-convoca-a-la-comision-de-hacienda-para-informar-de-la-refinanciacion-de-credito\\\/\",\"name\":\"El Alcalde convoca a la Comisi\u00f3n de Hacienda para informar de la Refinanciaci\u00f3n de Cr\u00e9dito - MI Ayuntamiento de Caudete\",\"isPartOf\":{\"@id\":\"https:\\\/\\\/www.caudete.org\\\/ayuntamiento\\\/#website\"},\"primaryImageOfPage\":{\"@id\":\"https:\\\/\\\/www.caudete.org\\\/ayuntamiento\\\/el-alcalde-convoca-a-la-comision-de-hacienda-para-informar-de-la-refinanciacion-de-credito\\\/#primaryimage\"},\"image\":{\"@id\":\"https:\\\/\\\/www.caudete.org\\\/ayuntamiento\\\/el-alcalde-convoca-a-la-comision-de-hacienda-para-informar-de-la-refinanciacion-de-credito\\\/#primaryimage\"},\"thumbnailUrl\":\"https:\\\/\\\/www.caudete.org\\\/ayuntamiento\\\/wp-content\\\/uploads\\\/2021\\\/05\\\/IMG_0035.jpg\",\"datePublished\":\"2021-05-17T18:16:12+00:00\",\"dateModified\":\"2021-05-17T18:38:05+00:00\",\"description\":\"P\u00e1gina Oficial del Ayuntamiento de Caudete (Albacete)\",\"breadcrumb\":{\"@id\":\"https:\\\/\\\/www.caudete.org\\\/ayuntamiento\\\/el-alcalde-convoca-a-la-comision-de-hacienda-para-informar-de-la-refinanciacion-de-credito\\\/#breadcrumb\"},\"inLanguage\":\"es\",\"potentialAction\":[{\"@type\":\"ReadAction\",\"target\":[\"https:\\\/\\\/www.caudete.org\\\/ayuntamiento\\\/el-alcalde-convoca-a-la-comision-de-hacienda-para-informar-de-la-refinanciacion-de-credito\\\/\"]}]},{\"@type\":\"ImageObject\",\"inLanguage\":\"es\",\"@id\":\"https:\\\/\\\/www.caudete.org\\\/ayuntamiento\\\/el-alcalde-convoca-a-la-comision-de-hacienda-para-informar-de-la-refinanciacion-de-credito\\\/#primaryimage\",\"url\":\"https:\\\/\\\/www.caudete.org\\\/ayuntamiento\\\/wp-content\\\/uploads\\\/2021\\\/05\\\/IMG_0035.jpg\",\"contentUrl\":\"https:\\\/\\\/www.caudete.org\\\/ayuntamiento\\\/wp-content\\\/uploads\\\/2021\\\/05\\\/IMG_0035.jpg\",\"width\":1600,\"height\":1066},{\"@type\":\"BreadcrumbList\",\"@id\":\"https:\\\/\\\/www.caudete.org\\\/ayuntamiento\\\/el-alcalde-convoca-a-la-comision-de-hacienda-para-informar-de-la-refinanciacion-de-credito\\\/#breadcrumb\",\"itemListElement\":[{\"@type\":\"ListItem\",\"position\":1,\"name\":\"Inicio\",\"item\":\"https:\\\/\\\/www.caudete.org\\\/ayuntamiento\\\/\"},{\"@type\":\"ListItem\",\"position\":2,\"name\":\"El Alcalde convoca a la Comisi\u00f3n de Hacienda para informar de la Refinanciaci\u00f3n de Cr\u00e9dito\"}]},{\"@type\":\"WebSite\",\"@id\":\"https:\\\/\\\/www.caudete.org\\\/ayuntamiento\\\/#website\",\"url\":\"https:\\\/\\\/www.caudete.org\\\/ayuntamiento\\\/\",\"name\":\"MI Ayuntamiento de Caudete\",\"description\":\"P\u00e1gina Oficial del MI Ayuntamiento de Caudete\",\"publisher\":{\"@id\":\"https:\\\/\\\/www.caudete.org\\\/ayuntamiento\\\/#organization\"},\"potentialAction\":[{\"@type\":\"SearchAction\",\"target\":{\"@type\":\"EntryPoint\",\"urlTemplate\":\"https:\\\/\\\/www.caudete.org\\\/ayuntamiento\\\/?s={search_term_string}\"},\"query-input\":{\"@type\":\"PropertyValueSpecification\",\"valueRequired\":true,\"valueName\":\"search_term_string\"}}],\"inLanguage\":\"es\"},{\"@type\":\"Organization\",\"@id\":\"https:\\\/\\\/www.caudete.org\\\/ayuntamiento\\\/#organization\",\"name\":\"Ayuntamiento de Caudete\",\"url\":\"https:\\\/\\\/www.caudete.org\\\/ayuntamiento\\\/\",\"logo\":{\"@type\":\"ImageObject\",\"inLanguage\":\"es\",\"@id\":\"https:\\\/\\\/www.caudete.org\\\/ayuntamiento\\\/#\\\/schema\\\/logo\\\/image\\\/\",\"url\":\"https:\\\/\\\/www.caudete.org\\\/ayuntamiento\\\/wp-content\\\/uploads\\\/2020\\\/11\\\/logo_ayuntamiento_caudete.jpg\",\"contentUrl\":\"https:\\\/\\\/www.caudete.org\\\/ayuntamiento\\\/wp-content\\\/uploads\\\/2020\\\/11\\\/logo_ayuntamiento_caudete.jpg\",\"width\":600,\"height\":150,\"caption\":\"Ayuntamiento de Caudete\"},\"image\":{\"@id\":\"https:\\\/\\\/www.caudete.org\\\/ayuntamiento\\\/#\\\/schema\\\/logo\\\/image\\\/\"},\"sameAs\":[\"https:\\\/\\\/www.facebook.com\\\/ayuntamientocaudete\\\/\",\"https:\\\/\\\/www.youtube.com\\\/channel\\\/UC6VztHaooNsGpw-tNoBEFnQ\"]},{\"@type\":\"Person\",\"@id\":\"https:\\\/\\\/www.caudete.org\\\/ayuntamiento\\\/#\\\/schema\\\/person\\\/cc646da9133078ee4d8dd47457947253\",\"name\":\"alcalde\",\"image\":{\"@type\":\"ImageObject\",\"inLanguage\":\"es\",\"@id\":\"https:\\\/\\\/secure.gravatar.com\\\/avatar\\\/84a817ba065b29ff08d666b215a215f5c79186a645ccb25b14a663d48a130f77?s=96&d=mm&r=g\",\"url\":\"https:\\\/\\\/secure.gravatar.com\\\/avatar\\\/84a817ba065b29ff08d666b215a215f5c79186a645ccb25b14a663d48a130f77?s=96&d=mm&r=g\",\"contentUrl\":\"https:\\\/\\\/secure.gravatar.com\\\/avatar\\\/84a817ba065b29ff08d666b215a215f5c79186a645ccb25b14a663d48a130f77?s=96&d=mm&r=g\",\"caption\":\"alcalde\"},\"url\":\"https:\\\/\\\/www.caudete.org\\\/ayuntamiento\\\/author\\\/alcalde\\\/\"}]}<\/script>\n<!-- \/ Yoast SEO plugin. -->","yoast_head_json":{"title":"El Alcalde convoca a la Comisi\u00f3n de Hacienda para informar de la Refinanciaci\u00f3n de Cr\u00e9dito - MI Ayuntamiento de Caudete","description":"P\u00e1gina Oficial del Ayuntamiento de Caudete (Albacete)","robots":{"index":"index","follow":"follow","max-snippet":"max-snippet:-1","max-image-preview":"max-image-preview:large","max-video-preview":"max-video-preview:-1"},"canonical":"https:\/\/www.caudete.org\/ayuntamiento\/el-alcalde-convoca-a-la-comision-de-hacienda-para-informar-de-la-refinanciacion-de-credito\/","og_locale":"es_ES","og_type":"article","og_title":"El Alcalde convoca a la Comisi\u00f3n de Hacienda para informar de la Refinanciaci\u00f3n de Cr\u00e9dito - MI Ayuntamiento de Caudete","og_description":"P\u00e1gina Oficial del Ayuntamiento de Caudete (Albacete)","og_url":"https:\/\/www.caudete.org\/ayuntamiento\/el-alcalde-convoca-a-la-comision-de-hacienda-para-informar-de-la-refinanciacion-de-credito\/","og_site_name":"MI Ayuntamiento de Caudete","article_publisher":"https:\/\/www.facebook.com\/ayuntamientocaudete\/","article_published_time":"2021-05-17T18:16:12+00:00","article_modified_time":"2021-05-17T18:38:05+00:00","og_image":[{"width":1600,"height":1066,"url":"https:\/\/www.caudete.org\/ayuntamiento\/wp-content\/uploads\/2021\/05\/IMG_0035.jpg","type":"image\/jpeg"}],"author":"alcalde","twitter_card":"summary_large_image","twitter_misc":{"Escrito por":"alcalde","Tiempo de lectura":"3 minutos"},"schema":{"@context":"https:\/\/schema.org","@graph":[{"@type":"Article","@id":"https:\/\/www.caudete.org\/ayuntamiento\/el-alcalde-convoca-a-la-comision-de-hacienda-para-informar-de-la-refinanciacion-de-credito\/#article","isPartOf":{"@id":"https:\/\/www.caudete.org\/ayuntamiento\/el-alcalde-convoca-a-la-comision-de-hacienda-para-informar-de-la-refinanciacion-de-credito\/"},"author":{"name":"alcalde","@id":"https:\/\/www.caudete.org\/ayuntamiento\/#\/schema\/person\/cc646da9133078ee4d8dd47457947253"},"headline":"El Alcalde convoca a la Comisi\u00f3n de Hacienda para informar de la Refinanciaci\u00f3n de Cr\u00e9dito","datePublished":"2021-05-17T18:16:12+00:00","dateModified":"2021-05-17T18:38:05+00:00","mainEntityOfPage":{"@id":"https:\/\/www.caudete.org\/ayuntamiento\/el-alcalde-convoca-a-la-comision-de-hacienda-para-informar-de-la-refinanciacion-de-credito\/"},"wordCount":603,"publisher":{"@id":"https:\/\/www.caudete.org\/ayuntamiento\/#organization"},"image":{"@id":"https:\/\/www.caudete.org\/ayuntamiento\/el-alcalde-convoca-a-la-comision-de-hacienda-para-informar-de-la-refinanciacion-de-credito\/#primaryimage"},"thumbnailUrl":"https:\/\/www.caudete.org\/ayuntamiento\/wp-content\/uploads\/2021\/05\/IMG_0035.jpg","articleSection":["Econom\u00eda"],"inLanguage":"es"},{"@type":"WebPage","@id":"https:\/\/www.caudete.org\/ayuntamiento\/el-alcalde-convoca-a-la-comision-de-hacienda-para-informar-de-la-refinanciacion-de-credito\/","url":"https:\/\/www.caudete.org\/ayuntamiento\/el-alcalde-convoca-a-la-comision-de-hacienda-para-informar-de-la-refinanciacion-de-credito\/","name":"El Alcalde convoca a la Comisi\u00f3n de Hacienda para informar de la Refinanciaci\u00f3n de Cr\u00e9dito - MI Ayuntamiento de Caudete","isPartOf":{"@id":"https:\/\/www.caudete.org\/ayuntamiento\/#website"},"primaryImageOfPage":{"@id":"https:\/\/www.caudete.org\/ayuntamiento\/el-alcalde-convoca-a-la-comision-de-hacienda-para-informar-de-la-refinanciacion-de-credito\/#primaryimage"},"image":{"@id":"https:\/\/www.caudete.org\/ayuntamiento\/el-alcalde-convoca-a-la-comision-de-hacienda-para-informar-de-la-refinanciacion-de-credito\/#primaryimage"},"thumbnailUrl":"https:\/\/www.caudete.org\/ayuntamiento\/wp-content\/uploads\/2021\/05\/IMG_0035.jpg","datePublished":"2021-05-17T18:16:12+00:00","dateModified":"2021-05-17T18:38:05+00:00","description":"P\u00e1gina Oficial del Ayuntamiento de Caudete (Albacete)","breadcrumb":{"@id":"https:\/\/www.caudete.org\/ayuntamiento\/el-alcalde-convoca-a-la-comision-de-hacienda-para-informar-de-la-refinanciacion-de-credito\/#breadcrumb"},"inLanguage":"es","potentialAction":[{"@type":"ReadAction","target":["https:\/\/www.caudete.org\/ayuntamiento\/el-alcalde-convoca-a-la-comision-de-hacienda-para-informar-de-la-refinanciacion-de-credito\/"]}]},{"@type":"ImageObject","inLanguage":"es","@id":"https:\/\/www.caudete.org\/ayuntamiento\/el-alcalde-convoca-a-la-comision-de-hacienda-para-informar-de-la-refinanciacion-de-credito\/#primaryimage","url":"https:\/\/www.caudete.org\/ayuntamiento\/wp-content\/uploads\/2021\/05\/IMG_0035.jpg","contentUrl":"https:\/\/www.caudete.org\/ayuntamiento\/wp-content\/uploads\/2021\/05\/IMG_0035.jpg","width":1600,"height":1066},{"@type":"BreadcrumbList","@id":"https:\/\/www.caudete.org\/ayuntamiento\/el-alcalde-convoca-a-la-comision-de-hacienda-para-informar-de-la-refinanciacion-de-credito\/#breadcrumb","itemListElement":[{"@type":"ListItem","position":1,"name":"Inicio","item":"https:\/\/www.caudete.org\/ayuntamiento\/"},{"@type":"ListItem","position":2,"name":"El Alcalde convoca a la Comisi\u00f3n de Hacienda para informar de la Refinanciaci\u00f3n de Cr\u00e9dito"}]},{"@type":"WebSite","@id":"https:\/\/www.caudete.org\/ayuntamiento\/#website","url":"https:\/\/www.caudete.org\/ayuntamiento\/","name":"MI Ayuntamiento de Caudete","description":"P\u00e1gina Oficial del MI Ayuntamiento de Caudete","publisher":{"@id":"https:\/\/www.caudete.org\/ayuntamiento\/#organization"},"potentialAction":[{"@type":"SearchAction","target":{"@type":"EntryPoint","urlTemplate":"https:\/\/www.caudete.org\/ayuntamiento\/?s={search_term_string}"},"query-input":{"@type":"PropertyValueSpecification","valueRequired":true,"valueName":"search_term_string"}}],"inLanguage":"es"},{"@type":"Organization","@id":"https:\/\/www.caudete.org\/ayuntamiento\/#organization","name":"Ayuntamiento de Caudete","url":"https:\/\/www.caudete.org\/ayuntamiento\/","logo":{"@type":"ImageObject","inLanguage":"es","@id":"https:\/\/www.caudete.org\/ayuntamiento\/#\/schema\/logo\/image\/","url":"https:\/\/www.caudete.org\/ayuntamiento\/wp-content\/uploads\/2020\/11\/logo_ayuntamiento_caudete.jpg","contentUrl":"https:\/\/www.caudete.org\/ayuntamiento\/wp-content\/uploads\/2020\/11\/logo_ayuntamiento_caudete.jpg","width":600,"height":150,"caption":"Ayuntamiento de Caudete"},"image":{"@id":"https:\/\/www.caudete.org\/ayuntamiento\/#\/schema\/logo\/image\/"},"sameAs":["https:\/\/www.facebook.com\/ayuntamientocaudete\/","https:\/\/www.youtube.com\/channel\/UC6VztHaooNsGpw-tNoBEFnQ"]},{"@type":"Person","@id":"https:\/\/www.caudete.org\/ayuntamiento\/#\/schema\/person\/cc646da9133078ee4d8dd47457947253","name":"alcalde","image":{"@type":"ImageObject","inLanguage":"es","@id":"https:\/\/secure.gravatar.com\/avatar\/84a817ba065b29ff08d666b215a215f5c79186a645ccb25b14a663d48a130f77?s=96&d=mm&r=g","url":"https:\/\/secure.gravatar.com\/avatar\/84a817ba065b29ff08d666b215a215f5c79186a645ccb25b14a663d48a130f77?s=96&d=mm&r=g","contentUrl":"https:\/\/secure.gravatar.com\/avatar\/84a817ba065b29ff08d666b215a215f5c79186a645ccb25b14a663d48a130f77?s=96&d=mm&r=g","caption":"alcalde"},"url":"https:\/\/www.caudete.org\/ayuntamiento\/author\/alcalde\/"}]}},"_links":{"self":[{"href":"https:\/\/www.caudete.org\/ayuntamiento\/wp-json\/wp\/v2\/posts\/14415","targetHints":{"allow":["GET"]}}],"collection":[{"href":"https:\/\/www.caudete.org\/ayuntamiento\/wp-json\/wp\/v2\/posts"}],"about":[{"href":"https:\/\/www.caudete.org\/ayuntamiento\/wp-json\/wp\/v2\/types\/post"}],"author":[{"embeddable":true,"href":"https:\/\/www.caudete.org\/ayuntamiento\/wp-json\/wp\/v2\/users\/3"}],"replies":[{"embeddable":true,"href":"https:\/\/www.caudete.org\/ayuntamiento\/wp-json\/wp\/v2\/comments?post=14415"}],"version-history":[{"count":3,"href":"https:\/\/www.caudete.org\/ayuntamiento\/wp-json\/wp\/v2\/posts\/14415\/revisions"}],"predecessor-version":[{"id":14418,"href":"https:\/\/www.caudete.org\/ayuntamiento\/wp-json\/wp\/v2\/posts\/14415\/revisions\/14418"}],"wp:featuredmedia":[{"embeddable":true,"href":"https:\/\/www.caudete.org\/ayuntamiento\/wp-json\/wp\/v2\/media\/14413"}],"wp:attachment":[{"href":"https:\/\/www.caudete.org\/ayuntamiento\/wp-json\/wp\/v2\/media?parent=14415"}],"wp:term":[{"taxonomy":"category","embeddable":true,"href":"https:\/\/www.caudete.org\/ayuntamiento\/wp-json\/wp\/v2\/categories?post=14415"},{"taxonomy":"post_tag","embeddable":true,"href":"https:\/\/www.caudete.org\/ayuntamiento\/wp-json\/wp\/v2\/tags?post=14415"}],"curies":[{"name":"wp","href":"https:\/\/api.w.org\/{rel}","templated":true}]}}