{"id":14437,"date":"2021-05-18T19:14:30","date_gmt":"2021-05-18T17:14:30","guid":{"rendered":"https:\/\/www.caudete.org\/ayuntamiento\/?p=14437"},"modified":"2021-05-18T19:14:30","modified_gmt":"2021-05-18T17:14:30","slug":"se-ha-llevado-a-cabo-el-taller-de-educacion-afectivo-sexual-sexualidades-en-el-instituto-rafael-requena","status":"publish","type":"post","link":"https:\/\/www.caudete.org\/ayuntamiento\/se-ha-llevado-a-cabo-el-taller-de-educacion-afectivo-sexual-sexualidades-en-el-instituto-rafael-requena\/","title":{"rendered":"Se ha llevado a cabo el taller de educaci\u00f3n afectivo sexual \u201cSexualidadES\u201d en el Instituto \u201cRafael Requena\u201d"},"content":{"rendered":"<p class=\"western\" align=\"justify\">Los y las adolescentes demandan que se cubran sus necesidades en materia de educaci\u00f3n sexual, est\u00e1n \u00e1vidos de respuestas e inquietudes en torno a la sexualidad y \u201cel hecho de los sexos\u201d. Si estas preguntas no son resueltas por familiares, profesorado y especialistas, terminar\u00e1n siendo contestadas por Internet y amistades, y generalmente, mal resueltas.<\/p>\n<p class=\"western\" align=\"justify\">Desde la Concejal\u00eda de Igualdad, con la colaboraci\u00f3n del Instituto de la Mujer, se ha llevado a cabo un taller de educaci\u00f3n afectivo sexual con el t\u00edtulo de <b>\u201cSexualidadES\u201d <\/b>y<b> <\/b>dirigido al alumnado de 3\u00ba ESO y PMAR del Instituto Rafael Requena, a cargo de profesionales de <i>Eros y Psique: Sexolog\u00eda, psicolog\u00eda y asesor\u00eda de pareja.<\/i><\/p>\n<p class=\"western\" align=\"justify\">Los principales objetivos de esta actividad han sido:<\/p>\n<ul>\n<li>\n<p align=\"justify\">Abordar con naturalidad y profesionalidad las inquietudes del alumnado en torno a la sexualidad y las relaciones er\u00f3ticas.<\/p>\n<\/li>\n<li>\n<p align=\"justify\">Potenciar la construcci\u00f3n del conocimiento sexual y de los conceptos que posibiliten una explicaci\u00f3n cr\u00edtica de la sexualidad humana.<\/p>\n<\/li>\n<li>\n<p align=\"justify\">Deconstruir a trav\u00e9s de la reflexi\u00f3n, los modelos de feminidad y masculinidad tradicionales con respecto a la er\u00f3tica.<\/p>\n<\/li>\n<li>\n<p class=\"western\" align=\"justify\">Concienciar y sensibilizar a los chicos y chicas sobre el abuso sexual y educar en la \u00e9tica del consentimiento.<\/p>\n<\/li>\n<\/ul>\n<p><a href=\"https:\/\/www.caudete.org\/ayuntamiento\/wp-content\/uploads\/2021\/05\/3.jpg\" rel='prettyPhoto'><img fetchpriority=\"high\" decoding=\"async\" class=\"aligncenter wp-image-14435 size-medium\" src=\"https:\/\/www.caudete.org\/ayuntamiento\/wp-content\/uploads\/2021\/05\/3-300x225.jpg\" alt=\"\" width=\"300\" height=\"225\" srcset=\"https:\/\/www.caudete.org\/ayuntamiento\/wp-content\/uploads\/2021\/05\/3-300x225.jpg 300w, https:\/\/www.caudete.org\/ayuntamiento\/wp-content\/uploads\/2021\/05\/3-1024x768.jpg 1024w, https:\/\/www.caudete.org\/ayuntamiento\/wp-content\/uploads\/2021\/05\/3-768x576.jpg 768w, https:\/\/www.caudete.org\/ayuntamiento\/wp-content\/uploads\/2021\/05\/3-1536x1152.jpg 1536w, https:\/\/www.caudete.org\/ayuntamiento\/wp-content\/uploads\/2021\/05\/3.jpg 1600w\" sizes=\"(max-width: 300px) 100vw, 300px\" \/><\/a><\/p>\n<p><a href=\"https:\/\/www.caudete.org\/ayuntamiento\/wp-content\/uploads\/2021\/05\/1.jpg\" rel='prettyPhoto'><img decoding=\"async\" class=\"aligncenter wp-image-14434 size-medium\" src=\"https:\/\/www.caudete.org\/ayuntamiento\/wp-content\/uploads\/2021\/05\/2-300x225.jpg\" alt=\"\" width=\"300\" height=\"225\" srcset=\"https:\/\/www.caudete.org\/ayuntamiento\/wp-content\/uploads\/2021\/05\/2-300x225.jpg 300w, https:\/\/www.caudete.org\/ayuntamiento\/wp-content\/uploads\/2021\/05\/2-1024x768.jpg 1024w, https:\/\/www.caudete.org\/ayuntamiento\/wp-content\/uploads\/2021\/05\/2-768x576.jpg 768w, https:\/\/www.caudete.org\/ayuntamiento\/wp-content\/uploads\/2021\/05\/2-1536x1152.jpg 1536w, https:\/\/www.caudete.org\/ayuntamiento\/wp-content\/uploads\/2021\/05\/2.jpg 1600w\" sizes=\"(max-width: 300px) 100vw, 300px\" \/><img decoding=\"async\" class=\"aligncenter wp-image-14433 size-medium\" src=\"https:\/\/www.caudete.org\/ayuntamiento\/wp-content\/uploads\/2021\/05\/1-300x225.jpg\" alt=\"\" width=\"300\" height=\"225\" srcset=\"https:\/\/www.caudete.org\/ayuntamiento\/wp-content\/uploads\/2021\/05\/1-300x225.jpg 300w, https:\/\/www.caudete.org\/ayuntamiento\/wp-content\/uploads\/2021\/05\/1-1024x768.jpg 1024w, https:\/\/www.caudete.org\/ayuntamiento\/wp-content\/uploads\/2021\/05\/1-768x576.jpg 768w, https:\/\/www.caudete.org\/ayuntamiento\/wp-content\/uploads\/2021\/05\/1-1536x1152.jpg 1536w, https:\/\/www.caudete.org\/ayuntamiento\/wp-content\/uploads\/2021\/05\/1.jpg 1600w\" sizes=\"(max-width: 300px) 100vw, 300px\" \/><\/a><\/p>\n","protected":false},"excerpt":{"rendered":"<p>Los y las adolescentes demandan que se cubran sus necesidades en materia de educaci\u00f3n sexual, est\u00e1n \u00e1vidos de respuestas e inquietudes en torno a la sexualidad y \u201cel hecho de los sexos\u201d. Si estas preguntas no son resueltas por familiares, profesorado y especialistas, terminar\u00e1n siendo contestadas por Internet y amistades, y generalmente, mal resueltas. Desde &hellip;<\/p>\n","protected":false},"author":2,"featured_media":14439,"comment_status":"closed","ping_status":"open","sticky":false,"template":"","format":"standard","meta":{"ngg_post_thumbnail":0,"footnotes":""},"categories":[522],"tags":[596,472,636],"class_list":["post-14437","post","type-post","status-publish","format-standard","has-post-thumbnail","hentry","category-igualdad","tag-igualdad","tag-instituto-de-la-mujer","tag-taller-de-sexualidad"],"yoast_head":"<!-- This site is optimized with the Yoast SEO plugin v27.5 - https:\/\/yoast.com\/product\/yoast-seo-wordpress\/ -->\n<title>Se ha llevado a cabo el taller de educaci\u00f3n afectivo sexual \u201cSexualidadES\u201d en el Instituto \u201cRafael Requena\u201d - MI Ayuntamiento de Caudete<\/title>\n<meta name=\"description\" content=\"P\u00e1gina Oficial del Ayuntamiento de Caudete (Albacete)\" \/>\n<meta name=\"robots\" content=\"index, follow, max-snippet:-1, max-image-preview:large, max-video-preview:-1\" \/>\n<link rel=\"canonical\" href=\"https:\/\/www.caudete.org\/ayuntamiento\/se-ha-llevado-a-cabo-el-taller-de-educacion-afectivo-sexual-sexualidades-en-el-instituto-rafael-requena\/\" \/>\n<meta property=\"og:locale\" content=\"es_ES\" \/>\n<meta property=\"og:type\" content=\"article\" \/>\n<meta property=\"og:title\" content=\"Se ha llevado a cabo el taller de educaci\u00f3n afectivo sexual \u201cSexualidadES\u201d en el Instituto \u201cRafael Requena\u201d - MI Ayuntamiento de Caudete\" \/>\n<meta property=\"og:description\" content=\"P\u00e1gina Oficial del Ayuntamiento de Caudete (Albacete)\" \/>\n<meta property=\"og:url\" content=\"https:\/\/www.caudete.org\/ayuntamiento\/se-ha-llevado-a-cabo-el-taller-de-educacion-afectivo-sexual-sexualidades-en-el-instituto-rafael-requena\/\" \/>\n<meta property=\"og:site_name\" content=\"MI Ayuntamiento de Caudete\" \/>\n<meta property=\"article:publisher\" content=\"https:\/\/www.facebook.com\/ayuntamientocaudete\/\" \/>\n<meta property=\"article:published_time\" content=\"2021-05-18T17:14:30+00:00\" \/>\n<meta property=\"og:image\" content=\"https:\/\/www.caudete.org\/ayuntamiento\/wp-content\/uploads\/2021\/05\/Collage-Educacion-sexual.jpg\" \/>\n\t<meta property=\"og:image:width\" content=\"864\" \/>\n\t<meta property=\"og:image:height\" content=\"380\" \/>\n\t<meta property=\"og:image:type\" content=\"image\/jpeg\" \/>\n<meta name=\"author\" content=\"Juan\" \/>\n<meta name=\"twitter:card\" content=\"summary_large_image\" \/>\n<meta name=\"twitter:label1\" content=\"Escrito por\" \/>\n\t<meta name=\"twitter:data1\" content=\"Juan\" \/>\n\t<meta name=\"twitter:label2\" content=\"Tiempo de lectura\" \/>\n\t<meta name=\"twitter:data2\" content=\"2 minutos\" \/>\n<script type=\"application\/ld+json\" class=\"yoast-schema-graph\">{\"@context\":\"https:\\\/\\\/schema.org\",\"@graph\":[{\"@type\":\"Article\",\"@id\":\"https:\\\/\\\/www.caudete.org\\\/ayuntamiento\\\/se-ha-llevado-a-cabo-el-taller-de-educacion-afectivo-sexual-sexualidades-en-el-instituto-rafael-requena\\\/#article\",\"isPartOf\":{\"@id\":\"https:\\\/\\\/www.caudete.org\\\/ayuntamiento\\\/se-ha-llevado-a-cabo-el-taller-de-educacion-afectivo-sexual-sexualidades-en-el-instituto-rafael-requena\\\/\"},\"author\":{\"name\":\"Juan\",\"@id\":\"https:\\\/\\\/www.caudete.org\\\/ayuntamiento\\\/#\\\/schema\\\/person\\\/7656a5bb58fca95b9814e940de0fda63\"},\"headline\":\"Se ha llevado a cabo el taller de educaci\u00f3n afectivo sexual \u201cSexualidadES\u201d en el Instituto \u201cRafael Requena\u201d\",\"datePublished\":\"2021-05-18T17:14:30+00:00\",\"mainEntityOfPage\":{\"@id\":\"https:\\\/\\\/www.caudete.org\\\/ayuntamiento\\\/se-ha-llevado-a-cabo-el-taller-de-educacion-afectivo-sexual-sexualidades-en-el-instituto-rafael-requena\\\/\"},\"wordCount\":226,\"publisher\":{\"@id\":\"https:\\\/\\\/www.caudete.org\\\/ayuntamiento\\\/#organization\"},\"image\":{\"@id\":\"https:\\\/\\\/www.caudete.org\\\/ayuntamiento\\\/se-ha-llevado-a-cabo-el-taller-de-educacion-afectivo-sexual-sexualidades-en-el-instituto-rafael-requena\\\/#primaryimage\"},\"thumbnailUrl\":\"https:\\\/\\\/www.caudete.org\\\/ayuntamiento\\\/wp-content\\\/uploads\\\/2021\\\/05\\\/Collage-Educacion-sexual.jpg\",\"keywords\":[\"Igualdad\",\"Instituto de la Mujer\",\"Taller de sexualidad\"],\"articleSection\":[\"Igualdad\"],\"inLanguage\":\"es\"},{\"@type\":\"WebPage\",\"@id\":\"https:\\\/\\\/www.caudete.org\\\/ayuntamiento\\\/se-ha-llevado-a-cabo-el-taller-de-educacion-afectivo-sexual-sexualidades-en-el-instituto-rafael-requena\\\/\",\"url\":\"https:\\\/\\\/www.caudete.org\\\/ayuntamiento\\\/se-ha-llevado-a-cabo-el-taller-de-educacion-afectivo-sexual-sexualidades-en-el-instituto-rafael-requena\\\/\",\"name\":\"Se ha llevado a cabo el taller de educaci\u00f3n afectivo sexual \u201cSexualidadES\u201d en el Instituto \u201cRafael Requena\u201d - MI Ayuntamiento de Caudete\",\"isPartOf\":{\"@id\":\"https:\\\/\\\/www.caudete.org\\\/ayuntamiento\\\/#website\"},\"primaryImageOfPage\":{\"@id\":\"https:\\\/\\\/www.caudete.org\\\/ayuntamiento\\\/se-ha-llevado-a-cabo-el-taller-de-educacion-afectivo-sexual-sexualidades-en-el-instituto-rafael-requena\\\/#primaryimage\"},\"image\":{\"@id\":\"https:\\\/\\\/www.caudete.org\\\/ayuntamiento\\\/se-ha-llevado-a-cabo-el-taller-de-educacion-afectivo-sexual-sexualidades-en-el-instituto-rafael-requena\\\/#primaryimage\"},\"thumbnailUrl\":\"https:\\\/\\\/www.caudete.org\\\/ayuntamiento\\\/wp-content\\\/uploads\\\/2021\\\/05\\\/Collage-Educacion-sexual.jpg\",\"datePublished\":\"2021-05-18T17:14:30+00:00\",\"description\":\"P\u00e1gina Oficial del Ayuntamiento de Caudete (Albacete)\",\"breadcrumb\":{\"@id\":\"https:\\\/\\\/www.caudete.org\\\/ayuntamiento\\\/se-ha-llevado-a-cabo-el-taller-de-educacion-afectivo-sexual-sexualidades-en-el-instituto-rafael-requena\\\/#breadcrumb\"},\"inLanguage\":\"es\",\"potentialAction\":[{\"@type\":\"ReadAction\",\"target\":[\"https:\\\/\\\/www.caudete.org\\\/ayuntamiento\\\/se-ha-llevado-a-cabo-el-taller-de-educacion-afectivo-sexual-sexualidades-en-el-instituto-rafael-requena\\\/\"]}]},{\"@type\":\"ImageObject\",\"inLanguage\":\"es\",\"@id\":\"https:\\\/\\\/www.caudete.org\\\/ayuntamiento\\\/se-ha-llevado-a-cabo-el-taller-de-educacion-afectivo-sexual-sexualidades-en-el-instituto-rafael-requena\\\/#primaryimage\",\"url\":\"https:\\\/\\\/www.caudete.org\\\/ayuntamiento\\\/wp-content\\\/uploads\\\/2021\\\/05\\\/Collage-Educacion-sexual.jpg\",\"contentUrl\":\"https:\\\/\\\/www.caudete.org\\\/ayuntamiento\\\/wp-content\\\/uploads\\\/2021\\\/05\\\/Collage-Educacion-sexual.jpg\",\"width\":864,\"height\":380},{\"@type\":\"BreadcrumbList\",\"@id\":\"https:\\\/\\\/www.caudete.org\\\/ayuntamiento\\\/se-ha-llevado-a-cabo-el-taller-de-educacion-afectivo-sexual-sexualidades-en-el-instituto-rafael-requena\\\/#breadcrumb\",\"itemListElement\":[{\"@type\":\"ListItem\",\"position\":1,\"name\":\"Inicio\",\"item\":\"https:\\\/\\\/www.caudete.org\\\/ayuntamiento\\\/\"},{\"@type\":\"ListItem\",\"position\":2,\"name\":\"Se ha llevado a cabo el taller de educaci\u00f3n afectivo sexual \u201cSexualidadES\u201d en el Instituto \u201cRafael Requena\u201d\"}]},{\"@type\":\"WebSite\",\"@id\":\"https:\\\/\\\/www.caudete.org\\\/ayuntamiento\\\/#website\",\"url\":\"https:\\\/\\\/www.caudete.org\\\/ayuntamiento\\\/\",\"name\":\"MI Ayuntamiento de Caudete\",\"description\":\"P\u00e1gina Oficial del MI Ayuntamiento de Caudete\",\"publisher\":{\"@id\":\"https:\\\/\\\/www.caudete.org\\\/ayuntamiento\\\/#organization\"},\"potentialAction\":[{\"@type\":\"SearchAction\",\"target\":{\"@type\":\"EntryPoint\",\"urlTemplate\":\"https:\\\/\\\/www.caudete.org\\\/ayuntamiento\\\/?s={search_term_string}\"},\"query-input\":{\"@type\":\"PropertyValueSpecification\",\"valueRequired\":true,\"valueName\":\"search_term_string\"}}],\"inLanguage\":\"es\"},{\"@type\":\"Organization\",\"@id\":\"https:\\\/\\\/www.caudete.org\\\/ayuntamiento\\\/#organization\",\"name\":\"Ayuntamiento de Caudete\",\"url\":\"https:\\\/\\\/www.caudete.org\\\/ayuntamiento\\\/\",\"logo\":{\"@type\":\"ImageObject\",\"inLanguage\":\"es\",\"@id\":\"https:\\\/\\\/www.caudete.org\\\/ayuntamiento\\\/#\\\/schema\\\/logo\\\/image\\\/\",\"url\":\"https:\\\/\\\/www.caudete.org\\\/ayuntamiento\\\/wp-content\\\/uploads\\\/2020\\\/11\\\/logo_ayuntamiento_caudete.jpg\",\"contentUrl\":\"https:\\\/\\\/www.caudete.org\\\/ayuntamiento\\\/wp-content\\\/uploads\\\/2020\\\/11\\\/logo_ayuntamiento_caudete.jpg\",\"width\":600,\"height\":150,\"caption\":\"Ayuntamiento de Caudete\"},\"image\":{\"@id\":\"https:\\\/\\\/www.caudete.org\\\/ayuntamiento\\\/#\\\/schema\\\/logo\\\/image\\\/\"},\"sameAs\":[\"https:\\\/\\\/www.facebook.com\\\/ayuntamientocaudete\\\/\",\"https:\\\/\\\/www.youtube.com\\\/channel\\\/UC6VztHaooNsGpw-tNoBEFnQ\"]},{\"@type\":\"Person\",\"@id\":\"https:\\\/\\\/www.caudete.org\\\/ayuntamiento\\\/#\\\/schema\\\/person\\\/7656a5bb58fca95b9814e940de0fda63\",\"name\":\"Juan\",\"image\":{\"@type\":\"ImageObject\",\"inLanguage\":\"es\",\"@id\":\"https:\\\/\\\/secure.gravatar.com\\\/avatar\\\/dd53e51c0cd6ab23f52d4f3e4f1c59730240727763de3dbbf26750b079a2c292?s=96&d=mm&r=g\",\"url\":\"https:\\\/\\\/secure.gravatar.com\\\/avatar\\\/dd53e51c0cd6ab23f52d4f3e4f1c59730240727763de3dbbf26750b079a2c292?s=96&d=mm&r=g\",\"contentUrl\":\"https:\\\/\\\/secure.gravatar.com\\\/avatar\\\/dd53e51c0cd6ab23f52d4f3e4f1c59730240727763de3dbbf26750b079a2c292?s=96&d=mm&r=g\",\"caption\":\"Juan\"},\"url\":\"https:\\\/\\\/www.caudete.org\\\/ayuntamiento\\\/author\\\/centrodeinternet\\\/\"}]}<\/script>\n<!-- \/ Yoast SEO plugin. -->","yoast_head_json":{"title":"Se ha llevado a cabo el taller de educaci\u00f3n afectivo sexual \u201cSexualidadES\u201d en el Instituto \u201cRafael Requena\u201d - MI Ayuntamiento de Caudete","description":"P\u00e1gina Oficial del Ayuntamiento de Caudete (Albacete)","robots":{"index":"index","follow":"follow","max-snippet":"max-snippet:-1","max-image-preview":"max-image-preview:large","max-video-preview":"max-video-preview:-1"},"canonical":"https:\/\/www.caudete.org\/ayuntamiento\/se-ha-llevado-a-cabo-el-taller-de-educacion-afectivo-sexual-sexualidades-en-el-instituto-rafael-requena\/","og_locale":"es_ES","og_type":"article","og_title":"Se ha llevado a cabo el taller de educaci\u00f3n afectivo sexual \u201cSexualidadES\u201d en el Instituto \u201cRafael Requena\u201d - MI Ayuntamiento de Caudete","og_description":"P\u00e1gina Oficial del Ayuntamiento de Caudete (Albacete)","og_url":"https:\/\/www.caudete.org\/ayuntamiento\/se-ha-llevado-a-cabo-el-taller-de-educacion-afectivo-sexual-sexualidades-en-el-instituto-rafael-requena\/","og_site_name":"MI Ayuntamiento de Caudete","article_publisher":"https:\/\/www.facebook.com\/ayuntamientocaudete\/","article_published_time":"2021-05-18T17:14:30+00:00","og_image":[{"width":864,"height":380,"url":"https:\/\/www.caudete.org\/ayuntamiento\/wp-content\/uploads\/2021\/05\/Collage-Educacion-sexual.jpg","type":"image\/jpeg"}],"author":"Juan","twitter_card":"summary_large_image","twitter_misc":{"Escrito por":"Juan","Tiempo de lectura":"2 minutos"},"schema":{"@context":"https:\/\/schema.org","@graph":[{"@type":"Article","@id":"https:\/\/www.caudete.org\/ayuntamiento\/se-ha-llevado-a-cabo-el-taller-de-educacion-afectivo-sexual-sexualidades-en-el-instituto-rafael-requena\/#article","isPartOf":{"@id":"https:\/\/www.caudete.org\/ayuntamiento\/se-ha-llevado-a-cabo-el-taller-de-educacion-afectivo-sexual-sexualidades-en-el-instituto-rafael-requena\/"},"author":{"name":"Juan","@id":"https:\/\/www.caudete.org\/ayuntamiento\/#\/schema\/person\/7656a5bb58fca95b9814e940de0fda63"},"headline":"Se ha llevado a cabo el taller de educaci\u00f3n afectivo sexual \u201cSexualidadES\u201d en el Instituto \u201cRafael Requena\u201d","datePublished":"2021-05-18T17:14:30+00:00","mainEntityOfPage":{"@id":"https:\/\/www.caudete.org\/ayuntamiento\/se-ha-llevado-a-cabo-el-taller-de-educacion-afectivo-sexual-sexualidades-en-el-instituto-rafael-requena\/"},"wordCount":226,"publisher":{"@id":"https:\/\/www.caudete.org\/ayuntamiento\/#organization"},"image":{"@id":"https:\/\/www.caudete.org\/ayuntamiento\/se-ha-llevado-a-cabo-el-taller-de-educacion-afectivo-sexual-sexualidades-en-el-instituto-rafael-requena\/#primaryimage"},"thumbnailUrl":"https:\/\/www.caudete.org\/ayuntamiento\/wp-content\/uploads\/2021\/05\/Collage-Educacion-sexual.jpg","keywords":["Igualdad","Instituto de la Mujer","Taller de sexualidad"],"articleSection":["Igualdad"],"inLanguage":"es"},{"@type":"WebPage","@id":"https:\/\/www.caudete.org\/ayuntamiento\/se-ha-llevado-a-cabo-el-taller-de-educacion-afectivo-sexual-sexualidades-en-el-instituto-rafael-requena\/","url":"https:\/\/www.caudete.org\/ayuntamiento\/se-ha-llevado-a-cabo-el-taller-de-educacion-afectivo-sexual-sexualidades-en-el-instituto-rafael-requena\/","name":"Se ha llevado a cabo el taller de educaci\u00f3n afectivo sexual \u201cSexualidadES\u201d en el Instituto \u201cRafael Requena\u201d - MI Ayuntamiento de Caudete","isPartOf":{"@id":"https:\/\/www.caudete.org\/ayuntamiento\/#website"},"primaryImageOfPage":{"@id":"https:\/\/www.caudete.org\/ayuntamiento\/se-ha-llevado-a-cabo-el-taller-de-educacion-afectivo-sexual-sexualidades-en-el-instituto-rafael-requena\/#primaryimage"},"image":{"@id":"https:\/\/www.caudete.org\/ayuntamiento\/se-ha-llevado-a-cabo-el-taller-de-educacion-afectivo-sexual-sexualidades-en-el-instituto-rafael-requena\/#primaryimage"},"thumbnailUrl":"https:\/\/www.caudete.org\/ayuntamiento\/wp-content\/uploads\/2021\/05\/Collage-Educacion-sexual.jpg","datePublished":"2021-05-18T17:14:30+00:00","description":"P\u00e1gina Oficial del Ayuntamiento de Caudete (Albacete)","breadcrumb":{"@id":"https:\/\/www.caudete.org\/ayuntamiento\/se-ha-llevado-a-cabo-el-taller-de-educacion-afectivo-sexual-sexualidades-en-el-instituto-rafael-requena\/#breadcrumb"},"inLanguage":"es","potentialAction":[{"@type":"ReadAction","target":["https:\/\/www.caudete.org\/ayuntamiento\/se-ha-llevado-a-cabo-el-taller-de-educacion-afectivo-sexual-sexualidades-en-el-instituto-rafael-requena\/"]}]},{"@type":"ImageObject","inLanguage":"es","@id":"https:\/\/www.caudete.org\/ayuntamiento\/se-ha-llevado-a-cabo-el-taller-de-educacion-afectivo-sexual-sexualidades-en-el-instituto-rafael-requena\/#primaryimage","url":"https:\/\/www.caudete.org\/ayuntamiento\/wp-content\/uploads\/2021\/05\/Collage-Educacion-sexual.jpg","contentUrl":"https:\/\/www.caudete.org\/ayuntamiento\/wp-content\/uploads\/2021\/05\/Collage-Educacion-sexual.jpg","width":864,"height":380},{"@type":"BreadcrumbList","@id":"https:\/\/www.caudete.org\/ayuntamiento\/se-ha-llevado-a-cabo-el-taller-de-educacion-afectivo-sexual-sexualidades-en-el-instituto-rafael-requena\/#breadcrumb","itemListElement":[{"@type":"ListItem","position":1,"name":"Inicio","item":"https:\/\/www.caudete.org\/ayuntamiento\/"},{"@type":"ListItem","position":2,"name":"Se ha llevado a cabo el taller de educaci\u00f3n afectivo sexual \u201cSexualidadES\u201d en el Instituto \u201cRafael Requena\u201d"}]},{"@type":"WebSite","@id":"https:\/\/www.caudete.org\/ayuntamiento\/#website","url":"https:\/\/www.caudete.org\/ayuntamiento\/","name":"MI Ayuntamiento de Caudete","description":"P\u00e1gina Oficial del MI Ayuntamiento de Caudete","publisher":{"@id":"https:\/\/www.caudete.org\/ayuntamiento\/#organization"},"potentialAction":[{"@type":"SearchAction","target":{"@type":"EntryPoint","urlTemplate":"https:\/\/www.caudete.org\/ayuntamiento\/?s={search_term_string}"},"query-input":{"@type":"PropertyValueSpecification","valueRequired":true,"valueName":"search_term_string"}}],"inLanguage":"es"},{"@type":"Organization","@id":"https:\/\/www.caudete.org\/ayuntamiento\/#organization","name":"Ayuntamiento de Caudete","url":"https:\/\/www.caudete.org\/ayuntamiento\/","logo":{"@type":"ImageObject","inLanguage":"es","@id":"https:\/\/www.caudete.org\/ayuntamiento\/#\/schema\/logo\/image\/","url":"https:\/\/www.caudete.org\/ayuntamiento\/wp-content\/uploads\/2020\/11\/logo_ayuntamiento_caudete.jpg","contentUrl":"https:\/\/www.caudete.org\/ayuntamiento\/wp-content\/uploads\/2020\/11\/logo_ayuntamiento_caudete.jpg","width":600,"height":150,"caption":"Ayuntamiento de Caudete"},"image":{"@id":"https:\/\/www.caudete.org\/ayuntamiento\/#\/schema\/logo\/image\/"},"sameAs":["https:\/\/www.facebook.com\/ayuntamientocaudete\/","https:\/\/www.youtube.com\/channel\/UC6VztHaooNsGpw-tNoBEFnQ"]},{"@type":"Person","@id":"https:\/\/www.caudete.org\/ayuntamiento\/#\/schema\/person\/7656a5bb58fca95b9814e940de0fda63","name":"Juan","image":{"@type":"ImageObject","inLanguage":"es","@id":"https:\/\/secure.gravatar.com\/avatar\/dd53e51c0cd6ab23f52d4f3e4f1c59730240727763de3dbbf26750b079a2c292?s=96&d=mm&r=g","url":"https:\/\/secure.gravatar.com\/avatar\/dd53e51c0cd6ab23f52d4f3e4f1c59730240727763de3dbbf26750b079a2c292?s=96&d=mm&r=g","contentUrl":"https:\/\/secure.gravatar.com\/avatar\/dd53e51c0cd6ab23f52d4f3e4f1c59730240727763de3dbbf26750b079a2c292?s=96&d=mm&r=g","caption":"Juan"},"url":"https:\/\/www.caudete.org\/ayuntamiento\/author\/centrodeinternet\/"}]}},"_links":{"self":[{"href":"https:\/\/www.caudete.org\/ayuntamiento\/wp-json\/wp\/v2\/posts\/14437","targetHints":{"allow":["GET"]}}],"collection":[{"href":"https:\/\/www.caudete.org\/ayuntamiento\/wp-json\/wp\/v2\/posts"}],"about":[{"href":"https:\/\/www.caudete.org\/ayuntamiento\/wp-json\/wp\/v2\/types\/post"}],"author":[{"embeddable":true,"href":"https:\/\/www.caudete.org\/ayuntamiento\/wp-json\/wp\/v2\/users\/2"}],"replies":[{"embeddable":true,"href":"https:\/\/www.caudete.org\/ayuntamiento\/wp-json\/wp\/v2\/comments?post=14437"}],"version-history":[{"count":4,"href":"https:\/\/www.caudete.org\/ayuntamiento\/wp-json\/wp\/v2\/posts\/14437\/revisions"}],"predecessor-version":[{"id":14442,"href":"https:\/\/www.caudete.org\/ayuntamiento\/wp-json\/wp\/v2\/posts\/14437\/revisions\/14442"}],"wp:featuredmedia":[{"embeddable":true,"href":"https:\/\/www.caudete.org\/ayuntamiento\/wp-json\/wp\/v2\/media\/14439"}],"wp:attachment":[{"href":"https:\/\/www.caudete.org\/ayuntamiento\/wp-json\/wp\/v2\/media?parent=14437"}],"wp:term":[{"taxonomy":"category","embeddable":true,"href":"https:\/\/www.caudete.org\/ayuntamiento\/wp-json\/wp\/v2\/categories?post=14437"},{"taxonomy":"post_tag","embeddable":true,"href":"https:\/\/www.caudete.org\/ayuntamiento\/wp-json\/wp\/v2\/tags?post=14437"}],"curies":[{"name":"wp","href":"https:\/\/api.w.org\/{rel}","templated":true}]}}