{"id":14446,"date":"2021-05-19T13:06:06","date_gmt":"2021-05-19T11:06:06","guid":{"rendered":"https:\/\/www.caudete.org\/ayuntamiento\/?p=14446"},"modified":"2021-05-19T18:16:34","modified_gmt":"2021-05-19T16:16:34","slug":"el-concejal-de-economia-y-hacienda-informa-sobre-las-amortizaciones-anticipadas-de-prestamos","status":"publish","type":"post","link":"https:\/\/www.caudete.org\/ayuntamiento\/el-concejal-de-economia-y-hacienda-informa-sobre-las-amortizaciones-anticipadas-de-prestamos\/","title":{"rendered":"El Concejal de Econom\u00eda y Hacienda informa sobre las amortizaciones anticipadas de pr\u00e9stamos"},"content":{"rendered":"<p style=\"text-align: justify;\"><span style=\"font-weight: 400;\">El Concejal de Econom\u00eda y Hacienda, Luis Felipe Ba\u00f1\u00f3n ha informado esta ma\u00f1ana sobre las amortizaciones anticipadas de pr\u00e9stamos que el Ayuntamiento ha venido realizando en los \u00faltimos 4 a\u00f1os, una l\u00ednea de trabajo importante que ha posibilitado liberar cr\u00e9ditos presupuestarios para acometer tanto inversiones como servicios municipales.<\/span><\/p>\n<p style=\"text-align: justify;\"><span style=\"font-weight: 400;\">Desde el ejercicio 2017, con motivo de la recuperaci\u00f3n econ\u00f3mica que empez\u00f3 a experimentar la econom\u00eda y, concretamente, la situaci\u00f3n financiera del Ayuntamiento de Caudete, el Equipo de Gobierno comenz\u00f3 a dise\u00f1ar una estrategia de fortalecimiento de los servicios p\u00fablicos acompa\u00f1ada de amortizaciones anticipadas de pr\u00e9stamos existentes.<\/span><\/p>\n<p style=\"text-align: justify;\"><span style=\"font-weight: 400;\">En concreto, en el mes de noviembre de 2017 se produjo la cancelaci\u00f3n del total pendiente de un cr\u00e9dito existente en el Banco Sabadell con un saldo de 97.913 \u20ac, lo que produjo un ahorro en el pago de tipos de inter\u00e9s de m\u00e1s de 10.000 \u20ac (concretamente 10.171,93).<\/span><\/p>\n<p style=\"text-align: justify;\"><span style=\"font-weight: 400;\">En agosto de 2018, el Ayuntamiento anticip\u00f3 el pago de la \u00faltima cuota de un pr\u00e9stamo concertado con la entidad Liberbank por importe de 87.228 \u20ac, con un peque\u00f1o ahorro de intereses de unos 103 \u20ac.<\/span><\/p>\n<p style=\"text-align: justify;\"><span style=\"font-weight: 400;\">Y ya en el ejercicio 2020, durante el mes de septiembre se anticiparon 2 cuotas pendientes de un pr\u00e9stamo con Bankia por un total de 114.398 \u20ac<\/span><\/p>\n<p style=\"text-align: justify;\"><span style=\"font-weight: 400;\">Dos meses despu\u00e9s, el 5 de noviembre, el Ayuntamiento anticip\u00f3 el pago de las cuotas pendientes de dos fraccionamientos que ten\u00eda concedidos por parte de la Agencia Tributaria derivados de las deudas contra\u00eddas con el Ministerio de Industria por las inversiones producidas en el Parque Tecnol\u00f3gico (PTEC). El importe anticipado ascendi\u00f3 a 100.000 \u20ac, por lo que se devolvieron al Ayuntamiento unos 2.000 \u20ac en concepto de intereses satisfechos y no devengados.<\/span><\/p>\n<p style=\"text-align: justify;\"><span style=\"font-weight: 400;\">En diciembre de 2020 se anticip\u00f3 igualmente la \u00faltima cuota de otro fraccionamiento concedido por la Agencia Tributaria por el mismo motivo, por un importe de 200.000 \u20ac<\/span><\/p>\n<p style=\"text-align: justify;\"><span style=\"font-weight: 400;\">Podemos contemplarlo en el siguiente cuadro:<\/span><\/p>\n<p>&nbsp;<\/p>\n<table style=\"width: 70.3815%;\">\n<tbody>\n<tr>\n<td style=\"width: 37.2385%;\"><b>FECHA<\/b><\/td>\n<td style=\"width: 26.3969%;\"><b>AMORTIZACI\u00d3N<\/b><\/td>\n<td style=\"width: 55.2388%;\"><b>AHORRO INTERESES<\/b><\/td>\n<\/tr>\n<tr>\n<td style=\"width: 37.2385%;\"><span style=\"font-weight: 400;\">Noviembre 2017<\/span><\/td>\n<td style=\"width: 26.3969%; text-align: center;\"><span style=\"font-weight: 400;\">97.913,99<\/span><\/td>\n<td style=\"width: 55.2388%; text-align: center;\"><span style=\"font-weight: 400;\">10.171,93<\/span><\/td>\n<\/tr>\n<tr>\n<td style=\"width: 37.2385%;\"><span style=\"font-weight: 400;\">agosto de 2018<\/span><\/td>\n<td style=\"width: 26.3969%; text-align: center;\"><span style=\"font-weight: 400;\">87.228,03<\/span><\/td>\n<td style=\"width: 55.2388%; text-align: center;\"><span style=\"font-weight: 400;\">103,80<\/span><\/td>\n<\/tr>\n<tr>\n<td style=\"width: 37.2385%;\"><span style=\"font-weight: 400;\">Septiembre 2020<\/span><\/td>\n<td style=\"width: 26.3969%; text-align: center;\"><span style=\"font-weight: 400;\">114.398,43<\/span><\/td>\n<td style=\"width: 55.2388%; text-align: center;\"><\/td>\n<\/tr>\n<tr>\n<td style=\"width: 37.2385%;\"><span style=\"font-weight: 400;\">Noviembre 2020<\/span><\/td>\n<td style=\"width: 26.3969%; text-align: center;\"><span style=\"font-weight: 400;\">100.337,33<\/span><\/td>\n<td style=\"width: 55.2388%; text-align: center;\"><span style=\"font-weight: 400;\">1.956,44<\/span><\/td>\n<\/tr>\n<tr>\n<td style=\"width: 37.2385%;\"><span style=\"font-weight: 400;\">Diciembre de 2020<\/span><\/td>\n<td style=\"width: 26.3969%; text-align: center;\"><span style=\"font-weight: 400;\">200.000,00<\/span><\/td>\n<td style=\"width: 55.2388%; text-align: center;\"><\/td>\n<\/tr>\n<tr>\n<td style=\"width: 37.2385%;\">\n<p style=\"text-align: right;\"><b>TOTAL<\/b><\/p>\n<\/td>\n<td style=\"width: 26.3969%; text-align: center;\"><b>599.877,88<\/b><\/td>\n<td style=\"width: 55.2388%; text-align: center;\"><b>12.232,17<\/b><\/td>\n<\/tr>\n<\/tbody>\n<\/table>\n<p>&nbsp;<\/p>\n<p style=\"text-align: justify;\"><span style=\"font-weight: 400;\">En definitiva, desde 2017, el Ayuntamiento ha anticipado una cantidad que roza los 600.000 \u20ac, lo que ha permitido liberar cantidades muy importantes para afrontar inversiones necesarias para los ciudadanos, adem\u00e1s del importante ahorro en el pago de intereses que tambi\u00e9n se han podido dedicar a impulsar los servicios municipales.<\/span><\/p>\n<p style=\"text-align: justify;\"><span style=\"font-weight: 400;\">A ello habr\u00eda que sumar la reciente modificaci\u00f3n del pr\u00e9stamo de 2.354.166&#8217;94 \u20ac\u00a0 que el M.I. Ayuntamiento ten\u00eda firmado con el I.C.O. hasta el 29-05-2032 y del cual quedaban por pagar aproximadamente <\/span><b>180.000&#8217;00 \u20ac de intereses, <\/b><span style=\"font-weight: 400;\">que con la nueva operaci\u00f3n de cr\u00e9dito adjudicada a LIBERBANK, ser\u00e1n al 0 % mientras el Euribor se mantenga en \u00edndices negativos como viene ocurriendo en los \u00faltimos a\u00f1os, y que previsiblemente por la necesidad de relanzar la econom\u00eda europea, tras la crisis del Covid-19, se mantendr\u00e1 en dichos valores negativos por bastante tiempo.<\/span><\/p>\n<p style=\"text-align: justify;\"><span style=\"font-weight: 400;\">Por lo tanto es del todo evidente el importante ahorro en intereses que puede tener la presente medida financiera adoptada, en la que sin duda dicho ahorro ir\u00e1 a mejorar tanto las inversiones del Ayuntamiento como la prestaci\u00f3n de sus servicios en beneficio de los ciudadanos de Caudete.<\/span><\/p>\n<p style=\"text-align: justify;\">\n","protected":false},"excerpt":{"rendered":"<p>El Concejal de Econom\u00eda y Hacienda, Luis Felipe Ba\u00f1\u00f3n ha informado esta ma\u00f1ana sobre las amortizaciones anticipadas de pr\u00e9stamos que el Ayuntamiento ha venido realizando en los \u00faltimos 4 a\u00f1os, una l\u00ednea de trabajo importante que ha posibilitado liberar cr\u00e9ditos presupuestarios para acometer tanto inversiones como servicios municipales. Desde el ejercicio 2017, con motivo de &hellip;<\/p>\n","protected":false},"author":3,"featured_media":14454,"comment_status":"closed","ping_status":"open","sticky":false,"template":"","format":"standard","meta":{"ngg_post_thumbnail":0,"footnotes":""},"categories":[28],"tags":[],"class_list":["post-14446","post","type-post","status-publish","format-standard","has-post-thumbnail","hentry","category-economia"],"yoast_head":"<!-- This site is optimized with the Yoast SEO plugin v27.5 - https:\/\/yoast.com\/product\/yoast-seo-wordpress\/ -->\n<title>El Concejal de Econom\u00eda y Hacienda informa sobre las amortizaciones anticipadas de pr\u00e9stamos - MI Ayuntamiento de Caudete<\/title>\n<meta name=\"description\" content=\"P\u00e1gina Oficial del Ayuntamiento de Caudete (Albacete)\" \/>\n<meta name=\"robots\" content=\"index, follow, max-snippet:-1, max-image-preview:large, max-video-preview:-1\" \/>\n<link rel=\"canonical\" href=\"https:\/\/www.caudete.org\/ayuntamiento\/el-concejal-de-economia-y-hacienda-informa-sobre-las-amortizaciones-anticipadas-de-prestamos\/\" \/>\n<meta property=\"og:locale\" content=\"es_ES\" \/>\n<meta property=\"og:type\" content=\"article\" \/>\n<meta property=\"og:title\" content=\"El Concejal de Econom\u00eda y Hacienda informa sobre las amortizaciones anticipadas de pr\u00e9stamos - MI Ayuntamiento de Caudete\" \/>\n<meta property=\"og:description\" content=\"P\u00e1gina Oficial del Ayuntamiento de Caudete (Albacete)\" \/>\n<meta property=\"og:url\" content=\"https:\/\/www.caudete.org\/ayuntamiento\/el-concejal-de-economia-y-hacienda-informa-sobre-las-amortizaciones-anticipadas-de-prestamos\/\" \/>\n<meta property=\"og:site_name\" content=\"MI Ayuntamiento de Caudete\" \/>\n<meta property=\"article:publisher\" content=\"https:\/\/www.facebook.com\/ayuntamientocaudete\/\" \/>\n<meta property=\"article:published_time\" content=\"2021-05-19T11:06:06+00:00\" \/>\n<meta property=\"article:modified_time\" content=\"2021-05-19T16:16:34+00:00\" \/>\n<meta property=\"og:image\" content=\"https:\/\/www.caudete.org\/ayuntamiento\/wp-content\/uploads\/2021\/05\/Concejal-Felipe-WEB.jpg\" \/>\n\t<meta property=\"og:image:width\" content=\"864\" \/>\n\t<meta property=\"og:image:height\" content=\"380\" \/>\n\t<meta property=\"og:image:type\" content=\"image\/jpeg\" \/>\n<meta name=\"author\" content=\"alcalde\" \/>\n<meta name=\"twitter:card\" content=\"summary_large_image\" \/>\n<meta name=\"twitter:label1\" content=\"Escrito por\" \/>\n\t<meta name=\"twitter:data1\" content=\"alcalde\" \/>\n\t<meta name=\"twitter:label2\" content=\"Tiempo de lectura\" \/>\n\t<meta name=\"twitter:data2\" content=\"3 minutos\" \/>\n<script type=\"application\/ld+json\" class=\"yoast-schema-graph\">{\"@context\":\"https:\\\/\\\/schema.org\",\"@graph\":[{\"@type\":\"Article\",\"@id\":\"https:\\\/\\\/www.caudete.org\\\/ayuntamiento\\\/el-concejal-de-economia-y-hacienda-informa-sobre-las-amortizaciones-anticipadas-de-prestamos\\\/#article\",\"isPartOf\":{\"@id\":\"https:\\\/\\\/www.caudete.org\\\/ayuntamiento\\\/el-concejal-de-economia-y-hacienda-informa-sobre-las-amortizaciones-anticipadas-de-prestamos\\\/\"},\"author\":{\"name\":\"alcalde\",\"@id\":\"https:\\\/\\\/www.caudete.org\\\/ayuntamiento\\\/#\\\/schema\\\/person\\\/cc646da9133078ee4d8dd47457947253\"},\"headline\":\"El Concejal de Econom\u00eda y Hacienda informa sobre las amortizaciones anticipadas de pr\u00e9stamos\",\"datePublished\":\"2021-05-19T11:06:06+00:00\",\"dateModified\":\"2021-05-19T16:16:34+00:00\",\"mainEntityOfPage\":{\"@id\":\"https:\\\/\\\/www.caudete.org\\\/ayuntamiento\\\/el-concejal-de-economia-y-hacienda-informa-sobre-las-amortizaciones-anticipadas-de-prestamos\\\/\"},\"wordCount\":539,\"publisher\":{\"@id\":\"https:\\\/\\\/www.caudete.org\\\/ayuntamiento\\\/#organization\"},\"image\":{\"@id\":\"https:\\\/\\\/www.caudete.org\\\/ayuntamiento\\\/el-concejal-de-economia-y-hacienda-informa-sobre-las-amortizaciones-anticipadas-de-prestamos\\\/#primaryimage\"},\"thumbnailUrl\":\"https:\\\/\\\/www.caudete.org\\\/ayuntamiento\\\/wp-content\\\/uploads\\\/2021\\\/05\\\/Concejal-Felipe-WEB.jpg\",\"articleSection\":[\"Econom\u00eda\"],\"inLanguage\":\"es\"},{\"@type\":\"WebPage\",\"@id\":\"https:\\\/\\\/www.caudete.org\\\/ayuntamiento\\\/el-concejal-de-economia-y-hacienda-informa-sobre-las-amortizaciones-anticipadas-de-prestamos\\\/\",\"url\":\"https:\\\/\\\/www.caudete.org\\\/ayuntamiento\\\/el-concejal-de-economia-y-hacienda-informa-sobre-las-amortizaciones-anticipadas-de-prestamos\\\/\",\"name\":\"El Concejal de Econom\u00eda y Hacienda informa sobre las amortizaciones anticipadas de pr\u00e9stamos - MI Ayuntamiento de Caudete\",\"isPartOf\":{\"@id\":\"https:\\\/\\\/www.caudete.org\\\/ayuntamiento\\\/#website\"},\"primaryImageOfPage\":{\"@id\":\"https:\\\/\\\/www.caudete.org\\\/ayuntamiento\\\/el-concejal-de-economia-y-hacienda-informa-sobre-las-amortizaciones-anticipadas-de-prestamos\\\/#primaryimage\"},\"image\":{\"@id\":\"https:\\\/\\\/www.caudete.org\\\/ayuntamiento\\\/el-concejal-de-economia-y-hacienda-informa-sobre-las-amortizaciones-anticipadas-de-prestamos\\\/#primaryimage\"},\"thumbnailUrl\":\"https:\\\/\\\/www.caudete.org\\\/ayuntamiento\\\/wp-content\\\/uploads\\\/2021\\\/05\\\/Concejal-Felipe-WEB.jpg\",\"datePublished\":\"2021-05-19T11:06:06+00:00\",\"dateModified\":\"2021-05-19T16:16:34+00:00\",\"description\":\"P\u00e1gina Oficial del Ayuntamiento de Caudete (Albacete)\",\"breadcrumb\":{\"@id\":\"https:\\\/\\\/www.caudete.org\\\/ayuntamiento\\\/el-concejal-de-economia-y-hacienda-informa-sobre-las-amortizaciones-anticipadas-de-prestamos\\\/#breadcrumb\"},\"inLanguage\":\"es\",\"potentialAction\":[{\"@type\":\"ReadAction\",\"target\":[\"https:\\\/\\\/www.caudete.org\\\/ayuntamiento\\\/el-concejal-de-economia-y-hacienda-informa-sobre-las-amortizaciones-anticipadas-de-prestamos\\\/\"]}]},{\"@type\":\"ImageObject\",\"inLanguage\":\"es\",\"@id\":\"https:\\\/\\\/www.caudete.org\\\/ayuntamiento\\\/el-concejal-de-economia-y-hacienda-informa-sobre-las-amortizaciones-anticipadas-de-prestamos\\\/#primaryimage\",\"url\":\"https:\\\/\\\/www.caudete.org\\\/ayuntamiento\\\/wp-content\\\/uploads\\\/2021\\\/05\\\/Concejal-Felipe-WEB.jpg\",\"contentUrl\":\"https:\\\/\\\/www.caudete.org\\\/ayuntamiento\\\/wp-content\\\/uploads\\\/2021\\\/05\\\/Concejal-Felipe-WEB.jpg\",\"width\":864,\"height\":380},{\"@type\":\"BreadcrumbList\",\"@id\":\"https:\\\/\\\/www.caudete.org\\\/ayuntamiento\\\/el-concejal-de-economia-y-hacienda-informa-sobre-las-amortizaciones-anticipadas-de-prestamos\\\/#breadcrumb\",\"itemListElement\":[{\"@type\":\"ListItem\",\"position\":1,\"name\":\"Inicio\",\"item\":\"https:\\\/\\\/www.caudete.org\\\/ayuntamiento\\\/\"},{\"@type\":\"ListItem\",\"position\":2,\"name\":\"El Concejal de Econom\u00eda y Hacienda informa sobre las amortizaciones anticipadas de pr\u00e9stamos\"}]},{\"@type\":\"WebSite\",\"@id\":\"https:\\\/\\\/www.caudete.org\\\/ayuntamiento\\\/#website\",\"url\":\"https:\\\/\\\/www.caudete.org\\\/ayuntamiento\\\/\",\"name\":\"MI Ayuntamiento de Caudete\",\"description\":\"P\u00e1gina Oficial del MI Ayuntamiento de Caudete\",\"publisher\":{\"@id\":\"https:\\\/\\\/www.caudete.org\\\/ayuntamiento\\\/#organization\"},\"potentialAction\":[{\"@type\":\"SearchAction\",\"target\":{\"@type\":\"EntryPoint\",\"urlTemplate\":\"https:\\\/\\\/www.caudete.org\\\/ayuntamiento\\\/?s={search_term_string}\"},\"query-input\":{\"@type\":\"PropertyValueSpecification\",\"valueRequired\":true,\"valueName\":\"search_term_string\"}}],\"inLanguage\":\"es\"},{\"@type\":\"Organization\",\"@id\":\"https:\\\/\\\/www.caudete.org\\\/ayuntamiento\\\/#organization\",\"name\":\"Ayuntamiento de Caudete\",\"url\":\"https:\\\/\\\/www.caudete.org\\\/ayuntamiento\\\/\",\"logo\":{\"@type\":\"ImageObject\",\"inLanguage\":\"es\",\"@id\":\"https:\\\/\\\/www.caudete.org\\\/ayuntamiento\\\/#\\\/schema\\\/logo\\\/image\\\/\",\"url\":\"https:\\\/\\\/www.caudete.org\\\/ayuntamiento\\\/wp-content\\\/uploads\\\/2020\\\/11\\\/logo_ayuntamiento_caudete.jpg\",\"contentUrl\":\"https:\\\/\\\/www.caudete.org\\\/ayuntamiento\\\/wp-content\\\/uploads\\\/2020\\\/11\\\/logo_ayuntamiento_caudete.jpg\",\"width\":600,\"height\":150,\"caption\":\"Ayuntamiento de Caudete\"},\"image\":{\"@id\":\"https:\\\/\\\/www.caudete.org\\\/ayuntamiento\\\/#\\\/schema\\\/logo\\\/image\\\/\"},\"sameAs\":[\"https:\\\/\\\/www.facebook.com\\\/ayuntamientocaudete\\\/\",\"https:\\\/\\\/www.youtube.com\\\/channel\\\/UC6VztHaooNsGpw-tNoBEFnQ\"]},{\"@type\":\"Person\",\"@id\":\"https:\\\/\\\/www.caudete.org\\\/ayuntamiento\\\/#\\\/schema\\\/person\\\/cc646da9133078ee4d8dd47457947253\",\"name\":\"alcalde\",\"image\":{\"@type\":\"ImageObject\",\"inLanguage\":\"es\",\"@id\":\"https:\\\/\\\/secure.gravatar.com\\\/avatar\\\/84a817ba065b29ff08d666b215a215f5c79186a645ccb25b14a663d48a130f77?s=96&d=mm&r=g\",\"url\":\"https:\\\/\\\/secure.gravatar.com\\\/avatar\\\/84a817ba065b29ff08d666b215a215f5c79186a645ccb25b14a663d48a130f77?s=96&d=mm&r=g\",\"contentUrl\":\"https:\\\/\\\/secure.gravatar.com\\\/avatar\\\/84a817ba065b29ff08d666b215a215f5c79186a645ccb25b14a663d48a130f77?s=96&d=mm&r=g\",\"caption\":\"alcalde\"},\"url\":\"https:\\\/\\\/www.caudete.org\\\/ayuntamiento\\\/author\\\/alcalde\\\/\"}]}<\/script>\n<!-- \/ Yoast SEO plugin. -->","yoast_head_json":{"title":"El Concejal de Econom\u00eda y Hacienda informa sobre las amortizaciones anticipadas de pr\u00e9stamos - MI Ayuntamiento de Caudete","description":"P\u00e1gina Oficial del Ayuntamiento de Caudete (Albacete)","robots":{"index":"index","follow":"follow","max-snippet":"max-snippet:-1","max-image-preview":"max-image-preview:large","max-video-preview":"max-video-preview:-1"},"canonical":"https:\/\/www.caudete.org\/ayuntamiento\/el-concejal-de-economia-y-hacienda-informa-sobre-las-amortizaciones-anticipadas-de-prestamos\/","og_locale":"es_ES","og_type":"article","og_title":"El Concejal de Econom\u00eda y Hacienda informa sobre las amortizaciones anticipadas de pr\u00e9stamos - MI Ayuntamiento de Caudete","og_description":"P\u00e1gina Oficial del Ayuntamiento de Caudete (Albacete)","og_url":"https:\/\/www.caudete.org\/ayuntamiento\/el-concejal-de-economia-y-hacienda-informa-sobre-las-amortizaciones-anticipadas-de-prestamos\/","og_site_name":"MI Ayuntamiento de Caudete","article_publisher":"https:\/\/www.facebook.com\/ayuntamientocaudete\/","article_published_time":"2021-05-19T11:06:06+00:00","article_modified_time":"2021-05-19T16:16:34+00:00","og_image":[{"width":864,"height":380,"url":"https:\/\/www.caudete.org\/ayuntamiento\/wp-content\/uploads\/2021\/05\/Concejal-Felipe-WEB.jpg","type":"image\/jpeg"}],"author":"alcalde","twitter_card":"summary_large_image","twitter_misc":{"Escrito por":"alcalde","Tiempo de lectura":"3 minutos"},"schema":{"@context":"https:\/\/schema.org","@graph":[{"@type":"Article","@id":"https:\/\/www.caudete.org\/ayuntamiento\/el-concejal-de-economia-y-hacienda-informa-sobre-las-amortizaciones-anticipadas-de-prestamos\/#article","isPartOf":{"@id":"https:\/\/www.caudete.org\/ayuntamiento\/el-concejal-de-economia-y-hacienda-informa-sobre-las-amortizaciones-anticipadas-de-prestamos\/"},"author":{"name":"alcalde","@id":"https:\/\/www.caudete.org\/ayuntamiento\/#\/schema\/person\/cc646da9133078ee4d8dd47457947253"},"headline":"El Concejal de Econom\u00eda y Hacienda informa sobre las amortizaciones anticipadas de pr\u00e9stamos","datePublished":"2021-05-19T11:06:06+00:00","dateModified":"2021-05-19T16:16:34+00:00","mainEntityOfPage":{"@id":"https:\/\/www.caudete.org\/ayuntamiento\/el-concejal-de-economia-y-hacienda-informa-sobre-las-amortizaciones-anticipadas-de-prestamos\/"},"wordCount":539,"publisher":{"@id":"https:\/\/www.caudete.org\/ayuntamiento\/#organization"},"image":{"@id":"https:\/\/www.caudete.org\/ayuntamiento\/el-concejal-de-economia-y-hacienda-informa-sobre-las-amortizaciones-anticipadas-de-prestamos\/#primaryimage"},"thumbnailUrl":"https:\/\/www.caudete.org\/ayuntamiento\/wp-content\/uploads\/2021\/05\/Concejal-Felipe-WEB.jpg","articleSection":["Econom\u00eda"],"inLanguage":"es"},{"@type":"WebPage","@id":"https:\/\/www.caudete.org\/ayuntamiento\/el-concejal-de-economia-y-hacienda-informa-sobre-las-amortizaciones-anticipadas-de-prestamos\/","url":"https:\/\/www.caudete.org\/ayuntamiento\/el-concejal-de-economia-y-hacienda-informa-sobre-las-amortizaciones-anticipadas-de-prestamos\/","name":"El Concejal de Econom\u00eda y Hacienda informa sobre las amortizaciones anticipadas de pr\u00e9stamos - MI Ayuntamiento de Caudete","isPartOf":{"@id":"https:\/\/www.caudete.org\/ayuntamiento\/#website"},"primaryImageOfPage":{"@id":"https:\/\/www.caudete.org\/ayuntamiento\/el-concejal-de-economia-y-hacienda-informa-sobre-las-amortizaciones-anticipadas-de-prestamos\/#primaryimage"},"image":{"@id":"https:\/\/www.caudete.org\/ayuntamiento\/el-concejal-de-economia-y-hacienda-informa-sobre-las-amortizaciones-anticipadas-de-prestamos\/#primaryimage"},"thumbnailUrl":"https:\/\/www.caudete.org\/ayuntamiento\/wp-content\/uploads\/2021\/05\/Concejal-Felipe-WEB.jpg","datePublished":"2021-05-19T11:06:06+00:00","dateModified":"2021-05-19T16:16:34+00:00","description":"P\u00e1gina Oficial del Ayuntamiento de Caudete (Albacete)","breadcrumb":{"@id":"https:\/\/www.caudete.org\/ayuntamiento\/el-concejal-de-economia-y-hacienda-informa-sobre-las-amortizaciones-anticipadas-de-prestamos\/#breadcrumb"},"inLanguage":"es","potentialAction":[{"@type":"ReadAction","target":["https:\/\/www.caudete.org\/ayuntamiento\/el-concejal-de-economia-y-hacienda-informa-sobre-las-amortizaciones-anticipadas-de-prestamos\/"]}]},{"@type":"ImageObject","inLanguage":"es","@id":"https:\/\/www.caudete.org\/ayuntamiento\/el-concejal-de-economia-y-hacienda-informa-sobre-las-amortizaciones-anticipadas-de-prestamos\/#primaryimage","url":"https:\/\/www.caudete.org\/ayuntamiento\/wp-content\/uploads\/2021\/05\/Concejal-Felipe-WEB.jpg","contentUrl":"https:\/\/www.caudete.org\/ayuntamiento\/wp-content\/uploads\/2021\/05\/Concejal-Felipe-WEB.jpg","width":864,"height":380},{"@type":"BreadcrumbList","@id":"https:\/\/www.caudete.org\/ayuntamiento\/el-concejal-de-economia-y-hacienda-informa-sobre-las-amortizaciones-anticipadas-de-prestamos\/#breadcrumb","itemListElement":[{"@type":"ListItem","position":1,"name":"Inicio","item":"https:\/\/www.caudete.org\/ayuntamiento\/"},{"@type":"ListItem","position":2,"name":"El Concejal de Econom\u00eda y Hacienda informa sobre las amortizaciones anticipadas de pr\u00e9stamos"}]},{"@type":"WebSite","@id":"https:\/\/www.caudete.org\/ayuntamiento\/#website","url":"https:\/\/www.caudete.org\/ayuntamiento\/","name":"MI Ayuntamiento de Caudete","description":"P\u00e1gina Oficial del MI Ayuntamiento de Caudete","publisher":{"@id":"https:\/\/www.caudete.org\/ayuntamiento\/#organization"},"potentialAction":[{"@type":"SearchAction","target":{"@type":"EntryPoint","urlTemplate":"https:\/\/www.caudete.org\/ayuntamiento\/?s={search_term_string}"},"query-input":{"@type":"PropertyValueSpecification","valueRequired":true,"valueName":"search_term_string"}}],"inLanguage":"es"},{"@type":"Organization","@id":"https:\/\/www.caudete.org\/ayuntamiento\/#organization","name":"Ayuntamiento de Caudete","url":"https:\/\/www.caudete.org\/ayuntamiento\/","logo":{"@type":"ImageObject","inLanguage":"es","@id":"https:\/\/www.caudete.org\/ayuntamiento\/#\/schema\/logo\/image\/","url":"https:\/\/www.caudete.org\/ayuntamiento\/wp-content\/uploads\/2020\/11\/logo_ayuntamiento_caudete.jpg","contentUrl":"https:\/\/www.caudete.org\/ayuntamiento\/wp-content\/uploads\/2020\/11\/logo_ayuntamiento_caudete.jpg","width":600,"height":150,"caption":"Ayuntamiento de Caudete"},"image":{"@id":"https:\/\/www.caudete.org\/ayuntamiento\/#\/schema\/logo\/image\/"},"sameAs":["https:\/\/www.facebook.com\/ayuntamientocaudete\/","https:\/\/www.youtube.com\/channel\/UC6VztHaooNsGpw-tNoBEFnQ"]},{"@type":"Person","@id":"https:\/\/www.caudete.org\/ayuntamiento\/#\/schema\/person\/cc646da9133078ee4d8dd47457947253","name":"alcalde","image":{"@type":"ImageObject","inLanguage":"es","@id":"https:\/\/secure.gravatar.com\/avatar\/84a817ba065b29ff08d666b215a215f5c79186a645ccb25b14a663d48a130f77?s=96&d=mm&r=g","url":"https:\/\/secure.gravatar.com\/avatar\/84a817ba065b29ff08d666b215a215f5c79186a645ccb25b14a663d48a130f77?s=96&d=mm&r=g","contentUrl":"https:\/\/secure.gravatar.com\/avatar\/84a817ba065b29ff08d666b215a215f5c79186a645ccb25b14a663d48a130f77?s=96&d=mm&r=g","caption":"alcalde"},"url":"https:\/\/www.caudete.org\/ayuntamiento\/author\/alcalde\/"}]}},"_links":{"self":[{"href":"https:\/\/www.caudete.org\/ayuntamiento\/wp-json\/wp\/v2\/posts\/14446","targetHints":{"allow":["GET"]}}],"collection":[{"href":"https:\/\/www.caudete.org\/ayuntamiento\/wp-json\/wp\/v2\/posts"}],"about":[{"href":"https:\/\/www.caudete.org\/ayuntamiento\/wp-json\/wp\/v2\/types\/post"}],"author":[{"embeddable":true,"href":"https:\/\/www.caudete.org\/ayuntamiento\/wp-json\/wp\/v2\/users\/3"}],"replies":[{"embeddable":true,"href":"https:\/\/www.caudete.org\/ayuntamiento\/wp-json\/wp\/v2\/comments?post=14446"}],"version-history":[{"count":2,"href":"https:\/\/www.caudete.org\/ayuntamiento\/wp-json\/wp\/v2\/posts\/14446\/revisions"}],"predecessor-version":[{"id":14455,"href":"https:\/\/www.caudete.org\/ayuntamiento\/wp-json\/wp\/v2\/posts\/14446\/revisions\/14455"}],"wp:featuredmedia":[{"embeddable":true,"href":"https:\/\/www.caudete.org\/ayuntamiento\/wp-json\/wp\/v2\/media\/14454"}],"wp:attachment":[{"href":"https:\/\/www.caudete.org\/ayuntamiento\/wp-json\/wp\/v2\/media?parent=14446"}],"wp:term":[{"taxonomy":"category","embeddable":true,"href":"https:\/\/www.caudete.org\/ayuntamiento\/wp-json\/wp\/v2\/categories?post=14446"},{"taxonomy":"post_tag","embeddable":true,"href":"https:\/\/www.caudete.org\/ayuntamiento\/wp-json\/wp\/v2\/tags?post=14446"}],"curies":[{"name":"wp","href":"https:\/\/api.w.org\/{rel}","templated":true}]}}