{"id":14460,"date":"2021-05-20T12:34:13","date_gmt":"2021-05-20T10:34:13","guid":{"rendered":"https:\/\/www.caudete.org\/ayuntamiento\/?p=14460"},"modified":"2021-05-20T12:34:52","modified_gmt":"2021-05-20T10:34:52","slug":"joaquin-pagan-asume-las-delegaciones-de-medio-ambiente-y-medio-rural","status":"publish","type":"post","link":"https:\/\/www.caudete.org\/ayuntamiento\/joaquin-pagan-asume-las-delegaciones-de-medio-ambiente-y-medio-rural\/","title":{"rendered":"Joaqu\u00edn Pag\u00e1n asume las delegaciones de Medio Ambiente y Medio Rural"},"content":{"rendered":"<p style=\"text-align: justify;\">Esta ma\u00f1ana daba a conocer el Alcalde Mois\u00e9s L\u00f3pez que el Concejal Joaqu\u00edn Pag\u00e1n Tom\u00e1s, del Grupo No Adscrito y perteneciente al Equipo de Gobierno, ha asumido las delegaciones de Medio Ambiente y Medio Rural, tras la Resoluci\u00f3n de Alcald\u00eda n\u00ba923 de fecha 13\/05\/2021, \u00e1reas que se suman a las delegadas inicialmente de Servicios, Accesibilidad Universal y Movilidad Urbana.<\/p>\n<p style=\"text-align: justify;\">De esta forma, Pag\u00e1n suma a la delegaci\u00f3n de Servicios las que complementan al Departamento de Medio Ambiente, que lo son las de Medio Ambiente y Medio Rural, y que gestionaba hasta la fecha la Concejal Marian Ballester, quien se mantiene con Obras, Urbanismo y Ciclo Integral del Agua.<\/p>\n<p style=\"text-align: justify;\">Ante estos cambios, ma\u00f1ana viernes a las 11.30 ha convocado el Alcalde a la Comisi\u00f3n Informativa de Asuntos Generales para proponer &#8220;<em>la modificaci\u00f3n del Acuerdo de Pleno de fecha 01\/07\/2019 por el que se establece la designaci\u00f3n de representantes de la Corporaci\u00f3n en \u00d3rganos Colegiados<\/em>&#8221; ya que &#8220;<em>se considera necesario para un mejor funcionamiento y gesti\u00f3n de dichas materias<\/em>&#8221; .<\/p>\n<p style=\"text-align: justify;\">En concreto, la Comisi\u00f3n Dictaminar\u00e1, y posteriormente el Pleno Municipal acordar\u00e1 la propuesta de Alcald\u00eda de delegar la representaci\u00f3n municipal en el <em>Consorcio Provincial de Medio Ambiente<\/em>, y la Presidencia de la <em>Comisi\u00f3n Local de Pastos<\/em> a favor del Edil Pag\u00e1n Tom\u00e1s, quedando como suplente el propio Alcalde.<\/p>\n<p style=\"text-align: justify;\">Con ello, se da continuidad al criterio estipulado por el Alcalde de delegar la Presidencia de las Comisiones Informativas y representaci\u00f3n en \u00f3rganos Colegiados a favor de los Concejales que poseen la delegaci\u00f3n en dicha materia.<\/p>\n<p style=\"text-align: justify;\">La misma Comisi\u00f3n Informativa de ma\u00f1ana abordar\u00e1 otro punto, que es la propuesta de modificaci\u00f3n del Acuerdo de Pleno punto 1\u00ba de 18\/12\/2018, Mesa de Contrataci\u00f3n Permanente correspondiente al \u00d3rgano de Contrataci\u00f3n del Pleno.<\/p>\n<p style=\"text-align: justify;\">Este punto se aborda tras la toma de posesi\u00f3n del nuevo Secretario General del Ayuntamiento D. Pablo Gramage Sempere, quien desde el pasado 19\/04\/2021 sustituye en el cargo a D\u00f1a. Roc\u00edo de Ossorno. Por tanto, es cuesti\u00f3n de tr\u00e1mite proceder a dicha modificaci\u00f3n.<\/p>\n","protected":false},"excerpt":{"rendered":"<p>Esta ma\u00f1ana daba a conocer el Alcalde Mois\u00e9s L\u00f3pez que el Concejal Joaqu\u00edn Pag\u00e1n Tom\u00e1s, del Grupo No Adscrito y perteneciente al Equipo de Gobierno, ha asumido las delegaciones de Medio Ambiente y Medio Rural, tras la Resoluci\u00f3n de Alcald\u00eda n\u00ba923 de fecha 13\/05\/2021, \u00e1reas que se suman a las delegadas inicialmente de Servicios, Accesibilidad &hellip;<\/p>\n","protected":false},"author":3,"featured_media":14461,"comment_status":"closed","ping_status":"open","sticky":false,"template":"","format":"standard","meta":{"ngg_post_thumbnail":0,"footnotes":""},"categories":[20],"tags":[],"class_list":["post-14460","post","type-post","status-publish","format-standard","has-post-thumbnail","hentry","category-ayuntamiento"],"yoast_head":"<!-- This site is optimized with the Yoast SEO plugin v27.5 - https:\/\/yoast.com\/product\/yoast-seo-wordpress\/ -->\n<title>Joaqu\u00edn Pag\u00e1n asume las delegaciones de Medio Ambiente y Medio Rural - MI Ayuntamiento de Caudete<\/title>\n<meta name=\"description\" content=\"P\u00e1gina Oficial del Ayuntamiento de Caudete (Albacete)\" \/>\n<meta name=\"robots\" content=\"index, follow, max-snippet:-1, max-image-preview:large, max-video-preview:-1\" \/>\n<link rel=\"canonical\" href=\"https:\/\/www.caudete.org\/ayuntamiento\/joaquin-pagan-asume-las-delegaciones-de-medio-ambiente-y-medio-rural\/\" \/>\n<meta property=\"og:locale\" content=\"es_ES\" \/>\n<meta property=\"og:type\" content=\"article\" \/>\n<meta property=\"og:title\" content=\"Joaqu\u00edn Pag\u00e1n asume las delegaciones de Medio Ambiente y Medio Rural - MI Ayuntamiento de Caudete\" \/>\n<meta property=\"og:description\" content=\"P\u00e1gina Oficial del Ayuntamiento de Caudete (Albacete)\" \/>\n<meta property=\"og:url\" content=\"https:\/\/www.caudete.org\/ayuntamiento\/joaquin-pagan-asume-las-delegaciones-de-medio-ambiente-y-medio-rural\/\" \/>\n<meta property=\"og:site_name\" content=\"MI Ayuntamiento de Caudete\" \/>\n<meta property=\"article:publisher\" content=\"https:\/\/www.facebook.com\/ayuntamientocaudete\/\" \/>\n<meta property=\"article:published_time\" content=\"2021-05-20T10:34:13+00:00\" \/>\n<meta property=\"article:modified_time\" content=\"2021-05-20T10:34:52+00:00\" \/>\n<meta property=\"og:image\" content=\"https:\/\/www.caudete.org\/ayuntamiento\/wp-content\/uploads\/2021\/05\/IMG_0022-scaled.jpg\" \/>\n\t<meta property=\"og:image:width\" content=\"2560\" \/>\n\t<meta property=\"og:image:height\" content=\"1707\" \/>\n\t<meta property=\"og:image:type\" content=\"image\/jpeg\" \/>\n<meta name=\"author\" content=\"alcalde\" \/>\n<meta name=\"twitter:card\" content=\"summary_large_image\" \/>\n<meta name=\"twitter:label1\" content=\"Escrito por\" \/>\n\t<meta name=\"twitter:data1\" content=\"alcalde\" \/>\n\t<meta name=\"twitter:label2\" content=\"Tiempo de lectura\" \/>\n\t<meta name=\"twitter:data2\" content=\"2 minutos\" \/>\n<script type=\"application\/ld+json\" class=\"yoast-schema-graph\">{\"@context\":\"https:\\\/\\\/schema.org\",\"@graph\":[{\"@type\":\"Article\",\"@id\":\"https:\\\/\\\/www.caudete.org\\\/ayuntamiento\\\/joaquin-pagan-asume-las-delegaciones-de-medio-ambiente-y-medio-rural\\\/#article\",\"isPartOf\":{\"@id\":\"https:\\\/\\\/www.caudete.org\\\/ayuntamiento\\\/joaquin-pagan-asume-las-delegaciones-de-medio-ambiente-y-medio-rural\\\/\"},\"author\":{\"name\":\"alcalde\",\"@id\":\"https:\\\/\\\/www.caudete.org\\\/ayuntamiento\\\/#\\\/schema\\\/person\\\/cc646da9133078ee4d8dd47457947253\"},\"headline\":\"Joaqu\u00edn Pag\u00e1n asume las delegaciones de Medio Ambiente y Medio Rural\",\"datePublished\":\"2021-05-20T10:34:13+00:00\",\"dateModified\":\"2021-05-20T10:34:52+00:00\",\"mainEntityOfPage\":{\"@id\":\"https:\\\/\\\/www.caudete.org\\\/ayuntamiento\\\/joaquin-pagan-asume-las-delegaciones-de-medio-ambiente-y-medio-rural\\\/\"},\"wordCount\":370,\"image\":{\"@id\":\"https:\\\/\\\/www.caudete.org\\\/ayuntamiento\\\/joaquin-pagan-asume-las-delegaciones-de-medio-ambiente-y-medio-rural\\\/#primaryimage\"},\"thumbnailUrl\":\"https:\\\/\\\/www.caudete.org\\\/ayuntamiento\\\/wp-content\\\/uploads\\\/2021\\\/05\\\/IMG_0022-scaled.jpg\",\"articleSection\":[\"Ayuntamiento\"],\"inLanguage\":\"es\"},{\"@type\":\"WebPage\",\"@id\":\"https:\\\/\\\/www.caudete.org\\\/ayuntamiento\\\/joaquin-pagan-asume-las-delegaciones-de-medio-ambiente-y-medio-rural\\\/\",\"url\":\"https:\\\/\\\/www.caudete.org\\\/ayuntamiento\\\/joaquin-pagan-asume-las-delegaciones-de-medio-ambiente-y-medio-rural\\\/\",\"name\":\"Joaqu\u00edn Pag\u00e1n asume las delegaciones de Medio Ambiente y Medio Rural - MI Ayuntamiento de Caudete\",\"isPartOf\":{\"@id\":\"https:\\\/\\\/www.caudete.org\\\/ayuntamiento\\\/#website\"},\"primaryImageOfPage\":{\"@id\":\"https:\\\/\\\/www.caudete.org\\\/ayuntamiento\\\/joaquin-pagan-asume-las-delegaciones-de-medio-ambiente-y-medio-rural\\\/#primaryimage\"},\"image\":{\"@id\":\"https:\\\/\\\/www.caudete.org\\\/ayuntamiento\\\/joaquin-pagan-asume-las-delegaciones-de-medio-ambiente-y-medio-rural\\\/#primaryimage\"},\"thumbnailUrl\":\"https:\\\/\\\/www.caudete.org\\\/ayuntamiento\\\/wp-content\\\/uploads\\\/2021\\\/05\\\/IMG_0022-scaled.jpg\",\"datePublished\":\"2021-05-20T10:34:13+00:00\",\"dateModified\":\"2021-05-20T10:34:52+00:00\",\"author\":{\"@id\":\"https:\\\/\\\/www.caudete.org\\\/ayuntamiento\\\/#\\\/schema\\\/person\\\/cc646da9133078ee4d8dd47457947253\"},\"description\":\"P\u00e1gina Oficial del Ayuntamiento de Caudete (Albacete)\",\"breadcrumb\":{\"@id\":\"https:\\\/\\\/www.caudete.org\\\/ayuntamiento\\\/joaquin-pagan-asume-las-delegaciones-de-medio-ambiente-y-medio-rural\\\/#breadcrumb\"},\"inLanguage\":\"es\",\"potentialAction\":[{\"@type\":\"ReadAction\",\"target\":[\"https:\\\/\\\/www.caudete.org\\\/ayuntamiento\\\/joaquin-pagan-asume-las-delegaciones-de-medio-ambiente-y-medio-rural\\\/\"]}]},{\"@type\":\"ImageObject\",\"inLanguage\":\"es\",\"@id\":\"https:\\\/\\\/www.caudete.org\\\/ayuntamiento\\\/joaquin-pagan-asume-las-delegaciones-de-medio-ambiente-y-medio-rural\\\/#primaryimage\",\"url\":\"https:\\\/\\\/www.caudete.org\\\/ayuntamiento\\\/wp-content\\\/uploads\\\/2021\\\/05\\\/IMG_0022-scaled.jpg\",\"contentUrl\":\"https:\\\/\\\/www.caudete.org\\\/ayuntamiento\\\/wp-content\\\/uploads\\\/2021\\\/05\\\/IMG_0022-scaled.jpg\",\"width\":2560,\"height\":1707},{\"@type\":\"BreadcrumbList\",\"@id\":\"https:\\\/\\\/www.caudete.org\\\/ayuntamiento\\\/joaquin-pagan-asume-las-delegaciones-de-medio-ambiente-y-medio-rural\\\/#breadcrumb\",\"itemListElement\":[{\"@type\":\"ListItem\",\"position\":1,\"name\":\"Inicio\",\"item\":\"https:\\\/\\\/www.caudete.org\\\/ayuntamiento\\\/\"},{\"@type\":\"ListItem\",\"position\":2,\"name\":\"Joaqu\u00edn Pag\u00e1n asume las delegaciones de Medio Ambiente y Medio Rural\"}]},{\"@type\":\"WebSite\",\"@id\":\"https:\\\/\\\/www.caudete.org\\\/ayuntamiento\\\/#website\",\"url\":\"https:\\\/\\\/www.caudete.org\\\/ayuntamiento\\\/\",\"name\":\"MI Ayuntamiento de Caudete\",\"description\":\"P\u00e1gina Oficial del MI Ayuntamiento de Caudete\",\"potentialAction\":[{\"@type\":\"SearchAction\",\"target\":{\"@type\":\"EntryPoint\",\"urlTemplate\":\"https:\\\/\\\/www.caudete.org\\\/ayuntamiento\\\/?s={search_term_string}\"},\"query-input\":{\"@type\":\"PropertyValueSpecification\",\"valueRequired\":true,\"valueName\":\"search_term_string\"}}],\"inLanguage\":\"es\"},{\"@type\":\"Person\",\"@id\":\"https:\\\/\\\/www.caudete.org\\\/ayuntamiento\\\/#\\\/schema\\\/person\\\/cc646da9133078ee4d8dd47457947253\",\"name\":\"alcalde\",\"image\":{\"@type\":\"ImageObject\",\"inLanguage\":\"es\",\"@id\":\"https:\\\/\\\/secure.gravatar.com\\\/avatar\\\/84a817ba065b29ff08d666b215a215f5c79186a645ccb25b14a663d48a130f77?s=96&d=mm&r=g\",\"url\":\"https:\\\/\\\/secure.gravatar.com\\\/avatar\\\/84a817ba065b29ff08d666b215a215f5c79186a645ccb25b14a663d48a130f77?s=96&d=mm&r=g\",\"contentUrl\":\"https:\\\/\\\/secure.gravatar.com\\\/avatar\\\/84a817ba065b29ff08d666b215a215f5c79186a645ccb25b14a663d48a130f77?s=96&d=mm&r=g\",\"caption\":\"alcalde\"},\"url\":\"https:\\\/\\\/www.caudete.org\\\/ayuntamiento\\\/author\\\/alcalde\\\/\"}]}<\/script>\n<!-- \/ Yoast SEO plugin. -->","yoast_head_json":{"title":"Joaqu\u00edn Pag\u00e1n asume las delegaciones de Medio Ambiente y Medio Rural - MI Ayuntamiento de Caudete","description":"P\u00e1gina Oficial del Ayuntamiento de Caudete (Albacete)","robots":{"index":"index","follow":"follow","max-snippet":"max-snippet:-1","max-image-preview":"max-image-preview:large","max-video-preview":"max-video-preview:-1"},"canonical":"https:\/\/www.caudete.org\/ayuntamiento\/joaquin-pagan-asume-las-delegaciones-de-medio-ambiente-y-medio-rural\/","og_locale":"es_ES","og_type":"article","og_title":"Joaqu\u00edn Pag\u00e1n asume las delegaciones de Medio Ambiente y Medio Rural - MI Ayuntamiento de Caudete","og_description":"P\u00e1gina Oficial del Ayuntamiento de Caudete (Albacete)","og_url":"https:\/\/www.caudete.org\/ayuntamiento\/joaquin-pagan-asume-las-delegaciones-de-medio-ambiente-y-medio-rural\/","og_site_name":"MI Ayuntamiento de Caudete","article_publisher":"https:\/\/www.facebook.com\/ayuntamientocaudete\/","article_published_time":"2021-05-20T10:34:13+00:00","article_modified_time":"2021-05-20T10:34:52+00:00","og_image":[{"width":2560,"height":1707,"url":"https:\/\/www.caudete.org\/ayuntamiento\/wp-content\/uploads\/2021\/05\/IMG_0022-scaled.jpg","type":"image\/jpeg"}],"author":"alcalde","twitter_card":"summary_large_image","twitter_misc":{"Escrito por":"alcalde","Tiempo de lectura":"2 minutos"},"schema":{"@context":"https:\/\/schema.org","@graph":[{"@type":"Article","@id":"https:\/\/www.caudete.org\/ayuntamiento\/joaquin-pagan-asume-las-delegaciones-de-medio-ambiente-y-medio-rural\/#article","isPartOf":{"@id":"https:\/\/www.caudete.org\/ayuntamiento\/joaquin-pagan-asume-las-delegaciones-de-medio-ambiente-y-medio-rural\/"},"author":{"name":"alcalde","@id":"https:\/\/www.caudete.org\/ayuntamiento\/#\/schema\/person\/cc646da9133078ee4d8dd47457947253"},"headline":"Joaqu\u00edn Pag\u00e1n asume las delegaciones de Medio Ambiente y Medio Rural","datePublished":"2021-05-20T10:34:13+00:00","dateModified":"2021-05-20T10:34:52+00:00","mainEntityOfPage":{"@id":"https:\/\/www.caudete.org\/ayuntamiento\/joaquin-pagan-asume-las-delegaciones-de-medio-ambiente-y-medio-rural\/"},"wordCount":370,"image":{"@id":"https:\/\/www.caudete.org\/ayuntamiento\/joaquin-pagan-asume-las-delegaciones-de-medio-ambiente-y-medio-rural\/#primaryimage"},"thumbnailUrl":"https:\/\/www.caudete.org\/ayuntamiento\/wp-content\/uploads\/2021\/05\/IMG_0022-scaled.jpg","articleSection":["Ayuntamiento"],"inLanguage":"es"},{"@type":"WebPage","@id":"https:\/\/www.caudete.org\/ayuntamiento\/joaquin-pagan-asume-las-delegaciones-de-medio-ambiente-y-medio-rural\/","url":"https:\/\/www.caudete.org\/ayuntamiento\/joaquin-pagan-asume-las-delegaciones-de-medio-ambiente-y-medio-rural\/","name":"Joaqu\u00edn Pag\u00e1n asume las delegaciones de Medio Ambiente y Medio Rural - MI Ayuntamiento de Caudete","isPartOf":{"@id":"https:\/\/www.caudete.org\/ayuntamiento\/#website"},"primaryImageOfPage":{"@id":"https:\/\/www.caudete.org\/ayuntamiento\/joaquin-pagan-asume-las-delegaciones-de-medio-ambiente-y-medio-rural\/#primaryimage"},"image":{"@id":"https:\/\/www.caudete.org\/ayuntamiento\/joaquin-pagan-asume-las-delegaciones-de-medio-ambiente-y-medio-rural\/#primaryimage"},"thumbnailUrl":"https:\/\/www.caudete.org\/ayuntamiento\/wp-content\/uploads\/2021\/05\/IMG_0022-scaled.jpg","datePublished":"2021-05-20T10:34:13+00:00","dateModified":"2021-05-20T10:34:52+00:00","author":{"@id":"https:\/\/www.caudete.org\/ayuntamiento\/#\/schema\/person\/cc646da9133078ee4d8dd47457947253"},"description":"P\u00e1gina Oficial del Ayuntamiento de Caudete (Albacete)","breadcrumb":{"@id":"https:\/\/www.caudete.org\/ayuntamiento\/joaquin-pagan-asume-las-delegaciones-de-medio-ambiente-y-medio-rural\/#breadcrumb"},"inLanguage":"es","potentialAction":[{"@type":"ReadAction","target":["https:\/\/www.caudete.org\/ayuntamiento\/joaquin-pagan-asume-las-delegaciones-de-medio-ambiente-y-medio-rural\/"]}]},{"@type":"ImageObject","inLanguage":"es","@id":"https:\/\/www.caudete.org\/ayuntamiento\/joaquin-pagan-asume-las-delegaciones-de-medio-ambiente-y-medio-rural\/#primaryimage","url":"https:\/\/www.caudete.org\/ayuntamiento\/wp-content\/uploads\/2021\/05\/IMG_0022-scaled.jpg","contentUrl":"https:\/\/www.caudete.org\/ayuntamiento\/wp-content\/uploads\/2021\/05\/IMG_0022-scaled.jpg","width":2560,"height":1707},{"@type":"BreadcrumbList","@id":"https:\/\/www.caudete.org\/ayuntamiento\/joaquin-pagan-asume-las-delegaciones-de-medio-ambiente-y-medio-rural\/#breadcrumb","itemListElement":[{"@type":"ListItem","position":1,"name":"Inicio","item":"https:\/\/www.caudete.org\/ayuntamiento\/"},{"@type":"ListItem","position":2,"name":"Joaqu\u00edn Pag\u00e1n asume las delegaciones de Medio Ambiente y Medio Rural"}]},{"@type":"WebSite","@id":"https:\/\/www.caudete.org\/ayuntamiento\/#website","url":"https:\/\/www.caudete.org\/ayuntamiento\/","name":"MI Ayuntamiento de Caudete","description":"P\u00e1gina Oficial del MI Ayuntamiento de Caudete","potentialAction":[{"@type":"SearchAction","target":{"@type":"EntryPoint","urlTemplate":"https:\/\/www.caudete.org\/ayuntamiento\/?s={search_term_string}"},"query-input":{"@type":"PropertyValueSpecification","valueRequired":true,"valueName":"search_term_string"}}],"inLanguage":"es"},{"@type":"Person","@id":"https:\/\/www.caudete.org\/ayuntamiento\/#\/schema\/person\/cc646da9133078ee4d8dd47457947253","name":"alcalde","image":{"@type":"ImageObject","inLanguage":"es","@id":"https:\/\/secure.gravatar.com\/avatar\/84a817ba065b29ff08d666b215a215f5c79186a645ccb25b14a663d48a130f77?s=96&d=mm&r=g","url":"https:\/\/secure.gravatar.com\/avatar\/84a817ba065b29ff08d666b215a215f5c79186a645ccb25b14a663d48a130f77?s=96&d=mm&r=g","contentUrl":"https:\/\/secure.gravatar.com\/avatar\/84a817ba065b29ff08d666b215a215f5c79186a645ccb25b14a663d48a130f77?s=96&d=mm&r=g","caption":"alcalde"},"url":"https:\/\/www.caudete.org\/ayuntamiento\/author\/alcalde\/"}]}},"_links":{"self":[{"href":"https:\/\/www.caudete.org\/ayuntamiento\/wp-json\/wp\/v2\/posts\/14460","targetHints":{"allow":["GET"]}}],"collection":[{"href":"https:\/\/www.caudete.org\/ayuntamiento\/wp-json\/wp\/v2\/posts"}],"about":[{"href":"https:\/\/www.caudete.org\/ayuntamiento\/wp-json\/wp\/v2\/types\/post"}],"author":[{"embeddable":true,"href":"https:\/\/www.caudete.org\/ayuntamiento\/wp-json\/wp\/v2\/users\/3"}],"replies":[{"embeddable":true,"href":"https:\/\/www.caudete.org\/ayuntamiento\/wp-json\/wp\/v2\/comments?post=14460"}],"version-history":[{"count":1,"href":"https:\/\/www.caudete.org\/ayuntamiento\/wp-json\/wp\/v2\/posts\/14460\/revisions"}],"predecessor-version":[{"id":14462,"href":"https:\/\/www.caudete.org\/ayuntamiento\/wp-json\/wp\/v2\/posts\/14460\/revisions\/14462"}],"wp:featuredmedia":[{"embeddable":true,"href":"https:\/\/www.caudete.org\/ayuntamiento\/wp-json\/wp\/v2\/media\/14461"}],"wp:attachment":[{"href":"https:\/\/www.caudete.org\/ayuntamiento\/wp-json\/wp\/v2\/media?parent=14460"}],"wp:term":[{"taxonomy":"category","embeddable":true,"href":"https:\/\/www.caudete.org\/ayuntamiento\/wp-json\/wp\/v2\/categories?post=14460"},{"taxonomy":"post_tag","embeddable":true,"href":"https:\/\/www.caudete.org\/ayuntamiento\/wp-json\/wp\/v2\/tags?post=14460"}],"curies":[{"name":"wp","href":"https:\/\/api.w.org\/{rel}","templated":true}]}}