{"id":14508,"date":"2021-05-21T17:58:18","date_gmt":"2021-05-21T15:58:18","guid":{"rendered":"https:\/\/www.caudete.org\/ayuntamiento\/?p=14508"},"modified":"2021-05-21T17:59:28","modified_gmt":"2021-05-21T15:59:28","slug":"el-circuito-de-rutas-deportivas-albacete-organizado-por-la-diputacion-transcurrira-por-caudete-esta-quincena","status":"publish","type":"post","link":"https:\/\/www.caudete.org\/ayuntamiento\/el-circuito-de-rutas-deportivas-albacete-organizado-por-la-diputacion-transcurrira-por-caudete-esta-quincena\/","title":{"rendered":"El Circuito de Rutas Deportivas organizado por la Diputaci\u00f3n transcurrir\u00e1 por Caudete esta quincena"},"content":{"rendered":"<p>El Circuito de Rutas Deportivas Albacete organizado por la Diputaci\u00f3n Provincial de Albacete tiene nuevos trazados para esta segunda quincena del mes de mayo, transcurriendo una de las rutas de BTT por los parajes naturales de Caudete. La propuesta tra\u00edda a nuestro municipio es un recorrido de 55 kil\u00f3metros catalogado como \u2018Monta\u00f1a\u2019, con salida desde la Ciudad Deportiva Antonio Amor\u00f3s.<\/p>\n<p>La prueba se divide en tres segmentos bien diferenciados donde en cada uno de ellos existen unas balizas digitales a trav\u00e9s de la plataforma Strava de manera que cada uno de los participantes puede registrar sus respectivos tiempos. El primer sector transcurre por la Sierra Santa B\u00e1rbara, el segundo segmento por el paraje de \u2018Las Lomas\u2019 y el tercero por \u2018La Toconera\u2019.<\/p>\n<p><strong>Descripci\u00f3n del circuito <\/strong><\/p>\n<p>Ruta dise\u00f1ada para bicicleta todoterreno con salida desde la ciudad deportiva \u201cAntonio Amor\u00f3s\u201d (Caudete) en direcci\u00f3n a la \u201cSierra Santa B\u00e1rbara\u201d. Discurre en sus primeros kil\u00f3metros por el camino de La Encina hasta la cantera, donde giraremos hacia la izquierda para tomar direcci\u00f3n al parque e\u00f3lico. Sobre el Km. 22 ya empezaremos con las primeras subidas duras por un camino roto en forma de dientes de sierra que nos llevar\u00e1 al primer segmento Strava \u201cSANTA B\u00c1RBARA\u201d (Km. 22,100 al 24,200), segmento en subida por la pista forestal de los molinos e\u00f3licos.<\/p>\n<p>Encumbraremos la sierra en el Km. 24 del recorrido, con la mayor parte del acumulado hecho. Bajaremos de nuevo en direcci\u00f3n a Caudete para realizar el primer bucle, con 39 Kms. y un terreno m\u00e1s favorable a la marcha, para rodar hacia \u201cLas Lomas\u201d, donde tendremos el segundo segmento, Strava \u201cLAS LOMAS\u201d (Km. 41,300 al 43,200), segmento en subida por camino roto de regueros y piedras. Bajando de \u201cLas Lomas\u201d, tomaremos direcci\u00f3n al paraje de \u201cLa Toconera\u201d, cruzando por sendas y ramblas hasta llegar al tercer segmento, Strava \u201cLA TOCONERA\u201d (Km. 52 al 53,500). Se trata de un camino\/senda roto y t\u00e9cnico en subida, hasta llegar a \u201cLa Toconera\u201d, donde haremos paso en el Km. 54.<\/p>\n<p>Volveremos a Caudete por el camino ancho de \u201cLa Toconera\u201d, ya en bajada, para completar la ruta con algo m\u00e1s de 55 Kms. y un acumulado que rondar\u00e1 los 1.000 m.<\/p>\n<p><a href=\"https:\/\/www.caudete.org\/ayuntamiento\/wp-content\/uploads\/2021\/05\/DOSSIER-TOUR-RUTAS-DEPORTIVAS-2a-MAYO.pdf\" class=\"mtli_attachment mtli_pdf\"><strong>DOSSIER TOUR RUTAS DEPORTIVAS ALBACETE<\/strong><\/a><\/p>\n<p><a href=\"https:\/\/www.caudete.org\/ayuntamiento\/wp-content\/uploads\/2021\/05\/DOSSIER-TOUR-RUTAS-DEPORTIVAS-2a-MAYO_001-scaled.jpg\" rel='prettyPhoto'><img fetchpriority=\"high\" decoding=\"async\" class=\"aligncenter wp-image-14503 size-medium\" src=\"https:\/\/www.caudete.org\/ayuntamiento\/wp-content\/uploads\/2021\/05\/DOSSIER-TOUR-RUTAS-DEPORTIVAS-2a-MAYO_001-300x212.jpg\" alt=\"\" width=\"300\" height=\"212\" srcset=\"https:\/\/www.caudete.org\/ayuntamiento\/wp-content\/uploads\/2021\/05\/DOSSIER-TOUR-RUTAS-DEPORTIVAS-2a-MAYO_001-300x212.jpg 300w, https:\/\/www.caudete.org\/ayuntamiento\/wp-content\/uploads\/2021\/05\/DOSSIER-TOUR-RUTAS-DEPORTIVAS-2a-MAYO_001-1024x723.jpg 1024w, https:\/\/www.caudete.org\/ayuntamiento\/wp-content\/uploads\/2021\/05\/DOSSIER-TOUR-RUTAS-DEPORTIVAS-2a-MAYO_001-768x542.jpg 768w, https:\/\/www.caudete.org\/ayuntamiento\/wp-content\/uploads\/2021\/05\/DOSSIER-TOUR-RUTAS-DEPORTIVAS-2a-MAYO_001-1536x1084.jpg 1536w, https:\/\/www.caudete.org\/ayuntamiento\/wp-content\/uploads\/2021\/05\/DOSSIER-TOUR-RUTAS-DEPORTIVAS-2a-MAYO_001-2048x1446.jpg 2048w\" sizes=\"(max-width: 300px) 100vw, 300px\" \/><\/a><\/p>\n","protected":false},"excerpt":{"rendered":"<p>El Circuito de Rutas Deportivas Albacete organizado por la Diputaci\u00f3n Provincial de Albacete tiene nuevos trazados para esta segunda quincena del mes de mayo, transcurriendo una de las rutas de BTT por los parajes naturales de Caudete. La propuesta tra\u00edda a nuestro municipio es un recorrido de 55 kil\u00f3metros catalogado como \u2018Monta\u00f1a\u2019, con salida desde &hellip;<\/p>\n","protected":false},"author":2,"featured_media":14506,"comment_status":"closed","ping_status":"open","sticky":false,"template":"","format":"standard","meta":{"ngg_post_thumbnail":0,"footnotes":""},"categories":[23],"tags":[643,450,642],"class_list":["post-14508","post","type-post","status-publish","format-standard","has-post-thumbnail","hentry","category-deportes","tag-bicicleta-todoterreno","tag-diputacion-de-albacete","tag-rutas-deportivas-albacete"],"yoast_head":"<!-- This site is optimized with the Yoast SEO plugin v27.5 - https:\/\/yoast.com\/product\/yoast-seo-wordpress\/ -->\n<title>El Circuito de Rutas Deportivas organizado por la Diputaci\u00f3n transcurrir\u00e1 por Caudete esta quincena - MI Ayuntamiento de Caudete<\/title>\n<meta name=\"description\" content=\"P\u00e1gina Oficial del Ayuntamiento de Caudete (Albacete)\" \/>\n<meta name=\"robots\" content=\"index, follow, max-snippet:-1, max-image-preview:large, max-video-preview:-1\" \/>\n<link rel=\"canonical\" href=\"https:\/\/www.caudete.org\/ayuntamiento\/el-circuito-de-rutas-deportivas-albacete-organizado-por-la-diputacion-transcurrira-por-caudete-esta-quincena\/\" \/>\n<meta property=\"og:locale\" content=\"es_ES\" \/>\n<meta property=\"og:type\" content=\"article\" \/>\n<meta property=\"og:title\" content=\"El Circuito de Rutas Deportivas organizado por la Diputaci\u00f3n transcurrir\u00e1 por Caudete esta quincena - MI Ayuntamiento de Caudete\" \/>\n<meta property=\"og:description\" content=\"P\u00e1gina Oficial del Ayuntamiento de Caudete (Albacete)\" \/>\n<meta property=\"og:url\" content=\"https:\/\/www.caudete.org\/ayuntamiento\/el-circuito-de-rutas-deportivas-albacete-organizado-por-la-diputacion-transcurrira-por-caudete-esta-quincena\/\" \/>\n<meta property=\"og:site_name\" content=\"MI Ayuntamiento de Caudete\" \/>\n<meta property=\"article:publisher\" content=\"https:\/\/www.facebook.com\/ayuntamientocaudete\/\" \/>\n<meta property=\"article:published_time\" content=\"2021-05-21T15:58:18+00:00\" \/>\n<meta property=\"article:modified_time\" content=\"2021-05-21T15:59:28+00:00\" \/>\n<meta property=\"og:image\" content=\"https:\/\/www.caudete.org\/ayuntamiento\/wp-content\/uploads\/2021\/05\/BTT-Web.jpg\" \/>\n\t<meta property=\"og:image:width\" content=\"864\" \/>\n\t<meta property=\"og:image:height\" content=\"380\" \/>\n\t<meta property=\"og:image:type\" content=\"image\/jpeg\" \/>\n<meta name=\"author\" content=\"Juan\" \/>\n<meta name=\"twitter:card\" content=\"summary_large_image\" \/>\n<meta name=\"twitter:label1\" content=\"Escrito por\" \/>\n\t<meta name=\"twitter:data1\" content=\"Juan\" \/>\n\t<meta name=\"twitter:label2\" content=\"Tiempo de lectura\" \/>\n\t<meta name=\"twitter:data2\" content=\"2 minutos\" \/>\n<script type=\"application\/ld+json\" class=\"yoast-schema-graph\">{\"@context\":\"https:\\\/\\\/schema.org\",\"@graph\":[{\"@type\":\"Article\",\"@id\":\"https:\\\/\\\/www.caudete.org\\\/ayuntamiento\\\/el-circuito-de-rutas-deportivas-albacete-organizado-por-la-diputacion-transcurrira-por-caudete-esta-quincena\\\/#article\",\"isPartOf\":{\"@id\":\"https:\\\/\\\/www.caudete.org\\\/ayuntamiento\\\/el-circuito-de-rutas-deportivas-albacete-organizado-por-la-diputacion-transcurrira-por-caudete-esta-quincena\\\/\"},\"author\":{\"name\":\"Juan\",\"@id\":\"https:\\\/\\\/www.caudete.org\\\/ayuntamiento\\\/#\\\/schema\\\/person\\\/7656a5bb58fca95b9814e940de0fda63\"},\"headline\":\"El Circuito de Rutas Deportivas organizado por la Diputaci\u00f3n transcurrir\u00e1 por Caudete esta quincena\",\"datePublished\":\"2021-05-21T15:58:18+00:00\",\"dateModified\":\"2021-05-21T15:59:28+00:00\",\"mainEntityOfPage\":{\"@id\":\"https:\\\/\\\/www.caudete.org\\\/ayuntamiento\\\/el-circuito-de-rutas-deportivas-albacete-organizado-por-la-diputacion-transcurrira-por-caudete-esta-quincena\\\/\"},\"wordCount\":393,\"publisher\":{\"@id\":\"https:\\\/\\\/www.caudete.org\\\/ayuntamiento\\\/#organization\"},\"image\":{\"@id\":\"https:\\\/\\\/www.caudete.org\\\/ayuntamiento\\\/el-circuito-de-rutas-deportivas-albacete-organizado-por-la-diputacion-transcurrira-por-caudete-esta-quincena\\\/#primaryimage\"},\"thumbnailUrl\":\"https:\\\/\\\/www.caudete.org\\\/ayuntamiento\\\/wp-content\\\/uploads\\\/2021\\\/05\\\/BTT-Web.jpg\",\"keywords\":[\"Bicicleta todoterreno\",\"Diputaci\u00f3n de Albacete\",\"Rutas Deportivas Albacete\"],\"articleSection\":[\"Deportes\"],\"inLanguage\":\"es\"},{\"@type\":\"WebPage\",\"@id\":\"https:\\\/\\\/www.caudete.org\\\/ayuntamiento\\\/el-circuito-de-rutas-deportivas-albacete-organizado-por-la-diputacion-transcurrira-por-caudete-esta-quincena\\\/\",\"url\":\"https:\\\/\\\/www.caudete.org\\\/ayuntamiento\\\/el-circuito-de-rutas-deportivas-albacete-organizado-por-la-diputacion-transcurrira-por-caudete-esta-quincena\\\/\",\"name\":\"El Circuito de Rutas Deportivas organizado por la Diputaci\u00f3n transcurrir\u00e1 por Caudete esta quincena - MI Ayuntamiento de Caudete\",\"isPartOf\":{\"@id\":\"https:\\\/\\\/www.caudete.org\\\/ayuntamiento\\\/#website\"},\"primaryImageOfPage\":{\"@id\":\"https:\\\/\\\/www.caudete.org\\\/ayuntamiento\\\/el-circuito-de-rutas-deportivas-albacete-organizado-por-la-diputacion-transcurrira-por-caudete-esta-quincena\\\/#primaryimage\"},\"image\":{\"@id\":\"https:\\\/\\\/www.caudete.org\\\/ayuntamiento\\\/el-circuito-de-rutas-deportivas-albacete-organizado-por-la-diputacion-transcurrira-por-caudete-esta-quincena\\\/#primaryimage\"},\"thumbnailUrl\":\"https:\\\/\\\/www.caudete.org\\\/ayuntamiento\\\/wp-content\\\/uploads\\\/2021\\\/05\\\/BTT-Web.jpg\",\"datePublished\":\"2021-05-21T15:58:18+00:00\",\"dateModified\":\"2021-05-21T15:59:28+00:00\",\"description\":\"P\u00e1gina Oficial del Ayuntamiento de Caudete (Albacete)\",\"breadcrumb\":{\"@id\":\"https:\\\/\\\/www.caudete.org\\\/ayuntamiento\\\/el-circuito-de-rutas-deportivas-albacete-organizado-por-la-diputacion-transcurrira-por-caudete-esta-quincena\\\/#breadcrumb\"},\"inLanguage\":\"es\",\"potentialAction\":[{\"@type\":\"ReadAction\",\"target\":[\"https:\\\/\\\/www.caudete.org\\\/ayuntamiento\\\/el-circuito-de-rutas-deportivas-albacete-organizado-por-la-diputacion-transcurrira-por-caudete-esta-quincena\\\/\"]}]},{\"@type\":\"ImageObject\",\"inLanguage\":\"es\",\"@id\":\"https:\\\/\\\/www.caudete.org\\\/ayuntamiento\\\/el-circuito-de-rutas-deportivas-albacete-organizado-por-la-diputacion-transcurrira-por-caudete-esta-quincena\\\/#primaryimage\",\"url\":\"https:\\\/\\\/www.caudete.org\\\/ayuntamiento\\\/wp-content\\\/uploads\\\/2021\\\/05\\\/BTT-Web.jpg\",\"contentUrl\":\"https:\\\/\\\/www.caudete.org\\\/ayuntamiento\\\/wp-content\\\/uploads\\\/2021\\\/05\\\/BTT-Web.jpg\",\"width\":864,\"height\":380},{\"@type\":\"BreadcrumbList\",\"@id\":\"https:\\\/\\\/www.caudete.org\\\/ayuntamiento\\\/el-circuito-de-rutas-deportivas-albacete-organizado-por-la-diputacion-transcurrira-por-caudete-esta-quincena\\\/#breadcrumb\",\"itemListElement\":[{\"@type\":\"ListItem\",\"position\":1,\"name\":\"Inicio\",\"item\":\"https:\\\/\\\/www.caudete.org\\\/ayuntamiento\\\/\"},{\"@type\":\"ListItem\",\"position\":2,\"name\":\"El Circuito de Rutas Deportivas organizado por la Diputaci\u00f3n transcurrir\u00e1 por Caudete esta quincena\"}]},{\"@type\":\"WebSite\",\"@id\":\"https:\\\/\\\/www.caudete.org\\\/ayuntamiento\\\/#website\",\"url\":\"https:\\\/\\\/www.caudete.org\\\/ayuntamiento\\\/\",\"name\":\"MI Ayuntamiento de Caudete\",\"description\":\"P\u00e1gina Oficial del MI Ayuntamiento de Caudete\",\"publisher\":{\"@id\":\"https:\\\/\\\/www.caudete.org\\\/ayuntamiento\\\/#organization\"},\"potentialAction\":[{\"@type\":\"SearchAction\",\"target\":{\"@type\":\"EntryPoint\",\"urlTemplate\":\"https:\\\/\\\/www.caudete.org\\\/ayuntamiento\\\/?s={search_term_string}\"},\"query-input\":{\"@type\":\"PropertyValueSpecification\",\"valueRequired\":true,\"valueName\":\"search_term_string\"}}],\"inLanguage\":\"es\"},{\"@type\":\"Organization\",\"@id\":\"https:\\\/\\\/www.caudete.org\\\/ayuntamiento\\\/#organization\",\"name\":\"Ayuntamiento de Caudete\",\"url\":\"https:\\\/\\\/www.caudete.org\\\/ayuntamiento\\\/\",\"logo\":{\"@type\":\"ImageObject\",\"inLanguage\":\"es\",\"@id\":\"https:\\\/\\\/www.caudete.org\\\/ayuntamiento\\\/#\\\/schema\\\/logo\\\/image\\\/\",\"url\":\"https:\\\/\\\/www.caudete.org\\\/ayuntamiento\\\/wp-content\\\/uploads\\\/2020\\\/11\\\/logo_ayuntamiento_caudete.jpg\",\"contentUrl\":\"https:\\\/\\\/www.caudete.org\\\/ayuntamiento\\\/wp-content\\\/uploads\\\/2020\\\/11\\\/logo_ayuntamiento_caudete.jpg\",\"width\":600,\"height\":150,\"caption\":\"Ayuntamiento de Caudete\"},\"image\":{\"@id\":\"https:\\\/\\\/www.caudete.org\\\/ayuntamiento\\\/#\\\/schema\\\/logo\\\/image\\\/\"},\"sameAs\":[\"https:\\\/\\\/www.facebook.com\\\/ayuntamientocaudete\\\/\",\"https:\\\/\\\/www.youtube.com\\\/channel\\\/UC6VztHaooNsGpw-tNoBEFnQ\"]},{\"@type\":\"Person\",\"@id\":\"https:\\\/\\\/www.caudete.org\\\/ayuntamiento\\\/#\\\/schema\\\/person\\\/7656a5bb58fca95b9814e940de0fda63\",\"name\":\"Juan\",\"image\":{\"@type\":\"ImageObject\",\"inLanguage\":\"es\",\"@id\":\"https:\\\/\\\/secure.gravatar.com\\\/avatar\\\/dd53e51c0cd6ab23f52d4f3e4f1c59730240727763de3dbbf26750b079a2c292?s=96&d=mm&r=g\",\"url\":\"https:\\\/\\\/secure.gravatar.com\\\/avatar\\\/dd53e51c0cd6ab23f52d4f3e4f1c59730240727763de3dbbf26750b079a2c292?s=96&d=mm&r=g\",\"contentUrl\":\"https:\\\/\\\/secure.gravatar.com\\\/avatar\\\/dd53e51c0cd6ab23f52d4f3e4f1c59730240727763de3dbbf26750b079a2c292?s=96&d=mm&r=g\",\"caption\":\"Juan\"},\"url\":\"https:\\\/\\\/www.caudete.org\\\/ayuntamiento\\\/author\\\/centrodeinternet\\\/\"}]}<\/script>\n<!-- \/ Yoast SEO plugin. -->","yoast_head_json":{"title":"El Circuito de Rutas Deportivas organizado por la Diputaci\u00f3n transcurrir\u00e1 por Caudete esta quincena - MI Ayuntamiento de Caudete","description":"P\u00e1gina Oficial del Ayuntamiento de Caudete (Albacete)","robots":{"index":"index","follow":"follow","max-snippet":"max-snippet:-1","max-image-preview":"max-image-preview:large","max-video-preview":"max-video-preview:-1"},"canonical":"https:\/\/www.caudete.org\/ayuntamiento\/el-circuito-de-rutas-deportivas-albacete-organizado-por-la-diputacion-transcurrira-por-caudete-esta-quincena\/","og_locale":"es_ES","og_type":"article","og_title":"El Circuito de Rutas Deportivas organizado por la Diputaci\u00f3n transcurrir\u00e1 por Caudete esta quincena - MI Ayuntamiento de Caudete","og_description":"P\u00e1gina Oficial del Ayuntamiento de Caudete (Albacete)","og_url":"https:\/\/www.caudete.org\/ayuntamiento\/el-circuito-de-rutas-deportivas-albacete-organizado-por-la-diputacion-transcurrira-por-caudete-esta-quincena\/","og_site_name":"MI Ayuntamiento de Caudete","article_publisher":"https:\/\/www.facebook.com\/ayuntamientocaudete\/","article_published_time":"2021-05-21T15:58:18+00:00","article_modified_time":"2021-05-21T15:59:28+00:00","og_image":[{"width":864,"height":380,"url":"https:\/\/www.caudete.org\/ayuntamiento\/wp-content\/uploads\/2021\/05\/BTT-Web.jpg","type":"image\/jpeg"}],"author":"Juan","twitter_card":"summary_large_image","twitter_misc":{"Escrito por":"Juan","Tiempo de lectura":"2 minutos"},"schema":{"@context":"https:\/\/schema.org","@graph":[{"@type":"Article","@id":"https:\/\/www.caudete.org\/ayuntamiento\/el-circuito-de-rutas-deportivas-albacete-organizado-por-la-diputacion-transcurrira-por-caudete-esta-quincena\/#article","isPartOf":{"@id":"https:\/\/www.caudete.org\/ayuntamiento\/el-circuito-de-rutas-deportivas-albacete-organizado-por-la-diputacion-transcurrira-por-caudete-esta-quincena\/"},"author":{"name":"Juan","@id":"https:\/\/www.caudete.org\/ayuntamiento\/#\/schema\/person\/7656a5bb58fca95b9814e940de0fda63"},"headline":"El Circuito de Rutas Deportivas organizado por la Diputaci\u00f3n transcurrir\u00e1 por Caudete esta quincena","datePublished":"2021-05-21T15:58:18+00:00","dateModified":"2021-05-21T15:59:28+00:00","mainEntityOfPage":{"@id":"https:\/\/www.caudete.org\/ayuntamiento\/el-circuito-de-rutas-deportivas-albacete-organizado-por-la-diputacion-transcurrira-por-caudete-esta-quincena\/"},"wordCount":393,"publisher":{"@id":"https:\/\/www.caudete.org\/ayuntamiento\/#organization"},"image":{"@id":"https:\/\/www.caudete.org\/ayuntamiento\/el-circuito-de-rutas-deportivas-albacete-organizado-por-la-diputacion-transcurrira-por-caudete-esta-quincena\/#primaryimage"},"thumbnailUrl":"https:\/\/www.caudete.org\/ayuntamiento\/wp-content\/uploads\/2021\/05\/BTT-Web.jpg","keywords":["Bicicleta todoterreno","Diputaci\u00f3n de Albacete","Rutas Deportivas Albacete"],"articleSection":["Deportes"],"inLanguage":"es"},{"@type":"WebPage","@id":"https:\/\/www.caudete.org\/ayuntamiento\/el-circuito-de-rutas-deportivas-albacete-organizado-por-la-diputacion-transcurrira-por-caudete-esta-quincena\/","url":"https:\/\/www.caudete.org\/ayuntamiento\/el-circuito-de-rutas-deportivas-albacete-organizado-por-la-diputacion-transcurrira-por-caudete-esta-quincena\/","name":"El Circuito de Rutas Deportivas organizado por la Diputaci\u00f3n transcurrir\u00e1 por Caudete esta quincena - MI Ayuntamiento de Caudete","isPartOf":{"@id":"https:\/\/www.caudete.org\/ayuntamiento\/#website"},"primaryImageOfPage":{"@id":"https:\/\/www.caudete.org\/ayuntamiento\/el-circuito-de-rutas-deportivas-albacete-organizado-por-la-diputacion-transcurrira-por-caudete-esta-quincena\/#primaryimage"},"image":{"@id":"https:\/\/www.caudete.org\/ayuntamiento\/el-circuito-de-rutas-deportivas-albacete-organizado-por-la-diputacion-transcurrira-por-caudete-esta-quincena\/#primaryimage"},"thumbnailUrl":"https:\/\/www.caudete.org\/ayuntamiento\/wp-content\/uploads\/2021\/05\/BTT-Web.jpg","datePublished":"2021-05-21T15:58:18+00:00","dateModified":"2021-05-21T15:59:28+00:00","description":"P\u00e1gina Oficial del Ayuntamiento de Caudete (Albacete)","breadcrumb":{"@id":"https:\/\/www.caudete.org\/ayuntamiento\/el-circuito-de-rutas-deportivas-albacete-organizado-por-la-diputacion-transcurrira-por-caudete-esta-quincena\/#breadcrumb"},"inLanguage":"es","potentialAction":[{"@type":"ReadAction","target":["https:\/\/www.caudete.org\/ayuntamiento\/el-circuito-de-rutas-deportivas-albacete-organizado-por-la-diputacion-transcurrira-por-caudete-esta-quincena\/"]}]},{"@type":"ImageObject","inLanguage":"es","@id":"https:\/\/www.caudete.org\/ayuntamiento\/el-circuito-de-rutas-deportivas-albacete-organizado-por-la-diputacion-transcurrira-por-caudete-esta-quincena\/#primaryimage","url":"https:\/\/www.caudete.org\/ayuntamiento\/wp-content\/uploads\/2021\/05\/BTT-Web.jpg","contentUrl":"https:\/\/www.caudete.org\/ayuntamiento\/wp-content\/uploads\/2021\/05\/BTT-Web.jpg","width":864,"height":380},{"@type":"BreadcrumbList","@id":"https:\/\/www.caudete.org\/ayuntamiento\/el-circuito-de-rutas-deportivas-albacete-organizado-por-la-diputacion-transcurrira-por-caudete-esta-quincena\/#breadcrumb","itemListElement":[{"@type":"ListItem","position":1,"name":"Inicio","item":"https:\/\/www.caudete.org\/ayuntamiento\/"},{"@type":"ListItem","position":2,"name":"El Circuito de Rutas Deportivas organizado por la Diputaci\u00f3n transcurrir\u00e1 por Caudete esta quincena"}]},{"@type":"WebSite","@id":"https:\/\/www.caudete.org\/ayuntamiento\/#website","url":"https:\/\/www.caudete.org\/ayuntamiento\/","name":"MI Ayuntamiento de Caudete","description":"P\u00e1gina Oficial del MI Ayuntamiento de Caudete","publisher":{"@id":"https:\/\/www.caudete.org\/ayuntamiento\/#organization"},"potentialAction":[{"@type":"SearchAction","target":{"@type":"EntryPoint","urlTemplate":"https:\/\/www.caudete.org\/ayuntamiento\/?s={search_term_string}"},"query-input":{"@type":"PropertyValueSpecification","valueRequired":true,"valueName":"search_term_string"}}],"inLanguage":"es"},{"@type":"Organization","@id":"https:\/\/www.caudete.org\/ayuntamiento\/#organization","name":"Ayuntamiento de Caudete","url":"https:\/\/www.caudete.org\/ayuntamiento\/","logo":{"@type":"ImageObject","inLanguage":"es","@id":"https:\/\/www.caudete.org\/ayuntamiento\/#\/schema\/logo\/image\/","url":"https:\/\/www.caudete.org\/ayuntamiento\/wp-content\/uploads\/2020\/11\/logo_ayuntamiento_caudete.jpg","contentUrl":"https:\/\/www.caudete.org\/ayuntamiento\/wp-content\/uploads\/2020\/11\/logo_ayuntamiento_caudete.jpg","width":600,"height":150,"caption":"Ayuntamiento de Caudete"},"image":{"@id":"https:\/\/www.caudete.org\/ayuntamiento\/#\/schema\/logo\/image\/"},"sameAs":["https:\/\/www.facebook.com\/ayuntamientocaudete\/","https:\/\/www.youtube.com\/channel\/UC6VztHaooNsGpw-tNoBEFnQ"]},{"@type":"Person","@id":"https:\/\/www.caudete.org\/ayuntamiento\/#\/schema\/person\/7656a5bb58fca95b9814e940de0fda63","name":"Juan","image":{"@type":"ImageObject","inLanguage":"es","@id":"https:\/\/secure.gravatar.com\/avatar\/dd53e51c0cd6ab23f52d4f3e4f1c59730240727763de3dbbf26750b079a2c292?s=96&d=mm&r=g","url":"https:\/\/secure.gravatar.com\/avatar\/dd53e51c0cd6ab23f52d4f3e4f1c59730240727763de3dbbf26750b079a2c292?s=96&d=mm&r=g","contentUrl":"https:\/\/secure.gravatar.com\/avatar\/dd53e51c0cd6ab23f52d4f3e4f1c59730240727763de3dbbf26750b079a2c292?s=96&d=mm&r=g","caption":"Juan"},"url":"https:\/\/www.caudete.org\/ayuntamiento\/author\/centrodeinternet\/"}]}},"_links":{"self":[{"href":"https:\/\/www.caudete.org\/ayuntamiento\/wp-json\/wp\/v2\/posts\/14508","targetHints":{"allow":["GET"]}}],"collection":[{"href":"https:\/\/www.caudete.org\/ayuntamiento\/wp-json\/wp\/v2\/posts"}],"about":[{"href":"https:\/\/www.caudete.org\/ayuntamiento\/wp-json\/wp\/v2\/types\/post"}],"author":[{"embeddable":true,"href":"https:\/\/www.caudete.org\/ayuntamiento\/wp-json\/wp\/v2\/users\/2"}],"replies":[{"embeddable":true,"href":"https:\/\/www.caudete.org\/ayuntamiento\/wp-json\/wp\/v2\/comments?post=14508"}],"version-history":[{"count":3,"href":"https:\/\/www.caudete.org\/ayuntamiento\/wp-json\/wp\/v2\/posts\/14508\/revisions"}],"predecessor-version":[{"id":14513,"href":"https:\/\/www.caudete.org\/ayuntamiento\/wp-json\/wp\/v2\/posts\/14508\/revisions\/14513"}],"wp:featuredmedia":[{"embeddable":true,"href":"https:\/\/www.caudete.org\/ayuntamiento\/wp-json\/wp\/v2\/media\/14506"}],"wp:attachment":[{"href":"https:\/\/www.caudete.org\/ayuntamiento\/wp-json\/wp\/v2\/media?parent=14508"}],"wp:term":[{"taxonomy":"category","embeddable":true,"href":"https:\/\/www.caudete.org\/ayuntamiento\/wp-json\/wp\/v2\/categories?post=14508"},{"taxonomy":"post_tag","embeddable":true,"href":"https:\/\/www.caudete.org\/ayuntamiento\/wp-json\/wp\/v2\/tags?post=14508"}],"curies":[{"name":"wp","href":"https:\/\/api.w.org\/{rel}","templated":true}]}}