{"id":14514,"date":"2021-05-21T18:05:03","date_gmt":"2021-05-21T16:05:03","guid":{"rendered":"https:\/\/www.caudete.org\/ayuntamiento\/?p=14514"},"modified":"2021-05-23T09:15:58","modified_gmt":"2021-05-23T07:15:58","slug":"desde-el-20-mayo-hasta-el-20-junio-se-podra-participar-en-la-vi-edicion-de-la-marea-rosa-virtual","status":"publish","type":"post","link":"https:\/\/www.caudete.org\/ayuntamiento\/desde-el-20-mayo-hasta-el-20-junio-se-podra-participar-en-la-vi-edicion-de-la-marea-rosa-virtual\/","title":{"rendered":"Desde el 20 Mayo hasta el 20 Junio se podr\u00e1 participar en la VI edici\u00f3n de la Marea Rosa Virtual"},"content":{"rendered":"<p>Este a\u00f1o debido a la situaci\u00f3n causada por la pandemia de COVID-19, ACALUCA y la Concejal\u00eda de Deportes del Ayuntamiento de Caudete organizar\u00e1n de manera virtual la 6\u00ba edici\u00f3n de su Marea Rosa con el lema <strong><em>\u201cEres capaz de cosas incre\u00edbles y ahora m\u00e1s que nunca te necesitamos\u201d<\/em><\/strong><\/p>\n<p>La recaudaci\u00f3n de la marcha estar\u00e1 destinada, como en ediciones anteriores, a financiar proyectos y actividades para apoyar a los pacientes de c\u00e1ncer de Caudete y familiares<\/p>\n<p>Este evento tiene modalidad y distancia libre: Se trata de correr, caminar o dar un paseo por los alrededores, caminos, parajes o sitios emblem\u00e1ticos de Caudete. \u00a1Cualquier opci\u00f3n es v\u00e1lida! .<\/p>\n<p>La inscripci\u00f3n como siempre se realizar\u00e1 de manera virtual a trav\u00e9s del formulario que aparece en el siguiente enlace:<span style=\"font-size: 12pt;\"> <a href=\"http:\/\/www.caudete.org\/marearosa\"><strong>www.caudete.org\/marearosa<\/strong><\/a> <\/span>. El plazo permanecer\u00e1 abierto del 20 de mayo al 20 de junio. El donativo es de 6 euros.<\/p>\n<p>Una vez realizada la inscripci\u00f3n se puede recoger la <strong>GORRA solidaria<\/strong>, regalo de este a\u00f1o para todos los http:\/\/https\/\/:acaluca.org\/marearosaparticipantes, en la Sede Acaluca en C\/ Santa B\u00e1rbara 34 todos los lunes de 18 a 20h desde el 24 de mayo a 21 de Junio.<\/p>\n<p>Los organizadores de la <strong>VI Marea Rosa<\/strong>, la Concejal\u00eda de Deportes del Ayuntamiento de Caudete y ACALUCA dan las gracias a todos por participar y animan a compartir las fotograf\u00edas con sus gorras en redes sociales etiquetando a ACALUCA y acompa\u00f1ada del hashtag <a href=\"https:\/\/www.facebook.com\/hashtag\/ayacdaunpasomas?__eep__=6&amp;__cft__%5B0%5D=AZXKLLp5E9Kh6qAnnFH35oftHwdVA1kmq4ZZM6w6oTtvGM2vgAEVZbXM3Al52VsQhhWODsdgrmTO10JT54onPVLlYHZznBN48cUwHcA0wYFYhV6QNWUOnTK212-hTVbwNTSOrg-93OCR0fOXSpINKPsJSLYsOPM0sns8WxRPrBryoNc7dzn11muLid7sdQVwccU&amp;__tn__=*NK-R\" target=\"_blank\" rel=\"nofollow\">#ACALUCAVIMAREAROSA<\/a><\/p>\n<p><a href=\"https:\/\/www.caudete.org\/ayuntamiento\/wp-content\/uploads\/2021\/05\/Cartel-Marea-Rosa-2021.jpeg\" rel='prettyPhoto'><img fetchpriority=\"high\" decoding=\"async\" class=\"aligncenter wp-image-14501 size-medium\" src=\"https:\/\/www.caudete.org\/ayuntamiento\/wp-content\/uploads\/2021\/05\/Cartel-Marea-Rosa-2021-212x300.jpeg\" alt=\"\" width=\"212\" height=\"300\" srcset=\"https:\/\/www.caudete.org\/ayuntamiento\/wp-content\/uploads\/2021\/05\/Cartel-Marea-Rosa-2021-212x300.jpeg 212w, https:\/\/www.caudete.org\/ayuntamiento\/wp-content\/uploads\/2021\/05\/Cartel-Marea-Rosa-2021-724x1024.jpeg 724w, https:\/\/www.caudete.org\/ayuntamiento\/wp-content\/uploads\/2021\/05\/Cartel-Marea-Rosa-2021-768x1086.jpeg 768w, https:\/\/www.caudete.org\/ayuntamiento\/wp-content\/uploads\/2021\/05\/Cartel-Marea-Rosa-2021.jpeg 842w\" sizes=\"(max-width: 212px) 100vw, 212px\" \/><\/a><\/p>\n<p>&nbsp;<\/p>\n","protected":false},"excerpt":{"rendered":"<p>Este a\u00f1o debido a la situaci\u00f3n causada por la pandemia de COVID-19, ACALUCA y la Concejal\u00eda de Deportes del Ayuntamiento de Caudete organizar\u00e1n de manera virtual la 6\u00ba edici\u00f3n de su Marea Rosa con el lema \u201cEres capaz de cosas incre\u00edbles y ahora m\u00e1s que nunca te necesitamos\u201d La recaudaci\u00f3n de la marcha estar\u00e1 destinada, &hellip;<\/p>\n","protected":false},"author":2,"featured_media":14502,"comment_status":"closed","ping_status":"open","sticky":false,"template":"","format":"standard","meta":{"ngg_post_thumbnail":0,"footnotes":""},"categories":[60],"tags":[332,644],"class_list":["post-14514","post","type-post","status-publish","format-standard","has-post-thumbnail","hentry","category-asociaciones","tag-acaluca","tag-marea-rosa"],"yoast_head":"<!-- This site is optimized with the Yoast SEO plugin v27.5 - https:\/\/yoast.com\/product\/yoast-seo-wordpress\/ -->\n<title>Desde el 20 Mayo hasta el 20 Junio se podr\u00e1 participar en la VI edici\u00f3n de la Marea Rosa Virtual - MI Ayuntamiento de Caudete<\/title>\n<meta name=\"description\" content=\"P\u00e1gina Oficial del Ayuntamiento de Caudete (Albacete)\" \/>\n<meta name=\"robots\" content=\"index, follow, max-snippet:-1, max-image-preview:large, max-video-preview:-1\" \/>\n<link rel=\"canonical\" href=\"https:\/\/www.caudete.org\/ayuntamiento\/desde-el-20-mayo-hasta-el-20-junio-se-podra-participar-en-la-vi-edicion-de-la-marea-rosa-virtual\/\" \/>\n<meta property=\"og:locale\" content=\"es_ES\" \/>\n<meta property=\"og:type\" content=\"article\" \/>\n<meta property=\"og:title\" content=\"Desde el 20 Mayo hasta el 20 Junio se podr\u00e1 participar en la VI edici\u00f3n de la Marea Rosa Virtual - MI Ayuntamiento de Caudete\" \/>\n<meta property=\"og:description\" content=\"P\u00e1gina Oficial del Ayuntamiento de Caudete (Albacete)\" \/>\n<meta property=\"og:url\" content=\"https:\/\/www.caudete.org\/ayuntamiento\/desde-el-20-mayo-hasta-el-20-junio-se-podra-participar-en-la-vi-edicion-de-la-marea-rosa-virtual\/\" \/>\n<meta property=\"og:site_name\" content=\"MI Ayuntamiento de Caudete\" \/>\n<meta property=\"article:publisher\" content=\"https:\/\/www.facebook.com\/ayuntamientocaudete\/\" \/>\n<meta property=\"article:published_time\" content=\"2021-05-21T16:05:03+00:00\" \/>\n<meta property=\"article:modified_time\" content=\"2021-05-23T07:15:58+00:00\" \/>\n<meta property=\"og:image\" content=\"https:\/\/www.caudete.org\/ayuntamiento\/wp-content\/uploads\/2021\/05\/Marea-Rosa-Web.jpg\" \/>\n\t<meta property=\"og:image:width\" content=\"864\" \/>\n\t<meta property=\"og:image:height\" content=\"380\" \/>\n\t<meta property=\"og:image:type\" content=\"image\/jpeg\" \/>\n<meta name=\"author\" content=\"Juan\" \/>\n<meta name=\"twitter:card\" content=\"summary_large_image\" \/>\n<meta name=\"twitter:label1\" content=\"Escrito por\" \/>\n\t<meta name=\"twitter:data1\" content=\"Juan\" \/>\n\t<meta name=\"twitter:label2\" content=\"Tiempo de lectura\" \/>\n\t<meta name=\"twitter:data2\" content=\"2 minutos\" \/>\n<script type=\"application\/ld+json\" class=\"yoast-schema-graph\">{\"@context\":\"https:\\\/\\\/schema.org\",\"@graph\":[{\"@type\":\"Article\",\"@id\":\"https:\\\/\\\/www.caudete.org\\\/ayuntamiento\\\/desde-el-20-mayo-hasta-el-20-junio-se-podra-participar-en-la-vi-edicion-de-la-marea-rosa-virtual\\\/#article\",\"isPartOf\":{\"@id\":\"https:\\\/\\\/www.caudete.org\\\/ayuntamiento\\\/desde-el-20-mayo-hasta-el-20-junio-se-podra-participar-en-la-vi-edicion-de-la-marea-rosa-virtual\\\/\"},\"author\":{\"name\":\"Juan\",\"@id\":\"https:\\\/\\\/www.caudete.org\\\/ayuntamiento\\\/#\\\/schema\\\/person\\\/7656a5bb58fca95b9814e940de0fda63\"},\"headline\":\"Desde el 20 Mayo hasta el 20 Junio se podr\u00e1 participar en la VI edici\u00f3n de la Marea Rosa Virtual\",\"datePublished\":\"2021-05-21T16:05:03+00:00\",\"dateModified\":\"2021-05-23T07:15:58+00:00\",\"mainEntityOfPage\":{\"@id\":\"https:\\\/\\\/www.caudete.org\\\/ayuntamiento\\\/desde-el-20-mayo-hasta-el-20-junio-se-podra-participar-en-la-vi-edicion-de-la-marea-rosa-virtual\\\/\"},\"wordCount\":270,\"image\":{\"@id\":\"https:\\\/\\\/www.caudete.org\\\/ayuntamiento\\\/desde-el-20-mayo-hasta-el-20-junio-se-podra-participar-en-la-vi-edicion-de-la-marea-rosa-virtual\\\/#primaryimage\"},\"thumbnailUrl\":\"https:\\\/\\\/www.caudete.org\\\/ayuntamiento\\\/wp-content\\\/uploads\\\/2021\\\/05\\\/Marea-Rosa-Web.jpg\",\"keywords\":[\"acaluca\",\"Marea Rosa\"],\"articleSection\":[\"Asociaciones\"],\"inLanguage\":\"es\"},{\"@type\":\"WebPage\",\"@id\":\"https:\\\/\\\/www.caudete.org\\\/ayuntamiento\\\/desde-el-20-mayo-hasta-el-20-junio-se-podra-participar-en-la-vi-edicion-de-la-marea-rosa-virtual\\\/\",\"url\":\"https:\\\/\\\/www.caudete.org\\\/ayuntamiento\\\/desde-el-20-mayo-hasta-el-20-junio-se-podra-participar-en-la-vi-edicion-de-la-marea-rosa-virtual\\\/\",\"name\":\"Desde el 20 Mayo hasta el 20 Junio se podr\u00e1 participar en la VI edici\u00f3n de la Marea Rosa Virtual - MI Ayuntamiento de Caudete\",\"isPartOf\":{\"@id\":\"https:\\\/\\\/www.caudete.org\\\/ayuntamiento\\\/#website\"},\"primaryImageOfPage\":{\"@id\":\"https:\\\/\\\/www.caudete.org\\\/ayuntamiento\\\/desde-el-20-mayo-hasta-el-20-junio-se-podra-participar-en-la-vi-edicion-de-la-marea-rosa-virtual\\\/#primaryimage\"},\"image\":{\"@id\":\"https:\\\/\\\/www.caudete.org\\\/ayuntamiento\\\/desde-el-20-mayo-hasta-el-20-junio-se-podra-participar-en-la-vi-edicion-de-la-marea-rosa-virtual\\\/#primaryimage\"},\"thumbnailUrl\":\"https:\\\/\\\/www.caudete.org\\\/ayuntamiento\\\/wp-content\\\/uploads\\\/2021\\\/05\\\/Marea-Rosa-Web.jpg\",\"datePublished\":\"2021-05-21T16:05:03+00:00\",\"dateModified\":\"2021-05-23T07:15:58+00:00\",\"author\":{\"@id\":\"https:\\\/\\\/www.caudete.org\\\/ayuntamiento\\\/#\\\/schema\\\/person\\\/7656a5bb58fca95b9814e940de0fda63\"},\"description\":\"P\u00e1gina Oficial del Ayuntamiento de Caudete (Albacete)\",\"breadcrumb\":{\"@id\":\"https:\\\/\\\/www.caudete.org\\\/ayuntamiento\\\/desde-el-20-mayo-hasta-el-20-junio-se-podra-participar-en-la-vi-edicion-de-la-marea-rosa-virtual\\\/#breadcrumb\"},\"inLanguage\":\"es\",\"potentialAction\":[{\"@type\":\"ReadAction\",\"target\":[\"https:\\\/\\\/www.caudete.org\\\/ayuntamiento\\\/desde-el-20-mayo-hasta-el-20-junio-se-podra-participar-en-la-vi-edicion-de-la-marea-rosa-virtual\\\/\"]}]},{\"@type\":\"ImageObject\",\"inLanguage\":\"es\",\"@id\":\"https:\\\/\\\/www.caudete.org\\\/ayuntamiento\\\/desde-el-20-mayo-hasta-el-20-junio-se-podra-participar-en-la-vi-edicion-de-la-marea-rosa-virtual\\\/#primaryimage\",\"url\":\"https:\\\/\\\/www.caudete.org\\\/ayuntamiento\\\/wp-content\\\/uploads\\\/2021\\\/05\\\/Marea-Rosa-Web.jpg\",\"contentUrl\":\"https:\\\/\\\/www.caudete.org\\\/ayuntamiento\\\/wp-content\\\/uploads\\\/2021\\\/05\\\/Marea-Rosa-Web.jpg\",\"width\":864,\"height\":380},{\"@type\":\"BreadcrumbList\",\"@id\":\"https:\\\/\\\/www.caudete.org\\\/ayuntamiento\\\/desde-el-20-mayo-hasta-el-20-junio-se-podra-participar-en-la-vi-edicion-de-la-marea-rosa-virtual\\\/#breadcrumb\",\"itemListElement\":[{\"@type\":\"ListItem\",\"position\":1,\"name\":\"Inicio\",\"item\":\"https:\\\/\\\/www.caudete.org\\\/ayuntamiento\\\/\"},{\"@type\":\"ListItem\",\"position\":2,\"name\":\"Desde el 20 Mayo hasta el 20 Junio se podr\u00e1 participar en la VI edici\u00f3n de la Marea Rosa Virtual\"}]},{\"@type\":\"WebSite\",\"@id\":\"https:\\\/\\\/www.caudete.org\\\/ayuntamiento\\\/#website\",\"url\":\"https:\\\/\\\/www.caudete.org\\\/ayuntamiento\\\/\",\"name\":\"MI Ayuntamiento de Caudete\",\"description\":\"P\u00e1gina Oficial del MI Ayuntamiento de Caudete\",\"potentialAction\":[{\"@type\":\"SearchAction\",\"target\":{\"@type\":\"EntryPoint\",\"urlTemplate\":\"https:\\\/\\\/www.caudete.org\\\/ayuntamiento\\\/?s={search_term_string}\"},\"query-input\":{\"@type\":\"PropertyValueSpecification\",\"valueRequired\":true,\"valueName\":\"search_term_string\"}}],\"inLanguage\":\"es\"},{\"@type\":\"Person\",\"@id\":\"https:\\\/\\\/www.caudete.org\\\/ayuntamiento\\\/#\\\/schema\\\/person\\\/7656a5bb58fca95b9814e940de0fda63\",\"name\":\"Juan\",\"image\":{\"@type\":\"ImageObject\",\"inLanguage\":\"es\",\"@id\":\"https:\\\/\\\/secure.gravatar.com\\\/avatar\\\/dd53e51c0cd6ab23f52d4f3e4f1c59730240727763de3dbbf26750b079a2c292?s=96&d=mm&r=g\",\"url\":\"https:\\\/\\\/secure.gravatar.com\\\/avatar\\\/dd53e51c0cd6ab23f52d4f3e4f1c59730240727763de3dbbf26750b079a2c292?s=96&d=mm&r=g\",\"contentUrl\":\"https:\\\/\\\/secure.gravatar.com\\\/avatar\\\/dd53e51c0cd6ab23f52d4f3e4f1c59730240727763de3dbbf26750b079a2c292?s=96&d=mm&r=g\",\"caption\":\"Juan\"},\"url\":\"https:\\\/\\\/www.caudete.org\\\/ayuntamiento\\\/author\\\/centrodeinternet\\\/\"}]}<\/script>\n<!-- \/ Yoast SEO plugin. -->","yoast_head_json":{"title":"Desde el 20 Mayo hasta el 20 Junio se podr\u00e1 participar en la VI edici\u00f3n de la Marea Rosa Virtual - MI Ayuntamiento de Caudete","description":"P\u00e1gina Oficial del Ayuntamiento de Caudete (Albacete)","robots":{"index":"index","follow":"follow","max-snippet":"max-snippet:-1","max-image-preview":"max-image-preview:large","max-video-preview":"max-video-preview:-1"},"canonical":"https:\/\/www.caudete.org\/ayuntamiento\/desde-el-20-mayo-hasta-el-20-junio-se-podra-participar-en-la-vi-edicion-de-la-marea-rosa-virtual\/","og_locale":"es_ES","og_type":"article","og_title":"Desde el 20 Mayo hasta el 20 Junio se podr\u00e1 participar en la VI edici\u00f3n de la Marea Rosa Virtual - MI Ayuntamiento de Caudete","og_description":"P\u00e1gina Oficial del Ayuntamiento de Caudete (Albacete)","og_url":"https:\/\/www.caudete.org\/ayuntamiento\/desde-el-20-mayo-hasta-el-20-junio-se-podra-participar-en-la-vi-edicion-de-la-marea-rosa-virtual\/","og_site_name":"MI Ayuntamiento de Caudete","article_publisher":"https:\/\/www.facebook.com\/ayuntamientocaudete\/","article_published_time":"2021-05-21T16:05:03+00:00","article_modified_time":"2021-05-23T07:15:58+00:00","og_image":[{"width":864,"height":380,"url":"https:\/\/www.caudete.org\/ayuntamiento\/wp-content\/uploads\/2021\/05\/Marea-Rosa-Web.jpg","type":"image\/jpeg"}],"author":"Juan","twitter_card":"summary_large_image","twitter_misc":{"Escrito por":"Juan","Tiempo de lectura":"2 minutos"},"schema":{"@context":"https:\/\/schema.org","@graph":[{"@type":"Article","@id":"https:\/\/www.caudete.org\/ayuntamiento\/desde-el-20-mayo-hasta-el-20-junio-se-podra-participar-en-la-vi-edicion-de-la-marea-rosa-virtual\/#article","isPartOf":{"@id":"https:\/\/www.caudete.org\/ayuntamiento\/desde-el-20-mayo-hasta-el-20-junio-se-podra-participar-en-la-vi-edicion-de-la-marea-rosa-virtual\/"},"author":{"name":"Juan","@id":"https:\/\/www.caudete.org\/ayuntamiento\/#\/schema\/person\/7656a5bb58fca95b9814e940de0fda63"},"headline":"Desde el 20 Mayo hasta el 20 Junio se podr\u00e1 participar en la VI edici\u00f3n de la Marea Rosa Virtual","datePublished":"2021-05-21T16:05:03+00:00","dateModified":"2021-05-23T07:15:58+00:00","mainEntityOfPage":{"@id":"https:\/\/www.caudete.org\/ayuntamiento\/desde-el-20-mayo-hasta-el-20-junio-se-podra-participar-en-la-vi-edicion-de-la-marea-rosa-virtual\/"},"wordCount":270,"image":{"@id":"https:\/\/www.caudete.org\/ayuntamiento\/desde-el-20-mayo-hasta-el-20-junio-se-podra-participar-en-la-vi-edicion-de-la-marea-rosa-virtual\/#primaryimage"},"thumbnailUrl":"https:\/\/www.caudete.org\/ayuntamiento\/wp-content\/uploads\/2021\/05\/Marea-Rosa-Web.jpg","keywords":["acaluca","Marea Rosa"],"articleSection":["Asociaciones"],"inLanguage":"es"},{"@type":"WebPage","@id":"https:\/\/www.caudete.org\/ayuntamiento\/desde-el-20-mayo-hasta-el-20-junio-se-podra-participar-en-la-vi-edicion-de-la-marea-rosa-virtual\/","url":"https:\/\/www.caudete.org\/ayuntamiento\/desde-el-20-mayo-hasta-el-20-junio-se-podra-participar-en-la-vi-edicion-de-la-marea-rosa-virtual\/","name":"Desde el 20 Mayo hasta el 20 Junio se podr\u00e1 participar en la VI edici\u00f3n de la Marea Rosa Virtual - MI Ayuntamiento de Caudete","isPartOf":{"@id":"https:\/\/www.caudete.org\/ayuntamiento\/#website"},"primaryImageOfPage":{"@id":"https:\/\/www.caudete.org\/ayuntamiento\/desde-el-20-mayo-hasta-el-20-junio-se-podra-participar-en-la-vi-edicion-de-la-marea-rosa-virtual\/#primaryimage"},"image":{"@id":"https:\/\/www.caudete.org\/ayuntamiento\/desde-el-20-mayo-hasta-el-20-junio-se-podra-participar-en-la-vi-edicion-de-la-marea-rosa-virtual\/#primaryimage"},"thumbnailUrl":"https:\/\/www.caudete.org\/ayuntamiento\/wp-content\/uploads\/2021\/05\/Marea-Rosa-Web.jpg","datePublished":"2021-05-21T16:05:03+00:00","dateModified":"2021-05-23T07:15:58+00:00","author":{"@id":"https:\/\/www.caudete.org\/ayuntamiento\/#\/schema\/person\/7656a5bb58fca95b9814e940de0fda63"},"description":"P\u00e1gina Oficial del Ayuntamiento de Caudete (Albacete)","breadcrumb":{"@id":"https:\/\/www.caudete.org\/ayuntamiento\/desde-el-20-mayo-hasta-el-20-junio-se-podra-participar-en-la-vi-edicion-de-la-marea-rosa-virtual\/#breadcrumb"},"inLanguage":"es","potentialAction":[{"@type":"ReadAction","target":["https:\/\/www.caudete.org\/ayuntamiento\/desde-el-20-mayo-hasta-el-20-junio-se-podra-participar-en-la-vi-edicion-de-la-marea-rosa-virtual\/"]}]},{"@type":"ImageObject","inLanguage":"es","@id":"https:\/\/www.caudete.org\/ayuntamiento\/desde-el-20-mayo-hasta-el-20-junio-se-podra-participar-en-la-vi-edicion-de-la-marea-rosa-virtual\/#primaryimage","url":"https:\/\/www.caudete.org\/ayuntamiento\/wp-content\/uploads\/2021\/05\/Marea-Rosa-Web.jpg","contentUrl":"https:\/\/www.caudete.org\/ayuntamiento\/wp-content\/uploads\/2021\/05\/Marea-Rosa-Web.jpg","width":864,"height":380},{"@type":"BreadcrumbList","@id":"https:\/\/www.caudete.org\/ayuntamiento\/desde-el-20-mayo-hasta-el-20-junio-se-podra-participar-en-la-vi-edicion-de-la-marea-rosa-virtual\/#breadcrumb","itemListElement":[{"@type":"ListItem","position":1,"name":"Inicio","item":"https:\/\/www.caudete.org\/ayuntamiento\/"},{"@type":"ListItem","position":2,"name":"Desde el 20 Mayo hasta el 20 Junio se podr\u00e1 participar en la VI edici\u00f3n de la Marea Rosa Virtual"}]},{"@type":"WebSite","@id":"https:\/\/www.caudete.org\/ayuntamiento\/#website","url":"https:\/\/www.caudete.org\/ayuntamiento\/","name":"MI Ayuntamiento de Caudete","description":"P\u00e1gina Oficial del MI Ayuntamiento de Caudete","potentialAction":[{"@type":"SearchAction","target":{"@type":"EntryPoint","urlTemplate":"https:\/\/www.caudete.org\/ayuntamiento\/?s={search_term_string}"},"query-input":{"@type":"PropertyValueSpecification","valueRequired":true,"valueName":"search_term_string"}}],"inLanguage":"es"},{"@type":"Person","@id":"https:\/\/www.caudete.org\/ayuntamiento\/#\/schema\/person\/7656a5bb58fca95b9814e940de0fda63","name":"Juan","image":{"@type":"ImageObject","inLanguage":"es","@id":"https:\/\/secure.gravatar.com\/avatar\/dd53e51c0cd6ab23f52d4f3e4f1c59730240727763de3dbbf26750b079a2c292?s=96&d=mm&r=g","url":"https:\/\/secure.gravatar.com\/avatar\/dd53e51c0cd6ab23f52d4f3e4f1c59730240727763de3dbbf26750b079a2c292?s=96&d=mm&r=g","contentUrl":"https:\/\/secure.gravatar.com\/avatar\/dd53e51c0cd6ab23f52d4f3e4f1c59730240727763de3dbbf26750b079a2c292?s=96&d=mm&r=g","caption":"Juan"},"url":"https:\/\/www.caudete.org\/ayuntamiento\/author\/centrodeinternet\/"}]}},"_links":{"self":[{"href":"https:\/\/www.caudete.org\/ayuntamiento\/wp-json\/wp\/v2\/posts\/14514","targetHints":{"allow":["GET"]}}],"collection":[{"href":"https:\/\/www.caudete.org\/ayuntamiento\/wp-json\/wp\/v2\/posts"}],"about":[{"href":"https:\/\/www.caudete.org\/ayuntamiento\/wp-json\/wp\/v2\/types\/post"}],"author":[{"embeddable":true,"href":"https:\/\/www.caudete.org\/ayuntamiento\/wp-json\/wp\/v2\/users\/2"}],"replies":[{"embeddable":true,"href":"https:\/\/www.caudete.org\/ayuntamiento\/wp-json\/wp\/v2\/comments?post=14514"}],"version-history":[{"count":9,"href":"https:\/\/www.caudete.org\/ayuntamiento\/wp-json\/wp\/v2\/posts\/14514\/revisions"}],"predecessor-version":[{"id":14567,"href":"https:\/\/www.caudete.org\/ayuntamiento\/wp-json\/wp\/v2\/posts\/14514\/revisions\/14567"}],"wp:featuredmedia":[{"embeddable":true,"href":"https:\/\/www.caudete.org\/ayuntamiento\/wp-json\/wp\/v2\/media\/14502"}],"wp:attachment":[{"href":"https:\/\/www.caudete.org\/ayuntamiento\/wp-json\/wp\/v2\/media?parent=14514"}],"wp:term":[{"taxonomy":"category","embeddable":true,"href":"https:\/\/www.caudete.org\/ayuntamiento\/wp-json\/wp\/v2\/categories?post=14514"},{"taxonomy":"post_tag","embeddable":true,"href":"https:\/\/www.caudete.org\/ayuntamiento\/wp-json\/wp\/v2\/tags?post=14514"}],"curies":[{"name":"wp","href":"https:\/\/api.w.org\/{rel}","templated":true}]}}