{"id":14532,"date":"2021-05-21T23:50:11","date_gmt":"2021-05-21T21:50:11","guid":{"rendered":"https:\/\/www.caudete.org\/ayuntamiento\/?p=14532"},"modified":"2021-05-24T19:13:56","modified_gmt":"2021-05-24T17:13:56","slug":"verano-y-deporte-la-opcion-mas-divertida","status":"publish","type":"post","link":"https:\/\/www.caudete.org\/ayuntamiento\/verano-y-deporte-la-opcion-mas-divertida\/","title":{"rendered":"La Concejal\u00eda de Deportes anuncia su oferta deportiva para este pr\u00f3ximo verano"},"content":{"rendered":"<p style=\"font-weight: 400;\">\u00a0La Concejal\u00eda de Deportes ya ha anunciado su nueva oferta deportiva para este pr\u00f3ximo periodo estival. Una oferta muy atractiva y completa dise\u00f1ada pensando en todos los p\u00fablicos y muy especialmente en los escolares con el fin de que durante su periodo de vacaciones puedan ocupar su tiempo libre de una forma positiva y saludable, a la vez que permitir a las familias conciliar las vacaciones escolares con las ocupaciones diarias de los padres.<\/p>\n<p style=\"font-weight: 400;\">La oferta se divide en tres grandes grandes bloques. El primero, el programa acu\u00e1tico lo componen los cursos de nataci\u00f3n, el aquerobic-aquazumba, la nataci\u00f3n dirigida y la nataci\u00f3n libre. El segundo bloque lo forman un total de once campus deportivos segmentados en diferentes franjas de edad, lo que permite ofrecer una alta variedad de modalidades deportivas. Cabe destacar que para la celebraci\u00f3n de ciertos campus se contar\u00e1 con la participaci\u00f3n de clubes de gran referencia como son los casos del Albacete Balompi\u00e9, Onil 3&#215;3 que cuenta entre sus integrantes con exjugadores profesionales de baloncesto en las divisiones ACB, LEB Oro y Plata, Club TRS Madrid, Asociaci\u00f3n Deportiva Albatros\u2026 El \u00faltimo bloque lo conforman los torneos multideportivos, dirigidos para las categor\u00edas de infantil y cadete, donde competir\u00e1n en una gran cantidad de modalidades deportivas como f\u00fatbol 3&#215;3, basket 3&#215;3, v\u00f3ley playa, hockey\u2026 cerrando el \u00faltimo d\u00eda como colof\u00f3n final con una tanda en el circuito de karting de Villena.<\/p>\n<p style=\"font-weight: 400;\">A continuaci\u00f3n se puede consultar la programaci\u00f3n completa en el siguiente enlace<\/p>\n<p style=\"font-weight: 400;\"><a href=\"https:\/\/www.caudete.org\/ayuntamiento\/wp-content\/uploads\/2021\/05\/DEPORTES-VERANO-2021-Folleto.pdf\" class=\"mtli_attachment mtli_pdf\"><b><strong>CLIC EN LA IM\u00c1GEN PARA VER LA PROGRAMACI\u00d3N<\/strong><\/b><\/a><\/p>\n<p style=\"font-weight: 400;\">\n<p><a href=\"https:\/\/www.caudete.org\/ayuntamiento\/wp-content\/uploads\/2021\/05\/DEPORTES-VERANO-2021-Folleto.pdf\" class=\"mtli_attachment mtli_pdf\"><img fetchpriority=\"high\" decoding=\"async\" class=\"wp-image-14535 size-medium aligncenter\" src=\"https:\/\/www.caudete.org\/ayuntamiento\/wp-content\/uploads\/2021\/05\/DEPORTES-VERANO-2021-Folleto_001-229x300.jpg\" rel='prettyPhoto' alt=\"\" width=\"229\" height=\"300\" srcset=\"https:\/\/www.caudete.org\/ayuntamiento\/wp-content\/uploads\/2021\/05\/DEPORTES-VERANO-2021-Folleto_001-229x300.jpg 229w, https:\/\/www.caudete.org\/ayuntamiento\/wp-content\/uploads\/2021\/05\/DEPORTES-VERANO-2021-Folleto_001-781x1024.jpg 781w, https:\/\/www.caudete.org\/ayuntamiento\/wp-content\/uploads\/2021\/05\/DEPORTES-VERANO-2021-Folleto_001-768x1007.jpg 768w, https:\/\/www.caudete.org\/ayuntamiento\/wp-content\/uploads\/2021\/05\/DEPORTES-VERANO-2021-Folleto_001-1172x1536.jpg 1172w, https:\/\/www.caudete.org\/ayuntamiento\/wp-content\/uploads\/2021\/05\/DEPORTES-VERANO-2021-Folleto_001-1563x2048.jpg 1563w, https:\/\/www.caudete.org\/ayuntamiento\/wp-content\/uploads\/2021\/05\/DEPORTES-VERANO-2021-Folleto_001-scaled.jpg 1953w\" sizes=\"(max-width: 229px) 100vw, 229px\" \/><\/a><\/p>\n","protected":false},"excerpt":{"rendered":"<p>\u00a0La Concejal\u00eda de Deportes ya ha anunciado su nueva oferta deportiva para este pr\u00f3ximo periodo estival. Una oferta muy atractiva y completa dise\u00f1ada pensando en todos los p\u00fablicos y muy especialmente en los escolares con el fin de que durante su periodo de vacaciones puedan ocupar su tiempo libre de una forma positiva y saludable, &hellip;<\/p>\n","protected":false},"author":2,"featured_media":14536,"comment_status":"closed","ping_status":"open","sticky":false,"template":"","format":"standard","meta":{"ngg_post_thumbnail":0,"footnotes":""},"categories":[23],"tags":[646],"class_list":["post-14532","post","type-post","status-publish","format-standard","has-post-thumbnail","hentry","category-deportes","tag-actividades-deportivas"],"yoast_head":"<!-- This site is optimized with the Yoast SEO plugin v27.5 - https:\/\/yoast.com\/product\/yoast-seo-wordpress\/ -->\n<title>La Concejal\u00eda de Deportes anuncia su oferta deportiva para este pr\u00f3ximo verano - MI Ayuntamiento de Caudete<\/title>\n<meta name=\"description\" content=\"P\u00e1gina Oficial del Ayuntamiento de Caudete (Albacete)\" \/>\n<meta name=\"robots\" content=\"index, follow, max-snippet:-1, max-image-preview:large, max-video-preview:-1\" \/>\n<link rel=\"canonical\" href=\"https:\/\/www.caudete.org\/ayuntamiento\/verano-y-deporte-la-opcion-mas-divertida\/\" \/>\n<meta property=\"og:locale\" content=\"es_ES\" \/>\n<meta property=\"og:type\" content=\"article\" \/>\n<meta property=\"og:title\" content=\"La Concejal\u00eda de Deportes anuncia su oferta deportiva para este pr\u00f3ximo verano - MI Ayuntamiento de Caudete\" \/>\n<meta property=\"og:description\" content=\"P\u00e1gina Oficial del Ayuntamiento de Caudete (Albacete)\" \/>\n<meta property=\"og:url\" content=\"https:\/\/www.caudete.org\/ayuntamiento\/verano-y-deporte-la-opcion-mas-divertida\/\" \/>\n<meta property=\"og:site_name\" content=\"MI Ayuntamiento de Caudete\" \/>\n<meta property=\"article:publisher\" content=\"https:\/\/www.facebook.com\/ayuntamientocaudete\/\" \/>\n<meta property=\"article:published_time\" content=\"2021-05-21T21:50:11+00:00\" \/>\n<meta property=\"article:modified_time\" content=\"2021-05-24T17:13:56+00:00\" \/>\n<meta property=\"og:image\" content=\"https:\/\/www.caudete.org\/ayuntamiento\/wp-content\/uploads\/2021\/05\/Verano-2021-Web.jpg\" \/>\n\t<meta property=\"og:image:width\" content=\"864\" \/>\n\t<meta property=\"og:image:height\" content=\"380\" \/>\n\t<meta property=\"og:image:type\" content=\"image\/jpeg\" \/>\n<meta name=\"author\" content=\"Juan\" \/>\n<meta name=\"twitter:card\" content=\"summary_large_image\" \/>\n<meta name=\"twitter:label1\" content=\"Escrito por\" \/>\n\t<meta name=\"twitter:data1\" content=\"Juan\" \/>\n\t<meta name=\"twitter:label2\" content=\"Tiempo de lectura\" \/>\n\t<meta name=\"twitter:data2\" content=\"2 minutos\" \/>\n<script type=\"application\/ld+json\" class=\"yoast-schema-graph\">{\"@context\":\"https:\\\/\\\/schema.org\",\"@graph\":[{\"@type\":\"Article\",\"@id\":\"https:\\\/\\\/www.caudete.org\\\/ayuntamiento\\\/verano-y-deporte-la-opcion-mas-divertida\\\/#article\",\"isPartOf\":{\"@id\":\"https:\\\/\\\/www.caudete.org\\\/ayuntamiento\\\/verano-y-deporte-la-opcion-mas-divertida\\\/\"},\"author\":{\"name\":\"Juan\",\"@id\":\"https:\\\/\\\/www.caudete.org\\\/ayuntamiento\\\/#\\\/schema\\\/person\\\/7656a5bb58fca95b9814e940de0fda63\"},\"headline\":\"La Concejal\u00eda de Deportes anuncia su oferta deportiva para este pr\u00f3ximo verano\",\"datePublished\":\"2021-05-21T21:50:11+00:00\",\"dateModified\":\"2021-05-24T17:13:56+00:00\",\"mainEntityOfPage\":{\"@id\":\"https:\\\/\\\/www.caudete.org\\\/ayuntamiento\\\/verano-y-deporte-la-opcion-mas-divertida\\\/\"},\"wordCount\":287,\"publisher\":{\"@id\":\"https:\\\/\\\/www.caudete.org\\\/ayuntamiento\\\/#organization\"},\"image\":{\"@id\":\"https:\\\/\\\/www.caudete.org\\\/ayuntamiento\\\/verano-y-deporte-la-opcion-mas-divertida\\\/#primaryimage\"},\"thumbnailUrl\":\"https:\\\/\\\/www.caudete.org\\\/ayuntamiento\\\/wp-content\\\/uploads\\\/2021\\\/05\\\/Verano-2021-Web.jpg\",\"keywords\":[\"Actividades deportivas\"],\"articleSection\":[\"Deportes\"],\"inLanguage\":\"es\"},{\"@type\":\"WebPage\",\"@id\":\"https:\\\/\\\/www.caudete.org\\\/ayuntamiento\\\/verano-y-deporte-la-opcion-mas-divertida\\\/\",\"url\":\"https:\\\/\\\/www.caudete.org\\\/ayuntamiento\\\/verano-y-deporte-la-opcion-mas-divertida\\\/\",\"name\":\"La Concejal\u00eda de Deportes anuncia su oferta deportiva para este pr\u00f3ximo verano - MI Ayuntamiento de Caudete\",\"isPartOf\":{\"@id\":\"https:\\\/\\\/www.caudete.org\\\/ayuntamiento\\\/#website\"},\"primaryImageOfPage\":{\"@id\":\"https:\\\/\\\/www.caudete.org\\\/ayuntamiento\\\/verano-y-deporte-la-opcion-mas-divertida\\\/#primaryimage\"},\"image\":{\"@id\":\"https:\\\/\\\/www.caudete.org\\\/ayuntamiento\\\/verano-y-deporte-la-opcion-mas-divertida\\\/#primaryimage\"},\"thumbnailUrl\":\"https:\\\/\\\/www.caudete.org\\\/ayuntamiento\\\/wp-content\\\/uploads\\\/2021\\\/05\\\/Verano-2021-Web.jpg\",\"datePublished\":\"2021-05-21T21:50:11+00:00\",\"dateModified\":\"2021-05-24T17:13:56+00:00\",\"description\":\"P\u00e1gina Oficial del Ayuntamiento de Caudete (Albacete)\",\"breadcrumb\":{\"@id\":\"https:\\\/\\\/www.caudete.org\\\/ayuntamiento\\\/verano-y-deporte-la-opcion-mas-divertida\\\/#breadcrumb\"},\"inLanguage\":\"es\",\"potentialAction\":[{\"@type\":\"ReadAction\",\"target\":[\"https:\\\/\\\/www.caudete.org\\\/ayuntamiento\\\/verano-y-deporte-la-opcion-mas-divertida\\\/\"]}]},{\"@type\":\"ImageObject\",\"inLanguage\":\"es\",\"@id\":\"https:\\\/\\\/www.caudete.org\\\/ayuntamiento\\\/verano-y-deporte-la-opcion-mas-divertida\\\/#primaryimage\",\"url\":\"https:\\\/\\\/www.caudete.org\\\/ayuntamiento\\\/wp-content\\\/uploads\\\/2021\\\/05\\\/Verano-2021-Web.jpg\",\"contentUrl\":\"https:\\\/\\\/www.caudete.org\\\/ayuntamiento\\\/wp-content\\\/uploads\\\/2021\\\/05\\\/Verano-2021-Web.jpg\",\"width\":864,\"height\":380},{\"@type\":\"BreadcrumbList\",\"@id\":\"https:\\\/\\\/www.caudete.org\\\/ayuntamiento\\\/verano-y-deporte-la-opcion-mas-divertida\\\/#breadcrumb\",\"itemListElement\":[{\"@type\":\"ListItem\",\"position\":1,\"name\":\"Inicio\",\"item\":\"https:\\\/\\\/www.caudete.org\\\/ayuntamiento\\\/\"},{\"@type\":\"ListItem\",\"position\":2,\"name\":\"La Concejal\u00eda de Deportes anuncia su oferta deportiva para este pr\u00f3ximo verano\"}]},{\"@type\":\"WebSite\",\"@id\":\"https:\\\/\\\/www.caudete.org\\\/ayuntamiento\\\/#website\",\"url\":\"https:\\\/\\\/www.caudete.org\\\/ayuntamiento\\\/\",\"name\":\"MI Ayuntamiento de Caudete\",\"description\":\"P\u00e1gina Oficial del MI Ayuntamiento de Caudete\",\"publisher\":{\"@id\":\"https:\\\/\\\/www.caudete.org\\\/ayuntamiento\\\/#organization\"},\"potentialAction\":[{\"@type\":\"SearchAction\",\"target\":{\"@type\":\"EntryPoint\",\"urlTemplate\":\"https:\\\/\\\/www.caudete.org\\\/ayuntamiento\\\/?s={search_term_string}\"},\"query-input\":{\"@type\":\"PropertyValueSpecification\",\"valueRequired\":true,\"valueName\":\"search_term_string\"}}],\"inLanguage\":\"es\"},{\"@type\":\"Organization\",\"@id\":\"https:\\\/\\\/www.caudete.org\\\/ayuntamiento\\\/#organization\",\"name\":\"Ayuntamiento de Caudete\",\"url\":\"https:\\\/\\\/www.caudete.org\\\/ayuntamiento\\\/\",\"logo\":{\"@type\":\"ImageObject\",\"inLanguage\":\"es\",\"@id\":\"https:\\\/\\\/www.caudete.org\\\/ayuntamiento\\\/#\\\/schema\\\/logo\\\/image\\\/\",\"url\":\"https:\\\/\\\/www.caudete.org\\\/ayuntamiento\\\/wp-content\\\/uploads\\\/2020\\\/11\\\/logo_ayuntamiento_caudete.jpg\",\"contentUrl\":\"https:\\\/\\\/www.caudete.org\\\/ayuntamiento\\\/wp-content\\\/uploads\\\/2020\\\/11\\\/logo_ayuntamiento_caudete.jpg\",\"width\":600,\"height\":150,\"caption\":\"Ayuntamiento de Caudete\"},\"image\":{\"@id\":\"https:\\\/\\\/www.caudete.org\\\/ayuntamiento\\\/#\\\/schema\\\/logo\\\/image\\\/\"},\"sameAs\":[\"https:\\\/\\\/www.facebook.com\\\/ayuntamientocaudete\\\/\",\"https:\\\/\\\/www.youtube.com\\\/channel\\\/UC6VztHaooNsGpw-tNoBEFnQ\"]},{\"@type\":\"Person\",\"@id\":\"https:\\\/\\\/www.caudete.org\\\/ayuntamiento\\\/#\\\/schema\\\/person\\\/7656a5bb58fca95b9814e940de0fda63\",\"name\":\"Juan\",\"image\":{\"@type\":\"ImageObject\",\"inLanguage\":\"es\",\"@id\":\"https:\\\/\\\/secure.gravatar.com\\\/avatar\\\/dd53e51c0cd6ab23f52d4f3e4f1c59730240727763de3dbbf26750b079a2c292?s=96&d=mm&r=g\",\"url\":\"https:\\\/\\\/secure.gravatar.com\\\/avatar\\\/dd53e51c0cd6ab23f52d4f3e4f1c59730240727763de3dbbf26750b079a2c292?s=96&d=mm&r=g\",\"contentUrl\":\"https:\\\/\\\/secure.gravatar.com\\\/avatar\\\/dd53e51c0cd6ab23f52d4f3e4f1c59730240727763de3dbbf26750b079a2c292?s=96&d=mm&r=g\",\"caption\":\"Juan\"},\"url\":\"https:\\\/\\\/www.caudete.org\\\/ayuntamiento\\\/author\\\/centrodeinternet\\\/\"}]}<\/script>\n<!-- \/ Yoast SEO plugin. -->","yoast_head_json":{"title":"La Concejal\u00eda de Deportes anuncia su oferta deportiva para este pr\u00f3ximo verano - MI Ayuntamiento de Caudete","description":"P\u00e1gina Oficial del Ayuntamiento de Caudete (Albacete)","robots":{"index":"index","follow":"follow","max-snippet":"max-snippet:-1","max-image-preview":"max-image-preview:large","max-video-preview":"max-video-preview:-1"},"canonical":"https:\/\/www.caudete.org\/ayuntamiento\/verano-y-deporte-la-opcion-mas-divertida\/","og_locale":"es_ES","og_type":"article","og_title":"La Concejal\u00eda de Deportes anuncia su oferta deportiva para este pr\u00f3ximo verano - MI Ayuntamiento de Caudete","og_description":"P\u00e1gina Oficial del Ayuntamiento de Caudete (Albacete)","og_url":"https:\/\/www.caudete.org\/ayuntamiento\/verano-y-deporte-la-opcion-mas-divertida\/","og_site_name":"MI Ayuntamiento de Caudete","article_publisher":"https:\/\/www.facebook.com\/ayuntamientocaudete\/","article_published_time":"2021-05-21T21:50:11+00:00","article_modified_time":"2021-05-24T17:13:56+00:00","og_image":[{"width":864,"height":380,"url":"https:\/\/www.caudete.org\/ayuntamiento\/wp-content\/uploads\/2021\/05\/Verano-2021-Web.jpg","type":"image\/jpeg"}],"author":"Juan","twitter_card":"summary_large_image","twitter_misc":{"Escrito por":"Juan","Tiempo de lectura":"2 minutos"},"schema":{"@context":"https:\/\/schema.org","@graph":[{"@type":"Article","@id":"https:\/\/www.caudete.org\/ayuntamiento\/verano-y-deporte-la-opcion-mas-divertida\/#article","isPartOf":{"@id":"https:\/\/www.caudete.org\/ayuntamiento\/verano-y-deporte-la-opcion-mas-divertida\/"},"author":{"name":"Juan","@id":"https:\/\/www.caudete.org\/ayuntamiento\/#\/schema\/person\/7656a5bb58fca95b9814e940de0fda63"},"headline":"La Concejal\u00eda de Deportes anuncia su oferta deportiva para este pr\u00f3ximo verano","datePublished":"2021-05-21T21:50:11+00:00","dateModified":"2021-05-24T17:13:56+00:00","mainEntityOfPage":{"@id":"https:\/\/www.caudete.org\/ayuntamiento\/verano-y-deporte-la-opcion-mas-divertida\/"},"wordCount":287,"publisher":{"@id":"https:\/\/www.caudete.org\/ayuntamiento\/#organization"},"image":{"@id":"https:\/\/www.caudete.org\/ayuntamiento\/verano-y-deporte-la-opcion-mas-divertida\/#primaryimage"},"thumbnailUrl":"https:\/\/www.caudete.org\/ayuntamiento\/wp-content\/uploads\/2021\/05\/Verano-2021-Web.jpg","keywords":["Actividades deportivas"],"articleSection":["Deportes"],"inLanguage":"es"},{"@type":"WebPage","@id":"https:\/\/www.caudete.org\/ayuntamiento\/verano-y-deporte-la-opcion-mas-divertida\/","url":"https:\/\/www.caudete.org\/ayuntamiento\/verano-y-deporte-la-opcion-mas-divertida\/","name":"La Concejal\u00eda de Deportes anuncia su oferta deportiva para este pr\u00f3ximo verano - MI Ayuntamiento de Caudete","isPartOf":{"@id":"https:\/\/www.caudete.org\/ayuntamiento\/#website"},"primaryImageOfPage":{"@id":"https:\/\/www.caudete.org\/ayuntamiento\/verano-y-deporte-la-opcion-mas-divertida\/#primaryimage"},"image":{"@id":"https:\/\/www.caudete.org\/ayuntamiento\/verano-y-deporte-la-opcion-mas-divertida\/#primaryimage"},"thumbnailUrl":"https:\/\/www.caudete.org\/ayuntamiento\/wp-content\/uploads\/2021\/05\/Verano-2021-Web.jpg","datePublished":"2021-05-21T21:50:11+00:00","dateModified":"2021-05-24T17:13:56+00:00","description":"P\u00e1gina Oficial del Ayuntamiento de Caudete (Albacete)","breadcrumb":{"@id":"https:\/\/www.caudete.org\/ayuntamiento\/verano-y-deporte-la-opcion-mas-divertida\/#breadcrumb"},"inLanguage":"es","potentialAction":[{"@type":"ReadAction","target":["https:\/\/www.caudete.org\/ayuntamiento\/verano-y-deporte-la-opcion-mas-divertida\/"]}]},{"@type":"ImageObject","inLanguage":"es","@id":"https:\/\/www.caudete.org\/ayuntamiento\/verano-y-deporte-la-opcion-mas-divertida\/#primaryimage","url":"https:\/\/www.caudete.org\/ayuntamiento\/wp-content\/uploads\/2021\/05\/Verano-2021-Web.jpg","contentUrl":"https:\/\/www.caudete.org\/ayuntamiento\/wp-content\/uploads\/2021\/05\/Verano-2021-Web.jpg","width":864,"height":380},{"@type":"BreadcrumbList","@id":"https:\/\/www.caudete.org\/ayuntamiento\/verano-y-deporte-la-opcion-mas-divertida\/#breadcrumb","itemListElement":[{"@type":"ListItem","position":1,"name":"Inicio","item":"https:\/\/www.caudete.org\/ayuntamiento\/"},{"@type":"ListItem","position":2,"name":"La Concejal\u00eda de Deportes anuncia su oferta deportiva para este pr\u00f3ximo verano"}]},{"@type":"WebSite","@id":"https:\/\/www.caudete.org\/ayuntamiento\/#website","url":"https:\/\/www.caudete.org\/ayuntamiento\/","name":"MI Ayuntamiento de Caudete","description":"P\u00e1gina Oficial del MI Ayuntamiento de Caudete","publisher":{"@id":"https:\/\/www.caudete.org\/ayuntamiento\/#organization"},"potentialAction":[{"@type":"SearchAction","target":{"@type":"EntryPoint","urlTemplate":"https:\/\/www.caudete.org\/ayuntamiento\/?s={search_term_string}"},"query-input":{"@type":"PropertyValueSpecification","valueRequired":true,"valueName":"search_term_string"}}],"inLanguage":"es"},{"@type":"Organization","@id":"https:\/\/www.caudete.org\/ayuntamiento\/#organization","name":"Ayuntamiento de Caudete","url":"https:\/\/www.caudete.org\/ayuntamiento\/","logo":{"@type":"ImageObject","inLanguage":"es","@id":"https:\/\/www.caudete.org\/ayuntamiento\/#\/schema\/logo\/image\/","url":"https:\/\/www.caudete.org\/ayuntamiento\/wp-content\/uploads\/2020\/11\/logo_ayuntamiento_caudete.jpg","contentUrl":"https:\/\/www.caudete.org\/ayuntamiento\/wp-content\/uploads\/2020\/11\/logo_ayuntamiento_caudete.jpg","width":600,"height":150,"caption":"Ayuntamiento de Caudete"},"image":{"@id":"https:\/\/www.caudete.org\/ayuntamiento\/#\/schema\/logo\/image\/"},"sameAs":["https:\/\/www.facebook.com\/ayuntamientocaudete\/","https:\/\/www.youtube.com\/channel\/UC6VztHaooNsGpw-tNoBEFnQ"]},{"@type":"Person","@id":"https:\/\/www.caudete.org\/ayuntamiento\/#\/schema\/person\/7656a5bb58fca95b9814e940de0fda63","name":"Juan","image":{"@type":"ImageObject","inLanguage":"es","@id":"https:\/\/secure.gravatar.com\/avatar\/dd53e51c0cd6ab23f52d4f3e4f1c59730240727763de3dbbf26750b079a2c292?s=96&d=mm&r=g","url":"https:\/\/secure.gravatar.com\/avatar\/dd53e51c0cd6ab23f52d4f3e4f1c59730240727763de3dbbf26750b079a2c292?s=96&d=mm&r=g","contentUrl":"https:\/\/secure.gravatar.com\/avatar\/dd53e51c0cd6ab23f52d4f3e4f1c59730240727763de3dbbf26750b079a2c292?s=96&d=mm&r=g","caption":"Juan"},"url":"https:\/\/www.caudete.org\/ayuntamiento\/author\/centrodeinternet\/"}]}},"_links":{"self":[{"href":"https:\/\/www.caudete.org\/ayuntamiento\/wp-json\/wp\/v2\/posts\/14532","targetHints":{"allow":["GET"]}}],"collection":[{"href":"https:\/\/www.caudete.org\/ayuntamiento\/wp-json\/wp\/v2\/posts"}],"about":[{"href":"https:\/\/www.caudete.org\/ayuntamiento\/wp-json\/wp\/v2\/types\/post"}],"author":[{"embeddable":true,"href":"https:\/\/www.caudete.org\/ayuntamiento\/wp-json\/wp\/v2\/users\/2"}],"replies":[{"embeddable":true,"href":"https:\/\/www.caudete.org\/ayuntamiento\/wp-json\/wp\/v2\/comments?post=14532"}],"version-history":[{"count":10,"href":"https:\/\/www.caudete.org\/ayuntamiento\/wp-json\/wp\/v2\/posts\/14532\/revisions"}],"predecessor-version":[{"id":14597,"href":"https:\/\/www.caudete.org\/ayuntamiento\/wp-json\/wp\/v2\/posts\/14532\/revisions\/14597"}],"wp:featuredmedia":[{"embeddable":true,"href":"https:\/\/www.caudete.org\/ayuntamiento\/wp-json\/wp\/v2\/media\/14536"}],"wp:attachment":[{"href":"https:\/\/www.caudete.org\/ayuntamiento\/wp-json\/wp\/v2\/media?parent=14532"}],"wp:term":[{"taxonomy":"category","embeddable":true,"href":"https:\/\/www.caudete.org\/ayuntamiento\/wp-json\/wp\/v2\/categories?post=14532"},{"taxonomy":"post_tag","embeddable":true,"href":"https:\/\/www.caudete.org\/ayuntamiento\/wp-json\/wp\/v2\/tags?post=14532"}],"curies":[{"name":"wp","href":"https:\/\/api.w.org\/{rel}","templated":true}]}}