{"id":14574,"date":"2021-05-24T11:17:55","date_gmt":"2021-05-24T09:17:55","guid":{"rendered":"https:\/\/www.caudete.org\/ayuntamiento\/?p=14574"},"modified":"2021-06-15T14:38:44","modified_gmt":"2021-06-15T12:38:44","slug":"presentacion-de-bases-xvi-certamen-nacional-de-acuarela-villa-de-caudete","status":"publish","type":"post","link":"https:\/\/www.caudete.org\/ayuntamiento\/presentacion-de-bases-xvi-certamen-nacional-de-acuarela-villa-de-caudete\/","title":{"rendered":"Presentaci\u00f3n de las Bases del XVI CERTAMEN NACIONAL DE ACUARELA VILLA DE CAUDETE"},"content":{"rendered":"<p style=\"text-align: justify;\"><strong>El concejal de Cultura Luis Felipe Ba\u00f1\u00f3n<\/strong> ha presentado las bases del <strong>XVI Certamen Nacional de Acuarela Villa de Caudete<\/strong> en el <strong>Museo de Acuarela Rafael Requena<\/strong>.<\/p>\n<p style=\"text-align: justify;\">El Ayuntamiento de Caudete convoca una nueva edici\u00f3n de este Certamen buscando <strong>fomentar esta disciplina pict\u00f3rica<\/strong> y promocionar las creaciones de los artistas en acuarela. Esta actividad es organizada cada dos a\u00f1os a trav\u00e9s de la Concejal\u00eda de Cultura consiguiendo que los m\u00e1s prestigiosos acuarelistas nacionales concurran presentando lo mejor y m\u00e1s innovador de su obra. Esta XVI edici\u00f3n cuenta con el patrocinio de Fundaci\u00f3n Globalcaja Albacete, M\u00e1rmoles Bolmax, Crisnova Vidrio, Camacho Recycling, Transportes Caudete S.A., y la Excelent\u00edsima Diputaci\u00f3n Provincial de Albacete con una suma total de <strong>9.700 euros en premios<\/strong> consolid\u00e1ndose este Certamen como uno de los m\u00e1s importantes a nivel nacional en esta disciplina art\u00edstica.<\/p>\n<p style=\"text-align: justify;\"><strong>Son cinco los Premios establecidos en las bases<\/strong> :Primer Premio, dotado con 3.000 euros, donados por Camacho Recycling y la Concejal\u00eda de Cultura, Segundo Premio, dotado con 2.500 euros que ser\u00e1 donado por la Fundaci\u00f3n Globalcaja Albacete; Tercer Premio, que tiene una dotaci\u00f3n de 2.000 euros donado por la empresa M\u00e1rmoles Bolmax; Cuarto premio con una dotaci\u00f3n de 1.200 euros donado por la empresa Crisnova Vidrio y el Quinto premio con una dotaci\u00f3n de 1.000 euros donado por la empresa Transportes Caudete.<\/p>\n<p style=\"text-align: justify;\">Al certamen podr\u00e1n concurrir <strong>artistas espa\u00f1oles o extranjeros<\/strong>, con un <strong>tema libre y original<\/strong>, admiti\u00e9ndose <strong>una sola obra por autor<\/strong>, siendo condici\u00f3n indispensable que no hayan sido premiadas en ning\u00fan otro certamen.<\/p>\n<p style=\"text-align: justify;\">La inscripci\u00f3n al Certamen comienza el <strong>lunes 24 de mayo y finaliza el 9 de julio<\/strong>. Entre el 12 y 18 de julio un jurado de expertos seleccionar\u00e1 de la totalidad de las obras recibidas, aquellas que formar\u00e1n parte de la exposici\u00f3n, que <strong>se inaugurar\u00e1 el d\u00eda 23 de octubre y que permanecer\u00e1 abierta hasta el 19 de noviembre de 2021.<\/strong><\/p>\n<p style=\"text-align: justify;\"><a href=\"https:\/\/www.caudete.org\/ayuntamiento\/certamen-nacional-de-acuarela-villa-de-caudete\"><strong>M\u00e1s informaci\u00f3n de Inscripci\u00f3n y Bases detalladas del Certamen<\/strong><\/a><\/p>\n<p>&nbsp;<\/p>\n","protected":false},"excerpt":{"rendered":"<p>El concejal de Cultura Luis Felipe Ba\u00f1\u00f3n ha presentado las bases del XVI Certamen Nacional de Acuarela Villa de Caudete en el Museo de Acuarela Rafael Requena. El Ayuntamiento de Caudete convoca una nueva edici\u00f3n de este Certamen buscando fomentar esta disciplina pict\u00f3rica y promocionar las creaciones de los artistas en acuarela. Esta actividad es &hellip;<\/p>\n","protected":false},"author":2,"featured_media":14965,"comment_status":"closed","ping_status":"open","sticky":true,"template":"","format":"standard","meta":{"ngg_post_thumbnail":0,"footnotes":""},"categories":[14],"tags":[651,650,649,670],"class_list":["post-14574","post","type-post","status-publish","format-standard","has-post-thumbnail","hentry","category-cultura","tag-acuarela","tag-certamen-acuarela-villa-de-caudete","tag-certamen-nacional-de-acuarela","tag-destacado"],"yoast_head":"<!-- This site is optimized with the Yoast SEO plugin v27.5 - https:\/\/yoast.com\/product\/yoast-seo-wordpress\/ -->\n<title>Presentaci\u00f3n de las Bases del XVI CERTAMEN NACIONAL DE ACUARELA VILLA DE CAUDETE - MI Ayuntamiento de Caudete<\/title>\n<meta name=\"description\" content=\"P\u00e1gina Oficial del Ayuntamiento de Caudete (Albacete)\" \/>\n<meta name=\"robots\" content=\"index, follow, max-snippet:-1, max-image-preview:large, max-video-preview:-1\" \/>\n<link rel=\"canonical\" href=\"https:\/\/www.caudete.org\/ayuntamiento\/presentacion-de-bases-xvi-certamen-nacional-de-acuarela-villa-de-caudete\/\" \/>\n<meta property=\"og:locale\" content=\"es_ES\" \/>\n<meta property=\"og:type\" content=\"article\" \/>\n<meta property=\"og:title\" content=\"Presentaci\u00f3n de las Bases del XVI CERTAMEN NACIONAL DE ACUARELA VILLA DE CAUDETE - MI Ayuntamiento de Caudete\" \/>\n<meta property=\"og:description\" content=\"P\u00e1gina Oficial del Ayuntamiento de Caudete (Albacete)\" \/>\n<meta property=\"og:url\" content=\"https:\/\/www.caudete.org\/ayuntamiento\/presentacion-de-bases-xvi-certamen-nacional-de-acuarela-villa-de-caudete\/\" \/>\n<meta property=\"og:site_name\" content=\"MI Ayuntamiento de Caudete\" \/>\n<meta property=\"article:publisher\" content=\"https:\/\/www.facebook.com\/ayuntamientocaudete\/\" \/>\n<meta property=\"article:published_time\" content=\"2021-05-24T09:17:55+00:00\" \/>\n<meta property=\"article:modified_time\" content=\"2021-06-15T12:38:44+00:00\" \/>\n<meta property=\"og:image\" content=\"https:\/\/www.caudete.org\/ayuntamiento\/wp-content\/uploads\/2021\/05\/acuarela_felipe.jpg\" \/>\n\t<meta property=\"og:image:width\" content=\"640\" \/>\n\t<meta property=\"og:image:height\" content=\"386\" \/>\n\t<meta property=\"og:image:type\" content=\"image\/jpeg\" \/>\n<meta name=\"author\" content=\"Juan\" \/>\n<meta name=\"twitter:card\" content=\"summary_large_image\" \/>\n<meta name=\"twitter:label1\" content=\"Escrito por\" \/>\n\t<meta name=\"twitter:data1\" content=\"Juan\" \/>\n\t<meta name=\"twitter:label2\" content=\"Tiempo de lectura\" \/>\n\t<meta name=\"twitter:data2\" content=\"2 minutos\" \/>\n<script type=\"application\/ld+json\" class=\"yoast-schema-graph\">{\"@context\":\"https:\\\/\\\/schema.org\",\"@graph\":[{\"@type\":\"Article\",\"@id\":\"https:\\\/\\\/www.caudete.org\\\/ayuntamiento\\\/presentacion-de-bases-xvi-certamen-nacional-de-acuarela-villa-de-caudete\\\/#article\",\"isPartOf\":{\"@id\":\"https:\\\/\\\/www.caudete.org\\\/ayuntamiento\\\/presentacion-de-bases-xvi-certamen-nacional-de-acuarela-villa-de-caudete\\\/\"},\"author\":{\"name\":\"Juan\",\"@id\":\"https:\\\/\\\/www.caudete.org\\\/ayuntamiento\\\/#\\\/schema\\\/person\\\/7656a5bb58fca95b9814e940de0fda63\"},\"headline\":\"Presentaci\u00f3n de las Bases del XVI CERTAMEN NACIONAL DE ACUARELA VILLA DE CAUDETE\",\"datePublished\":\"2021-05-24T09:17:55+00:00\",\"dateModified\":\"2021-06-15T12:38:44+00:00\",\"mainEntityOfPage\":{\"@id\":\"https:\\\/\\\/www.caudete.org\\\/ayuntamiento\\\/presentacion-de-bases-xvi-certamen-nacional-de-acuarela-villa-de-caudete\\\/\"},\"wordCount\":356,\"publisher\":{\"@id\":\"https:\\\/\\\/www.caudete.org\\\/ayuntamiento\\\/#organization\"},\"image\":{\"@id\":\"https:\\\/\\\/www.caudete.org\\\/ayuntamiento\\\/presentacion-de-bases-xvi-certamen-nacional-de-acuarela-villa-de-caudete\\\/#primaryimage\"},\"thumbnailUrl\":\"https:\\\/\\\/www.caudete.org\\\/ayuntamiento\\\/wp-content\\\/uploads\\\/2021\\\/05\\\/acuarela_felipe.jpg\",\"keywords\":[\"Acuarela\",\"Certamen Acuarela \\\"Villa de Caudete\\\"\",\"Certamen Nacional de Acuarela\",\"destacado\"],\"articleSection\":[\"Cultura\"],\"inLanguage\":\"es\"},{\"@type\":\"WebPage\",\"@id\":\"https:\\\/\\\/www.caudete.org\\\/ayuntamiento\\\/presentacion-de-bases-xvi-certamen-nacional-de-acuarela-villa-de-caudete\\\/\",\"url\":\"https:\\\/\\\/www.caudete.org\\\/ayuntamiento\\\/presentacion-de-bases-xvi-certamen-nacional-de-acuarela-villa-de-caudete\\\/\",\"name\":\"Presentaci\u00f3n de las Bases del XVI CERTAMEN NACIONAL DE ACUARELA VILLA DE CAUDETE - MI Ayuntamiento de Caudete\",\"isPartOf\":{\"@id\":\"https:\\\/\\\/www.caudete.org\\\/ayuntamiento\\\/#website\"},\"primaryImageOfPage\":{\"@id\":\"https:\\\/\\\/www.caudete.org\\\/ayuntamiento\\\/presentacion-de-bases-xvi-certamen-nacional-de-acuarela-villa-de-caudete\\\/#primaryimage\"},\"image\":{\"@id\":\"https:\\\/\\\/www.caudete.org\\\/ayuntamiento\\\/presentacion-de-bases-xvi-certamen-nacional-de-acuarela-villa-de-caudete\\\/#primaryimage\"},\"thumbnailUrl\":\"https:\\\/\\\/www.caudete.org\\\/ayuntamiento\\\/wp-content\\\/uploads\\\/2021\\\/05\\\/acuarela_felipe.jpg\",\"datePublished\":\"2021-05-24T09:17:55+00:00\",\"dateModified\":\"2021-06-15T12:38:44+00:00\",\"description\":\"P\u00e1gina Oficial del Ayuntamiento de Caudete (Albacete)\",\"breadcrumb\":{\"@id\":\"https:\\\/\\\/www.caudete.org\\\/ayuntamiento\\\/presentacion-de-bases-xvi-certamen-nacional-de-acuarela-villa-de-caudete\\\/#breadcrumb\"},\"inLanguage\":\"es\",\"potentialAction\":[{\"@type\":\"ReadAction\",\"target\":[\"https:\\\/\\\/www.caudete.org\\\/ayuntamiento\\\/presentacion-de-bases-xvi-certamen-nacional-de-acuarela-villa-de-caudete\\\/\"]}]},{\"@type\":\"ImageObject\",\"inLanguage\":\"es\",\"@id\":\"https:\\\/\\\/www.caudete.org\\\/ayuntamiento\\\/presentacion-de-bases-xvi-certamen-nacional-de-acuarela-villa-de-caudete\\\/#primaryimage\",\"url\":\"https:\\\/\\\/www.caudete.org\\\/ayuntamiento\\\/wp-content\\\/uploads\\\/2021\\\/05\\\/acuarela_felipe.jpg\",\"contentUrl\":\"https:\\\/\\\/www.caudete.org\\\/ayuntamiento\\\/wp-content\\\/uploads\\\/2021\\\/05\\\/acuarela_felipe.jpg\",\"width\":640,\"height\":386},{\"@type\":\"BreadcrumbList\",\"@id\":\"https:\\\/\\\/www.caudete.org\\\/ayuntamiento\\\/presentacion-de-bases-xvi-certamen-nacional-de-acuarela-villa-de-caudete\\\/#breadcrumb\",\"itemListElement\":[{\"@type\":\"ListItem\",\"position\":1,\"name\":\"Inicio\",\"item\":\"https:\\\/\\\/www.caudete.org\\\/ayuntamiento\\\/\"},{\"@type\":\"ListItem\",\"position\":2,\"name\":\"Presentaci\u00f3n de las Bases del XVI CERTAMEN NACIONAL DE ACUARELA VILLA DE CAUDETE\"}]},{\"@type\":\"WebSite\",\"@id\":\"https:\\\/\\\/www.caudete.org\\\/ayuntamiento\\\/#website\",\"url\":\"https:\\\/\\\/www.caudete.org\\\/ayuntamiento\\\/\",\"name\":\"MI Ayuntamiento de Caudete\",\"description\":\"P\u00e1gina Oficial del MI Ayuntamiento de Caudete\",\"publisher\":{\"@id\":\"https:\\\/\\\/www.caudete.org\\\/ayuntamiento\\\/#organization\"},\"potentialAction\":[{\"@type\":\"SearchAction\",\"target\":{\"@type\":\"EntryPoint\",\"urlTemplate\":\"https:\\\/\\\/www.caudete.org\\\/ayuntamiento\\\/?s={search_term_string}\"},\"query-input\":{\"@type\":\"PropertyValueSpecification\",\"valueRequired\":true,\"valueName\":\"search_term_string\"}}],\"inLanguage\":\"es\"},{\"@type\":\"Organization\",\"@id\":\"https:\\\/\\\/www.caudete.org\\\/ayuntamiento\\\/#organization\",\"name\":\"Ayuntamiento de Caudete\",\"url\":\"https:\\\/\\\/www.caudete.org\\\/ayuntamiento\\\/\",\"logo\":{\"@type\":\"ImageObject\",\"inLanguage\":\"es\",\"@id\":\"https:\\\/\\\/www.caudete.org\\\/ayuntamiento\\\/#\\\/schema\\\/logo\\\/image\\\/\",\"url\":\"https:\\\/\\\/www.caudete.org\\\/ayuntamiento\\\/wp-content\\\/uploads\\\/2020\\\/11\\\/logo_ayuntamiento_caudete.jpg\",\"contentUrl\":\"https:\\\/\\\/www.caudete.org\\\/ayuntamiento\\\/wp-content\\\/uploads\\\/2020\\\/11\\\/logo_ayuntamiento_caudete.jpg\",\"width\":600,\"height\":150,\"caption\":\"Ayuntamiento de Caudete\"},\"image\":{\"@id\":\"https:\\\/\\\/www.caudete.org\\\/ayuntamiento\\\/#\\\/schema\\\/logo\\\/image\\\/\"},\"sameAs\":[\"https:\\\/\\\/www.facebook.com\\\/ayuntamientocaudete\\\/\",\"https:\\\/\\\/www.youtube.com\\\/channel\\\/UC6VztHaooNsGpw-tNoBEFnQ\"]},{\"@type\":\"Person\",\"@id\":\"https:\\\/\\\/www.caudete.org\\\/ayuntamiento\\\/#\\\/schema\\\/person\\\/7656a5bb58fca95b9814e940de0fda63\",\"name\":\"Juan\",\"image\":{\"@type\":\"ImageObject\",\"inLanguage\":\"es\",\"@id\":\"https:\\\/\\\/secure.gravatar.com\\\/avatar\\\/dd53e51c0cd6ab23f52d4f3e4f1c59730240727763de3dbbf26750b079a2c292?s=96&d=mm&r=g\",\"url\":\"https:\\\/\\\/secure.gravatar.com\\\/avatar\\\/dd53e51c0cd6ab23f52d4f3e4f1c59730240727763de3dbbf26750b079a2c292?s=96&d=mm&r=g\",\"contentUrl\":\"https:\\\/\\\/secure.gravatar.com\\\/avatar\\\/dd53e51c0cd6ab23f52d4f3e4f1c59730240727763de3dbbf26750b079a2c292?s=96&d=mm&r=g\",\"caption\":\"Juan\"},\"url\":\"https:\\\/\\\/www.caudete.org\\\/ayuntamiento\\\/author\\\/centrodeinternet\\\/\"}]}<\/script>\n<!-- \/ Yoast SEO plugin. -->","yoast_head_json":{"title":"Presentaci\u00f3n de las Bases del XVI CERTAMEN NACIONAL DE ACUARELA VILLA DE CAUDETE - MI Ayuntamiento de Caudete","description":"P\u00e1gina Oficial del Ayuntamiento de Caudete (Albacete)","robots":{"index":"index","follow":"follow","max-snippet":"max-snippet:-1","max-image-preview":"max-image-preview:large","max-video-preview":"max-video-preview:-1"},"canonical":"https:\/\/www.caudete.org\/ayuntamiento\/presentacion-de-bases-xvi-certamen-nacional-de-acuarela-villa-de-caudete\/","og_locale":"es_ES","og_type":"article","og_title":"Presentaci\u00f3n de las Bases del XVI CERTAMEN NACIONAL DE ACUARELA VILLA DE CAUDETE - MI Ayuntamiento de Caudete","og_description":"P\u00e1gina Oficial del Ayuntamiento de Caudete (Albacete)","og_url":"https:\/\/www.caudete.org\/ayuntamiento\/presentacion-de-bases-xvi-certamen-nacional-de-acuarela-villa-de-caudete\/","og_site_name":"MI Ayuntamiento de Caudete","article_publisher":"https:\/\/www.facebook.com\/ayuntamientocaudete\/","article_published_time":"2021-05-24T09:17:55+00:00","article_modified_time":"2021-06-15T12:38:44+00:00","og_image":[{"width":640,"height":386,"url":"https:\/\/www.caudete.org\/ayuntamiento\/wp-content\/uploads\/2021\/05\/acuarela_felipe.jpg","type":"image\/jpeg"}],"author":"Juan","twitter_card":"summary_large_image","twitter_misc":{"Escrito por":"Juan","Tiempo de lectura":"2 minutos"},"schema":{"@context":"https:\/\/schema.org","@graph":[{"@type":"Article","@id":"https:\/\/www.caudete.org\/ayuntamiento\/presentacion-de-bases-xvi-certamen-nacional-de-acuarela-villa-de-caudete\/#article","isPartOf":{"@id":"https:\/\/www.caudete.org\/ayuntamiento\/presentacion-de-bases-xvi-certamen-nacional-de-acuarela-villa-de-caudete\/"},"author":{"name":"Juan","@id":"https:\/\/www.caudete.org\/ayuntamiento\/#\/schema\/person\/7656a5bb58fca95b9814e940de0fda63"},"headline":"Presentaci\u00f3n de las Bases del XVI CERTAMEN NACIONAL DE ACUARELA VILLA DE CAUDETE","datePublished":"2021-05-24T09:17:55+00:00","dateModified":"2021-06-15T12:38:44+00:00","mainEntityOfPage":{"@id":"https:\/\/www.caudete.org\/ayuntamiento\/presentacion-de-bases-xvi-certamen-nacional-de-acuarela-villa-de-caudete\/"},"wordCount":356,"publisher":{"@id":"https:\/\/www.caudete.org\/ayuntamiento\/#organization"},"image":{"@id":"https:\/\/www.caudete.org\/ayuntamiento\/presentacion-de-bases-xvi-certamen-nacional-de-acuarela-villa-de-caudete\/#primaryimage"},"thumbnailUrl":"https:\/\/www.caudete.org\/ayuntamiento\/wp-content\/uploads\/2021\/05\/acuarela_felipe.jpg","keywords":["Acuarela","Certamen Acuarela \"Villa de Caudete\"","Certamen Nacional de Acuarela","destacado"],"articleSection":["Cultura"],"inLanguage":"es"},{"@type":"WebPage","@id":"https:\/\/www.caudete.org\/ayuntamiento\/presentacion-de-bases-xvi-certamen-nacional-de-acuarela-villa-de-caudete\/","url":"https:\/\/www.caudete.org\/ayuntamiento\/presentacion-de-bases-xvi-certamen-nacional-de-acuarela-villa-de-caudete\/","name":"Presentaci\u00f3n de las Bases del XVI CERTAMEN NACIONAL DE ACUARELA VILLA DE CAUDETE - MI Ayuntamiento de Caudete","isPartOf":{"@id":"https:\/\/www.caudete.org\/ayuntamiento\/#website"},"primaryImageOfPage":{"@id":"https:\/\/www.caudete.org\/ayuntamiento\/presentacion-de-bases-xvi-certamen-nacional-de-acuarela-villa-de-caudete\/#primaryimage"},"image":{"@id":"https:\/\/www.caudete.org\/ayuntamiento\/presentacion-de-bases-xvi-certamen-nacional-de-acuarela-villa-de-caudete\/#primaryimage"},"thumbnailUrl":"https:\/\/www.caudete.org\/ayuntamiento\/wp-content\/uploads\/2021\/05\/acuarela_felipe.jpg","datePublished":"2021-05-24T09:17:55+00:00","dateModified":"2021-06-15T12:38:44+00:00","description":"P\u00e1gina Oficial del Ayuntamiento de Caudete (Albacete)","breadcrumb":{"@id":"https:\/\/www.caudete.org\/ayuntamiento\/presentacion-de-bases-xvi-certamen-nacional-de-acuarela-villa-de-caudete\/#breadcrumb"},"inLanguage":"es","potentialAction":[{"@type":"ReadAction","target":["https:\/\/www.caudete.org\/ayuntamiento\/presentacion-de-bases-xvi-certamen-nacional-de-acuarela-villa-de-caudete\/"]}]},{"@type":"ImageObject","inLanguage":"es","@id":"https:\/\/www.caudete.org\/ayuntamiento\/presentacion-de-bases-xvi-certamen-nacional-de-acuarela-villa-de-caudete\/#primaryimage","url":"https:\/\/www.caudete.org\/ayuntamiento\/wp-content\/uploads\/2021\/05\/acuarela_felipe.jpg","contentUrl":"https:\/\/www.caudete.org\/ayuntamiento\/wp-content\/uploads\/2021\/05\/acuarela_felipe.jpg","width":640,"height":386},{"@type":"BreadcrumbList","@id":"https:\/\/www.caudete.org\/ayuntamiento\/presentacion-de-bases-xvi-certamen-nacional-de-acuarela-villa-de-caudete\/#breadcrumb","itemListElement":[{"@type":"ListItem","position":1,"name":"Inicio","item":"https:\/\/www.caudete.org\/ayuntamiento\/"},{"@type":"ListItem","position":2,"name":"Presentaci\u00f3n de las Bases del XVI CERTAMEN NACIONAL DE ACUARELA VILLA DE CAUDETE"}]},{"@type":"WebSite","@id":"https:\/\/www.caudete.org\/ayuntamiento\/#website","url":"https:\/\/www.caudete.org\/ayuntamiento\/","name":"MI Ayuntamiento de Caudete","description":"P\u00e1gina Oficial del MI Ayuntamiento de Caudete","publisher":{"@id":"https:\/\/www.caudete.org\/ayuntamiento\/#organization"},"potentialAction":[{"@type":"SearchAction","target":{"@type":"EntryPoint","urlTemplate":"https:\/\/www.caudete.org\/ayuntamiento\/?s={search_term_string}"},"query-input":{"@type":"PropertyValueSpecification","valueRequired":true,"valueName":"search_term_string"}}],"inLanguage":"es"},{"@type":"Organization","@id":"https:\/\/www.caudete.org\/ayuntamiento\/#organization","name":"Ayuntamiento de Caudete","url":"https:\/\/www.caudete.org\/ayuntamiento\/","logo":{"@type":"ImageObject","inLanguage":"es","@id":"https:\/\/www.caudete.org\/ayuntamiento\/#\/schema\/logo\/image\/","url":"https:\/\/www.caudete.org\/ayuntamiento\/wp-content\/uploads\/2020\/11\/logo_ayuntamiento_caudete.jpg","contentUrl":"https:\/\/www.caudete.org\/ayuntamiento\/wp-content\/uploads\/2020\/11\/logo_ayuntamiento_caudete.jpg","width":600,"height":150,"caption":"Ayuntamiento de Caudete"},"image":{"@id":"https:\/\/www.caudete.org\/ayuntamiento\/#\/schema\/logo\/image\/"},"sameAs":["https:\/\/www.facebook.com\/ayuntamientocaudete\/","https:\/\/www.youtube.com\/channel\/UC6VztHaooNsGpw-tNoBEFnQ"]},{"@type":"Person","@id":"https:\/\/www.caudete.org\/ayuntamiento\/#\/schema\/person\/7656a5bb58fca95b9814e940de0fda63","name":"Juan","image":{"@type":"ImageObject","inLanguage":"es","@id":"https:\/\/secure.gravatar.com\/avatar\/dd53e51c0cd6ab23f52d4f3e4f1c59730240727763de3dbbf26750b079a2c292?s=96&d=mm&r=g","url":"https:\/\/secure.gravatar.com\/avatar\/dd53e51c0cd6ab23f52d4f3e4f1c59730240727763de3dbbf26750b079a2c292?s=96&d=mm&r=g","contentUrl":"https:\/\/secure.gravatar.com\/avatar\/dd53e51c0cd6ab23f52d4f3e4f1c59730240727763de3dbbf26750b079a2c292?s=96&d=mm&r=g","caption":"Juan"},"url":"https:\/\/www.caudete.org\/ayuntamiento\/author\/centrodeinternet\/"}]}},"_links":{"self":[{"href":"https:\/\/www.caudete.org\/ayuntamiento\/wp-json\/wp\/v2\/posts\/14574","targetHints":{"allow":["GET"]}}],"collection":[{"href":"https:\/\/www.caudete.org\/ayuntamiento\/wp-json\/wp\/v2\/posts"}],"about":[{"href":"https:\/\/www.caudete.org\/ayuntamiento\/wp-json\/wp\/v2\/types\/post"}],"author":[{"embeddable":true,"href":"https:\/\/www.caudete.org\/ayuntamiento\/wp-json\/wp\/v2\/users\/2"}],"replies":[{"embeddable":true,"href":"https:\/\/www.caudete.org\/ayuntamiento\/wp-json\/wp\/v2\/comments?post=14574"}],"version-history":[{"count":15,"href":"https:\/\/www.caudete.org\/ayuntamiento\/wp-json\/wp\/v2\/posts\/14574\/revisions"}],"predecessor-version":[{"id":14970,"href":"https:\/\/www.caudete.org\/ayuntamiento\/wp-json\/wp\/v2\/posts\/14574\/revisions\/14970"}],"wp:featuredmedia":[{"embeddable":true,"href":"https:\/\/www.caudete.org\/ayuntamiento\/wp-json\/wp\/v2\/media\/14965"}],"wp:attachment":[{"href":"https:\/\/www.caudete.org\/ayuntamiento\/wp-json\/wp\/v2\/media?parent=14574"}],"wp:term":[{"taxonomy":"category","embeddable":true,"href":"https:\/\/www.caudete.org\/ayuntamiento\/wp-json\/wp\/v2\/categories?post=14574"},{"taxonomy":"post_tag","embeddable":true,"href":"https:\/\/www.caudete.org\/ayuntamiento\/wp-json\/wp\/v2\/tags?post=14574"}],"curies":[{"name":"wp","href":"https:\/\/api.w.org\/{rel}","templated":true}]}}