{"id":14615,"date":"2021-05-25T09:00:20","date_gmt":"2021-05-25T07:00:20","guid":{"rendered":"https:\/\/www.caudete.org\/ayuntamiento\/?p=14615"},"modified":"2021-05-24T22:04:29","modified_gmt":"2021-05-24T20:04:29","slug":"convocado-pleno-ordinario-para-el-proximo-jueves-a-las-20h","status":"publish","type":"post","link":"https:\/\/www.caudete.org\/ayuntamiento\/convocado-pleno-ordinario-para-el-proximo-jueves-a-las-20h\/","title":{"rendered":"Convocado PLENO ORDINARIO para el pr\u00f3ximo Jueves a las 20h"},"content":{"rendered":"<p style=\"text-align: justify;\">Esta ma\u00f1ana el Alcalde Mois\u00e9s L\u00f3pez ha informado a los medios de la convocatoria del Ayuntamiento Pleno en Sesi\u00f3n Ordinaria correspondiente al mes de Mayo, y que tal y como figura en el acuerdo inicial de la Corporaci\u00f3n, se celebrar\u00e1 el pr\u00f3ximo jueves 27 de Mayo a las 20.00h (\u00faltimo jueves de mes impar).<\/p>\n<p style=\"text-align: left;\">La misma queda reflejada en la Resoluci\u00f3n de Alcald\u00eda n\u00ba962 de fecha 24\/05\/2021 y en estos momentos la totalidad de Concejales de la Corporaci\u00f3n Municipal han recibido notificaci\u00f3n con la citaci\u00f3n y documentaci\u00f3n obrante en los expedientes correspondientes a cada uno de los puntos de los que consta el Orden del D\u00eda; y que tambi\u00e9n puede ser consultada p\u00fabicamente accediendo al Tabl\u00f3n de Anuncios: <a href=\"https:\/\/caudete.sedipualba.es\/tablondeanuncios\/anuncio.aspx?id=29898\" target=\"_blank\" rel=\"nofollow\">https:\/\/caudete.sedipualba.es\/tablondeanuncios\/anuncio.aspx?id=29898<\/a><\/p>\n<p style=\"text-align: justify;\"><strong><span style=\"font-size: 12pt;\"><em>(contenido \u00edntegro de la R.A.n\u00ba 962):<\/em><\/span><\/strong><\/p>\n<p style=\"text-align: justify;\"><span style=\"font-size: 10pt;\">ASUNTO: CONVOCATORIA SESI\u00d3N ORDINARIA PLENO 27 DE MAYO DE 2021.<\/span><\/p>\n<p style=\"text-align: justify;\"><span style=\"font-size: 10pt;\">D. MOIS\u00c9S L\u00d3PEZ MART\u00cdNEZ, Alcalde del M.I. Ayuntamiento de Caudete (provincia de Albacete).<\/span><br \/>\n<span style=\"font-size: 10pt;\">En virtud de lo dispuesto en los art\u00edculos 80 y siguientes del Reglamento de Organizaci\u00f3n, Funcionamiento y R\u00e9gimen Jur\u00eddico de las Entidades Locales, aprobado por Real Decreto 2568\/1986, de 28 de noviembre, y en el art\u00edculo 47.2 del Texto Refundido de las disposiciones legales vigentes en materia de r\u00e9gimen local aprobado por Real Decreto Legislativo 781\/1986, de 18 de abril, esta Alcald\u00eda, HA RESUELTO<\/span><\/p>\n<p style=\"text-align: justify;\"><span style=\"font-size: 10pt;\">PRIMERO. Convocar al Pleno en Sesi\u00f3n ordinaria el jueves, 27 de mayo de 2021, a las 20:00 horas en el Sal\u00f3n de Sesiones sito en la Primera Planta del edificio de la Casa de la Cultura de Caudete, actuando como Secretario, el Secretario del Ayuntamiento con el siguiente<\/span><\/p>\n<p style=\"text-align: justify;\"><span style=\"font-size: 10pt;\">ORDEN DEL D\u00cdA<\/span><\/p>\n<p style=\"text-align: justify;\"><span style=\"font-size: 10pt;\">1\u00ba.- APROBACI\u00d3N ACTAS ANTERIORES.<\/span><\/p>\n<p style=\"text-align: justify;\"><span style=\"font-size: 10pt;\">2\u00ba.- DECRETOS Y RESOLUCIONES DE ALCALD\u00cdA Y CONCEJAL\u00cdAS DELEGADAS.<\/span><\/p>\n<p style=\"text-align: justify;\"><span style=\"font-size: 10pt;\">3\u00ba.- DACI\u00d3N DE CUENTA DE LAS SIGUIENTES SENTENCIAS:<\/span><br \/>\n<span style=\"font-size: 10pt;\">\u2022 Sentencia n.\u00ba 81, de 26-03-2021, del Juzgado Contencioso-Administrativo n.\u00ba 1 de Albacete (Procedimiento Ordinario 225\/2019).<\/span><\/p>\n<p style=\"text-align: justify;\"><span style=\"font-size: 10pt;\">4\u00ba.- ACUERDO DE MODIFICACI\u00d3N MESA DE CONTRATACI\u00d3N PERMANENTE CORRESPONDIENTE AL \u00d3RGANO DE CONTRATACI\u00d3N DEL PLENO DEL AYUNTAMIENTO DE CAUDETE.<\/span><\/p>\n<p style=\"text-align: justify;\"><span style=\"font-size: 10pt;\">5\u00ba.- ACUERDO DESIGNACI\u00d3N DE REPRESENTANTES DE LA CORPORACI\u00d3N EN \u00d3RGANOS<\/span><br \/>\n<span style=\"font-size: 10pt;\">COLEGIADOS.<\/span><\/p>\n<p style=\"text-align: justify;\"><span style=\"font-size: 10pt;\">6\u00ba.- APROBACI\u00d3N INICIAL ORDENANZA MUNICIPAL REGULADORA DEL TR\u00c1FICO EN<\/span><br \/>\n<span style=\"font-size: 10pt;\">CAUDETE.<\/span><\/p>\n<p style=\"text-align: justify;\"><span style=\"font-size: 10pt;\">7\u00ba.- APROBACI\u00d3N INICIAL ORDENANZA REGULADORA DE LA INSTALACI\u00d3N DE TERRAZAS DE ESTABLECIMIENTOS DE HOSTELER\u00cdA Y ASIMILADOS EN LA V\u00cdA P\u00daBLICA DEL MUNICIPIO DE CAUDETE.<\/span><\/p>\n<p style=\"text-align: justify;\"><span style=\"font-size: 10pt;\">8\u00ba.- APROBACI\u00d3N CONCESI\u00d3N SUBVENCI\u00d3N DIRECTA A \u201cC\u00c1RITAS DIOCESANA DE ALBACETE\u201d PARA ATENDER EMERGENCIA SOCIAL PROVOCADA POR LA COVID-19.<\/span><\/p>\n<p style=\"text-align: justify;\"><span style=\"font-size: 10pt;\">9\u00ba.- APROBACI\u00d3N SUBVENCI\u00d3N NOMINATIVA 2021 A LA ENTIDAD \u201cACALUCA\u201d.<\/span><\/p>\n<p style=\"text-align: justify;\"><span style=\"font-size: 10pt;\">10\u00ba.- APROBACI\u00d3N CONCESI\u00d3N SUBVENCIONES NOMINATIVAS DEL \u00c1REA DE BIENESTAR SOCIAL: C\u00c1RITAS, ACAFEM, CRUZ ROJA Y ASPRONA.<\/span><\/p>\n<p style=\"text-align: justify;\"><span style=\"font-size: 10pt;\">11\u00ba.- MOCIONES PRESENTADAS SOBRE TEMAS DE INTER\u00c9S MUNICIPAL (del art. 46.e) LRBRL, de control, no resolutivas:<\/span><br \/>\n<span style=\"font-size: 10pt;\">Otras que se presenten directamente en el Pleno (no de urgencia)<\/span><\/p>\n<p style=\"text-align: justify;\"><span style=\"font-size: 10pt;\">12\u00ba.- TOMA DE CONOCIMIENTO RENUNCIA AL CARGO DE CONCEJAL DE D\u00aa. MONTSERRAT ALBERTOS HERRERO (PP)<\/span><\/p>\n<p style=\"text-align: justify;\"><span style=\"font-size: 10pt;\">13\u00ba.- RUEGOS Y PREGUNTAS.<\/span><\/p>\n<p>&nbsp;<\/p>\n<p style=\"text-align: justify;\"><span style=\"font-size: 10pt;\">SEGUNDO. Notificar esta Resoluci\u00f3n a los miembros del Ayuntamiento Pleno, as\u00ed como publicarlo en el Tabl\u00f3n de Anuncios municipal.<\/span><\/p>\n<p style=\"text-align: justify;\"><span style=\"font-size: 10pt;\">A tenor de lo dispuesto en el Art\u00edculo 90.2 del vigente Reglamento de Organizaci\u00f3n, Funcionamiento y R\u00e9gimen Jur\u00eddico de las Corporaciones Locales, en caso de inasistencia del n\u00famero suficiente de miembros para celebrar la presente sesi\u00f3n, la misma se entender\u00e1 autom\u00e1ticamente convocada para la misma hora dos d\u00edas despu\u00e9s.<\/span><\/p>\n","protected":false},"excerpt":{"rendered":"<p>Esta ma\u00f1ana el Alcalde Mois\u00e9s L\u00f3pez ha informado a los medios de la convocatoria del Ayuntamiento Pleno en Sesi\u00f3n Ordinaria correspondiente al mes de Mayo, y que tal y como figura en el acuerdo inicial de la Corporaci\u00f3n, se celebrar\u00e1 el pr\u00f3ximo jueves 27 de Mayo a las 20.00h (\u00faltimo jueves de mes impar). La &hellip;<\/p>\n","protected":false},"author":3,"featured_media":11987,"comment_status":"closed","ping_status":"open","sticky":false,"template":"","format":"standard","meta":{"ngg_post_thumbnail":0,"footnotes":""},"categories":[20],"tags":[],"class_list":["post-14615","post","type-post","status-publish","format-standard","has-post-thumbnail","hentry","category-ayuntamiento"],"yoast_head":"<!-- This site is optimized with the Yoast SEO plugin v27.5 - https:\/\/yoast.com\/product\/yoast-seo-wordpress\/ -->\n<title>Convocado PLENO ORDINARIO para el pr\u00f3ximo Jueves a las 20h - MI Ayuntamiento de Caudete<\/title>\n<meta name=\"description\" content=\"P\u00e1gina Oficial del Ayuntamiento de Caudete (Albacete)\" \/>\n<meta name=\"robots\" content=\"index, follow, max-snippet:-1, max-image-preview:large, max-video-preview:-1\" \/>\n<link rel=\"canonical\" href=\"https:\/\/www.caudete.org\/ayuntamiento\/convocado-pleno-ordinario-para-el-proximo-jueves-a-las-20h\/\" \/>\n<meta property=\"og:locale\" content=\"es_ES\" \/>\n<meta property=\"og:type\" content=\"article\" \/>\n<meta property=\"og:title\" content=\"Convocado PLENO ORDINARIO para el pr\u00f3ximo Jueves a las 20h - MI Ayuntamiento de Caudete\" \/>\n<meta property=\"og:description\" content=\"P\u00e1gina Oficial del Ayuntamiento de Caudete (Albacete)\" \/>\n<meta property=\"og:url\" content=\"https:\/\/www.caudete.org\/ayuntamiento\/convocado-pleno-ordinario-para-el-proximo-jueves-a-las-20h\/\" \/>\n<meta property=\"og:site_name\" content=\"MI Ayuntamiento de Caudete\" \/>\n<meta property=\"article:publisher\" content=\"https:\/\/www.facebook.com\/ayuntamientocaudete\/\" \/>\n<meta property=\"article:published_time\" content=\"2021-05-25T07:00:20+00:00\" \/>\n<meta property=\"og:image\" content=\"https:\/\/www.caudete.org\/ayuntamiento\/wp-content\/uploads\/2021\/02\/WhatsApp-Image-2021-02-03-at-11.09.40-1.jpeg\" \/>\n\t<meta property=\"og:image:width\" content=\"1600\" \/>\n\t<meta property=\"og:image:height\" content=\"1066\" \/>\n\t<meta property=\"og:image:type\" content=\"image\/jpeg\" \/>\n<meta name=\"author\" content=\"alcalde\" \/>\n<meta name=\"twitter:card\" content=\"summary_large_image\" \/>\n<meta name=\"twitter:label1\" content=\"Escrito por\" \/>\n\t<meta name=\"twitter:data1\" content=\"alcalde\" \/>\n\t<meta name=\"twitter:label2\" content=\"Tiempo de lectura\" \/>\n\t<meta name=\"twitter:data2\" content=\"3 minutos\" \/>\n<script type=\"application\/ld+json\" class=\"yoast-schema-graph\">{\"@context\":\"https:\\\/\\\/schema.org\",\"@graph\":[{\"@type\":\"Article\",\"@id\":\"https:\\\/\\\/www.caudete.org\\\/ayuntamiento\\\/convocado-pleno-ordinario-para-el-proximo-jueves-a-las-20h\\\/#article\",\"isPartOf\":{\"@id\":\"https:\\\/\\\/www.caudete.org\\\/ayuntamiento\\\/convocado-pleno-ordinario-para-el-proximo-jueves-a-las-20h\\\/\"},\"author\":{\"name\":\"alcalde\",\"@id\":\"https:\\\/\\\/www.caudete.org\\\/ayuntamiento\\\/#\\\/schema\\\/person\\\/cc646da9133078ee4d8dd47457947253\"},\"headline\":\"Convocado PLENO ORDINARIO para el pr\u00f3ximo Jueves a las 20h\",\"datePublished\":\"2021-05-25T07:00:20+00:00\",\"mainEntityOfPage\":{\"@id\":\"https:\\\/\\\/www.caudete.org\\\/ayuntamiento\\\/convocado-pleno-ordinario-para-el-proximo-jueves-a-las-20h\\\/\"},\"wordCount\":591,\"image\":{\"@id\":\"https:\\\/\\\/www.caudete.org\\\/ayuntamiento\\\/convocado-pleno-ordinario-para-el-proximo-jueves-a-las-20h\\\/#primaryimage\"},\"thumbnailUrl\":\"https:\\\/\\\/www.caudete.org\\\/ayuntamiento\\\/wp-content\\\/uploads\\\/2021\\\/02\\\/WhatsApp-Image-2021-02-03-at-11.09.40-1.jpeg\",\"articleSection\":[\"Ayuntamiento\"],\"inLanguage\":\"es\"},{\"@type\":\"WebPage\",\"@id\":\"https:\\\/\\\/www.caudete.org\\\/ayuntamiento\\\/convocado-pleno-ordinario-para-el-proximo-jueves-a-las-20h\\\/\",\"url\":\"https:\\\/\\\/www.caudete.org\\\/ayuntamiento\\\/convocado-pleno-ordinario-para-el-proximo-jueves-a-las-20h\\\/\",\"name\":\"Convocado PLENO ORDINARIO para el pr\u00f3ximo Jueves a las 20h - MI Ayuntamiento de Caudete\",\"isPartOf\":{\"@id\":\"https:\\\/\\\/www.caudete.org\\\/ayuntamiento\\\/#website\"},\"primaryImageOfPage\":{\"@id\":\"https:\\\/\\\/www.caudete.org\\\/ayuntamiento\\\/convocado-pleno-ordinario-para-el-proximo-jueves-a-las-20h\\\/#primaryimage\"},\"image\":{\"@id\":\"https:\\\/\\\/www.caudete.org\\\/ayuntamiento\\\/convocado-pleno-ordinario-para-el-proximo-jueves-a-las-20h\\\/#primaryimage\"},\"thumbnailUrl\":\"https:\\\/\\\/www.caudete.org\\\/ayuntamiento\\\/wp-content\\\/uploads\\\/2021\\\/02\\\/WhatsApp-Image-2021-02-03-at-11.09.40-1.jpeg\",\"datePublished\":\"2021-05-25T07:00:20+00:00\",\"author\":{\"@id\":\"https:\\\/\\\/www.caudete.org\\\/ayuntamiento\\\/#\\\/schema\\\/person\\\/cc646da9133078ee4d8dd47457947253\"},\"description\":\"P\u00e1gina Oficial del Ayuntamiento de Caudete (Albacete)\",\"breadcrumb\":{\"@id\":\"https:\\\/\\\/www.caudete.org\\\/ayuntamiento\\\/convocado-pleno-ordinario-para-el-proximo-jueves-a-las-20h\\\/#breadcrumb\"},\"inLanguage\":\"es\",\"potentialAction\":[{\"@type\":\"ReadAction\",\"target\":[\"https:\\\/\\\/www.caudete.org\\\/ayuntamiento\\\/convocado-pleno-ordinario-para-el-proximo-jueves-a-las-20h\\\/\"]}]},{\"@type\":\"ImageObject\",\"inLanguage\":\"es\",\"@id\":\"https:\\\/\\\/www.caudete.org\\\/ayuntamiento\\\/convocado-pleno-ordinario-para-el-proximo-jueves-a-las-20h\\\/#primaryimage\",\"url\":\"https:\\\/\\\/www.caudete.org\\\/ayuntamiento\\\/wp-content\\\/uploads\\\/2021\\\/02\\\/WhatsApp-Image-2021-02-03-at-11.09.40-1.jpeg\",\"contentUrl\":\"https:\\\/\\\/www.caudete.org\\\/ayuntamiento\\\/wp-content\\\/uploads\\\/2021\\\/02\\\/WhatsApp-Image-2021-02-03-at-11.09.40-1.jpeg\",\"width\":1600,\"height\":1066},{\"@type\":\"BreadcrumbList\",\"@id\":\"https:\\\/\\\/www.caudete.org\\\/ayuntamiento\\\/convocado-pleno-ordinario-para-el-proximo-jueves-a-las-20h\\\/#breadcrumb\",\"itemListElement\":[{\"@type\":\"ListItem\",\"position\":1,\"name\":\"Inicio\",\"item\":\"https:\\\/\\\/www.caudete.org\\\/ayuntamiento\\\/\"},{\"@type\":\"ListItem\",\"position\":2,\"name\":\"Convocado PLENO ORDINARIO para el pr\u00f3ximo Jueves a las 20h\"}]},{\"@type\":\"WebSite\",\"@id\":\"https:\\\/\\\/www.caudete.org\\\/ayuntamiento\\\/#website\",\"url\":\"https:\\\/\\\/www.caudete.org\\\/ayuntamiento\\\/\",\"name\":\"MI Ayuntamiento de Caudete\",\"description\":\"P\u00e1gina Oficial del MI Ayuntamiento de Caudete\",\"potentialAction\":[{\"@type\":\"SearchAction\",\"target\":{\"@type\":\"EntryPoint\",\"urlTemplate\":\"https:\\\/\\\/www.caudete.org\\\/ayuntamiento\\\/?s={search_term_string}\"},\"query-input\":{\"@type\":\"PropertyValueSpecification\",\"valueRequired\":true,\"valueName\":\"search_term_string\"}}],\"inLanguage\":\"es\"},{\"@type\":\"Person\",\"@id\":\"https:\\\/\\\/www.caudete.org\\\/ayuntamiento\\\/#\\\/schema\\\/person\\\/cc646da9133078ee4d8dd47457947253\",\"name\":\"alcalde\",\"image\":{\"@type\":\"ImageObject\",\"inLanguage\":\"es\",\"@id\":\"https:\\\/\\\/secure.gravatar.com\\\/avatar\\\/84a817ba065b29ff08d666b215a215f5c79186a645ccb25b14a663d48a130f77?s=96&d=mm&r=g\",\"url\":\"https:\\\/\\\/secure.gravatar.com\\\/avatar\\\/84a817ba065b29ff08d666b215a215f5c79186a645ccb25b14a663d48a130f77?s=96&d=mm&r=g\",\"contentUrl\":\"https:\\\/\\\/secure.gravatar.com\\\/avatar\\\/84a817ba065b29ff08d666b215a215f5c79186a645ccb25b14a663d48a130f77?s=96&d=mm&r=g\",\"caption\":\"alcalde\"},\"url\":\"https:\\\/\\\/www.caudete.org\\\/ayuntamiento\\\/author\\\/alcalde\\\/\"}]}<\/script>\n<!-- \/ Yoast SEO plugin. -->","yoast_head_json":{"title":"Convocado PLENO ORDINARIO para el pr\u00f3ximo Jueves a las 20h - MI Ayuntamiento de Caudete","description":"P\u00e1gina Oficial del Ayuntamiento de Caudete (Albacete)","robots":{"index":"index","follow":"follow","max-snippet":"max-snippet:-1","max-image-preview":"max-image-preview:large","max-video-preview":"max-video-preview:-1"},"canonical":"https:\/\/www.caudete.org\/ayuntamiento\/convocado-pleno-ordinario-para-el-proximo-jueves-a-las-20h\/","og_locale":"es_ES","og_type":"article","og_title":"Convocado PLENO ORDINARIO para el pr\u00f3ximo Jueves a las 20h - MI Ayuntamiento de Caudete","og_description":"P\u00e1gina Oficial del Ayuntamiento de Caudete (Albacete)","og_url":"https:\/\/www.caudete.org\/ayuntamiento\/convocado-pleno-ordinario-para-el-proximo-jueves-a-las-20h\/","og_site_name":"MI Ayuntamiento de Caudete","article_publisher":"https:\/\/www.facebook.com\/ayuntamientocaudete\/","article_published_time":"2021-05-25T07:00:20+00:00","og_image":[{"width":1600,"height":1066,"url":"https:\/\/www.caudete.org\/ayuntamiento\/wp-content\/uploads\/2021\/02\/WhatsApp-Image-2021-02-03-at-11.09.40-1.jpeg","type":"image\/jpeg"}],"author":"alcalde","twitter_card":"summary_large_image","twitter_misc":{"Escrito por":"alcalde","Tiempo de lectura":"3 minutos"},"schema":{"@context":"https:\/\/schema.org","@graph":[{"@type":"Article","@id":"https:\/\/www.caudete.org\/ayuntamiento\/convocado-pleno-ordinario-para-el-proximo-jueves-a-las-20h\/#article","isPartOf":{"@id":"https:\/\/www.caudete.org\/ayuntamiento\/convocado-pleno-ordinario-para-el-proximo-jueves-a-las-20h\/"},"author":{"name":"alcalde","@id":"https:\/\/www.caudete.org\/ayuntamiento\/#\/schema\/person\/cc646da9133078ee4d8dd47457947253"},"headline":"Convocado PLENO ORDINARIO para el pr\u00f3ximo Jueves a las 20h","datePublished":"2021-05-25T07:00:20+00:00","mainEntityOfPage":{"@id":"https:\/\/www.caudete.org\/ayuntamiento\/convocado-pleno-ordinario-para-el-proximo-jueves-a-las-20h\/"},"wordCount":591,"image":{"@id":"https:\/\/www.caudete.org\/ayuntamiento\/convocado-pleno-ordinario-para-el-proximo-jueves-a-las-20h\/#primaryimage"},"thumbnailUrl":"https:\/\/www.caudete.org\/ayuntamiento\/wp-content\/uploads\/2021\/02\/WhatsApp-Image-2021-02-03-at-11.09.40-1.jpeg","articleSection":["Ayuntamiento"],"inLanguage":"es"},{"@type":"WebPage","@id":"https:\/\/www.caudete.org\/ayuntamiento\/convocado-pleno-ordinario-para-el-proximo-jueves-a-las-20h\/","url":"https:\/\/www.caudete.org\/ayuntamiento\/convocado-pleno-ordinario-para-el-proximo-jueves-a-las-20h\/","name":"Convocado PLENO ORDINARIO para el pr\u00f3ximo Jueves a las 20h - MI Ayuntamiento de Caudete","isPartOf":{"@id":"https:\/\/www.caudete.org\/ayuntamiento\/#website"},"primaryImageOfPage":{"@id":"https:\/\/www.caudete.org\/ayuntamiento\/convocado-pleno-ordinario-para-el-proximo-jueves-a-las-20h\/#primaryimage"},"image":{"@id":"https:\/\/www.caudete.org\/ayuntamiento\/convocado-pleno-ordinario-para-el-proximo-jueves-a-las-20h\/#primaryimage"},"thumbnailUrl":"https:\/\/www.caudete.org\/ayuntamiento\/wp-content\/uploads\/2021\/02\/WhatsApp-Image-2021-02-03-at-11.09.40-1.jpeg","datePublished":"2021-05-25T07:00:20+00:00","author":{"@id":"https:\/\/www.caudete.org\/ayuntamiento\/#\/schema\/person\/cc646da9133078ee4d8dd47457947253"},"description":"P\u00e1gina Oficial del Ayuntamiento de Caudete (Albacete)","breadcrumb":{"@id":"https:\/\/www.caudete.org\/ayuntamiento\/convocado-pleno-ordinario-para-el-proximo-jueves-a-las-20h\/#breadcrumb"},"inLanguage":"es","potentialAction":[{"@type":"ReadAction","target":["https:\/\/www.caudete.org\/ayuntamiento\/convocado-pleno-ordinario-para-el-proximo-jueves-a-las-20h\/"]}]},{"@type":"ImageObject","inLanguage":"es","@id":"https:\/\/www.caudete.org\/ayuntamiento\/convocado-pleno-ordinario-para-el-proximo-jueves-a-las-20h\/#primaryimage","url":"https:\/\/www.caudete.org\/ayuntamiento\/wp-content\/uploads\/2021\/02\/WhatsApp-Image-2021-02-03-at-11.09.40-1.jpeg","contentUrl":"https:\/\/www.caudete.org\/ayuntamiento\/wp-content\/uploads\/2021\/02\/WhatsApp-Image-2021-02-03-at-11.09.40-1.jpeg","width":1600,"height":1066},{"@type":"BreadcrumbList","@id":"https:\/\/www.caudete.org\/ayuntamiento\/convocado-pleno-ordinario-para-el-proximo-jueves-a-las-20h\/#breadcrumb","itemListElement":[{"@type":"ListItem","position":1,"name":"Inicio","item":"https:\/\/www.caudete.org\/ayuntamiento\/"},{"@type":"ListItem","position":2,"name":"Convocado PLENO ORDINARIO para el pr\u00f3ximo Jueves a las 20h"}]},{"@type":"WebSite","@id":"https:\/\/www.caudete.org\/ayuntamiento\/#website","url":"https:\/\/www.caudete.org\/ayuntamiento\/","name":"MI Ayuntamiento de Caudete","description":"P\u00e1gina Oficial del MI Ayuntamiento de Caudete","potentialAction":[{"@type":"SearchAction","target":{"@type":"EntryPoint","urlTemplate":"https:\/\/www.caudete.org\/ayuntamiento\/?s={search_term_string}"},"query-input":{"@type":"PropertyValueSpecification","valueRequired":true,"valueName":"search_term_string"}}],"inLanguage":"es"},{"@type":"Person","@id":"https:\/\/www.caudete.org\/ayuntamiento\/#\/schema\/person\/cc646da9133078ee4d8dd47457947253","name":"alcalde","image":{"@type":"ImageObject","inLanguage":"es","@id":"https:\/\/secure.gravatar.com\/avatar\/84a817ba065b29ff08d666b215a215f5c79186a645ccb25b14a663d48a130f77?s=96&d=mm&r=g","url":"https:\/\/secure.gravatar.com\/avatar\/84a817ba065b29ff08d666b215a215f5c79186a645ccb25b14a663d48a130f77?s=96&d=mm&r=g","contentUrl":"https:\/\/secure.gravatar.com\/avatar\/84a817ba065b29ff08d666b215a215f5c79186a645ccb25b14a663d48a130f77?s=96&d=mm&r=g","caption":"alcalde"},"url":"https:\/\/www.caudete.org\/ayuntamiento\/author\/alcalde\/"}]}},"_links":{"self":[{"href":"https:\/\/www.caudete.org\/ayuntamiento\/wp-json\/wp\/v2\/posts\/14615","targetHints":{"allow":["GET"]}}],"collection":[{"href":"https:\/\/www.caudete.org\/ayuntamiento\/wp-json\/wp\/v2\/posts"}],"about":[{"href":"https:\/\/www.caudete.org\/ayuntamiento\/wp-json\/wp\/v2\/types\/post"}],"author":[{"embeddable":true,"href":"https:\/\/www.caudete.org\/ayuntamiento\/wp-json\/wp\/v2\/users\/3"}],"replies":[{"embeddable":true,"href":"https:\/\/www.caudete.org\/ayuntamiento\/wp-json\/wp\/v2\/comments?post=14615"}],"version-history":[{"count":1,"href":"https:\/\/www.caudete.org\/ayuntamiento\/wp-json\/wp\/v2\/posts\/14615\/revisions"}],"predecessor-version":[{"id":14616,"href":"https:\/\/www.caudete.org\/ayuntamiento\/wp-json\/wp\/v2\/posts\/14615\/revisions\/14616"}],"wp:featuredmedia":[{"embeddable":true,"href":"https:\/\/www.caudete.org\/ayuntamiento\/wp-json\/wp\/v2\/media\/11987"}],"wp:attachment":[{"href":"https:\/\/www.caudete.org\/ayuntamiento\/wp-json\/wp\/v2\/media?parent=14615"}],"wp:term":[{"taxonomy":"category","embeddable":true,"href":"https:\/\/www.caudete.org\/ayuntamiento\/wp-json\/wp\/v2\/categories?post=14615"},{"taxonomy":"post_tag","embeddable":true,"href":"https:\/\/www.caudete.org\/ayuntamiento\/wp-json\/wp\/v2\/tags?post=14615"}],"curies":[{"name":"wp","href":"https:\/\/api.w.org\/{rel}","templated":true}]}}