{"id":14618,"date":"2021-05-25T13:00:14","date_gmt":"2021-05-25T11:00:14","guid":{"rendered":"https:\/\/www.caudete.org\/ayuntamiento\/?p=14618"},"modified":"2021-05-25T16:28:45","modified_gmt":"2021-05-25T14:28:45","slug":"el-pleno-municipal-asignara-10-000e-a-caritas-para-ayudar-a-familias-caudetanas","status":"publish","type":"post","link":"https:\/\/www.caudete.org\/ayuntamiento\/el-pleno-municipal-asignara-10-000e-a-caritas-para-ayudar-a-familias-caudetanas\/","title":{"rendered":"El Pleno Municipal asignar\u00e1 10.000\u20ac a C\u00c1RITAS para ayudar a familias caudetanas"},"content":{"rendered":"<p style=\"text-align: justify;\">El pr\u00f3ximo jueves y en su punto 8\u00ba el Pleno Municipal abordar\u00e1 la concesi\u00f3n de una subvenci\u00f3n directa a favor de C\u00e1ritas Diocesana Albacete, con el fin de poder atender la emergencia social provocada por el Covid-19 en nuestro municipio. Un total de 10.000\u20ac ser\u00e1 la asignaci\u00f3n con la que el Consistorio caudetano atender\u00e1 la solicitud de dicha entidad, a la cual en el pasado 2020 se destinaron de forma extraordinaria un total de 24.000\u20ac por el mismo concepto.<\/p>\n<p style=\"text-align: justify;\">Fue el pasado viernes cuando la Comisi\u00f3n Informativa de Econom\u00eda y Hacienda dictaminaba por unanimidad la propuesta del Equipo de Gobierno de dotar con 10.000\u20ac a C\u00e1ritas en Caudete para as\u00ed poder establecer ayudas a familias que con la Pandemia del Covid-19 lo necesitan, tal y como ha solicitado dicha organizaci\u00f3n al Ayuntamiento.<\/p>\n<p style=\"text-align: justify;\">De hecho, C\u00e1ritas solicitaba en fecha 06\/05\/2020 ayuda al Ayuntamiento, una vez que a finales de mayo de 2020, se publica en el BOE la aprobaci\u00f3n del Ingreso M\u00ednimo Vital (IMV), una nueva prestaci\u00f3n dentro del nivel no contributivo de la Seguridad Social con la que se trata de dar respuesta a una realidad evidente de pobreza, y que tras ello, la Consejer\u00eda de Bienestar Social de Castilla la Mancha, ha considerado que no tiene sentido renovar la convocatoria de ayudas del Ingreso M\u00ednimo de Solidaridad (IMS) para este a\u00f1o 2021.<\/p>\n<p style=\"text-align: justify;\">Ante todo ello, C\u00e1ritas se encuentra con un escenario complicado, ya que hay familias que respecto a:<\/p>\n<ul>\n<li style=\"text-align: justify;\">Ingreso M\u00ednimo Vital.<br \/>\no Existen solicitudes pendientes de resolver, algunas hace 8-10 meses.<br \/>\no Solicitudes denegadas por motivos de variada \u00edndole.<br \/>\no Reclamaciones presentadas por los interesado sin obtener respuesta desde la administraci\u00f3n.<br \/>\no Ayudas aprobadas con cuant\u00edas bajas al tener en cuenta los ingresos de 2019, resultando insuficientes para el mantenimiento de una familia.<\/li>\n<li style=\"text-align: justify;\">Imposibilidad de solicitar el Ingreso M\u00ednimo de Solidaridad (IMS).<\/li>\n<li style=\"text-align: justify;\">Las Ayudas de Emergencia Social (AES), se pueden solicitar solamente una vez al a\u00f1o, y el presupuesto consignado para dichas ayudas se agota en los primeros meses del a\u00f1o, no cubriendo la totalidad de solicitudes.<\/li>\n<\/ul>\n","protected":false},"excerpt":{"rendered":"<p>El pr\u00f3ximo jueves y en su punto 8\u00ba el Pleno Municipal abordar\u00e1 la concesi\u00f3n de una subvenci\u00f3n directa a favor de C\u00e1ritas Diocesana Albacete, con el fin de poder atender la emergencia social provocada por el Covid-19 en nuestro municipio. Un total de 10.000\u20ac ser\u00e1 la asignaci\u00f3n con la que el Consistorio caudetano atender\u00e1 la &hellip;<\/p>\n","protected":false},"author":3,"featured_media":14646,"comment_status":"closed","ping_status":"open","sticky":false,"template":"","format":"standard","meta":{"ngg_post_thumbnail":0,"footnotes":""},"categories":[60],"tags":[],"class_list":["post-14618","post","type-post","status-publish","format-standard","has-post-thumbnail","hentry","category-asociaciones"],"yoast_head":"<!-- This site is optimized with the Yoast SEO plugin v27.5 - https:\/\/yoast.com\/product\/yoast-seo-wordpress\/ -->\n<title>El Pleno Municipal asignar\u00e1 10.000\u20ac a C\u00c1RITAS para ayudar a familias caudetanas - MI Ayuntamiento de Caudete<\/title>\n<meta name=\"description\" content=\"P\u00e1gina Oficial del Ayuntamiento de Caudete (Albacete)\" \/>\n<meta name=\"robots\" content=\"index, follow, max-snippet:-1, max-image-preview:large, max-video-preview:-1\" \/>\n<link rel=\"canonical\" href=\"https:\/\/www.caudete.org\/ayuntamiento\/el-pleno-municipal-asignara-10-000e-a-caritas-para-ayudar-a-familias-caudetanas\/\" \/>\n<meta property=\"og:locale\" content=\"es_ES\" \/>\n<meta property=\"og:type\" content=\"article\" \/>\n<meta property=\"og:title\" content=\"El Pleno Municipal asignar\u00e1 10.000\u20ac a C\u00c1RITAS para ayudar a familias caudetanas - MI Ayuntamiento de Caudete\" \/>\n<meta property=\"og:description\" content=\"P\u00e1gina Oficial del Ayuntamiento de Caudete (Albacete)\" \/>\n<meta property=\"og:url\" content=\"https:\/\/www.caudete.org\/ayuntamiento\/el-pleno-municipal-asignara-10-000e-a-caritas-para-ayudar-a-familias-caudetanas\/\" \/>\n<meta property=\"og:site_name\" content=\"MI Ayuntamiento de Caudete\" \/>\n<meta property=\"article:publisher\" content=\"https:\/\/www.facebook.com\/ayuntamientocaudete\/\" \/>\n<meta property=\"article:published_time\" content=\"2021-05-25T11:00:14+00:00\" \/>\n<meta property=\"article:modified_time\" content=\"2021-05-25T14:28:45+00:00\" \/>\n<meta property=\"og:image\" content=\"https:\/\/www.caudete.org\/ayuntamiento\/wp-content\/uploads\/2021\/05\/Caritas-Web.jpg\" \/>\n\t<meta property=\"og:image:width\" content=\"864\" \/>\n\t<meta property=\"og:image:height\" content=\"380\" \/>\n\t<meta property=\"og:image:type\" content=\"image\/jpeg\" \/>\n<meta name=\"author\" content=\"alcalde\" \/>\n<meta name=\"twitter:card\" content=\"summary_large_image\" \/>\n<meta name=\"twitter:label1\" content=\"Escrito por\" \/>\n\t<meta name=\"twitter:data1\" content=\"alcalde\" \/>\n\t<meta name=\"twitter:label2\" content=\"Tiempo de lectura\" \/>\n\t<meta name=\"twitter:data2\" content=\"2 minutos\" \/>\n<script type=\"application\/ld+json\" class=\"yoast-schema-graph\">{\"@context\":\"https:\\\/\\\/schema.org\",\"@graph\":[{\"@type\":\"Article\",\"@id\":\"https:\\\/\\\/www.caudete.org\\\/ayuntamiento\\\/el-pleno-municipal-asignara-10-000e-a-caritas-para-ayudar-a-familias-caudetanas\\\/#article\",\"isPartOf\":{\"@id\":\"https:\\\/\\\/www.caudete.org\\\/ayuntamiento\\\/el-pleno-municipal-asignara-10-000e-a-caritas-para-ayudar-a-familias-caudetanas\\\/\"},\"author\":{\"name\":\"alcalde\",\"@id\":\"https:\\\/\\\/www.caudete.org\\\/ayuntamiento\\\/#\\\/schema\\\/person\\\/cc646da9133078ee4d8dd47457947253\"},\"headline\":\"El Pleno Municipal asignar\u00e1 10.000\u20ac a C\u00c1RITAS para ayudar a familias caudetanas\",\"datePublished\":\"2021-05-25T11:00:14+00:00\",\"dateModified\":\"2021-05-25T14:28:45+00:00\",\"mainEntityOfPage\":{\"@id\":\"https:\\\/\\\/www.caudete.org\\\/ayuntamiento\\\/el-pleno-municipal-asignara-10-000e-a-caritas-para-ayudar-a-familias-caudetanas\\\/\"},\"wordCount\":365,\"image\":{\"@id\":\"https:\\\/\\\/www.caudete.org\\\/ayuntamiento\\\/el-pleno-municipal-asignara-10-000e-a-caritas-para-ayudar-a-familias-caudetanas\\\/#primaryimage\"},\"thumbnailUrl\":\"https:\\\/\\\/www.caudete.org\\\/ayuntamiento\\\/wp-content\\\/uploads\\\/2021\\\/05\\\/Caritas-Web.jpg\",\"articleSection\":[\"Asociaciones\"],\"inLanguage\":\"es\"},{\"@type\":\"WebPage\",\"@id\":\"https:\\\/\\\/www.caudete.org\\\/ayuntamiento\\\/el-pleno-municipal-asignara-10-000e-a-caritas-para-ayudar-a-familias-caudetanas\\\/\",\"url\":\"https:\\\/\\\/www.caudete.org\\\/ayuntamiento\\\/el-pleno-municipal-asignara-10-000e-a-caritas-para-ayudar-a-familias-caudetanas\\\/\",\"name\":\"El Pleno Municipal asignar\u00e1 10.000\u20ac a C\u00c1RITAS para ayudar a familias caudetanas - MI Ayuntamiento de Caudete\",\"isPartOf\":{\"@id\":\"https:\\\/\\\/www.caudete.org\\\/ayuntamiento\\\/#website\"},\"primaryImageOfPage\":{\"@id\":\"https:\\\/\\\/www.caudete.org\\\/ayuntamiento\\\/el-pleno-municipal-asignara-10-000e-a-caritas-para-ayudar-a-familias-caudetanas\\\/#primaryimage\"},\"image\":{\"@id\":\"https:\\\/\\\/www.caudete.org\\\/ayuntamiento\\\/el-pleno-municipal-asignara-10-000e-a-caritas-para-ayudar-a-familias-caudetanas\\\/#primaryimage\"},\"thumbnailUrl\":\"https:\\\/\\\/www.caudete.org\\\/ayuntamiento\\\/wp-content\\\/uploads\\\/2021\\\/05\\\/Caritas-Web.jpg\",\"datePublished\":\"2021-05-25T11:00:14+00:00\",\"dateModified\":\"2021-05-25T14:28:45+00:00\",\"author\":{\"@id\":\"https:\\\/\\\/www.caudete.org\\\/ayuntamiento\\\/#\\\/schema\\\/person\\\/cc646da9133078ee4d8dd47457947253\"},\"description\":\"P\u00e1gina Oficial del Ayuntamiento de Caudete (Albacete)\",\"breadcrumb\":{\"@id\":\"https:\\\/\\\/www.caudete.org\\\/ayuntamiento\\\/el-pleno-municipal-asignara-10-000e-a-caritas-para-ayudar-a-familias-caudetanas\\\/#breadcrumb\"},\"inLanguage\":\"es\",\"potentialAction\":[{\"@type\":\"ReadAction\",\"target\":[\"https:\\\/\\\/www.caudete.org\\\/ayuntamiento\\\/el-pleno-municipal-asignara-10-000e-a-caritas-para-ayudar-a-familias-caudetanas\\\/\"]}]},{\"@type\":\"ImageObject\",\"inLanguage\":\"es\",\"@id\":\"https:\\\/\\\/www.caudete.org\\\/ayuntamiento\\\/el-pleno-municipal-asignara-10-000e-a-caritas-para-ayudar-a-familias-caudetanas\\\/#primaryimage\",\"url\":\"https:\\\/\\\/www.caudete.org\\\/ayuntamiento\\\/wp-content\\\/uploads\\\/2021\\\/05\\\/Caritas-Web.jpg\",\"contentUrl\":\"https:\\\/\\\/www.caudete.org\\\/ayuntamiento\\\/wp-content\\\/uploads\\\/2021\\\/05\\\/Caritas-Web.jpg\",\"width\":864,\"height\":380},{\"@type\":\"BreadcrumbList\",\"@id\":\"https:\\\/\\\/www.caudete.org\\\/ayuntamiento\\\/el-pleno-municipal-asignara-10-000e-a-caritas-para-ayudar-a-familias-caudetanas\\\/#breadcrumb\",\"itemListElement\":[{\"@type\":\"ListItem\",\"position\":1,\"name\":\"Inicio\",\"item\":\"https:\\\/\\\/www.caudete.org\\\/ayuntamiento\\\/\"},{\"@type\":\"ListItem\",\"position\":2,\"name\":\"El Pleno Municipal asignar\u00e1 10.000\u20ac a C\u00c1RITAS para ayudar a familias caudetanas\"}]},{\"@type\":\"WebSite\",\"@id\":\"https:\\\/\\\/www.caudete.org\\\/ayuntamiento\\\/#website\",\"url\":\"https:\\\/\\\/www.caudete.org\\\/ayuntamiento\\\/\",\"name\":\"MI Ayuntamiento de Caudete\",\"description\":\"P\u00e1gina Oficial del MI Ayuntamiento de Caudete\",\"potentialAction\":[{\"@type\":\"SearchAction\",\"target\":{\"@type\":\"EntryPoint\",\"urlTemplate\":\"https:\\\/\\\/www.caudete.org\\\/ayuntamiento\\\/?s={search_term_string}\"},\"query-input\":{\"@type\":\"PropertyValueSpecification\",\"valueRequired\":true,\"valueName\":\"search_term_string\"}}],\"inLanguage\":\"es\"},{\"@type\":\"Person\",\"@id\":\"https:\\\/\\\/www.caudete.org\\\/ayuntamiento\\\/#\\\/schema\\\/person\\\/cc646da9133078ee4d8dd47457947253\",\"name\":\"alcalde\",\"image\":{\"@type\":\"ImageObject\",\"inLanguage\":\"es\",\"@id\":\"https:\\\/\\\/secure.gravatar.com\\\/avatar\\\/84a817ba065b29ff08d666b215a215f5c79186a645ccb25b14a663d48a130f77?s=96&d=mm&r=g\",\"url\":\"https:\\\/\\\/secure.gravatar.com\\\/avatar\\\/84a817ba065b29ff08d666b215a215f5c79186a645ccb25b14a663d48a130f77?s=96&d=mm&r=g\",\"contentUrl\":\"https:\\\/\\\/secure.gravatar.com\\\/avatar\\\/84a817ba065b29ff08d666b215a215f5c79186a645ccb25b14a663d48a130f77?s=96&d=mm&r=g\",\"caption\":\"alcalde\"},\"url\":\"https:\\\/\\\/www.caudete.org\\\/ayuntamiento\\\/author\\\/alcalde\\\/\"}]}<\/script>\n<!-- \/ Yoast SEO plugin. -->","yoast_head_json":{"title":"El Pleno Municipal asignar\u00e1 10.000\u20ac a C\u00c1RITAS para ayudar a familias caudetanas - MI Ayuntamiento de Caudete","description":"P\u00e1gina Oficial del Ayuntamiento de Caudete (Albacete)","robots":{"index":"index","follow":"follow","max-snippet":"max-snippet:-1","max-image-preview":"max-image-preview:large","max-video-preview":"max-video-preview:-1"},"canonical":"https:\/\/www.caudete.org\/ayuntamiento\/el-pleno-municipal-asignara-10-000e-a-caritas-para-ayudar-a-familias-caudetanas\/","og_locale":"es_ES","og_type":"article","og_title":"El Pleno Municipal asignar\u00e1 10.000\u20ac a C\u00c1RITAS para ayudar a familias caudetanas - MI Ayuntamiento de Caudete","og_description":"P\u00e1gina Oficial del Ayuntamiento de Caudete (Albacete)","og_url":"https:\/\/www.caudete.org\/ayuntamiento\/el-pleno-municipal-asignara-10-000e-a-caritas-para-ayudar-a-familias-caudetanas\/","og_site_name":"MI Ayuntamiento de Caudete","article_publisher":"https:\/\/www.facebook.com\/ayuntamientocaudete\/","article_published_time":"2021-05-25T11:00:14+00:00","article_modified_time":"2021-05-25T14:28:45+00:00","og_image":[{"width":864,"height":380,"url":"https:\/\/www.caudete.org\/ayuntamiento\/wp-content\/uploads\/2021\/05\/Caritas-Web.jpg","type":"image\/jpeg"}],"author":"alcalde","twitter_card":"summary_large_image","twitter_misc":{"Escrito por":"alcalde","Tiempo de lectura":"2 minutos"},"schema":{"@context":"https:\/\/schema.org","@graph":[{"@type":"Article","@id":"https:\/\/www.caudete.org\/ayuntamiento\/el-pleno-municipal-asignara-10-000e-a-caritas-para-ayudar-a-familias-caudetanas\/#article","isPartOf":{"@id":"https:\/\/www.caudete.org\/ayuntamiento\/el-pleno-municipal-asignara-10-000e-a-caritas-para-ayudar-a-familias-caudetanas\/"},"author":{"name":"alcalde","@id":"https:\/\/www.caudete.org\/ayuntamiento\/#\/schema\/person\/cc646da9133078ee4d8dd47457947253"},"headline":"El Pleno Municipal asignar\u00e1 10.000\u20ac a C\u00c1RITAS para ayudar a familias caudetanas","datePublished":"2021-05-25T11:00:14+00:00","dateModified":"2021-05-25T14:28:45+00:00","mainEntityOfPage":{"@id":"https:\/\/www.caudete.org\/ayuntamiento\/el-pleno-municipal-asignara-10-000e-a-caritas-para-ayudar-a-familias-caudetanas\/"},"wordCount":365,"image":{"@id":"https:\/\/www.caudete.org\/ayuntamiento\/el-pleno-municipal-asignara-10-000e-a-caritas-para-ayudar-a-familias-caudetanas\/#primaryimage"},"thumbnailUrl":"https:\/\/www.caudete.org\/ayuntamiento\/wp-content\/uploads\/2021\/05\/Caritas-Web.jpg","articleSection":["Asociaciones"],"inLanguage":"es"},{"@type":"WebPage","@id":"https:\/\/www.caudete.org\/ayuntamiento\/el-pleno-municipal-asignara-10-000e-a-caritas-para-ayudar-a-familias-caudetanas\/","url":"https:\/\/www.caudete.org\/ayuntamiento\/el-pleno-municipal-asignara-10-000e-a-caritas-para-ayudar-a-familias-caudetanas\/","name":"El Pleno Municipal asignar\u00e1 10.000\u20ac a C\u00c1RITAS para ayudar a familias caudetanas - MI Ayuntamiento de Caudete","isPartOf":{"@id":"https:\/\/www.caudete.org\/ayuntamiento\/#website"},"primaryImageOfPage":{"@id":"https:\/\/www.caudete.org\/ayuntamiento\/el-pleno-municipal-asignara-10-000e-a-caritas-para-ayudar-a-familias-caudetanas\/#primaryimage"},"image":{"@id":"https:\/\/www.caudete.org\/ayuntamiento\/el-pleno-municipal-asignara-10-000e-a-caritas-para-ayudar-a-familias-caudetanas\/#primaryimage"},"thumbnailUrl":"https:\/\/www.caudete.org\/ayuntamiento\/wp-content\/uploads\/2021\/05\/Caritas-Web.jpg","datePublished":"2021-05-25T11:00:14+00:00","dateModified":"2021-05-25T14:28:45+00:00","author":{"@id":"https:\/\/www.caudete.org\/ayuntamiento\/#\/schema\/person\/cc646da9133078ee4d8dd47457947253"},"description":"P\u00e1gina Oficial del Ayuntamiento de Caudete (Albacete)","breadcrumb":{"@id":"https:\/\/www.caudete.org\/ayuntamiento\/el-pleno-municipal-asignara-10-000e-a-caritas-para-ayudar-a-familias-caudetanas\/#breadcrumb"},"inLanguage":"es","potentialAction":[{"@type":"ReadAction","target":["https:\/\/www.caudete.org\/ayuntamiento\/el-pleno-municipal-asignara-10-000e-a-caritas-para-ayudar-a-familias-caudetanas\/"]}]},{"@type":"ImageObject","inLanguage":"es","@id":"https:\/\/www.caudete.org\/ayuntamiento\/el-pleno-municipal-asignara-10-000e-a-caritas-para-ayudar-a-familias-caudetanas\/#primaryimage","url":"https:\/\/www.caudete.org\/ayuntamiento\/wp-content\/uploads\/2021\/05\/Caritas-Web.jpg","contentUrl":"https:\/\/www.caudete.org\/ayuntamiento\/wp-content\/uploads\/2021\/05\/Caritas-Web.jpg","width":864,"height":380},{"@type":"BreadcrumbList","@id":"https:\/\/www.caudete.org\/ayuntamiento\/el-pleno-municipal-asignara-10-000e-a-caritas-para-ayudar-a-familias-caudetanas\/#breadcrumb","itemListElement":[{"@type":"ListItem","position":1,"name":"Inicio","item":"https:\/\/www.caudete.org\/ayuntamiento\/"},{"@type":"ListItem","position":2,"name":"El Pleno Municipal asignar\u00e1 10.000\u20ac a C\u00c1RITAS para ayudar a familias caudetanas"}]},{"@type":"WebSite","@id":"https:\/\/www.caudete.org\/ayuntamiento\/#website","url":"https:\/\/www.caudete.org\/ayuntamiento\/","name":"MI Ayuntamiento de Caudete","description":"P\u00e1gina Oficial del MI Ayuntamiento de Caudete","potentialAction":[{"@type":"SearchAction","target":{"@type":"EntryPoint","urlTemplate":"https:\/\/www.caudete.org\/ayuntamiento\/?s={search_term_string}"},"query-input":{"@type":"PropertyValueSpecification","valueRequired":true,"valueName":"search_term_string"}}],"inLanguage":"es"},{"@type":"Person","@id":"https:\/\/www.caudete.org\/ayuntamiento\/#\/schema\/person\/cc646da9133078ee4d8dd47457947253","name":"alcalde","image":{"@type":"ImageObject","inLanguage":"es","@id":"https:\/\/secure.gravatar.com\/avatar\/84a817ba065b29ff08d666b215a215f5c79186a645ccb25b14a663d48a130f77?s=96&d=mm&r=g","url":"https:\/\/secure.gravatar.com\/avatar\/84a817ba065b29ff08d666b215a215f5c79186a645ccb25b14a663d48a130f77?s=96&d=mm&r=g","contentUrl":"https:\/\/secure.gravatar.com\/avatar\/84a817ba065b29ff08d666b215a215f5c79186a645ccb25b14a663d48a130f77?s=96&d=mm&r=g","caption":"alcalde"},"url":"https:\/\/www.caudete.org\/ayuntamiento\/author\/alcalde\/"}]}},"_links":{"self":[{"href":"https:\/\/www.caudete.org\/ayuntamiento\/wp-json\/wp\/v2\/posts\/14618","targetHints":{"allow":["GET"]}}],"collection":[{"href":"https:\/\/www.caudete.org\/ayuntamiento\/wp-json\/wp\/v2\/posts"}],"about":[{"href":"https:\/\/www.caudete.org\/ayuntamiento\/wp-json\/wp\/v2\/types\/post"}],"author":[{"embeddable":true,"href":"https:\/\/www.caudete.org\/ayuntamiento\/wp-json\/wp\/v2\/users\/3"}],"replies":[{"embeddable":true,"href":"https:\/\/www.caudete.org\/ayuntamiento\/wp-json\/wp\/v2\/comments?post=14618"}],"version-history":[{"count":2,"href":"https:\/\/www.caudete.org\/ayuntamiento\/wp-json\/wp\/v2\/posts\/14618\/revisions"}],"predecessor-version":[{"id":14647,"href":"https:\/\/www.caudete.org\/ayuntamiento\/wp-json\/wp\/v2\/posts\/14618\/revisions\/14647"}],"wp:featuredmedia":[{"embeddable":true,"href":"https:\/\/www.caudete.org\/ayuntamiento\/wp-json\/wp\/v2\/media\/14646"}],"wp:attachment":[{"href":"https:\/\/www.caudete.org\/ayuntamiento\/wp-json\/wp\/v2\/media?parent=14618"}],"wp:term":[{"taxonomy":"category","embeddable":true,"href":"https:\/\/www.caudete.org\/ayuntamiento\/wp-json\/wp\/v2\/categories?post=14618"},{"taxonomy":"post_tag","embeddable":true,"href":"https:\/\/www.caudete.org\/ayuntamiento\/wp-json\/wp\/v2\/tags?post=14618"}],"curies":[{"name":"wp","href":"https:\/\/api.w.org\/{rel}","templated":true}]}}