{"id":14624,"date":"2021-05-25T12:00:58","date_gmt":"2021-05-25T10:00:58","guid":{"rendered":"https:\/\/www.caudete.org\/ayuntamiento\/?p=14624"},"modified":"2021-05-25T22:59:49","modified_gmt":"2021-05-25T20:59:49","slug":"la-edil-montse-albertos-herrero-presenta-su-renuncia-al-acta-de-concejal","status":"publish","type":"post","link":"https:\/\/www.caudete.org\/ayuntamiento\/la-edil-montse-albertos-herrero-presenta-su-renuncia-al-acta-de-concejal\/","title":{"rendered":"La Edil Montse Albertos Herrero presenta su renuncia al Acta de Concejal"},"content":{"rendered":"<p style=\"text-align: justify;\">En la ma\u00f1ana de ayer lunes 24 de Mayo, la Concejal Montserrat Albertos Herrero presentaba por registro de entrada su renuncia al Acta de Concejal, expresando motivos personales en la causa.<\/p>\n<p style=\"text-align: justify;\">La renuncia ha sido por tanto incluida en el Orden del D\u00eda de la sesi\u00f3n plenaria del pr\u00f3ximo jueves, en la que la Corporaci\u00f3n Municipal tomar\u00e1 conocimiento de ello.<\/p>\n<p style=\"text-align: justify;\">Desde Junio de 2019, Montse se ha encargado de las \u00e1reas de Juventud y Cementerio tras la delegaci\u00f3n de dichas competencias al inicio de la presente legislatura. Por baja maternal sus Concejal\u00edas fueron avocadas temporalmente al tener r\u00e9gimen de dedicaci\u00f3n parcial.<\/p>\n<p><a href=\"https:\/\/www.caudete.org\/ayuntamiento\/wp-content\/uploads\/2021\/05\/IMG_0334.jpg\" rel='prettyPhoto'><img fetchpriority=\"high\" decoding=\"async\" class=\"aligncenter wp-image-14636 size-medium\" src=\"https:\/\/www.caudete.org\/ayuntamiento\/wp-content\/uploads\/2021\/05\/IMG_0334-300x200.jpg\" alt=\"\" width=\"300\" height=\"200\" srcset=\"https:\/\/www.caudete.org\/ayuntamiento\/wp-content\/uploads\/2021\/05\/IMG_0334-300x200.jpg 300w, https:\/\/www.caudete.org\/ayuntamiento\/wp-content\/uploads\/2021\/05\/IMG_0334-1024x683.jpg 1024w, https:\/\/www.caudete.org\/ayuntamiento\/wp-content\/uploads\/2021\/05\/IMG_0334-768x512.jpg 768w, https:\/\/www.caudete.org\/ayuntamiento\/wp-content\/uploads\/2021\/05\/IMG_0334-1536x1024.jpg 1536w, https:\/\/www.caudete.org\/ayuntamiento\/wp-content\/uploads\/2021\/05\/IMG_0334.jpg 1600w\" sizes=\"(max-width: 300px) 100vw, 300px\" \/><\/a><\/p>\n<p style=\"text-align: justify;\">Durante todo este periodo, ha gestionado junto a los T\u00e9cnicos de las diferentes \u00e1reas los servicios y actividades necesarios para el correcto funcionamiento tanto del Servicio de Informaci\u00f3n Juvenil, Centro Joven y Cementerio Municipal.<\/p>\n<p style=\"text-align: justify;\">En tiempos de Pandemia, ha conseguido mantener la actividad destinada a los j\u00f3venes pese al confinamiento y cierre de las instalaciones decretado por Sanidad, con una buena acogida y \u00e9xito, siendo pioneros en la provincia. Igualmente, ha trabajado junto a j\u00f3venes, padres y asociaciones para acercar el Centro Joven a dicho colectivo, as\u00ed como ofertar atractivas actividades.<\/p>\n<p style=\"text-align: justify;\">Adem\u00e1s, ha podido finalizar junto a compa\u00f1eros de Concejal\u00edas implicadas, las l\u00edneas generales del que ser\u00e1 el nuevo Centro Joven de Caudete, con el que el actual Equipo de Gobierno est\u00e1 comprometido con los caudetanos, para dar respuesta a una necesidad manifiesta y demandada.<\/p>\n<p style=\"text-align: justify;\">Respecto al Cementerio Municipal, ha sido parte implicada en la mejora de las infraestructuras y servicios a prestar, y en el proyecto de ampliaci\u00f3n del camposanto con la adquisici\u00f3n de terreno colindante, as\u00ed como contribuido a la mejoras del recinto, donde se prev\u00e9n inversiones para este a\u00f1o 2021.<\/p>\n<p><a href=\"https:\/\/www.caudete.org\/ayuntamiento\/wp-content\/uploads\/2021\/05\/IMG_0362.jpg\" rel='prettyPhoto'><img decoding=\"async\" class=\"aligncenter wp-image-14635 size-medium\" src=\"https:\/\/www.caudete.org\/ayuntamiento\/wp-content\/uploads\/2021\/05\/IMG_0362-300x200.jpg\" alt=\"\" width=\"300\" height=\"200\" srcset=\"https:\/\/www.caudete.org\/ayuntamiento\/wp-content\/uploads\/2021\/05\/IMG_0362-300x200.jpg 300w, https:\/\/www.caudete.org\/ayuntamiento\/wp-content\/uploads\/2021\/05\/IMG_0362-1024x683.jpg 1024w, https:\/\/www.caudete.org\/ayuntamiento\/wp-content\/uploads\/2021\/05\/IMG_0362-768x512.jpg 768w, https:\/\/www.caudete.org\/ayuntamiento\/wp-content\/uploads\/2021\/05\/IMG_0362-1536x1024.jpg 1536w, https:\/\/www.caudete.org\/ayuntamiento\/wp-content\/uploads\/2021\/05\/IMG_0362.jpg 1600w\" sizes=\"(max-width: 300px) 100vw, 300px\" \/><\/a><\/p>\n","protected":false},"excerpt":{"rendered":"<p>En la ma\u00f1ana de ayer lunes 24 de Mayo, la Concejal Montserrat Albertos Herrero presentaba por registro de entrada su renuncia al Acta de Concejal, expresando motivos personales en la causa. La renuncia ha sido por tanto incluida en el Orden del D\u00eda de la sesi\u00f3n plenaria del pr\u00f3ximo jueves, en la que la Corporaci\u00f3n &hellip;<\/p>\n","protected":false},"author":3,"featured_media":14623,"comment_status":"closed","ping_status":"open","sticky":false,"template":"","format":"standard","meta":{"ngg_post_thumbnail":0,"footnotes":""},"categories":[20],"tags":[],"class_list":["post-14624","post","type-post","status-publish","format-standard","has-post-thumbnail","hentry","category-ayuntamiento"],"yoast_head":"<!-- This site is optimized with the Yoast SEO plugin v27.5 - https:\/\/yoast.com\/product\/yoast-seo-wordpress\/ -->\n<title>La Edil Montse Albertos Herrero presenta su renuncia al Acta de Concejal - MI Ayuntamiento de Caudete<\/title>\n<meta name=\"description\" content=\"P\u00e1gina Oficial del Ayuntamiento de Caudete (Albacete)\" \/>\n<meta name=\"robots\" content=\"index, follow, max-snippet:-1, max-image-preview:large, max-video-preview:-1\" \/>\n<link rel=\"canonical\" href=\"https:\/\/www.caudete.org\/ayuntamiento\/la-edil-montse-albertos-herrero-presenta-su-renuncia-al-acta-de-concejal\/\" \/>\n<meta property=\"og:locale\" content=\"es_ES\" \/>\n<meta property=\"og:type\" content=\"article\" \/>\n<meta property=\"og:title\" content=\"La Edil Montse Albertos Herrero presenta su renuncia al Acta de Concejal - MI Ayuntamiento de Caudete\" \/>\n<meta property=\"og:description\" content=\"P\u00e1gina Oficial del Ayuntamiento de Caudete (Albacete)\" \/>\n<meta property=\"og:url\" content=\"https:\/\/www.caudete.org\/ayuntamiento\/la-edil-montse-albertos-herrero-presenta-su-renuncia-al-acta-de-concejal\/\" \/>\n<meta property=\"og:site_name\" content=\"MI Ayuntamiento de Caudete\" \/>\n<meta property=\"article:publisher\" content=\"https:\/\/www.facebook.com\/ayuntamientocaudete\/\" \/>\n<meta property=\"article:published_time\" content=\"2021-05-25T10:00:58+00:00\" \/>\n<meta property=\"article:modified_time\" content=\"2021-05-25T20:59:49+00:00\" \/>\n<meta property=\"og:image\" content=\"https:\/\/www.caudete.org\/ayuntamiento\/wp-content\/uploads\/2021\/05\/IMG_0267.jpg\" \/>\n\t<meta property=\"og:image:width\" content=\"1600\" \/>\n\t<meta property=\"og:image:height\" content=\"1067\" \/>\n\t<meta property=\"og:image:type\" content=\"image\/jpeg\" \/>\n<meta name=\"author\" content=\"alcalde\" \/>\n<meta name=\"twitter:card\" content=\"summary_large_image\" \/>\n<meta name=\"twitter:label1\" content=\"Escrito por\" \/>\n\t<meta name=\"twitter:data1\" content=\"alcalde\" \/>\n\t<meta name=\"twitter:label2\" content=\"Tiempo de lectura\" \/>\n\t<meta name=\"twitter:data2\" content=\"2 minutos\" \/>\n<script type=\"application\/ld+json\" class=\"yoast-schema-graph\">{\"@context\":\"https:\\\/\\\/schema.org\",\"@graph\":[{\"@type\":\"Article\",\"@id\":\"https:\\\/\\\/www.caudete.org\\\/ayuntamiento\\\/la-edil-montse-albertos-herrero-presenta-su-renuncia-al-acta-de-concejal\\\/#article\",\"isPartOf\":{\"@id\":\"https:\\\/\\\/www.caudete.org\\\/ayuntamiento\\\/la-edil-montse-albertos-herrero-presenta-su-renuncia-al-acta-de-concejal\\\/\"},\"author\":{\"name\":\"alcalde\",\"@id\":\"https:\\\/\\\/www.caudete.org\\\/ayuntamiento\\\/#\\\/schema\\\/person\\\/cc646da9133078ee4d8dd47457947253\"},\"headline\":\"La Edil Montse Albertos Herrero presenta su renuncia al Acta de Concejal\",\"datePublished\":\"2021-05-25T10:00:58+00:00\",\"dateModified\":\"2021-05-25T20:59:49+00:00\",\"mainEntityOfPage\":{\"@id\":\"https:\\\/\\\/www.caudete.org\\\/ayuntamiento\\\/la-edil-montse-albertos-herrero-presenta-su-renuncia-al-acta-de-concejal\\\/\"},\"wordCount\":314,\"image\":{\"@id\":\"https:\\\/\\\/www.caudete.org\\\/ayuntamiento\\\/la-edil-montse-albertos-herrero-presenta-su-renuncia-al-acta-de-concejal\\\/#primaryimage\"},\"thumbnailUrl\":\"https:\\\/\\\/www.caudete.org\\\/ayuntamiento\\\/wp-content\\\/uploads\\\/2021\\\/05\\\/IMG_0267.jpg\",\"articleSection\":[\"Ayuntamiento\"],\"inLanguage\":\"es\"},{\"@type\":\"WebPage\",\"@id\":\"https:\\\/\\\/www.caudete.org\\\/ayuntamiento\\\/la-edil-montse-albertos-herrero-presenta-su-renuncia-al-acta-de-concejal\\\/\",\"url\":\"https:\\\/\\\/www.caudete.org\\\/ayuntamiento\\\/la-edil-montse-albertos-herrero-presenta-su-renuncia-al-acta-de-concejal\\\/\",\"name\":\"La Edil Montse Albertos Herrero presenta su renuncia al Acta de Concejal - MI Ayuntamiento de Caudete\",\"isPartOf\":{\"@id\":\"https:\\\/\\\/www.caudete.org\\\/ayuntamiento\\\/#website\"},\"primaryImageOfPage\":{\"@id\":\"https:\\\/\\\/www.caudete.org\\\/ayuntamiento\\\/la-edil-montse-albertos-herrero-presenta-su-renuncia-al-acta-de-concejal\\\/#primaryimage\"},\"image\":{\"@id\":\"https:\\\/\\\/www.caudete.org\\\/ayuntamiento\\\/la-edil-montse-albertos-herrero-presenta-su-renuncia-al-acta-de-concejal\\\/#primaryimage\"},\"thumbnailUrl\":\"https:\\\/\\\/www.caudete.org\\\/ayuntamiento\\\/wp-content\\\/uploads\\\/2021\\\/05\\\/IMG_0267.jpg\",\"datePublished\":\"2021-05-25T10:00:58+00:00\",\"dateModified\":\"2021-05-25T20:59:49+00:00\",\"author\":{\"@id\":\"https:\\\/\\\/www.caudete.org\\\/ayuntamiento\\\/#\\\/schema\\\/person\\\/cc646da9133078ee4d8dd47457947253\"},\"description\":\"P\u00e1gina Oficial del Ayuntamiento de Caudete (Albacete)\",\"breadcrumb\":{\"@id\":\"https:\\\/\\\/www.caudete.org\\\/ayuntamiento\\\/la-edil-montse-albertos-herrero-presenta-su-renuncia-al-acta-de-concejal\\\/#breadcrumb\"},\"inLanguage\":\"es\",\"potentialAction\":[{\"@type\":\"ReadAction\",\"target\":[\"https:\\\/\\\/www.caudete.org\\\/ayuntamiento\\\/la-edil-montse-albertos-herrero-presenta-su-renuncia-al-acta-de-concejal\\\/\"]}]},{\"@type\":\"ImageObject\",\"inLanguage\":\"es\",\"@id\":\"https:\\\/\\\/www.caudete.org\\\/ayuntamiento\\\/la-edil-montse-albertos-herrero-presenta-su-renuncia-al-acta-de-concejal\\\/#primaryimage\",\"url\":\"https:\\\/\\\/www.caudete.org\\\/ayuntamiento\\\/wp-content\\\/uploads\\\/2021\\\/05\\\/IMG_0267.jpg\",\"contentUrl\":\"https:\\\/\\\/www.caudete.org\\\/ayuntamiento\\\/wp-content\\\/uploads\\\/2021\\\/05\\\/IMG_0267.jpg\",\"width\":1600,\"height\":1067},{\"@type\":\"BreadcrumbList\",\"@id\":\"https:\\\/\\\/www.caudete.org\\\/ayuntamiento\\\/la-edil-montse-albertos-herrero-presenta-su-renuncia-al-acta-de-concejal\\\/#breadcrumb\",\"itemListElement\":[{\"@type\":\"ListItem\",\"position\":1,\"name\":\"Inicio\",\"item\":\"https:\\\/\\\/www.caudete.org\\\/ayuntamiento\\\/\"},{\"@type\":\"ListItem\",\"position\":2,\"name\":\"La Edil Montse Albertos Herrero presenta su renuncia al Acta de Concejal\"}]},{\"@type\":\"WebSite\",\"@id\":\"https:\\\/\\\/www.caudete.org\\\/ayuntamiento\\\/#website\",\"url\":\"https:\\\/\\\/www.caudete.org\\\/ayuntamiento\\\/\",\"name\":\"MI Ayuntamiento de Caudete\",\"description\":\"P\u00e1gina Oficial del MI Ayuntamiento de Caudete\",\"potentialAction\":[{\"@type\":\"SearchAction\",\"target\":{\"@type\":\"EntryPoint\",\"urlTemplate\":\"https:\\\/\\\/www.caudete.org\\\/ayuntamiento\\\/?s={search_term_string}\"},\"query-input\":{\"@type\":\"PropertyValueSpecification\",\"valueRequired\":true,\"valueName\":\"search_term_string\"}}],\"inLanguage\":\"es\"},{\"@type\":\"Person\",\"@id\":\"https:\\\/\\\/www.caudete.org\\\/ayuntamiento\\\/#\\\/schema\\\/person\\\/cc646da9133078ee4d8dd47457947253\",\"name\":\"alcalde\",\"image\":{\"@type\":\"ImageObject\",\"inLanguage\":\"es\",\"@id\":\"https:\\\/\\\/secure.gravatar.com\\\/avatar\\\/84a817ba065b29ff08d666b215a215f5c79186a645ccb25b14a663d48a130f77?s=96&d=mm&r=g\",\"url\":\"https:\\\/\\\/secure.gravatar.com\\\/avatar\\\/84a817ba065b29ff08d666b215a215f5c79186a645ccb25b14a663d48a130f77?s=96&d=mm&r=g\",\"contentUrl\":\"https:\\\/\\\/secure.gravatar.com\\\/avatar\\\/84a817ba065b29ff08d666b215a215f5c79186a645ccb25b14a663d48a130f77?s=96&d=mm&r=g\",\"caption\":\"alcalde\"},\"url\":\"https:\\\/\\\/www.caudete.org\\\/ayuntamiento\\\/author\\\/alcalde\\\/\"}]}<\/script>\n<!-- \/ Yoast SEO plugin. -->","yoast_head_json":{"title":"La Edil Montse Albertos Herrero presenta su renuncia al Acta de Concejal - MI Ayuntamiento de Caudete","description":"P\u00e1gina Oficial del Ayuntamiento de Caudete (Albacete)","robots":{"index":"index","follow":"follow","max-snippet":"max-snippet:-1","max-image-preview":"max-image-preview:large","max-video-preview":"max-video-preview:-1"},"canonical":"https:\/\/www.caudete.org\/ayuntamiento\/la-edil-montse-albertos-herrero-presenta-su-renuncia-al-acta-de-concejal\/","og_locale":"es_ES","og_type":"article","og_title":"La Edil Montse Albertos Herrero presenta su renuncia al Acta de Concejal - MI Ayuntamiento de Caudete","og_description":"P\u00e1gina Oficial del Ayuntamiento de Caudete (Albacete)","og_url":"https:\/\/www.caudete.org\/ayuntamiento\/la-edil-montse-albertos-herrero-presenta-su-renuncia-al-acta-de-concejal\/","og_site_name":"MI Ayuntamiento de Caudete","article_publisher":"https:\/\/www.facebook.com\/ayuntamientocaudete\/","article_published_time":"2021-05-25T10:00:58+00:00","article_modified_time":"2021-05-25T20:59:49+00:00","og_image":[{"width":1600,"height":1067,"url":"https:\/\/www.caudete.org\/ayuntamiento\/wp-content\/uploads\/2021\/05\/IMG_0267.jpg","type":"image\/jpeg"}],"author":"alcalde","twitter_card":"summary_large_image","twitter_misc":{"Escrito por":"alcalde","Tiempo de lectura":"2 minutos"},"schema":{"@context":"https:\/\/schema.org","@graph":[{"@type":"Article","@id":"https:\/\/www.caudete.org\/ayuntamiento\/la-edil-montse-albertos-herrero-presenta-su-renuncia-al-acta-de-concejal\/#article","isPartOf":{"@id":"https:\/\/www.caudete.org\/ayuntamiento\/la-edil-montse-albertos-herrero-presenta-su-renuncia-al-acta-de-concejal\/"},"author":{"name":"alcalde","@id":"https:\/\/www.caudete.org\/ayuntamiento\/#\/schema\/person\/cc646da9133078ee4d8dd47457947253"},"headline":"La Edil Montse Albertos Herrero presenta su renuncia al Acta de Concejal","datePublished":"2021-05-25T10:00:58+00:00","dateModified":"2021-05-25T20:59:49+00:00","mainEntityOfPage":{"@id":"https:\/\/www.caudete.org\/ayuntamiento\/la-edil-montse-albertos-herrero-presenta-su-renuncia-al-acta-de-concejal\/"},"wordCount":314,"image":{"@id":"https:\/\/www.caudete.org\/ayuntamiento\/la-edil-montse-albertos-herrero-presenta-su-renuncia-al-acta-de-concejal\/#primaryimage"},"thumbnailUrl":"https:\/\/www.caudete.org\/ayuntamiento\/wp-content\/uploads\/2021\/05\/IMG_0267.jpg","articleSection":["Ayuntamiento"],"inLanguage":"es"},{"@type":"WebPage","@id":"https:\/\/www.caudete.org\/ayuntamiento\/la-edil-montse-albertos-herrero-presenta-su-renuncia-al-acta-de-concejal\/","url":"https:\/\/www.caudete.org\/ayuntamiento\/la-edil-montse-albertos-herrero-presenta-su-renuncia-al-acta-de-concejal\/","name":"La Edil Montse Albertos Herrero presenta su renuncia al Acta de Concejal - MI Ayuntamiento de Caudete","isPartOf":{"@id":"https:\/\/www.caudete.org\/ayuntamiento\/#website"},"primaryImageOfPage":{"@id":"https:\/\/www.caudete.org\/ayuntamiento\/la-edil-montse-albertos-herrero-presenta-su-renuncia-al-acta-de-concejal\/#primaryimage"},"image":{"@id":"https:\/\/www.caudete.org\/ayuntamiento\/la-edil-montse-albertos-herrero-presenta-su-renuncia-al-acta-de-concejal\/#primaryimage"},"thumbnailUrl":"https:\/\/www.caudete.org\/ayuntamiento\/wp-content\/uploads\/2021\/05\/IMG_0267.jpg","datePublished":"2021-05-25T10:00:58+00:00","dateModified":"2021-05-25T20:59:49+00:00","author":{"@id":"https:\/\/www.caudete.org\/ayuntamiento\/#\/schema\/person\/cc646da9133078ee4d8dd47457947253"},"description":"P\u00e1gina Oficial del Ayuntamiento de Caudete (Albacete)","breadcrumb":{"@id":"https:\/\/www.caudete.org\/ayuntamiento\/la-edil-montse-albertos-herrero-presenta-su-renuncia-al-acta-de-concejal\/#breadcrumb"},"inLanguage":"es","potentialAction":[{"@type":"ReadAction","target":["https:\/\/www.caudete.org\/ayuntamiento\/la-edil-montse-albertos-herrero-presenta-su-renuncia-al-acta-de-concejal\/"]}]},{"@type":"ImageObject","inLanguage":"es","@id":"https:\/\/www.caudete.org\/ayuntamiento\/la-edil-montse-albertos-herrero-presenta-su-renuncia-al-acta-de-concejal\/#primaryimage","url":"https:\/\/www.caudete.org\/ayuntamiento\/wp-content\/uploads\/2021\/05\/IMG_0267.jpg","contentUrl":"https:\/\/www.caudete.org\/ayuntamiento\/wp-content\/uploads\/2021\/05\/IMG_0267.jpg","width":1600,"height":1067},{"@type":"BreadcrumbList","@id":"https:\/\/www.caudete.org\/ayuntamiento\/la-edil-montse-albertos-herrero-presenta-su-renuncia-al-acta-de-concejal\/#breadcrumb","itemListElement":[{"@type":"ListItem","position":1,"name":"Inicio","item":"https:\/\/www.caudete.org\/ayuntamiento\/"},{"@type":"ListItem","position":2,"name":"La Edil Montse Albertos Herrero presenta su renuncia al Acta de Concejal"}]},{"@type":"WebSite","@id":"https:\/\/www.caudete.org\/ayuntamiento\/#website","url":"https:\/\/www.caudete.org\/ayuntamiento\/","name":"MI Ayuntamiento de Caudete","description":"P\u00e1gina Oficial del MI Ayuntamiento de Caudete","potentialAction":[{"@type":"SearchAction","target":{"@type":"EntryPoint","urlTemplate":"https:\/\/www.caudete.org\/ayuntamiento\/?s={search_term_string}"},"query-input":{"@type":"PropertyValueSpecification","valueRequired":true,"valueName":"search_term_string"}}],"inLanguage":"es"},{"@type":"Person","@id":"https:\/\/www.caudete.org\/ayuntamiento\/#\/schema\/person\/cc646da9133078ee4d8dd47457947253","name":"alcalde","image":{"@type":"ImageObject","inLanguage":"es","@id":"https:\/\/secure.gravatar.com\/avatar\/84a817ba065b29ff08d666b215a215f5c79186a645ccb25b14a663d48a130f77?s=96&d=mm&r=g","url":"https:\/\/secure.gravatar.com\/avatar\/84a817ba065b29ff08d666b215a215f5c79186a645ccb25b14a663d48a130f77?s=96&d=mm&r=g","contentUrl":"https:\/\/secure.gravatar.com\/avatar\/84a817ba065b29ff08d666b215a215f5c79186a645ccb25b14a663d48a130f77?s=96&d=mm&r=g","caption":"alcalde"},"url":"https:\/\/www.caudete.org\/ayuntamiento\/author\/alcalde\/"}]}},"_links":{"self":[{"href":"https:\/\/www.caudete.org\/ayuntamiento\/wp-json\/wp\/v2\/posts\/14624","targetHints":{"allow":["GET"]}}],"collection":[{"href":"https:\/\/www.caudete.org\/ayuntamiento\/wp-json\/wp\/v2\/posts"}],"about":[{"href":"https:\/\/www.caudete.org\/ayuntamiento\/wp-json\/wp\/v2\/types\/post"}],"author":[{"embeddable":true,"href":"https:\/\/www.caudete.org\/ayuntamiento\/wp-json\/wp\/v2\/users\/3"}],"replies":[{"embeddable":true,"href":"https:\/\/www.caudete.org\/ayuntamiento\/wp-json\/wp\/v2\/comments?post=14624"}],"version-history":[{"count":5,"href":"https:\/\/www.caudete.org\/ayuntamiento\/wp-json\/wp\/v2\/posts\/14624\/revisions"}],"predecessor-version":[{"id":14656,"href":"https:\/\/www.caudete.org\/ayuntamiento\/wp-json\/wp\/v2\/posts\/14624\/revisions\/14656"}],"wp:featuredmedia":[{"embeddable":true,"href":"https:\/\/www.caudete.org\/ayuntamiento\/wp-json\/wp\/v2\/media\/14623"}],"wp:attachment":[{"href":"https:\/\/www.caudete.org\/ayuntamiento\/wp-json\/wp\/v2\/media?parent=14624"}],"wp:term":[{"taxonomy":"category","embeddable":true,"href":"https:\/\/www.caudete.org\/ayuntamiento\/wp-json\/wp\/v2\/categories?post=14624"},{"taxonomy":"post_tag","embeddable":true,"href":"https:\/\/www.caudete.org\/ayuntamiento\/wp-json\/wp\/v2\/tags?post=14624"}],"curies":[{"name":"wp","href":"https:\/\/api.w.org\/{rel}","templated":true}]}}