{"id":14650,"date":"2021-05-25T18:57:08","date_gmt":"2021-05-25T16:57:08","guid":{"rendered":"https:\/\/www.caudete.org\/ayuntamiento\/?p=14650"},"modified":"2021-05-25T20:58:08","modified_gmt":"2021-05-25T18:58:08","slug":"la-nueva-factura-electrica-que-entrara-en-vigor-el-proximo-1-de-junio","status":"publish","type":"post","link":"https:\/\/www.caudete.org\/ayuntamiento\/la-nueva-factura-electrica-que-entrara-en-vigor-el-proximo-1-de-junio\/","title":{"rendered":"La nueva factura el\u00e9ctrica, que entrar\u00e1 en vigor el pr\u00f3ximo 1 de junio"},"content":{"rendered":"<p>La Concejal\u00eda de Comercio a trav\u00e9s de la Oficina de Consumo de la localidad,\u00a0 informa a la ciudadan\u00eda sobre el nuevo modelo de factura el\u00e9ctrica que entrar\u00e1 en vigor el 1 de junio.<\/p>\n<p>Nuevo modelo de factura el\u00e9ctrica <strong>aplicable a los consumidores acogidos al Precio Voluntario para el Peque\u00f1o Consumidor (PVPC)<\/strong> que fomentar\u00e1 el ahorro energ\u00e9tico, la eficiencia, el autoconsumo y el despliegue del veh\u00edculo el\u00e9ctrico.<\/p>\n<p><strong>Nueva estructura de la tarifa<\/strong><\/p>\n<p>La nueva estructura tarifaria aplica discriminaci\u00f3n de precios a todos los consumidores y tres periodos a todos los de menos de 15 kW (consumidores dom\u00e9sticos) para los usuarios con PVPC. As\u00ed, se fijan tres tramos horarios: punta, llano y valle.<\/p>\n<p>El periodo punta, en el que el coste de los peajes y los cargos ser\u00e1 m\u00e1s alto, estar\u00e1 comprendido entre las 10 y las 14 horas y las 18 y 22 horas; el tramo llano, con un coste intermedio, se situar\u00e1 entre las 8 y las 10 horas, las 14 y las 18 horas y entre las 22 y 24 horas; y la tarifa valle, la m\u00e1s barata de las tres, se ubicar\u00e1 entre medianoche y las 8 de la ma\u00f1ana y se aplicar\u00e1 durante todas las horas de los fines de semana y festivos.<\/p>\n<p>A trav\u00e9s de esta estructura tarifaria se pretende incentivar el traslado del consumo el\u00e9ctrico desde las horas de m\u00e1xima demanda el\u00e9ctrica (horas punta) a otras en las que las redes de transporte y distribuci\u00f3n se encuentran menos saturadas (horas valle), lo que reducir\u00e1 la necesidad de llevar a cabo nuevas inversiones en dichas infraestructuras. Esto redunda en menores costes para los consumidores de energ\u00eda el\u00e9ctrica, puesto que son ellos quienes sufragan este tipo de infraestructuras a trav\u00e9s de la factura el\u00e9ctrica, y evita los inconvenientes medioambientales de este tipo de instalaciones. As\u00ed, los usuarios que trasladen su consumo hacia las horas llanas y valle, las de menor demanda, conseguir\u00e1n un mayor ahorro en su factura.<\/p>\n<p><strong>Adem\u00e1s, a partir del 1 de junio los consumidores dom\u00e9sticos podr\u00e1n contratar dos potencias diferentes: una para los periodos punta y llano y otra para el periodo valle.<\/strong><\/p>\n<p>De este modo aquellos consumidores que tengan unas necesidades de potencia m\u00e1s elevadas en periodo valle, como los usuarios de veh\u00edculo el\u00e9ctrico que deseen cargar su coche o moto por la noche en su domicilio, podr\u00e1n beneficiarse de contratar una potencia superior para el periodo valle y mantener su potencia habitual en los tramos punta y llano, evitando pagar el sobrecoste de esa potencia extra durante todas las horas del d\u00eda. Si el consumidor no solicita este cambio se le aplicar\u00e1, de manera autom\u00e1tica, la potencia actual contratada en ambos periodos.<\/p>\n<p><strong>Fomento del ahorro y el autoconsumo<\/strong><\/p>\n<p>La combinaci\u00f3n de los nuevos peajes y cargos permitir\u00e1 que la factura el\u00e9ctrica tenga un mayor componente variable. Esto har\u00e1 que su coste dependa en mayor medida de la energ\u00eda consumida, lo que fomenta la eficiencia energ\u00e9tica al permitir que las medidas de ahorro tengan un mayor impacto en el recibo del usuario.<\/p>\n<p>Con ello se promueve el autoconsumo, que reduce la demanda de energ\u00eda procedente de la red, o el despliegue de infraestructuras de recarga r\u00e1pida de veh\u00edculos el\u00e9ctricos. Este nuevo modelo beneficiar\u00e1, adem\u00e1s, a los consumos con componente estacional como el turismo.<\/p>\n<p>No obstante, el nuevo modelo mantendr\u00e1 una parte fija de los cargos para lograr un equilibrio con otras prioridades de pol\u00edtica energ\u00e9tica.<\/p>\n<p>De esta forma permanece el incentivo para la electrificaci\u00f3n de usos finales de energ\u00eda, lo que fomenta, por ejemplo, el uso de bombas de calor, que podr\u00edan resultar m\u00e1s baratas y limpias que otras opciones basadas en combustibles f\u00f3siles, o la recarga dom\u00e9stica de veh\u00edculos el\u00e9ctricos.<\/p>\n<p><strong>Nuevo formato de factura<\/strong><\/p>\n<p>A estos cambios se sumar\u00e1 un nuevo formato de factura para usuarios con PVPC que adaptar\u00e1 el recibo a la divisi\u00f3n de los actuales peajes de acceso en los peajes de redes y los cargos, establecer\u00e1 el contenido m\u00ednimo de la factura de los consumidores con menos de 15 kW de potencia contratada, simplificar\u00e1 el contenido para mejorar su comprensi\u00f3n, reducir\u00e1 su extensi\u00f3n a dos p\u00e1ginas e incorporar\u00e1 nueva informaci\u00f3n como las potencias m\u00e1ximas que cada consumidor ha demandado en cada uno de los periodos horarios en el \u00faltimo a\u00f1o.<\/p>\n<p>Se incluye, adem\u00e1s, un c\u00f3digo QR para para facilitar al usuario emplear el comparador de ofertas de energ\u00eda en la web la CNMC de forma que pueda encontrar alternativas contractuales ventajosas.<\/p>\n<p><strong>\u00bfQu\u00e9 tiene que hacer el consumidor?<\/strong><\/p>\n<p>El consumidor no tiene que hacer nada.\u00a0 El nuevo peaje se asigna de manera autom\u00e1tica.<\/p>\n<p>No obstante, el consumidor puede adaptar sus potencias contratadas y sus pautas de consumo para aprovechar las ventajas de la nueva estructura de peajes.<\/p>\n<p>&nbsp;<\/p>\n<p><strong>M\u00e1s informaci\u00f3n:<\/strong><\/p>\n<p><a href=\"https:\/\/www.cnmc.es\/la-nueva-factura-de-la-luz\" target=\"_blank\" rel=\"nofollow\">https:\/\/www.cnmc.es\/la-nueva-factura-de-la-luz<\/a><\/p>\n<p><a href=\"https:\/\/www.lamoncloa.gob.es\/serviciosdeprensa\/notasprensa\/transicion-ecologica\/Paginas\/2021\/050521-factura_electrica.aspx\" target=\"_blank\" rel=\"nofollow\">https:\/\/www.lamoncloa.gob.es\/serviciosdeprensa\/notasprensa\/transicion-ecologica\/Paginas\/2021\/050521-factura_electrica.aspx<\/a><\/p>\n<p>&nbsp;<\/p>\n","protected":false},"excerpt":{"rendered":"<p>La Concejal\u00eda de Comercio a trav\u00e9s de la Oficina de Consumo de la localidad,\u00a0 informa a la ciudadan\u00eda sobre el nuevo modelo de factura el\u00e9ctrica que entrar\u00e1 en vigor el 1 de junio. Nuevo modelo de factura el\u00e9ctrica aplicable a los consumidores acogidos al Precio Voluntario para el Peque\u00f1o Consumidor (PVPC) que fomentar\u00e1 el ahorro &hellip;<\/p>\n","protected":false},"author":2,"featured_media":14649,"comment_status":"closed","ping_status":"open","sticky":false,"template":"","format":"standard","meta":{"ngg_post_thumbnail":0,"footnotes":""},"categories":[42],"tags":[652,653],"class_list":["post-14650","post","type-post","status-publish","format-standard","has-post-thumbnail","hentry","category-comercio","tag-nueva-tarifa-electrica","tag-precio-voluntario-para-el-pequeno-consumidor"],"yoast_head":"<!-- This site is optimized with the Yoast SEO plugin v27.5 - https:\/\/yoast.com\/product\/yoast-seo-wordpress\/ -->\n<title>La nueva factura el\u00e9ctrica, que entrar\u00e1 en vigor el pr\u00f3ximo 1 de junio - MI Ayuntamiento de Caudete<\/title>\n<meta name=\"description\" content=\"P\u00e1gina Oficial del Ayuntamiento de Caudete (Albacete)\" \/>\n<meta name=\"robots\" content=\"index, follow, max-snippet:-1, max-image-preview:large, max-video-preview:-1\" \/>\n<link rel=\"canonical\" href=\"https:\/\/www.caudete.org\/ayuntamiento\/la-nueva-factura-electrica-que-entrara-en-vigor-el-proximo-1-de-junio\/\" \/>\n<meta property=\"og:locale\" content=\"es_ES\" \/>\n<meta property=\"og:type\" content=\"article\" \/>\n<meta property=\"og:title\" content=\"La nueva factura el\u00e9ctrica, que entrar\u00e1 en vigor el pr\u00f3ximo 1 de junio - MI Ayuntamiento de Caudete\" \/>\n<meta property=\"og:description\" content=\"P\u00e1gina Oficial del Ayuntamiento de Caudete (Albacete)\" \/>\n<meta property=\"og:url\" content=\"https:\/\/www.caudete.org\/ayuntamiento\/la-nueva-factura-electrica-que-entrara-en-vigor-el-proximo-1-de-junio\/\" \/>\n<meta property=\"og:site_name\" content=\"MI Ayuntamiento de Caudete\" \/>\n<meta property=\"article:publisher\" content=\"https:\/\/www.facebook.com\/ayuntamientocaudete\/\" \/>\n<meta property=\"article:published_time\" content=\"2021-05-25T16:57:08+00:00\" \/>\n<meta property=\"article:modified_time\" content=\"2021-05-25T18:58:08+00:00\" \/>\n<meta property=\"og:image\" content=\"https:\/\/www.caudete.org\/ayuntamiento\/wp-content\/uploads\/2021\/05\/Factura-electrica-Web.jpg\" \/>\n\t<meta property=\"og:image:width\" content=\"864\" \/>\n\t<meta property=\"og:image:height\" content=\"380\" \/>\n\t<meta property=\"og:image:type\" content=\"image\/jpeg\" \/>\n<meta name=\"author\" content=\"Juan\" \/>\n<meta name=\"twitter:card\" content=\"summary_large_image\" \/>\n<meta name=\"twitter:label1\" content=\"Escrito por\" \/>\n\t<meta name=\"twitter:data1\" content=\"Juan\" \/>\n\t<meta name=\"twitter:label2\" content=\"Tiempo de lectura\" \/>\n\t<meta name=\"twitter:data2\" content=\"4 minutos\" \/>\n<script type=\"application\/ld+json\" class=\"yoast-schema-graph\">{\"@context\":\"https:\\\/\\\/schema.org\",\"@graph\":[{\"@type\":\"Article\",\"@id\":\"https:\\\/\\\/www.caudete.org\\\/ayuntamiento\\\/la-nueva-factura-electrica-que-entrara-en-vigor-el-proximo-1-de-junio\\\/#article\",\"isPartOf\":{\"@id\":\"https:\\\/\\\/www.caudete.org\\\/ayuntamiento\\\/la-nueva-factura-electrica-que-entrara-en-vigor-el-proximo-1-de-junio\\\/\"},\"author\":{\"name\":\"Juan\",\"@id\":\"https:\\\/\\\/www.caudete.org\\\/ayuntamiento\\\/#\\\/schema\\\/person\\\/7656a5bb58fca95b9814e940de0fda63\"},\"headline\":\"La nueva factura el\u00e9ctrica, que entrar\u00e1 en vigor el pr\u00f3ximo 1 de junio\",\"datePublished\":\"2021-05-25T16:57:08+00:00\",\"dateModified\":\"2021-05-25T18:58:08+00:00\",\"mainEntityOfPage\":{\"@id\":\"https:\\\/\\\/www.caudete.org\\\/ayuntamiento\\\/la-nueva-factura-electrica-que-entrara-en-vigor-el-proximo-1-de-junio\\\/\"},\"wordCount\":864,\"image\":{\"@id\":\"https:\\\/\\\/www.caudete.org\\\/ayuntamiento\\\/la-nueva-factura-electrica-que-entrara-en-vigor-el-proximo-1-de-junio\\\/#primaryimage\"},\"thumbnailUrl\":\"https:\\\/\\\/www.caudete.org\\\/ayuntamiento\\\/wp-content\\\/uploads\\\/2021\\\/05\\\/Factura-electrica-Web.jpg\",\"keywords\":[\"Nueva tarifa electrica\",\"Precio Voluntario para el Peque\u00f1o Consumidor\"],\"articleSection\":[\"Comercio\"],\"inLanguage\":\"es\"},{\"@type\":\"WebPage\",\"@id\":\"https:\\\/\\\/www.caudete.org\\\/ayuntamiento\\\/la-nueva-factura-electrica-que-entrara-en-vigor-el-proximo-1-de-junio\\\/\",\"url\":\"https:\\\/\\\/www.caudete.org\\\/ayuntamiento\\\/la-nueva-factura-electrica-que-entrara-en-vigor-el-proximo-1-de-junio\\\/\",\"name\":\"La nueva factura el\u00e9ctrica, que entrar\u00e1 en vigor el pr\u00f3ximo 1 de junio - MI Ayuntamiento de Caudete\",\"isPartOf\":{\"@id\":\"https:\\\/\\\/www.caudete.org\\\/ayuntamiento\\\/#website\"},\"primaryImageOfPage\":{\"@id\":\"https:\\\/\\\/www.caudete.org\\\/ayuntamiento\\\/la-nueva-factura-electrica-que-entrara-en-vigor-el-proximo-1-de-junio\\\/#primaryimage\"},\"image\":{\"@id\":\"https:\\\/\\\/www.caudete.org\\\/ayuntamiento\\\/la-nueva-factura-electrica-que-entrara-en-vigor-el-proximo-1-de-junio\\\/#primaryimage\"},\"thumbnailUrl\":\"https:\\\/\\\/www.caudete.org\\\/ayuntamiento\\\/wp-content\\\/uploads\\\/2021\\\/05\\\/Factura-electrica-Web.jpg\",\"datePublished\":\"2021-05-25T16:57:08+00:00\",\"dateModified\":\"2021-05-25T18:58:08+00:00\",\"author\":{\"@id\":\"https:\\\/\\\/www.caudete.org\\\/ayuntamiento\\\/#\\\/schema\\\/person\\\/7656a5bb58fca95b9814e940de0fda63\"},\"description\":\"P\u00e1gina Oficial del Ayuntamiento de Caudete (Albacete)\",\"breadcrumb\":{\"@id\":\"https:\\\/\\\/www.caudete.org\\\/ayuntamiento\\\/la-nueva-factura-electrica-que-entrara-en-vigor-el-proximo-1-de-junio\\\/#breadcrumb\"},\"inLanguage\":\"es\",\"potentialAction\":[{\"@type\":\"ReadAction\",\"target\":[\"https:\\\/\\\/www.caudete.org\\\/ayuntamiento\\\/la-nueva-factura-electrica-que-entrara-en-vigor-el-proximo-1-de-junio\\\/\"]}]},{\"@type\":\"ImageObject\",\"inLanguage\":\"es\",\"@id\":\"https:\\\/\\\/www.caudete.org\\\/ayuntamiento\\\/la-nueva-factura-electrica-que-entrara-en-vigor-el-proximo-1-de-junio\\\/#primaryimage\",\"url\":\"https:\\\/\\\/www.caudete.org\\\/ayuntamiento\\\/wp-content\\\/uploads\\\/2021\\\/05\\\/Factura-electrica-Web.jpg\",\"contentUrl\":\"https:\\\/\\\/www.caudete.org\\\/ayuntamiento\\\/wp-content\\\/uploads\\\/2021\\\/05\\\/Factura-electrica-Web.jpg\",\"width\":864,\"height\":380},{\"@type\":\"BreadcrumbList\",\"@id\":\"https:\\\/\\\/www.caudete.org\\\/ayuntamiento\\\/la-nueva-factura-electrica-que-entrara-en-vigor-el-proximo-1-de-junio\\\/#breadcrumb\",\"itemListElement\":[{\"@type\":\"ListItem\",\"position\":1,\"name\":\"Inicio\",\"item\":\"https:\\\/\\\/www.caudete.org\\\/ayuntamiento\\\/\"},{\"@type\":\"ListItem\",\"position\":2,\"name\":\"La nueva factura el\u00e9ctrica, que entrar\u00e1 en vigor el pr\u00f3ximo 1 de junio\"}]},{\"@type\":\"WebSite\",\"@id\":\"https:\\\/\\\/www.caudete.org\\\/ayuntamiento\\\/#website\",\"url\":\"https:\\\/\\\/www.caudete.org\\\/ayuntamiento\\\/\",\"name\":\"MI Ayuntamiento de Caudete\",\"description\":\"P\u00e1gina Oficial del MI Ayuntamiento de Caudete\",\"potentialAction\":[{\"@type\":\"SearchAction\",\"target\":{\"@type\":\"EntryPoint\",\"urlTemplate\":\"https:\\\/\\\/www.caudete.org\\\/ayuntamiento\\\/?s={search_term_string}\"},\"query-input\":{\"@type\":\"PropertyValueSpecification\",\"valueRequired\":true,\"valueName\":\"search_term_string\"}}],\"inLanguage\":\"es\"},{\"@type\":\"Person\",\"@id\":\"https:\\\/\\\/www.caudete.org\\\/ayuntamiento\\\/#\\\/schema\\\/person\\\/7656a5bb58fca95b9814e940de0fda63\",\"name\":\"Juan\",\"image\":{\"@type\":\"ImageObject\",\"inLanguage\":\"es\",\"@id\":\"https:\\\/\\\/secure.gravatar.com\\\/avatar\\\/dd53e51c0cd6ab23f52d4f3e4f1c59730240727763de3dbbf26750b079a2c292?s=96&d=mm&r=g\",\"url\":\"https:\\\/\\\/secure.gravatar.com\\\/avatar\\\/dd53e51c0cd6ab23f52d4f3e4f1c59730240727763de3dbbf26750b079a2c292?s=96&d=mm&r=g\",\"contentUrl\":\"https:\\\/\\\/secure.gravatar.com\\\/avatar\\\/dd53e51c0cd6ab23f52d4f3e4f1c59730240727763de3dbbf26750b079a2c292?s=96&d=mm&r=g\",\"caption\":\"Juan\"},\"url\":\"https:\\\/\\\/www.caudete.org\\\/ayuntamiento\\\/author\\\/centrodeinternet\\\/\"}]}<\/script>\n<!-- \/ Yoast SEO plugin. -->","yoast_head_json":{"title":"La nueva factura el\u00e9ctrica, que entrar\u00e1 en vigor el pr\u00f3ximo 1 de junio - MI Ayuntamiento de Caudete","description":"P\u00e1gina Oficial del Ayuntamiento de Caudete (Albacete)","robots":{"index":"index","follow":"follow","max-snippet":"max-snippet:-1","max-image-preview":"max-image-preview:large","max-video-preview":"max-video-preview:-1"},"canonical":"https:\/\/www.caudete.org\/ayuntamiento\/la-nueva-factura-electrica-que-entrara-en-vigor-el-proximo-1-de-junio\/","og_locale":"es_ES","og_type":"article","og_title":"La nueva factura el\u00e9ctrica, que entrar\u00e1 en vigor el pr\u00f3ximo 1 de junio - MI Ayuntamiento de Caudete","og_description":"P\u00e1gina Oficial del Ayuntamiento de Caudete (Albacete)","og_url":"https:\/\/www.caudete.org\/ayuntamiento\/la-nueva-factura-electrica-que-entrara-en-vigor-el-proximo-1-de-junio\/","og_site_name":"MI Ayuntamiento de Caudete","article_publisher":"https:\/\/www.facebook.com\/ayuntamientocaudete\/","article_published_time":"2021-05-25T16:57:08+00:00","article_modified_time":"2021-05-25T18:58:08+00:00","og_image":[{"width":864,"height":380,"url":"https:\/\/www.caudete.org\/ayuntamiento\/wp-content\/uploads\/2021\/05\/Factura-electrica-Web.jpg","type":"image\/jpeg"}],"author":"Juan","twitter_card":"summary_large_image","twitter_misc":{"Escrito por":"Juan","Tiempo de lectura":"4 minutos"},"schema":{"@context":"https:\/\/schema.org","@graph":[{"@type":"Article","@id":"https:\/\/www.caudete.org\/ayuntamiento\/la-nueva-factura-electrica-que-entrara-en-vigor-el-proximo-1-de-junio\/#article","isPartOf":{"@id":"https:\/\/www.caudete.org\/ayuntamiento\/la-nueva-factura-electrica-que-entrara-en-vigor-el-proximo-1-de-junio\/"},"author":{"name":"Juan","@id":"https:\/\/www.caudete.org\/ayuntamiento\/#\/schema\/person\/7656a5bb58fca95b9814e940de0fda63"},"headline":"La nueva factura el\u00e9ctrica, que entrar\u00e1 en vigor el pr\u00f3ximo 1 de junio","datePublished":"2021-05-25T16:57:08+00:00","dateModified":"2021-05-25T18:58:08+00:00","mainEntityOfPage":{"@id":"https:\/\/www.caudete.org\/ayuntamiento\/la-nueva-factura-electrica-que-entrara-en-vigor-el-proximo-1-de-junio\/"},"wordCount":864,"image":{"@id":"https:\/\/www.caudete.org\/ayuntamiento\/la-nueva-factura-electrica-que-entrara-en-vigor-el-proximo-1-de-junio\/#primaryimage"},"thumbnailUrl":"https:\/\/www.caudete.org\/ayuntamiento\/wp-content\/uploads\/2021\/05\/Factura-electrica-Web.jpg","keywords":["Nueva tarifa electrica","Precio Voluntario para el Peque\u00f1o Consumidor"],"articleSection":["Comercio"],"inLanguage":"es"},{"@type":"WebPage","@id":"https:\/\/www.caudete.org\/ayuntamiento\/la-nueva-factura-electrica-que-entrara-en-vigor-el-proximo-1-de-junio\/","url":"https:\/\/www.caudete.org\/ayuntamiento\/la-nueva-factura-electrica-que-entrara-en-vigor-el-proximo-1-de-junio\/","name":"La nueva factura el\u00e9ctrica, que entrar\u00e1 en vigor el pr\u00f3ximo 1 de junio - MI Ayuntamiento de Caudete","isPartOf":{"@id":"https:\/\/www.caudete.org\/ayuntamiento\/#website"},"primaryImageOfPage":{"@id":"https:\/\/www.caudete.org\/ayuntamiento\/la-nueva-factura-electrica-que-entrara-en-vigor-el-proximo-1-de-junio\/#primaryimage"},"image":{"@id":"https:\/\/www.caudete.org\/ayuntamiento\/la-nueva-factura-electrica-que-entrara-en-vigor-el-proximo-1-de-junio\/#primaryimage"},"thumbnailUrl":"https:\/\/www.caudete.org\/ayuntamiento\/wp-content\/uploads\/2021\/05\/Factura-electrica-Web.jpg","datePublished":"2021-05-25T16:57:08+00:00","dateModified":"2021-05-25T18:58:08+00:00","author":{"@id":"https:\/\/www.caudete.org\/ayuntamiento\/#\/schema\/person\/7656a5bb58fca95b9814e940de0fda63"},"description":"P\u00e1gina Oficial del Ayuntamiento de Caudete (Albacete)","breadcrumb":{"@id":"https:\/\/www.caudete.org\/ayuntamiento\/la-nueva-factura-electrica-que-entrara-en-vigor-el-proximo-1-de-junio\/#breadcrumb"},"inLanguage":"es","potentialAction":[{"@type":"ReadAction","target":["https:\/\/www.caudete.org\/ayuntamiento\/la-nueva-factura-electrica-que-entrara-en-vigor-el-proximo-1-de-junio\/"]}]},{"@type":"ImageObject","inLanguage":"es","@id":"https:\/\/www.caudete.org\/ayuntamiento\/la-nueva-factura-electrica-que-entrara-en-vigor-el-proximo-1-de-junio\/#primaryimage","url":"https:\/\/www.caudete.org\/ayuntamiento\/wp-content\/uploads\/2021\/05\/Factura-electrica-Web.jpg","contentUrl":"https:\/\/www.caudete.org\/ayuntamiento\/wp-content\/uploads\/2021\/05\/Factura-electrica-Web.jpg","width":864,"height":380},{"@type":"BreadcrumbList","@id":"https:\/\/www.caudete.org\/ayuntamiento\/la-nueva-factura-electrica-que-entrara-en-vigor-el-proximo-1-de-junio\/#breadcrumb","itemListElement":[{"@type":"ListItem","position":1,"name":"Inicio","item":"https:\/\/www.caudete.org\/ayuntamiento\/"},{"@type":"ListItem","position":2,"name":"La nueva factura el\u00e9ctrica, que entrar\u00e1 en vigor el pr\u00f3ximo 1 de junio"}]},{"@type":"WebSite","@id":"https:\/\/www.caudete.org\/ayuntamiento\/#website","url":"https:\/\/www.caudete.org\/ayuntamiento\/","name":"MI Ayuntamiento de Caudete","description":"P\u00e1gina Oficial del MI Ayuntamiento de Caudete","potentialAction":[{"@type":"SearchAction","target":{"@type":"EntryPoint","urlTemplate":"https:\/\/www.caudete.org\/ayuntamiento\/?s={search_term_string}"},"query-input":{"@type":"PropertyValueSpecification","valueRequired":true,"valueName":"search_term_string"}}],"inLanguage":"es"},{"@type":"Person","@id":"https:\/\/www.caudete.org\/ayuntamiento\/#\/schema\/person\/7656a5bb58fca95b9814e940de0fda63","name":"Juan","image":{"@type":"ImageObject","inLanguage":"es","@id":"https:\/\/secure.gravatar.com\/avatar\/dd53e51c0cd6ab23f52d4f3e4f1c59730240727763de3dbbf26750b079a2c292?s=96&d=mm&r=g","url":"https:\/\/secure.gravatar.com\/avatar\/dd53e51c0cd6ab23f52d4f3e4f1c59730240727763de3dbbf26750b079a2c292?s=96&d=mm&r=g","contentUrl":"https:\/\/secure.gravatar.com\/avatar\/dd53e51c0cd6ab23f52d4f3e4f1c59730240727763de3dbbf26750b079a2c292?s=96&d=mm&r=g","caption":"Juan"},"url":"https:\/\/www.caudete.org\/ayuntamiento\/author\/centrodeinternet\/"}]}},"_links":{"self":[{"href":"https:\/\/www.caudete.org\/ayuntamiento\/wp-json\/wp\/v2\/posts\/14650","targetHints":{"allow":["GET"]}}],"collection":[{"href":"https:\/\/www.caudete.org\/ayuntamiento\/wp-json\/wp\/v2\/posts"}],"about":[{"href":"https:\/\/www.caudete.org\/ayuntamiento\/wp-json\/wp\/v2\/types\/post"}],"author":[{"embeddable":true,"href":"https:\/\/www.caudete.org\/ayuntamiento\/wp-json\/wp\/v2\/users\/2"}],"replies":[{"embeddable":true,"href":"https:\/\/www.caudete.org\/ayuntamiento\/wp-json\/wp\/v2\/comments?post=14650"}],"version-history":[{"count":4,"href":"https:\/\/www.caudete.org\/ayuntamiento\/wp-json\/wp\/v2\/posts\/14650\/revisions"}],"predecessor-version":[{"id":14654,"href":"https:\/\/www.caudete.org\/ayuntamiento\/wp-json\/wp\/v2\/posts\/14650\/revisions\/14654"}],"wp:featuredmedia":[{"embeddable":true,"href":"https:\/\/www.caudete.org\/ayuntamiento\/wp-json\/wp\/v2\/media\/14649"}],"wp:attachment":[{"href":"https:\/\/www.caudete.org\/ayuntamiento\/wp-json\/wp\/v2\/media?parent=14650"}],"wp:term":[{"taxonomy":"category","embeddable":true,"href":"https:\/\/www.caudete.org\/ayuntamiento\/wp-json\/wp\/v2\/categories?post=14650"},{"taxonomy":"post_tag","embeddable":true,"href":"https:\/\/www.caudete.org\/ayuntamiento\/wp-json\/wp\/v2\/tags?post=14650"}],"curies":[{"name":"wp","href":"https:\/\/api.w.org\/{rel}","templated":true}]}}