{"id":14657,"date":"2021-05-26T09:00:55","date_gmt":"2021-05-26T07:00:55","guid":{"rendered":"https:\/\/www.caudete.org\/ayuntamiento\/?p=14657"},"modified":"2021-05-25T23:46:28","modified_gmt":"2021-05-25T21:46:28","slug":"la-nueva-ordenanza-de-trafico-sera-aprobada-por-el-pleno","status":"publish","type":"post","link":"https:\/\/www.caudete.org\/ayuntamiento\/la-nueva-ordenanza-de-trafico-sera-aprobada-por-el-pleno\/","title":{"rendered":"La nueva Ordenanza de Tr\u00e1fico ser\u00e1 aprobada por el Pleno"},"content":{"rendered":"<p style=\"text-align: justify;\">El Pleno del pr\u00f3ximo jueves abordar\u00e1 la aprobaci\u00f3n inicial de la Ordenanza Reguladora de Tr\u00e1fico, toda vez que la misma ha sido anunciada a la ciudadan\u00eda de forma previa, trabajada por la Jefatura de la Polic\u00eda Local, las Concejal\u00edas de Movilidad Urbana e Interior, el organismo aut\u00f3nomo Gestalba y por \u00faltimo por la Comisi\u00f3n Informativa de Interior, quien Dictamin\u00f3 informar favorablemente el texto para que sea el Pleno Municipal quien lo apruebe.<\/p>\n<p style=\"text-align: justify;\">La Concejal de Interior, M\u00aa del Mar Requena remarcaba que tras la derogaci\u00f3n de la anterior ordenanza, por estar obsoleta a la normativa vigente, hemos estado funcionando con el Reglamento de Circulaci\u00f3n. Ser\u00e1 con la aprobaci\u00f3n definitiva, tras la publicaci\u00f3n en el BOP y su exposici\u00f3n p\u00fablica por 20 d\u00edas cuando comience a regir el nuevo texto.<\/p>\n<p style=\"text-align: justify;\">En el, no solamente quedan cuantificadas las infracciones y sanciones, as\u00ed como su tipificaci\u00f3n y retirada de puntos en su caso, sino que adem\u00e1s establece las condiciones de la regulaci\u00f3n de los usos de las v\u00edas urbanas y traves\u00edas de acuerdo con las f\u00f3rmulas de cooperaci\u00f3n o delegaci\u00f3n con otras Administraciones, haciendo compatible la equitativa<br \/>\ndistribuci\u00f3n de los aparcamientos entre todos los usuarios, con la necesaria fluidez del tr\u00e1fico rodado y con el uso peatonal de las calles, prestando especial atenci\u00f3n a las necesidades de las personas con diversidad funcional que tienen reducida su movilidad y que utilizan veh\u00edculos, todo ello con el fin de favorecer su integraci\u00f3n social.<\/p>\n<p style=\"text-align: justify;\">Especial hincapi\u00e9 se ha efectuado, por ejemplo, en identificar las zonas autorizadas para estacionamiento de camiones, autobuses, caravanas, autocaravanas, remolques y semirremolques, los cuales no podr\u00e1n hacerlo en cualquier punto del casco urbano.<\/p>\n<p style=\"text-align: justify;\">De igual modo, proh\u00edbe el acceso al casco urbano de la ciudad de Caudete de veh\u00edculos cuyo PMA sea superior a 12&#8217;5 Tm; adem\u00e1s de establecer como horarios de carga y descarga entre las 08.00 y las 20.00h de lunes a viernes y s\u00e1bados de 08.00 a 15.00h<\/p>\n","protected":false},"excerpt":{"rendered":"<p>El Pleno del pr\u00f3ximo jueves abordar\u00e1 la aprobaci\u00f3n inicial de la Ordenanza Reguladora de Tr\u00e1fico, toda vez que la misma ha sido anunciada a la ciudadan\u00eda de forma previa, trabajada por la Jefatura de la Polic\u00eda Local, las Concejal\u00edas de Movilidad Urbana e Interior, el organismo aut\u00f3nomo Gestalba y por \u00faltimo por la Comisi\u00f3n Informativa &hellip;<\/p>\n","protected":false},"author":3,"featured_media":14658,"comment_status":"closed","ping_status":"open","sticky":false,"template":"","format":"standard","meta":{"ngg_post_thumbnail":0,"footnotes":""},"categories":[34],"tags":[],"class_list":["post-14657","post","type-post","status-publish","format-standard","has-post-thumbnail","hentry","category-interior"],"yoast_head":"<!-- This site is optimized with the Yoast SEO plugin v27.5 - https:\/\/yoast.com\/product\/yoast-seo-wordpress\/ -->\n<title>La nueva Ordenanza de Tr\u00e1fico ser\u00e1 aprobada por el Pleno - MI Ayuntamiento de Caudete<\/title>\n<meta name=\"description\" content=\"P\u00e1gina Oficial del Ayuntamiento de Caudete (Albacete)\" \/>\n<meta name=\"robots\" content=\"index, follow, max-snippet:-1, max-image-preview:large, max-video-preview:-1\" \/>\n<link rel=\"canonical\" href=\"https:\/\/www.caudete.org\/ayuntamiento\/la-nueva-ordenanza-de-trafico-sera-aprobada-por-el-pleno\/\" \/>\n<meta property=\"og:locale\" content=\"es_ES\" \/>\n<meta property=\"og:type\" content=\"article\" \/>\n<meta property=\"og:title\" content=\"La nueva Ordenanza de Tr\u00e1fico ser\u00e1 aprobada por el Pleno - MI Ayuntamiento de Caudete\" \/>\n<meta property=\"og:description\" content=\"P\u00e1gina Oficial del Ayuntamiento de Caudete (Albacete)\" \/>\n<meta property=\"og:url\" content=\"https:\/\/www.caudete.org\/ayuntamiento\/la-nueva-ordenanza-de-trafico-sera-aprobada-por-el-pleno\/\" \/>\n<meta property=\"og:site_name\" content=\"MI Ayuntamiento de Caudete\" \/>\n<meta property=\"article:publisher\" content=\"https:\/\/www.facebook.com\/ayuntamientocaudete\/\" \/>\n<meta property=\"article:published_time\" content=\"2021-05-26T07:00:55+00:00\" \/>\n<meta property=\"og:image\" content=\"https:\/\/www.caudete.org\/ayuntamiento\/wp-content\/uploads\/2021\/05\/trafico.png\" \/>\n\t<meta property=\"og:image:width\" content=\"672\" \/>\n\t<meta property=\"og:image:height\" content=\"372\" \/>\n\t<meta property=\"og:image:type\" content=\"image\/png\" \/>\n<meta name=\"author\" content=\"alcalde\" \/>\n<meta name=\"twitter:card\" content=\"summary_large_image\" \/>\n<meta name=\"twitter:label1\" content=\"Escrito por\" \/>\n\t<meta name=\"twitter:data1\" content=\"alcalde\" \/>\n\t<meta name=\"twitter:label2\" content=\"Tiempo de lectura\" \/>\n\t<meta name=\"twitter:data2\" content=\"2 minutos\" \/>\n<script type=\"application\/ld+json\" class=\"yoast-schema-graph\">{\"@context\":\"https:\\\/\\\/schema.org\",\"@graph\":[{\"@type\":\"Article\",\"@id\":\"https:\\\/\\\/www.caudete.org\\\/ayuntamiento\\\/la-nueva-ordenanza-de-trafico-sera-aprobada-por-el-pleno\\\/#article\",\"isPartOf\":{\"@id\":\"https:\\\/\\\/www.caudete.org\\\/ayuntamiento\\\/la-nueva-ordenanza-de-trafico-sera-aprobada-por-el-pleno\\\/\"},\"author\":{\"name\":\"alcalde\",\"@id\":\"https:\\\/\\\/www.caudete.org\\\/ayuntamiento\\\/#\\\/schema\\\/person\\\/cc646da9133078ee4d8dd47457947253\"},\"headline\":\"La nueva Ordenanza de Tr\u00e1fico ser\u00e1 aprobada por el Pleno\",\"datePublished\":\"2021-05-26T07:00:55+00:00\",\"mainEntityOfPage\":{\"@id\":\"https:\\\/\\\/www.caudete.org\\\/ayuntamiento\\\/la-nueva-ordenanza-de-trafico-sera-aprobada-por-el-pleno\\\/\"},\"wordCount\":359,\"image\":{\"@id\":\"https:\\\/\\\/www.caudete.org\\\/ayuntamiento\\\/la-nueva-ordenanza-de-trafico-sera-aprobada-por-el-pleno\\\/#primaryimage\"},\"thumbnailUrl\":\"https:\\\/\\\/www.caudete.org\\\/ayuntamiento\\\/wp-content\\\/uploads\\\/2021\\\/05\\\/trafico.png\",\"articleSection\":[\"Interior\"],\"inLanguage\":\"es\"},{\"@type\":\"WebPage\",\"@id\":\"https:\\\/\\\/www.caudete.org\\\/ayuntamiento\\\/la-nueva-ordenanza-de-trafico-sera-aprobada-por-el-pleno\\\/\",\"url\":\"https:\\\/\\\/www.caudete.org\\\/ayuntamiento\\\/la-nueva-ordenanza-de-trafico-sera-aprobada-por-el-pleno\\\/\",\"name\":\"La nueva Ordenanza de Tr\u00e1fico ser\u00e1 aprobada por el Pleno - MI Ayuntamiento de Caudete\",\"isPartOf\":{\"@id\":\"https:\\\/\\\/www.caudete.org\\\/ayuntamiento\\\/#website\"},\"primaryImageOfPage\":{\"@id\":\"https:\\\/\\\/www.caudete.org\\\/ayuntamiento\\\/la-nueva-ordenanza-de-trafico-sera-aprobada-por-el-pleno\\\/#primaryimage\"},\"image\":{\"@id\":\"https:\\\/\\\/www.caudete.org\\\/ayuntamiento\\\/la-nueva-ordenanza-de-trafico-sera-aprobada-por-el-pleno\\\/#primaryimage\"},\"thumbnailUrl\":\"https:\\\/\\\/www.caudete.org\\\/ayuntamiento\\\/wp-content\\\/uploads\\\/2021\\\/05\\\/trafico.png\",\"datePublished\":\"2021-05-26T07:00:55+00:00\",\"author\":{\"@id\":\"https:\\\/\\\/www.caudete.org\\\/ayuntamiento\\\/#\\\/schema\\\/person\\\/cc646da9133078ee4d8dd47457947253\"},\"description\":\"P\u00e1gina Oficial del Ayuntamiento de Caudete (Albacete)\",\"breadcrumb\":{\"@id\":\"https:\\\/\\\/www.caudete.org\\\/ayuntamiento\\\/la-nueva-ordenanza-de-trafico-sera-aprobada-por-el-pleno\\\/#breadcrumb\"},\"inLanguage\":\"es\",\"potentialAction\":[{\"@type\":\"ReadAction\",\"target\":[\"https:\\\/\\\/www.caudete.org\\\/ayuntamiento\\\/la-nueva-ordenanza-de-trafico-sera-aprobada-por-el-pleno\\\/\"]}]},{\"@type\":\"ImageObject\",\"inLanguage\":\"es\",\"@id\":\"https:\\\/\\\/www.caudete.org\\\/ayuntamiento\\\/la-nueva-ordenanza-de-trafico-sera-aprobada-por-el-pleno\\\/#primaryimage\",\"url\":\"https:\\\/\\\/www.caudete.org\\\/ayuntamiento\\\/wp-content\\\/uploads\\\/2021\\\/05\\\/trafico.png\",\"contentUrl\":\"https:\\\/\\\/www.caudete.org\\\/ayuntamiento\\\/wp-content\\\/uploads\\\/2021\\\/05\\\/trafico.png\",\"width\":672,\"height\":372},{\"@type\":\"BreadcrumbList\",\"@id\":\"https:\\\/\\\/www.caudete.org\\\/ayuntamiento\\\/la-nueva-ordenanza-de-trafico-sera-aprobada-por-el-pleno\\\/#breadcrumb\",\"itemListElement\":[{\"@type\":\"ListItem\",\"position\":1,\"name\":\"Inicio\",\"item\":\"https:\\\/\\\/www.caudete.org\\\/ayuntamiento\\\/\"},{\"@type\":\"ListItem\",\"position\":2,\"name\":\"La nueva Ordenanza de Tr\u00e1fico ser\u00e1 aprobada por el Pleno\"}]},{\"@type\":\"WebSite\",\"@id\":\"https:\\\/\\\/www.caudete.org\\\/ayuntamiento\\\/#website\",\"url\":\"https:\\\/\\\/www.caudete.org\\\/ayuntamiento\\\/\",\"name\":\"MI Ayuntamiento de Caudete\",\"description\":\"P\u00e1gina Oficial del MI Ayuntamiento de Caudete\",\"potentialAction\":[{\"@type\":\"SearchAction\",\"target\":{\"@type\":\"EntryPoint\",\"urlTemplate\":\"https:\\\/\\\/www.caudete.org\\\/ayuntamiento\\\/?s={search_term_string}\"},\"query-input\":{\"@type\":\"PropertyValueSpecification\",\"valueRequired\":true,\"valueName\":\"search_term_string\"}}],\"inLanguage\":\"es\"},{\"@type\":\"Person\",\"@id\":\"https:\\\/\\\/www.caudete.org\\\/ayuntamiento\\\/#\\\/schema\\\/person\\\/cc646da9133078ee4d8dd47457947253\",\"name\":\"alcalde\",\"image\":{\"@type\":\"ImageObject\",\"inLanguage\":\"es\",\"@id\":\"https:\\\/\\\/secure.gravatar.com\\\/avatar\\\/84a817ba065b29ff08d666b215a215f5c79186a645ccb25b14a663d48a130f77?s=96&d=mm&r=g\",\"url\":\"https:\\\/\\\/secure.gravatar.com\\\/avatar\\\/84a817ba065b29ff08d666b215a215f5c79186a645ccb25b14a663d48a130f77?s=96&d=mm&r=g\",\"contentUrl\":\"https:\\\/\\\/secure.gravatar.com\\\/avatar\\\/84a817ba065b29ff08d666b215a215f5c79186a645ccb25b14a663d48a130f77?s=96&d=mm&r=g\",\"caption\":\"alcalde\"},\"url\":\"https:\\\/\\\/www.caudete.org\\\/ayuntamiento\\\/author\\\/alcalde\\\/\"}]}<\/script>\n<!-- \/ Yoast SEO plugin. -->","yoast_head_json":{"title":"La nueva Ordenanza de Tr\u00e1fico ser\u00e1 aprobada por el Pleno - MI Ayuntamiento de Caudete","description":"P\u00e1gina Oficial del Ayuntamiento de Caudete (Albacete)","robots":{"index":"index","follow":"follow","max-snippet":"max-snippet:-1","max-image-preview":"max-image-preview:large","max-video-preview":"max-video-preview:-1"},"canonical":"https:\/\/www.caudete.org\/ayuntamiento\/la-nueva-ordenanza-de-trafico-sera-aprobada-por-el-pleno\/","og_locale":"es_ES","og_type":"article","og_title":"La nueva Ordenanza de Tr\u00e1fico ser\u00e1 aprobada por el Pleno - MI Ayuntamiento de Caudete","og_description":"P\u00e1gina Oficial del Ayuntamiento de Caudete (Albacete)","og_url":"https:\/\/www.caudete.org\/ayuntamiento\/la-nueva-ordenanza-de-trafico-sera-aprobada-por-el-pleno\/","og_site_name":"MI Ayuntamiento de Caudete","article_publisher":"https:\/\/www.facebook.com\/ayuntamientocaudete\/","article_published_time":"2021-05-26T07:00:55+00:00","og_image":[{"width":672,"height":372,"url":"https:\/\/www.caudete.org\/ayuntamiento\/wp-content\/uploads\/2021\/05\/trafico.png","type":"image\/png"}],"author":"alcalde","twitter_card":"summary_large_image","twitter_misc":{"Escrito por":"alcalde","Tiempo de lectura":"2 minutos"},"schema":{"@context":"https:\/\/schema.org","@graph":[{"@type":"Article","@id":"https:\/\/www.caudete.org\/ayuntamiento\/la-nueva-ordenanza-de-trafico-sera-aprobada-por-el-pleno\/#article","isPartOf":{"@id":"https:\/\/www.caudete.org\/ayuntamiento\/la-nueva-ordenanza-de-trafico-sera-aprobada-por-el-pleno\/"},"author":{"name":"alcalde","@id":"https:\/\/www.caudete.org\/ayuntamiento\/#\/schema\/person\/cc646da9133078ee4d8dd47457947253"},"headline":"La nueva Ordenanza de Tr\u00e1fico ser\u00e1 aprobada por el Pleno","datePublished":"2021-05-26T07:00:55+00:00","mainEntityOfPage":{"@id":"https:\/\/www.caudete.org\/ayuntamiento\/la-nueva-ordenanza-de-trafico-sera-aprobada-por-el-pleno\/"},"wordCount":359,"image":{"@id":"https:\/\/www.caudete.org\/ayuntamiento\/la-nueva-ordenanza-de-trafico-sera-aprobada-por-el-pleno\/#primaryimage"},"thumbnailUrl":"https:\/\/www.caudete.org\/ayuntamiento\/wp-content\/uploads\/2021\/05\/trafico.png","articleSection":["Interior"],"inLanguage":"es"},{"@type":"WebPage","@id":"https:\/\/www.caudete.org\/ayuntamiento\/la-nueva-ordenanza-de-trafico-sera-aprobada-por-el-pleno\/","url":"https:\/\/www.caudete.org\/ayuntamiento\/la-nueva-ordenanza-de-trafico-sera-aprobada-por-el-pleno\/","name":"La nueva Ordenanza de Tr\u00e1fico ser\u00e1 aprobada por el Pleno - MI Ayuntamiento de Caudete","isPartOf":{"@id":"https:\/\/www.caudete.org\/ayuntamiento\/#website"},"primaryImageOfPage":{"@id":"https:\/\/www.caudete.org\/ayuntamiento\/la-nueva-ordenanza-de-trafico-sera-aprobada-por-el-pleno\/#primaryimage"},"image":{"@id":"https:\/\/www.caudete.org\/ayuntamiento\/la-nueva-ordenanza-de-trafico-sera-aprobada-por-el-pleno\/#primaryimage"},"thumbnailUrl":"https:\/\/www.caudete.org\/ayuntamiento\/wp-content\/uploads\/2021\/05\/trafico.png","datePublished":"2021-05-26T07:00:55+00:00","author":{"@id":"https:\/\/www.caudete.org\/ayuntamiento\/#\/schema\/person\/cc646da9133078ee4d8dd47457947253"},"description":"P\u00e1gina Oficial del Ayuntamiento de Caudete (Albacete)","breadcrumb":{"@id":"https:\/\/www.caudete.org\/ayuntamiento\/la-nueva-ordenanza-de-trafico-sera-aprobada-por-el-pleno\/#breadcrumb"},"inLanguage":"es","potentialAction":[{"@type":"ReadAction","target":["https:\/\/www.caudete.org\/ayuntamiento\/la-nueva-ordenanza-de-trafico-sera-aprobada-por-el-pleno\/"]}]},{"@type":"ImageObject","inLanguage":"es","@id":"https:\/\/www.caudete.org\/ayuntamiento\/la-nueva-ordenanza-de-trafico-sera-aprobada-por-el-pleno\/#primaryimage","url":"https:\/\/www.caudete.org\/ayuntamiento\/wp-content\/uploads\/2021\/05\/trafico.png","contentUrl":"https:\/\/www.caudete.org\/ayuntamiento\/wp-content\/uploads\/2021\/05\/trafico.png","width":672,"height":372},{"@type":"BreadcrumbList","@id":"https:\/\/www.caudete.org\/ayuntamiento\/la-nueva-ordenanza-de-trafico-sera-aprobada-por-el-pleno\/#breadcrumb","itemListElement":[{"@type":"ListItem","position":1,"name":"Inicio","item":"https:\/\/www.caudete.org\/ayuntamiento\/"},{"@type":"ListItem","position":2,"name":"La nueva Ordenanza de Tr\u00e1fico ser\u00e1 aprobada por el Pleno"}]},{"@type":"WebSite","@id":"https:\/\/www.caudete.org\/ayuntamiento\/#website","url":"https:\/\/www.caudete.org\/ayuntamiento\/","name":"MI Ayuntamiento de Caudete","description":"P\u00e1gina Oficial del MI Ayuntamiento de Caudete","potentialAction":[{"@type":"SearchAction","target":{"@type":"EntryPoint","urlTemplate":"https:\/\/www.caudete.org\/ayuntamiento\/?s={search_term_string}"},"query-input":{"@type":"PropertyValueSpecification","valueRequired":true,"valueName":"search_term_string"}}],"inLanguage":"es"},{"@type":"Person","@id":"https:\/\/www.caudete.org\/ayuntamiento\/#\/schema\/person\/cc646da9133078ee4d8dd47457947253","name":"alcalde","image":{"@type":"ImageObject","inLanguage":"es","@id":"https:\/\/secure.gravatar.com\/avatar\/84a817ba065b29ff08d666b215a215f5c79186a645ccb25b14a663d48a130f77?s=96&d=mm&r=g","url":"https:\/\/secure.gravatar.com\/avatar\/84a817ba065b29ff08d666b215a215f5c79186a645ccb25b14a663d48a130f77?s=96&d=mm&r=g","contentUrl":"https:\/\/secure.gravatar.com\/avatar\/84a817ba065b29ff08d666b215a215f5c79186a645ccb25b14a663d48a130f77?s=96&d=mm&r=g","caption":"alcalde"},"url":"https:\/\/www.caudete.org\/ayuntamiento\/author\/alcalde\/"}]}},"_links":{"self":[{"href":"https:\/\/www.caudete.org\/ayuntamiento\/wp-json\/wp\/v2\/posts\/14657","targetHints":{"allow":["GET"]}}],"collection":[{"href":"https:\/\/www.caudete.org\/ayuntamiento\/wp-json\/wp\/v2\/posts"}],"about":[{"href":"https:\/\/www.caudete.org\/ayuntamiento\/wp-json\/wp\/v2\/types\/post"}],"author":[{"embeddable":true,"href":"https:\/\/www.caudete.org\/ayuntamiento\/wp-json\/wp\/v2\/users\/3"}],"replies":[{"embeddable":true,"href":"https:\/\/www.caudete.org\/ayuntamiento\/wp-json\/wp\/v2\/comments?post=14657"}],"version-history":[{"count":1,"href":"https:\/\/www.caudete.org\/ayuntamiento\/wp-json\/wp\/v2\/posts\/14657\/revisions"}],"predecessor-version":[{"id":14659,"href":"https:\/\/www.caudete.org\/ayuntamiento\/wp-json\/wp\/v2\/posts\/14657\/revisions\/14659"}],"wp:featuredmedia":[{"embeddable":true,"href":"https:\/\/www.caudete.org\/ayuntamiento\/wp-json\/wp\/v2\/media\/14658"}],"wp:attachment":[{"href":"https:\/\/www.caudete.org\/ayuntamiento\/wp-json\/wp\/v2\/media?parent=14657"}],"wp:term":[{"taxonomy":"category","embeddable":true,"href":"https:\/\/www.caudete.org\/ayuntamiento\/wp-json\/wp\/v2\/categories?post=14657"},{"taxonomy":"post_tag","embeddable":true,"href":"https:\/\/www.caudete.org\/ayuntamiento\/wp-json\/wp\/v2\/tags?post=14657"}],"curies":[{"name":"wp","href":"https:\/\/api.w.org\/{rel}","templated":true}]}}