{"id":14690,"date":"2021-06-02T17:12:23","date_gmt":"2021-06-02T15:12:23","guid":{"rendered":"https:\/\/www.caudete.org\/ayuntamiento\/?p=14690"},"modified":"2021-06-15T11:29:35","modified_gmt":"2021-06-15T09:29:35","slug":"presentado-el-campamento-urbano-y-el-aula-verde-de-juventud-y-cultura","status":"publish","type":"post","link":"https:\/\/www.caudete.org\/ayuntamiento\/presentado-el-campamento-urbano-y-el-aula-verde-de-juventud-y-cultura\/","title":{"rendered":"Presentado el CAMPAMENTO URBANO y el AULA VERDE de Juventud y Cultura"},"content":{"rendered":"<p style=\"text-align: justify;\">Esta ma\u00f1ana se presentaba en la Casa de la Cultura la edici\u00f3n 2021 del Campamento Urbano y del Aula Verde que las Concejal\u00edas de Juventud y Cultura organizan cada verano.<\/p>\n<p style=\"text-align: justify;\">Ambas actividades, con un gran \u00e9xito de participaci\u00f3n y demanda, suponen una verdadera alternativa l\u00fadica y de ocio para los m\u00e1s peque\u00f1os, especialmente para las edades comprendidas entre los 4 y los 11&nbsp; a\u00f1os. Se desarrolla en el mes Julio en las dependencias de la Casa de Cultura y el Centro Joven.<\/p>\n<p style=\"text-align: justify;\">Los objetivos de esta actividad son aprender a ser respetuosos con el Medio Ambiente, conocer las tradiciones del municipio, y recuperar juegos y canciones tradicionales.<\/p>\n<p style=\"text-align: justify;\">Concretamente, se realizaran talleres, cuentacuentos, juegos en la calle, manualidades, excursiones, etc. todo ello en horario de 9.30h a 13.00h.<\/p>\n<p style=\"text-align: justify;\">La duraci\u00f3n quincenal de las actividades posibilita que un ni\u00f1o pueda asistir a ambas, ya que el Campamento Urbano fija su fecha de celebraci\u00f3n entre el 5 y el 16 de Julio (de Lunes a Viernes), y el Aula Verde entre el 19 y el 30 de Julio (igualmente de Lunes a Viernes).<\/p>\n<p style=\"text-align: justify;\">Las inscripciones se pueden realizar a partir del pr\u00f3ximo 7 de Junio y hasta agotar plazas, siendo los importes como siguen a continuaci\u00f3n:<\/p>\n<ul style=\"text-align: justify;\">\n<li>1 semana: 22\u20ac<\/li>\n<li>2 semanas: 44\u20ac<\/li>\n<li>Mes entero: 88\u20ac<\/li>\n<\/ul>\n<p style=\"text-align: justify;\">Cabe destacar que la impartici\u00f3n de los mismos se realiza gracias a la Bolsa de Trabajo que el Ayuntamiento de Caudete confecciona para ello, de forma que supone una oportunidad laboral para los caudetanos durante el periodo estival, lo que confiere a ambas actividades un valor a\u00f1adido.<\/p>\n<p><a href=\"https:\/\/www.caudete.org\/ayuntamiento\/wp-content\/uploads\/2021\/06\/delante.jpg\" rel='prettyPhoto'><img fetchpriority=\"high\" decoding=\"async\" class=\"aligncenter wp-image-14691 size-medium\" src=\"https:\/\/www.caudete.org\/ayuntamiento\/wp-content\/uploads\/2021\/06\/delante-291x300.jpg\" alt=\"\" width=\"291\" height=\"300\" srcset=\"https:\/\/www.caudete.org\/ayuntamiento\/wp-content\/uploads\/2021\/06\/delante-291x300.jpg 291w, https:\/\/www.caudete.org\/ayuntamiento\/wp-content\/uploads\/2021\/06\/delante-995x1024.jpg 995w, https:\/\/www.caudete.org\/ayuntamiento\/wp-content\/uploads\/2021\/06\/delante-768x791.jpg 768w, https:\/\/www.caudete.org\/ayuntamiento\/wp-content\/uploads\/2021\/06\/delante-1492x1536.jpg 1492w, https:\/\/www.caudete.org\/ayuntamiento\/wp-content\/uploads\/2021\/06\/delante-1990x2048.jpg 1990w, https:\/\/www.caudete.org\/ayuntamiento\/wp-content\/uploads\/2021\/06\/delante.jpg 2044w\" sizes=\"(max-width: 291px) 100vw, 291px\" \/><\/a><\/p>\n<p style=\"text-align: justify;\"><a href=\"https:\/\/www.caudete.org\/ayuntamiento\/wp-content\/uploads\/2021\/06\/trasera.jpg\" rel='prettyPhoto'><img decoding=\"async\" class=\"aligncenter wp-image-14692 size-medium\" src=\"https:\/\/www.caudete.org\/ayuntamiento\/wp-content\/uploads\/2021\/06\/trasera-288x300.jpg\" alt=\"\" width=\"288\" height=\"300\" srcset=\"https:\/\/www.caudete.org\/ayuntamiento\/wp-content\/uploads\/2021\/06\/trasera-288x300.jpg 288w, https:\/\/www.caudete.org\/ayuntamiento\/wp-content\/uploads\/2021\/06\/trasera-984x1024.jpg 984w, https:\/\/www.caudete.org\/ayuntamiento\/wp-content\/uploads\/2021\/06\/trasera-768x799.jpg 768w, https:\/\/www.caudete.org\/ayuntamiento\/wp-content\/uploads\/2021\/06\/trasera-1476x1536.jpg 1476w, https:\/\/www.caudete.org\/ayuntamiento\/wp-content\/uploads\/2021\/06\/trasera-1968x2048.jpg 1968w, https:\/\/www.caudete.org\/ayuntamiento\/wp-content\/uploads\/2021\/06\/trasera.jpg 2004w\" sizes=\"(max-width: 288px) 100vw, 288px\" \/><\/a><\/p>\n","protected":false},"excerpt":{"rendered":"<p>Esta ma\u00f1ana se presentaba en la Casa de la Cultura la edici\u00f3n 2021 del Campamento Urbano y del Aula Verde que las Concejal\u00edas de Juventud y Cultura organizan cada verano. Ambas actividades, con un gran \u00e9xito de participaci\u00f3n y demanda, suponen una verdadera alternativa l\u00fadica y de ocio para los m\u00e1s peque\u00f1os, especialmente para las &hellip;<\/p>\n","protected":false},"author":3,"featured_media":14700,"comment_status":"closed","ping_status":"open","sticky":true,"template":"","format":"standard","meta":{"ngg_post_thumbnail":0,"footnotes":""},"categories":[121],"tags":[670],"class_list":["post-14690","post","type-post","status-publish","format-standard","has-post-thumbnail","hentry","category-juventud-2","tag-destacado"],"yoast_head":"<!-- This site is optimized with the Yoast SEO plugin v27.5 - https:\/\/yoast.com\/product\/yoast-seo-wordpress\/ -->\n<title>Presentado el CAMPAMENTO URBANO y el AULA VERDE de Juventud y Cultura - MI Ayuntamiento de Caudete<\/title>\n<meta name=\"description\" content=\"P\u00e1gina Oficial del Ayuntamiento de Caudete (Albacete)\" \/>\n<meta name=\"robots\" content=\"index, follow, max-snippet:-1, max-image-preview:large, max-video-preview:-1\" \/>\n<link rel=\"canonical\" href=\"https:\/\/www.caudete.org\/ayuntamiento\/presentado-el-campamento-urbano-y-el-aula-verde-de-juventud-y-cultura\/\" \/>\n<meta property=\"og:locale\" content=\"es_ES\" \/>\n<meta property=\"og:type\" content=\"article\" \/>\n<meta property=\"og:title\" content=\"Presentado el CAMPAMENTO URBANO y el AULA VERDE de Juventud y Cultura - MI Ayuntamiento de Caudete\" \/>\n<meta property=\"og:description\" content=\"P\u00e1gina Oficial del Ayuntamiento de Caudete (Albacete)\" \/>\n<meta property=\"og:url\" content=\"https:\/\/www.caudete.org\/ayuntamiento\/presentado-el-campamento-urbano-y-el-aula-verde-de-juventud-y-cultura\/\" \/>\n<meta property=\"og:site_name\" content=\"MI Ayuntamiento de Caudete\" \/>\n<meta property=\"article:publisher\" content=\"https:\/\/www.facebook.com\/ayuntamientocaudete\/\" \/>\n<meta property=\"article:published_time\" content=\"2021-06-02T15:12:23+00:00\" \/>\n<meta property=\"article:modified_time\" content=\"2021-06-15T09:29:35+00:00\" \/>\n<meta property=\"og:image\" content=\"https:\/\/www.caudete.org\/ayuntamiento\/wp-content\/uploads\/2021\/06\/Campamento-Urbano-Web.jpg\" \/>\n\t<meta property=\"og:image:width\" content=\"864\" \/>\n\t<meta property=\"og:image:height\" content=\"380\" \/>\n\t<meta property=\"og:image:type\" content=\"image\/jpeg\" \/>\n<meta name=\"author\" content=\"alcalde\" \/>\n<meta name=\"twitter:card\" content=\"summary_large_image\" \/>\n<meta name=\"twitter:label1\" content=\"Escrito por\" \/>\n\t<meta name=\"twitter:data1\" content=\"alcalde\" \/>\n\t<meta name=\"twitter:label2\" content=\"Tiempo de lectura\" \/>\n\t<meta name=\"twitter:data2\" content=\"2 minutos\" \/>\n<script type=\"application\/ld+json\" class=\"yoast-schema-graph\">{\"@context\":\"https:\\\/\\\/schema.org\",\"@graph\":[{\"@type\":\"Article\",\"@id\":\"https:\\\/\\\/www.caudete.org\\\/ayuntamiento\\\/presentado-el-campamento-urbano-y-el-aula-verde-de-juventud-y-cultura\\\/#article\",\"isPartOf\":{\"@id\":\"https:\\\/\\\/www.caudete.org\\\/ayuntamiento\\\/presentado-el-campamento-urbano-y-el-aula-verde-de-juventud-y-cultura\\\/\"},\"author\":{\"name\":\"alcalde\",\"@id\":\"https:\\\/\\\/www.caudete.org\\\/ayuntamiento\\\/#\\\/schema\\\/person\\\/cc646da9133078ee4d8dd47457947253\"},\"headline\":\"Presentado el CAMPAMENTO URBANO y el AULA VERDE de Juventud y Cultura\",\"datePublished\":\"2021-06-02T15:12:23+00:00\",\"dateModified\":\"2021-06-15T09:29:35+00:00\",\"mainEntityOfPage\":{\"@id\":\"https:\\\/\\\/www.caudete.org\\\/ayuntamiento\\\/presentado-el-campamento-urbano-y-el-aula-verde-de-juventud-y-cultura\\\/\"},\"wordCount\":274,\"publisher\":{\"@id\":\"https:\\\/\\\/www.caudete.org\\\/ayuntamiento\\\/#organization\"},\"image\":{\"@id\":\"https:\\\/\\\/www.caudete.org\\\/ayuntamiento\\\/presentado-el-campamento-urbano-y-el-aula-verde-de-juventud-y-cultura\\\/#primaryimage\"},\"thumbnailUrl\":\"https:\\\/\\\/www.caudete.org\\\/ayuntamiento\\\/wp-content\\\/uploads\\\/2021\\\/06\\\/Campamento-Urbano-Web.jpg\",\"keywords\":[\"destacado\"],\"articleSection\":[\"Juventud\"],\"inLanguage\":\"es\"},{\"@type\":\"WebPage\",\"@id\":\"https:\\\/\\\/www.caudete.org\\\/ayuntamiento\\\/presentado-el-campamento-urbano-y-el-aula-verde-de-juventud-y-cultura\\\/\",\"url\":\"https:\\\/\\\/www.caudete.org\\\/ayuntamiento\\\/presentado-el-campamento-urbano-y-el-aula-verde-de-juventud-y-cultura\\\/\",\"name\":\"Presentado el CAMPAMENTO URBANO y el AULA VERDE de Juventud y Cultura - MI Ayuntamiento de Caudete\",\"isPartOf\":{\"@id\":\"https:\\\/\\\/www.caudete.org\\\/ayuntamiento\\\/#website\"},\"primaryImageOfPage\":{\"@id\":\"https:\\\/\\\/www.caudete.org\\\/ayuntamiento\\\/presentado-el-campamento-urbano-y-el-aula-verde-de-juventud-y-cultura\\\/#primaryimage\"},\"image\":{\"@id\":\"https:\\\/\\\/www.caudete.org\\\/ayuntamiento\\\/presentado-el-campamento-urbano-y-el-aula-verde-de-juventud-y-cultura\\\/#primaryimage\"},\"thumbnailUrl\":\"https:\\\/\\\/www.caudete.org\\\/ayuntamiento\\\/wp-content\\\/uploads\\\/2021\\\/06\\\/Campamento-Urbano-Web.jpg\",\"datePublished\":\"2021-06-02T15:12:23+00:00\",\"dateModified\":\"2021-06-15T09:29:35+00:00\",\"description\":\"P\u00e1gina Oficial del Ayuntamiento de Caudete (Albacete)\",\"breadcrumb\":{\"@id\":\"https:\\\/\\\/www.caudete.org\\\/ayuntamiento\\\/presentado-el-campamento-urbano-y-el-aula-verde-de-juventud-y-cultura\\\/#breadcrumb\"},\"inLanguage\":\"es\",\"potentialAction\":[{\"@type\":\"ReadAction\",\"target\":[\"https:\\\/\\\/www.caudete.org\\\/ayuntamiento\\\/presentado-el-campamento-urbano-y-el-aula-verde-de-juventud-y-cultura\\\/\"]}]},{\"@type\":\"ImageObject\",\"inLanguage\":\"es\",\"@id\":\"https:\\\/\\\/www.caudete.org\\\/ayuntamiento\\\/presentado-el-campamento-urbano-y-el-aula-verde-de-juventud-y-cultura\\\/#primaryimage\",\"url\":\"https:\\\/\\\/www.caudete.org\\\/ayuntamiento\\\/wp-content\\\/uploads\\\/2021\\\/06\\\/Campamento-Urbano-Web.jpg\",\"contentUrl\":\"https:\\\/\\\/www.caudete.org\\\/ayuntamiento\\\/wp-content\\\/uploads\\\/2021\\\/06\\\/Campamento-Urbano-Web.jpg\",\"width\":864,\"height\":380},{\"@type\":\"BreadcrumbList\",\"@id\":\"https:\\\/\\\/www.caudete.org\\\/ayuntamiento\\\/presentado-el-campamento-urbano-y-el-aula-verde-de-juventud-y-cultura\\\/#breadcrumb\",\"itemListElement\":[{\"@type\":\"ListItem\",\"position\":1,\"name\":\"Inicio\",\"item\":\"https:\\\/\\\/www.caudete.org\\\/ayuntamiento\\\/\"},{\"@type\":\"ListItem\",\"position\":2,\"name\":\"Presentado el CAMPAMENTO URBANO y el AULA VERDE de Juventud y Cultura\"}]},{\"@type\":\"WebSite\",\"@id\":\"https:\\\/\\\/www.caudete.org\\\/ayuntamiento\\\/#website\",\"url\":\"https:\\\/\\\/www.caudete.org\\\/ayuntamiento\\\/\",\"name\":\"MI Ayuntamiento de Caudete\",\"description\":\"P\u00e1gina Oficial del MI Ayuntamiento de Caudete\",\"publisher\":{\"@id\":\"https:\\\/\\\/www.caudete.org\\\/ayuntamiento\\\/#organization\"},\"potentialAction\":[{\"@type\":\"SearchAction\",\"target\":{\"@type\":\"EntryPoint\",\"urlTemplate\":\"https:\\\/\\\/www.caudete.org\\\/ayuntamiento\\\/?s={search_term_string}\"},\"query-input\":{\"@type\":\"PropertyValueSpecification\",\"valueRequired\":true,\"valueName\":\"search_term_string\"}}],\"inLanguage\":\"es\"},{\"@type\":\"Organization\",\"@id\":\"https:\\\/\\\/www.caudete.org\\\/ayuntamiento\\\/#organization\",\"name\":\"Ayuntamiento de Caudete\",\"url\":\"https:\\\/\\\/www.caudete.org\\\/ayuntamiento\\\/\",\"logo\":{\"@type\":\"ImageObject\",\"inLanguage\":\"es\",\"@id\":\"https:\\\/\\\/www.caudete.org\\\/ayuntamiento\\\/#\\\/schema\\\/logo\\\/image\\\/\",\"url\":\"https:\\\/\\\/www.caudete.org\\\/ayuntamiento\\\/wp-content\\\/uploads\\\/2020\\\/11\\\/logo_ayuntamiento_caudete.jpg\",\"contentUrl\":\"https:\\\/\\\/www.caudete.org\\\/ayuntamiento\\\/wp-content\\\/uploads\\\/2020\\\/11\\\/logo_ayuntamiento_caudete.jpg\",\"width\":600,\"height\":150,\"caption\":\"Ayuntamiento de Caudete\"},\"image\":{\"@id\":\"https:\\\/\\\/www.caudete.org\\\/ayuntamiento\\\/#\\\/schema\\\/logo\\\/image\\\/\"},\"sameAs\":[\"https:\\\/\\\/www.facebook.com\\\/ayuntamientocaudete\\\/\",\"https:\\\/\\\/www.youtube.com\\\/channel\\\/UC6VztHaooNsGpw-tNoBEFnQ\"]},{\"@type\":\"Person\",\"@id\":\"https:\\\/\\\/www.caudete.org\\\/ayuntamiento\\\/#\\\/schema\\\/person\\\/cc646da9133078ee4d8dd47457947253\",\"name\":\"alcalde\",\"image\":{\"@type\":\"ImageObject\",\"inLanguage\":\"es\",\"@id\":\"https:\\\/\\\/secure.gravatar.com\\\/avatar\\\/84a817ba065b29ff08d666b215a215f5c79186a645ccb25b14a663d48a130f77?s=96&d=mm&r=g\",\"url\":\"https:\\\/\\\/secure.gravatar.com\\\/avatar\\\/84a817ba065b29ff08d666b215a215f5c79186a645ccb25b14a663d48a130f77?s=96&d=mm&r=g\",\"contentUrl\":\"https:\\\/\\\/secure.gravatar.com\\\/avatar\\\/84a817ba065b29ff08d666b215a215f5c79186a645ccb25b14a663d48a130f77?s=96&d=mm&r=g\",\"caption\":\"alcalde\"},\"url\":\"https:\\\/\\\/www.caudete.org\\\/ayuntamiento\\\/author\\\/alcalde\\\/\"}]}<\/script>\n<!-- \/ Yoast SEO plugin. -->","yoast_head_json":{"title":"Presentado el CAMPAMENTO URBANO y el AULA VERDE de Juventud y Cultura - MI Ayuntamiento de Caudete","description":"P\u00e1gina Oficial del Ayuntamiento de Caudete (Albacete)","robots":{"index":"index","follow":"follow","max-snippet":"max-snippet:-1","max-image-preview":"max-image-preview:large","max-video-preview":"max-video-preview:-1"},"canonical":"https:\/\/www.caudete.org\/ayuntamiento\/presentado-el-campamento-urbano-y-el-aula-verde-de-juventud-y-cultura\/","og_locale":"es_ES","og_type":"article","og_title":"Presentado el CAMPAMENTO URBANO y el AULA VERDE de Juventud y Cultura - MI Ayuntamiento de Caudete","og_description":"P\u00e1gina Oficial del Ayuntamiento de Caudete (Albacete)","og_url":"https:\/\/www.caudete.org\/ayuntamiento\/presentado-el-campamento-urbano-y-el-aula-verde-de-juventud-y-cultura\/","og_site_name":"MI Ayuntamiento de Caudete","article_publisher":"https:\/\/www.facebook.com\/ayuntamientocaudete\/","article_published_time":"2021-06-02T15:12:23+00:00","article_modified_time":"2021-06-15T09:29:35+00:00","og_image":[{"width":864,"height":380,"url":"https:\/\/www.caudete.org\/ayuntamiento\/wp-content\/uploads\/2021\/06\/Campamento-Urbano-Web.jpg","type":"image\/jpeg"}],"author":"alcalde","twitter_card":"summary_large_image","twitter_misc":{"Escrito por":"alcalde","Tiempo de lectura":"2 minutos"},"schema":{"@context":"https:\/\/schema.org","@graph":[{"@type":"Article","@id":"https:\/\/www.caudete.org\/ayuntamiento\/presentado-el-campamento-urbano-y-el-aula-verde-de-juventud-y-cultura\/#article","isPartOf":{"@id":"https:\/\/www.caudete.org\/ayuntamiento\/presentado-el-campamento-urbano-y-el-aula-verde-de-juventud-y-cultura\/"},"author":{"name":"alcalde","@id":"https:\/\/www.caudete.org\/ayuntamiento\/#\/schema\/person\/cc646da9133078ee4d8dd47457947253"},"headline":"Presentado el CAMPAMENTO URBANO y el AULA VERDE de Juventud y Cultura","datePublished":"2021-06-02T15:12:23+00:00","dateModified":"2021-06-15T09:29:35+00:00","mainEntityOfPage":{"@id":"https:\/\/www.caudete.org\/ayuntamiento\/presentado-el-campamento-urbano-y-el-aula-verde-de-juventud-y-cultura\/"},"wordCount":274,"publisher":{"@id":"https:\/\/www.caudete.org\/ayuntamiento\/#organization"},"image":{"@id":"https:\/\/www.caudete.org\/ayuntamiento\/presentado-el-campamento-urbano-y-el-aula-verde-de-juventud-y-cultura\/#primaryimage"},"thumbnailUrl":"https:\/\/www.caudete.org\/ayuntamiento\/wp-content\/uploads\/2021\/06\/Campamento-Urbano-Web.jpg","keywords":["destacado"],"articleSection":["Juventud"],"inLanguage":"es"},{"@type":"WebPage","@id":"https:\/\/www.caudete.org\/ayuntamiento\/presentado-el-campamento-urbano-y-el-aula-verde-de-juventud-y-cultura\/","url":"https:\/\/www.caudete.org\/ayuntamiento\/presentado-el-campamento-urbano-y-el-aula-verde-de-juventud-y-cultura\/","name":"Presentado el CAMPAMENTO URBANO y el AULA VERDE de Juventud y Cultura - MI Ayuntamiento de Caudete","isPartOf":{"@id":"https:\/\/www.caudete.org\/ayuntamiento\/#website"},"primaryImageOfPage":{"@id":"https:\/\/www.caudete.org\/ayuntamiento\/presentado-el-campamento-urbano-y-el-aula-verde-de-juventud-y-cultura\/#primaryimage"},"image":{"@id":"https:\/\/www.caudete.org\/ayuntamiento\/presentado-el-campamento-urbano-y-el-aula-verde-de-juventud-y-cultura\/#primaryimage"},"thumbnailUrl":"https:\/\/www.caudete.org\/ayuntamiento\/wp-content\/uploads\/2021\/06\/Campamento-Urbano-Web.jpg","datePublished":"2021-06-02T15:12:23+00:00","dateModified":"2021-06-15T09:29:35+00:00","description":"P\u00e1gina Oficial del Ayuntamiento de Caudete (Albacete)","breadcrumb":{"@id":"https:\/\/www.caudete.org\/ayuntamiento\/presentado-el-campamento-urbano-y-el-aula-verde-de-juventud-y-cultura\/#breadcrumb"},"inLanguage":"es","potentialAction":[{"@type":"ReadAction","target":["https:\/\/www.caudete.org\/ayuntamiento\/presentado-el-campamento-urbano-y-el-aula-verde-de-juventud-y-cultura\/"]}]},{"@type":"ImageObject","inLanguage":"es","@id":"https:\/\/www.caudete.org\/ayuntamiento\/presentado-el-campamento-urbano-y-el-aula-verde-de-juventud-y-cultura\/#primaryimage","url":"https:\/\/www.caudete.org\/ayuntamiento\/wp-content\/uploads\/2021\/06\/Campamento-Urbano-Web.jpg","contentUrl":"https:\/\/www.caudete.org\/ayuntamiento\/wp-content\/uploads\/2021\/06\/Campamento-Urbano-Web.jpg","width":864,"height":380},{"@type":"BreadcrumbList","@id":"https:\/\/www.caudete.org\/ayuntamiento\/presentado-el-campamento-urbano-y-el-aula-verde-de-juventud-y-cultura\/#breadcrumb","itemListElement":[{"@type":"ListItem","position":1,"name":"Inicio","item":"https:\/\/www.caudete.org\/ayuntamiento\/"},{"@type":"ListItem","position":2,"name":"Presentado el CAMPAMENTO URBANO y el AULA VERDE de Juventud y Cultura"}]},{"@type":"WebSite","@id":"https:\/\/www.caudete.org\/ayuntamiento\/#website","url":"https:\/\/www.caudete.org\/ayuntamiento\/","name":"MI Ayuntamiento de Caudete","description":"P\u00e1gina Oficial del MI Ayuntamiento de Caudete","publisher":{"@id":"https:\/\/www.caudete.org\/ayuntamiento\/#organization"},"potentialAction":[{"@type":"SearchAction","target":{"@type":"EntryPoint","urlTemplate":"https:\/\/www.caudete.org\/ayuntamiento\/?s={search_term_string}"},"query-input":{"@type":"PropertyValueSpecification","valueRequired":true,"valueName":"search_term_string"}}],"inLanguage":"es"},{"@type":"Organization","@id":"https:\/\/www.caudete.org\/ayuntamiento\/#organization","name":"Ayuntamiento de Caudete","url":"https:\/\/www.caudete.org\/ayuntamiento\/","logo":{"@type":"ImageObject","inLanguage":"es","@id":"https:\/\/www.caudete.org\/ayuntamiento\/#\/schema\/logo\/image\/","url":"https:\/\/www.caudete.org\/ayuntamiento\/wp-content\/uploads\/2020\/11\/logo_ayuntamiento_caudete.jpg","contentUrl":"https:\/\/www.caudete.org\/ayuntamiento\/wp-content\/uploads\/2020\/11\/logo_ayuntamiento_caudete.jpg","width":600,"height":150,"caption":"Ayuntamiento de Caudete"},"image":{"@id":"https:\/\/www.caudete.org\/ayuntamiento\/#\/schema\/logo\/image\/"},"sameAs":["https:\/\/www.facebook.com\/ayuntamientocaudete\/","https:\/\/www.youtube.com\/channel\/UC6VztHaooNsGpw-tNoBEFnQ"]},{"@type":"Person","@id":"https:\/\/www.caudete.org\/ayuntamiento\/#\/schema\/person\/cc646da9133078ee4d8dd47457947253","name":"alcalde","image":{"@type":"ImageObject","inLanguage":"es","@id":"https:\/\/secure.gravatar.com\/avatar\/84a817ba065b29ff08d666b215a215f5c79186a645ccb25b14a663d48a130f77?s=96&d=mm&r=g","url":"https:\/\/secure.gravatar.com\/avatar\/84a817ba065b29ff08d666b215a215f5c79186a645ccb25b14a663d48a130f77?s=96&d=mm&r=g","contentUrl":"https:\/\/secure.gravatar.com\/avatar\/84a817ba065b29ff08d666b215a215f5c79186a645ccb25b14a663d48a130f77?s=96&d=mm&r=g","caption":"alcalde"},"url":"https:\/\/www.caudete.org\/ayuntamiento\/author\/alcalde\/"}]}},"_links":{"self":[{"href":"https:\/\/www.caudete.org\/ayuntamiento\/wp-json\/wp\/v2\/posts\/14690","targetHints":{"allow":["GET"]}}],"collection":[{"href":"https:\/\/www.caudete.org\/ayuntamiento\/wp-json\/wp\/v2\/posts"}],"about":[{"href":"https:\/\/www.caudete.org\/ayuntamiento\/wp-json\/wp\/v2\/types\/post"}],"author":[{"embeddable":true,"href":"https:\/\/www.caudete.org\/ayuntamiento\/wp-json\/wp\/v2\/users\/3"}],"replies":[{"embeddable":true,"href":"https:\/\/www.caudete.org\/ayuntamiento\/wp-json\/wp\/v2\/comments?post=14690"}],"version-history":[{"count":3,"href":"https:\/\/www.caudete.org\/ayuntamiento\/wp-json\/wp\/v2\/posts\/14690\/revisions"}],"predecessor-version":[{"id":14943,"href":"https:\/\/www.caudete.org\/ayuntamiento\/wp-json\/wp\/v2\/posts\/14690\/revisions\/14943"}],"wp:featuredmedia":[{"embeddable":true,"href":"https:\/\/www.caudete.org\/ayuntamiento\/wp-json\/wp\/v2\/media\/14700"}],"wp:attachment":[{"href":"https:\/\/www.caudete.org\/ayuntamiento\/wp-json\/wp\/v2\/media?parent=14690"}],"wp:term":[{"taxonomy":"category","embeddable":true,"href":"https:\/\/www.caudete.org\/ayuntamiento\/wp-json\/wp\/v2\/categories?post=14690"},{"taxonomy":"post_tag","embeddable":true,"href":"https:\/\/www.caudete.org\/ayuntamiento\/wp-json\/wp\/v2\/tags?post=14690"}],"curies":[{"name":"wp","href":"https:\/\/api.w.org\/{rel}","templated":true}]}}