{"id":14694,"date":"2021-06-02T17:36:59","date_gmt":"2021-06-02T15:36:59","guid":{"rendered":"https:\/\/www.caudete.org\/ayuntamiento\/?p=14694"},"modified":"2021-06-02T22:52:27","modified_gmt":"2021-06-02T20:52:27","slug":"el-26-de-junio-se-celebrara-el-xi-certamen-de-pintura-al-aire-libre","status":"publish","type":"post","link":"https:\/\/www.caudete.org\/ayuntamiento\/el-26-de-junio-se-celebrara-el-xi-certamen-de-pintura-al-aire-libre\/","title":{"rendered":"El 26 de Junio se celebrar\u00e1 el XI Certamen de PINTURA AL AIRE LIBRE"},"content":{"rendered":"<p style=\"text-align: justify;\">La Sala de Prensa acog\u00eda esta ma\u00f1ana la presentaci\u00f3n del XI Certamen de Pintura al Aire Libre que organiza la Concejal\u00eda de Juventud, tras su \u00faltima edici\u00f3n realizada en Septiembre de 2018.<\/p>\n<p style=\"text-align: justify;\">En esta ocasi\u00f3n, la fecha elegida para el evento es el s\u00e1bado 26 de Junio, tal y como anunciaba el Alcalde, Mois\u00e9s L\u00f3pez como responsable del \u00e1rea de Juventud, recuperando as\u00ed el inicio del verano para el desarrollo de esta cita pict\u00f3rica que dar\u00e1 la oportunidad de plasmar a ni\u00f1os y adultos cualquier rinc\u00f3n o vista de Caudete y sus gentes, en la t\u00e9cnica y tendencia que cada autor elija.<\/p>\n<p style=\"text-align: justify;\">Como es habitual, el sellado de soportes (que deber\u00e1 ser aportado por el artista) se realizar\u00e1 a las 08.30h en el Paseo Luis Golf de la localidad, finalizando el tiempo para ejecutar la misma a las 16.30h, momento en que ser\u00e1n entregadas para el Fallo del Jurado, quedando en exposici\u00f3n p\u00fablica entre el momento de deliberaci\u00f3n y la entrega de Premios, que se realizar\u00e1 a las 18.00h del mismo d\u00eda en el propio Paseo Luis Golf.<\/p>\n<p style=\"text-align: justify;\">Las inscripciones se podr\u00e1n realizar desde el 14 al 24 de junio en la p\u00e1gina web municipal <a href=\"https:\/\/www.caudete.org\/ayuntamiento\/\"><strong>www.caudete.org<\/strong><\/a>) o bien accediendo al siguiente enlace:<\/p>\n<p style=\"text-align: justify;\"><span style=\"font-size: 12pt;\"><strong> <a href=\"https:\/\/docs.google.com\/forms\/d\/e\/1FAIpQLSdVjiQKwSeRIUAKhIzEo_64ecxLedcHTwYEXJvsHhEtWveDMw\/viewform\" target=\"_blank\" rel=\"nofollow\">https:\/\/docs.google.com\/forms\/d\/e\/1FAIpQLSdVjiQKwSeRIUAKhIzEo_64ecxLedcHTwYEXJvsHhEtWveDMw\/viewform<\/a><\/strong><\/span><\/p>\n<p style=\"text-align: justify;\">Se establecen 2 categor\u00edas para el presente Certamen, con los siguientes Premios:<\/p>\n<ul style=\"text-align: justify;\">\n<li><span style=\"text-decoration: underline;\"><strong>Categor\u00eda Infantil<\/strong><\/span><em><span style=\"font-size: 10pt;\"> (a partir de 6 a\u00f1os)<\/span><\/em><br \/>\n<strong>1\u00ba PREMIO:<\/strong> 40 \u20acen material escolar donados por <em>Papeler\u00eda L\u00e1piz y Papel<\/em>.<br \/>\nDiploma del M. I. Ayuntamiento de Caudete.<br \/>\n<strong>2\u00ba PREMIO:<\/strong> 30 \u20ac en material escolar donados por <em>Da Vinci Bellas Artes<\/em>.<br \/>\nDiploma del M. I. Ayuntamiento de Caudete.<br \/>\n<strong>3\u00ba PREMIO:<\/strong> 20 \u20ac en material escolar donados por <em>Librer\u00eda Acuario<\/em>.<br \/>\nDiploma del M. I. Ayuntamiento de Caudete.<\/li>\n<\/ul>\n<ul style=\"text-align: justify;\">\n<li><span style=\"text-decoration: underline;\"><strong>Categor\u00eda Adultos<\/strong><\/span><span style=\"font-size: 10pt;\"><em> (de 18 a\u00f1os en adelante)<\/em><\/span><\/li>\n<\/ul>\n<p style=\"padding-left: 40px; text-align: justify;\"><strong>\u00a01\u00ba PREMIO:<\/strong> <span style=\"text-decoration: underline;\">600 \u20ac donados por la &#8220;Concejal\u00eda de Juventud del M.I. Ayuntamiento de Caudete&#8221;.<\/span><\/p>\n<p style=\"padding-left: 40px; text-align: justify;\">Botella de aceite de oliva donado por <em>Conservas Agull\u00f3<\/em>.<br \/>\nLote de vino de la tierra donado por la <em>Cooperativa del Campo de San Isidro<\/em>.<br \/>\nDiploma del M. I. Ayuntamiento de Caudete.<\/p>\n<p style=\"padding-left: 40px; text-align: justify;\"><strong>2\u00ba PREMIO:<\/strong> <span style=\"text-decoration: underline;\">400 \u20ac donados por la &#8220;Concejal\u00eda de Cultura del M.I. Ayuntamiento de Caudete&#8221;<\/span>.<\/p>\n<p style=\"padding-left: 40px; text-align: justify;\">Botella de aceite de oliva donado por <em>Conservas Agull\u00f3<\/em>.<br \/>\nLote de vino de la tierra donado por la <em>Cooperativa del Campo de San Isidro<\/em>.<br \/>\nDiploma del M. I. Ayuntamiento de Caudete.<\/p>\n<p style=\"padding-left: 40px; text-align: justify;\"><strong>3\u00ba PREMIO:<\/strong> <span style=\"text-decoration: underline;\">200 \u20ac donados por &#8220;Cruz Roja Juventud&#8221;<\/span>.<\/p>\n<p style=\"padding-left: 40px; text-align: justify;\">Botella de aceite de oliva donado por <em>Conservas Agull\u00f3<\/em>.<br \/>\nLote de vino de la tierra donado por la <em>Cooperativa del Campo de San Isidro<\/em>.<br \/>\nDiploma del M. I. Ayuntamiento de Caudete.<\/p>\n<p style=\"padding-left: 40px; text-align: justify;\"><strong>4\u00ba PREMIO:<\/strong> <span style=\"text-decoration: underline;\">150 \u20ac donados por &#8220;Su Salud en Casa&#8221;.<\/span><\/p>\n<p style=\"padding-left: 40px; text-align: justify;\">Botella de aceite de oliva donado por <em>Conservas Agull\u00f3<\/em>.<br \/>\nLote de vino de la tierra donado por la Cooperativa del campo de San Isidro.<br \/>\nDiploma del M. I. Ayuntamiento de Caudete.<\/p>\n<p style=\"text-align: justify;\">Las obras premiadas quedar\u00e1n en propiedad de los patrocinadores de los premios, pudiendo el resto de obras participantes y no premiadas ser adquiridas por el p\u00fablico visitante al precio indicado por el artista.<\/p>\n<p style=\"text-align: left;\"><a href=\"https:\/\/www.caudete.org\/ayuntamiento\/wp-content\/uploads\/2021\/06\/BASES-CERTAMEN-PINTURA-AIRE-LIBRE.pdf\" class=\"mtli_attachment mtli_pdf\"><span style=\"font-size: 14pt;\"><strong>BASES XI Certamen de PINTURA AL AIRE LIBRE (Clic aqu\u00ed)<\/strong><\/span><\/a><\/p>\n<p><a href=\"https:\/\/www.caudete.org\/ayuntamiento\/wp-content\/uploads\/2021\/06\/BASES-CERTAMEN-PINTURA-AIRE-LIBRE.pdf\" class=\"mtli_attachment mtli_pdf\"><img fetchpriority=\"high\" decoding=\"async\" class=\"wp-image-14709 size-medium alignleft\" src=\"https:\/\/www.caudete.org\/ayuntamiento\/wp-content\/uploads\/2021\/06\/IMAGEN-PARA-BASES-XI-CERTAMEN-300x175.jpg\" rel='prettyPhoto' alt=\"\" width=\"300\" height=\"175\" srcset=\"https:\/\/www.caudete.org\/ayuntamiento\/wp-content\/uploads\/2021\/06\/IMAGEN-PARA-BASES-XI-CERTAMEN-300x175.jpg 300w, https:\/\/www.caudete.org\/ayuntamiento\/wp-content\/uploads\/2021\/06\/IMAGEN-PARA-BASES-XI-CERTAMEN.jpg 567w\" sizes=\"(max-width: 300px) 100vw, 300px\" \/><\/a><\/p>\n<p><span style=\"font-size: 14pt;\"><strong>CARTEL XI Certamen de PINTURA AL AIRE LIBRE<\/strong><\/span><\/p>\n<p><a href=\"https:\/\/www.caudete.org\/ayuntamiento\/wp-content\/uploads\/2021\/06\/XI-CERTAMEN-PINTURA-AIRE-LIBRE-CARTEL.jpg\" rel='prettyPhoto'><img decoding=\"async\" class=\"wp-image-14704 size-medium alignleft\" src=\"https:\/\/www.caudete.org\/ayuntamiento\/wp-content\/uploads\/2021\/06\/XI-CERTAMEN-PINTURA-AIRE-LIBRE-CARTEL-241x300.jpg\" alt=\"\" width=\"241\" height=\"300\" srcset=\"https:\/\/www.caudete.org\/ayuntamiento\/wp-content\/uploads\/2021\/06\/XI-CERTAMEN-PINTURA-AIRE-LIBRE-CARTEL-241x300.jpg 241w, https:\/\/www.caudete.org\/ayuntamiento\/wp-content\/uploads\/2021\/06\/XI-CERTAMEN-PINTURA-AIRE-LIBRE-CARTEL-822x1024.jpg 822w, https:\/\/www.caudete.org\/ayuntamiento\/wp-content\/uploads\/2021\/06\/XI-CERTAMEN-PINTURA-AIRE-LIBRE-CARTEL-768x957.jpg 768w, https:\/\/www.caudete.org\/ayuntamiento\/wp-content\/uploads\/2021\/06\/XI-CERTAMEN-PINTURA-AIRE-LIBRE-CARTEL.jpg 907w\" sizes=\"(max-width: 241px) 100vw, 241px\" \/><\/a><\/p>\n","protected":false},"excerpt":{"rendered":"<p>La Sala de Prensa acog\u00eda esta ma\u00f1ana la presentaci\u00f3n del XI Certamen de Pintura al Aire Libre que organiza la Concejal\u00eda de Juventud, tras su \u00faltima edici\u00f3n realizada en Septiembre de 2018. En esta ocasi\u00f3n, la fecha elegida para el evento es el s\u00e1bado 26 de Junio, tal y como anunciaba el Alcalde, Mois\u00e9s L\u00f3pez &hellip;<\/p>\n","protected":false},"author":3,"featured_media":14719,"comment_status":"closed","ping_status":"open","sticky":false,"template":"","format":"standard","meta":{"ngg_post_thumbnail":0,"footnotes":""},"categories":[121],"tags":[],"class_list":["post-14694","post","type-post","status-publish","format-standard","has-post-thumbnail","hentry","category-juventud-2"],"yoast_head":"<!-- This site is optimized with the Yoast SEO plugin v27.5 - https:\/\/yoast.com\/product\/yoast-seo-wordpress\/ -->\n<title>El 26 de Junio se celebrar\u00e1 el XI Certamen de PINTURA AL AIRE LIBRE - MI Ayuntamiento de Caudete<\/title>\n<meta name=\"description\" content=\"P\u00e1gina Oficial del Ayuntamiento de Caudete (Albacete)\" \/>\n<meta name=\"robots\" content=\"index, follow, max-snippet:-1, max-image-preview:large, max-video-preview:-1\" \/>\n<link rel=\"canonical\" href=\"https:\/\/www.caudete.org\/ayuntamiento\/el-26-de-junio-se-celebrara-el-xi-certamen-de-pintura-al-aire-libre\/\" \/>\n<meta property=\"og:locale\" content=\"es_ES\" \/>\n<meta property=\"og:type\" content=\"article\" \/>\n<meta property=\"og:title\" content=\"El 26 de Junio se celebrar\u00e1 el XI Certamen de PINTURA AL AIRE LIBRE - MI Ayuntamiento de Caudete\" \/>\n<meta property=\"og:description\" content=\"P\u00e1gina Oficial del Ayuntamiento de Caudete (Albacete)\" \/>\n<meta property=\"og:url\" content=\"https:\/\/www.caudete.org\/ayuntamiento\/el-26-de-junio-se-celebrara-el-xi-certamen-de-pintura-al-aire-libre\/\" \/>\n<meta property=\"og:site_name\" content=\"MI Ayuntamiento de Caudete\" \/>\n<meta property=\"article:publisher\" content=\"https:\/\/www.facebook.com\/ayuntamientocaudete\/\" \/>\n<meta property=\"article:published_time\" content=\"2021-06-02T15:36:59+00:00\" \/>\n<meta property=\"article:modified_time\" content=\"2021-06-02T20:52:27+00:00\" \/>\n<meta property=\"og:image\" content=\"https:\/\/www.caudete.org\/ayuntamiento\/wp-content\/uploads\/2021\/06\/Certamen-Pintura-Aire-Libre-Web.jpg\" \/>\n\t<meta property=\"og:image:width\" content=\"864\" \/>\n\t<meta property=\"og:image:height\" content=\"380\" \/>\n\t<meta property=\"og:image:type\" content=\"image\/jpeg\" \/>\n<meta name=\"author\" content=\"alcalde\" \/>\n<meta name=\"twitter:card\" content=\"summary_large_image\" \/>\n<meta name=\"twitter:label1\" content=\"Escrito por\" \/>\n\t<meta name=\"twitter:data1\" content=\"alcalde\" \/>\n\t<meta name=\"twitter:label2\" content=\"Tiempo de lectura\" \/>\n\t<meta name=\"twitter:data2\" content=\"3 minutos\" \/>\n<script type=\"application\/ld+json\" class=\"yoast-schema-graph\">{\"@context\":\"https:\\\/\\\/schema.org\",\"@graph\":[{\"@type\":\"Article\",\"@id\":\"https:\\\/\\\/www.caudete.org\\\/ayuntamiento\\\/el-26-de-junio-se-celebrara-el-xi-certamen-de-pintura-al-aire-libre\\\/#article\",\"isPartOf\":{\"@id\":\"https:\\\/\\\/www.caudete.org\\\/ayuntamiento\\\/el-26-de-junio-se-celebrara-el-xi-certamen-de-pintura-al-aire-libre\\\/\"},\"author\":{\"name\":\"alcalde\",\"@id\":\"https:\\\/\\\/www.caudete.org\\\/ayuntamiento\\\/#\\\/schema\\\/person\\\/cc646da9133078ee4d8dd47457947253\"},\"headline\":\"El 26 de Junio se celebrar\u00e1 el XI Certamen de PINTURA AL AIRE LIBRE\",\"datePublished\":\"2021-06-02T15:36:59+00:00\",\"dateModified\":\"2021-06-02T20:52:27+00:00\",\"mainEntityOfPage\":{\"@id\":\"https:\\\/\\\/www.caudete.org\\\/ayuntamiento\\\/el-26-de-junio-se-celebrara-el-xi-certamen-de-pintura-al-aire-libre\\\/\"},\"wordCount\":541,\"publisher\":{\"@id\":\"https:\\\/\\\/www.caudete.org\\\/ayuntamiento\\\/#organization\"},\"image\":{\"@id\":\"https:\\\/\\\/www.caudete.org\\\/ayuntamiento\\\/el-26-de-junio-se-celebrara-el-xi-certamen-de-pintura-al-aire-libre\\\/#primaryimage\"},\"thumbnailUrl\":\"https:\\\/\\\/www.caudete.org\\\/ayuntamiento\\\/wp-content\\\/uploads\\\/2021\\\/06\\\/Certamen-Pintura-Aire-Libre-Web.jpg\",\"articleSection\":[\"Juventud\"],\"inLanguage\":\"es\"},{\"@type\":\"WebPage\",\"@id\":\"https:\\\/\\\/www.caudete.org\\\/ayuntamiento\\\/el-26-de-junio-se-celebrara-el-xi-certamen-de-pintura-al-aire-libre\\\/\",\"url\":\"https:\\\/\\\/www.caudete.org\\\/ayuntamiento\\\/el-26-de-junio-se-celebrara-el-xi-certamen-de-pintura-al-aire-libre\\\/\",\"name\":\"El 26 de Junio se celebrar\u00e1 el XI Certamen de PINTURA AL AIRE LIBRE - MI Ayuntamiento de Caudete\",\"isPartOf\":{\"@id\":\"https:\\\/\\\/www.caudete.org\\\/ayuntamiento\\\/#website\"},\"primaryImageOfPage\":{\"@id\":\"https:\\\/\\\/www.caudete.org\\\/ayuntamiento\\\/el-26-de-junio-se-celebrara-el-xi-certamen-de-pintura-al-aire-libre\\\/#primaryimage\"},\"image\":{\"@id\":\"https:\\\/\\\/www.caudete.org\\\/ayuntamiento\\\/el-26-de-junio-se-celebrara-el-xi-certamen-de-pintura-al-aire-libre\\\/#primaryimage\"},\"thumbnailUrl\":\"https:\\\/\\\/www.caudete.org\\\/ayuntamiento\\\/wp-content\\\/uploads\\\/2021\\\/06\\\/Certamen-Pintura-Aire-Libre-Web.jpg\",\"datePublished\":\"2021-06-02T15:36:59+00:00\",\"dateModified\":\"2021-06-02T20:52:27+00:00\",\"description\":\"P\u00e1gina Oficial del Ayuntamiento de Caudete (Albacete)\",\"breadcrumb\":{\"@id\":\"https:\\\/\\\/www.caudete.org\\\/ayuntamiento\\\/el-26-de-junio-se-celebrara-el-xi-certamen-de-pintura-al-aire-libre\\\/#breadcrumb\"},\"inLanguage\":\"es\",\"potentialAction\":[{\"@type\":\"ReadAction\",\"target\":[\"https:\\\/\\\/www.caudete.org\\\/ayuntamiento\\\/el-26-de-junio-se-celebrara-el-xi-certamen-de-pintura-al-aire-libre\\\/\"]}]},{\"@type\":\"ImageObject\",\"inLanguage\":\"es\",\"@id\":\"https:\\\/\\\/www.caudete.org\\\/ayuntamiento\\\/el-26-de-junio-se-celebrara-el-xi-certamen-de-pintura-al-aire-libre\\\/#primaryimage\",\"url\":\"https:\\\/\\\/www.caudete.org\\\/ayuntamiento\\\/wp-content\\\/uploads\\\/2021\\\/06\\\/Certamen-Pintura-Aire-Libre-Web.jpg\",\"contentUrl\":\"https:\\\/\\\/www.caudete.org\\\/ayuntamiento\\\/wp-content\\\/uploads\\\/2021\\\/06\\\/Certamen-Pintura-Aire-Libre-Web.jpg\",\"width\":864,\"height\":380},{\"@type\":\"BreadcrumbList\",\"@id\":\"https:\\\/\\\/www.caudete.org\\\/ayuntamiento\\\/el-26-de-junio-se-celebrara-el-xi-certamen-de-pintura-al-aire-libre\\\/#breadcrumb\",\"itemListElement\":[{\"@type\":\"ListItem\",\"position\":1,\"name\":\"Inicio\",\"item\":\"https:\\\/\\\/www.caudete.org\\\/ayuntamiento\\\/\"},{\"@type\":\"ListItem\",\"position\":2,\"name\":\"El 26 de Junio se celebrar\u00e1 el XI Certamen de PINTURA AL AIRE LIBRE\"}]},{\"@type\":\"WebSite\",\"@id\":\"https:\\\/\\\/www.caudete.org\\\/ayuntamiento\\\/#website\",\"url\":\"https:\\\/\\\/www.caudete.org\\\/ayuntamiento\\\/\",\"name\":\"MI Ayuntamiento de Caudete\",\"description\":\"P\u00e1gina Oficial del MI Ayuntamiento de Caudete\",\"publisher\":{\"@id\":\"https:\\\/\\\/www.caudete.org\\\/ayuntamiento\\\/#organization\"},\"potentialAction\":[{\"@type\":\"SearchAction\",\"target\":{\"@type\":\"EntryPoint\",\"urlTemplate\":\"https:\\\/\\\/www.caudete.org\\\/ayuntamiento\\\/?s={search_term_string}\"},\"query-input\":{\"@type\":\"PropertyValueSpecification\",\"valueRequired\":true,\"valueName\":\"search_term_string\"}}],\"inLanguage\":\"es\"},{\"@type\":\"Organization\",\"@id\":\"https:\\\/\\\/www.caudete.org\\\/ayuntamiento\\\/#organization\",\"name\":\"Ayuntamiento de Caudete\",\"url\":\"https:\\\/\\\/www.caudete.org\\\/ayuntamiento\\\/\",\"logo\":{\"@type\":\"ImageObject\",\"inLanguage\":\"es\",\"@id\":\"https:\\\/\\\/www.caudete.org\\\/ayuntamiento\\\/#\\\/schema\\\/logo\\\/image\\\/\",\"url\":\"https:\\\/\\\/www.caudete.org\\\/ayuntamiento\\\/wp-content\\\/uploads\\\/2020\\\/11\\\/logo_ayuntamiento_caudete.jpg\",\"contentUrl\":\"https:\\\/\\\/www.caudete.org\\\/ayuntamiento\\\/wp-content\\\/uploads\\\/2020\\\/11\\\/logo_ayuntamiento_caudete.jpg\",\"width\":600,\"height\":150,\"caption\":\"Ayuntamiento de Caudete\"},\"image\":{\"@id\":\"https:\\\/\\\/www.caudete.org\\\/ayuntamiento\\\/#\\\/schema\\\/logo\\\/image\\\/\"},\"sameAs\":[\"https:\\\/\\\/www.facebook.com\\\/ayuntamientocaudete\\\/\",\"https:\\\/\\\/www.youtube.com\\\/channel\\\/UC6VztHaooNsGpw-tNoBEFnQ\"]},{\"@type\":\"Person\",\"@id\":\"https:\\\/\\\/www.caudete.org\\\/ayuntamiento\\\/#\\\/schema\\\/person\\\/cc646da9133078ee4d8dd47457947253\",\"name\":\"alcalde\",\"image\":{\"@type\":\"ImageObject\",\"inLanguage\":\"es\",\"@id\":\"https:\\\/\\\/secure.gravatar.com\\\/avatar\\\/84a817ba065b29ff08d666b215a215f5c79186a645ccb25b14a663d48a130f77?s=96&d=mm&r=g\",\"url\":\"https:\\\/\\\/secure.gravatar.com\\\/avatar\\\/84a817ba065b29ff08d666b215a215f5c79186a645ccb25b14a663d48a130f77?s=96&d=mm&r=g\",\"contentUrl\":\"https:\\\/\\\/secure.gravatar.com\\\/avatar\\\/84a817ba065b29ff08d666b215a215f5c79186a645ccb25b14a663d48a130f77?s=96&d=mm&r=g\",\"caption\":\"alcalde\"},\"url\":\"https:\\\/\\\/www.caudete.org\\\/ayuntamiento\\\/author\\\/alcalde\\\/\"}]}<\/script>\n<!-- \/ Yoast SEO plugin. -->","yoast_head_json":{"title":"El 26 de Junio se celebrar\u00e1 el XI Certamen de PINTURA AL AIRE LIBRE - MI Ayuntamiento de Caudete","description":"P\u00e1gina Oficial del Ayuntamiento de Caudete (Albacete)","robots":{"index":"index","follow":"follow","max-snippet":"max-snippet:-1","max-image-preview":"max-image-preview:large","max-video-preview":"max-video-preview:-1"},"canonical":"https:\/\/www.caudete.org\/ayuntamiento\/el-26-de-junio-se-celebrara-el-xi-certamen-de-pintura-al-aire-libre\/","og_locale":"es_ES","og_type":"article","og_title":"El 26 de Junio se celebrar\u00e1 el XI Certamen de PINTURA AL AIRE LIBRE - MI Ayuntamiento de Caudete","og_description":"P\u00e1gina Oficial del Ayuntamiento de Caudete (Albacete)","og_url":"https:\/\/www.caudete.org\/ayuntamiento\/el-26-de-junio-se-celebrara-el-xi-certamen-de-pintura-al-aire-libre\/","og_site_name":"MI Ayuntamiento de Caudete","article_publisher":"https:\/\/www.facebook.com\/ayuntamientocaudete\/","article_published_time":"2021-06-02T15:36:59+00:00","article_modified_time":"2021-06-02T20:52:27+00:00","og_image":[{"width":864,"height":380,"url":"https:\/\/www.caudete.org\/ayuntamiento\/wp-content\/uploads\/2021\/06\/Certamen-Pintura-Aire-Libre-Web.jpg","type":"image\/jpeg"}],"author":"alcalde","twitter_card":"summary_large_image","twitter_misc":{"Escrito por":"alcalde","Tiempo de lectura":"3 minutos"},"schema":{"@context":"https:\/\/schema.org","@graph":[{"@type":"Article","@id":"https:\/\/www.caudete.org\/ayuntamiento\/el-26-de-junio-se-celebrara-el-xi-certamen-de-pintura-al-aire-libre\/#article","isPartOf":{"@id":"https:\/\/www.caudete.org\/ayuntamiento\/el-26-de-junio-se-celebrara-el-xi-certamen-de-pintura-al-aire-libre\/"},"author":{"name":"alcalde","@id":"https:\/\/www.caudete.org\/ayuntamiento\/#\/schema\/person\/cc646da9133078ee4d8dd47457947253"},"headline":"El 26 de Junio se celebrar\u00e1 el XI Certamen de PINTURA AL AIRE LIBRE","datePublished":"2021-06-02T15:36:59+00:00","dateModified":"2021-06-02T20:52:27+00:00","mainEntityOfPage":{"@id":"https:\/\/www.caudete.org\/ayuntamiento\/el-26-de-junio-se-celebrara-el-xi-certamen-de-pintura-al-aire-libre\/"},"wordCount":541,"publisher":{"@id":"https:\/\/www.caudete.org\/ayuntamiento\/#organization"},"image":{"@id":"https:\/\/www.caudete.org\/ayuntamiento\/el-26-de-junio-se-celebrara-el-xi-certamen-de-pintura-al-aire-libre\/#primaryimage"},"thumbnailUrl":"https:\/\/www.caudete.org\/ayuntamiento\/wp-content\/uploads\/2021\/06\/Certamen-Pintura-Aire-Libre-Web.jpg","articleSection":["Juventud"],"inLanguage":"es"},{"@type":"WebPage","@id":"https:\/\/www.caudete.org\/ayuntamiento\/el-26-de-junio-se-celebrara-el-xi-certamen-de-pintura-al-aire-libre\/","url":"https:\/\/www.caudete.org\/ayuntamiento\/el-26-de-junio-se-celebrara-el-xi-certamen-de-pintura-al-aire-libre\/","name":"El 26 de Junio se celebrar\u00e1 el XI Certamen de PINTURA AL AIRE LIBRE - MI Ayuntamiento de Caudete","isPartOf":{"@id":"https:\/\/www.caudete.org\/ayuntamiento\/#website"},"primaryImageOfPage":{"@id":"https:\/\/www.caudete.org\/ayuntamiento\/el-26-de-junio-se-celebrara-el-xi-certamen-de-pintura-al-aire-libre\/#primaryimage"},"image":{"@id":"https:\/\/www.caudete.org\/ayuntamiento\/el-26-de-junio-se-celebrara-el-xi-certamen-de-pintura-al-aire-libre\/#primaryimage"},"thumbnailUrl":"https:\/\/www.caudete.org\/ayuntamiento\/wp-content\/uploads\/2021\/06\/Certamen-Pintura-Aire-Libre-Web.jpg","datePublished":"2021-06-02T15:36:59+00:00","dateModified":"2021-06-02T20:52:27+00:00","description":"P\u00e1gina Oficial del Ayuntamiento de Caudete (Albacete)","breadcrumb":{"@id":"https:\/\/www.caudete.org\/ayuntamiento\/el-26-de-junio-se-celebrara-el-xi-certamen-de-pintura-al-aire-libre\/#breadcrumb"},"inLanguage":"es","potentialAction":[{"@type":"ReadAction","target":["https:\/\/www.caudete.org\/ayuntamiento\/el-26-de-junio-se-celebrara-el-xi-certamen-de-pintura-al-aire-libre\/"]}]},{"@type":"ImageObject","inLanguage":"es","@id":"https:\/\/www.caudete.org\/ayuntamiento\/el-26-de-junio-se-celebrara-el-xi-certamen-de-pintura-al-aire-libre\/#primaryimage","url":"https:\/\/www.caudete.org\/ayuntamiento\/wp-content\/uploads\/2021\/06\/Certamen-Pintura-Aire-Libre-Web.jpg","contentUrl":"https:\/\/www.caudete.org\/ayuntamiento\/wp-content\/uploads\/2021\/06\/Certamen-Pintura-Aire-Libre-Web.jpg","width":864,"height":380},{"@type":"BreadcrumbList","@id":"https:\/\/www.caudete.org\/ayuntamiento\/el-26-de-junio-se-celebrara-el-xi-certamen-de-pintura-al-aire-libre\/#breadcrumb","itemListElement":[{"@type":"ListItem","position":1,"name":"Inicio","item":"https:\/\/www.caudete.org\/ayuntamiento\/"},{"@type":"ListItem","position":2,"name":"El 26 de Junio se celebrar\u00e1 el XI Certamen de PINTURA AL AIRE LIBRE"}]},{"@type":"WebSite","@id":"https:\/\/www.caudete.org\/ayuntamiento\/#website","url":"https:\/\/www.caudete.org\/ayuntamiento\/","name":"MI Ayuntamiento de Caudete","description":"P\u00e1gina Oficial del MI Ayuntamiento de Caudete","publisher":{"@id":"https:\/\/www.caudete.org\/ayuntamiento\/#organization"},"potentialAction":[{"@type":"SearchAction","target":{"@type":"EntryPoint","urlTemplate":"https:\/\/www.caudete.org\/ayuntamiento\/?s={search_term_string}"},"query-input":{"@type":"PropertyValueSpecification","valueRequired":true,"valueName":"search_term_string"}}],"inLanguage":"es"},{"@type":"Organization","@id":"https:\/\/www.caudete.org\/ayuntamiento\/#organization","name":"Ayuntamiento de Caudete","url":"https:\/\/www.caudete.org\/ayuntamiento\/","logo":{"@type":"ImageObject","inLanguage":"es","@id":"https:\/\/www.caudete.org\/ayuntamiento\/#\/schema\/logo\/image\/","url":"https:\/\/www.caudete.org\/ayuntamiento\/wp-content\/uploads\/2020\/11\/logo_ayuntamiento_caudete.jpg","contentUrl":"https:\/\/www.caudete.org\/ayuntamiento\/wp-content\/uploads\/2020\/11\/logo_ayuntamiento_caudete.jpg","width":600,"height":150,"caption":"Ayuntamiento de Caudete"},"image":{"@id":"https:\/\/www.caudete.org\/ayuntamiento\/#\/schema\/logo\/image\/"},"sameAs":["https:\/\/www.facebook.com\/ayuntamientocaudete\/","https:\/\/www.youtube.com\/channel\/UC6VztHaooNsGpw-tNoBEFnQ"]},{"@type":"Person","@id":"https:\/\/www.caudete.org\/ayuntamiento\/#\/schema\/person\/cc646da9133078ee4d8dd47457947253","name":"alcalde","image":{"@type":"ImageObject","inLanguage":"es","@id":"https:\/\/secure.gravatar.com\/avatar\/84a817ba065b29ff08d666b215a215f5c79186a645ccb25b14a663d48a130f77?s=96&d=mm&r=g","url":"https:\/\/secure.gravatar.com\/avatar\/84a817ba065b29ff08d666b215a215f5c79186a645ccb25b14a663d48a130f77?s=96&d=mm&r=g","contentUrl":"https:\/\/secure.gravatar.com\/avatar\/84a817ba065b29ff08d666b215a215f5c79186a645ccb25b14a663d48a130f77?s=96&d=mm&r=g","caption":"alcalde"},"url":"https:\/\/www.caudete.org\/ayuntamiento\/author\/alcalde\/"}]}},"_links":{"self":[{"href":"https:\/\/www.caudete.org\/ayuntamiento\/wp-json\/wp\/v2\/posts\/14694","targetHints":{"allow":["GET"]}}],"collection":[{"href":"https:\/\/www.caudete.org\/ayuntamiento\/wp-json\/wp\/v2\/posts"}],"about":[{"href":"https:\/\/www.caudete.org\/ayuntamiento\/wp-json\/wp\/v2\/types\/post"}],"author":[{"embeddable":true,"href":"https:\/\/www.caudete.org\/ayuntamiento\/wp-json\/wp\/v2\/users\/3"}],"replies":[{"embeddable":true,"href":"https:\/\/www.caudete.org\/ayuntamiento\/wp-json\/wp\/v2\/comments?post=14694"}],"version-history":[{"count":18,"href":"https:\/\/www.caudete.org\/ayuntamiento\/wp-json\/wp\/v2\/posts\/14694\/revisions"}],"predecessor-version":[{"id":14724,"href":"https:\/\/www.caudete.org\/ayuntamiento\/wp-json\/wp\/v2\/posts\/14694\/revisions\/14724"}],"wp:featuredmedia":[{"embeddable":true,"href":"https:\/\/www.caudete.org\/ayuntamiento\/wp-json\/wp\/v2\/media\/14719"}],"wp:attachment":[{"href":"https:\/\/www.caudete.org\/ayuntamiento\/wp-json\/wp\/v2\/media?parent=14694"}],"wp:term":[{"taxonomy":"category","embeddable":true,"href":"https:\/\/www.caudete.org\/ayuntamiento\/wp-json\/wp\/v2\/categories?post=14694"},{"taxonomy":"post_tag","embeddable":true,"href":"https:\/\/www.caudete.org\/ayuntamiento\/wp-json\/wp\/v2\/tags?post=14694"}],"curies":[{"name":"wp","href":"https:\/\/api.w.org\/{rel}","templated":true}]}}