{"id":14739,"date":"2021-06-04T08:55:33","date_gmt":"2021-06-04T06:55:33","guid":{"rendered":"https:\/\/www.caudete.org\/ayuntamiento\/?p=14739"},"modified":"2021-06-04T19:20:21","modified_gmt":"2021-06-04T17:20:21","slug":"ultima-sesion-de-la-hora-del-cuento-desde-casa","status":"publish","type":"post","link":"https:\/\/www.caudete.org\/ayuntamiento\/ultima-sesion-de-la-hora-del-cuento-desde-casa\/","title":{"rendered":"\u00daltima sesi\u00f3n de LA HORA DEL CUENTO, DESDE CASA"},"content":{"rendered":"<p><span style=\"font-family: Rubik, sans-serif;\">Este mes, emitimos la \u00faltima sesi\u00f3n de La Hora del Cuento desde Casa, la propuesta de animaci\u00f3n a la lectura, que desde la Concejal\u00eda de Cultura del M.I. Ayuntamiento de Caudete, a trav\u00e9s de la Biblioteca P.M. Ana Mar\u00eda Matute, hemos desarrollado de forma virtual.<\/span><\/p>\n<p>\u201c<span style=\"font-family: Rubik, sans-serif;\">La hora del cuento desde casa\u201d, <\/span><span style=\"font-family: Rubik, sans-serif;\">es<\/span> <span style=\"font-family: Rubik, sans-serif;\">una<\/span><span style=\"font-family: Rubik, sans-serif;\"> propuesta de animaci\u00f3n a la lectura, con la que queremos que nuestros ni\u00f1os y ni\u00f1as disfruten del mundo de los cuentos, la fantas\u00eda y la oralidad. Con esta temporada, son 15 ediciones de nuestra <\/span><span style=\"font-family: Rubik, sans-serif;\">actividad <\/span><span style=\"font-family: Rubik, sans-serif;\">de narraci\u00f3n oral, las que llevamos desarrollando desde la Biblioteca, de la que han disfrutado ya, miles y miles de ni\u00f1os y ni\u00f1as acompa\u00f1ados de sus familias.<\/span><\/p>\n<p><span style=\"font-family: Rubik, sans-serif;\">Llegamos a la \u00faltima sesi\u00f3n de \u201cLa hora del cuento desde casa\u201d, para este mes de junio.<\/span><\/p>\n<p><span style=\"font-family: Rubik, sans-serif;\">La sesi\u00f3n se emitir\u00e1 por nuestras redes sociales Youtube y Facebook, del M.I. Ayuntamiento de Caudete y de la Biblioteca, el viernes, 4 de junio a las 19:30 horas. Y se podr\u00e1 disfrutar de ella, cuantas veces se quiera. Adem\u00e1s se emitir\u00e1 en breve por Caudete Televisi\u00f3n.<\/span><\/p>\n<p><span style=\"font-family: Rubik, sans-serif;\">Gracias a las cuenteras del club de lectura Olvidado Rey Gud\u00fa de nuestra biblioteca, Puri, Tere, Gracia, Alejandra, Ani, Teresa, Cande, Maria Jos\u00e9. As\u00ed tambi\u00e9n a sus familiares y amigos como colaboradores, hemos compartido estos meses, nuestras sesiones de cuentos y canciones para todos nuestros amigos de Caudete. Te esperamos con esta propuesta de narraci\u00f3n oral y te invitamos a que la sigas. <\/span><\/p>\n<p><span style=\"font-family: Rubik, sans-serif;\">Cerramos una etapa virtual de la Hora del Cuento, y deseamos volver a encontrarnos en vivo y en directo, ya en el Auditorio, para el curso pr\u00f3ximo. <\/span><\/p>\n<p><span style=\"font-family: Rubik, sans-serif;\">Hasta entonces recuerda que, en la Biblioteca tenemos todos los cuentos de nuestras sesiones de narraci\u00f3n oral, y muchas m\u00e1s, y que puedes quedarte ya en la sala infantil a leerlos o bien llev\u00e1rtelos en pr\u00e9stamo a casa, ya que estamos abiertos para que nos visites en horario de ma\u00f1ana y tarde.<\/span><\/p>\n<p><iframe title=\"CUARTA SESI\u00d3N DE LA HORA DEL CUENTO. Junio 2021\" width=\"704\" height=\"396\" src=\"https:\/\/www.youtube.com\/embed\/GdVr_NISYNs?feature=oembed\" frameborder=\"0\" allow=\"accelerometer; autoplay; clipboard-write; encrypted-media; gyroscope; picture-in-picture\" allowfullscreen><\/iframe><\/p>\n<p>&nbsp;<\/p>\n<p><a href=\"https:\/\/www.caudete.org\/ayuntamiento\/wp-content\/uploads\/2021\/06\/CARTELJUNIO.jpg\" rel='prettyPhoto'><img fetchpriority=\"high\" decoding=\"async\" class=\"aligncenter wp-image-14741 size-medium\" src=\"https:\/\/www.caudete.org\/ayuntamiento\/wp-content\/uploads\/2021\/06\/CARTELJUNIO-212x300.jpg\" alt=\"\" width=\"212\" height=\"300\" srcset=\"https:\/\/www.caudete.org\/ayuntamiento\/wp-content\/uploads\/2021\/06\/CARTELJUNIO-212x300.jpg 212w, https:\/\/www.caudete.org\/ayuntamiento\/wp-content\/uploads\/2021\/06\/CARTELJUNIO-724x1024.jpg 724w, https:\/\/www.caudete.org\/ayuntamiento\/wp-content\/uploads\/2021\/06\/CARTELJUNIO-768x1086.jpg 768w, https:\/\/www.caudete.org\/ayuntamiento\/wp-content\/uploads\/2021\/06\/CARTELJUNIO-1086x1536.jpg 1086w, https:\/\/www.caudete.org\/ayuntamiento\/wp-content\/uploads\/2021\/06\/CARTELJUNIO.jpg 1123w\" sizes=\"(max-width: 212px) 100vw, 212px\" \/><\/a><\/p>\n<p><a href=\"https:\/\/www.caudete.org\/ayuntamiento\/wp-content\/uploads\/2021\/06\/WhatsApp-Image-2021-04-29-at-10.24.57.jpeg\" rel='prettyPhoto'><img decoding=\"async\" class=\"aligncenter wp-image-14743 size-medium\" src=\"https:\/\/www.caudete.org\/ayuntamiento\/wp-content\/uploads\/2021\/06\/WhatsApp-Image-2021-04-29-at-10.24.57-225x300.jpeg\" alt=\"\" width=\"225\" height=\"300\" srcset=\"https:\/\/www.caudete.org\/ayuntamiento\/wp-content\/uploads\/2021\/06\/WhatsApp-Image-2021-04-29-at-10.24.57-225x300.jpeg 225w, https:\/\/www.caudete.org\/ayuntamiento\/wp-content\/uploads\/2021\/06\/WhatsApp-Image-2021-04-29-at-10.24.57-768x1024.jpeg 768w, https:\/\/www.caudete.org\/ayuntamiento\/wp-content\/uploads\/2021\/06\/WhatsApp-Image-2021-04-29-at-10.24.57-1152x1536.jpeg 1152w, https:\/\/www.caudete.org\/ayuntamiento\/wp-content\/uploads\/2021\/06\/WhatsApp-Image-2021-04-29-at-10.24.57.jpeg 1488w\" sizes=\"(max-width: 225px) 100vw, 225px\" \/><\/a><\/p>\n<p>&nbsp;<\/p>\n<p><span style=\"font-family: Rubik, sans-serif;\">\u00a0<\/span><\/p>\n","protected":false},"excerpt":{"rendered":"<p>Este mes, emitimos la \u00faltima sesi\u00f3n de La Hora del Cuento desde Casa, la propuesta de animaci\u00f3n a la lectura, que desde la Concejal\u00eda de Cultura del M.I. Ayuntamiento de Caudete, a trav\u00e9s de la Biblioteca P.M. Ana Mar\u00eda Matute, hemos desarrollado de forma virtual. \u201cLa hora del cuento desde casa\u201d, es una propuesta de &hellip;<\/p>\n","protected":false},"author":2,"featured_media":14742,"comment_status":"closed","ping_status":"open","sticky":false,"template":"","format":"standard","meta":{"ngg_post_thumbnail":0,"footnotes":""},"categories":[14],"tags":[658,657,659],"class_list":["post-14739","post","type-post","status-publish","format-standard","has-post-thumbnail","hentry","category-cultura","tag-club-de-lectura","tag-la-hora-del-cuento-desde-casa","tag-olvidado-rey-gudu"],"yoast_head":"<!-- This site is optimized with the Yoast SEO plugin v27.5 - https:\/\/yoast.com\/product\/yoast-seo-wordpress\/ -->\n<title>\u00daltima sesi\u00f3n de LA HORA DEL CUENTO, DESDE CASA - MI Ayuntamiento de Caudete<\/title>\n<meta name=\"description\" content=\"P\u00e1gina Oficial del Ayuntamiento de Caudete (Albacete)\" \/>\n<meta name=\"robots\" content=\"index, follow, max-snippet:-1, max-image-preview:large, max-video-preview:-1\" \/>\n<link rel=\"canonical\" href=\"https:\/\/www.caudete.org\/ayuntamiento\/ultima-sesion-de-la-hora-del-cuento-desde-casa\/\" \/>\n<meta property=\"og:locale\" content=\"es_ES\" \/>\n<meta property=\"og:type\" content=\"article\" \/>\n<meta property=\"og:title\" content=\"\u00daltima sesi\u00f3n de LA HORA DEL CUENTO, DESDE CASA - MI Ayuntamiento de Caudete\" \/>\n<meta property=\"og:description\" content=\"P\u00e1gina Oficial del Ayuntamiento de Caudete (Albacete)\" \/>\n<meta property=\"og:url\" content=\"https:\/\/www.caudete.org\/ayuntamiento\/ultima-sesion-de-la-hora-del-cuento-desde-casa\/\" \/>\n<meta property=\"og:site_name\" content=\"MI Ayuntamiento de Caudete\" \/>\n<meta property=\"article:publisher\" content=\"https:\/\/www.facebook.com\/ayuntamientocaudete\/\" \/>\n<meta property=\"article:published_time\" content=\"2021-06-04T06:55:33+00:00\" \/>\n<meta property=\"article:modified_time\" content=\"2021-06-04T17:20:21+00:00\" \/>\n<meta property=\"og:image\" content=\"https:\/\/www.caudete.org\/ayuntamiento\/wp-content\/uploads\/2021\/06\/La-hora-del-cuento-Web.jpg\" \/>\n\t<meta property=\"og:image:width\" content=\"864\" \/>\n\t<meta property=\"og:image:height\" content=\"380\" \/>\n\t<meta property=\"og:image:type\" content=\"image\/jpeg\" \/>\n<meta name=\"author\" content=\"Juan\" \/>\n<meta name=\"twitter:card\" content=\"summary_large_image\" \/>\n<meta name=\"twitter:label1\" content=\"Escrito por\" \/>\n\t<meta name=\"twitter:data1\" content=\"Juan\" \/>\n\t<meta name=\"twitter:label2\" content=\"Tiempo de lectura\" \/>\n\t<meta name=\"twitter:data2\" content=\"2 minutos\" \/>\n<script type=\"application\/ld+json\" class=\"yoast-schema-graph\">{\"@context\":\"https:\\\/\\\/schema.org\",\"@graph\":[{\"@type\":\"Article\",\"@id\":\"https:\\\/\\\/www.caudete.org\\\/ayuntamiento\\\/ultima-sesion-de-la-hora-del-cuento-desde-casa\\\/#article\",\"isPartOf\":{\"@id\":\"https:\\\/\\\/www.caudete.org\\\/ayuntamiento\\\/ultima-sesion-de-la-hora-del-cuento-desde-casa\\\/\"},\"author\":{\"name\":\"Juan\",\"@id\":\"https:\\\/\\\/www.caudete.org\\\/ayuntamiento\\\/#\\\/schema\\\/person\\\/7656a5bb58fca95b9814e940de0fda63\"},\"headline\":\"\u00daltima sesi\u00f3n de LA HORA DEL CUENTO, DESDE CASA\",\"datePublished\":\"2021-06-04T06:55:33+00:00\",\"dateModified\":\"2021-06-04T17:20:21+00:00\",\"mainEntityOfPage\":{\"@id\":\"https:\\\/\\\/www.caudete.org\\\/ayuntamiento\\\/ultima-sesion-de-la-hora-del-cuento-desde-casa\\\/\"},\"wordCount\":363,\"publisher\":{\"@id\":\"https:\\\/\\\/www.caudete.org\\\/ayuntamiento\\\/#organization\"},\"image\":{\"@id\":\"https:\\\/\\\/www.caudete.org\\\/ayuntamiento\\\/ultima-sesion-de-la-hora-del-cuento-desde-casa\\\/#primaryimage\"},\"thumbnailUrl\":\"https:\\\/\\\/www.caudete.org\\\/ayuntamiento\\\/wp-content\\\/uploads\\\/2021\\\/06\\\/La-hora-del-cuento-Web.jpg\",\"keywords\":[\"Club de lectura\",\"La hora del cuento desde casa\",\"Olvidado Rey Gud\u00fa\"],\"articleSection\":[\"Cultura\"],\"inLanguage\":\"es\"},{\"@type\":\"WebPage\",\"@id\":\"https:\\\/\\\/www.caudete.org\\\/ayuntamiento\\\/ultima-sesion-de-la-hora-del-cuento-desde-casa\\\/\",\"url\":\"https:\\\/\\\/www.caudete.org\\\/ayuntamiento\\\/ultima-sesion-de-la-hora-del-cuento-desde-casa\\\/\",\"name\":\"\u00daltima sesi\u00f3n de LA HORA DEL CUENTO, DESDE CASA - MI Ayuntamiento de Caudete\",\"isPartOf\":{\"@id\":\"https:\\\/\\\/www.caudete.org\\\/ayuntamiento\\\/#website\"},\"primaryImageOfPage\":{\"@id\":\"https:\\\/\\\/www.caudete.org\\\/ayuntamiento\\\/ultima-sesion-de-la-hora-del-cuento-desde-casa\\\/#primaryimage\"},\"image\":{\"@id\":\"https:\\\/\\\/www.caudete.org\\\/ayuntamiento\\\/ultima-sesion-de-la-hora-del-cuento-desde-casa\\\/#primaryimage\"},\"thumbnailUrl\":\"https:\\\/\\\/www.caudete.org\\\/ayuntamiento\\\/wp-content\\\/uploads\\\/2021\\\/06\\\/La-hora-del-cuento-Web.jpg\",\"datePublished\":\"2021-06-04T06:55:33+00:00\",\"dateModified\":\"2021-06-04T17:20:21+00:00\",\"description\":\"P\u00e1gina Oficial del Ayuntamiento de Caudete (Albacete)\",\"breadcrumb\":{\"@id\":\"https:\\\/\\\/www.caudete.org\\\/ayuntamiento\\\/ultima-sesion-de-la-hora-del-cuento-desde-casa\\\/#breadcrumb\"},\"inLanguage\":\"es\",\"potentialAction\":[{\"@type\":\"ReadAction\",\"target\":[\"https:\\\/\\\/www.caudete.org\\\/ayuntamiento\\\/ultima-sesion-de-la-hora-del-cuento-desde-casa\\\/\"]}]},{\"@type\":\"ImageObject\",\"inLanguage\":\"es\",\"@id\":\"https:\\\/\\\/www.caudete.org\\\/ayuntamiento\\\/ultima-sesion-de-la-hora-del-cuento-desde-casa\\\/#primaryimage\",\"url\":\"https:\\\/\\\/www.caudete.org\\\/ayuntamiento\\\/wp-content\\\/uploads\\\/2021\\\/06\\\/La-hora-del-cuento-Web.jpg\",\"contentUrl\":\"https:\\\/\\\/www.caudete.org\\\/ayuntamiento\\\/wp-content\\\/uploads\\\/2021\\\/06\\\/La-hora-del-cuento-Web.jpg\",\"width\":864,\"height\":380},{\"@type\":\"BreadcrumbList\",\"@id\":\"https:\\\/\\\/www.caudete.org\\\/ayuntamiento\\\/ultima-sesion-de-la-hora-del-cuento-desde-casa\\\/#breadcrumb\",\"itemListElement\":[{\"@type\":\"ListItem\",\"position\":1,\"name\":\"Inicio\",\"item\":\"https:\\\/\\\/www.caudete.org\\\/ayuntamiento\\\/\"},{\"@type\":\"ListItem\",\"position\":2,\"name\":\"\u00daltima sesi\u00f3n de LA HORA DEL CUENTO, DESDE CASA\"}]},{\"@type\":\"WebSite\",\"@id\":\"https:\\\/\\\/www.caudete.org\\\/ayuntamiento\\\/#website\",\"url\":\"https:\\\/\\\/www.caudete.org\\\/ayuntamiento\\\/\",\"name\":\"MI Ayuntamiento de Caudete\",\"description\":\"P\u00e1gina Oficial del MI Ayuntamiento de Caudete\",\"publisher\":{\"@id\":\"https:\\\/\\\/www.caudete.org\\\/ayuntamiento\\\/#organization\"},\"potentialAction\":[{\"@type\":\"SearchAction\",\"target\":{\"@type\":\"EntryPoint\",\"urlTemplate\":\"https:\\\/\\\/www.caudete.org\\\/ayuntamiento\\\/?s={search_term_string}\"},\"query-input\":{\"@type\":\"PropertyValueSpecification\",\"valueRequired\":true,\"valueName\":\"search_term_string\"}}],\"inLanguage\":\"es\"},{\"@type\":\"Organization\",\"@id\":\"https:\\\/\\\/www.caudete.org\\\/ayuntamiento\\\/#organization\",\"name\":\"Ayuntamiento de Caudete\",\"url\":\"https:\\\/\\\/www.caudete.org\\\/ayuntamiento\\\/\",\"logo\":{\"@type\":\"ImageObject\",\"inLanguage\":\"es\",\"@id\":\"https:\\\/\\\/www.caudete.org\\\/ayuntamiento\\\/#\\\/schema\\\/logo\\\/image\\\/\",\"url\":\"https:\\\/\\\/www.caudete.org\\\/ayuntamiento\\\/wp-content\\\/uploads\\\/2020\\\/11\\\/logo_ayuntamiento_caudete.jpg\",\"contentUrl\":\"https:\\\/\\\/www.caudete.org\\\/ayuntamiento\\\/wp-content\\\/uploads\\\/2020\\\/11\\\/logo_ayuntamiento_caudete.jpg\",\"width\":600,\"height\":150,\"caption\":\"Ayuntamiento de Caudete\"},\"image\":{\"@id\":\"https:\\\/\\\/www.caudete.org\\\/ayuntamiento\\\/#\\\/schema\\\/logo\\\/image\\\/\"},\"sameAs\":[\"https:\\\/\\\/www.facebook.com\\\/ayuntamientocaudete\\\/\",\"https:\\\/\\\/www.youtube.com\\\/channel\\\/UC6VztHaooNsGpw-tNoBEFnQ\"]},{\"@type\":\"Person\",\"@id\":\"https:\\\/\\\/www.caudete.org\\\/ayuntamiento\\\/#\\\/schema\\\/person\\\/7656a5bb58fca95b9814e940de0fda63\",\"name\":\"Juan\",\"image\":{\"@type\":\"ImageObject\",\"inLanguage\":\"es\",\"@id\":\"https:\\\/\\\/secure.gravatar.com\\\/avatar\\\/dd53e51c0cd6ab23f52d4f3e4f1c59730240727763de3dbbf26750b079a2c292?s=96&d=mm&r=g\",\"url\":\"https:\\\/\\\/secure.gravatar.com\\\/avatar\\\/dd53e51c0cd6ab23f52d4f3e4f1c59730240727763de3dbbf26750b079a2c292?s=96&d=mm&r=g\",\"contentUrl\":\"https:\\\/\\\/secure.gravatar.com\\\/avatar\\\/dd53e51c0cd6ab23f52d4f3e4f1c59730240727763de3dbbf26750b079a2c292?s=96&d=mm&r=g\",\"caption\":\"Juan\"},\"url\":\"https:\\\/\\\/www.caudete.org\\\/ayuntamiento\\\/author\\\/centrodeinternet\\\/\"}]}<\/script>\n<!-- \/ Yoast SEO plugin. -->","yoast_head_json":{"title":"\u00daltima sesi\u00f3n de LA HORA DEL CUENTO, DESDE CASA - MI Ayuntamiento de Caudete","description":"P\u00e1gina Oficial del Ayuntamiento de Caudete (Albacete)","robots":{"index":"index","follow":"follow","max-snippet":"max-snippet:-1","max-image-preview":"max-image-preview:large","max-video-preview":"max-video-preview:-1"},"canonical":"https:\/\/www.caudete.org\/ayuntamiento\/ultima-sesion-de-la-hora-del-cuento-desde-casa\/","og_locale":"es_ES","og_type":"article","og_title":"\u00daltima sesi\u00f3n de LA HORA DEL CUENTO, DESDE CASA - MI Ayuntamiento de Caudete","og_description":"P\u00e1gina Oficial del Ayuntamiento de Caudete (Albacete)","og_url":"https:\/\/www.caudete.org\/ayuntamiento\/ultima-sesion-de-la-hora-del-cuento-desde-casa\/","og_site_name":"MI Ayuntamiento de Caudete","article_publisher":"https:\/\/www.facebook.com\/ayuntamientocaudete\/","article_published_time":"2021-06-04T06:55:33+00:00","article_modified_time":"2021-06-04T17:20:21+00:00","og_image":[{"width":864,"height":380,"url":"https:\/\/www.caudete.org\/ayuntamiento\/wp-content\/uploads\/2021\/06\/La-hora-del-cuento-Web.jpg","type":"image\/jpeg"}],"author":"Juan","twitter_card":"summary_large_image","twitter_misc":{"Escrito por":"Juan","Tiempo de lectura":"2 minutos"},"schema":{"@context":"https:\/\/schema.org","@graph":[{"@type":"Article","@id":"https:\/\/www.caudete.org\/ayuntamiento\/ultima-sesion-de-la-hora-del-cuento-desde-casa\/#article","isPartOf":{"@id":"https:\/\/www.caudete.org\/ayuntamiento\/ultima-sesion-de-la-hora-del-cuento-desde-casa\/"},"author":{"name":"Juan","@id":"https:\/\/www.caudete.org\/ayuntamiento\/#\/schema\/person\/7656a5bb58fca95b9814e940de0fda63"},"headline":"\u00daltima sesi\u00f3n de LA HORA DEL CUENTO, DESDE CASA","datePublished":"2021-06-04T06:55:33+00:00","dateModified":"2021-06-04T17:20:21+00:00","mainEntityOfPage":{"@id":"https:\/\/www.caudete.org\/ayuntamiento\/ultima-sesion-de-la-hora-del-cuento-desde-casa\/"},"wordCount":363,"publisher":{"@id":"https:\/\/www.caudete.org\/ayuntamiento\/#organization"},"image":{"@id":"https:\/\/www.caudete.org\/ayuntamiento\/ultima-sesion-de-la-hora-del-cuento-desde-casa\/#primaryimage"},"thumbnailUrl":"https:\/\/www.caudete.org\/ayuntamiento\/wp-content\/uploads\/2021\/06\/La-hora-del-cuento-Web.jpg","keywords":["Club de lectura","La hora del cuento desde casa","Olvidado Rey Gud\u00fa"],"articleSection":["Cultura"],"inLanguage":"es"},{"@type":"WebPage","@id":"https:\/\/www.caudete.org\/ayuntamiento\/ultima-sesion-de-la-hora-del-cuento-desde-casa\/","url":"https:\/\/www.caudete.org\/ayuntamiento\/ultima-sesion-de-la-hora-del-cuento-desde-casa\/","name":"\u00daltima sesi\u00f3n de LA HORA DEL CUENTO, DESDE CASA - MI Ayuntamiento de Caudete","isPartOf":{"@id":"https:\/\/www.caudete.org\/ayuntamiento\/#website"},"primaryImageOfPage":{"@id":"https:\/\/www.caudete.org\/ayuntamiento\/ultima-sesion-de-la-hora-del-cuento-desde-casa\/#primaryimage"},"image":{"@id":"https:\/\/www.caudete.org\/ayuntamiento\/ultima-sesion-de-la-hora-del-cuento-desde-casa\/#primaryimage"},"thumbnailUrl":"https:\/\/www.caudete.org\/ayuntamiento\/wp-content\/uploads\/2021\/06\/La-hora-del-cuento-Web.jpg","datePublished":"2021-06-04T06:55:33+00:00","dateModified":"2021-06-04T17:20:21+00:00","description":"P\u00e1gina Oficial del Ayuntamiento de Caudete (Albacete)","breadcrumb":{"@id":"https:\/\/www.caudete.org\/ayuntamiento\/ultima-sesion-de-la-hora-del-cuento-desde-casa\/#breadcrumb"},"inLanguage":"es","potentialAction":[{"@type":"ReadAction","target":["https:\/\/www.caudete.org\/ayuntamiento\/ultima-sesion-de-la-hora-del-cuento-desde-casa\/"]}]},{"@type":"ImageObject","inLanguage":"es","@id":"https:\/\/www.caudete.org\/ayuntamiento\/ultima-sesion-de-la-hora-del-cuento-desde-casa\/#primaryimage","url":"https:\/\/www.caudete.org\/ayuntamiento\/wp-content\/uploads\/2021\/06\/La-hora-del-cuento-Web.jpg","contentUrl":"https:\/\/www.caudete.org\/ayuntamiento\/wp-content\/uploads\/2021\/06\/La-hora-del-cuento-Web.jpg","width":864,"height":380},{"@type":"BreadcrumbList","@id":"https:\/\/www.caudete.org\/ayuntamiento\/ultima-sesion-de-la-hora-del-cuento-desde-casa\/#breadcrumb","itemListElement":[{"@type":"ListItem","position":1,"name":"Inicio","item":"https:\/\/www.caudete.org\/ayuntamiento\/"},{"@type":"ListItem","position":2,"name":"\u00daltima sesi\u00f3n de LA HORA DEL CUENTO, DESDE CASA"}]},{"@type":"WebSite","@id":"https:\/\/www.caudete.org\/ayuntamiento\/#website","url":"https:\/\/www.caudete.org\/ayuntamiento\/","name":"MI Ayuntamiento de Caudete","description":"P\u00e1gina Oficial del MI Ayuntamiento de Caudete","publisher":{"@id":"https:\/\/www.caudete.org\/ayuntamiento\/#organization"},"potentialAction":[{"@type":"SearchAction","target":{"@type":"EntryPoint","urlTemplate":"https:\/\/www.caudete.org\/ayuntamiento\/?s={search_term_string}"},"query-input":{"@type":"PropertyValueSpecification","valueRequired":true,"valueName":"search_term_string"}}],"inLanguage":"es"},{"@type":"Organization","@id":"https:\/\/www.caudete.org\/ayuntamiento\/#organization","name":"Ayuntamiento de Caudete","url":"https:\/\/www.caudete.org\/ayuntamiento\/","logo":{"@type":"ImageObject","inLanguage":"es","@id":"https:\/\/www.caudete.org\/ayuntamiento\/#\/schema\/logo\/image\/","url":"https:\/\/www.caudete.org\/ayuntamiento\/wp-content\/uploads\/2020\/11\/logo_ayuntamiento_caudete.jpg","contentUrl":"https:\/\/www.caudete.org\/ayuntamiento\/wp-content\/uploads\/2020\/11\/logo_ayuntamiento_caudete.jpg","width":600,"height":150,"caption":"Ayuntamiento de Caudete"},"image":{"@id":"https:\/\/www.caudete.org\/ayuntamiento\/#\/schema\/logo\/image\/"},"sameAs":["https:\/\/www.facebook.com\/ayuntamientocaudete\/","https:\/\/www.youtube.com\/channel\/UC6VztHaooNsGpw-tNoBEFnQ"]},{"@type":"Person","@id":"https:\/\/www.caudete.org\/ayuntamiento\/#\/schema\/person\/7656a5bb58fca95b9814e940de0fda63","name":"Juan","image":{"@type":"ImageObject","inLanguage":"es","@id":"https:\/\/secure.gravatar.com\/avatar\/dd53e51c0cd6ab23f52d4f3e4f1c59730240727763de3dbbf26750b079a2c292?s=96&d=mm&r=g","url":"https:\/\/secure.gravatar.com\/avatar\/dd53e51c0cd6ab23f52d4f3e4f1c59730240727763de3dbbf26750b079a2c292?s=96&d=mm&r=g","contentUrl":"https:\/\/secure.gravatar.com\/avatar\/dd53e51c0cd6ab23f52d4f3e4f1c59730240727763de3dbbf26750b079a2c292?s=96&d=mm&r=g","caption":"Juan"},"url":"https:\/\/www.caudete.org\/ayuntamiento\/author\/centrodeinternet\/"}]}},"_links":{"self":[{"href":"https:\/\/www.caudete.org\/ayuntamiento\/wp-json\/wp\/v2\/posts\/14739","targetHints":{"allow":["GET"]}}],"collection":[{"href":"https:\/\/www.caudete.org\/ayuntamiento\/wp-json\/wp\/v2\/posts"}],"about":[{"href":"https:\/\/www.caudete.org\/ayuntamiento\/wp-json\/wp\/v2\/types\/post"}],"author":[{"embeddable":true,"href":"https:\/\/www.caudete.org\/ayuntamiento\/wp-json\/wp\/v2\/users\/2"}],"replies":[{"embeddable":true,"href":"https:\/\/www.caudete.org\/ayuntamiento\/wp-json\/wp\/v2\/comments?post=14739"}],"version-history":[{"count":9,"href":"https:\/\/www.caudete.org\/ayuntamiento\/wp-json\/wp\/v2\/posts\/14739\/revisions"}],"predecessor-version":[{"id":14752,"href":"https:\/\/www.caudete.org\/ayuntamiento\/wp-json\/wp\/v2\/posts\/14739\/revisions\/14752"}],"wp:featuredmedia":[{"embeddable":true,"href":"https:\/\/www.caudete.org\/ayuntamiento\/wp-json\/wp\/v2\/media\/14742"}],"wp:attachment":[{"href":"https:\/\/www.caudete.org\/ayuntamiento\/wp-json\/wp\/v2\/media?parent=14739"}],"wp:term":[{"taxonomy":"category","embeddable":true,"href":"https:\/\/www.caudete.org\/ayuntamiento\/wp-json\/wp\/v2\/categories?post=14739"},{"taxonomy":"post_tag","embeddable":true,"href":"https:\/\/www.caudete.org\/ayuntamiento\/wp-json\/wp\/v2\/tags?post=14739"}],"curies":[{"name":"wp","href":"https:\/\/api.w.org\/{rel}","templated":true}]}}