{"id":14753,"date":"2021-06-07T10:58:03","date_gmt":"2021-06-07T08:58:03","guid":{"rendered":"https:\/\/www.caudete.org\/ayuntamiento\/?p=14753"},"modified":"2021-06-07T10:58:59","modified_gmt":"2021-06-07T08:58:59","slug":"el-plan52-de-patrimonio-estara-activo-hasta-diciembre","status":"publish","type":"post","link":"https:\/\/www.caudete.org\/ayuntamiento\/el-plan52-de-patrimonio-estara-activo-hasta-diciembre\/","title":{"rendered":"El Plan+52 de Patrimonio estar\u00e1 activo hasta Diciembre"},"content":{"rendered":"<p style=\"text-align: justify;\">La pasada semana daba comienzo el cuarto de los cinco proyectos del Plan Empleo +52 del presente a\u00f1o 2021 que el Ayuntamiento de Caudete solicit\u00f3 a la JCCM. En esta ocasi\u00f3n, con dos empleados el objeto es la &#8220;Puesta en valor y difusi\u00f3n del Patrimonio Hist\u00f3rico-Art\u00edstico&#8221;.<\/p>\n<p><img fetchpriority=\"high\" decoding=\"async\" class=\"alignnone size-medium wp-image-14754 aligncenter\" src=\"https:\/\/www.caudete.org\/ayuntamiento\/wp-content\/uploads\/2021\/06\/WhatsApp-Image-2021-06-07-at-08.45.57-1-300x225.jpeg\" alt=\"\" width=\"300\" height=\"225\" srcset=\"https:\/\/www.caudete.org\/ayuntamiento\/wp-content\/uploads\/2021\/06\/WhatsApp-Image-2021-06-07-at-08.45.57-1-300x225.jpeg 300w, https:\/\/www.caudete.org\/ayuntamiento\/wp-content\/uploads\/2021\/06\/WhatsApp-Image-2021-06-07-at-08.45.57-1-1024x768.jpeg 1024w, https:\/\/www.caudete.org\/ayuntamiento\/wp-content\/uploads\/2021\/06\/WhatsApp-Image-2021-06-07-at-08.45.57-1-768x576.jpeg 768w, https:\/\/www.caudete.org\/ayuntamiento\/wp-content\/uploads\/2021\/06\/WhatsApp-Image-2021-06-07-at-08.45.57-1-1536x1152.jpeg 1536w, https:\/\/www.caudete.org\/ayuntamiento\/wp-content\/uploads\/2021\/06\/WhatsApp-Image-2021-06-07-at-08.45.57-1.jpeg 2048w\" sizes=\"(max-width: 300px) 100vw, 300px\" \/><\/p>\n<p style=\"text-align: justify;\">El proyecto ha dado comienzo por el <em>Molino de San Ant\u00f3n<\/em>, donde van a realizar labores de acondicionamiento en general. Alternar\u00e1n el lugar de trabajo con diferentes actuaciones como peonaje de apoyo en excavaci\u00f3n arqueol\u00f3gica y en obra.<\/p>\n<p style=\"text-align: justify;\">Diego Cuenca, Concejal de Patrimonio Hist\u00f3rico, estuvo visitando el inicio de los trabajos donde destac\u00f3 el trabajo que se est\u00e1 desarrollando en la presente legislatura para recuperar el patrimonio hist\u00f3rico que precisa de la atenci\u00f3n e inversi\u00f3n p\u00fablica.<\/p>\n","protected":false},"excerpt":{"rendered":"<p>La pasada semana daba comienzo el cuarto de los cinco proyectos del Plan Empleo +52 del presente a\u00f1o 2021 que el Ayuntamiento de Caudete solicit\u00f3 a la JCCM. En esta ocasi\u00f3n, con dos empleados el objeto es la &#8220;Puesta en valor y difusi\u00f3n del Patrimonio Hist\u00f3rico-Art\u00edstico&#8221;. El proyecto ha dado comienzo por el Molino de &hellip;<\/p>\n","protected":false},"author":3,"featured_media":14755,"comment_status":"closed","ping_status":"open","sticky":false,"template":"","format":"standard","meta":{"ngg_post_thumbnail":0,"footnotes":""},"categories":[45],"tags":[],"class_list":["post-14753","post","type-post","status-publish","format-standard","has-post-thumbnail","hentry","category-patrimonio"],"yoast_head":"<!-- This site is optimized with the Yoast SEO plugin v27.5 - https:\/\/yoast.com\/product\/yoast-seo-wordpress\/ -->\n<title>El Plan+52 de Patrimonio estar\u00e1 activo hasta Diciembre - MI Ayuntamiento de Caudete<\/title>\n<meta name=\"description\" content=\"P\u00e1gina Oficial del Ayuntamiento de Caudete (Albacete)\" \/>\n<meta name=\"robots\" content=\"index, follow, max-snippet:-1, max-image-preview:large, max-video-preview:-1\" \/>\n<link rel=\"canonical\" href=\"https:\/\/www.caudete.org\/ayuntamiento\/el-plan52-de-patrimonio-estara-activo-hasta-diciembre\/\" \/>\n<meta property=\"og:locale\" content=\"es_ES\" \/>\n<meta property=\"og:type\" content=\"article\" \/>\n<meta property=\"og:title\" content=\"El Plan+52 de Patrimonio estar\u00e1 activo hasta Diciembre - MI Ayuntamiento de Caudete\" \/>\n<meta property=\"og:description\" content=\"P\u00e1gina Oficial del Ayuntamiento de Caudete (Albacete)\" \/>\n<meta property=\"og:url\" content=\"https:\/\/www.caudete.org\/ayuntamiento\/el-plan52-de-patrimonio-estara-activo-hasta-diciembre\/\" \/>\n<meta property=\"og:site_name\" content=\"MI Ayuntamiento de Caudete\" \/>\n<meta property=\"article:publisher\" content=\"https:\/\/www.facebook.com\/ayuntamientocaudete\/\" \/>\n<meta property=\"article:published_time\" content=\"2021-06-07T08:58:03+00:00\" \/>\n<meta property=\"article:modified_time\" content=\"2021-06-07T08:58:59+00:00\" \/>\n<meta property=\"og:image\" content=\"https:\/\/www.caudete.org\/ayuntamiento\/wp-content\/uploads\/2021\/06\/WhatsApp-Image-2021-06-07-at-08.45.57.jpeg\" \/>\n\t<meta property=\"og:image:width\" content=\"2048\" \/>\n\t<meta property=\"og:image:height\" content=\"1536\" \/>\n\t<meta property=\"og:image:type\" content=\"image\/jpeg\" \/>\n<meta name=\"author\" content=\"alcalde\" \/>\n<meta name=\"twitter:card\" content=\"summary_large_image\" \/>\n<meta name=\"twitter:label1\" content=\"Escrito por\" \/>\n\t<meta name=\"twitter:data1\" content=\"alcalde\" \/>\n\t<meta name=\"twitter:label2\" content=\"Tiempo de lectura\" \/>\n\t<meta name=\"twitter:data2\" content=\"1 minuto\" \/>\n<script type=\"application\/ld+json\" class=\"yoast-schema-graph\">{\"@context\":\"https:\\\/\\\/schema.org\",\"@graph\":[{\"@type\":\"Article\",\"@id\":\"https:\\\/\\\/www.caudete.org\\\/ayuntamiento\\\/el-plan52-de-patrimonio-estara-activo-hasta-diciembre\\\/#article\",\"isPartOf\":{\"@id\":\"https:\\\/\\\/www.caudete.org\\\/ayuntamiento\\\/el-plan52-de-patrimonio-estara-activo-hasta-diciembre\\\/\"},\"author\":{\"name\":\"alcalde\",\"@id\":\"https:\\\/\\\/www.caudete.org\\\/ayuntamiento\\\/#\\\/schema\\\/person\\\/cc646da9133078ee4d8dd47457947253\"},\"headline\":\"El Plan+52 de Patrimonio estar\u00e1 activo hasta Diciembre\",\"datePublished\":\"2021-06-07T08:58:03+00:00\",\"dateModified\":\"2021-06-07T08:58:59+00:00\",\"mainEntityOfPage\":{\"@id\":\"https:\\\/\\\/www.caudete.org\\\/ayuntamiento\\\/el-plan52-de-patrimonio-estara-activo-hasta-diciembre\\\/\"},\"wordCount\":142,\"image\":{\"@id\":\"https:\\\/\\\/www.caudete.org\\\/ayuntamiento\\\/el-plan52-de-patrimonio-estara-activo-hasta-diciembre\\\/#primaryimage\"},\"thumbnailUrl\":\"https:\\\/\\\/www.caudete.org\\\/ayuntamiento\\\/wp-content\\\/uploads\\\/2021\\\/06\\\/WhatsApp-Image-2021-06-07-at-08.45.57.jpeg\",\"articleSection\":[\"Patrimonio\"],\"inLanguage\":\"es\"},{\"@type\":\"WebPage\",\"@id\":\"https:\\\/\\\/www.caudete.org\\\/ayuntamiento\\\/el-plan52-de-patrimonio-estara-activo-hasta-diciembre\\\/\",\"url\":\"https:\\\/\\\/www.caudete.org\\\/ayuntamiento\\\/el-plan52-de-patrimonio-estara-activo-hasta-diciembre\\\/\",\"name\":\"El Plan+52 de Patrimonio estar\u00e1 activo hasta Diciembre - MI Ayuntamiento de Caudete\",\"isPartOf\":{\"@id\":\"https:\\\/\\\/www.caudete.org\\\/ayuntamiento\\\/#website\"},\"primaryImageOfPage\":{\"@id\":\"https:\\\/\\\/www.caudete.org\\\/ayuntamiento\\\/el-plan52-de-patrimonio-estara-activo-hasta-diciembre\\\/#primaryimage\"},\"image\":{\"@id\":\"https:\\\/\\\/www.caudete.org\\\/ayuntamiento\\\/el-plan52-de-patrimonio-estara-activo-hasta-diciembre\\\/#primaryimage\"},\"thumbnailUrl\":\"https:\\\/\\\/www.caudete.org\\\/ayuntamiento\\\/wp-content\\\/uploads\\\/2021\\\/06\\\/WhatsApp-Image-2021-06-07-at-08.45.57.jpeg\",\"datePublished\":\"2021-06-07T08:58:03+00:00\",\"dateModified\":\"2021-06-07T08:58:59+00:00\",\"author\":{\"@id\":\"https:\\\/\\\/www.caudete.org\\\/ayuntamiento\\\/#\\\/schema\\\/person\\\/cc646da9133078ee4d8dd47457947253\"},\"description\":\"P\u00e1gina Oficial del Ayuntamiento de Caudete (Albacete)\",\"breadcrumb\":{\"@id\":\"https:\\\/\\\/www.caudete.org\\\/ayuntamiento\\\/el-plan52-de-patrimonio-estara-activo-hasta-diciembre\\\/#breadcrumb\"},\"inLanguage\":\"es\",\"potentialAction\":[{\"@type\":\"ReadAction\",\"target\":[\"https:\\\/\\\/www.caudete.org\\\/ayuntamiento\\\/el-plan52-de-patrimonio-estara-activo-hasta-diciembre\\\/\"]}]},{\"@type\":\"ImageObject\",\"inLanguage\":\"es\",\"@id\":\"https:\\\/\\\/www.caudete.org\\\/ayuntamiento\\\/el-plan52-de-patrimonio-estara-activo-hasta-diciembre\\\/#primaryimage\",\"url\":\"https:\\\/\\\/www.caudete.org\\\/ayuntamiento\\\/wp-content\\\/uploads\\\/2021\\\/06\\\/WhatsApp-Image-2021-06-07-at-08.45.57.jpeg\",\"contentUrl\":\"https:\\\/\\\/www.caudete.org\\\/ayuntamiento\\\/wp-content\\\/uploads\\\/2021\\\/06\\\/WhatsApp-Image-2021-06-07-at-08.45.57.jpeg\",\"width\":2048,\"height\":1536},{\"@type\":\"BreadcrumbList\",\"@id\":\"https:\\\/\\\/www.caudete.org\\\/ayuntamiento\\\/el-plan52-de-patrimonio-estara-activo-hasta-diciembre\\\/#breadcrumb\",\"itemListElement\":[{\"@type\":\"ListItem\",\"position\":1,\"name\":\"Inicio\",\"item\":\"https:\\\/\\\/www.caudete.org\\\/ayuntamiento\\\/\"},{\"@type\":\"ListItem\",\"position\":2,\"name\":\"El Plan+52 de Patrimonio estar\u00e1 activo hasta Diciembre\"}]},{\"@type\":\"WebSite\",\"@id\":\"https:\\\/\\\/www.caudete.org\\\/ayuntamiento\\\/#website\",\"url\":\"https:\\\/\\\/www.caudete.org\\\/ayuntamiento\\\/\",\"name\":\"MI Ayuntamiento de Caudete\",\"description\":\"P\u00e1gina Oficial del MI Ayuntamiento de Caudete\",\"potentialAction\":[{\"@type\":\"SearchAction\",\"target\":{\"@type\":\"EntryPoint\",\"urlTemplate\":\"https:\\\/\\\/www.caudete.org\\\/ayuntamiento\\\/?s={search_term_string}\"},\"query-input\":{\"@type\":\"PropertyValueSpecification\",\"valueRequired\":true,\"valueName\":\"search_term_string\"}}],\"inLanguage\":\"es\"},{\"@type\":\"Person\",\"@id\":\"https:\\\/\\\/www.caudete.org\\\/ayuntamiento\\\/#\\\/schema\\\/person\\\/cc646da9133078ee4d8dd47457947253\",\"name\":\"alcalde\",\"image\":{\"@type\":\"ImageObject\",\"inLanguage\":\"es\",\"@id\":\"https:\\\/\\\/secure.gravatar.com\\\/avatar\\\/84a817ba065b29ff08d666b215a215f5c79186a645ccb25b14a663d48a130f77?s=96&d=mm&r=g\",\"url\":\"https:\\\/\\\/secure.gravatar.com\\\/avatar\\\/84a817ba065b29ff08d666b215a215f5c79186a645ccb25b14a663d48a130f77?s=96&d=mm&r=g\",\"contentUrl\":\"https:\\\/\\\/secure.gravatar.com\\\/avatar\\\/84a817ba065b29ff08d666b215a215f5c79186a645ccb25b14a663d48a130f77?s=96&d=mm&r=g\",\"caption\":\"alcalde\"},\"url\":\"https:\\\/\\\/www.caudete.org\\\/ayuntamiento\\\/author\\\/alcalde\\\/\"}]}<\/script>\n<!-- \/ Yoast SEO plugin. -->","yoast_head_json":{"title":"El Plan+52 de Patrimonio estar\u00e1 activo hasta Diciembre - MI Ayuntamiento de Caudete","description":"P\u00e1gina Oficial del Ayuntamiento de Caudete (Albacete)","robots":{"index":"index","follow":"follow","max-snippet":"max-snippet:-1","max-image-preview":"max-image-preview:large","max-video-preview":"max-video-preview:-1"},"canonical":"https:\/\/www.caudete.org\/ayuntamiento\/el-plan52-de-patrimonio-estara-activo-hasta-diciembre\/","og_locale":"es_ES","og_type":"article","og_title":"El Plan+52 de Patrimonio estar\u00e1 activo hasta Diciembre - MI Ayuntamiento de Caudete","og_description":"P\u00e1gina Oficial del Ayuntamiento de Caudete (Albacete)","og_url":"https:\/\/www.caudete.org\/ayuntamiento\/el-plan52-de-patrimonio-estara-activo-hasta-diciembre\/","og_site_name":"MI Ayuntamiento de Caudete","article_publisher":"https:\/\/www.facebook.com\/ayuntamientocaudete\/","article_published_time":"2021-06-07T08:58:03+00:00","article_modified_time":"2021-06-07T08:58:59+00:00","og_image":[{"width":2048,"height":1536,"url":"https:\/\/www.caudete.org\/ayuntamiento\/wp-content\/uploads\/2021\/06\/WhatsApp-Image-2021-06-07-at-08.45.57.jpeg","type":"image\/jpeg"}],"author":"alcalde","twitter_card":"summary_large_image","twitter_misc":{"Escrito por":"alcalde","Tiempo de lectura":"1 minuto"},"schema":{"@context":"https:\/\/schema.org","@graph":[{"@type":"Article","@id":"https:\/\/www.caudete.org\/ayuntamiento\/el-plan52-de-patrimonio-estara-activo-hasta-diciembre\/#article","isPartOf":{"@id":"https:\/\/www.caudete.org\/ayuntamiento\/el-plan52-de-patrimonio-estara-activo-hasta-diciembre\/"},"author":{"name":"alcalde","@id":"https:\/\/www.caudete.org\/ayuntamiento\/#\/schema\/person\/cc646da9133078ee4d8dd47457947253"},"headline":"El Plan+52 de Patrimonio estar\u00e1 activo hasta Diciembre","datePublished":"2021-06-07T08:58:03+00:00","dateModified":"2021-06-07T08:58:59+00:00","mainEntityOfPage":{"@id":"https:\/\/www.caudete.org\/ayuntamiento\/el-plan52-de-patrimonio-estara-activo-hasta-diciembre\/"},"wordCount":142,"image":{"@id":"https:\/\/www.caudete.org\/ayuntamiento\/el-plan52-de-patrimonio-estara-activo-hasta-diciembre\/#primaryimage"},"thumbnailUrl":"https:\/\/www.caudete.org\/ayuntamiento\/wp-content\/uploads\/2021\/06\/WhatsApp-Image-2021-06-07-at-08.45.57.jpeg","articleSection":["Patrimonio"],"inLanguage":"es"},{"@type":"WebPage","@id":"https:\/\/www.caudete.org\/ayuntamiento\/el-plan52-de-patrimonio-estara-activo-hasta-diciembre\/","url":"https:\/\/www.caudete.org\/ayuntamiento\/el-plan52-de-patrimonio-estara-activo-hasta-diciembre\/","name":"El Plan+52 de Patrimonio estar\u00e1 activo hasta Diciembre - MI Ayuntamiento de Caudete","isPartOf":{"@id":"https:\/\/www.caudete.org\/ayuntamiento\/#website"},"primaryImageOfPage":{"@id":"https:\/\/www.caudete.org\/ayuntamiento\/el-plan52-de-patrimonio-estara-activo-hasta-diciembre\/#primaryimage"},"image":{"@id":"https:\/\/www.caudete.org\/ayuntamiento\/el-plan52-de-patrimonio-estara-activo-hasta-diciembre\/#primaryimage"},"thumbnailUrl":"https:\/\/www.caudete.org\/ayuntamiento\/wp-content\/uploads\/2021\/06\/WhatsApp-Image-2021-06-07-at-08.45.57.jpeg","datePublished":"2021-06-07T08:58:03+00:00","dateModified":"2021-06-07T08:58:59+00:00","author":{"@id":"https:\/\/www.caudete.org\/ayuntamiento\/#\/schema\/person\/cc646da9133078ee4d8dd47457947253"},"description":"P\u00e1gina Oficial del Ayuntamiento de Caudete (Albacete)","breadcrumb":{"@id":"https:\/\/www.caudete.org\/ayuntamiento\/el-plan52-de-patrimonio-estara-activo-hasta-diciembre\/#breadcrumb"},"inLanguage":"es","potentialAction":[{"@type":"ReadAction","target":["https:\/\/www.caudete.org\/ayuntamiento\/el-plan52-de-patrimonio-estara-activo-hasta-diciembre\/"]}]},{"@type":"ImageObject","inLanguage":"es","@id":"https:\/\/www.caudete.org\/ayuntamiento\/el-plan52-de-patrimonio-estara-activo-hasta-diciembre\/#primaryimage","url":"https:\/\/www.caudete.org\/ayuntamiento\/wp-content\/uploads\/2021\/06\/WhatsApp-Image-2021-06-07-at-08.45.57.jpeg","contentUrl":"https:\/\/www.caudete.org\/ayuntamiento\/wp-content\/uploads\/2021\/06\/WhatsApp-Image-2021-06-07-at-08.45.57.jpeg","width":2048,"height":1536},{"@type":"BreadcrumbList","@id":"https:\/\/www.caudete.org\/ayuntamiento\/el-plan52-de-patrimonio-estara-activo-hasta-diciembre\/#breadcrumb","itemListElement":[{"@type":"ListItem","position":1,"name":"Inicio","item":"https:\/\/www.caudete.org\/ayuntamiento\/"},{"@type":"ListItem","position":2,"name":"El Plan+52 de Patrimonio estar\u00e1 activo hasta Diciembre"}]},{"@type":"WebSite","@id":"https:\/\/www.caudete.org\/ayuntamiento\/#website","url":"https:\/\/www.caudete.org\/ayuntamiento\/","name":"MI Ayuntamiento de Caudete","description":"P\u00e1gina Oficial del MI Ayuntamiento de Caudete","potentialAction":[{"@type":"SearchAction","target":{"@type":"EntryPoint","urlTemplate":"https:\/\/www.caudete.org\/ayuntamiento\/?s={search_term_string}"},"query-input":{"@type":"PropertyValueSpecification","valueRequired":true,"valueName":"search_term_string"}}],"inLanguage":"es"},{"@type":"Person","@id":"https:\/\/www.caudete.org\/ayuntamiento\/#\/schema\/person\/cc646da9133078ee4d8dd47457947253","name":"alcalde","image":{"@type":"ImageObject","inLanguage":"es","@id":"https:\/\/secure.gravatar.com\/avatar\/84a817ba065b29ff08d666b215a215f5c79186a645ccb25b14a663d48a130f77?s=96&d=mm&r=g","url":"https:\/\/secure.gravatar.com\/avatar\/84a817ba065b29ff08d666b215a215f5c79186a645ccb25b14a663d48a130f77?s=96&d=mm&r=g","contentUrl":"https:\/\/secure.gravatar.com\/avatar\/84a817ba065b29ff08d666b215a215f5c79186a645ccb25b14a663d48a130f77?s=96&d=mm&r=g","caption":"alcalde"},"url":"https:\/\/www.caudete.org\/ayuntamiento\/author\/alcalde\/"}]}},"_links":{"self":[{"href":"https:\/\/www.caudete.org\/ayuntamiento\/wp-json\/wp\/v2\/posts\/14753","targetHints":{"allow":["GET"]}}],"collection":[{"href":"https:\/\/www.caudete.org\/ayuntamiento\/wp-json\/wp\/v2\/posts"}],"about":[{"href":"https:\/\/www.caudete.org\/ayuntamiento\/wp-json\/wp\/v2\/types\/post"}],"author":[{"embeddable":true,"href":"https:\/\/www.caudete.org\/ayuntamiento\/wp-json\/wp\/v2\/users\/3"}],"replies":[{"embeddable":true,"href":"https:\/\/www.caudete.org\/ayuntamiento\/wp-json\/wp\/v2\/comments?post=14753"}],"version-history":[{"count":1,"href":"https:\/\/www.caudete.org\/ayuntamiento\/wp-json\/wp\/v2\/posts\/14753\/revisions"}],"predecessor-version":[{"id":14756,"href":"https:\/\/www.caudete.org\/ayuntamiento\/wp-json\/wp\/v2\/posts\/14753\/revisions\/14756"}],"wp:featuredmedia":[{"embeddable":true,"href":"https:\/\/www.caudete.org\/ayuntamiento\/wp-json\/wp\/v2\/media\/14755"}],"wp:attachment":[{"href":"https:\/\/www.caudete.org\/ayuntamiento\/wp-json\/wp\/v2\/media?parent=14753"}],"wp:term":[{"taxonomy":"category","embeddable":true,"href":"https:\/\/www.caudete.org\/ayuntamiento\/wp-json\/wp\/v2\/categories?post=14753"},{"taxonomy":"post_tag","embeddable":true,"href":"https:\/\/www.caudete.org\/ayuntamiento\/wp-json\/wp\/v2\/tags?post=14753"}],"curies":[{"name":"wp","href":"https:\/\/api.w.org\/{rel}","templated":true}]}}