{"id":14759,"date":"2021-06-07T10:56:26","date_gmt":"2021-06-07T08:56:26","guid":{"rendered":"https:\/\/www.caudete.org\/ayuntamiento\/?p=14759"},"modified":"2021-06-07T11:38:14","modified_gmt":"2021-06-07T09:38:14","slug":"abierta-la-convocatoria-de-tag-mediante-bolsa-de-trabajo","status":"publish","type":"post","link":"https:\/\/www.caudete.org\/ayuntamiento\/abierta-la-convocatoria-de-tag-mediante-bolsa-de-trabajo\/","title":{"rendered":"Abierta la Convocatoria de TAG mediante Bolsa de Trabajo"},"content":{"rendered":"<p style=\"text-align: justify;\">M\u00aa del Mar Requena, Concejal de Recursos Humanos adelantaba ha presentado esta ma\u00f1ana en la Sala de Prensa las Bases y Convocatoria que regir\u00e1n la Bolsa de Trabajo de TAG.<\/p>\n<p style=\"text-align: justify;\">El pasado mi\u00e9rcoles ya adelant\u00f3 que la publicaci\u00f3n de las Bases y Convocatoria ser\u00eda inminente, vista la necesidad y la posibilidad presupuestaria de realizarla. Ante dicha circunstancia, y una vez que los Departamentos de Secretar\u00eda General y Recursos Humanos finalizaron el expediente, el viernes era aprobado por unanimidad por la Junta de Gobierno Local.<\/p>\n<p style=\"text-align: justify;\">La Edil destacaba el car\u00e1cter urgente de la convocatoria, para la que se habilitan 5 d\u00edas h\u00e1biles para la presentaci\u00f3n de instancias, que da inicio en el d\u00eda de hoy, 7 de Junio, y finaliza el viernes d\u00eda 11 a las 23.59h.<\/p>\n<p>BASES:\u00a0<a href=\"https:\/\/caudete.sedipualba.es\/tablondeanuncios\/anuncio.aspx?id=30271\" target=\"_blank\" rel=\"nofollow\">https:\/\/caudete.sedipualba.es\/tablondeanuncios\/anuncio.aspx?id=30271<\/a><\/p>\n<p>&nbsp;<\/p>\n<p><b><u>\u00bfCu\u00e1l<\/u><\/b><strong><span style=\"text-decoration: underline;\">\u00a0es el objeto de la convocatoria?<\/span><\/strong><\/p>\n<p style=\"text-align: justify;\">Es el objeto de la presente convocatoria la creaci\u00f3n de una bolsa de trabajo de T\u00c9CNICO\/ A DE ADMINISTRACI\u00d3N<br \/>\nGENERAL (TAG) para futuros nombramientos, seg\u00fan las necesidades del Ayuntamiento, con car\u00e1cter de funcionario\/a interino y de duraci\u00f3n temporal.<\/p>\n<p style=\"text-align: justify;\">Esta bolsa podr\u00e1 utilizarse para la cobertura de todos los puestos que finalmente se configuren en la Relaci\u00f3n de Puestos de Trabajo o Cat\u00e1logo del Ayuntamiento de Caudete como aptos para ser cubiertos por funcionarios\/as de administraci\u00f3n general de la Subescala T\u00e9cnica Superior, subgrupo A1, es decir, puestos que tengan atribuido el desempe\u00f1o de funciones comunes al ejercicio de la actividad administrativa, de trabajo predominantemente burocr\u00e1tico, que realicen tareas de gesti\u00f3n, estudio y propuesta de car\u00e1cter administrativo de nivel superior, y que no<br \/>\ntengan atribuido el desempe\u00f1o de las funciones que constituyen el objeto peculiar de una carrera, profesi\u00f3n arte u oficio.<\/p>\n<p><span style=\"text-decoration: underline;\"><b><u>\u00bfCu\u00e1les<\/u><\/b><strong style=\"text-decoration-line: underline;\">\u00a0son los requisitos de acceso?<\/strong><\/span><\/p>\n<p style=\"text-align: justify;\">a) Tener nacionalidad espa\u00f1ola o ser ciudadano de cualquiera de los estados miembros de la Uni\u00f3n Europea o de aquellos estados en los que sea de aplicaci\u00f3n la libre circulaci\u00f3n de trabajadores.<\/p>\n<p style=\"text-align: justify;\">b) Tener cumplidos 16 a\u00f1os y no exceder, en su caso, de la edad m\u00e1xima de jubilaci\u00f3n forzosa.<\/p>\n<p style=\"text-align: justify;\">c) Estar en posesi\u00f3n de alguno de los siguientes t\u00edtulos acad\u00e9micos o en condiciones de obtenerlo en la fecha en que termine el plazo de presentaci\u00f3n de instancias: Licenciado, Ingeniero, Arquitecto o Grado, seg\u00fan lo previsto en la legislaci\u00f3n vigente para el ingreso en los cuerpos o escalas clasificados en el subgrupo A1.<\/p>\n<p style=\"text-align: justify;\">En todo caso la equivalencia deber\u00e1 se aportada por los aspirantes mediante la certificaci\u00f3n expedida a este efecto por la Administraci\u00f3n competente en cada caso.<\/p>\n<p style=\"text-align: justify;\">En caso de titulaciones obtenidas en el extranjero, se deber\u00e1 estar en posesi\u00f3n de la credencial que acredite su homologaci\u00f3n o, en su caso, del correspondiente certificado de equivalencia.<\/p>\n<p style=\"text-align: justify;\">d) Poseer la capacidad funcional para el desempe\u00f1o de las funciones del puesto. Quienes tengan la condici\u00f3n de discapacitados, deber\u00e1n acreditar la aptitud para el ejercicio de las funciones correspondientes a las plazas objeto de la presente convocatoria, mediante dictamen expedido, por un equipo interprofesional competente. En otro caso no ser\u00e1n admitidos a esta bolsa de trabajo.<\/p>\n<p style=\"text-align: justify;\">e) No haber sido separado mediante expediente disciplinario del servicio de ninguna administraci\u00f3n p\u00fablica, ni hallarse inhabilitado para el ejercicio de funciones p\u00fablicas. En el caso de ser nacional de otro Estado, no hallarse inhabilitado o en situaci\u00f3n equivalente ni haber sido sometido a sanci\u00f3n disciplinaria o equivalente que impida, en su Estado, en los mismos t\u00e9rminos el acceso al empleo p\u00fablico.<\/p>\n<p style=\"text-align: justify;\">f) No estar afectado por incompatibilidad o incapacidad alguna para prestar servicios en esta Administraci\u00f3n P\u00fablica de conformidad con lo establecido en las leyes.<\/p>\n<p>&nbsp;<\/p>\n<p><span style=\"text-decoration: underline;\"><b><u>\u00bfCu\u00e1l<\/u><\/b><strong style=\"text-decoration-line: underline;\">\u00a0es el procedimiento selectivo?<\/strong><\/span><\/p>\n<p style=\"text-align: justify;\">Constar\u00e1 de una \u00fanica fase: valoraci\u00f3n de los m\u00e9ritos que se realizar\u00e1 de acuerdo con el baremo establecido en las Bases. Los m\u00e9ritos deben alegarse (se relacionar\u00e1n todos) con la solicitud, no admiti\u00e9ndose como tales aquellos que no se hubieran obtenido con anterioridad a la fecha de finalizaci\u00f3n de presentaci\u00f3n de solicitudes. Se valorar\u00e1 (ver desarrollo en las Bases):<\/p>\n<p style=\"text-align: justify;\">1.- Experiencia o tiempo de servicio.<\/p>\n<p>2.- Ejercicios aprobados en pruebas selectivas para acceso para plazas de funcionario TAG subgrupo A1, o a plazas de<br \/>\nfuncionario de la administraci\u00f3n local con Habilitaci\u00f3n de Car\u00e1cter Nacional (FHN).<\/p>\n<p>3.- Otras titulaciones, M\u00e1ster y Doctorado, de car\u00e1cter oficial.<\/p>\n<p>4- Cursos.<\/p>\n<p>&nbsp;<\/p>\n<p style=\"text-align: justify;\"><span style=\"text-decoration: underline;\"><b><u>\u00bfC\u00f3mo<\/u><\/b><strong style=\"text-decoration-line: underline;\">\u00a0se obtiene la puntuaci\u00f3n?<\/strong><\/span><\/p>\n<p style=\"text-align: justify;\">La puntuaci\u00f3n definitiva y orden de la bolsa vendr\u00e1 determinado por la suma de las puntuaciones obtenidas en cada<br \/>\nuno de los apartados de la valoraci\u00f3n de m\u00e9ritos.<\/p>\n","protected":false},"excerpt":{"rendered":"<p>M\u00aa del Mar Requena, Concejal de Recursos Humanos adelantaba ha presentado esta ma\u00f1ana en la Sala de Prensa las Bases y Convocatoria que regir\u00e1n la Bolsa de Trabajo de TAG. El pasado mi\u00e9rcoles ya adelant\u00f3 que la publicaci\u00f3n de las Bases y Convocatoria ser\u00eda inminente, vista la necesidad y la posibilidad presupuestaria de realizarla. Ante &hellip;<\/p>\n","protected":false},"author":3,"featured_media":11875,"comment_status":"closed","ping_status":"open","sticky":false,"template":"","format":"standard","meta":{"ngg_post_thumbnail":0,"footnotes":""},"categories":[33],"tags":[],"class_list":["post-14759","post","type-post","status-publish","format-standard","has-post-thumbnail","hentry","category-recursos-humanos"],"yoast_head":"<!-- This site is optimized with the Yoast SEO plugin v27.5 - https:\/\/yoast.com\/product\/yoast-seo-wordpress\/ -->\n<title>Abierta la Convocatoria de TAG mediante Bolsa de Trabajo - MI Ayuntamiento de Caudete<\/title>\n<meta name=\"description\" content=\"P\u00e1gina Oficial del Ayuntamiento de Caudete (Albacete)\" \/>\n<meta name=\"robots\" content=\"index, follow, max-snippet:-1, max-image-preview:large, max-video-preview:-1\" \/>\n<link rel=\"canonical\" href=\"https:\/\/www.caudete.org\/ayuntamiento\/abierta-la-convocatoria-de-tag-mediante-bolsa-de-trabajo\/\" \/>\n<meta property=\"og:locale\" content=\"es_ES\" \/>\n<meta property=\"og:type\" content=\"article\" \/>\n<meta property=\"og:title\" content=\"Abierta la Convocatoria de TAG mediante Bolsa de Trabajo - MI Ayuntamiento de Caudete\" \/>\n<meta property=\"og:description\" content=\"P\u00e1gina Oficial del Ayuntamiento de Caudete (Albacete)\" \/>\n<meta property=\"og:url\" content=\"https:\/\/www.caudete.org\/ayuntamiento\/abierta-la-convocatoria-de-tag-mediante-bolsa-de-trabajo\/\" \/>\n<meta property=\"og:site_name\" content=\"MI Ayuntamiento de Caudete\" \/>\n<meta property=\"article:publisher\" content=\"https:\/\/www.facebook.com\/ayuntamientocaudete\/\" \/>\n<meta property=\"article:published_time\" content=\"2021-06-07T08:56:26+00:00\" \/>\n<meta property=\"article:modified_time\" content=\"2021-06-07T09:38:14+00:00\" \/>\n<meta property=\"og:image\" content=\"https:\/\/www.caudete.org\/ayuntamiento\/wp-content\/uploads\/2021\/01\/IMG_20210129_132245-scaled.jpg\" \/>\n\t<meta property=\"og:image:width\" content=\"2560\" \/>\n\t<meta property=\"og:image:height\" content=\"1920\" \/>\n\t<meta property=\"og:image:type\" content=\"image\/jpeg\" \/>\n<meta name=\"author\" content=\"alcalde\" \/>\n<meta name=\"twitter:card\" content=\"summary_large_image\" \/>\n<meta name=\"twitter:label1\" content=\"Escrito por\" \/>\n\t<meta name=\"twitter:data1\" content=\"alcalde\" \/>\n\t<meta name=\"twitter:label2\" content=\"Tiempo de lectura\" \/>\n\t<meta name=\"twitter:data2\" content=\"4 minutos\" \/>\n<script type=\"application\/ld+json\" class=\"yoast-schema-graph\">{\"@context\":\"https:\\\/\\\/schema.org\",\"@graph\":[{\"@type\":\"Article\",\"@id\":\"https:\\\/\\\/www.caudete.org\\\/ayuntamiento\\\/abierta-la-convocatoria-de-tag-mediante-bolsa-de-trabajo\\\/#article\",\"isPartOf\":{\"@id\":\"https:\\\/\\\/www.caudete.org\\\/ayuntamiento\\\/abierta-la-convocatoria-de-tag-mediante-bolsa-de-trabajo\\\/\"},\"author\":{\"name\":\"alcalde\",\"@id\":\"https:\\\/\\\/www.caudete.org\\\/ayuntamiento\\\/#\\\/schema\\\/person\\\/cc646da9133078ee4d8dd47457947253\"},\"headline\":\"Abierta la Convocatoria de TAG mediante Bolsa de Trabajo\",\"datePublished\":\"2021-06-07T08:56:26+00:00\",\"dateModified\":\"2021-06-07T09:38:14+00:00\",\"mainEntityOfPage\":{\"@id\":\"https:\\\/\\\/www.caudete.org\\\/ayuntamiento\\\/abierta-la-convocatoria-de-tag-mediante-bolsa-de-trabajo\\\/\"},\"wordCount\":820,\"image\":{\"@id\":\"https:\\\/\\\/www.caudete.org\\\/ayuntamiento\\\/abierta-la-convocatoria-de-tag-mediante-bolsa-de-trabajo\\\/#primaryimage\"},\"thumbnailUrl\":\"https:\\\/\\\/www.caudete.org\\\/ayuntamiento\\\/wp-content\\\/uploads\\\/2021\\\/01\\\/IMG_20210129_132245-scaled.jpg\",\"articleSection\":[\"Recursos Humanos\"],\"inLanguage\":\"es\"},{\"@type\":\"WebPage\",\"@id\":\"https:\\\/\\\/www.caudete.org\\\/ayuntamiento\\\/abierta-la-convocatoria-de-tag-mediante-bolsa-de-trabajo\\\/\",\"url\":\"https:\\\/\\\/www.caudete.org\\\/ayuntamiento\\\/abierta-la-convocatoria-de-tag-mediante-bolsa-de-trabajo\\\/\",\"name\":\"Abierta la Convocatoria de TAG mediante Bolsa de Trabajo - MI Ayuntamiento de Caudete\",\"isPartOf\":{\"@id\":\"https:\\\/\\\/www.caudete.org\\\/ayuntamiento\\\/#website\"},\"primaryImageOfPage\":{\"@id\":\"https:\\\/\\\/www.caudete.org\\\/ayuntamiento\\\/abierta-la-convocatoria-de-tag-mediante-bolsa-de-trabajo\\\/#primaryimage\"},\"image\":{\"@id\":\"https:\\\/\\\/www.caudete.org\\\/ayuntamiento\\\/abierta-la-convocatoria-de-tag-mediante-bolsa-de-trabajo\\\/#primaryimage\"},\"thumbnailUrl\":\"https:\\\/\\\/www.caudete.org\\\/ayuntamiento\\\/wp-content\\\/uploads\\\/2021\\\/01\\\/IMG_20210129_132245-scaled.jpg\",\"datePublished\":\"2021-06-07T08:56:26+00:00\",\"dateModified\":\"2021-06-07T09:38:14+00:00\",\"author\":{\"@id\":\"https:\\\/\\\/www.caudete.org\\\/ayuntamiento\\\/#\\\/schema\\\/person\\\/cc646da9133078ee4d8dd47457947253\"},\"description\":\"P\u00e1gina Oficial del Ayuntamiento de Caudete (Albacete)\",\"breadcrumb\":{\"@id\":\"https:\\\/\\\/www.caudete.org\\\/ayuntamiento\\\/abierta-la-convocatoria-de-tag-mediante-bolsa-de-trabajo\\\/#breadcrumb\"},\"inLanguage\":\"es\",\"potentialAction\":[{\"@type\":\"ReadAction\",\"target\":[\"https:\\\/\\\/www.caudete.org\\\/ayuntamiento\\\/abierta-la-convocatoria-de-tag-mediante-bolsa-de-trabajo\\\/\"]}]},{\"@type\":\"ImageObject\",\"inLanguage\":\"es\",\"@id\":\"https:\\\/\\\/www.caudete.org\\\/ayuntamiento\\\/abierta-la-convocatoria-de-tag-mediante-bolsa-de-trabajo\\\/#primaryimage\",\"url\":\"https:\\\/\\\/www.caudete.org\\\/ayuntamiento\\\/wp-content\\\/uploads\\\/2021\\\/01\\\/IMG_20210129_132245-scaled.jpg\",\"contentUrl\":\"https:\\\/\\\/www.caudete.org\\\/ayuntamiento\\\/wp-content\\\/uploads\\\/2021\\\/01\\\/IMG_20210129_132245-scaled.jpg\",\"width\":2560,\"height\":1920},{\"@type\":\"BreadcrumbList\",\"@id\":\"https:\\\/\\\/www.caudete.org\\\/ayuntamiento\\\/abierta-la-convocatoria-de-tag-mediante-bolsa-de-trabajo\\\/#breadcrumb\",\"itemListElement\":[{\"@type\":\"ListItem\",\"position\":1,\"name\":\"Inicio\",\"item\":\"https:\\\/\\\/www.caudete.org\\\/ayuntamiento\\\/\"},{\"@type\":\"ListItem\",\"position\":2,\"name\":\"Abierta la Convocatoria de TAG mediante Bolsa de Trabajo\"}]},{\"@type\":\"WebSite\",\"@id\":\"https:\\\/\\\/www.caudete.org\\\/ayuntamiento\\\/#website\",\"url\":\"https:\\\/\\\/www.caudete.org\\\/ayuntamiento\\\/\",\"name\":\"MI Ayuntamiento de Caudete\",\"description\":\"P\u00e1gina Oficial del MI Ayuntamiento de Caudete\",\"potentialAction\":[{\"@type\":\"SearchAction\",\"target\":{\"@type\":\"EntryPoint\",\"urlTemplate\":\"https:\\\/\\\/www.caudete.org\\\/ayuntamiento\\\/?s={search_term_string}\"},\"query-input\":{\"@type\":\"PropertyValueSpecification\",\"valueRequired\":true,\"valueName\":\"search_term_string\"}}],\"inLanguage\":\"es\"},{\"@type\":\"Person\",\"@id\":\"https:\\\/\\\/www.caudete.org\\\/ayuntamiento\\\/#\\\/schema\\\/person\\\/cc646da9133078ee4d8dd47457947253\",\"name\":\"alcalde\",\"image\":{\"@type\":\"ImageObject\",\"inLanguage\":\"es\",\"@id\":\"https:\\\/\\\/secure.gravatar.com\\\/avatar\\\/84a817ba065b29ff08d666b215a215f5c79186a645ccb25b14a663d48a130f77?s=96&d=mm&r=g\",\"url\":\"https:\\\/\\\/secure.gravatar.com\\\/avatar\\\/84a817ba065b29ff08d666b215a215f5c79186a645ccb25b14a663d48a130f77?s=96&d=mm&r=g\",\"contentUrl\":\"https:\\\/\\\/secure.gravatar.com\\\/avatar\\\/84a817ba065b29ff08d666b215a215f5c79186a645ccb25b14a663d48a130f77?s=96&d=mm&r=g\",\"caption\":\"alcalde\"},\"url\":\"https:\\\/\\\/www.caudete.org\\\/ayuntamiento\\\/author\\\/alcalde\\\/\"}]}<\/script>\n<!-- \/ Yoast SEO plugin. -->","yoast_head_json":{"title":"Abierta la Convocatoria de TAG mediante Bolsa de Trabajo - MI Ayuntamiento de Caudete","description":"P\u00e1gina Oficial del Ayuntamiento de Caudete (Albacete)","robots":{"index":"index","follow":"follow","max-snippet":"max-snippet:-1","max-image-preview":"max-image-preview:large","max-video-preview":"max-video-preview:-1"},"canonical":"https:\/\/www.caudete.org\/ayuntamiento\/abierta-la-convocatoria-de-tag-mediante-bolsa-de-trabajo\/","og_locale":"es_ES","og_type":"article","og_title":"Abierta la Convocatoria de TAG mediante Bolsa de Trabajo - MI Ayuntamiento de Caudete","og_description":"P\u00e1gina Oficial del Ayuntamiento de Caudete (Albacete)","og_url":"https:\/\/www.caudete.org\/ayuntamiento\/abierta-la-convocatoria-de-tag-mediante-bolsa-de-trabajo\/","og_site_name":"MI Ayuntamiento de Caudete","article_publisher":"https:\/\/www.facebook.com\/ayuntamientocaudete\/","article_published_time":"2021-06-07T08:56:26+00:00","article_modified_time":"2021-06-07T09:38:14+00:00","og_image":[{"width":2560,"height":1920,"url":"https:\/\/www.caudete.org\/ayuntamiento\/wp-content\/uploads\/2021\/01\/IMG_20210129_132245-scaled.jpg","type":"image\/jpeg"}],"author":"alcalde","twitter_card":"summary_large_image","twitter_misc":{"Escrito por":"alcalde","Tiempo de lectura":"4 minutos"},"schema":{"@context":"https:\/\/schema.org","@graph":[{"@type":"Article","@id":"https:\/\/www.caudete.org\/ayuntamiento\/abierta-la-convocatoria-de-tag-mediante-bolsa-de-trabajo\/#article","isPartOf":{"@id":"https:\/\/www.caudete.org\/ayuntamiento\/abierta-la-convocatoria-de-tag-mediante-bolsa-de-trabajo\/"},"author":{"name":"alcalde","@id":"https:\/\/www.caudete.org\/ayuntamiento\/#\/schema\/person\/cc646da9133078ee4d8dd47457947253"},"headline":"Abierta la Convocatoria de TAG mediante Bolsa de Trabajo","datePublished":"2021-06-07T08:56:26+00:00","dateModified":"2021-06-07T09:38:14+00:00","mainEntityOfPage":{"@id":"https:\/\/www.caudete.org\/ayuntamiento\/abierta-la-convocatoria-de-tag-mediante-bolsa-de-trabajo\/"},"wordCount":820,"image":{"@id":"https:\/\/www.caudete.org\/ayuntamiento\/abierta-la-convocatoria-de-tag-mediante-bolsa-de-trabajo\/#primaryimage"},"thumbnailUrl":"https:\/\/www.caudete.org\/ayuntamiento\/wp-content\/uploads\/2021\/01\/IMG_20210129_132245-scaled.jpg","articleSection":["Recursos Humanos"],"inLanguage":"es"},{"@type":"WebPage","@id":"https:\/\/www.caudete.org\/ayuntamiento\/abierta-la-convocatoria-de-tag-mediante-bolsa-de-trabajo\/","url":"https:\/\/www.caudete.org\/ayuntamiento\/abierta-la-convocatoria-de-tag-mediante-bolsa-de-trabajo\/","name":"Abierta la Convocatoria de TAG mediante Bolsa de Trabajo - MI Ayuntamiento de Caudete","isPartOf":{"@id":"https:\/\/www.caudete.org\/ayuntamiento\/#website"},"primaryImageOfPage":{"@id":"https:\/\/www.caudete.org\/ayuntamiento\/abierta-la-convocatoria-de-tag-mediante-bolsa-de-trabajo\/#primaryimage"},"image":{"@id":"https:\/\/www.caudete.org\/ayuntamiento\/abierta-la-convocatoria-de-tag-mediante-bolsa-de-trabajo\/#primaryimage"},"thumbnailUrl":"https:\/\/www.caudete.org\/ayuntamiento\/wp-content\/uploads\/2021\/01\/IMG_20210129_132245-scaled.jpg","datePublished":"2021-06-07T08:56:26+00:00","dateModified":"2021-06-07T09:38:14+00:00","author":{"@id":"https:\/\/www.caudete.org\/ayuntamiento\/#\/schema\/person\/cc646da9133078ee4d8dd47457947253"},"description":"P\u00e1gina Oficial del Ayuntamiento de Caudete (Albacete)","breadcrumb":{"@id":"https:\/\/www.caudete.org\/ayuntamiento\/abierta-la-convocatoria-de-tag-mediante-bolsa-de-trabajo\/#breadcrumb"},"inLanguage":"es","potentialAction":[{"@type":"ReadAction","target":["https:\/\/www.caudete.org\/ayuntamiento\/abierta-la-convocatoria-de-tag-mediante-bolsa-de-trabajo\/"]}]},{"@type":"ImageObject","inLanguage":"es","@id":"https:\/\/www.caudete.org\/ayuntamiento\/abierta-la-convocatoria-de-tag-mediante-bolsa-de-trabajo\/#primaryimage","url":"https:\/\/www.caudete.org\/ayuntamiento\/wp-content\/uploads\/2021\/01\/IMG_20210129_132245-scaled.jpg","contentUrl":"https:\/\/www.caudete.org\/ayuntamiento\/wp-content\/uploads\/2021\/01\/IMG_20210129_132245-scaled.jpg","width":2560,"height":1920},{"@type":"BreadcrumbList","@id":"https:\/\/www.caudete.org\/ayuntamiento\/abierta-la-convocatoria-de-tag-mediante-bolsa-de-trabajo\/#breadcrumb","itemListElement":[{"@type":"ListItem","position":1,"name":"Inicio","item":"https:\/\/www.caudete.org\/ayuntamiento\/"},{"@type":"ListItem","position":2,"name":"Abierta la Convocatoria de TAG mediante Bolsa de Trabajo"}]},{"@type":"WebSite","@id":"https:\/\/www.caudete.org\/ayuntamiento\/#website","url":"https:\/\/www.caudete.org\/ayuntamiento\/","name":"MI Ayuntamiento de Caudete","description":"P\u00e1gina Oficial del MI Ayuntamiento de Caudete","potentialAction":[{"@type":"SearchAction","target":{"@type":"EntryPoint","urlTemplate":"https:\/\/www.caudete.org\/ayuntamiento\/?s={search_term_string}"},"query-input":{"@type":"PropertyValueSpecification","valueRequired":true,"valueName":"search_term_string"}}],"inLanguage":"es"},{"@type":"Person","@id":"https:\/\/www.caudete.org\/ayuntamiento\/#\/schema\/person\/cc646da9133078ee4d8dd47457947253","name":"alcalde","image":{"@type":"ImageObject","inLanguage":"es","@id":"https:\/\/secure.gravatar.com\/avatar\/84a817ba065b29ff08d666b215a215f5c79186a645ccb25b14a663d48a130f77?s=96&d=mm&r=g","url":"https:\/\/secure.gravatar.com\/avatar\/84a817ba065b29ff08d666b215a215f5c79186a645ccb25b14a663d48a130f77?s=96&d=mm&r=g","contentUrl":"https:\/\/secure.gravatar.com\/avatar\/84a817ba065b29ff08d666b215a215f5c79186a645ccb25b14a663d48a130f77?s=96&d=mm&r=g","caption":"alcalde"},"url":"https:\/\/www.caudete.org\/ayuntamiento\/author\/alcalde\/"}]}},"_links":{"self":[{"href":"https:\/\/www.caudete.org\/ayuntamiento\/wp-json\/wp\/v2\/posts\/14759","targetHints":{"allow":["GET"]}}],"collection":[{"href":"https:\/\/www.caudete.org\/ayuntamiento\/wp-json\/wp\/v2\/posts"}],"about":[{"href":"https:\/\/www.caudete.org\/ayuntamiento\/wp-json\/wp\/v2\/types\/post"}],"author":[{"embeddable":true,"href":"https:\/\/www.caudete.org\/ayuntamiento\/wp-json\/wp\/v2\/users\/3"}],"replies":[{"embeddable":true,"href":"https:\/\/www.caudete.org\/ayuntamiento\/wp-json\/wp\/v2\/comments?post=14759"}],"version-history":[{"count":2,"href":"https:\/\/www.caudete.org\/ayuntamiento\/wp-json\/wp\/v2\/posts\/14759\/revisions"}],"predecessor-version":[{"id":14765,"href":"https:\/\/www.caudete.org\/ayuntamiento\/wp-json\/wp\/v2\/posts\/14759\/revisions\/14765"}],"wp:featuredmedia":[{"embeddable":true,"href":"https:\/\/www.caudete.org\/ayuntamiento\/wp-json\/wp\/v2\/media\/11875"}],"wp:attachment":[{"href":"https:\/\/www.caudete.org\/ayuntamiento\/wp-json\/wp\/v2\/media?parent=14759"}],"wp:term":[{"taxonomy":"category","embeddable":true,"href":"https:\/\/www.caudete.org\/ayuntamiento\/wp-json\/wp\/v2\/categories?post=14759"},{"taxonomy":"post_tag","embeddable":true,"href":"https:\/\/www.caudete.org\/ayuntamiento\/wp-json\/wp\/v2\/tags?post=14759"}],"curies":[{"name":"wp","href":"https:\/\/api.w.org\/{rel}","templated":true}]}}