{"id":14779,"date":"2021-06-08T14:38:17","date_gmt":"2021-06-08T12:38:17","guid":{"rendered":"https:\/\/www.caudete.org\/ayuntamiento\/?p=14779"},"modified":"2021-06-08T17:52:27","modified_gmt":"2021-06-08T15:52:27","slug":"el-ayuntamiento-prepara-la-convocatoria-anual-de-subvenciones-de-libre-concurrencia","status":"publish","type":"post","link":"https:\/\/www.caudete.org\/ayuntamiento\/el-ayuntamiento-prepara-la-convocatoria-anual-de-subvenciones-de-libre-concurrencia\/","title":{"rendered":"El Ayuntamiento prepara la Convocatoria anual de Subvenciones de Libre Concurrencia"},"content":{"rendered":"<p style=\"text-align: justify;\">El Alcalde, Mois\u00e9s L\u00f3pez, trasladaba esta ma\u00f1ana informaci\u00f3n sobre el avanzado estado de la pr\u00f3xima convocatoria de Subvenciones a Asociaciones Locales que, de forma anual realiza el Consistorio para proyectos de car\u00e1cter Educativo, Juvenil, Cultural, Deportivo o Sociosanitario, mediante el sistema de concurrencia competitiva.<\/p>\n<p style=\"text-align: justify;\">La pasada semana se reun\u00edan a tal fin los Jefes de Departamento de las \u00e1reas citadas junto a los Concejales implicados para definir las bases que regir\u00e1n la convocatoria de 2021.<\/p>\n<p style=\"text-align: justify;\">Una cuesti\u00f3n rese\u00f1able de la convocatoria en la que se est\u00e1 trabajando la adelantaba el Alcalde &#8220;s<em>i bien es cierto que hasta la fecha exist\u00eda un desfase de una anualidad entre los proyectos subvencionados y la convocatoria<\/em>&#8221; (a excepci\u00f3n del \u00e1rea de Educaci\u00f3n), &#8220;<em>la del presente 2021 permitir\u00e1 alinear dicha situaci\u00f3n<\/em>&#8220;. De esa forma, se prev\u00e9 que el texto regulador establezca como subvencionables los gastos de aquellas actividades que siendo objeto de la misma, se hayan ejecutado en 2020 y 2021, as\u00ed como en los cursos escolares 2019\/2020 y 2020\/2021 para las que se rigen bajo esa circunstancia de temporalidad (excepto el \u00e1rea de Educaci\u00f3n que ser\u00e1 para 2020\/2021).<\/p>\n<p style=\"text-align: justify;\">La previsi\u00f3n es que el expediente sea aprobado en la pr\u00f3xima sesi\u00f3n plenaria que la Corporaci\u00f3n Municipal realice, previo Dictamen de la Comisi\u00f3n Informativa correspondiente, y una vez haya sido dictaminado por la Junta de Gobierno Local, de forma que &#8220;<em>podamos facilitar recursos a las asociaciones locales para el desarrollo de actividades en beneficio de los caudetanos<\/em>&#8220;, remarcaba el Alcalde.<\/p>\n","protected":false},"excerpt":{"rendered":"<p>El Alcalde, Mois\u00e9s L\u00f3pez, trasladaba esta ma\u00f1ana informaci\u00f3n sobre el avanzado estado de la pr\u00f3xima convocatoria de Subvenciones a Asociaciones Locales que, de forma anual realiza el Consistorio para proyectos de car\u00e1cter Educativo, Juvenil, Cultural, Deportivo o Sociosanitario, mediante el sistema de concurrencia competitiva. La pasada semana se reun\u00edan a tal fin los Jefes de &hellip;<\/p>\n","protected":false},"author":3,"featured_media":14798,"comment_status":"closed","ping_status":"open","sticky":false,"template":"","format":"standard","meta":{"ngg_post_thumbnail":0,"footnotes":""},"categories":[60],"tags":[],"class_list":["post-14779","post","type-post","status-publish","format-standard","has-post-thumbnail","hentry","category-asociaciones"],"yoast_head":"<!-- This site is optimized with the Yoast SEO plugin v27.5 - https:\/\/yoast.com\/product\/yoast-seo-wordpress\/ -->\n<title>El Ayuntamiento prepara la Convocatoria anual de Subvenciones de Libre Concurrencia - MI Ayuntamiento de Caudete<\/title>\n<meta name=\"description\" content=\"P\u00e1gina Oficial del Ayuntamiento de Caudete (Albacete)\" \/>\n<meta name=\"robots\" content=\"index, follow, max-snippet:-1, max-image-preview:large, max-video-preview:-1\" \/>\n<link rel=\"canonical\" href=\"https:\/\/www.caudete.org\/ayuntamiento\/el-ayuntamiento-prepara-la-convocatoria-anual-de-subvenciones-de-libre-concurrencia\/\" \/>\n<meta property=\"og:locale\" content=\"es_ES\" \/>\n<meta property=\"og:type\" content=\"article\" \/>\n<meta property=\"og:title\" content=\"El Ayuntamiento prepara la Convocatoria anual de Subvenciones de Libre Concurrencia - MI Ayuntamiento de Caudete\" \/>\n<meta property=\"og:description\" content=\"P\u00e1gina Oficial del Ayuntamiento de Caudete (Albacete)\" \/>\n<meta property=\"og:url\" content=\"https:\/\/www.caudete.org\/ayuntamiento\/el-ayuntamiento-prepara-la-convocatoria-anual-de-subvenciones-de-libre-concurrencia\/\" \/>\n<meta property=\"og:site_name\" content=\"MI Ayuntamiento de Caudete\" \/>\n<meta property=\"article:publisher\" content=\"https:\/\/www.facebook.com\/ayuntamientocaudete\/\" \/>\n<meta property=\"article:published_time\" content=\"2021-06-08T12:38:17+00:00\" \/>\n<meta property=\"article:modified_time\" content=\"2021-06-08T15:52:27+00:00\" \/>\n<meta property=\"og:image\" content=\"https:\/\/www.caudete.org\/ayuntamiento\/wp-content\/uploads\/2021\/06\/Subvenciones-Libre-Concurrencia-1.jpg\" \/>\n\t<meta property=\"og:image:width\" content=\"864\" \/>\n\t<meta property=\"og:image:height\" content=\"380\" \/>\n\t<meta property=\"og:image:type\" content=\"image\/jpeg\" \/>\n<meta name=\"author\" content=\"alcalde\" \/>\n<meta name=\"twitter:card\" content=\"summary_large_image\" \/>\n<meta name=\"twitter:label1\" content=\"Escrito por\" \/>\n\t<meta name=\"twitter:data1\" content=\"alcalde\" \/>\n\t<meta name=\"twitter:label2\" content=\"Tiempo de lectura\" \/>\n\t<meta name=\"twitter:data2\" content=\"2 minutos\" \/>\n<script type=\"application\/ld+json\" class=\"yoast-schema-graph\">{\"@context\":\"https:\\\/\\\/schema.org\",\"@graph\":[{\"@type\":\"Article\",\"@id\":\"https:\\\/\\\/www.caudete.org\\\/ayuntamiento\\\/el-ayuntamiento-prepara-la-convocatoria-anual-de-subvenciones-de-libre-concurrencia\\\/#article\",\"isPartOf\":{\"@id\":\"https:\\\/\\\/www.caudete.org\\\/ayuntamiento\\\/el-ayuntamiento-prepara-la-convocatoria-anual-de-subvenciones-de-libre-concurrencia\\\/\"},\"author\":{\"name\":\"alcalde\",\"@id\":\"https:\\\/\\\/www.caudete.org\\\/ayuntamiento\\\/#\\\/schema\\\/person\\\/cc646da9133078ee4d8dd47457947253\"},\"headline\":\"El Ayuntamiento prepara la Convocatoria anual de Subvenciones de Libre Concurrencia\",\"datePublished\":\"2021-06-08T12:38:17+00:00\",\"dateModified\":\"2021-06-08T15:52:27+00:00\",\"mainEntityOfPage\":{\"@id\":\"https:\\\/\\\/www.caudete.org\\\/ayuntamiento\\\/el-ayuntamiento-prepara-la-convocatoria-anual-de-subvenciones-de-libre-concurrencia\\\/\"},\"wordCount\":268,\"image\":{\"@id\":\"https:\\\/\\\/www.caudete.org\\\/ayuntamiento\\\/el-ayuntamiento-prepara-la-convocatoria-anual-de-subvenciones-de-libre-concurrencia\\\/#primaryimage\"},\"thumbnailUrl\":\"https:\\\/\\\/www.caudete.org\\\/ayuntamiento\\\/wp-content\\\/uploads\\\/2021\\\/06\\\/Subvenciones-Libre-Concurrencia-1.jpg\",\"articleSection\":[\"Asociaciones\"],\"inLanguage\":\"es\"},{\"@type\":\"WebPage\",\"@id\":\"https:\\\/\\\/www.caudete.org\\\/ayuntamiento\\\/el-ayuntamiento-prepara-la-convocatoria-anual-de-subvenciones-de-libre-concurrencia\\\/\",\"url\":\"https:\\\/\\\/www.caudete.org\\\/ayuntamiento\\\/el-ayuntamiento-prepara-la-convocatoria-anual-de-subvenciones-de-libre-concurrencia\\\/\",\"name\":\"El Ayuntamiento prepara la Convocatoria anual de Subvenciones de Libre Concurrencia - MI Ayuntamiento de Caudete\",\"isPartOf\":{\"@id\":\"https:\\\/\\\/www.caudete.org\\\/ayuntamiento\\\/#website\"},\"primaryImageOfPage\":{\"@id\":\"https:\\\/\\\/www.caudete.org\\\/ayuntamiento\\\/el-ayuntamiento-prepara-la-convocatoria-anual-de-subvenciones-de-libre-concurrencia\\\/#primaryimage\"},\"image\":{\"@id\":\"https:\\\/\\\/www.caudete.org\\\/ayuntamiento\\\/el-ayuntamiento-prepara-la-convocatoria-anual-de-subvenciones-de-libre-concurrencia\\\/#primaryimage\"},\"thumbnailUrl\":\"https:\\\/\\\/www.caudete.org\\\/ayuntamiento\\\/wp-content\\\/uploads\\\/2021\\\/06\\\/Subvenciones-Libre-Concurrencia-1.jpg\",\"datePublished\":\"2021-06-08T12:38:17+00:00\",\"dateModified\":\"2021-06-08T15:52:27+00:00\",\"author\":{\"@id\":\"https:\\\/\\\/www.caudete.org\\\/ayuntamiento\\\/#\\\/schema\\\/person\\\/cc646da9133078ee4d8dd47457947253\"},\"description\":\"P\u00e1gina Oficial del Ayuntamiento de Caudete (Albacete)\",\"breadcrumb\":{\"@id\":\"https:\\\/\\\/www.caudete.org\\\/ayuntamiento\\\/el-ayuntamiento-prepara-la-convocatoria-anual-de-subvenciones-de-libre-concurrencia\\\/#breadcrumb\"},\"inLanguage\":\"es\",\"potentialAction\":[{\"@type\":\"ReadAction\",\"target\":[\"https:\\\/\\\/www.caudete.org\\\/ayuntamiento\\\/el-ayuntamiento-prepara-la-convocatoria-anual-de-subvenciones-de-libre-concurrencia\\\/\"]}]},{\"@type\":\"ImageObject\",\"inLanguage\":\"es\",\"@id\":\"https:\\\/\\\/www.caudete.org\\\/ayuntamiento\\\/el-ayuntamiento-prepara-la-convocatoria-anual-de-subvenciones-de-libre-concurrencia\\\/#primaryimage\",\"url\":\"https:\\\/\\\/www.caudete.org\\\/ayuntamiento\\\/wp-content\\\/uploads\\\/2021\\\/06\\\/Subvenciones-Libre-Concurrencia-1.jpg\",\"contentUrl\":\"https:\\\/\\\/www.caudete.org\\\/ayuntamiento\\\/wp-content\\\/uploads\\\/2021\\\/06\\\/Subvenciones-Libre-Concurrencia-1.jpg\",\"width\":864,\"height\":380},{\"@type\":\"BreadcrumbList\",\"@id\":\"https:\\\/\\\/www.caudete.org\\\/ayuntamiento\\\/el-ayuntamiento-prepara-la-convocatoria-anual-de-subvenciones-de-libre-concurrencia\\\/#breadcrumb\",\"itemListElement\":[{\"@type\":\"ListItem\",\"position\":1,\"name\":\"Inicio\",\"item\":\"https:\\\/\\\/www.caudete.org\\\/ayuntamiento\\\/\"},{\"@type\":\"ListItem\",\"position\":2,\"name\":\"El Ayuntamiento prepara la Convocatoria anual de Subvenciones de Libre Concurrencia\"}]},{\"@type\":\"WebSite\",\"@id\":\"https:\\\/\\\/www.caudete.org\\\/ayuntamiento\\\/#website\",\"url\":\"https:\\\/\\\/www.caudete.org\\\/ayuntamiento\\\/\",\"name\":\"MI Ayuntamiento de Caudete\",\"description\":\"P\u00e1gina Oficial del MI Ayuntamiento de Caudete\",\"potentialAction\":[{\"@type\":\"SearchAction\",\"target\":{\"@type\":\"EntryPoint\",\"urlTemplate\":\"https:\\\/\\\/www.caudete.org\\\/ayuntamiento\\\/?s={search_term_string}\"},\"query-input\":{\"@type\":\"PropertyValueSpecification\",\"valueRequired\":true,\"valueName\":\"search_term_string\"}}],\"inLanguage\":\"es\"},{\"@type\":\"Person\",\"@id\":\"https:\\\/\\\/www.caudete.org\\\/ayuntamiento\\\/#\\\/schema\\\/person\\\/cc646da9133078ee4d8dd47457947253\",\"name\":\"alcalde\",\"image\":{\"@type\":\"ImageObject\",\"inLanguage\":\"es\",\"@id\":\"https:\\\/\\\/secure.gravatar.com\\\/avatar\\\/84a817ba065b29ff08d666b215a215f5c79186a645ccb25b14a663d48a130f77?s=96&d=mm&r=g\",\"url\":\"https:\\\/\\\/secure.gravatar.com\\\/avatar\\\/84a817ba065b29ff08d666b215a215f5c79186a645ccb25b14a663d48a130f77?s=96&d=mm&r=g\",\"contentUrl\":\"https:\\\/\\\/secure.gravatar.com\\\/avatar\\\/84a817ba065b29ff08d666b215a215f5c79186a645ccb25b14a663d48a130f77?s=96&d=mm&r=g\",\"caption\":\"alcalde\"},\"url\":\"https:\\\/\\\/www.caudete.org\\\/ayuntamiento\\\/author\\\/alcalde\\\/\"}]}<\/script>\n<!-- \/ Yoast SEO plugin. -->","yoast_head_json":{"title":"El Ayuntamiento prepara la Convocatoria anual de Subvenciones de Libre Concurrencia - MI Ayuntamiento de Caudete","description":"P\u00e1gina Oficial del Ayuntamiento de Caudete (Albacete)","robots":{"index":"index","follow":"follow","max-snippet":"max-snippet:-1","max-image-preview":"max-image-preview:large","max-video-preview":"max-video-preview:-1"},"canonical":"https:\/\/www.caudete.org\/ayuntamiento\/el-ayuntamiento-prepara-la-convocatoria-anual-de-subvenciones-de-libre-concurrencia\/","og_locale":"es_ES","og_type":"article","og_title":"El Ayuntamiento prepara la Convocatoria anual de Subvenciones de Libre Concurrencia - MI Ayuntamiento de Caudete","og_description":"P\u00e1gina Oficial del Ayuntamiento de Caudete (Albacete)","og_url":"https:\/\/www.caudete.org\/ayuntamiento\/el-ayuntamiento-prepara-la-convocatoria-anual-de-subvenciones-de-libre-concurrencia\/","og_site_name":"MI Ayuntamiento de Caudete","article_publisher":"https:\/\/www.facebook.com\/ayuntamientocaudete\/","article_published_time":"2021-06-08T12:38:17+00:00","article_modified_time":"2021-06-08T15:52:27+00:00","og_image":[{"width":864,"height":380,"url":"https:\/\/www.caudete.org\/ayuntamiento\/wp-content\/uploads\/2021\/06\/Subvenciones-Libre-Concurrencia-1.jpg","type":"image\/jpeg"}],"author":"alcalde","twitter_card":"summary_large_image","twitter_misc":{"Escrito por":"alcalde","Tiempo de lectura":"2 minutos"},"schema":{"@context":"https:\/\/schema.org","@graph":[{"@type":"Article","@id":"https:\/\/www.caudete.org\/ayuntamiento\/el-ayuntamiento-prepara-la-convocatoria-anual-de-subvenciones-de-libre-concurrencia\/#article","isPartOf":{"@id":"https:\/\/www.caudete.org\/ayuntamiento\/el-ayuntamiento-prepara-la-convocatoria-anual-de-subvenciones-de-libre-concurrencia\/"},"author":{"name":"alcalde","@id":"https:\/\/www.caudete.org\/ayuntamiento\/#\/schema\/person\/cc646da9133078ee4d8dd47457947253"},"headline":"El Ayuntamiento prepara la Convocatoria anual de Subvenciones de Libre Concurrencia","datePublished":"2021-06-08T12:38:17+00:00","dateModified":"2021-06-08T15:52:27+00:00","mainEntityOfPage":{"@id":"https:\/\/www.caudete.org\/ayuntamiento\/el-ayuntamiento-prepara-la-convocatoria-anual-de-subvenciones-de-libre-concurrencia\/"},"wordCount":268,"image":{"@id":"https:\/\/www.caudete.org\/ayuntamiento\/el-ayuntamiento-prepara-la-convocatoria-anual-de-subvenciones-de-libre-concurrencia\/#primaryimage"},"thumbnailUrl":"https:\/\/www.caudete.org\/ayuntamiento\/wp-content\/uploads\/2021\/06\/Subvenciones-Libre-Concurrencia-1.jpg","articleSection":["Asociaciones"],"inLanguage":"es"},{"@type":"WebPage","@id":"https:\/\/www.caudete.org\/ayuntamiento\/el-ayuntamiento-prepara-la-convocatoria-anual-de-subvenciones-de-libre-concurrencia\/","url":"https:\/\/www.caudete.org\/ayuntamiento\/el-ayuntamiento-prepara-la-convocatoria-anual-de-subvenciones-de-libre-concurrencia\/","name":"El Ayuntamiento prepara la Convocatoria anual de Subvenciones de Libre Concurrencia - MI Ayuntamiento de Caudete","isPartOf":{"@id":"https:\/\/www.caudete.org\/ayuntamiento\/#website"},"primaryImageOfPage":{"@id":"https:\/\/www.caudete.org\/ayuntamiento\/el-ayuntamiento-prepara-la-convocatoria-anual-de-subvenciones-de-libre-concurrencia\/#primaryimage"},"image":{"@id":"https:\/\/www.caudete.org\/ayuntamiento\/el-ayuntamiento-prepara-la-convocatoria-anual-de-subvenciones-de-libre-concurrencia\/#primaryimage"},"thumbnailUrl":"https:\/\/www.caudete.org\/ayuntamiento\/wp-content\/uploads\/2021\/06\/Subvenciones-Libre-Concurrencia-1.jpg","datePublished":"2021-06-08T12:38:17+00:00","dateModified":"2021-06-08T15:52:27+00:00","author":{"@id":"https:\/\/www.caudete.org\/ayuntamiento\/#\/schema\/person\/cc646da9133078ee4d8dd47457947253"},"description":"P\u00e1gina Oficial del Ayuntamiento de Caudete (Albacete)","breadcrumb":{"@id":"https:\/\/www.caudete.org\/ayuntamiento\/el-ayuntamiento-prepara-la-convocatoria-anual-de-subvenciones-de-libre-concurrencia\/#breadcrumb"},"inLanguage":"es","potentialAction":[{"@type":"ReadAction","target":["https:\/\/www.caudete.org\/ayuntamiento\/el-ayuntamiento-prepara-la-convocatoria-anual-de-subvenciones-de-libre-concurrencia\/"]}]},{"@type":"ImageObject","inLanguage":"es","@id":"https:\/\/www.caudete.org\/ayuntamiento\/el-ayuntamiento-prepara-la-convocatoria-anual-de-subvenciones-de-libre-concurrencia\/#primaryimage","url":"https:\/\/www.caudete.org\/ayuntamiento\/wp-content\/uploads\/2021\/06\/Subvenciones-Libre-Concurrencia-1.jpg","contentUrl":"https:\/\/www.caudete.org\/ayuntamiento\/wp-content\/uploads\/2021\/06\/Subvenciones-Libre-Concurrencia-1.jpg","width":864,"height":380},{"@type":"BreadcrumbList","@id":"https:\/\/www.caudete.org\/ayuntamiento\/el-ayuntamiento-prepara-la-convocatoria-anual-de-subvenciones-de-libre-concurrencia\/#breadcrumb","itemListElement":[{"@type":"ListItem","position":1,"name":"Inicio","item":"https:\/\/www.caudete.org\/ayuntamiento\/"},{"@type":"ListItem","position":2,"name":"El Ayuntamiento prepara la Convocatoria anual de Subvenciones de Libre Concurrencia"}]},{"@type":"WebSite","@id":"https:\/\/www.caudete.org\/ayuntamiento\/#website","url":"https:\/\/www.caudete.org\/ayuntamiento\/","name":"MI Ayuntamiento de Caudete","description":"P\u00e1gina Oficial del MI Ayuntamiento de Caudete","potentialAction":[{"@type":"SearchAction","target":{"@type":"EntryPoint","urlTemplate":"https:\/\/www.caudete.org\/ayuntamiento\/?s={search_term_string}"},"query-input":{"@type":"PropertyValueSpecification","valueRequired":true,"valueName":"search_term_string"}}],"inLanguage":"es"},{"@type":"Person","@id":"https:\/\/www.caudete.org\/ayuntamiento\/#\/schema\/person\/cc646da9133078ee4d8dd47457947253","name":"alcalde","image":{"@type":"ImageObject","inLanguage":"es","@id":"https:\/\/secure.gravatar.com\/avatar\/84a817ba065b29ff08d666b215a215f5c79186a645ccb25b14a663d48a130f77?s=96&d=mm&r=g","url":"https:\/\/secure.gravatar.com\/avatar\/84a817ba065b29ff08d666b215a215f5c79186a645ccb25b14a663d48a130f77?s=96&d=mm&r=g","contentUrl":"https:\/\/secure.gravatar.com\/avatar\/84a817ba065b29ff08d666b215a215f5c79186a645ccb25b14a663d48a130f77?s=96&d=mm&r=g","caption":"alcalde"},"url":"https:\/\/www.caudete.org\/ayuntamiento\/author\/alcalde\/"}]}},"_links":{"self":[{"href":"https:\/\/www.caudete.org\/ayuntamiento\/wp-json\/wp\/v2\/posts\/14779","targetHints":{"allow":["GET"]}}],"collection":[{"href":"https:\/\/www.caudete.org\/ayuntamiento\/wp-json\/wp\/v2\/posts"}],"about":[{"href":"https:\/\/www.caudete.org\/ayuntamiento\/wp-json\/wp\/v2\/types\/post"}],"author":[{"embeddable":true,"href":"https:\/\/www.caudete.org\/ayuntamiento\/wp-json\/wp\/v2\/users\/3"}],"replies":[{"embeddable":true,"href":"https:\/\/www.caudete.org\/ayuntamiento\/wp-json\/wp\/v2\/comments?post=14779"}],"version-history":[{"count":3,"href":"https:\/\/www.caudete.org\/ayuntamiento\/wp-json\/wp\/v2\/posts\/14779\/revisions"}],"predecessor-version":[{"id":14801,"href":"https:\/\/www.caudete.org\/ayuntamiento\/wp-json\/wp\/v2\/posts\/14779\/revisions\/14801"}],"wp:featuredmedia":[{"embeddable":true,"href":"https:\/\/www.caudete.org\/ayuntamiento\/wp-json\/wp\/v2\/media\/14798"}],"wp:attachment":[{"href":"https:\/\/www.caudete.org\/ayuntamiento\/wp-json\/wp\/v2\/media?parent=14779"}],"wp:term":[{"taxonomy":"category","embeddable":true,"href":"https:\/\/www.caudete.org\/ayuntamiento\/wp-json\/wp\/v2\/categories?post=14779"},{"taxonomy":"post_tag","embeddable":true,"href":"https:\/\/www.caudete.org\/ayuntamiento\/wp-json\/wp\/v2\/tags?post=14779"}],"curies":[{"name":"wp","href":"https:\/\/api.w.org\/{rel}","templated":true}]}}