{"id":14783,"date":"2021-06-08T14:49:23","date_gmt":"2021-06-08T12:49:23","guid":{"rendered":"https:\/\/www.caudete.org\/ayuntamiento\/?p=14783"},"modified":"2021-06-08T16:48:12","modified_gmt":"2021-06-08T14:48:12","slug":"visitas-didacticas-escolares-a-los-monumentos-y-museo-de-la-acuarela","status":"publish","type":"post","link":"https:\/\/www.caudete.org\/ayuntamiento\/visitas-didacticas-escolares-a-los-monumentos-y-museo-de-la-acuarela\/","title":{"rendered":"Visitas Did\u00e1cticas Escolares a los Monumentos y Museo de la Acuarela"},"content":{"rendered":"<div dir=\"auto\" style=\"text-align: justify;\">Las Concejal\u00edas de Educaci\u00f3n y Turismo han vuelto a retomar la campa\u00f1a de visitas escolares a los monumentos y museos de la localidad, con la finalidad de acercar el patrimonio cultural a los m\u00e1s j\u00f3venes, y sensibilizarlos con el mismo a la vez que se les hace conocedores de la historia de nuestro pueblo.<\/div>\n<div dir=\"auto\" style=\"text-align: justify;\"><\/div>\n<div dir=\"auto\" style=\"text-align: justify;\">En el d\u00eda de hoy, ha sido la clase de\u00a01\u00aa de Primaria del Colegio &#8220;El Paseo&#8221; la que ha acudido a la visita did\u00e1ctica que se ha programado al Museo de la Acuarela Rafael Requena.<\/div>\n<div dir=\"auto\"><\/div>\n<div dir=\"auto\"><a href=\"https:\/\/www.caudete.org\/ayuntamiento\/wp-content\/uploads\/2021\/06\/197452206_1230650027378978_7005362467723215834_n.jpg\" rel='prettyPhoto'><img fetchpriority=\"high\" decoding=\"async\" class=\"aligncenter wp-image-14786 size-medium\" src=\"https:\/\/www.caudete.org\/ayuntamiento\/wp-content\/uploads\/2021\/06\/197452206_1230650027378978_7005362467723215834_n-300x206.jpg\" alt=\"\" width=\"300\" height=\"206\" srcset=\"https:\/\/www.caudete.org\/ayuntamiento\/wp-content\/uploads\/2021\/06\/197452206_1230650027378978_7005362467723215834_n-300x206.jpg 300w, https:\/\/www.caudete.org\/ayuntamiento\/wp-content\/uploads\/2021\/06\/197452206_1230650027378978_7005362467723215834_n-1024x703.jpg 1024w, https:\/\/www.caudete.org\/ayuntamiento\/wp-content\/uploads\/2021\/06\/197452206_1230650027378978_7005362467723215834_n-768x527.jpg 768w, https:\/\/www.caudete.org\/ayuntamiento\/wp-content\/uploads\/2021\/06\/197452206_1230650027378978_7005362467723215834_n-1536x1054.jpg 1536w, https:\/\/www.caudete.org\/ayuntamiento\/wp-content\/uploads\/2021\/06\/197452206_1230650027378978_7005362467723215834_n.jpg 2048w\" sizes=\"(max-width: 300px) 100vw, 300px\" \/><\/a>\u00a0 \u00a0 \u00a0 \u00a0 \u00a0 \u00a0 \u00a0 \u00a0<a href=\"https:\/\/www.caudete.org\/ayuntamiento\/wp-content\/uploads\/2021\/06\/196419319_1230650060712308_302120771667707720_n.jpg\" rel='prettyPhoto'><img decoding=\"async\" class=\"aligncenter wp-image-14785 size-medium\" src=\"https:\/\/www.caudete.org\/ayuntamiento\/wp-content\/uploads\/2021\/06\/196419319_1230650060712308_302120771667707720_n-300x185.jpg\" alt=\"\" width=\"300\" height=\"185\" srcset=\"https:\/\/www.caudete.org\/ayuntamiento\/wp-content\/uploads\/2021\/06\/196419319_1230650060712308_302120771667707720_n-300x185.jpg 300w, https:\/\/www.caudete.org\/ayuntamiento\/wp-content\/uploads\/2021\/06\/196419319_1230650060712308_302120771667707720_n-1024x633.jpg 1024w, https:\/\/www.caudete.org\/ayuntamiento\/wp-content\/uploads\/2021\/06\/196419319_1230650060712308_302120771667707720_n-768x475.jpg 768w, https:\/\/www.caudete.org\/ayuntamiento\/wp-content\/uploads\/2021\/06\/196419319_1230650060712308_302120771667707720_n-1536x950.jpg 1536w, https:\/\/www.caudete.org\/ayuntamiento\/wp-content\/uploads\/2021\/06\/196419319_1230650060712308_302120771667707720_n.jpg 2048w\" sizes=\"(max-width: 300px) 100vw, 300px\" \/><\/a><\/div>\n<div dir=\"auto\" style=\"text-align: justify;\"><\/div>\n<div dir=\"auto\" style=\"text-align: justify;\">Tras recorrer el museo y comentar ciertas nociones sobre pintura y composici\u00f3n art\u00edstica, los ni\u00f1os han tenido la oportunidad de crear su propia obra de arte, habiendo quedando muy contentos tanto ni\u00f1os como adultos.<\/div>\n<div dir=\"auto\" style=\"text-align: justify;\"><\/div>\n<div dir=\"auto\" style=\"text-align: justify;\">El viernes pasado, el turno fue para los alumnos de 5\u00ba y 6\u00ba de Primaria del Colegio &#8220;El Paseo&#8221;, quienes acudieron en horarios consecutivos al Barrio de San Francisco, para realizar una visita guiada con el personal de la Oficina de Turismo Municipal, y conocer m\u00e1s sobre la construcci\u00f3n de este interesante conjunto arquitect\u00f3nico. Los alumnos tambi\u00e9n han tenido oportunidad de conocer algunos datos sobre la interesante vida del promotor de este barrio, Francisco Albalat Navajas, conocido por Don Paco.<\/div>\n<div dir=\"auto\"><\/div>\n<div dir=\"auto\"><a href=\"https:\/\/www.caudete.org\/ayuntamiento\/wp-content\/uploads\/2021\/06\/195930592_1228260804284567_8929495289153560431_n.jpg\" rel='prettyPhoto'><img decoding=\"async\" class=\"aligncenter wp-image-14789 size-medium\" src=\"https:\/\/www.caudete.org\/ayuntamiento\/wp-content\/uploads\/2021\/06\/195930592_1228260804284567_8929495289153560431_n-300x280.jpg\" alt=\"\" width=\"300\" height=\"280\" srcset=\"https:\/\/www.caudete.org\/ayuntamiento\/wp-content\/uploads\/2021\/06\/195930592_1228260804284567_8929495289153560431_n-300x280.jpg 300w, https:\/\/www.caudete.org\/ayuntamiento\/wp-content\/uploads\/2021\/06\/195930592_1228260804284567_8929495289153560431_n-768x718.jpg 768w, https:\/\/www.caudete.org\/ayuntamiento\/wp-content\/uploads\/2021\/06\/195930592_1228260804284567_8929495289153560431_n-280x260.jpg 280w, https:\/\/www.caudete.org\/ayuntamiento\/wp-content\/uploads\/2021\/06\/195930592_1228260804284567_8929495289153560431_n.jpg 1024w\" sizes=\"(max-width: 300px) 100vw, 300px\" \/><\/a>\u00a0 \u00a0 \u00a0 \u00a0 \u00a0 \u00a0 \u00a0<a href=\"https:\/\/www.caudete.org\/ayuntamiento\/wp-content\/uploads\/2021\/06\/194595931_1228260790951235_2246656489108485420_n.jpg\" rel='prettyPhoto'><img loading=\"lazy\" decoding=\"async\" class=\"aligncenter wp-image-14788 size-medium\" src=\"https:\/\/www.caudete.org\/ayuntamiento\/wp-content\/uploads\/2021\/06\/194595931_1228260790951235_2246656489108485420_n-300x225.jpg\" alt=\"\" width=\"300\" height=\"225\" srcset=\"https:\/\/www.caudete.org\/ayuntamiento\/wp-content\/uploads\/2021\/06\/194595931_1228260790951235_2246656489108485420_n-300x225.jpg 300w, https:\/\/www.caudete.org\/ayuntamiento\/wp-content\/uploads\/2021\/06\/194595931_1228260790951235_2246656489108485420_n-768x576.jpg 768w, https:\/\/www.caudete.org\/ayuntamiento\/wp-content\/uploads\/2021\/06\/194595931_1228260790951235_2246656489108485420_n.jpg 1024w\" sizes=\"(max-width: 300px) 100vw, 300px\" \/><\/a><\/div>\n<div dir=\"auto\"><\/div>\n","protected":false},"excerpt":{"rendered":"<p>Las Concejal\u00edas de Educaci\u00f3n y Turismo han vuelto a retomar la campa\u00f1a de visitas escolares a los monumentos y museos de la localidad, con la finalidad de acercar el patrimonio cultural a los m\u00e1s j\u00f3venes, y sensibilizarlos con el mismo a la vez que se les hace conocedores de la historia de nuestro pueblo. En &hellip;<\/p>\n","protected":false},"author":3,"featured_media":14784,"comment_status":"closed","ping_status":"open","sticky":false,"template":"","format":"standard","meta":{"ngg_post_thumbnail":0,"footnotes":""},"categories":[43],"tags":[],"class_list":["post-14783","post","type-post","status-publish","format-standard","has-post-thumbnail","hentry","category-turismo"],"yoast_head":"<!-- This site is optimized with the Yoast SEO plugin v27.5 - https:\/\/yoast.com\/product\/yoast-seo-wordpress\/ -->\n<title>Visitas Did\u00e1cticas Escolares a los Monumentos y Museo de la Acuarela - MI Ayuntamiento de Caudete<\/title>\n<meta name=\"description\" content=\"P\u00e1gina Oficial del Ayuntamiento de Caudete (Albacete)\" \/>\n<meta name=\"robots\" content=\"index, follow, max-snippet:-1, max-image-preview:large, max-video-preview:-1\" \/>\n<link rel=\"canonical\" href=\"https:\/\/www.caudete.org\/ayuntamiento\/visitas-didacticas-escolares-a-los-monumentos-y-museo-de-la-acuarela\/\" \/>\n<meta property=\"og:locale\" content=\"es_ES\" \/>\n<meta property=\"og:type\" content=\"article\" \/>\n<meta property=\"og:title\" content=\"Visitas Did\u00e1cticas Escolares a los Monumentos y Museo de la Acuarela - MI Ayuntamiento de Caudete\" \/>\n<meta property=\"og:description\" content=\"P\u00e1gina Oficial del Ayuntamiento de Caudete (Albacete)\" \/>\n<meta property=\"og:url\" content=\"https:\/\/www.caudete.org\/ayuntamiento\/visitas-didacticas-escolares-a-los-monumentos-y-museo-de-la-acuarela\/\" \/>\n<meta property=\"og:site_name\" content=\"MI Ayuntamiento de Caudete\" \/>\n<meta property=\"article:publisher\" content=\"https:\/\/www.facebook.com\/ayuntamientocaudete\/\" \/>\n<meta property=\"article:published_time\" content=\"2021-06-08T12:49:23+00:00\" \/>\n<meta property=\"article:modified_time\" content=\"2021-06-08T14:48:12+00:00\" \/>\n<meta property=\"og:image\" content=\"https:\/\/www.caudete.org\/ayuntamiento\/wp-content\/uploads\/2021\/06\/194886604_1228260774284570_3184672700974993461_n.jpg\" \/>\n\t<meta property=\"og:image:width\" content=\"1024\" \/>\n\t<meta property=\"og:image:height\" content=\"591\" \/>\n\t<meta property=\"og:image:type\" content=\"image\/jpeg\" \/>\n<meta name=\"author\" content=\"alcalde\" \/>\n<meta name=\"twitter:card\" content=\"summary_large_image\" \/>\n<meta name=\"twitter:label1\" content=\"Escrito por\" \/>\n\t<meta name=\"twitter:data1\" content=\"alcalde\" \/>\n\t<meta name=\"twitter:label2\" content=\"Tiempo de lectura\" \/>\n\t<meta name=\"twitter:data2\" content=\"2 minutos\" \/>\n<script type=\"application\/ld+json\" class=\"yoast-schema-graph\">{\"@context\":\"https:\\\/\\\/schema.org\",\"@graph\":[{\"@type\":\"Article\",\"@id\":\"https:\\\/\\\/www.caudete.org\\\/ayuntamiento\\\/visitas-didacticas-escolares-a-los-monumentos-y-museo-de-la-acuarela\\\/#article\",\"isPartOf\":{\"@id\":\"https:\\\/\\\/www.caudete.org\\\/ayuntamiento\\\/visitas-didacticas-escolares-a-los-monumentos-y-museo-de-la-acuarela\\\/\"},\"author\":{\"name\":\"alcalde\",\"@id\":\"https:\\\/\\\/www.caudete.org\\\/ayuntamiento\\\/#\\\/schema\\\/person\\\/cc646da9133078ee4d8dd47457947253\"},\"headline\":\"Visitas Did\u00e1cticas Escolares a los Monumentos y Museo de la Acuarela\",\"datePublished\":\"2021-06-08T12:49:23+00:00\",\"dateModified\":\"2021-06-08T14:48:12+00:00\",\"mainEntityOfPage\":{\"@id\":\"https:\\\/\\\/www.caudete.org\\\/ayuntamiento\\\/visitas-didacticas-escolares-a-los-monumentos-y-museo-de-la-acuarela\\\/\"},\"wordCount\":228,\"image\":{\"@id\":\"https:\\\/\\\/www.caudete.org\\\/ayuntamiento\\\/visitas-didacticas-escolares-a-los-monumentos-y-museo-de-la-acuarela\\\/#primaryimage\"},\"thumbnailUrl\":\"https:\\\/\\\/www.caudete.org\\\/ayuntamiento\\\/wp-content\\\/uploads\\\/2021\\\/06\\\/194886604_1228260774284570_3184672700974993461_n.jpg\",\"articleSection\":[\"Turismo\"],\"inLanguage\":\"es\"},{\"@type\":\"WebPage\",\"@id\":\"https:\\\/\\\/www.caudete.org\\\/ayuntamiento\\\/visitas-didacticas-escolares-a-los-monumentos-y-museo-de-la-acuarela\\\/\",\"url\":\"https:\\\/\\\/www.caudete.org\\\/ayuntamiento\\\/visitas-didacticas-escolares-a-los-monumentos-y-museo-de-la-acuarela\\\/\",\"name\":\"Visitas Did\u00e1cticas Escolares a los Monumentos y Museo de la Acuarela - MI Ayuntamiento de Caudete\",\"isPartOf\":{\"@id\":\"https:\\\/\\\/www.caudete.org\\\/ayuntamiento\\\/#website\"},\"primaryImageOfPage\":{\"@id\":\"https:\\\/\\\/www.caudete.org\\\/ayuntamiento\\\/visitas-didacticas-escolares-a-los-monumentos-y-museo-de-la-acuarela\\\/#primaryimage\"},\"image\":{\"@id\":\"https:\\\/\\\/www.caudete.org\\\/ayuntamiento\\\/visitas-didacticas-escolares-a-los-monumentos-y-museo-de-la-acuarela\\\/#primaryimage\"},\"thumbnailUrl\":\"https:\\\/\\\/www.caudete.org\\\/ayuntamiento\\\/wp-content\\\/uploads\\\/2021\\\/06\\\/194886604_1228260774284570_3184672700974993461_n.jpg\",\"datePublished\":\"2021-06-08T12:49:23+00:00\",\"dateModified\":\"2021-06-08T14:48:12+00:00\",\"author\":{\"@id\":\"https:\\\/\\\/www.caudete.org\\\/ayuntamiento\\\/#\\\/schema\\\/person\\\/cc646da9133078ee4d8dd47457947253\"},\"description\":\"P\u00e1gina Oficial del Ayuntamiento de Caudete (Albacete)\",\"breadcrumb\":{\"@id\":\"https:\\\/\\\/www.caudete.org\\\/ayuntamiento\\\/visitas-didacticas-escolares-a-los-monumentos-y-museo-de-la-acuarela\\\/#breadcrumb\"},\"inLanguage\":\"es\",\"potentialAction\":[{\"@type\":\"ReadAction\",\"target\":[\"https:\\\/\\\/www.caudete.org\\\/ayuntamiento\\\/visitas-didacticas-escolares-a-los-monumentos-y-museo-de-la-acuarela\\\/\"]}]},{\"@type\":\"ImageObject\",\"inLanguage\":\"es\",\"@id\":\"https:\\\/\\\/www.caudete.org\\\/ayuntamiento\\\/visitas-didacticas-escolares-a-los-monumentos-y-museo-de-la-acuarela\\\/#primaryimage\",\"url\":\"https:\\\/\\\/www.caudete.org\\\/ayuntamiento\\\/wp-content\\\/uploads\\\/2021\\\/06\\\/194886604_1228260774284570_3184672700974993461_n.jpg\",\"contentUrl\":\"https:\\\/\\\/www.caudete.org\\\/ayuntamiento\\\/wp-content\\\/uploads\\\/2021\\\/06\\\/194886604_1228260774284570_3184672700974993461_n.jpg\",\"width\":1024,\"height\":591},{\"@type\":\"BreadcrumbList\",\"@id\":\"https:\\\/\\\/www.caudete.org\\\/ayuntamiento\\\/visitas-didacticas-escolares-a-los-monumentos-y-museo-de-la-acuarela\\\/#breadcrumb\",\"itemListElement\":[{\"@type\":\"ListItem\",\"position\":1,\"name\":\"Inicio\",\"item\":\"https:\\\/\\\/www.caudete.org\\\/ayuntamiento\\\/\"},{\"@type\":\"ListItem\",\"position\":2,\"name\":\"Visitas Did\u00e1cticas Escolares a los Monumentos y Museo de la Acuarela\"}]},{\"@type\":\"WebSite\",\"@id\":\"https:\\\/\\\/www.caudete.org\\\/ayuntamiento\\\/#website\",\"url\":\"https:\\\/\\\/www.caudete.org\\\/ayuntamiento\\\/\",\"name\":\"MI Ayuntamiento de Caudete\",\"description\":\"P\u00e1gina Oficial del MI Ayuntamiento de Caudete\",\"potentialAction\":[{\"@type\":\"SearchAction\",\"target\":{\"@type\":\"EntryPoint\",\"urlTemplate\":\"https:\\\/\\\/www.caudete.org\\\/ayuntamiento\\\/?s={search_term_string}\"},\"query-input\":{\"@type\":\"PropertyValueSpecification\",\"valueRequired\":true,\"valueName\":\"search_term_string\"}}],\"inLanguage\":\"es\"},{\"@type\":\"Person\",\"@id\":\"https:\\\/\\\/www.caudete.org\\\/ayuntamiento\\\/#\\\/schema\\\/person\\\/cc646da9133078ee4d8dd47457947253\",\"name\":\"alcalde\",\"image\":{\"@type\":\"ImageObject\",\"inLanguage\":\"es\",\"@id\":\"https:\\\/\\\/secure.gravatar.com\\\/avatar\\\/84a817ba065b29ff08d666b215a215f5c79186a645ccb25b14a663d48a130f77?s=96&d=mm&r=g\",\"url\":\"https:\\\/\\\/secure.gravatar.com\\\/avatar\\\/84a817ba065b29ff08d666b215a215f5c79186a645ccb25b14a663d48a130f77?s=96&d=mm&r=g\",\"contentUrl\":\"https:\\\/\\\/secure.gravatar.com\\\/avatar\\\/84a817ba065b29ff08d666b215a215f5c79186a645ccb25b14a663d48a130f77?s=96&d=mm&r=g\",\"caption\":\"alcalde\"},\"url\":\"https:\\\/\\\/www.caudete.org\\\/ayuntamiento\\\/author\\\/alcalde\\\/\"}]}<\/script>\n<!-- \/ Yoast SEO plugin. -->","yoast_head_json":{"title":"Visitas Did\u00e1cticas Escolares a los Monumentos y Museo de la Acuarela - MI Ayuntamiento de Caudete","description":"P\u00e1gina Oficial del Ayuntamiento de Caudete (Albacete)","robots":{"index":"index","follow":"follow","max-snippet":"max-snippet:-1","max-image-preview":"max-image-preview:large","max-video-preview":"max-video-preview:-1"},"canonical":"https:\/\/www.caudete.org\/ayuntamiento\/visitas-didacticas-escolares-a-los-monumentos-y-museo-de-la-acuarela\/","og_locale":"es_ES","og_type":"article","og_title":"Visitas Did\u00e1cticas Escolares a los Monumentos y Museo de la Acuarela - MI Ayuntamiento de Caudete","og_description":"P\u00e1gina Oficial del Ayuntamiento de Caudete (Albacete)","og_url":"https:\/\/www.caudete.org\/ayuntamiento\/visitas-didacticas-escolares-a-los-monumentos-y-museo-de-la-acuarela\/","og_site_name":"MI Ayuntamiento de Caudete","article_publisher":"https:\/\/www.facebook.com\/ayuntamientocaudete\/","article_published_time":"2021-06-08T12:49:23+00:00","article_modified_time":"2021-06-08T14:48:12+00:00","og_image":[{"width":1024,"height":591,"url":"https:\/\/www.caudete.org\/ayuntamiento\/wp-content\/uploads\/2021\/06\/194886604_1228260774284570_3184672700974993461_n.jpg","type":"image\/jpeg"}],"author":"alcalde","twitter_card":"summary_large_image","twitter_misc":{"Escrito por":"alcalde","Tiempo de lectura":"2 minutos"},"schema":{"@context":"https:\/\/schema.org","@graph":[{"@type":"Article","@id":"https:\/\/www.caudete.org\/ayuntamiento\/visitas-didacticas-escolares-a-los-monumentos-y-museo-de-la-acuarela\/#article","isPartOf":{"@id":"https:\/\/www.caudete.org\/ayuntamiento\/visitas-didacticas-escolares-a-los-monumentos-y-museo-de-la-acuarela\/"},"author":{"name":"alcalde","@id":"https:\/\/www.caudete.org\/ayuntamiento\/#\/schema\/person\/cc646da9133078ee4d8dd47457947253"},"headline":"Visitas Did\u00e1cticas Escolares a los Monumentos y Museo de la Acuarela","datePublished":"2021-06-08T12:49:23+00:00","dateModified":"2021-06-08T14:48:12+00:00","mainEntityOfPage":{"@id":"https:\/\/www.caudete.org\/ayuntamiento\/visitas-didacticas-escolares-a-los-monumentos-y-museo-de-la-acuarela\/"},"wordCount":228,"image":{"@id":"https:\/\/www.caudete.org\/ayuntamiento\/visitas-didacticas-escolares-a-los-monumentos-y-museo-de-la-acuarela\/#primaryimage"},"thumbnailUrl":"https:\/\/www.caudete.org\/ayuntamiento\/wp-content\/uploads\/2021\/06\/194886604_1228260774284570_3184672700974993461_n.jpg","articleSection":["Turismo"],"inLanguage":"es"},{"@type":"WebPage","@id":"https:\/\/www.caudete.org\/ayuntamiento\/visitas-didacticas-escolares-a-los-monumentos-y-museo-de-la-acuarela\/","url":"https:\/\/www.caudete.org\/ayuntamiento\/visitas-didacticas-escolares-a-los-monumentos-y-museo-de-la-acuarela\/","name":"Visitas Did\u00e1cticas Escolares a los Monumentos y Museo de la Acuarela - MI Ayuntamiento de Caudete","isPartOf":{"@id":"https:\/\/www.caudete.org\/ayuntamiento\/#website"},"primaryImageOfPage":{"@id":"https:\/\/www.caudete.org\/ayuntamiento\/visitas-didacticas-escolares-a-los-monumentos-y-museo-de-la-acuarela\/#primaryimage"},"image":{"@id":"https:\/\/www.caudete.org\/ayuntamiento\/visitas-didacticas-escolares-a-los-monumentos-y-museo-de-la-acuarela\/#primaryimage"},"thumbnailUrl":"https:\/\/www.caudete.org\/ayuntamiento\/wp-content\/uploads\/2021\/06\/194886604_1228260774284570_3184672700974993461_n.jpg","datePublished":"2021-06-08T12:49:23+00:00","dateModified":"2021-06-08T14:48:12+00:00","author":{"@id":"https:\/\/www.caudete.org\/ayuntamiento\/#\/schema\/person\/cc646da9133078ee4d8dd47457947253"},"description":"P\u00e1gina Oficial del Ayuntamiento de Caudete (Albacete)","breadcrumb":{"@id":"https:\/\/www.caudete.org\/ayuntamiento\/visitas-didacticas-escolares-a-los-monumentos-y-museo-de-la-acuarela\/#breadcrumb"},"inLanguage":"es","potentialAction":[{"@type":"ReadAction","target":["https:\/\/www.caudete.org\/ayuntamiento\/visitas-didacticas-escolares-a-los-monumentos-y-museo-de-la-acuarela\/"]}]},{"@type":"ImageObject","inLanguage":"es","@id":"https:\/\/www.caudete.org\/ayuntamiento\/visitas-didacticas-escolares-a-los-monumentos-y-museo-de-la-acuarela\/#primaryimage","url":"https:\/\/www.caudete.org\/ayuntamiento\/wp-content\/uploads\/2021\/06\/194886604_1228260774284570_3184672700974993461_n.jpg","contentUrl":"https:\/\/www.caudete.org\/ayuntamiento\/wp-content\/uploads\/2021\/06\/194886604_1228260774284570_3184672700974993461_n.jpg","width":1024,"height":591},{"@type":"BreadcrumbList","@id":"https:\/\/www.caudete.org\/ayuntamiento\/visitas-didacticas-escolares-a-los-monumentos-y-museo-de-la-acuarela\/#breadcrumb","itemListElement":[{"@type":"ListItem","position":1,"name":"Inicio","item":"https:\/\/www.caudete.org\/ayuntamiento\/"},{"@type":"ListItem","position":2,"name":"Visitas Did\u00e1cticas Escolares a los Monumentos y Museo de la Acuarela"}]},{"@type":"WebSite","@id":"https:\/\/www.caudete.org\/ayuntamiento\/#website","url":"https:\/\/www.caudete.org\/ayuntamiento\/","name":"MI Ayuntamiento de Caudete","description":"P\u00e1gina Oficial del MI Ayuntamiento de Caudete","potentialAction":[{"@type":"SearchAction","target":{"@type":"EntryPoint","urlTemplate":"https:\/\/www.caudete.org\/ayuntamiento\/?s={search_term_string}"},"query-input":{"@type":"PropertyValueSpecification","valueRequired":true,"valueName":"search_term_string"}}],"inLanguage":"es"},{"@type":"Person","@id":"https:\/\/www.caudete.org\/ayuntamiento\/#\/schema\/person\/cc646da9133078ee4d8dd47457947253","name":"alcalde","image":{"@type":"ImageObject","inLanguage":"es","@id":"https:\/\/secure.gravatar.com\/avatar\/84a817ba065b29ff08d666b215a215f5c79186a645ccb25b14a663d48a130f77?s=96&d=mm&r=g","url":"https:\/\/secure.gravatar.com\/avatar\/84a817ba065b29ff08d666b215a215f5c79186a645ccb25b14a663d48a130f77?s=96&d=mm&r=g","contentUrl":"https:\/\/secure.gravatar.com\/avatar\/84a817ba065b29ff08d666b215a215f5c79186a645ccb25b14a663d48a130f77?s=96&d=mm&r=g","caption":"alcalde"},"url":"https:\/\/www.caudete.org\/ayuntamiento\/author\/alcalde\/"}]}},"_links":{"self":[{"href":"https:\/\/www.caudete.org\/ayuntamiento\/wp-json\/wp\/v2\/posts\/14783","targetHints":{"allow":["GET"]}}],"collection":[{"href":"https:\/\/www.caudete.org\/ayuntamiento\/wp-json\/wp\/v2\/posts"}],"about":[{"href":"https:\/\/www.caudete.org\/ayuntamiento\/wp-json\/wp\/v2\/types\/post"}],"author":[{"embeddable":true,"href":"https:\/\/www.caudete.org\/ayuntamiento\/wp-json\/wp\/v2\/users\/3"}],"replies":[{"embeddable":true,"href":"https:\/\/www.caudete.org\/ayuntamiento\/wp-json\/wp\/v2\/comments?post=14783"}],"version-history":[{"count":2,"href":"https:\/\/www.caudete.org\/ayuntamiento\/wp-json\/wp\/v2\/posts\/14783\/revisions"}],"predecessor-version":[{"id":14796,"href":"https:\/\/www.caudete.org\/ayuntamiento\/wp-json\/wp\/v2\/posts\/14783\/revisions\/14796"}],"wp:featuredmedia":[{"embeddable":true,"href":"https:\/\/www.caudete.org\/ayuntamiento\/wp-json\/wp\/v2\/media\/14784"}],"wp:attachment":[{"href":"https:\/\/www.caudete.org\/ayuntamiento\/wp-json\/wp\/v2\/media?parent=14783"}],"wp:term":[{"taxonomy":"category","embeddable":true,"href":"https:\/\/www.caudete.org\/ayuntamiento\/wp-json\/wp\/v2\/categories?post=14783"},{"taxonomy":"post_tag","embeddable":true,"href":"https:\/\/www.caudete.org\/ayuntamiento\/wp-json\/wp\/v2\/tags?post=14783"}],"curies":[{"name":"wp","href":"https:\/\/api.w.org\/{rel}","templated":true}]}}