{"id":14810,"date":"2021-06-09T14:48:14","date_gmt":"2021-06-09T12:48:14","guid":{"rendered":"https:\/\/www.caudete.org\/ayuntamiento\/?p=14810"},"modified":"2021-06-09T15:54:35","modified_gmt":"2021-06-09T13:54:35","slug":"caudete-plantea-recuperar-el-plan-de-accion-local-con-la-participacion-ciudadana","status":"publish","type":"post","link":"https:\/\/www.caudete.org\/ayuntamiento\/caudete-plantea-recuperar-el-plan-de-accion-local-con-la-participacion-ciudadana\/","title":{"rendered":"Caudete plantea recuperar el Plan de Acci\u00f3n Local, con la participaci\u00f3n ciudadana"},"content":{"rendered":"<p style=\"text-align: justify;\">Si en el pasado mes de Noviembre el Pleno Municipal daba el visto bueno a sumarse a la Red de Entidades Locales por la Agenda 2030, ahora el Ayuntamiento da un paso m\u00e1s y ha solicitado acogerse a la subvenci\u00f3n que la Excma. Diputaci\u00f3n Provincial de Albacete ha emitido para que los municipios albacete\u00f1os puedan desarrollar o actualizar sus Planes de Acci\u00f3n Local para la consecuci\u00f3n de los 17 ODS (objetivos de desarrollo sostenible) contemplados en la Agenda 2030.<\/p>\n<p style=\"text-align: justify;\">As\u00ed pues, el Consistorio caudetano retoma el antiguo Plan de Acci\u00f3n Local 2010-2015 que fue desarrollado por el Foro de la Agenda 21 como punto de partida, con el objetivo de realizar un an\u00e1lisis de cumplimiento sobre el mismo, y a partir de la diagnosis que se realice en el municipio, elaborar un nuevo Plan de Acci\u00f3n Local alineado a la Agenda 2030.<\/p>\n<p style=\"text-align: justify;\">En este proceso, la participaci\u00f3n ciudadana juega un papel esencial y protagonista. Por ello, el pasado viernes el Ayuntamiento organiz\u00f3 mediante videoconferencia una reuni\u00f3n con quienes estuvieron al frente del Foro de Participaci\u00f3n Ciudadana de la Agenda 21. El objetivo, hacerles conocedores de primera mano de las intenciones y l\u00ednea de trabajo del Consistorio, donde no solamente figura reactivar el Plan de Acci\u00f3n Local, sino tambi\u00e9n la participaci\u00f3n de los caudetanos en el dise\u00f1o de la ciudad.<\/p>\n<p style=\"text-align: justify;\">De esta forma, el Alcalde invit\u00f3 a tanto a quien fuera Presidente del Foro, Manuel Ba\u00f1\u00f3n, como a los Coordinadores de las Mesas Sectoriales de Medio Ambiente, Sociocultural y Socioecon\u00f3mica (Joaqu\u00edn Franc\u00e9s, Arturo Gonz\u00e1lez, Eugenio Conejero y Ambrosio S\u00e1nchez, respectivamente),\u00a0 vuelvan &#8220;<em>a formar parte de este proyecto que se retoma, un proyecto que en su d\u00eda dio buenos resultados, y del que ahora sin duda, Caudete saldr\u00e1 reforzado<\/em>&#8220;.<\/p>\n<p style=\"text-align: justify;\">A expensas del resultado que tome la Excma. Diputaci\u00f3n con la solicitud de subvenci\u00f3n, el Ayuntamiento va a trabajar junto a los integrantes de la reuni\u00f3n la forma de hacer realidad un asunto que promovido por el Consistorio, fue bien recibido por la representaci\u00f3n ciudadana en la reuni\u00f3n.<\/p>\n","protected":false},"excerpt":{"rendered":"<p>Si en el pasado mes de Noviembre el Pleno Municipal daba el visto bueno a sumarse a la Red de Entidades Locales por la Agenda 2030, ahora el Ayuntamiento da un paso m\u00e1s y ha solicitado acogerse a la subvenci\u00f3n que la Excma. Diputaci\u00f3n Provincial de Albacete ha emitido para que los municipios albacete\u00f1os puedan &hellip;<\/p>\n","protected":false},"author":3,"featured_media":14813,"comment_status":"closed","ping_status":"open","sticky":false,"template":"","format":"standard","meta":{"ngg_post_thumbnail":0,"footnotes":""},"categories":[38],"tags":[],"class_list":["post-14810","post","type-post","status-publish","format-standard","has-post-thumbnail","hentry","category-participacion-ciudadana"],"yoast_head":"<!-- This site is optimized with the Yoast SEO plugin v27.5 - https:\/\/yoast.com\/product\/yoast-seo-wordpress\/ -->\n<title>Caudete plantea recuperar el Plan de Acci\u00f3n Local, con la participaci\u00f3n ciudadana - MI Ayuntamiento de Caudete<\/title>\n<meta name=\"description\" content=\"P\u00e1gina Oficial del Ayuntamiento de Caudete (Albacete)\" \/>\n<meta name=\"robots\" content=\"index, follow, max-snippet:-1, max-image-preview:large, max-video-preview:-1\" \/>\n<link rel=\"canonical\" href=\"https:\/\/www.caudete.org\/ayuntamiento\/caudete-plantea-recuperar-el-plan-de-accion-local-con-la-participacion-ciudadana\/\" \/>\n<meta property=\"og:locale\" content=\"es_ES\" \/>\n<meta property=\"og:type\" content=\"article\" \/>\n<meta property=\"og:title\" content=\"Caudete plantea recuperar el Plan de Acci\u00f3n Local, con la participaci\u00f3n ciudadana - MI Ayuntamiento de Caudete\" \/>\n<meta property=\"og:description\" content=\"P\u00e1gina Oficial del Ayuntamiento de Caudete (Albacete)\" \/>\n<meta property=\"og:url\" content=\"https:\/\/www.caudete.org\/ayuntamiento\/caudete-plantea-recuperar-el-plan-de-accion-local-con-la-participacion-ciudadana\/\" \/>\n<meta property=\"og:site_name\" content=\"MI Ayuntamiento de Caudete\" \/>\n<meta property=\"article:publisher\" content=\"https:\/\/www.facebook.com\/ayuntamientocaudete\/\" \/>\n<meta property=\"article:published_time\" content=\"2021-06-09T12:48:14+00:00\" \/>\n<meta property=\"article:modified_time\" content=\"2021-06-09T13:54:35+00:00\" \/>\n<meta property=\"og:image\" content=\"https:\/\/www.caudete.org\/ayuntamiento\/wp-content\/uploads\/2021\/06\/Agenda-2031-Web.jpg\" \/>\n\t<meta property=\"og:image:width\" content=\"864\" \/>\n\t<meta property=\"og:image:height\" content=\"380\" \/>\n\t<meta property=\"og:image:type\" content=\"image\/jpeg\" \/>\n<meta name=\"author\" content=\"alcalde\" \/>\n<meta name=\"twitter:card\" content=\"summary_large_image\" \/>\n<meta name=\"twitter:label1\" content=\"Escrito por\" \/>\n\t<meta name=\"twitter:data1\" content=\"alcalde\" \/>\n\t<meta name=\"twitter:label2\" content=\"Tiempo de lectura\" \/>\n\t<meta name=\"twitter:data2\" content=\"2 minutos\" \/>\n<script type=\"application\/ld+json\" class=\"yoast-schema-graph\">{\"@context\":\"https:\\\/\\\/schema.org\",\"@graph\":[{\"@type\":\"Article\",\"@id\":\"https:\\\/\\\/www.caudete.org\\\/ayuntamiento\\\/caudete-plantea-recuperar-el-plan-de-accion-local-con-la-participacion-ciudadana\\\/#article\",\"isPartOf\":{\"@id\":\"https:\\\/\\\/www.caudete.org\\\/ayuntamiento\\\/caudete-plantea-recuperar-el-plan-de-accion-local-con-la-participacion-ciudadana\\\/\"},\"author\":{\"name\":\"alcalde\",\"@id\":\"https:\\\/\\\/www.caudete.org\\\/ayuntamiento\\\/#\\\/schema\\\/person\\\/cc646da9133078ee4d8dd47457947253\"},\"headline\":\"Caudete plantea recuperar el Plan de Acci\u00f3n Local, con la participaci\u00f3n ciudadana\",\"datePublished\":\"2021-06-09T12:48:14+00:00\",\"dateModified\":\"2021-06-09T13:54:35+00:00\",\"mainEntityOfPage\":{\"@id\":\"https:\\\/\\\/www.caudete.org\\\/ayuntamiento\\\/caudete-plantea-recuperar-el-plan-de-accion-local-con-la-participacion-ciudadana\\\/\"},\"wordCount\":372,\"image\":{\"@id\":\"https:\\\/\\\/www.caudete.org\\\/ayuntamiento\\\/caudete-plantea-recuperar-el-plan-de-accion-local-con-la-participacion-ciudadana\\\/#primaryimage\"},\"thumbnailUrl\":\"https:\\\/\\\/www.caudete.org\\\/ayuntamiento\\\/wp-content\\\/uploads\\\/2021\\\/06\\\/Agenda-2031-Web.jpg\",\"articleSection\":[\"Participaci\u00f3n Ciudadana\"],\"inLanguage\":\"es\"},{\"@type\":\"WebPage\",\"@id\":\"https:\\\/\\\/www.caudete.org\\\/ayuntamiento\\\/caudete-plantea-recuperar-el-plan-de-accion-local-con-la-participacion-ciudadana\\\/\",\"url\":\"https:\\\/\\\/www.caudete.org\\\/ayuntamiento\\\/caudete-plantea-recuperar-el-plan-de-accion-local-con-la-participacion-ciudadana\\\/\",\"name\":\"Caudete plantea recuperar el Plan de Acci\u00f3n Local, con la participaci\u00f3n ciudadana - MI Ayuntamiento de Caudete\",\"isPartOf\":{\"@id\":\"https:\\\/\\\/www.caudete.org\\\/ayuntamiento\\\/#website\"},\"primaryImageOfPage\":{\"@id\":\"https:\\\/\\\/www.caudete.org\\\/ayuntamiento\\\/caudete-plantea-recuperar-el-plan-de-accion-local-con-la-participacion-ciudadana\\\/#primaryimage\"},\"image\":{\"@id\":\"https:\\\/\\\/www.caudete.org\\\/ayuntamiento\\\/caudete-plantea-recuperar-el-plan-de-accion-local-con-la-participacion-ciudadana\\\/#primaryimage\"},\"thumbnailUrl\":\"https:\\\/\\\/www.caudete.org\\\/ayuntamiento\\\/wp-content\\\/uploads\\\/2021\\\/06\\\/Agenda-2031-Web.jpg\",\"datePublished\":\"2021-06-09T12:48:14+00:00\",\"dateModified\":\"2021-06-09T13:54:35+00:00\",\"author\":{\"@id\":\"https:\\\/\\\/www.caudete.org\\\/ayuntamiento\\\/#\\\/schema\\\/person\\\/cc646da9133078ee4d8dd47457947253\"},\"description\":\"P\u00e1gina Oficial del Ayuntamiento de Caudete (Albacete)\",\"breadcrumb\":{\"@id\":\"https:\\\/\\\/www.caudete.org\\\/ayuntamiento\\\/caudete-plantea-recuperar-el-plan-de-accion-local-con-la-participacion-ciudadana\\\/#breadcrumb\"},\"inLanguage\":\"es\",\"potentialAction\":[{\"@type\":\"ReadAction\",\"target\":[\"https:\\\/\\\/www.caudete.org\\\/ayuntamiento\\\/caudete-plantea-recuperar-el-plan-de-accion-local-con-la-participacion-ciudadana\\\/\"]}]},{\"@type\":\"ImageObject\",\"inLanguage\":\"es\",\"@id\":\"https:\\\/\\\/www.caudete.org\\\/ayuntamiento\\\/caudete-plantea-recuperar-el-plan-de-accion-local-con-la-participacion-ciudadana\\\/#primaryimage\",\"url\":\"https:\\\/\\\/www.caudete.org\\\/ayuntamiento\\\/wp-content\\\/uploads\\\/2021\\\/06\\\/Agenda-2031-Web.jpg\",\"contentUrl\":\"https:\\\/\\\/www.caudete.org\\\/ayuntamiento\\\/wp-content\\\/uploads\\\/2021\\\/06\\\/Agenda-2031-Web.jpg\",\"width\":864,\"height\":380},{\"@type\":\"BreadcrumbList\",\"@id\":\"https:\\\/\\\/www.caudete.org\\\/ayuntamiento\\\/caudete-plantea-recuperar-el-plan-de-accion-local-con-la-participacion-ciudadana\\\/#breadcrumb\",\"itemListElement\":[{\"@type\":\"ListItem\",\"position\":1,\"name\":\"Inicio\",\"item\":\"https:\\\/\\\/www.caudete.org\\\/ayuntamiento\\\/\"},{\"@type\":\"ListItem\",\"position\":2,\"name\":\"Caudete plantea recuperar el Plan de Acci\u00f3n Local, con la participaci\u00f3n ciudadana\"}]},{\"@type\":\"WebSite\",\"@id\":\"https:\\\/\\\/www.caudete.org\\\/ayuntamiento\\\/#website\",\"url\":\"https:\\\/\\\/www.caudete.org\\\/ayuntamiento\\\/\",\"name\":\"MI Ayuntamiento de Caudete\",\"description\":\"P\u00e1gina Oficial del MI Ayuntamiento de Caudete\",\"potentialAction\":[{\"@type\":\"SearchAction\",\"target\":{\"@type\":\"EntryPoint\",\"urlTemplate\":\"https:\\\/\\\/www.caudete.org\\\/ayuntamiento\\\/?s={search_term_string}\"},\"query-input\":{\"@type\":\"PropertyValueSpecification\",\"valueRequired\":true,\"valueName\":\"search_term_string\"}}],\"inLanguage\":\"es\"},{\"@type\":\"Person\",\"@id\":\"https:\\\/\\\/www.caudete.org\\\/ayuntamiento\\\/#\\\/schema\\\/person\\\/cc646da9133078ee4d8dd47457947253\",\"name\":\"alcalde\",\"image\":{\"@type\":\"ImageObject\",\"inLanguage\":\"es\",\"@id\":\"https:\\\/\\\/secure.gravatar.com\\\/avatar\\\/84a817ba065b29ff08d666b215a215f5c79186a645ccb25b14a663d48a130f77?s=96&d=mm&r=g\",\"url\":\"https:\\\/\\\/secure.gravatar.com\\\/avatar\\\/84a817ba065b29ff08d666b215a215f5c79186a645ccb25b14a663d48a130f77?s=96&d=mm&r=g\",\"contentUrl\":\"https:\\\/\\\/secure.gravatar.com\\\/avatar\\\/84a817ba065b29ff08d666b215a215f5c79186a645ccb25b14a663d48a130f77?s=96&d=mm&r=g\",\"caption\":\"alcalde\"},\"url\":\"https:\\\/\\\/www.caudete.org\\\/ayuntamiento\\\/author\\\/alcalde\\\/\"}]}<\/script>\n<!-- \/ Yoast SEO plugin. -->","yoast_head_json":{"title":"Caudete plantea recuperar el Plan de Acci\u00f3n Local, con la participaci\u00f3n ciudadana - MI Ayuntamiento de Caudete","description":"P\u00e1gina Oficial del Ayuntamiento de Caudete (Albacete)","robots":{"index":"index","follow":"follow","max-snippet":"max-snippet:-1","max-image-preview":"max-image-preview:large","max-video-preview":"max-video-preview:-1"},"canonical":"https:\/\/www.caudete.org\/ayuntamiento\/caudete-plantea-recuperar-el-plan-de-accion-local-con-la-participacion-ciudadana\/","og_locale":"es_ES","og_type":"article","og_title":"Caudete plantea recuperar el Plan de Acci\u00f3n Local, con la participaci\u00f3n ciudadana - MI Ayuntamiento de Caudete","og_description":"P\u00e1gina Oficial del Ayuntamiento de Caudete (Albacete)","og_url":"https:\/\/www.caudete.org\/ayuntamiento\/caudete-plantea-recuperar-el-plan-de-accion-local-con-la-participacion-ciudadana\/","og_site_name":"MI Ayuntamiento de Caudete","article_publisher":"https:\/\/www.facebook.com\/ayuntamientocaudete\/","article_published_time":"2021-06-09T12:48:14+00:00","article_modified_time":"2021-06-09T13:54:35+00:00","og_image":[{"width":864,"height":380,"url":"https:\/\/www.caudete.org\/ayuntamiento\/wp-content\/uploads\/2021\/06\/Agenda-2031-Web.jpg","type":"image\/jpeg"}],"author":"alcalde","twitter_card":"summary_large_image","twitter_misc":{"Escrito por":"alcalde","Tiempo de lectura":"2 minutos"},"schema":{"@context":"https:\/\/schema.org","@graph":[{"@type":"Article","@id":"https:\/\/www.caudete.org\/ayuntamiento\/caudete-plantea-recuperar-el-plan-de-accion-local-con-la-participacion-ciudadana\/#article","isPartOf":{"@id":"https:\/\/www.caudete.org\/ayuntamiento\/caudete-plantea-recuperar-el-plan-de-accion-local-con-la-participacion-ciudadana\/"},"author":{"name":"alcalde","@id":"https:\/\/www.caudete.org\/ayuntamiento\/#\/schema\/person\/cc646da9133078ee4d8dd47457947253"},"headline":"Caudete plantea recuperar el Plan de Acci\u00f3n Local, con la participaci\u00f3n ciudadana","datePublished":"2021-06-09T12:48:14+00:00","dateModified":"2021-06-09T13:54:35+00:00","mainEntityOfPage":{"@id":"https:\/\/www.caudete.org\/ayuntamiento\/caudete-plantea-recuperar-el-plan-de-accion-local-con-la-participacion-ciudadana\/"},"wordCount":372,"image":{"@id":"https:\/\/www.caudete.org\/ayuntamiento\/caudete-plantea-recuperar-el-plan-de-accion-local-con-la-participacion-ciudadana\/#primaryimage"},"thumbnailUrl":"https:\/\/www.caudete.org\/ayuntamiento\/wp-content\/uploads\/2021\/06\/Agenda-2031-Web.jpg","articleSection":["Participaci\u00f3n Ciudadana"],"inLanguage":"es"},{"@type":"WebPage","@id":"https:\/\/www.caudete.org\/ayuntamiento\/caudete-plantea-recuperar-el-plan-de-accion-local-con-la-participacion-ciudadana\/","url":"https:\/\/www.caudete.org\/ayuntamiento\/caudete-plantea-recuperar-el-plan-de-accion-local-con-la-participacion-ciudadana\/","name":"Caudete plantea recuperar el Plan de Acci\u00f3n Local, con la participaci\u00f3n ciudadana - MI Ayuntamiento de Caudete","isPartOf":{"@id":"https:\/\/www.caudete.org\/ayuntamiento\/#website"},"primaryImageOfPage":{"@id":"https:\/\/www.caudete.org\/ayuntamiento\/caudete-plantea-recuperar-el-plan-de-accion-local-con-la-participacion-ciudadana\/#primaryimage"},"image":{"@id":"https:\/\/www.caudete.org\/ayuntamiento\/caudete-plantea-recuperar-el-plan-de-accion-local-con-la-participacion-ciudadana\/#primaryimage"},"thumbnailUrl":"https:\/\/www.caudete.org\/ayuntamiento\/wp-content\/uploads\/2021\/06\/Agenda-2031-Web.jpg","datePublished":"2021-06-09T12:48:14+00:00","dateModified":"2021-06-09T13:54:35+00:00","author":{"@id":"https:\/\/www.caudete.org\/ayuntamiento\/#\/schema\/person\/cc646da9133078ee4d8dd47457947253"},"description":"P\u00e1gina Oficial del Ayuntamiento de Caudete (Albacete)","breadcrumb":{"@id":"https:\/\/www.caudete.org\/ayuntamiento\/caudete-plantea-recuperar-el-plan-de-accion-local-con-la-participacion-ciudadana\/#breadcrumb"},"inLanguage":"es","potentialAction":[{"@type":"ReadAction","target":["https:\/\/www.caudete.org\/ayuntamiento\/caudete-plantea-recuperar-el-plan-de-accion-local-con-la-participacion-ciudadana\/"]}]},{"@type":"ImageObject","inLanguage":"es","@id":"https:\/\/www.caudete.org\/ayuntamiento\/caudete-plantea-recuperar-el-plan-de-accion-local-con-la-participacion-ciudadana\/#primaryimage","url":"https:\/\/www.caudete.org\/ayuntamiento\/wp-content\/uploads\/2021\/06\/Agenda-2031-Web.jpg","contentUrl":"https:\/\/www.caudete.org\/ayuntamiento\/wp-content\/uploads\/2021\/06\/Agenda-2031-Web.jpg","width":864,"height":380},{"@type":"BreadcrumbList","@id":"https:\/\/www.caudete.org\/ayuntamiento\/caudete-plantea-recuperar-el-plan-de-accion-local-con-la-participacion-ciudadana\/#breadcrumb","itemListElement":[{"@type":"ListItem","position":1,"name":"Inicio","item":"https:\/\/www.caudete.org\/ayuntamiento\/"},{"@type":"ListItem","position":2,"name":"Caudete plantea recuperar el Plan de Acci\u00f3n Local, con la participaci\u00f3n ciudadana"}]},{"@type":"WebSite","@id":"https:\/\/www.caudete.org\/ayuntamiento\/#website","url":"https:\/\/www.caudete.org\/ayuntamiento\/","name":"MI Ayuntamiento de Caudete","description":"P\u00e1gina Oficial del MI Ayuntamiento de Caudete","potentialAction":[{"@type":"SearchAction","target":{"@type":"EntryPoint","urlTemplate":"https:\/\/www.caudete.org\/ayuntamiento\/?s={search_term_string}"},"query-input":{"@type":"PropertyValueSpecification","valueRequired":true,"valueName":"search_term_string"}}],"inLanguage":"es"},{"@type":"Person","@id":"https:\/\/www.caudete.org\/ayuntamiento\/#\/schema\/person\/cc646da9133078ee4d8dd47457947253","name":"alcalde","image":{"@type":"ImageObject","inLanguage":"es","@id":"https:\/\/secure.gravatar.com\/avatar\/84a817ba065b29ff08d666b215a215f5c79186a645ccb25b14a663d48a130f77?s=96&d=mm&r=g","url":"https:\/\/secure.gravatar.com\/avatar\/84a817ba065b29ff08d666b215a215f5c79186a645ccb25b14a663d48a130f77?s=96&d=mm&r=g","contentUrl":"https:\/\/secure.gravatar.com\/avatar\/84a817ba065b29ff08d666b215a215f5c79186a645ccb25b14a663d48a130f77?s=96&d=mm&r=g","caption":"alcalde"},"url":"https:\/\/www.caudete.org\/ayuntamiento\/author\/alcalde\/"}]}},"_links":{"self":[{"href":"https:\/\/www.caudete.org\/ayuntamiento\/wp-json\/wp\/v2\/posts\/14810","targetHints":{"allow":["GET"]}}],"collection":[{"href":"https:\/\/www.caudete.org\/ayuntamiento\/wp-json\/wp\/v2\/posts"}],"about":[{"href":"https:\/\/www.caudete.org\/ayuntamiento\/wp-json\/wp\/v2\/types\/post"}],"author":[{"embeddable":true,"href":"https:\/\/www.caudete.org\/ayuntamiento\/wp-json\/wp\/v2\/users\/3"}],"replies":[{"embeddable":true,"href":"https:\/\/www.caudete.org\/ayuntamiento\/wp-json\/wp\/v2\/comments?post=14810"}],"version-history":[{"count":1,"href":"https:\/\/www.caudete.org\/ayuntamiento\/wp-json\/wp\/v2\/posts\/14810\/revisions"}],"predecessor-version":[{"id":14812,"href":"https:\/\/www.caudete.org\/ayuntamiento\/wp-json\/wp\/v2\/posts\/14810\/revisions\/14812"}],"wp:featuredmedia":[{"embeddable":true,"href":"https:\/\/www.caudete.org\/ayuntamiento\/wp-json\/wp\/v2\/media\/14813"}],"wp:attachment":[{"href":"https:\/\/www.caudete.org\/ayuntamiento\/wp-json\/wp\/v2\/media?parent=14810"}],"wp:term":[{"taxonomy":"category","embeddable":true,"href":"https:\/\/www.caudete.org\/ayuntamiento\/wp-json\/wp\/v2\/categories?post=14810"},{"taxonomy":"post_tag","embeddable":true,"href":"https:\/\/www.caudete.org\/ayuntamiento\/wp-json\/wp\/v2\/tags?post=14810"}],"curies":[{"name":"wp","href":"https:\/\/api.w.org\/{rel}","templated":true}]}}