{"id":14816,"date":"2021-06-09T17:41:12","date_gmt":"2021-06-09T15:41:12","guid":{"rendered":"https:\/\/www.caudete.org\/ayuntamiento\/?p=14816"},"modified":"2021-06-15T11:28:57","modified_gmt":"2021-06-15T09:28:57","slug":"el-bar-de-la-piscina-sale-a-licitacion-hasta-el-dia-22","status":"publish","type":"post","link":"https:\/\/www.caudete.org\/ayuntamiento\/el-bar-de-la-piscina-sale-a-licitacion-hasta-el-dia-22\/","title":{"rendered":"El Bar de LA PISCINA sale a licitaci\u00f3n"},"content":{"rendered":"<p style=\"text-align: justify;\">Hace unos instantes quedaba finalizado el expediente de Licitaci\u00f3n en su fase de elaboraci\u00f3n de informes y publicaci\u00f3n en medios oficiales del Bar LA PISCINA, de titularidad municipal y ubicado en la Ciudad Deportiva &#8220;Antonio Amor\u00f3s&#8221;.<\/p>\n<p style=\"text-align: justify;\">Desde hoy y hasta el pr\u00f3ximo d\u00eda 22 de Junio a las 23:55 horas tendr\u00e1n de plazo los interesados para presentar su solicitud con la documentaci\u00f3n requerida, para un contrato que ve la luz para una duraci\u00f3n de 3 anualidades con posibilidad de pr\u00f3rroga en 1 a\u00f1o m\u00e1s. Para ello, se ha procedido a la publicaci\u00f3n de los Pliegos en el Perfil del Contratante de este Ayuntamiento, que se encuentra alojado en la Plataforma de Contrataci\u00f3n del Sector P\u00fablico,&nbsp; &nbsp; &nbsp; &nbsp; <a href=\"https:\/\/contrataciondelestado.es\/wps\/portal\/!ut\/p\/b0\/DccxCoAwDADAJwUUHQSH2kFXddBmC7RKs MZSgqCv19sOEFZAoZt3Ur6E4n_nQ0iR5WhSyBtHe4lmUhINsAACsu8SuGcoBM07TWrzW_ajr3I9j 20L6TzNB8In4ac!\/\" target=\"_blank\" rel=\"nofollow\">https:\/\/contrataciondelestado.es\/wps\/portal\/!ut\/p\/b0\/DccxCoAwDADAJwUUHQSH2kFXddBmC7RKs MZSgqCv19sOEFZAoZt3Ur6E4n_nQ0iR5WhSyBtHe4lmUhINsAACsu8SuGcoBM07TWrzW_ajr3I9j 20L6TzNB8In4ac!\/<\/a><\/p>\n<p style=\"text-align: justify;\">Al proceso se le ha imprimido el car\u00e1cter de urgencia debido a la actividad que acogen las instalaciones donde se ubica, quedando establecido el Presupuesto Base de Licitaci\u00f3n (PBL) ha sido establecido en 10.890&#8217;00 \u20ac, y cabe destacar el Canon anual fijado en 3.000&#8217;00 \u20ac.<\/p>\n<p style=\"text-align: justify;\">El pr\u00f3ximo mi\u00e9rcoles 23 de Junio a las 09.00 horas est\u00e1 previsto que se celebre la Mesa de Contrataci\u00f3n, en la que se llevar\u00e1 a cabo la apertura de ofertas de los diferentes licitadores, en base a los siguientes criterios de adjudicaci\u00f3n:<\/p>\n<p style=\"padding-left: 40px; text-align: justify;\"><strong><em>a) Oferta econ\u00f3mica<\/em><\/strong><\/p>\n<p style=\"padding-left: 40px; text-align: justify;\">Mejor oferta econ\u00f3mica formulada al alza sobre el presupuesto base de licitaci\u00f3n. La oferta se expresar\u00e1 en \u20ac\/a\u00f1o. Hasta un m\u00e1ximo de <strong>50 puntos<\/strong>.<\/p>\n<p style=\"padding-left: 40px; text-align: justify;\"><em><strong>b) Criterios de Calidad<\/strong><\/em><\/p>\n<p style=\"padding-left: 40px; text-align: justify;\">Las empresas que cuenten con alg\u00fan certificado de calidad en vigor, obtendr\u00e1n <strong>5 puntos<\/strong>. Este certificado tendr\u00e1 que estar relacionado con el objeto del contrato. Certificados admitidos:<br \/>\n&#8211; Carta de Servicios UNE 93200<br \/>\n&#8211; ISO 9001<br \/>\n&#8211; OHSAS 18001<br \/>\n&#8211; Sello de la Excelencia EFQM<\/p>\n<p style=\"padding-left: 40px; text-align: justify;\"><em><strong>c) Criterios de calidad Medio Ambiental<\/strong><\/em><br \/>\nLas empresas que cuenten con alg\u00fan certificado de calidad medio ambiental en vigor, obtendr\u00e1n <strong>5 puntos<\/strong>. Este certificado tendr\u00e1 que estar relacionado con el objeto del contrato. Certificados admitidos:<br \/>\n&#8211; ISO 14001 o Verificaci\u00f3n Ambiental EMAS<br \/>\n&#8211; Experiencia Profesional<\/p>\n<p style=\"padding-left: 40px; text-align: justify;\">La m\u00e1xima puntuaci\u00f3n a obtener en esta apartado ser\u00e1 de 10 puntos. Los licitadores podr\u00e1n presentar una relaci\u00f3n de los servicios de \u00edndole similar prestados tanto en el sector p\u00fablico como en el privado, aportando la documentaci\u00f3n acreditativa correspondiente. En este sentido, ser\u00e1n considerados tanto la titularidad de establecimiento hosteleros, como su n\u00famero y caracter\u00edsticas, as\u00ed como la experiencia en el mundo de la hosteler\u00eda. Se valorar\u00e1n las ofertas asignando un punto por a\u00f1o de experiencia en el sector.<\/p>\n<p style=\"padding-left: 40px; text-align: justify;\"><em><strong>d) Mejoras<\/strong><\/em><br \/>\nEl contratista deber\u00e1 escoger cuantas mejoras considere oportunas de la siguiente tabla.<\/p>\n<p style=\"padding-left: 80px; text-align: justify;\"><strong>Mejora n\u00ba1<\/strong><br \/>\n&#8211; Aislamiento techo (121 ud) = 3.630&#8217;00 \u20ac = <strong>22&#8217;88 ptos<\/strong>.<br \/>\n&#8211; Panel fonoabsorbente (31,5 ud) 1.260&#8217;00 \u20ac = <strong>6,68 ptos<\/strong>.<\/p>\n<p style=\"padding-left: 80px; text-align: justify;\"><strong>Mejora n\u00ba2<\/strong><br \/>\n&#8211; Estufas de exterior I (1 ud)&nbsp; 265&#8217;00 \u20ac = <strong>1,67 ptos<\/strong>.<\/p>\n<p style=\"padding-left: 80px; text-align: justify;\"><strong>Mejora n\u00ba3<\/strong><br \/>\n&#8211; Estufas de exterior II (1 ud) 265&#8217;00 \u20ac =<strong> 1,67 ptos<\/strong>.<\/p>\n<p style=\"padding-left: 80px; text-align: justify;\"><strong>Mejora n\u00ba4<\/strong><br \/>\n&#8211; Pantallas de TV m\u00ednimo 55&#8243; (1 ud) 600&#8217;00 \u20ac = <strong>3,78 ptos<\/strong>.<\/p>\n","protected":false},"excerpt":{"rendered":"<p>Hace unos instantes quedaba finalizado el expediente de Licitaci\u00f3n en su fase de elaboraci\u00f3n de informes y publicaci\u00f3n en medios oficiales del Bar LA PISCINA, de titularidad municipal y ubicado en la Ciudad Deportiva &#8220;Antonio Amor\u00f3s&#8221;. Desde hoy y hasta el pr\u00f3ximo d\u00eda 22 de Junio a las 23:55 horas tendr\u00e1n de plazo los interesados &hellip;<\/p>\n","protected":false},"author":3,"featured_media":14817,"comment_status":"closed","ping_status":"open","sticky":true,"template":"","format":"standard","meta":{"ngg_post_thumbnail":0,"footnotes":""},"categories":[20],"tags":[670],"class_list":["post-14816","post","type-post","status-publish","format-standard","has-post-thumbnail","hentry","category-ayuntamiento","tag-destacado"],"yoast_head":"<!-- This site is optimized with the Yoast SEO plugin v27.5 - https:\/\/yoast.com\/product\/yoast-seo-wordpress\/ -->\n<title>El Bar de LA PISCINA sale a licitaci\u00f3n - MI Ayuntamiento de Caudete<\/title>\n<meta name=\"description\" content=\"P\u00e1gina Oficial del Ayuntamiento de Caudete (Albacete)\" \/>\n<meta name=\"robots\" content=\"index, follow, max-snippet:-1, max-image-preview:large, max-video-preview:-1\" \/>\n<link rel=\"canonical\" href=\"https:\/\/www.caudete.org\/ayuntamiento\/el-bar-de-la-piscina-sale-a-licitacion-hasta-el-dia-22\/\" \/>\n<meta property=\"og:locale\" content=\"es_ES\" \/>\n<meta property=\"og:type\" content=\"article\" \/>\n<meta property=\"og:title\" content=\"El Bar de LA PISCINA sale a licitaci\u00f3n - MI Ayuntamiento de Caudete\" \/>\n<meta property=\"og:description\" content=\"P\u00e1gina Oficial del Ayuntamiento de Caudete (Albacete)\" \/>\n<meta property=\"og:url\" content=\"https:\/\/www.caudete.org\/ayuntamiento\/el-bar-de-la-piscina-sale-a-licitacion-hasta-el-dia-22\/\" \/>\n<meta property=\"og:site_name\" content=\"MI Ayuntamiento de Caudete\" \/>\n<meta property=\"article:publisher\" content=\"https:\/\/www.facebook.com\/ayuntamientocaudete\/\" \/>\n<meta property=\"article:published_time\" content=\"2021-06-09T15:41:12+00:00\" \/>\n<meta property=\"article:modified_time\" content=\"2021-06-15T09:28:57+00:00\" \/>\n<meta property=\"og:image\" content=\"https:\/\/www.caudete.org\/ayuntamiento\/wp-content\/uploads\/2021\/06\/unnamed-4_.jpg\" \/>\n\t<meta property=\"og:image:width\" content=\"512\" \/>\n\t<meta property=\"og:image:height\" content=\"341\" \/>\n\t<meta property=\"og:image:type\" content=\"image\/jpeg\" \/>\n<meta name=\"author\" content=\"alcalde\" \/>\n<meta name=\"twitter:card\" content=\"summary_large_image\" \/>\n<meta name=\"twitter:label1\" content=\"Escrito por\" \/>\n\t<meta name=\"twitter:data1\" content=\"alcalde\" \/>\n\t<meta name=\"twitter:label2\" content=\"Tiempo de lectura\" \/>\n\t<meta name=\"twitter:data2\" content=\"3 minutos\" \/>\n<script type=\"application\/ld+json\" class=\"yoast-schema-graph\">{\"@context\":\"https:\\\/\\\/schema.org\",\"@graph\":[{\"@type\":\"Article\",\"@id\":\"https:\\\/\\\/www.caudete.org\\\/ayuntamiento\\\/el-bar-de-la-piscina-sale-a-licitacion-hasta-el-dia-22\\\/#article\",\"isPartOf\":{\"@id\":\"https:\\\/\\\/www.caudete.org\\\/ayuntamiento\\\/el-bar-de-la-piscina-sale-a-licitacion-hasta-el-dia-22\\\/\"},\"author\":{\"name\":\"alcalde\",\"@id\":\"https:\\\/\\\/www.caudete.org\\\/ayuntamiento\\\/#\\\/schema\\\/person\\\/cc646da9133078ee4d8dd47457947253\"},\"headline\":\"El Bar de LA PISCINA sale a licitaci\u00f3n\",\"datePublished\":\"2021-06-09T15:41:12+00:00\",\"dateModified\":\"2021-06-15T09:28:57+00:00\",\"mainEntityOfPage\":{\"@id\":\"https:\\\/\\\/www.caudete.org\\\/ayuntamiento\\\/el-bar-de-la-piscina-sale-a-licitacion-hasta-el-dia-22\\\/\"},\"wordCount\":524,\"publisher\":{\"@id\":\"https:\\\/\\\/www.caudete.org\\\/ayuntamiento\\\/#organization\"},\"image\":{\"@id\":\"https:\\\/\\\/www.caudete.org\\\/ayuntamiento\\\/el-bar-de-la-piscina-sale-a-licitacion-hasta-el-dia-22\\\/#primaryimage\"},\"thumbnailUrl\":\"https:\\\/\\\/www.caudete.org\\\/ayuntamiento\\\/wp-content\\\/uploads\\\/2021\\\/06\\\/unnamed-4_.jpg\",\"keywords\":[\"destacado\"],\"articleSection\":[\"Ayuntamiento\"],\"inLanguage\":\"es\"},{\"@type\":\"WebPage\",\"@id\":\"https:\\\/\\\/www.caudete.org\\\/ayuntamiento\\\/el-bar-de-la-piscina-sale-a-licitacion-hasta-el-dia-22\\\/\",\"url\":\"https:\\\/\\\/www.caudete.org\\\/ayuntamiento\\\/el-bar-de-la-piscina-sale-a-licitacion-hasta-el-dia-22\\\/\",\"name\":\"El Bar de LA PISCINA sale a licitaci\u00f3n - MI Ayuntamiento de Caudete\",\"isPartOf\":{\"@id\":\"https:\\\/\\\/www.caudete.org\\\/ayuntamiento\\\/#website\"},\"primaryImageOfPage\":{\"@id\":\"https:\\\/\\\/www.caudete.org\\\/ayuntamiento\\\/el-bar-de-la-piscina-sale-a-licitacion-hasta-el-dia-22\\\/#primaryimage\"},\"image\":{\"@id\":\"https:\\\/\\\/www.caudete.org\\\/ayuntamiento\\\/el-bar-de-la-piscina-sale-a-licitacion-hasta-el-dia-22\\\/#primaryimage\"},\"thumbnailUrl\":\"https:\\\/\\\/www.caudete.org\\\/ayuntamiento\\\/wp-content\\\/uploads\\\/2021\\\/06\\\/unnamed-4_.jpg\",\"datePublished\":\"2021-06-09T15:41:12+00:00\",\"dateModified\":\"2021-06-15T09:28:57+00:00\",\"description\":\"P\u00e1gina Oficial del Ayuntamiento de Caudete (Albacete)\",\"breadcrumb\":{\"@id\":\"https:\\\/\\\/www.caudete.org\\\/ayuntamiento\\\/el-bar-de-la-piscina-sale-a-licitacion-hasta-el-dia-22\\\/#breadcrumb\"},\"inLanguage\":\"es\",\"potentialAction\":[{\"@type\":\"ReadAction\",\"target\":[\"https:\\\/\\\/www.caudete.org\\\/ayuntamiento\\\/el-bar-de-la-piscina-sale-a-licitacion-hasta-el-dia-22\\\/\"]}]},{\"@type\":\"ImageObject\",\"inLanguage\":\"es\",\"@id\":\"https:\\\/\\\/www.caudete.org\\\/ayuntamiento\\\/el-bar-de-la-piscina-sale-a-licitacion-hasta-el-dia-22\\\/#primaryimage\",\"url\":\"https:\\\/\\\/www.caudete.org\\\/ayuntamiento\\\/wp-content\\\/uploads\\\/2021\\\/06\\\/unnamed-4_.jpg\",\"contentUrl\":\"https:\\\/\\\/www.caudete.org\\\/ayuntamiento\\\/wp-content\\\/uploads\\\/2021\\\/06\\\/unnamed-4_.jpg\",\"width\":512,\"height\":341},{\"@type\":\"BreadcrumbList\",\"@id\":\"https:\\\/\\\/www.caudete.org\\\/ayuntamiento\\\/el-bar-de-la-piscina-sale-a-licitacion-hasta-el-dia-22\\\/#breadcrumb\",\"itemListElement\":[{\"@type\":\"ListItem\",\"position\":1,\"name\":\"Inicio\",\"item\":\"https:\\\/\\\/www.caudete.org\\\/ayuntamiento\\\/\"},{\"@type\":\"ListItem\",\"position\":2,\"name\":\"El Bar de LA PISCINA sale a licitaci\u00f3n\"}]},{\"@type\":\"WebSite\",\"@id\":\"https:\\\/\\\/www.caudete.org\\\/ayuntamiento\\\/#website\",\"url\":\"https:\\\/\\\/www.caudete.org\\\/ayuntamiento\\\/\",\"name\":\"MI Ayuntamiento de Caudete\",\"description\":\"P\u00e1gina Oficial del MI Ayuntamiento de Caudete\",\"publisher\":{\"@id\":\"https:\\\/\\\/www.caudete.org\\\/ayuntamiento\\\/#organization\"},\"potentialAction\":[{\"@type\":\"SearchAction\",\"target\":{\"@type\":\"EntryPoint\",\"urlTemplate\":\"https:\\\/\\\/www.caudete.org\\\/ayuntamiento\\\/?s={search_term_string}\"},\"query-input\":{\"@type\":\"PropertyValueSpecification\",\"valueRequired\":true,\"valueName\":\"search_term_string\"}}],\"inLanguage\":\"es\"},{\"@type\":\"Organization\",\"@id\":\"https:\\\/\\\/www.caudete.org\\\/ayuntamiento\\\/#organization\",\"name\":\"Ayuntamiento de Caudete\",\"url\":\"https:\\\/\\\/www.caudete.org\\\/ayuntamiento\\\/\",\"logo\":{\"@type\":\"ImageObject\",\"inLanguage\":\"es\",\"@id\":\"https:\\\/\\\/www.caudete.org\\\/ayuntamiento\\\/#\\\/schema\\\/logo\\\/image\\\/\",\"url\":\"https:\\\/\\\/www.caudete.org\\\/ayuntamiento\\\/wp-content\\\/uploads\\\/2020\\\/11\\\/logo_ayuntamiento_caudete.jpg\",\"contentUrl\":\"https:\\\/\\\/www.caudete.org\\\/ayuntamiento\\\/wp-content\\\/uploads\\\/2020\\\/11\\\/logo_ayuntamiento_caudete.jpg\",\"width\":600,\"height\":150,\"caption\":\"Ayuntamiento de Caudete\"},\"image\":{\"@id\":\"https:\\\/\\\/www.caudete.org\\\/ayuntamiento\\\/#\\\/schema\\\/logo\\\/image\\\/\"},\"sameAs\":[\"https:\\\/\\\/www.facebook.com\\\/ayuntamientocaudete\\\/\",\"https:\\\/\\\/www.youtube.com\\\/channel\\\/UC6VztHaooNsGpw-tNoBEFnQ\"]},{\"@type\":\"Person\",\"@id\":\"https:\\\/\\\/www.caudete.org\\\/ayuntamiento\\\/#\\\/schema\\\/person\\\/cc646da9133078ee4d8dd47457947253\",\"name\":\"alcalde\",\"image\":{\"@type\":\"ImageObject\",\"inLanguage\":\"es\",\"@id\":\"https:\\\/\\\/secure.gravatar.com\\\/avatar\\\/84a817ba065b29ff08d666b215a215f5c79186a645ccb25b14a663d48a130f77?s=96&d=mm&r=g\",\"url\":\"https:\\\/\\\/secure.gravatar.com\\\/avatar\\\/84a817ba065b29ff08d666b215a215f5c79186a645ccb25b14a663d48a130f77?s=96&d=mm&r=g\",\"contentUrl\":\"https:\\\/\\\/secure.gravatar.com\\\/avatar\\\/84a817ba065b29ff08d666b215a215f5c79186a645ccb25b14a663d48a130f77?s=96&d=mm&r=g\",\"caption\":\"alcalde\"},\"url\":\"https:\\\/\\\/www.caudete.org\\\/ayuntamiento\\\/author\\\/alcalde\\\/\"}]}<\/script>\n<!-- \/ Yoast SEO plugin. -->","yoast_head_json":{"title":"El Bar de LA PISCINA sale a licitaci\u00f3n - MI Ayuntamiento de Caudete","description":"P\u00e1gina Oficial del Ayuntamiento de Caudete (Albacete)","robots":{"index":"index","follow":"follow","max-snippet":"max-snippet:-1","max-image-preview":"max-image-preview:large","max-video-preview":"max-video-preview:-1"},"canonical":"https:\/\/www.caudete.org\/ayuntamiento\/el-bar-de-la-piscina-sale-a-licitacion-hasta-el-dia-22\/","og_locale":"es_ES","og_type":"article","og_title":"El Bar de LA PISCINA sale a licitaci\u00f3n - MI Ayuntamiento de Caudete","og_description":"P\u00e1gina Oficial del Ayuntamiento de Caudete (Albacete)","og_url":"https:\/\/www.caudete.org\/ayuntamiento\/el-bar-de-la-piscina-sale-a-licitacion-hasta-el-dia-22\/","og_site_name":"MI Ayuntamiento de Caudete","article_publisher":"https:\/\/www.facebook.com\/ayuntamientocaudete\/","article_published_time":"2021-06-09T15:41:12+00:00","article_modified_time":"2021-06-15T09:28:57+00:00","og_image":[{"width":512,"height":341,"url":"https:\/\/www.caudete.org\/ayuntamiento\/wp-content\/uploads\/2021\/06\/unnamed-4_.jpg","type":"image\/jpeg"}],"author":"alcalde","twitter_card":"summary_large_image","twitter_misc":{"Escrito por":"alcalde","Tiempo de lectura":"3 minutos"},"schema":{"@context":"https:\/\/schema.org","@graph":[{"@type":"Article","@id":"https:\/\/www.caudete.org\/ayuntamiento\/el-bar-de-la-piscina-sale-a-licitacion-hasta-el-dia-22\/#article","isPartOf":{"@id":"https:\/\/www.caudete.org\/ayuntamiento\/el-bar-de-la-piscina-sale-a-licitacion-hasta-el-dia-22\/"},"author":{"name":"alcalde","@id":"https:\/\/www.caudete.org\/ayuntamiento\/#\/schema\/person\/cc646da9133078ee4d8dd47457947253"},"headline":"El Bar de LA PISCINA sale a licitaci\u00f3n","datePublished":"2021-06-09T15:41:12+00:00","dateModified":"2021-06-15T09:28:57+00:00","mainEntityOfPage":{"@id":"https:\/\/www.caudete.org\/ayuntamiento\/el-bar-de-la-piscina-sale-a-licitacion-hasta-el-dia-22\/"},"wordCount":524,"publisher":{"@id":"https:\/\/www.caudete.org\/ayuntamiento\/#organization"},"image":{"@id":"https:\/\/www.caudete.org\/ayuntamiento\/el-bar-de-la-piscina-sale-a-licitacion-hasta-el-dia-22\/#primaryimage"},"thumbnailUrl":"https:\/\/www.caudete.org\/ayuntamiento\/wp-content\/uploads\/2021\/06\/unnamed-4_.jpg","keywords":["destacado"],"articleSection":["Ayuntamiento"],"inLanguage":"es"},{"@type":"WebPage","@id":"https:\/\/www.caudete.org\/ayuntamiento\/el-bar-de-la-piscina-sale-a-licitacion-hasta-el-dia-22\/","url":"https:\/\/www.caudete.org\/ayuntamiento\/el-bar-de-la-piscina-sale-a-licitacion-hasta-el-dia-22\/","name":"El Bar de LA PISCINA sale a licitaci\u00f3n - MI Ayuntamiento de Caudete","isPartOf":{"@id":"https:\/\/www.caudete.org\/ayuntamiento\/#website"},"primaryImageOfPage":{"@id":"https:\/\/www.caudete.org\/ayuntamiento\/el-bar-de-la-piscina-sale-a-licitacion-hasta-el-dia-22\/#primaryimage"},"image":{"@id":"https:\/\/www.caudete.org\/ayuntamiento\/el-bar-de-la-piscina-sale-a-licitacion-hasta-el-dia-22\/#primaryimage"},"thumbnailUrl":"https:\/\/www.caudete.org\/ayuntamiento\/wp-content\/uploads\/2021\/06\/unnamed-4_.jpg","datePublished":"2021-06-09T15:41:12+00:00","dateModified":"2021-06-15T09:28:57+00:00","description":"P\u00e1gina Oficial del Ayuntamiento de Caudete (Albacete)","breadcrumb":{"@id":"https:\/\/www.caudete.org\/ayuntamiento\/el-bar-de-la-piscina-sale-a-licitacion-hasta-el-dia-22\/#breadcrumb"},"inLanguage":"es","potentialAction":[{"@type":"ReadAction","target":["https:\/\/www.caudete.org\/ayuntamiento\/el-bar-de-la-piscina-sale-a-licitacion-hasta-el-dia-22\/"]}]},{"@type":"ImageObject","inLanguage":"es","@id":"https:\/\/www.caudete.org\/ayuntamiento\/el-bar-de-la-piscina-sale-a-licitacion-hasta-el-dia-22\/#primaryimage","url":"https:\/\/www.caudete.org\/ayuntamiento\/wp-content\/uploads\/2021\/06\/unnamed-4_.jpg","contentUrl":"https:\/\/www.caudete.org\/ayuntamiento\/wp-content\/uploads\/2021\/06\/unnamed-4_.jpg","width":512,"height":341},{"@type":"BreadcrumbList","@id":"https:\/\/www.caudete.org\/ayuntamiento\/el-bar-de-la-piscina-sale-a-licitacion-hasta-el-dia-22\/#breadcrumb","itemListElement":[{"@type":"ListItem","position":1,"name":"Inicio","item":"https:\/\/www.caudete.org\/ayuntamiento\/"},{"@type":"ListItem","position":2,"name":"El Bar de LA PISCINA sale a licitaci\u00f3n"}]},{"@type":"WebSite","@id":"https:\/\/www.caudete.org\/ayuntamiento\/#website","url":"https:\/\/www.caudete.org\/ayuntamiento\/","name":"MI Ayuntamiento de Caudete","description":"P\u00e1gina Oficial del MI Ayuntamiento de Caudete","publisher":{"@id":"https:\/\/www.caudete.org\/ayuntamiento\/#organization"},"potentialAction":[{"@type":"SearchAction","target":{"@type":"EntryPoint","urlTemplate":"https:\/\/www.caudete.org\/ayuntamiento\/?s={search_term_string}"},"query-input":{"@type":"PropertyValueSpecification","valueRequired":true,"valueName":"search_term_string"}}],"inLanguage":"es"},{"@type":"Organization","@id":"https:\/\/www.caudete.org\/ayuntamiento\/#organization","name":"Ayuntamiento de Caudete","url":"https:\/\/www.caudete.org\/ayuntamiento\/","logo":{"@type":"ImageObject","inLanguage":"es","@id":"https:\/\/www.caudete.org\/ayuntamiento\/#\/schema\/logo\/image\/","url":"https:\/\/www.caudete.org\/ayuntamiento\/wp-content\/uploads\/2020\/11\/logo_ayuntamiento_caudete.jpg","contentUrl":"https:\/\/www.caudete.org\/ayuntamiento\/wp-content\/uploads\/2020\/11\/logo_ayuntamiento_caudete.jpg","width":600,"height":150,"caption":"Ayuntamiento de Caudete"},"image":{"@id":"https:\/\/www.caudete.org\/ayuntamiento\/#\/schema\/logo\/image\/"},"sameAs":["https:\/\/www.facebook.com\/ayuntamientocaudete\/","https:\/\/www.youtube.com\/channel\/UC6VztHaooNsGpw-tNoBEFnQ"]},{"@type":"Person","@id":"https:\/\/www.caudete.org\/ayuntamiento\/#\/schema\/person\/cc646da9133078ee4d8dd47457947253","name":"alcalde","image":{"@type":"ImageObject","inLanguage":"es","@id":"https:\/\/secure.gravatar.com\/avatar\/84a817ba065b29ff08d666b215a215f5c79186a645ccb25b14a663d48a130f77?s=96&d=mm&r=g","url":"https:\/\/secure.gravatar.com\/avatar\/84a817ba065b29ff08d666b215a215f5c79186a645ccb25b14a663d48a130f77?s=96&d=mm&r=g","contentUrl":"https:\/\/secure.gravatar.com\/avatar\/84a817ba065b29ff08d666b215a215f5c79186a645ccb25b14a663d48a130f77?s=96&d=mm&r=g","caption":"alcalde"},"url":"https:\/\/www.caudete.org\/ayuntamiento\/author\/alcalde\/"}]}},"_links":{"self":[{"href":"https:\/\/www.caudete.org\/ayuntamiento\/wp-json\/wp\/v2\/posts\/14816","targetHints":{"allow":["GET"]}}],"collection":[{"href":"https:\/\/www.caudete.org\/ayuntamiento\/wp-json\/wp\/v2\/posts"}],"about":[{"href":"https:\/\/www.caudete.org\/ayuntamiento\/wp-json\/wp\/v2\/types\/post"}],"author":[{"embeddable":true,"href":"https:\/\/www.caudete.org\/ayuntamiento\/wp-json\/wp\/v2\/users\/3"}],"replies":[{"embeddable":true,"href":"https:\/\/www.caudete.org\/ayuntamiento\/wp-json\/wp\/v2\/comments?post=14816"}],"version-history":[{"count":3,"href":"https:\/\/www.caudete.org\/ayuntamiento\/wp-json\/wp\/v2\/posts\/14816\/revisions"}],"predecessor-version":[{"id":14939,"href":"https:\/\/www.caudete.org\/ayuntamiento\/wp-json\/wp\/v2\/posts\/14816\/revisions\/14939"}],"wp:featuredmedia":[{"embeddable":true,"href":"https:\/\/www.caudete.org\/ayuntamiento\/wp-json\/wp\/v2\/media\/14817"}],"wp:attachment":[{"href":"https:\/\/www.caudete.org\/ayuntamiento\/wp-json\/wp\/v2\/media?parent=14816"}],"wp:term":[{"taxonomy":"category","embeddable":true,"href":"https:\/\/www.caudete.org\/ayuntamiento\/wp-json\/wp\/v2\/categories?post=14816"},{"taxonomy":"post_tag","embeddable":true,"href":"https:\/\/www.caudete.org\/ayuntamiento\/wp-json\/wp\/v2\/tags?post=14816"}],"curies":[{"name":"wp","href":"https:\/\/api.w.org\/{rel}","templated":true}]}}