{"id":14828,"date":"2021-06-10T16:37:15","date_gmt":"2021-06-10T14:37:15","guid":{"rendered":"https:\/\/www.caudete.org\/ayuntamiento\/?p=14828"},"modified":"2021-06-10T20:06:52","modified_gmt":"2021-06-10T18:06:52","slug":"resultados-de-los-atletas-de-las-edm-de-atletismo-de-caudete-en-el-campeonato-provincial-escolar-de-pista-sub-10-y-sub-12","status":"publish","type":"post","link":"https:\/\/www.caudete.org\/ayuntamiento\/resultados-de-los-atletas-de-las-edm-de-atletismo-de-caudete-en-el-campeonato-provincial-escolar-de-pista-sub-10-y-sub-12\/","title":{"rendered":"Resultados de las EDM de Atletismo en el Campeonato Provincial Escolar de pista Sub 10 y Sub 12"},"content":{"rendered":"<p>El pasado jueves 3 de mayo se celebr\u00f3 en Albacete la final del campeonato provincial escolar de pista para las categor\u00edas sub10 y sub12.<\/p>\n<p>Un total de 9 atletas (6 chicos y 3 chicas) fueron los participantes que representaron a las EDM de atletismo de Caudete, consiguiendo un total de 4 medallas (1 oro, 1 plata y 2 bronces).<\/p>\n<p>La medalla de oro fue para Alex Camarasa en 50m. sub10, Mar\u00eda Franc\u00e9s consegu\u00eda ser segunda en 500m. sub10 y tercera en 50m. sub10 y Jorge Gil lograba la medalla de bronce en 1000m sub12.<\/p>\n<p>Adem\u00e1s de esta competici\u00f3n, ese mismo d\u00eda por la tarde, se organiz\u00f3, por parte de los monitores de todas las localidades de la provincia, una prueba no competitiva para los ni\u00f1os y ni\u00f1as mas peque\u00f1os de categor\u00eda sub6 y sub8 donde participaron m\u00e1s atletas de las EDM de Caudete.<\/p>\n<p>&nbsp;<\/p>\n<p><strong>Atletas participantes en las dos jornadas:<\/strong><\/p>\n<p><strong><u>CATEGOR\u00cdA SUB12:<\/u><\/strong><\/p>\n<p>-DANIELA L\u00d3PEZ: 60m y 1000m.<\/p>\n<p>-RA\u00daL REQUENA: 60m y 1000m.<\/p>\n<p>-JORGE GIL: salto de longitud y 1000m.<\/p>\n<p><strong><u>CATEGOR\u00cdA SUB10:<\/u><\/strong><\/p>\n<p>-DENISSE VILA: 50m y 500m.<\/p>\n<p>-MAR\u00cdA FRANC\u00c9S: 50m y 500m.<\/p>\n<p>-MIGUEL AZOR\u00cdN: 50m y 500m.<\/p>\n<p>-ANTONIO AZOR\u00cdN: salto de longitud y 50m.<\/p>\n<p>-JOEL REVERT: 50m y 500m.<\/p>\n<p>-ALEX CAMARASA: 50m y 500m.<\/p>\n<p><strong><u>CATEGOR\u00cdA SUB6 Y SUB8:<\/u><\/strong><\/p>\n<p>-GRETA CONEJERO.<\/p>\n<p>-VALERIA PE\u00d1ALBA.<\/p>\n<p>-JES\u00c9 ALBERTOS.<\/p>\n<p>-PABLO D\u00cdAZ.<\/p>\n<p>&nbsp;<\/p>\n<style type=\"text\/css\">\n#foogallery-gallery-14830.fg-justified .fg-item { margin-right: 2px; margin-bottom: 2px; }\n#foogallery-gallery-14830.fg-justified .fg-image { height: 200px; }<\/style>\n\t\t\t<div class=\"foogallery foogallery-container foogallery-justified foogallery-lightbox-none fg-justified fg-ready fg-light fg-shadow-outline fg-loading-default fg-loaded-fade-in fg-caption-always fg-hover-fade fg-hover-zoom2\" id=\"foogallery-gallery-14830\" data-foogallery=\"{&quot;item&quot;:{&quot;showCaptionTitle&quot;:true,&quot;showCaptionDescription&quot;:false},&quot;lazy&quot;:true,&quot;paging&quot;:{&quot;type&quot;:&quot;dots&quot;,&quot;size&quot;:20,&quot;position&quot;:&quot;bottom&quot;,&quot;scrollToTop&quot;:false,&quot;output&quot;:&quot;html&quot;,&quot;theme&quot;:&quot;fg-light&quot;},&quot;template&quot;:{&quot;rowHeight&quot;:200,&quot;maxRowHeight&quot;:250,&quot;margins&quot;:2,&quot;align&quot;:&quot;center&quot;,&quot;lastRow&quot;:&quot;smart&quot;}}\" style=\"--fg-title-line-clamp: 0; --fg-description-line-clamp: 0;\" >\n\t<div class=\"fg-item fg-type-image fg-idle\"><figure class=\"fg-item-inner\"><a href=\"https:\/\/www.caudete.org\/ayuntamiento\/wp-content\/uploads\/2021\/06\/FOTO5.jpg\" data-attachment-id=\"14827\" data-e-disable-page-transition=\"true\" data-type=\"image\" class=\"fg-thumb\"><span class=\"fg-image-wrap\"><img fetchpriority=\"high\" decoding=\"async\" height=\"250\" width=\"391\" class=\"skip-lazy fg-image\" data-src-fg=\"https:\/\/www.caudete.org\/ayuntamiento\/wp-content\/uploads\/cache\/2021\/06\/FOTO5\/1112808815.jpg\" src=\"data:image\/svg+xml,%3Csvg%20xmlns%3D%22http%3A%2F%2Fwww.w3.org%2F2000%2Fsvg%22%20width%3D%22391%22%20height%3D%22250%22%20viewBox%3D%220%200%20391%20250%22%3E%3C%2Fsvg%3E\" loading=\"eager\"><\/span><span class=\"fg-image-overlay\"><\/span><\/a><\/figure><div class=\"fg-loader\"><\/div><\/div><div class=\"fg-item fg-type-image fg-idle\"><figure class=\"fg-item-inner\"><a href=\"https:\/\/www.caudete.org\/ayuntamiento\/wp-content\/uploads\/2021\/06\/FOTO4.jpg\" data-attachment-id=\"14826\" data-e-disable-page-transition=\"true\" data-type=\"image\" class=\"fg-thumb\"><span class=\"fg-image-wrap\"><img decoding=\"async\" height=\"250\" width=\"188\" class=\"skip-lazy fg-image\" data-src-fg=\"https:\/\/www.caudete.org\/ayuntamiento\/wp-content\/uploads\/cache\/2021\/06\/FOTO4\/2218444572.jpg\" src=\"data:image\/svg+xml,%3Csvg%20xmlns%3D%22http%3A%2F%2Fwww.w3.org%2F2000%2Fsvg%22%20width%3D%22188%22%20height%3D%22250%22%20viewBox%3D%220%200%20188%20250%22%3E%3C%2Fsvg%3E\" loading=\"eager\"><\/span><span class=\"fg-image-overlay\"><\/span><\/a><\/figure><div class=\"fg-loader\"><\/div><\/div><div class=\"fg-item fg-type-image fg-idle\"><figure class=\"fg-item-inner\"><a href=\"https:\/\/www.caudete.org\/ayuntamiento\/wp-content\/uploads\/2021\/06\/FOTO3.jpg\" data-attachment-id=\"14825\" data-e-disable-page-transition=\"true\" data-type=\"image\" class=\"fg-thumb\"><span class=\"fg-image-wrap\"><img decoding=\"async\" height=\"250\" width=\"428\" class=\"skip-lazy fg-image\" data-src-fg=\"https:\/\/www.caudete.org\/ayuntamiento\/wp-content\/uploads\/cache\/2021\/06\/FOTO3\/2444402994.jpg\" src=\"data:image\/svg+xml,%3Csvg%20xmlns%3D%22http%3A%2F%2Fwww.w3.org%2F2000%2Fsvg%22%20width%3D%22428%22%20height%3D%22250%22%20viewBox%3D%220%200%20428%20250%22%3E%3C%2Fsvg%3E\" loading=\"eager\"><\/span><span class=\"fg-image-overlay\"><\/span><\/a><\/figure><div class=\"fg-loader\"><\/div><\/div><div class=\"fg-item fg-type-image fg-idle\"><figure class=\"fg-item-inner\"><a href=\"https:\/\/www.caudete.org\/ayuntamiento\/wp-content\/uploads\/2021\/06\/FOTO2.jpg\" data-attachment-id=\"14824\" data-e-disable-page-transition=\"true\" data-type=\"image\" class=\"fg-thumb\"><span class=\"fg-image-wrap\"><img decoding=\"async\" height=\"250\" width=\"492\" class=\"skip-lazy fg-image\" data-src-fg=\"https:\/\/www.caudete.org\/ayuntamiento\/wp-content\/uploads\/cache\/2021\/06\/FOTO2\/1474067265.jpg\" src=\"data:image\/svg+xml,%3Csvg%20xmlns%3D%22http%3A%2F%2Fwww.w3.org%2F2000%2Fsvg%22%20width%3D%22492%22%20height%3D%22250%22%20viewBox%3D%220%200%20492%20250%22%3E%3C%2Fsvg%3E\" loading=\"eager\"><\/span><span class=\"fg-image-overlay\"><\/span><\/a><\/figure><div class=\"fg-loader\"><\/div><\/div><div class=\"fg-item fg-type-image fg-idle\"><figure class=\"fg-item-inner\"><a href=\"https:\/\/www.caudete.org\/ayuntamiento\/wp-content\/uploads\/2021\/06\/FOTO1.jpg\" data-attachment-id=\"14823\" data-e-disable-page-transition=\"true\" data-type=\"image\" class=\"fg-thumb\"><span class=\"fg-image-wrap\"><img decoding=\"async\" height=\"250\" width=\"496\" class=\"skip-lazy fg-image\" data-src-fg=\"https:\/\/www.caudete.org\/ayuntamiento\/wp-content\/uploads\/cache\/2021\/06\/FOTO1\/3977082913.jpg\" src=\"data:image\/svg+xml,%3Csvg%20xmlns%3D%22http%3A%2F%2Fwww.w3.org%2F2000%2Fsvg%22%20width%3D%22496%22%20height%3D%22250%22%20viewBox%3D%220%200%20496%20250%22%3E%3C%2Fsvg%3E\" loading=\"eager\"><\/span><span class=\"fg-image-overlay\"><\/span><\/a><\/figure><div class=\"fg-loader\"><\/div><\/div><\/div>\n\n<p>&nbsp;<\/p>\n<p>&nbsp;<\/p>\n","protected":false},"excerpt":{"rendered":"<p>El pasado jueves 3 de mayo se celebr\u00f3 en Albacete la final del campeonato provincial escolar de pista para las categor\u00edas sub10 y sub12. Un total de 9 atletas (6 chicos y 3 chicas) fueron los participantes que representaron a las EDM de atletismo de Caudete, consiguiendo un total de 4 medallas (1 oro, 1 &hellip;<\/p>\n","protected":false},"author":2,"featured_media":14822,"comment_status":"closed","ping_status":"open","sticky":false,"template":"","format":"standard","meta":{"ngg_post_thumbnail":0,"footnotes":""},"categories":[23],"tags":[663,664,622],"class_list":["post-14828","post","type-post","status-publish","format-standard","has-post-thumbnail","hentry","category-deportes","tag-campeonato-provincial-escolar-atletismos","tag-edm","tag-escuelas-deportivas-municipales"],"yoast_head":"<!-- This site is optimized with the Yoast SEO plugin v27.5 - https:\/\/yoast.com\/product\/yoast-seo-wordpress\/ -->\n<title>Resultados de las EDM de Atletismo en el Campeonato Provincial Escolar de pista Sub 10 y Sub 12 - MI Ayuntamiento de Caudete<\/title>\n<meta name=\"description\" content=\"P\u00e1gina Oficial del Ayuntamiento de Caudete (Albacete)\" \/>\n<meta name=\"robots\" content=\"index, follow, max-snippet:-1, max-image-preview:large, max-video-preview:-1\" \/>\n<link rel=\"canonical\" href=\"https:\/\/www.caudete.org\/ayuntamiento\/resultados-de-los-atletas-de-las-edm-de-atletismo-de-caudete-en-el-campeonato-provincial-escolar-de-pista-sub-10-y-sub-12\/\" \/>\n<meta property=\"og:locale\" content=\"es_ES\" \/>\n<meta property=\"og:type\" content=\"article\" \/>\n<meta property=\"og:title\" content=\"Resultados de las EDM de Atletismo en el Campeonato Provincial Escolar de pista Sub 10 y Sub 12 - MI Ayuntamiento de Caudete\" \/>\n<meta property=\"og:description\" content=\"P\u00e1gina Oficial del Ayuntamiento de Caudete (Albacete)\" \/>\n<meta property=\"og:url\" content=\"https:\/\/www.caudete.org\/ayuntamiento\/resultados-de-los-atletas-de-las-edm-de-atletismo-de-caudete-en-el-campeonato-provincial-escolar-de-pista-sub-10-y-sub-12\/\" \/>\n<meta property=\"og:site_name\" content=\"MI Ayuntamiento de Caudete\" \/>\n<meta property=\"article:publisher\" content=\"https:\/\/www.facebook.com\/ayuntamientocaudete\/\" \/>\n<meta property=\"article:published_time\" content=\"2021-06-10T14:37:15+00:00\" \/>\n<meta property=\"article:modified_time\" content=\"2021-06-10T18:06:52+00:00\" \/>\n<meta property=\"og:image\" content=\"https:\/\/www.caudete.org\/ayuntamiento\/wp-content\/uploads\/2021\/06\/Atletismo-escolar.jpg\" \/>\n\t<meta property=\"og:image:width\" content=\"864\" \/>\n\t<meta property=\"og:image:height\" content=\"380\" \/>\n\t<meta property=\"og:image:type\" content=\"image\/jpeg\" \/>\n<meta name=\"author\" content=\"Juan\" \/>\n<meta name=\"twitter:card\" content=\"summary_large_image\" \/>\n<meta name=\"twitter:label1\" content=\"Escrito por\" \/>\n\t<meta name=\"twitter:data1\" content=\"Juan\" \/>\n\t<meta name=\"twitter:label2\" content=\"Tiempo de lectura\" \/>\n\t<meta name=\"twitter:data2\" content=\"1 minuto\" \/>\n<script type=\"application\/ld+json\" class=\"yoast-schema-graph\">{\"@context\":\"https:\\\/\\\/schema.org\",\"@graph\":[{\"@type\":\"Article\",\"@id\":\"https:\\\/\\\/www.caudete.org\\\/ayuntamiento\\\/resultados-de-los-atletas-de-las-edm-de-atletismo-de-caudete-en-el-campeonato-provincial-escolar-de-pista-sub-10-y-sub-12\\\/#article\",\"isPartOf\":{\"@id\":\"https:\\\/\\\/www.caudete.org\\\/ayuntamiento\\\/resultados-de-los-atletas-de-las-edm-de-atletismo-de-caudete-en-el-campeonato-provincial-escolar-de-pista-sub-10-y-sub-12\\\/\"},\"author\":{\"name\":\"Juan\",\"@id\":\"https:\\\/\\\/www.caudete.org\\\/ayuntamiento\\\/#\\\/schema\\\/person\\\/7656a5bb58fca95b9814e940de0fda63\"},\"headline\":\"Resultados de las EDM de Atletismo en el Campeonato Provincial Escolar de pista Sub 10 y Sub 12\",\"datePublished\":\"2021-06-10T14:37:15+00:00\",\"dateModified\":\"2021-06-10T18:06:52+00:00\",\"mainEntityOfPage\":{\"@id\":\"https:\\\/\\\/www.caudete.org\\\/ayuntamiento\\\/resultados-de-los-atletas-de-las-edm-de-atletismo-de-caudete-en-el-campeonato-provincial-escolar-de-pista-sub-10-y-sub-12\\\/\"},\"wordCount\":251,\"publisher\":{\"@id\":\"https:\\\/\\\/www.caudete.org\\\/ayuntamiento\\\/#organization\"},\"image\":{\"@id\":\"https:\\\/\\\/www.caudete.org\\\/ayuntamiento\\\/resultados-de-los-atletas-de-las-edm-de-atletismo-de-caudete-en-el-campeonato-provincial-escolar-de-pista-sub-10-y-sub-12\\\/#primaryimage\"},\"thumbnailUrl\":\"https:\\\/\\\/www.caudete.org\\\/ayuntamiento\\\/wp-content\\\/uploads\\\/2021\\\/06\\\/Atletismo-escolar.jpg\",\"keywords\":[\"Campeonato Provincial Escolar Atletismos\",\"EDM\",\"Escuelas Deportivas Municipales\"],\"articleSection\":[\"Deportes\"],\"inLanguage\":\"es\"},{\"@type\":\"WebPage\",\"@id\":\"https:\\\/\\\/www.caudete.org\\\/ayuntamiento\\\/resultados-de-los-atletas-de-las-edm-de-atletismo-de-caudete-en-el-campeonato-provincial-escolar-de-pista-sub-10-y-sub-12\\\/\",\"url\":\"https:\\\/\\\/www.caudete.org\\\/ayuntamiento\\\/resultados-de-los-atletas-de-las-edm-de-atletismo-de-caudete-en-el-campeonato-provincial-escolar-de-pista-sub-10-y-sub-12\\\/\",\"name\":\"Resultados de las EDM de Atletismo en el Campeonato Provincial Escolar de pista Sub 10 y Sub 12 - MI Ayuntamiento de Caudete\",\"isPartOf\":{\"@id\":\"https:\\\/\\\/www.caudete.org\\\/ayuntamiento\\\/#website\"},\"primaryImageOfPage\":{\"@id\":\"https:\\\/\\\/www.caudete.org\\\/ayuntamiento\\\/resultados-de-los-atletas-de-las-edm-de-atletismo-de-caudete-en-el-campeonato-provincial-escolar-de-pista-sub-10-y-sub-12\\\/#primaryimage\"},\"image\":{\"@id\":\"https:\\\/\\\/www.caudete.org\\\/ayuntamiento\\\/resultados-de-los-atletas-de-las-edm-de-atletismo-de-caudete-en-el-campeonato-provincial-escolar-de-pista-sub-10-y-sub-12\\\/#primaryimage\"},\"thumbnailUrl\":\"https:\\\/\\\/www.caudete.org\\\/ayuntamiento\\\/wp-content\\\/uploads\\\/2021\\\/06\\\/Atletismo-escolar.jpg\",\"datePublished\":\"2021-06-10T14:37:15+00:00\",\"dateModified\":\"2021-06-10T18:06:52+00:00\",\"description\":\"P\u00e1gina Oficial del Ayuntamiento de Caudete (Albacete)\",\"breadcrumb\":{\"@id\":\"https:\\\/\\\/www.caudete.org\\\/ayuntamiento\\\/resultados-de-los-atletas-de-las-edm-de-atletismo-de-caudete-en-el-campeonato-provincial-escolar-de-pista-sub-10-y-sub-12\\\/#breadcrumb\"},\"inLanguage\":\"es\",\"potentialAction\":[{\"@type\":\"ReadAction\",\"target\":[\"https:\\\/\\\/www.caudete.org\\\/ayuntamiento\\\/resultados-de-los-atletas-de-las-edm-de-atletismo-de-caudete-en-el-campeonato-provincial-escolar-de-pista-sub-10-y-sub-12\\\/\"]}]},{\"@type\":\"ImageObject\",\"inLanguage\":\"es\",\"@id\":\"https:\\\/\\\/www.caudete.org\\\/ayuntamiento\\\/resultados-de-los-atletas-de-las-edm-de-atletismo-de-caudete-en-el-campeonato-provincial-escolar-de-pista-sub-10-y-sub-12\\\/#primaryimage\",\"url\":\"https:\\\/\\\/www.caudete.org\\\/ayuntamiento\\\/wp-content\\\/uploads\\\/2021\\\/06\\\/Atletismo-escolar.jpg\",\"contentUrl\":\"https:\\\/\\\/www.caudete.org\\\/ayuntamiento\\\/wp-content\\\/uploads\\\/2021\\\/06\\\/Atletismo-escolar.jpg\",\"width\":864,\"height\":380},{\"@type\":\"BreadcrumbList\",\"@id\":\"https:\\\/\\\/www.caudete.org\\\/ayuntamiento\\\/resultados-de-los-atletas-de-las-edm-de-atletismo-de-caudete-en-el-campeonato-provincial-escolar-de-pista-sub-10-y-sub-12\\\/#breadcrumb\",\"itemListElement\":[{\"@type\":\"ListItem\",\"position\":1,\"name\":\"Inicio\",\"item\":\"https:\\\/\\\/www.caudete.org\\\/ayuntamiento\\\/\"},{\"@type\":\"ListItem\",\"position\":2,\"name\":\"Resultados de las EDM de Atletismo en el Campeonato Provincial Escolar de pista Sub 10 y Sub 12\"}]},{\"@type\":\"WebSite\",\"@id\":\"https:\\\/\\\/www.caudete.org\\\/ayuntamiento\\\/#website\",\"url\":\"https:\\\/\\\/www.caudete.org\\\/ayuntamiento\\\/\",\"name\":\"MI Ayuntamiento de Caudete\",\"description\":\"P\u00e1gina Oficial del MI Ayuntamiento de Caudete\",\"publisher\":{\"@id\":\"https:\\\/\\\/www.caudete.org\\\/ayuntamiento\\\/#organization\"},\"potentialAction\":[{\"@type\":\"SearchAction\",\"target\":{\"@type\":\"EntryPoint\",\"urlTemplate\":\"https:\\\/\\\/www.caudete.org\\\/ayuntamiento\\\/?s={search_term_string}\"},\"query-input\":{\"@type\":\"PropertyValueSpecification\",\"valueRequired\":true,\"valueName\":\"search_term_string\"}}],\"inLanguage\":\"es\"},{\"@type\":\"Organization\",\"@id\":\"https:\\\/\\\/www.caudete.org\\\/ayuntamiento\\\/#organization\",\"name\":\"Ayuntamiento de Caudete\",\"url\":\"https:\\\/\\\/www.caudete.org\\\/ayuntamiento\\\/\",\"logo\":{\"@type\":\"ImageObject\",\"inLanguage\":\"es\",\"@id\":\"https:\\\/\\\/www.caudete.org\\\/ayuntamiento\\\/#\\\/schema\\\/logo\\\/image\\\/\",\"url\":\"https:\\\/\\\/www.caudete.org\\\/ayuntamiento\\\/wp-content\\\/uploads\\\/2020\\\/11\\\/logo_ayuntamiento_caudete.jpg\",\"contentUrl\":\"https:\\\/\\\/www.caudete.org\\\/ayuntamiento\\\/wp-content\\\/uploads\\\/2020\\\/11\\\/logo_ayuntamiento_caudete.jpg\",\"width\":600,\"height\":150,\"caption\":\"Ayuntamiento de Caudete\"},\"image\":{\"@id\":\"https:\\\/\\\/www.caudete.org\\\/ayuntamiento\\\/#\\\/schema\\\/logo\\\/image\\\/\"},\"sameAs\":[\"https:\\\/\\\/www.facebook.com\\\/ayuntamientocaudete\\\/\",\"https:\\\/\\\/www.youtube.com\\\/channel\\\/UC6VztHaooNsGpw-tNoBEFnQ\"]},{\"@type\":\"Person\",\"@id\":\"https:\\\/\\\/www.caudete.org\\\/ayuntamiento\\\/#\\\/schema\\\/person\\\/7656a5bb58fca95b9814e940de0fda63\",\"name\":\"Juan\",\"image\":{\"@type\":\"ImageObject\",\"inLanguage\":\"es\",\"@id\":\"https:\\\/\\\/secure.gravatar.com\\\/avatar\\\/dd53e51c0cd6ab23f52d4f3e4f1c59730240727763de3dbbf26750b079a2c292?s=96&d=mm&r=g\",\"url\":\"https:\\\/\\\/secure.gravatar.com\\\/avatar\\\/dd53e51c0cd6ab23f52d4f3e4f1c59730240727763de3dbbf26750b079a2c292?s=96&d=mm&r=g\",\"contentUrl\":\"https:\\\/\\\/secure.gravatar.com\\\/avatar\\\/dd53e51c0cd6ab23f52d4f3e4f1c59730240727763de3dbbf26750b079a2c292?s=96&d=mm&r=g\",\"caption\":\"Juan\"},\"url\":\"https:\\\/\\\/www.caudete.org\\\/ayuntamiento\\\/author\\\/centrodeinternet\\\/\"}]}<\/script>\n<!-- \/ Yoast SEO plugin. -->","yoast_head_json":{"title":"Resultados de las EDM de Atletismo en el Campeonato Provincial Escolar de pista Sub 10 y Sub 12 - MI Ayuntamiento de Caudete","description":"P\u00e1gina Oficial del Ayuntamiento de Caudete (Albacete)","robots":{"index":"index","follow":"follow","max-snippet":"max-snippet:-1","max-image-preview":"max-image-preview:large","max-video-preview":"max-video-preview:-1"},"canonical":"https:\/\/www.caudete.org\/ayuntamiento\/resultados-de-los-atletas-de-las-edm-de-atletismo-de-caudete-en-el-campeonato-provincial-escolar-de-pista-sub-10-y-sub-12\/","og_locale":"es_ES","og_type":"article","og_title":"Resultados de las EDM de Atletismo en el Campeonato Provincial Escolar de pista Sub 10 y Sub 12 - MI Ayuntamiento de Caudete","og_description":"P\u00e1gina Oficial del Ayuntamiento de Caudete (Albacete)","og_url":"https:\/\/www.caudete.org\/ayuntamiento\/resultados-de-los-atletas-de-las-edm-de-atletismo-de-caudete-en-el-campeonato-provincial-escolar-de-pista-sub-10-y-sub-12\/","og_site_name":"MI Ayuntamiento de Caudete","article_publisher":"https:\/\/www.facebook.com\/ayuntamientocaudete\/","article_published_time":"2021-06-10T14:37:15+00:00","article_modified_time":"2021-06-10T18:06:52+00:00","og_image":[{"width":864,"height":380,"url":"https:\/\/www.caudete.org\/ayuntamiento\/wp-content\/uploads\/2021\/06\/Atletismo-escolar.jpg","type":"image\/jpeg"}],"author":"Juan","twitter_card":"summary_large_image","twitter_misc":{"Escrito por":"Juan","Tiempo de lectura":"1 minuto"},"schema":{"@context":"https:\/\/schema.org","@graph":[{"@type":"Article","@id":"https:\/\/www.caudete.org\/ayuntamiento\/resultados-de-los-atletas-de-las-edm-de-atletismo-de-caudete-en-el-campeonato-provincial-escolar-de-pista-sub-10-y-sub-12\/#article","isPartOf":{"@id":"https:\/\/www.caudete.org\/ayuntamiento\/resultados-de-los-atletas-de-las-edm-de-atletismo-de-caudete-en-el-campeonato-provincial-escolar-de-pista-sub-10-y-sub-12\/"},"author":{"name":"Juan","@id":"https:\/\/www.caudete.org\/ayuntamiento\/#\/schema\/person\/7656a5bb58fca95b9814e940de0fda63"},"headline":"Resultados de las EDM de Atletismo en el Campeonato Provincial Escolar de pista Sub 10 y Sub 12","datePublished":"2021-06-10T14:37:15+00:00","dateModified":"2021-06-10T18:06:52+00:00","mainEntityOfPage":{"@id":"https:\/\/www.caudete.org\/ayuntamiento\/resultados-de-los-atletas-de-las-edm-de-atletismo-de-caudete-en-el-campeonato-provincial-escolar-de-pista-sub-10-y-sub-12\/"},"wordCount":251,"publisher":{"@id":"https:\/\/www.caudete.org\/ayuntamiento\/#organization"},"image":{"@id":"https:\/\/www.caudete.org\/ayuntamiento\/resultados-de-los-atletas-de-las-edm-de-atletismo-de-caudete-en-el-campeonato-provincial-escolar-de-pista-sub-10-y-sub-12\/#primaryimage"},"thumbnailUrl":"https:\/\/www.caudete.org\/ayuntamiento\/wp-content\/uploads\/2021\/06\/Atletismo-escolar.jpg","keywords":["Campeonato Provincial Escolar Atletismos","EDM","Escuelas Deportivas Municipales"],"articleSection":["Deportes"],"inLanguage":"es"},{"@type":"WebPage","@id":"https:\/\/www.caudete.org\/ayuntamiento\/resultados-de-los-atletas-de-las-edm-de-atletismo-de-caudete-en-el-campeonato-provincial-escolar-de-pista-sub-10-y-sub-12\/","url":"https:\/\/www.caudete.org\/ayuntamiento\/resultados-de-los-atletas-de-las-edm-de-atletismo-de-caudete-en-el-campeonato-provincial-escolar-de-pista-sub-10-y-sub-12\/","name":"Resultados de las EDM de Atletismo en el Campeonato Provincial Escolar de pista Sub 10 y Sub 12 - MI Ayuntamiento de Caudete","isPartOf":{"@id":"https:\/\/www.caudete.org\/ayuntamiento\/#website"},"primaryImageOfPage":{"@id":"https:\/\/www.caudete.org\/ayuntamiento\/resultados-de-los-atletas-de-las-edm-de-atletismo-de-caudete-en-el-campeonato-provincial-escolar-de-pista-sub-10-y-sub-12\/#primaryimage"},"image":{"@id":"https:\/\/www.caudete.org\/ayuntamiento\/resultados-de-los-atletas-de-las-edm-de-atletismo-de-caudete-en-el-campeonato-provincial-escolar-de-pista-sub-10-y-sub-12\/#primaryimage"},"thumbnailUrl":"https:\/\/www.caudete.org\/ayuntamiento\/wp-content\/uploads\/2021\/06\/Atletismo-escolar.jpg","datePublished":"2021-06-10T14:37:15+00:00","dateModified":"2021-06-10T18:06:52+00:00","description":"P\u00e1gina Oficial del Ayuntamiento de Caudete (Albacete)","breadcrumb":{"@id":"https:\/\/www.caudete.org\/ayuntamiento\/resultados-de-los-atletas-de-las-edm-de-atletismo-de-caudete-en-el-campeonato-provincial-escolar-de-pista-sub-10-y-sub-12\/#breadcrumb"},"inLanguage":"es","potentialAction":[{"@type":"ReadAction","target":["https:\/\/www.caudete.org\/ayuntamiento\/resultados-de-los-atletas-de-las-edm-de-atletismo-de-caudete-en-el-campeonato-provincial-escolar-de-pista-sub-10-y-sub-12\/"]}]},{"@type":"ImageObject","inLanguage":"es","@id":"https:\/\/www.caudete.org\/ayuntamiento\/resultados-de-los-atletas-de-las-edm-de-atletismo-de-caudete-en-el-campeonato-provincial-escolar-de-pista-sub-10-y-sub-12\/#primaryimage","url":"https:\/\/www.caudete.org\/ayuntamiento\/wp-content\/uploads\/2021\/06\/Atletismo-escolar.jpg","contentUrl":"https:\/\/www.caudete.org\/ayuntamiento\/wp-content\/uploads\/2021\/06\/Atletismo-escolar.jpg","width":864,"height":380},{"@type":"BreadcrumbList","@id":"https:\/\/www.caudete.org\/ayuntamiento\/resultados-de-los-atletas-de-las-edm-de-atletismo-de-caudete-en-el-campeonato-provincial-escolar-de-pista-sub-10-y-sub-12\/#breadcrumb","itemListElement":[{"@type":"ListItem","position":1,"name":"Inicio","item":"https:\/\/www.caudete.org\/ayuntamiento\/"},{"@type":"ListItem","position":2,"name":"Resultados de las EDM de Atletismo en el Campeonato Provincial Escolar de pista Sub 10 y Sub 12"}]},{"@type":"WebSite","@id":"https:\/\/www.caudete.org\/ayuntamiento\/#website","url":"https:\/\/www.caudete.org\/ayuntamiento\/","name":"MI Ayuntamiento de Caudete","description":"P\u00e1gina Oficial del MI Ayuntamiento de Caudete","publisher":{"@id":"https:\/\/www.caudete.org\/ayuntamiento\/#organization"},"potentialAction":[{"@type":"SearchAction","target":{"@type":"EntryPoint","urlTemplate":"https:\/\/www.caudete.org\/ayuntamiento\/?s={search_term_string}"},"query-input":{"@type":"PropertyValueSpecification","valueRequired":true,"valueName":"search_term_string"}}],"inLanguage":"es"},{"@type":"Organization","@id":"https:\/\/www.caudete.org\/ayuntamiento\/#organization","name":"Ayuntamiento de Caudete","url":"https:\/\/www.caudete.org\/ayuntamiento\/","logo":{"@type":"ImageObject","inLanguage":"es","@id":"https:\/\/www.caudete.org\/ayuntamiento\/#\/schema\/logo\/image\/","url":"https:\/\/www.caudete.org\/ayuntamiento\/wp-content\/uploads\/2020\/11\/logo_ayuntamiento_caudete.jpg","contentUrl":"https:\/\/www.caudete.org\/ayuntamiento\/wp-content\/uploads\/2020\/11\/logo_ayuntamiento_caudete.jpg","width":600,"height":150,"caption":"Ayuntamiento de Caudete"},"image":{"@id":"https:\/\/www.caudete.org\/ayuntamiento\/#\/schema\/logo\/image\/"},"sameAs":["https:\/\/www.facebook.com\/ayuntamientocaudete\/","https:\/\/www.youtube.com\/channel\/UC6VztHaooNsGpw-tNoBEFnQ"]},{"@type":"Person","@id":"https:\/\/www.caudete.org\/ayuntamiento\/#\/schema\/person\/7656a5bb58fca95b9814e940de0fda63","name":"Juan","image":{"@type":"ImageObject","inLanguage":"es","@id":"https:\/\/secure.gravatar.com\/avatar\/dd53e51c0cd6ab23f52d4f3e4f1c59730240727763de3dbbf26750b079a2c292?s=96&d=mm&r=g","url":"https:\/\/secure.gravatar.com\/avatar\/dd53e51c0cd6ab23f52d4f3e4f1c59730240727763de3dbbf26750b079a2c292?s=96&d=mm&r=g","contentUrl":"https:\/\/secure.gravatar.com\/avatar\/dd53e51c0cd6ab23f52d4f3e4f1c59730240727763de3dbbf26750b079a2c292?s=96&d=mm&r=g","caption":"Juan"},"url":"https:\/\/www.caudete.org\/ayuntamiento\/author\/centrodeinternet\/"}]}},"_links":{"self":[{"href":"https:\/\/www.caudete.org\/ayuntamiento\/wp-json\/wp\/v2\/posts\/14828","targetHints":{"allow":["GET"]}}],"collection":[{"href":"https:\/\/www.caudete.org\/ayuntamiento\/wp-json\/wp\/v2\/posts"}],"about":[{"href":"https:\/\/www.caudete.org\/ayuntamiento\/wp-json\/wp\/v2\/types\/post"}],"author":[{"embeddable":true,"href":"https:\/\/www.caudete.org\/ayuntamiento\/wp-json\/wp\/v2\/users\/2"}],"replies":[{"embeddable":true,"href":"https:\/\/www.caudete.org\/ayuntamiento\/wp-json\/wp\/v2\/comments?post=14828"}],"version-history":[{"count":6,"href":"https:\/\/www.caudete.org\/ayuntamiento\/wp-json\/wp\/v2\/posts\/14828\/revisions"}],"predecessor-version":[{"id":14842,"href":"https:\/\/www.caudete.org\/ayuntamiento\/wp-json\/wp\/v2\/posts\/14828\/revisions\/14842"}],"wp:featuredmedia":[{"embeddable":true,"href":"https:\/\/www.caudete.org\/ayuntamiento\/wp-json\/wp\/v2\/media\/14822"}],"wp:attachment":[{"href":"https:\/\/www.caudete.org\/ayuntamiento\/wp-json\/wp\/v2\/media?parent=14828"}],"wp:term":[{"taxonomy":"category","embeddable":true,"href":"https:\/\/www.caudete.org\/ayuntamiento\/wp-json\/wp\/v2\/categories?post=14828"},{"taxonomy":"post_tag","embeddable":true,"href":"https:\/\/www.caudete.org\/ayuntamiento\/wp-json\/wp\/v2\/tags?post=14828"}],"curies":[{"name":"wp","href":"https:\/\/api.w.org\/{rel}","templated":true}]}}