{"id":14835,"date":"2021-06-10T17:37:46","date_gmt":"2021-06-10T15:37:46","guid":{"rendered":"https:\/\/www.caudete.org\/ayuntamiento\/?p=14835"},"modified":"2021-06-10T22:22:43","modified_gmt":"2021-06-10T20:22:43","slug":"primera-jornada-del-campeonato-de-castilla-la-mancha-de-atletismo-en-pista-para-los-atletas-de-las-edm-de-caudete","status":"publish","type":"post","link":"https:\/\/www.caudete.org\/ayuntamiento\/primera-jornada-del-campeonato-de-castilla-la-mancha-de-atletismo-en-pista-para-los-atletas-de-las-edm-de-caudete\/","title":{"rendered":"1\u00aa jornada del Campeonato de ATLETISMO EN PISTA para las EDM"},"content":{"rendered":"<p>El pasado domingo 6 de junio se celebr\u00f3 la primera jornada del campeonato regional escolar de pista en la localidad de Albacete para las categor\u00edas sub14, sub16 y sub18.<\/p>\n<p>Un total de 4 atletas de las EDM de atletismo de Caudete se clasificaron para este campeonato, consiguiendo una medalla de bronce y dos cuartos puestos, adem\u00e1s de unas excelentes marcas en sus respectivas pruebas.<\/p>\n<p>Todav\u00eda quedan por celebrarse dos jornadas m\u00e1s de este campeonato regional el d\u00eda 13 en Ciudad Real y el d\u00eda 19 en Cuenca donde participar\u00e1n m\u00e1s atetas de las escuelas de atletismo.<\/p>\n<p>&nbsp;<\/p>\n<p><strong><u>ATLETAS PARTICIPANTES:<\/u><\/strong><\/p>\n<p>-NO\u00c9 GONZ\u00c1LEZ (Sub18): 3\u00ba en salto de longitud, con una marca de 6,10 metros.<\/p>\n<p>-CARLA GARC\u00cdA (Sub18): 11\u00aa en 1500 m., con una marca de 5:43.21<\/p>\n<p>-ROBERTO GIL (Sub14): 4\u00ba en 1000m., con una marca de 3:04.50<\/p>\n<p>-EVA NAVARRO (Sub14): 4\u00aa en 150m., con una marca de 21\u00b4\u00b437<\/p>\n<p>&nbsp;<\/p>\n<p><a href=\"https:\/\/www.caudete.org\/ayuntamiento\/wp-content\/uploads\/2021\/06\/FOTO.jpg\" rel='prettyPhoto'><img decoding=\"async\" class=\"aligncenter wp-image-14837 size-medium\" src=\"https:\/\/www.caudete.org\/ayuntamiento\/wp-content\/uploads\/2021\/06\/FOTO-300x156.jpg\" alt=\"\" width=\"300\" height=\"156\" srcset=\"https:\/\/www.caudete.org\/ayuntamiento\/wp-content\/uploads\/2021\/06\/FOTO-300x156.jpg 300w, https:\/\/www.caudete.org\/ayuntamiento\/wp-content\/uploads\/2021\/06\/FOTO-1024x532.jpg 1024w, https:\/\/www.caudete.org\/ayuntamiento\/wp-content\/uploads\/2021\/06\/FOTO-768x399.jpg 768w, https:\/\/www.caudete.org\/ayuntamiento\/wp-content\/uploads\/2021\/06\/FOTO-1536x798.jpg 1536w, https:\/\/www.caudete.org\/ayuntamiento\/wp-content\/uploads\/2021\/06\/FOTO.jpg 2048w\" sizes=\"(max-width: 300px) 100vw, 300px\" \/><\/a><\/p>\n<p>&nbsp;<\/p>\n","protected":false},"excerpt":{"rendered":"<p>El pasado domingo 6 de junio se celebr\u00f3 la primera jornada del campeonato regional escolar de pista en la localidad de Albacete para las categor\u00edas sub14, sub16 y sub18. Un total de 4 atletas de las EDM de atletismo de Caudete se clasificaron para este campeonato, consiguiendo una medalla de bronce y dos cuartos puestos, &hellip;<\/p>\n","protected":false},"author":2,"featured_media":14838,"comment_status":"closed","ping_status":"open","sticky":false,"template":"","format":"standard","meta":{"ngg_post_thumbnail":0,"footnotes":""},"categories":[23],"tags":[665,622],"class_list":["post-14835","post","type-post","status-publish","format-standard","has-post-thumbnail","hentry","category-deportes","tag-campeonato-escolar-de-atletismo","tag-escuelas-deportivas-municipales"],"yoast_head":"<!-- This site is optimized with the Yoast SEO plugin v27.5 - https:\/\/yoast.com\/product\/yoast-seo-wordpress\/ -->\n<title>1\u00aa jornada del Campeonato de ATLETISMO EN PISTA para las EDM - MI Ayuntamiento de Caudete<\/title>\n<meta name=\"description\" content=\"P\u00e1gina Oficial del Ayuntamiento de Caudete (Albacete)\" \/>\n<meta name=\"robots\" content=\"index, follow, max-snippet:-1, max-image-preview:large, max-video-preview:-1\" \/>\n<link rel=\"canonical\" href=\"https:\/\/www.caudete.org\/ayuntamiento\/primera-jornada-del-campeonato-de-castilla-la-mancha-de-atletismo-en-pista-para-los-atletas-de-las-edm-de-caudete\/\" \/>\n<meta property=\"og:locale\" content=\"es_ES\" \/>\n<meta property=\"og:type\" content=\"article\" \/>\n<meta property=\"og:title\" content=\"1\u00aa jornada del Campeonato de ATLETISMO EN PISTA para las EDM - MI Ayuntamiento de Caudete\" \/>\n<meta property=\"og:description\" content=\"P\u00e1gina Oficial del Ayuntamiento de Caudete (Albacete)\" \/>\n<meta property=\"og:url\" content=\"https:\/\/www.caudete.org\/ayuntamiento\/primera-jornada-del-campeonato-de-castilla-la-mancha-de-atletismo-en-pista-para-los-atletas-de-las-edm-de-caudete\/\" \/>\n<meta property=\"og:site_name\" content=\"MI Ayuntamiento de Caudete\" \/>\n<meta property=\"article:publisher\" content=\"https:\/\/www.facebook.com\/ayuntamientocaudete\/\" \/>\n<meta property=\"article:published_time\" content=\"2021-06-10T15:37:46+00:00\" \/>\n<meta property=\"article:modified_time\" content=\"2021-06-10T20:22:43+00:00\" \/>\n<meta property=\"og:image\" content=\"https:\/\/www.caudete.org\/ayuntamiento\/wp-content\/uploads\/2021\/06\/Atletismo-escolar-1.jpg\" \/>\n\t<meta property=\"og:image:width\" content=\"864\" \/>\n\t<meta property=\"og:image:height\" content=\"380\" \/>\n\t<meta property=\"og:image:type\" content=\"image\/jpeg\" \/>\n<meta name=\"author\" content=\"Juan\" \/>\n<meta name=\"twitter:card\" content=\"summary_large_image\" \/>\n<meta name=\"twitter:label1\" content=\"Escrito por\" \/>\n\t<meta name=\"twitter:data1\" content=\"Juan\" \/>\n\t<meta name=\"twitter:label2\" content=\"Tiempo de lectura\" \/>\n\t<meta name=\"twitter:data2\" content=\"1 minuto\" \/>\n<script type=\"application\/ld+json\" class=\"yoast-schema-graph\">{\"@context\":\"https:\\\/\\\/schema.org\",\"@graph\":[{\"@type\":\"Article\",\"@id\":\"https:\\\/\\\/www.caudete.org\\\/ayuntamiento\\\/primera-jornada-del-campeonato-de-castilla-la-mancha-de-atletismo-en-pista-para-los-atletas-de-las-edm-de-caudete\\\/#article\",\"isPartOf\":{\"@id\":\"https:\\\/\\\/www.caudete.org\\\/ayuntamiento\\\/primera-jornada-del-campeonato-de-castilla-la-mancha-de-atletismo-en-pista-para-los-atletas-de-las-edm-de-caudete\\\/\"},\"author\":{\"name\":\"Juan\",\"@id\":\"https:\\\/\\\/www.caudete.org\\\/ayuntamiento\\\/#\\\/schema\\\/person\\\/7656a5bb58fca95b9814e940de0fda63\"},\"headline\":\"1\u00aa jornada del Campeonato de ATLETISMO EN PISTA para las EDM\",\"datePublished\":\"2021-06-10T15:37:46+00:00\",\"dateModified\":\"2021-06-10T20:22:43+00:00\",\"mainEntityOfPage\":{\"@id\":\"https:\\\/\\\/www.caudete.org\\\/ayuntamiento\\\/primera-jornada-del-campeonato-de-castilla-la-mancha-de-atletismo-en-pista-para-los-atletas-de-las-edm-de-caudete\\\/\"},\"wordCount\":156,\"image\":{\"@id\":\"https:\\\/\\\/www.caudete.org\\\/ayuntamiento\\\/primera-jornada-del-campeonato-de-castilla-la-mancha-de-atletismo-en-pista-para-los-atletas-de-las-edm-de-caudete\\\/#primaryimage\"},\"thumbnailUrl\":\"https:\\\/\\\/www.caudete.org\\\/ayuntamiento\\\/wp-content\\\/uploads\\\/2021\\\/06\\\/Atletismo-escolar-1.jpg\",\"keywords\":[\"Campeonato Escolar de Atletismo\",\"Escuelas Deportivas Municipales\"],\"articleSection\":[\"Deportes\"],\"inLanguage\":\"es\"},{\"@type\":\"WebPage\",\"@id\":\"https:\\\/\\\/www.caudete.org\\\/ayuntamiento\\\/primera-jornada-del-campeonato-de-castilla-la-mancha-de-atletismo-en-pista-para-los-atletas-de-las-edm-de-caudete\\\/\",\"url\":\"https:\\\/\\\/www.caudete.org\\\/ayuntamiento\\\/primera-jornada-del-campeonato-de-castilla-la-mancha-de-atletismo-en-pista-para-los-atletas-de-las-edm-de-caudete\\\/\",\"name\":\"1\u00aa jornada del Campeonato de ATLETISMO EN PISTA para las EDM - MI Ayuntamiento de Caudete\",\"isPartOf\":{\"@id\":\"https:\\\/\\\/www.caudete.org\\\/ayuntamiento\\\/#website\"},\"primaryImageOfPage\":{\"@id\":\"https:\\\/\\\/www.caudete.org\\\/ayuntamiento\\\/primera-jornada-del-campeonato-de-castilla-la-mancha-de-atletismo-en-pista-para-los-atletas-de-las-edm-de-caudete\\\/#primaryimage\"},\"image\":{\"@id\":\"https:\\\/\\\/www.caudete.org\\\/ayuntamiento\\\/primera-jornada-del-campeonato-de-castilla-la-mancha-de-atletismo-en-pista-para-los-atletas-de-las-edm-de-caudete\\\/#primaryimage\"},\"thumbnailUrl\":\"https:\\\/\\\/www.caudete.org\\\/ayuntamiento\\\/wp-content\\\/uploads\\\/2021\\\/06\\\/Atletismo-escolar-1.jpg\",\"datePublished\":\"2021-06-10T15:37:46+00:00\",\"dateModified\":\"2021-06-10T20:22:43+00:00\",\"author\":{\"@id\":\"https:\\\/\\\/www.caudete.org\\\/ayuntamiento\\\/#\\\/schema\\\/person\\\/7656a5bb58fca95b9814e940de0fda63\"},\"description\":\"P\u00e1gina Oficial del Ayuntamiento de Caudete (Albacete)\",\"breadcrumb\":{\"@id\":\"https:\\\/\\\/www.caudete.org\\\/ayuntamiento\\\/primera-jornada-del-campeonato-de-castilla-la-mancha-de-atletismo-en-pista-para-los-atletas-de-las-edm-de-caudete\\\/#breadcrumb\"},\"inLanguage\":\"es\",\"potentialAction\":[{\"@type\":\"ReadAction\",\"target\":[\"https:\\\/\\\/www.caudete.org\\\/ayuntamiento\\\/primera-jornada-del-campeonato-de-castilla-la-mancha-de-atletismo-en-pista-para-los-atletas-de-las-edm-de-caudete\\\/\"]}]},{\"@type\":\"ImageObject\",\"inLanguage\":\"es\",\"@id\":\"https:\\\/\\\/www.caudete.org\\\/ayuntamiento\\\/primera-jornada-del-campeonato-de-castilla-la-mancha-de-atletismo-en-pista-para-los-atletas-de-las-edm-de-caudete\\\/#primaryimage\",\"url\":\"https:\\\/\\\/www.caudete.org\\\/ayuntamiento\\\/wp-content\\\/uploads\\\/2021\\\/06\\\/Atletismo-escolar-1.jpg\",\"contentUrl\":\"https:\\\/\\\/www.caudete.org\\\/ayuntamiento\\\/wp-content\\\/uploads\\\/2021\\\/06\\\/Atletismo-escolar-1.jpg\",\"width\":864,\"height\":380},{\"@type\":\"BreadcrumbList\",\"@id\":\"https:\\\/\\\/www.caudete.org\\\/ayuntamiento\\\/primera-jornada-del-campeonato-de-castilla-la-mancha-de-atletismo-en-pista-para-los-atletas-de-las-edm-de-caudete\\\/#breadcrumb\",\"itemListElement\":[{\"@type\":\"ListItem\",\"position\":1,\"name\":\"Inicio\",\"item\":\"https:\\\/\\\/www.caudete.org\\\/ayuntamiento\\\/\"},{\"@type\":\"ListItem\",\"position\":2,\"name\":\"1\u00aa jornada del Campeonato de ATLETISMO EN PISTA para las EDM\"}]},{\"@type\":\"WebSite\",\"@id\":\"https:\\\/\\\/www.caudete.org\\\/ayuntamiento\\\/#website\",\"url\":\"https:\\\/\\\/www.caudete.org\\\/ayuntamiento\\\/\",\"name\":\"MI Ayuntamiento de Caudete\",\"description\":\"P\u00e1gina Oficial del MI Ayuntamiento de Caudete\",\"potentialAction\":[{\"@type\":\"SearchAction\",\"target\":{\"@type\":\"EntryPoint\",\"urlTemplate\":\"https:\\\/\\\/www.caudete.org\\\/ayuntamiento\\\/?s={search_term_string}\"},\"query-input\":{\"@type\":\"PropertyValueSpecification\",\"valueRequired\":true,\"valueName\":\"search_term_string\"}}],\"inLanguage\":\"es\"},{\"@type\":\"Person\",\"@id\":\"https:\\\/\\\/www.caudete.org\\\/ayuntamiento\\\/#\\\/schema\\\/person\\\/7656a5bb58fca95b9814e940de0fda63\",\"name\":\"Juan\",\"image\":{\"@type\":\"ImageObject\",\"inLanguage\":\"es\",\"@id\":\"https:\\\/\\\/secure.gravatar.com\\\/avatar\\\/dd53e51c0cd6ab23f52d4f3e4f1c59730240727763de3dbbf26750b079a2c292?s=96&d=mm&r=g\",\"url\":\"https:\\\/\\\/secure.gravatar.com\\\/avatar\\\/dd53e51c0cd6ab23f52d4f3e4f1c59730240727763de3dbbf26750b079a2c292?s=96&d=mm&r=g\",\"contentUrl\":\"https:\\\/\\\/secure.gravatar.com\\\/avatar\\\/dd53e51c0cd6ab23f52d4f3e4f1c59730240727763de3dbbf26750b079a2c292?s=96&d=mm&r=g\",\"caption\":\"Juan\"},\"url\":\"https:\\\/\\\/www.caudete.org\\\/ayuntamiento\\\/author\\\/centrodeinternet\\\/\"}]}<\/script>\n<!-- \/ Yoast SEO plugin. -->","yoast_head_json":{"title":"1\u00aa jornada del Campeonato de ATLETISMO EN PISTA para las EDM - MI Ayuntamiento de Caudete","description":"P\u00e1gina Oficial del Ayuntamiento de Caudete (Albacete)","robots":{"index":"index","follow":"follow","max-snippet":"max-snippet:-1","max-image-preview":"max-image-preview:large","max-video-preview":"max-video-preview:-1"},"canonical":"https:\/\/www.caudete.org\/ayuntamiento\/primera-jornada-del-campeonato-de-castilla-la-mancha-de-atletismo-en-pista-para-los-atletas-de-las-edm-de-caudete\/","og_locale":"es_ES","og_type":"article","og_title":"1\u00aa jornada del Campeonato de ATLETISMO EN PISTA para las EDM - MI Ayuntamiento de Caudete","og_description":"P\u00e1gina Oficial del Ayuntamiento de Caudete (Albacete)","og_url":"https:\/\/www.caudete.org\/ayuntamiento\/primera-jornada-del-campeonato-de-castilla-la-mancha-de-atletismo-en-pista-para-los-atletas-de-las-edm-de-caudete\/","og_site_name":"MI Ayuntamiento de Caudete","article_publisher":"https:\/\/www.facebook.com\/ayuntamientocaudete\/","article_published_time":"2021-06-10T15:37:46+00:00","article_modified_time":"2021-06-10T20:22:43+00:00","og_image":[{"width":864,"height":380,"url":"https:\/\/www.caudete.org\/ayuntamiento\/wp-content\/uploads\/2021\/06\/Atletismo-escolar-1.jpg","type":"image\/jpeg"}],"author":"Juan","twitter_card":"summary_large_image","twitter_misc":{"Escrito por":"Juan","Tiempo de lectura":"1 minuto"},"schema":{"@context":"https:\/\/schema.org","@graph":[{"@type":"Article","@id":"https:\/\/www.caudete.org\/ayuntamiento\/primera-jornada-del-campeonato-de-castilla-la-mancha-de-atletismo-en-pista-para-los-atletas-de-las-edm-de-caudete\/#article","isPartOf":{"@id":"https:\/\/www.caudete.org\/ayuntamiento\/primera-jornada-del-campeonato-de-castilla-la-mancha-de-atletismo-en-pista-para-los-atletas-de-las-edm-de-caudete\/"},"author":{"name":"Juan","@id":"https:\/\/www.caudete.org\/ayuntamiento\/#\/schema\/person\/7656a5bb58fca95b9814e940de0fda63"},"headline":"1\u00aa jornada del Campeonato de ATLETISMO EN PISTA para las EDM","datePublished":"2021-06-10T15:37:46+00:00","dateModified":"2021-06-10T20:22:43+00:00","mainEntityOfPage":{"@id":"https:\/\/www.caudete.org\/ayuntamiento\/primera-jornada-del-campeonato-de-castilla-la-mancha-de-atletismo-en-pista-para-los-atletas-de-las-edm-de-caudete\/"},"wordCount":156,"image":{"@id":"https:\/\/www.caudete.org\/ayuntamiento\/primera-jornada-del-campeonato-de-castilla-la-mancha-de-atletismo-en-pista-para-los-atletas-de-las-edm-de-caudete\/#primaryimage"},"thumbnailUrl":"https:\/\/www.caudete.org\/ayuntamiento\/wp-content\/uploads\/2021\/06\/Atletismo-escolar-1.jpg","keywords":["Campeonato Escolar de Atletismo","Escuelas Deportivas Municipales"],"articleSection":["Deportes"],"inLanguage":"es"},{"@type":"WebPage","@id":"https:\/\/www.caudete.org\/ayuntamiento\/primera-jornada-del-campeonato-de-castilla-la-mancha-de-atletismo-en-pista-para-los-atletas-de-las-edm-de-caudete\/","url":"https:\/\/www.caudete.org\/ayuntamiento\/primera-jornada-del-campeonato-de-castilla-la-mancha-de-atletismo-en-pista-para-los-atletas-de-las-edm-de-caudete\/","name":"1\u00aa jornada del Campeonato de ATLETISMO EN PISTA para las EDM - MI Ayuntamiento de Caudete","isPartOf":{"@id":"https:\/\/www.caudete.org\/ayuntamiento\/#website"},"primaryImageOfPage":{"@id":"https:\/\/www.caudete.org\/ayuntamiento\/primera-jornada-del-campeonato-de-castilla-la-mancha-de-atletismo-en-pista-para-los-atletas-de-las-edm-de-caudete\/#primaryimage"},"image":{"@id":"https:\/\/www.caudete.org\/ayuntamiento\/primera-jornada-del-campeonato-de-castilla-la-mancha-de-atletismo-en-pista-para-los-atletas-de-las-edm-de-caudete\/#primaryimage"},"thumbnailUrl":"https:\/\/www.caudete.org\/ayuntamiento\/wp-content\/uploads\/2021\/06\/Atletismo-escolar-1.jpg","datePublished":"2021-06-10T15:37:46+00:00","dateModified":"2021-06-10T20:22:43+00:00","author":{"@id":"https:\/\/www.caudete.org\/ayuntamiento\/#\/schema\/person\/7656a5bb58fca95b9814e940de0fda63"},"description":"P\u00e1gina Oficial del Ayuntamiento de Caudete (Albacete)","breadcrumb":{"@id":"https:\/\/www.caudete.org\/ayuntamiento\/primera-jornada-del-campeonato-de-castilla-la-mancha-de-atletismo-en-pista-para-los-atletas-de-las-edm-de-caudete\/#breadcrumb"},"inLanguage":"es","potentialAction":[{"@type":"ReadAction","target":["https:\/\/www.caudete.org\/ayuntamiento\/primera-jornada-del-campeonato-de-castilla-la-mancha-de-atletismo-en-pista-para-los-atletas-de-las-edm-de-caudete\/"]}]},{"@type":"ImageObject","inLanguage":"es","@id":"https:\/\/www.caudete.org\/ayuntamiento\/primera-jornada-del-campeonato-de-castilla-la-mancha-de-atletismo-en-pista-para-los-atletas-de-las-edm-de-caudete\/#primaryimage","url":"https:\/\/www.caudete.org\/ayuntamiento\/wp-content\/uploads\/2021\/06\/Atletismo-escolar-1.jpg","contentUrl":"https:\/\/www.caudete.org\/ayuntamiento\/wp-content\/uploads\/2021\/06\/Atletismo-escolar-1.jpg","width":864,"height":380},{"@type":"BreadcrumbList","@id":"https:\/\/www.caudete.org\/ayuntamiento\/primera-jornada-del-campeonato-de-castilla-la-mancha-de-atletismo-en-pista-para-los-atletas-de-las-edm-de-caudete\/#breadcrumb","itemListElement":[{"@type":"ListItem","position":1,"name":"Inicio","item":"https:\/\/www.caudete.org\/ayuntamiento\/"},{"@type":"ListItem","position":2,"name":"1\u00aa jornada del Campeonato de ATLETISMO EN PISTA para las EDM"}]},{"@type":"WebSite","@id":"https:\/\/www.caudete.org\/ayuntamiento\/#website","url":"https:\/\/www.caudete.org\/ayuntamiento\/","name":"MI Ayuntamiento de Caudete","description":"P\u00e1gina Oficial del MI Ayuntamiento de Caudete","potentialAction":[{"@type":"SearchAction","target":{"@type":"EntryPoint","urlTemplate":"https:\/\/www.caudete.org\/ayuntamiento\/?s={search_term_string}"},"query-input":{"@type":"PropertyValueSpecification","valueRequired":true,"valueName":"search_term_string"}}],"inLanguage":"es"},{"@type":"Person","@id":"https:\/\/www.caudete.org\/ayuntamiento\/#\/schema\/person\/7656a5bb58fca95b9814e940de0fda63","name":"Juan","image":{"@type":"ImageObject","inLanguage":"es","@id":"https:\/\/secure.gravatar.com\/avatar\/dd53e51c0cd6ab23f52d4f3e4f1c59730240727763de3dbbf26750b079a2c292?s=96&d=mm&r=g","url":"https:\/\/secure.gravatar.com\/avatar\/dd53e51c0cd6ab23f52d4f3e4f1c59730240727763de3dbbf26750b079a2c292?s=96&d=mm&r=g","contentUrl":"https:\/\/secure.gravatar.com\/avatar\/dd53e51c0cd6ab23f52d4f3e4f1c59730240727763de3dbbf26750b079a2c292?s=96&d=mm&r=g","caption":"Juan"},"url":"https:\/\/www.caudete.org\/ayuntamiento\/author\/centrodeinternet\/"}]}},"_links":{"self":[{"href":"https:\/\/www.caudete.org\/ayuntamiento\/wp-json\/wp\/v2\/posts\/14835","targetHints":{"allow":["GET"]}}],"collection":[{"href":"https:\/\/www.caudete.org\/ayuntamiento\/wp-json\/wp\/v2\/posts"}],"about":[{"href":"https:\/\/www.caudete.org\/ayuntamiento\/wp-json\/wp\/v2\/types\/post"}],"author":[{"embeddable":true,"href":"https:\/\/www.caudete.org\/ayuntamiento\/wp-json\/wp\/v2\/users\/2"}],"replies":[{"embeddable":true,"href":"https:\/\/www.caudete.org\/ayuntamiento\/wp-json\/wp\/v2\/comments?post=14835"}],"version-history":[{"count":4,"href":"https:\/\/www.caudete.org\/ayuntamiento\/wp-json\/wp\/v2\/posts\/14835\/revisions"}],"predecessor-version":[{"id":14843,"href":"https:\/\/www.caudete.org\/ayuntamiento\/wp-json\/wp\/v2\/posts\/14835\/revisions\/14843"}],"wp:featuredmedia":[{"embeddable":true,"href":"https:\/\/www.caudete.org\/ayuntamiento\/wp-json\/wp\/v2\/media\/14838"}],"wp:attachment":[{"href":"https:\/\/www.caudete.org\/ayuntamiento\/wp-json\/wp\/v2\/media?parent=14835"}],"wp:term":[{"taxonomy":"category","embeddable":true,"href":"https:\/\/www.caudete.org\/ayuntamiento\/wp-json\/wp\/v2\/categories?post=14835"},{"taxonomy":"post_tag","embeddable":true,"href":"https:\/\/www.caudete.org\/ayuntamiento\/wp-json\/wp\/v2\/tags?post=14835"}],"curies":[{"name":"wp","href":"https:\/\/api.w.org\/{rel}","templated":true}]}}