{"id":14856,"date":"2021-06-11T17:52:18","date_gmt":"2021-06-11T15:52:18","guid":{"rendered":"https:\/\/www.caudete.org\/ayuntamiento\/?p=14856"},"modified":"2021-06-11T17:52:18","modified_gmt":"2021-06-11T15:52:18","slug":"el-alcalde-traslada-a-pymes-y-autonomos-las-ayudas-aprobadas-por-la-jccm","status":"publish","type":"post","link":"https:\/\/www.caudete.org\/ayuntamiento\/el-alcalde-traslada-a-pymes-y-autonomos-las-ayudas-aprobadas-por-la-jccm\/","title":{"rendered":"El Alcalde traslada a Pymes y Aut\u00f3nomos las ayudas aprobadas por la JCCM"},"content":{"rendered":"<div class=\"kvgmc6g5 cxmmr5t8 oygrvhab hcukyx3x c1et5uql ii04i59q\">\n<div dir=\"auto\" style=\"text-align: justify;\">El Alcalde, Mois\u00e9s L\u00f3pez, ha dado a conocer el nuevo Decreto de la JCCM de ayudas directas para Pymes y Aut\u00f3nomos dirigida a los sectores m\u00e1s afectados por la crisis sanitaria, aprobado hace unos d\u00edas, en concreto el pasado martes, y publicadas en el DOCM el pasado mi\u00e9rcoles d\u00eda 9 de Junio.<\/div>\n<div dir=\"auto\" style=\"text-align: justify;\"><\/div>\n<\/div>\n<div dir=\"auto\" style=\"text-align: justify;\">El objetivo de las mismas es el apoyo a la solvencia y reducci\u00f3n del endeudamiento de las personas trabajadoras aut\u00f3nomas y las empresas que desarrollen su actividad en los sectores m\u00e1s afectados por la crisis derivada de la expansi\u00f3n del COVID-19, preservando la liquidez y la solvencia de dicho sector.<\/div>\n<div dir=\"auto\"><\/div>\n<div dir=\"auto\" style=\"text-align: justify;\">Valoradas positivamente por el primer Edil, anima a todo el sector econ\u00f3mico de la localidad beneficiario de la subvenci\u00f3n convocada, a solicitar las mismas, y obtener as\u00ed unas ayudas que son m\u00e1s que necesarias en estos momentos para quienes sostienen el empleo y generan riqueza en nuestro pueblo.<\/div>\n<div dir=\"auto\" style=\"text-align: justify;\"><\/div>\n<div class=\"o9v6fnle cxmmr5t8 oygrvhab hcukyx3x c1et5uql ii04i59q\" style=\"text-align: justify;\">\n<div dir=\"auto\">De car\u00e1cter finalista, la ayuda concedida deber\u00e1 aplicarse a la satisfacci\u00f3n de la deuda y realizar pagos a proveedores y otros acreedores, financieros y no financieros, as\u00ed como los costes fijos incurridos, siempre y cuando \u00e9stos se hayan devengado entre el 1 de marzo de 2020 y el 31 de mayo de 2021, y procedan de contratos anteriores a fecha 13 de marzo de 2021.<\/div>\n<div dir=\"auto\"><\/div>\n<div dir=\"auto\">Los requisitos marcados para poder optar a dichas ayudas son:<\/div>\n<div dir=\"auto\"><\/div>\n<\/div>\n<div class=\"o9v6fnle cxmmr5t8 oygrvhab hcukyx3x c1et5uql ii04i59q\" style=\"text-align: justify;\">\n<div dir=\"auto\">1. Hallarse al corriente en el cumplimiento de las obligaciones tributarias y con la Seguridad Social, o en su caso, con la Mutualidad de Previsi\u00f3n Social correspondiente, as\u00ed como encontrarse al corriente en el pago de obligaciones por reintegro de subvenciones p\u00fablicas.<\/div>\n<div dir=\"auto\">2. Estar dado de alta en una actividad econ\u00f3mica.<\/div>\n<div dir=\"auto\">3. Haber realizado durante 2019 y 2020 al menos una de las actividades previstas en los c\u00f3digos de la CNAE y continuar en su ejercicio en el momento de la solicitud.<\/div>\n<div dir=\"auto\">4. Tener en ca\u00edda de m\u00e1s de un 30% en el volumen de operaciones anual declarado o comprobado por la Administraci\u00f3n, en el Impuesto sobre el Valor A\u00f1adido en 2020 con respecto a 2019.<\/div>\n<div dir=\"auto\">5. No estar incursa la persona f\u00edsica, los administradores de las personas jur\u00eddicas.<\/div>\n<\/div>\n<div class=\"o9v6fnle cxmmr5t8 oygrvhab hcukyx3x c1et5uql ii04i59q\" style=\"text-align: justify;\">\n<div dir=\"auto\"><\/div>\n<div dir=\"auto\">Son subvencionables las cuant\u00edas que se destinen a:<\/div>\n<div dir=\"auto\">1. Satisfacci\u00f3n de la deuda y pagos a proveedores y otros acreedores, financieros y no financieros.<\/div>\n<div dir=\"auto\">2. Los costes fijos incurridos, siempre y cuando \u00e9stos se hayan devengado entre el 1 de marzo de 2020 y el 31 de mayo de 2021 y procedan de contratos anteriores al 13 de marzo de 2021.<\/div>\n<div dir=\"auto\"><\/div>\n<\/div>\n<div class=\"o9v6fnle cxmmr5t8 oygrvhab hcukyx3x c1et5uql ii04i59q\" style=\"text-align: justify;\">\n<div dir=\"auto\">El procedimiento de concesi\u00f3n de estas subvenciones ser\u00e1 el de concesi\u00f3n directa, tramit\u00e1ndose y resolvi\u00e9ndose por orden de presentaci\u00f3n de las mismas y hasta el agotamiento de la financiaci\u00f3n disponible.<\/div>\n<div dir=\"auto\"><\/div>\n<div dir=\"auto\">El plazo de presentaci\u00f3n de solicitudes ser\u00e1 de 1 mes a contar el d\u00eda siguiente al de la publicaci\u00f3n en el Diario Oficial de Castilla-La Mancha (DOCM), fijando el plazo m\u00e1ximo para resolver y notificar la resoluci\u00f3n sin exceder de 2 meses a partir de la fecha de la presentaci\u00f3n de la solicitud. Igualmente, las ayudas podr\u00e1n concederse hasta el 31 de diciembre de 2021. As\u00ed pues, el plazo est\u00e1 abierto en estos momentos, y se cierra el pr\u00f3ximo d\u00eda 9 de Julio.<\/div>\n<\/div>\n<div dir=\"auto\" style=\"text-align: justify;\"><\/div>\n<div dir=\"auto\" style=\"text-align: justify;\">Cabe destacar algunas de las actividades que pueden resultar beneficiarias, seg\u00fan las bases:<\/div>\n<div dir=\"auto\" style=\"text-align: justify;\"><\/div>\n<div class=\"o9v6fnle cxmmr5t8 oygrvhab hcukyx3x c1et5uql ii04i59q\">\n<div dir=\"auto\" style=\"text-align: justify;\">&#8211; Fabricaci\u00f3n de aceite de oliva y elaboraci\u00f3n de vinos.<\/div>\n<div dir=\"auto\" style=\"text-align: justify;\">&#8211; Actividades de impresi\u00f3n y artes gr\u00e1ficas.<\/div>\n<div dir=\"auto\" style=\"text-align: justify;\">&#8211; Fabricaci\u00f3n de hormig\u00f3n fresco.<\/div>\n<div dir=\"auto\" style=\"text-align: justify;\">&#8211; Fabricaci\u00f3n de carpinter\u00eda met\u00e1lica, de muebles de oficina y de establecimientos comerciales, fabricaci\u00f3n de muebles de cocina, fabricaci\u00f3n de otros muebles.<\/div>\n<div dir=\"auto\" style=\"text-align: justify;\">&#8211; Comercio al por menor de productos alimenticios en establecimientos especializados, comercio al por menor de textiles en establecimientos especializados, comercio al por menor de ferreter\u00eda, pintura y vidrio, comercio al por menor de aparatos electrodom\u00e9sticos, comercio al por menor de productos farmac\u00e9uticos, comercio al por menor de productos textiles, prendas de vestir y calzado en puestos de venta y en mercadillos, etc.<\/div>\n<\/div>\n","protected":false},"excerpt":{"rendered":"<p>El Alcalde, Mois\u00e9s L\u00f3pez, ha dado a conocer el nuevo Decreto de la JCCM de ayudas directas para Pymes y Aut\u00f3nomos dirigida a los sectores m\u00e1s afectados por la crisis sanitaria, aprobado hace unos d\u00edas, en concreto el pasado martes, y publicadas en el DOCM el pasado mi\u00e9rcoles d\u00eda 9 de Junio. El objetivo de &hellip;<\/p>\n","protected":false},"author":3,"featured_media":11987,"comment_status":"closed","ping_status":"open","sticky":false,"template":"","format":"standard","meta":{"ngg_post_thumbnail":0,"footnotes":""},"categories":[20],"tags":[],"class_list":["post-14856","post","type-post","status-publish","format-standard","has-post-thumbnail","hentry","category-ayuntamiento"],"yoast_head":"<!-- This site is optimized with the Yoast SEO plugin v27.5 - https:\/\/yoast.com\/product\/yoast-seo-wordpress\/ -->\n<title>El Alcalde traslada a Pymes y Aut\u00f3nomos las ayudas aprobadas por la JCCM - MI Ayuntamiento de Caudete<\/title>\n<meta name=\"description\" content=\"P\u00e1gina Oficial del Ayuntamiento de Caudete (Albacete)\" \/>\n<meta name=\"robots\" content=\"index, follow, max-snippet:-1, max-image-preview:large, max-video-preview:-1\" \/>\n<link rel=\"canonical\" href=\"https:\/\/www.caudete.org\/ayuntamiento\/el-alcalde-traslada-a-pymes-y-autonomos-las-ayudas-aprobadas-por-la-jccm\/\" \/>\n<meta property=\"og:locale\" content=\"es_ES\" \/>\n<meta property=\"og:type\" content=\"article\" \/>\n<meta property=\"og:title\" content=\"El Alcalde traslada a Pymes y Aut\u00f3nomos las ayudas aprobadas por la JCCM - MI Ayuntamiento de Caudete\" \/>\n<meta property=\"og:description\" content=\"P\u00e1gina Oficial del Ayuntamiento de Caudete (Albacete)\" \/>\n<meta property=\"og:url\" content=\"https:\/\/www.caudete.org\/ayuntamiento\/el-alcalde-traslada-a-pymes-y-autonomos-las-ayudas-aprobadas-por-la-jccm\/\" \/>\n<meta property=\"og:site_name\" content=\"MI Ayuntamiento de Caudete\" \/>\n<meta property=\"article:publisher\" content=\"https:\/\/www.facebook.com\/ayuntamientocaudete\/\" \/>\n<meta property=\"article:published_time\" content=\"2021-06-11T15:52:18+00:00\" \/>\n<meta property=\"og:image\" content=\"https:\/\/www.caudete.org\/ayuntamiento\/wp-content\/uploads\/2021\/02\/WhatsApp-Image-2021-02-03-at-11.09.40-1.jpeg\" \/>\n\t<meta property=\"og:image:width\" content=\"1600\" \/>\n\t<meta property=\"og:image:height\" content=\"1066\" \/>\n\t<meta property=\"og:image:type\" content=\"image\/jpeg\" \/>\n<meta name=\"author\" content=\"alcalde\" \/>\n<meta name=\"twitter:card\" content=\"summary_large_image\" \/>\n<meta name=\"twitter:label1\" content=\"Escrito por\" \/>\n\t<meta name=\"twitter:data1\" content=\"alcalde\" \/>\n\t<meta name=\"twitter:label2\" content=\"Tiempo de lectura\" \/>\n\t<meta name=\"twitter:data2\" content=\"3 minutos\" \/>\n<script type=\"application\/ld+json\" class=\"yoast-schema-graph\">{\"@context\":\"https:\\\/\\\/schema.org\",\"@graph\":[{\"@type\":\"Article\",\"@id\":\"https:\\\/\\\/www.caudete.org\\\/ayuntamiento\\\/el-alcalde-traslada-a-pymes-y-autonomos-las-ayudas-aprobadas-por-la-jccm\\\/#article\",\"isPartOf\":{\"@id\":\"https:\\\/\\\/www.caudete.org\\\/ayuntamiento\\\/el-alcalde-traslada-a-pymes-y-autonomos-las-ayudas-aprobadas-por-la-jccm\\\/\"},\"author\":{\"name\":\"alcalde\",\"@id\":\"https:\\\/\\\/www.caudete.org\\\/ayuntamiento\\\/#\\\/schema\\\/person\\\/cc646da9133078ee4d8dd47457947253\"},\"headline\":\"El Alcalde traslada a Pymes y Aut\u00f3nomos las ayudas aprobadas por la JCCM\",\"datePublished\":\"2021-06-11T15:52:18+00:00\",\"mainEntityOfPage\":{\"@id\":\"https:\\\/\\\/www.caudete.org\\\/ayuntamiento\\\/el-alcalde-traslada-a-pymes-y-autonomos-las-ayudas-aprobadas-por-la-jccm\\\/\"},\"wordCount\":690,\"publisher\":{\"@id\":\"https:\\\/\\\/www.caudete.org\\\/ayuntamiento\\\/#organization\"},\"image\":{\"@id\":\"https:\\\/\\\/www.caudete.org\\\/ayuntamiento\\\/el-alcalde-traslada-a-pymes-y-autonomos-las-ayudas-aprobadas-por-la-jccm\\\/#primaryimage\"},\"thumbnailUrl\":\"https:\\\/\\\/www.caudete.org\\\/ayuntamiento\\\/wp-content\\\/uploads\\\/2021\\\/02\\\/WhatsApp-Image-2021-02-03-at-11.09.40-1.jpeg\",\"articleSection\":[\"Ayuntamiento\"],\"inLanguage\":\"es\"},{\"@type\":\"WebPage\",\"@id\":\"https:\\\/\\\/www.caudete.org\\\/ayuntamiento\\\/el-alcalde-traslada-a-pymes-y-autonomos-las-ayudas-aprobadas-por-la-jccm\\\/\",\"url\":\"https:\\\/\\\/www.caudete.org\\\/ayuntamiento\\\/el-alcalde-traslada-a-pymes-y-autonomos-las-ayudas-aprobadas-por-la-jccm\\\/\",\"name\":\"El Alcalde traslada a Pymes y Aut\u00f3nomos las ayudas aprobadas por la JCCM - MI Ayuntamiento de Caudete\",\"isPartOf\":{\"@id\":\"https:\\\/\\\/www.caudete.org\\\/ayuntamiento\\\/#website\"},\"primaryImageOfPage\":{\"@id\":\"https:\\\/\\\/www.caudete.org\\\/ayuntamiento\\\/el-alcalde-traslada-a-pymes-y-autonomos-las-ayudas-aprobadas-por-la-jccm\\\/#primaryimage\"},\"image\":{\"@id\":\"https:\\\/\\\/www.caudete.org\\\/ayuntamiento\\\/el-alcalde-traslada-a-pymes-y-autonomos-las-ayudas-aprobadas-por-la-jccm\\\/#primaryimage\"},\"thumbnailUrl\":\"https:\\\/\\\/www.caudete.org\\\/ayuntamiento\\\/wp-content\\\/uploads\\\/2021\\\/02\\\/WhatsApp-Image-2021-02-03-at-11.09.40-1.jpeg\",\"datePublished\":\"2021-06-11T15:52:18+00:00\",\"description\":\"P\u00e1gina Oficial del Ayuntamiento de Caudete (Albacete)\",\"breadcrumb\":{\"@id\":\"https:\\\/\\\/www.caudete.org\\\/ayuntamiento\\\/el-alcalde-traslada-a-pymes-y-autonomos-las-ayudas-aprobadas-por-la-jccm\\\/#breadcrumb\"},\"inLanguage\":\"es\",\"potentialAction\":[{\"@type\":\"ReadAction\",\"target\":[\"https:\\\/\\\/www.caudete.org\\\/ayuntamiento\\\/el-alcalde-traslada-a-pymes-y-autonomos-las-ayudas-aprobadas-por-la-jccm\\\/\"]}]},{\"@type\":\"ImageObject\",\"inLanguage\":\"es\",\"@id\":\"https:\\\/\\\/www.caudete.org\\\/ayuntamiento\\\/el-alcalde-traslada-a-pymes-y-autonomos-las-ayudas-aprobadas-por-la-jccm\\\/#primaryimage\",\"url\":\"https:\\\/\\\/www.caudete.org\\\/ayuntamiento\\\/wp-content\\\/uploads\\\/2021\\\/02\\\/WhatsApp-Image-2021-02-03-at-11.09.40-1.jpeg\",\"contentUrl\":\"https:\\\/\\\/www.caudete.org\\\/ayuntamiento\\\/wp-content\\\/uploads\\\/2021\\\/02\\\/WhatsApp-Image-2021-02-03-at-11.09.40-1.jpeg\",\"width\":1600,\"height\":1066},{\"@type\":\"BreadcrumbList\",\"@id\":\"https:\\\/\\\/www.caudete.org\\\/ayuntamiento\\\/el-alcalde-traslada-a-pymes-y-autonomos-las-ayudas-aprobadas-por-la-jccm\\\/#breadcrumb\",\"itemListElement\":[{\"@type\":\"ListItem\",\"position\":1,\"name\":\"Inicio\",\"item\":\"https:\\\/\\\/www.caudete.org\\\/ayuntamiento\\\/\"},{\"@type\":\"ListItem\",\"position\":2,\"name\":\"El Alcalde traslada a Pymes y Aut\u00f3nomos las ayudas aprobadas por la JCCM\"}]},{\"@type\":\"WebSite\",\"@id\":\"https:\\\/\\\/www.caudete.org\\\/ayuntamiento\\\/#website\",\"url\":\"https:\\\/\\\/www.caudete.org\\\/ayuntamiento\\\/\",\"name\":\"MI Ayuntamiento de Caudete\",\"description\":\"P\u00e1gina Oficial del MI Ayuntamiento de Caudete\",\"publisher\":{\"@id\":\"https:\\\/\\\/www.caudete.org\\\/ayuntamiento\\\/#organization\"},\"potentialAction\":[{\"@type\":\"SearchAction\",\"target\":{\"@type\":\"EntryPoint\",\"urlTemplate\":\"https:\\\/\\\/www.caudete.org\\\/ayuntamiento\\\/?s={search_term_string}\"},\"query-input\":{\"@type\":\"PropertyValueSpecification\",\"valueRequired\":true,\"valueName\":\"search_term_string\"}}],\"inLanguage\":\"es\"},{\"@type\":\"Organization\",\"@id\":\"https:\\\/\\\/www.caudete.org\\\/ayuntamiento\\\/#organization\",\"name\":\"Ayuntamiento de Caudete\",\"url\":\"https:\\\/\\\/www.caudete.org\\\/ayuntamiento\\\/\",\"logo\":{\"@type\":\"ImageObject\",\"inLanguage\":\"es\",\"@id\":\"https:\\\/\\\/www.caudete.org\\\/ayuntamiento\\\/#\\\/schema\\\/logo\\\/image\\\/\",\"url\":\"https:\\\/\\\/www.caudete.org\\\/ayuntamiento\\\/wp-content\\\/uploads\\\/2020\\\/11\\\/logo_ayuntamiento_caudete.jpg\",\"contentUrl\":\"https:\\\/\\\/www.caudete.org\\\/ayuntamiento\\\/wp-content\\\/uploads\\\/2020\\\/11\\\/logo_ayuntamiento_caudete.jpg\",\"width\":600,\"height\":150,\"caption\":\"Ayuntamiento de Caudete\"},\"image\":{\"@id\":\"https:\\\/\\\/www.caudete.org\\\/ayuntamiento\\\/#\\\/schema\\\/logo\\\/image\\\/\"},\"sameAs\":[\"https:\\\/\\\/www.facebook.com\\\/ayuntamientocaudete\\\/\",\"https:\\\/\\\/www.youtube.com\\\/channel\\\/UC6VztHaooNsGpw-tNoBEFnQ\"]},{\"@type\":\"Person\",\"@id\":\"https:\\\/\\\/www.caudete.org\\\/ayuntamiento\\\/#\\\/schema\\\/person\\\/cc646da9133078ee4d8dd47457947253\",\"name\":\"alcalde\",\"image\":{\"@type\":\"ImageObject\",\"inLanguage\":\"es\",\"@id\":\"https:\\\/\\\/secure.gravatar.com\\\/avatar\\\/84a817ba065b29ff08d666b215a215f5c79186a645ccb25b14a663d48a130f77?s=96&d=mm&r=g\",\"url\":\"https:\\\/\\\/secure.gravatar.com\\\/avatar\\\/84a817ba065b29ff08d666b215a215f5c79186a645ccb25b14a663d48a130f77?s=96&d=mm&r=g\",\"contentUrl\":\"https:\\\/\\\/secure.gravatar.com\\\/avatar\\\/84a817ba065b29ff08d666b215a215f5c79186a645ccb25b14a663d48a130f77?s=96&d=mm&r=g\",\"caption\":\"alcalde\"},\"url\":\"https:\\\/\\\/www.caudete.org\\\/ayuntamiento\\\/author\\\/alcalde\\\/\"}]}<\/script>\n<!-- \/ Yoast SEO plugin. -->","yoast_head_json":{"title":"El Alcalde traslada a Pymes y Aut\u00f3nomos las ayudas aprobadas por la JCCM - MI Ayuntamiento de Caudete","description":"P\u00e1gina Oficial del Ayuntamiento de Caudete (Albacete)","robots":{"index":"index","follow":"follow","max-snippet":"max-snippet:-1","max-image-preview":"max-image-preview:large","max-video-preview":"max-video-preview:-1"},"canonical":"https:\/\/www.caudete.org\/ayuntamiento\/el-alcalde-traslada-a-pymes-y-autonomos-las-ayudas-aprobadas-por-la-jccm\/","og_locale":"es_ES","og_type":"article","og_title":"El Alcalde traslada a Pymes y Aut\u00f3nomos las ayudas aprobadas por la JCCM - MI Ayuntamiento de Caudete","og_description":"P\u00e1gina Oficial del Ayuntamiento de Caudete (Albacete)","og_url":"https:\/\/www.caudete.org\/ayuntamiento\/el-alcalde-traslada-a-pymes-y-autonomos-las-ayudas-aprobadas-por-la-jccm\/","og_site_name":"MI Ayuntamiento de Caudete","article_publisher":"https:\/\/www.facebook.com\/ayuntamientocaudete\/","article_published_time":"2021-06-11T15:52:18+00:00","og_image":[{"width":1600,"height":1066,"url":"https:\/\/www.caudete.org\/ayuntamiento\/wp-content\/uploads\/2021\/02\/WhatsApp-Image-2021-02-03-at-11.09.40-1.jpeg","type":"image\/jpeg"}],"author":"alcalde","twitter_card":"summary_large_image","twitter_misc":{"Escrito por":"alcalde","Tiempo de lectura":"3 minutos"},"schema":{"@context":"https:\/\/schema.org","@graph":[{"@type":"Article","@id":"https:\/\/www.caudete.org\/ayuntamiento\/el-alcalde-traslada-a-pymes-y-autonomos-las-ayudas-aprobadas-por-la-jccm\/#article","isPartOf":{"@id":"https:\/\/www.caudete.org\/ayuntamiento\/el-alcalde-traslada-a-pymes-y-autonomos-las-ayudas-aprobadas-por-la-jccm\/"},"author":{"name":"alcalde","@id":"https:\/\/www.caudete.org\/ayuntamiento\/#\/schema\/person\/cc646da9133078ee4d8dd47457947253"},"headline":"El Alcalde traslada a Pymes y Aut\u00f3nomos las ayudas aprobadas por la JCCM","datePublished":"2021-06-11T15:52:18+00:00","mainEntityOfPage":{"@id":"https:\/\/www.caudete.org\/ayuntamiento\/el-alcalde-traslada-a-pymes-y-autonomos-las-ayudas-aprobadas-por-la-jccm\/"},"wordCount":690,"publisher":{"@id":"https:\/\/www.caudete.org\/ayuntamiento\/#organization"},"image":{"@id":"https:\/\/www.caudete.org\/ayuntamiento\/el-alcalde-traslada-a-pymes-y-autonomos-las-ayudas-aprobadas-por-la-jccm\/#primaryimage"},"thumbnailUrl":"https:\/\/www.caudete.org\/ayuntamiento\/wp-content\/uploads\/2021\/02\/WhatsApp-Image-2021-02-03-at-11.09.40-1.jpeg","articleSection":["Ayuntamiento"],"inLanguage":"es"},{"@type":"WebPage","@id":"https:\/\/www.caudete.org\/ayuntamiento\/el-alcalde-traslada-a-pymes-y-autonomos-las-ayudas-aprobadas-por-la-jccm\/","url":"https:\/\/www.caudete.org\/ayuntamiento\/el-alcalde-traslada-a-pymes-y-autonomos-las-ayudas-aprobadas-por-la-jccm\/","name":"El Alcalde traslada a Pymes y Aut\u00f3nomos las ayudas aprobadas por la JCCM - MI Ayuntamiento de Caudete","isPartOf":{"@id":"https:\/\/www.caudete.org\/ayuntamiento\/#website"},"primaryImageOfPage":{"@id":"https:\/\/www.caudete.org\/ayuntamiento\/el-alcalde-traslada-a-pymes-y-autonomos-las-ayudas-aprobadas-por-la-jccm\/#primaryimage"},"image":{"@id":"https:\/\/www.caudete.org\/ayuntamiento\/el-alcalde-traslada-a-pymes-y-autonomos-las-ayudas-aprobadas-por-la-jccm\/#primaryimage"},"thumbnailUrl":"https:\/\/www.caudete.org\/ayuntamiento\/wp-content\/uploads\/2021\/02\/WhatsApp-Image-2021-02-03-at-11.09.40-1.jpeg","datePublished":"2021-06-11T15:52:18+00:00","description":"P\u00e1gina Oficial del Ayuntamiento de Caudete (Albacete)","breadcrumb":{"@id":"https:\/\/www.caudete.org\/ayuntamiento\/el-alcalde-traslada-a-pymes-y-autonomos-las-ayudas-aprobadas-por-la-jccm\/#breadcrumb"},"inLanguage":"es","potentialAction":[{"@type":"ReadAction","target":["https:\/\/www.caudete.org\/ayuntamiento\/el-alcalde-traslada-a-pymes-y-autonomos-las-ayudas-aprobadas-por-la-jccm\/"]}]},{"@type":"ImageObject","inLanguage":"es","@id":"https:\/\/www.caudete.org\/ayuntamiento\/el-alcalde-traslada-a-pymes-y-autonomos-las-ayudas-aprobadas-por-la-jccm\/#primaryimage","url":"https:\/\/www.caudete.org\/ayuntamiento\/wp-content\/uploads\/2021\/02\/WhatsApp-Image-2021-02-03-at-11.09.40-1.jpeg","contentUrl":"https:\/\/www.caudete.org\/ayuntamiento\/wp-content\/uploads\/2021\/02\/WhatsApp-Image-2021-02-03-at-11.09.40-1.jpeg","width":1600,"height":1066},{"@type":"BreadcrumbList","@id":"https:\/\/www.caudete.org\/ayuntamiento\/el-alcalde-traslada-a-pymes-y-autonomos-las-ayudas-aprobadas-por-la-jccm\/#breadcrumb","itemListElement":[{"@type":"ListItem","position":1,"name":"Inicio","item":"https:\/\/www.caudete.org\/ayuntamiento\/"},{"@type":"ListItem","position":2,"name":"El Alcalde traslada a Pymes y Aut\u00f3nomos las ayudas aprobadas por la JCCM"}]},{"@type":"WebSite","@id":"https:\/\/www.caudete.org\/ayuntamiento\/#website","url":"https:\/\/www.caudete.org\/ayuntamiento\/","name":"MI Ayuntamiento de Caudete","description":"P\u00e1gina Oficial del MI Ayuntamiento de Caudete","publisher":{"@id":"https:\/\/www.caudete.org\/ayuntamiento\/#organization"},"potentialAction":[{"@type":"SearchAction","target":{"@type":"EntryPoint","urlTemplate":"https:\/\/www.caudete.org\/ayuntamiento\/?s={search_term_string}"},"query-input":{"@type":"PropertyValueSpecification","valueRequired":true,"valueName":"search_term_string"}}],"inLanguage":"es"},{"@type":"Organization","@id":"https:\/\/www.caudete.org\/ayuntamiento\/#organization","name":"Ayuntamiento de Caudete","url":"https:\/\/www.caudete.org\/ayuntamiento\/","logo":{"@type":"ImageObject","inLanguage":"es","@id":"https:\/\/www.caudete.org\/ayuntamiento\/#\/schema\/logo\/image\/","url":"https:\/\/www.caudete.org\/ayuntamiento\/wp-content\/uploads\/2020\/11\/logo_ayuntamiento_caudete.jpg","contentUrl":"https:\/\/www.caudete.org\/ayuntamiento\/wp-content\/uploads\/2020\/11\/logo_ayuntamiento_caudete.jpg","width":600,"height":150,"caption":"Ayuntamiento de Caudete"},"image":{"@id":"https:\/\/www.caudete.org\/ayuntamiento\/#\/schema\/logo\/image\/"},"sameAs":["https:\/\/www.facebook.com\/ayuntamientocaudete\/","https:\/\/www.youtube.com\/channel\/UC6VztHaooNsGpw-tNoBEFnQ"]},{"@type":"Person","@id":"https:\/\/www.caudete.org\/ayuntamiento\/#\/schema\/person\/cc646da9133078ee4d8dd47457947253","name":"alcalde","image":{"@type":"ImageObject","inLanguage":"es","@id":"https:\/\/secure.gravatar.com\/avatar\/84a817ba065b29ff08d666b215a215f5c79186a645ccb25b14a663d48a130f77?s=96&d=mm&r=g","url":"https:\/\/secure.gravatar.com\/avatar\/84a817ba065b29ff08d666b215a215f5c79186a645ccb25b14a663d48a130f77?s=96&d=mm&r=g","contentUrl":"https:\/\/secure.gravatar.com\/avatar\/84a817ba065b29ff08d666b215a215f5c79186a645ccb25b14a663d48a130f77?s=96&d=mm&r=g","caption":"alcalde"},"url":"https:\/\/www.caudete.org\/ayuntamiento\/author\/alcalde\/"}]}},"_links":{"self":[{"href":"https:\/\/www.caudete.org\/ayuntamiento\/wp-json\/wp\/v2\/posts\/14856","targetHints":{"allow":["GET"]}}],"collection":[{"href":"https:\/\/www.caudete.org\/ayuntamiento\/wp-json\/wp\/v2\/posts"}],"about":[{"href":"https:\/\/www.caudete.org\/ayuntamiento\/wp-json\/wp\/v2\/types\/post"}],"author":[{"embeddable":true,"href":"https:\/\/www.caudete.org\/ayuntamiento\/wp-json\/wp\/v2\/users\/3"}],"replies":[{"embeddable":true,"href":"https:\/\/www.caudete.org\/ayuntamiento\/wp-json\/wp\/v2\/comments?post=14856"}],"version-history":[{"count":1,"href":"https:\/\/www.caudete.org\/ayuntamiento\/wp-json\/wp\/v2\/posts\/14856\/revisions"}],"predecessor-version":[{"id":14857,"href":"https:\/\/www.caudete.org\/ayuntamiento\/wp-json\/wp\/v2\/posts\/14856\/revisions\/14857"}],"wp:featuredmedia":[{"embeddable":true,"href":"https:\/\/www.caudete.org\/ayuntamiento\/wp-json\/wp\/v2\/media\/11987"}],"wp:attachment":[{"href":"https:\/\/www.caudete.org\/ayuntamiento\/wp-json\/wp\/v2\/media?parent=14856"}],"wp:term":[{"taxonomy":"category","embeddable":true,"href":"https:\/\/www.caudete.org\/ayuntamiento\/wp-json\/wp\/v2\/categories?post=14856"},{"taxonomy":"post_tag","embeddable":true,"href":"https:\/\/www.caudete.org\/ayuntamiento\/wp-json\/wp\/v2\/tags?post=14856"}],"curies":[{"name":"wp","href":"https:\/\/api.w.org\/{rel}","templated":true}]}}