{"id":14859,"date":"2021-06-14T10:30:41","date_gmt":"2021-06-14T08:30:41","guid":{"rendered":"https:\/\/www.caudete.org\/ayuntamiento\/?p=14859"},"modified":"2021-06-14T12:26:43","modified_gmt":"2021-06-14T10:26:43","slug":"celebracion-del-dia-mundial-del-donante-de-sangre","status":"publish","type":"post","link":"https:\/\/www.caudete.org\/ayuntamiento\/celebracion-del-dia-mundial-del-donante-de-sangre\/","title":{"rendered":"Celebraci\u00f3n del Dia Mundial del Donante de Sangre"},"content":{"rendered":"<p style=\"text-align: justify;\">Hoy, 14 de junio, se celebra el D\u00eda Mundial del Donante de Sangre, y Caudete se suma junto al resto de pueblos de la provincia en dicha celebraci\u00f3n para agradecer\u00a0la solidaridad de los DONANTES DE SANGRE.<\/p>\n<p style=\"text-align: justify;\">Se trata de una jornada en la que toda la sociedad rinde homenaje y reconocimiento a los donantes de sangre, es decir, al colectivo de personas que, d\u00eda a d\u00eda, acuden de forma an\u00f3nima, voluntaria y desinteresada, a los puntos de donaci\u00f3n a prestar su ayuda para que otros puedan mejorar su salud o incluso salvar sus vidas.<\/p>\n<p style=\"text-align: justify;\">El Ayuntamiento de Caudete aprovecha este d\u00eda, por medio de la Concejal\u00eda de Sanidad, para felicitar a los donantes de sangre, pues gracias a ellos siempre han quedado cubiertas las necesidades hemoterap\u00e9uticas de nuestra \u00e1rea sanitaria y, en momentos tan dif\u00edciles como los actuales, han demostrado una vez m\u00e1s su altruismo y generosidad, convirtiendo Caudete en ejemplo de solidaridad dentro de una provincia, Albacete, que es considerada referente a nivel nacional gracias a unos \u00edndices de donaci\u00f3n de los m\u00e1s altos de Espa\u00f1a.<\/p>\n<p style=\"text-align: justify;\">\u00a1\u00a1 DONANTE DE SANGRE, T\u00da LO HACES POSIBLE !! \u00a1\u00a1 SALVA VIDAS!!<\/p>\n","protected":false},"excerpt":{"rendered":"<p>Hoy, 14 de junio, se celebra el D\u00eda Mundial del Donante de Sangre, y Caudete se suma junto al resto de pueblos de la provincia en dicha celebraci\u00f3n para agradecer\u00a0la solidaridad de los DONANTES DE SANGRE. Se trata de una jornada en la que toda la sociedad rinde homenaje y reconocimiento a los donantes de &hellip;<\/p>\n","protected":false},"author":3,"featured_media":14882,"comment_status":"closed","ping_status":"open","sticky":false,"template":"","format":"standard","meta":{"ngg_post_thumbnail":0,"footnotes":""},"categories":[16],"tags":[],"class_list":["post-14859","post","type-post","status-publish","format-standard","has-post-thumbnail","hentry","category-sanidad"],"yoast_head":"<!-- This site is optimized with the Yoast SEO plugin v27.5 - https:\/\/yoast.com\/product\/yoast-seo-wordpress\/ -->\n<title>Celebraci\u00f3n del Dia Mundial del Donante de Sangre - MI Ayuntamiento de Caudete<\/title>\n<meta name=\"description\" content=\"P\u00e1gina Oficial del Ayuntamiento de Caudete (Albacete)\" \/>\n<meta name=\"robots\" content=\"index, follow, max-snippet:-1, max-image-preview:large, max-video-preview:-1\" \/>\n<link rel=\"canonical\" href=\"https:\/\/www.caudete.org\/ayuntamiento\/celebracion-del-dia-mundial-del-donante-de-sangre\/\" \/>\n<meta property=\"og:locale\" content=\"es_ES\" \/>\n<meta property=\"og:type\" content=\"article\" \/>\n<meta property=\"og:title\" content=\"Celebraci\u00f3n del Dia Mundial del Donante de Sangre - MI Ayuntamiento de Caudete\" \/>\n<meta property=\"og:description\" content=\"P\u00e1gina Oficial del Ayuntamiento de Caudete (Albacete)\" \/>\n<meta property=\"og:url\" content=\"https:\/\/www.caudete.org\/ayuntamiento\/celebracion-del-dia-mundial-del-donante-de-sangre\/\" \/>\n<meta property=\"og:site_name\" content=\"MI Ayuntamiento de Caudete\" \/>\n<meta property=\"article:publisher\" content=\"https:\/\/www.facebook.com\/ayuntamientocaudete\/\" \/>\n<meta property=\"article:published_time\" content=\"2021-06-14T08:30:41+00:00\" \/>\n<meta property=\"article:modified_time\" content=\"2021-06-14T10:26:43+00:00\" \/>\n<meta property=\"og:image\" content=\"https:\/\/www.caudete.org\/ayuntamiento\/wp-content\/uploads\/2021\/06\/Dia-del-Donante-WEB.jpg\" \/>\n\t<meta property=\"og:image:width\" content=\"864\" \/>\n\t<meta property=\"og:image:height\" content=\"380\" \/>\n\t<meta property=\"og:image:type\" content=\"image\/jpeg\" \/>\n<meta name=\"author\" content=\"alcalde\" \/>\n<meta name=\"twitter:card\" content=\"summary_large_image\" \/>\n<meta name=\"twitter:label1\" content=\"Escrito por\" \/>\n\t<meta name=\"twitter:data1\" content=\"alcalde\" \/>\n\t<meta name=\"twitter:label2\" content=\"Tiempo de lectura\" \/>\n\t<meta name=\"twitter:data2\" content=\"1 minuto\" \/>\n<script type=\"application\/ld+json\" class=\"yoast-schema-graph\">{\"@context\":\"https:\\\/\\\/schema.org\",\"@graph\":[{\"@type\":\"Article\",\"@id\":\"https:\\\/\\\/www.caudete.org\\\/ayuntamiento\\\/celebracion-del-dia-mundial-del-donante-de-sangre\\\/#article\",\"isPartOf\":{\"@id\":\"https:\\\/\\\/www.caudete.org\\\/ayuntamiento\\\/celebracion-del-dia-mundial-del-donante-de-sangre\\\/\"},\"author\":{\"name\":\"alcalde\",\"@id\":\"https:\\\/\\\/www.caudete.org\\\/ayuntamiento\\\/#\\\/schema\\\/person\\\/cc646da9133078ee4d8dd47457947253\"},\"headline\":\"Celebraci\u00f3n del Dia Mundial del Donante de Sangre\",\"datePublished\":\"2021-06-14T08:30:41+00:00\",\"dateModified\":\"2021-06-14T10:26:43+00:00\",\"mainEntityOfPage\":{\"@id\":\"https:\\\/\\\/www.caudete.org\\\/ayuntamiento\\\/celebracion-del-dia-mundial-del-donante-de-sangre\\\/\"},\"wordCount\":209,\"image\":{\"@id\":\"https:\\\/\\\/www.caudete.org\\\/ayuntamiento\\\/celebracion-del-dia-mundial-del-donante-de-sangre\\\/#primaryimage\"},\"thumbnailUrl\":\"https:\\\/\\\/www.caudete.org\\\/ayuntamiento\\\/wp-content\\\/uploads\\\/2021\\\/06\\\/Dia-del-Donante-WEB.jpg\",\"articleSection\":[\"Sanidad\"],\"inLanguage\":\"es\"},{\"@type\":\"WebPage\",\"@id\":\"https:\\\/\\\/www.caudete.org\\\/ayuntamiento\\\/celebracion-del-dia-mundial-del-donante-de-sangre\\\/\",\"url\":\"https:\\\/\\\/www.caudete.org\\\/ayuntamiento\\\/celebracion-del-dia-mundial-del-donante-de-sangre\\\/\",\"name\":\"Celebraci\u00f3n del Dia Mundial del Donante de Sangre - MI Ayuntamiento de Caudete\",\"isPartOf\":{\"@id\":\"https:\\\/\\\/www.caudete.org\\\/ayuntamiento\\\/#website\"},\"primaryImageOfPage\":{\"@id\":\"https:\\\/\\\/www.caudete.org\\\/ayuntamiento\\\/celebracion-del-dia-mundial-del-donante-de-sangre\\\/#primaryimage\"},\"image\":{\"@id\":\"https:\\\/\\\/www.caudete.org\\\/ayuntamiento\\\/celebracion-del-dia-mundial-del-donante-de-sangre\\\/#primaryimage\"},\"thumbnailUrl\":\"https:\\\/\\\/www.caudete.org\\\/ayuntamiento\\\/wp-content\\\/uploads\\\/2021\\\/06\\\/Dia-del-Donante-WEB.jpg\",\"datePublished\":\"2021-06-14T08:30:41+00:00\",\"dateModified\":\"2021-06-14T10:26:43+00:00\",\"author\":{\"@id\":\"https:\\\/\\\/www.caudete.org\\\/ayuntamiento\\\/#\\\/schema\\\/person\\\/cc646da9133078ee4d8dd47457947253\"},\"description\":\"P\u00e1gina Oficial del Ayuntamiento de Caudete (Albacete)\",\"breadcrumb\":{\"@id\":\"https:\\\/\\\/www.caudete.org\\\/ayuntamiento\\\/celebracion-del-dia-mundial-del-donante-de-sangre\\\/#breadcrumb\"},\"inLanguage\":\"es\",\"potentialAction\":[{\"@type\":\"ReadAction\",\"target\":[\"https:\\\/\\\/www.caudete.org\\\/ayuntamiento\\\/celebracion-del-dia-mundial-del-donante-de-sangre\\\/\"]}]},{\"@type\":\"ImageObject\",\"inLanguage\":\"es\",\"@id\":\"https:\\\/\\\/www.caudete.org\\\/ayuntamiento\\\/celebracion-del-dia-mundial-del-donante-de-sangre\\\/#primaryimage\",\"url\":\"https:\\\/\\\/www.caudete.org\\\/ayuntamiento\\\/wp-content\\\/uploads\\\/2021\\\/06\\\/Dia-del-Donante-WEB.jpg\",\"contentUrl\":\"https:\\\/\\\/www.caudete.org\\\/ayuntamiento\\\/wp-content\\\/uploads\\\/2021\\\/06\\\/Dia-del-Donante-WEB.jpg\",\"width\":864,\"height\":380},{\"@type\":\"BreadcrumbList\",\"@id\":\"https:\\\/\\\/www.caudete.org\\\/ayuntamiento\\\/celebracion-del-dia-mundial-del-donante-de-sangre\\\/#breadcrumb\",\"itemListElement\":[{\"@type\":\"ListItem\",\"position\":1,\"name\":\"Inicio\",\"item\":\"https:\\\/\\\/www.caudete.org\\\/ayuntamiento\\\/\"},{\"@type\":\"ListItem\",\"position\":2,\"name\":\"Celebraci\u00f3n del Dia Mundial del Donante de Sangre\"}]},{\"@type\":\"WebSite\",\"@id\":\"https:\\\/\\\/www.caudete.org\\\/ayuntamiento\\\/#website\",\"url\":\"https:\\\/\\\/www.caudete.org\\\/ayuntamiento\\\/\",\"name\":\"MI Ayuntamiento de Caudete\",\"description\":\"P\u00e1gina Oficial del MI Ayuntamiento de Caudete\",\"potentialAction\":[{\"@type\":\"SearchAction\",\"target\":{\"@type\":\"EntryPoint\",\"urlTemplate\":\"https:\\\/\\\/www.caudete.org\\\/ayuntamiento\\\/?s={search_term_string}\"},\"query-input\":{\"@type\":\"PropertyValueSpecification\",\"valueRequired\":true,\"valueName\":\"search_term_string\"}}],\"inLanguage\":\"es\"},{\"@type\":\"Person\",\"@id\":\"https:\\\/\\\/www.caudete.org\\\/ayuntamiento\\\/#\\\/schema\\\/person\\\/cc646da9133078ee4d8dd47457947253\",\"name\":\"alcalde\",\"image\":{\"@type\":\"ImageObject\",\"inLanguage\":\"es\",\"@id\":\"https:\\\/\\\/secure.gravatar.com\\\/avatar\\\/84a817ba065b29ff08d666b215a215f5c79186a645ccb25b14a663d48a130f77?s=96&d=mm&r=g\",\"url\":\"https:\\\/\\\/secure.gravatar.com\\\/avatar\\\/84a817ba065b29ff08d666b215a215f5c79186a645ccb25b14a663d48a130f77?s=96&d=mm&r=g\",\"contentUrl\":\"https:\\\/\\\/secure.gravatar.com\\\/avatar\\\/84a817ba065b29ff08d666b215a215f5c79186a645ccb25b14a663d48a130f77?s=96&d=mm&r=g\",\"caption\":\"alcalde\"},\"url\":\"https:\\\/\\\/www.caudete.org\\\/ayuntamiento\\\/author\\\/alcalde\\\/\"}]}<\/script>\n<!-- \/ Yoast SEO plugin. -->","yoast_head_json":{"title":"Celebraci\u00f3n del Dia Mundial del Donante de Sangre - MI Ayuntamiento de Caudete","description":"P\u00e1gina Oficial del Ayuntamiento de Caudete (Albacete)","robots":{"index":"index","follow":"follow","max-snippet":"max-snippet:-1","max-image-preview":"max-image-preview:large","max-video-preview":"max-video-preview:-1"},"canonical":"https:\/\/www.caudete.org\/ayuntamiento\/celebracion-del-dia-mundial-del-donante-de-sangre\/","og_locale":"es_ES","og_type":"article","og_title":"Celebraci\u00f3n del Dia Mundial del Donante de Sangre - MI Ayuntamiento de Caudete","og_description":"P\u00e1gina Oficial del Ayuntamiento de Caudete (Albacete)","og_url":"https:\/\/www.caudete.org\/ayuntamiento\/celebracion-del-dia-mundial-del-donante-de-sangre\/","og_site_name":"MI Ayuntamiento de Caudete","article_publisher":"https:\/\/www.facebook.com\/ayuntamientocaudete\/","article_published_time":"2021-06-14T08:30:41+00:00","article_modified_time":"2021-06-14T10:26:43+00:00","og_image":[{"width":864,"height":380,"url":"https:\/\/www.caudete.org\/ayuntamiento\/wp-content\/uploads\/2021\/06\/Dia-del-Donante-WEB.jpg","type":"image\/jpeg"}],"author":"alcalde","twitter_card":"summary_large_image","twitter_misc":{"Escrito por":"alcalde","Tiempo de lectura":"1 minuto"},"schema":{"@context":"https:\/\/schema.org","@graph":[{"@type":"Article","@id":"https:\/\/www.caudete.org\/ayuntamiento\/celebracion-del-dia-mundial-del-donante-de-sangre\/#article","isPartOf":{"@id":"https:\/\/www.caudete.org\/ayuntamiento\/celebracion-del-dia-mundial-del-donante-de-sangre\/"},"author":{"name":"alcalde","@id":"https:\/\/www.caudete.org\/ayuntamiento\/#\/schema\/person\/cc646da9133078ee4d8dd47457947253"},"headline":"Celebraci\u00f3n del Dia Mundial del Donante de Sangre","datePublished":"2021-06-14T08:30:41+00:00","dateModified":"2021-06-14T10:26:43+00:00","mainEntityOfPage":{"@id":"https:\/\/www.caudete.org\/ayuntamiento\/celebracion-del-dia-mundial-del-donante-de-sangre\/"},"wordCount":209,"image":{"@id":"https:\/\/www.caudete.org\/ayuntamiento\/celebracion-del-dia-mundial-del-donante-de-sangre\/#primaryimage"},"thumbnailUrl":"https:\/\/www.caudete.org\/ayuntamiento\/wp-content\/uploads\/2021\/06\/Dia-del-Donante-WEB.jpg","articleSection":["Sanidad"],"inLanguage":"es"},{"@type":"WebPage","@id":"https:\/\/www.caudete.org\/ayuntamiento\/celebracion-del-dia-mundial-del-donante-de-sangre\/","url":"https:\/\/www.caudete.org\/ayuntamiento\/celebracion-del-dia-mundial-del-donante-de-sangre\/","name":"Celebraci\u00f3n del Dia Mundial del Donante de Sangre - MI Ayuntamiento de Caudete","isPartOf":{"@id":"https:\/\/www.caudete.org\/ayuntamiento\/#website"},"primaryImageOfPage":{"@id":"https:\/\/www.caudete.org\/ayuntamiento\/celebracion-del-dia-mundial-del-donante-de-sangre\/#primaryimage"},"image":{"@id":"https:\/\/www.caudete.org\/ayuntamiento\/celebracion-del-dia-mundial-del-donante-de-sangre\/#primaryimage"},"thumbnailUrl":"https:\/\/www.caudete.org\/ayuntamiento\/wp-content\/uploads\/2021\/06\/Dia-del-Donante-WEB.jpg","datePublished":"2021-06-14T08:30:41+00:00","dateModified":"2021-06-14T10:26:43+00:00","author":{"@id":"https:\/\/www.caudete.org\/ayuntamiento\/#\/schema\/person\/cc646da9133078ee4d8dd47457947253"},"description":"P\u00e1gina Oficial del Ayuntamiento de Caudete (Albacete)","breadcrumb":{"@id":"https:\/\/www.caudete.org\/ayuntamiento\/celebracion-del-dia-mundial-del-donante-de-sangre\/#breadcrumb"},"inLanguage":"es","potentialAction":[{"@type":"ReadAction","target":["https:\/\/www.caudete.org\/ayuntamiento\/celebracion-del-dia-mundial-del-donante-de-sangre\/"]}]},{"@type":"ImageObject","inLanguage":"es","@id":"https:\/\/www.caudete.org\/ayuntamiento\/celebracion-del-dia-mundial-del-donante-de-sangre\/#primaryimage","url":"https:\/\/www.caudete.org\/ayuntamiento\/wp-content\/uploads\/2021\/06\/Dia-del-Donante-WEB.jpg","contentUrl":"https:\/\/www.caudete.org\/ayuntamiento\/wp-content\/uploads\/2021\/06\/Dia-del-Donante-WEB.jpg","width":864,"height":380},{"@type":"BreadcrumbList","@id":"https:\/\/www.caudete.org\/ayuntamiento\/celebracion-del-dia-mundial-del-donante-de-sangre\/#breadcrumb","itemListElement":[{"@type":"ListItem","position":1,"name":"Inicio","item":"https:\/\/www.caudete.org\/ayuntamiento\/"},{"@type":"ListItem","position":2,"name":"Celebraci\u00f3n del Dia Mundial del Donante de Sangre"}]},{"@type":"WebSite","@id":"https:\/\/www.caudete.org\/ayuntamiento\/#website","url":"https:\/\/www.caudete.org\/ayuntamiento\/","name":"MI Ayuntamiento de Caudete","description":"P\u00e1gina Oficial del MI Ayuntamiento de Caudete","potentialAction":[{"@type":"SearchAction","target":{"@type":"EntryPoint","urlTemplate":"https:\/\/www.caudete.org\/ayuntamiento\/?s={search_term_string}"},"query-input":{"@type":"PropertyValueSpecification","valueRequired":true,"valueName":"search_term_string"}}],"inLanguage":"es"},{"@type":"Person","@id":"https:\/\/www.caudete.org\/ayuntamiento\/#\/schema\/person\/cc646da9133078ee4d8dd47457947253","name":"alcalde","image":{"@type":"ImageObject","inLanguage":"es","@id":"https:\/\/secure.gravatar.com\/avatar\/84a817ba065b29ff08d666b215a215f5c79186a645ccb25b14a663d48a130f77?s=96&d=mm&r=g","url":"https:\/\/secure.gravatar.com\/avatar\/84a817ba065b29ff08d666b215a215f5c79186a645ccb25b14a663d48a130f77?s=96&d=mm&r=g","contentUrl":"https:\/\/secure.gravatar.com\/avatar\/84a817ba065b29ff08d666b215a215f5c79186a645ccb25b14a663d48a130f77?s=96&d=mm&r=g","caption":"alcalde"},"url":"https:\/\/www.caudete.org\/ayuntamiento\/author\/alcalde\/"}]}},"_links":{"self":[{"href":"https:\/\/www.caudete.org\/ayuntamiento\/wp-json\/wp\/v2\/posts\/14859","targetHints":{"allow":["GET"]}}],"collection":[{"href":"https:\/\/www.caudete.org\/ayuntamiento\/wp-json\/wp\/v2\/posts"}],"about":[{"href":"https:\/\/www.caudete.org\/ayuntamiento\/wp-json\/wp\/v2\/types\/post"}],"author":[{"embeddable":true,"href":"https:\/\/www.caudete.org\/ayuntamiento\/wp-json\/wp\/v2\/users\/3"}],"replies":[{"embeddable":true,"href":"https:\/\/www.caudete.org\/ayuntamiento\/wp-json\/wp\/v2\/comments?post=14859"}],"version-history":[{"count":1,"href":"https:\/\/www.caudete.org\/ayuntamiento\/wp-json\/wp\/v2\/posts\/14859\/revisions"}],"predecessor-version":[{"id":14861,"href":"https:\/\/www.caudete.org\/ayuntamiento\/wp-json\/wp\/v2\/posts\/14859\/revisions\/14861"}],"wp:featuredmedia":[{"embeddable":true,"href":"https:\/\/www.caudete.org\/ayuntamiento\/wp-json\/wp\/v2\/media\/14882"}],"wp:attachment":[{"href":"https:\/\/www.caudete.org\/ayuntamiento\/wp-json\/wp\/v2\/media?parent=14859"}],"wp:term":[{"taxonomy":"category","embeddable":true,"href":"https:\/\/www.caudete.org\/ayuntamiento\/wp-json\/wp\/v2\/categories?post=14859"},{"taxonomy":"post_tag","embeddable":true,"href":"https:\/\/www.caudete.org\/ayuntamiento\/wp-json\/wp\/v2\/tags?post=14859"}],"curies":[{"name":"wp","href":"https:\/\/api.w.org\/{rel}","templated":true}]}}