{"id":14879,"date":"2021-06-14T12:18:48","date_gmt":"2021-06-14T10:18:48","guid":{"rendered":"https:\/\/www.caudete.org\/ayuntamiento\/?p=14879"},"modified":"2021-06-15T12:15:41","modified_gmt":"2021-06-15T10:15:41","slug":"presentada-la-x-edicion-xlaslunas","status":"publish","type":"post","link":"https:\/\/www.caudete.org\/ayuntamiento\/presentada-la-x-edicion-xlaslunas\/","title":{"rendered":"Presentada la X Edici\u00f3n X Las Lunas"},"content":{"rendered":"<p style=\"text-align: justify;\">Esta ma\u00f1ana los Ediles de Juventud y Cultura, Mois\u00e9s L\u00f3pez y Luis Felipe Ba\u00f1\u00f3n, presentaban la X Edici\u00f3n del programa estival &#8220;X Las Lunas&#8221;. Una programaci\u00f3n pensada para todos los p\u00fablicos que pretende dar un ocio alternativo para los meses de Junio y Julio, con variadas tem\u00e1ticas se juntan para ofrecer un atractivo calendario de actividades pionero en la provincia y de gran aceptaci\u00f3n.<\/p>\n<p style=\"text-align: justify;\">Por las recomendaciones sanitarias, los tradicionales folletos de mano han sido relegados, por segundo a\u00f1o consecutivo, por una gu\u00eda interactiva espec\u00edfica de dicha programaci\u00f3n <a href=\"http:\/\/www.xlaslunas.com\" target=\"_blank\" rel=\"nofollow\"><strong>www.xlaslunas.com<\/strong><\/a>, donde se pueden visualizar todas y cada una de las actividades.<\/p>\n<ul style=\"list-style-type: disc;\">\n<li><strong>D\u00cdA INTERNACIONAL DEL YOGA<\/strong> (20 de Junio, Parque Juan Bautista de Almaz\u00e1n, 10.00h)<\/li>\n<\/ul>\n<p style=\"text-align: justify;\">El D\u00eda Internacional del Yoga, se celebra el 21 de junio de cada a\u00f1o. La fecha fue promulgada en el 2014 por la ONU con el objetivo de dar a conocer los beneficios que aporta esta disciplina milenaria para nuestro cuerpo y nuestra mente.<\/p>\n<p style=\"text-align: justify;\">Ven a celebrar este d\u00eda practicando Yoga al aire libre<\/p>\n<p style=\"text-align: justify;\">Previa Inscripci\u00f3n&nbsp; a trav\u00e9s de este formulario del 14 al 17 junio:<\/p>\n<p style=\"text-align: justify;\"><a href=\"https:\/\/forms.gle\/ay81ziRw8ivNEWS86\" target=\"_blank\" rel=\"nofollow\">https:\/\/forms.gle\/ay81ziRw8ivNEWS86<\/a><\/p>\n<ul style=\"text-align: justify; list-style-type: disc;\">\n<li><strong>LA LUNA Y LA POESIA<\/strong> (24 de Junio, Patio Colegio &#8220;El Paseo&#8221;, 22.00h)<\/li>\n<\/ul>\n<p style=\"text-align: justify;\">Un nutrido grupo de rapsodas locales compartir\u00e1n sus versos invit\u00e1ndonos a ser part\u00edcipes de sus sentimientos y testimonios.<strong>&nbsp;<\/strong><\/p>\n<ul style=\"text-align: justify; list-style-type: disc;\">\n<li><strong> XI CERTAMEN NACIONAL DE PINTURA AL AIRE LIBRE <\/strong>(26 de Junio, Paseo Luis Golf, 08.30.18.00h)<\/li>\n<\/ul>\n<p style=\"text-align: justify;\">Una actividad para disfrutar del patrimonio natural y monumental de nuestra localidad y que cuenta otro a\u00f1o m\u00e1s con la modalidad infantil, a partir de 6 a\u00f1os. \u00a1Animaros a participar!<\/p>\n<p style=\"text-align: justify;\">Previa Inscripci\u00f3n hasta el 24 de junio<\/p>\n<p style=\"text-align: justify;\"><a href=\"https:\/\/forms.gle\/fDfgVCUJZZJKMff66\" target=\"_blank\" rel=\"nofollow\">https:\/\/forms.gle\/fDfgVCUJZZJKMff66<\/a><\/p>\n<ul style=\"text-align: justify; list-style-type: disc;\">\n<li><strong>SUSURROS EN LA NOCHE <\/strong>(1 de Julio, Patio Colegio &#8220;El Paseo&#8221;, 22.30h)<\/li>\n<\/ul>\n<p style=\"text-align: justify;\">Cuentos y leyendas populares interpretados por narradores profesionales, mujeres del grupo de teatro de la Asociaci\u00f3n de mujeres Santa B\u00e1rbara&nbsp; e integrantes de los club de lectura bajo la luz de luna.<\/p>\n<p style=\"text-align: justify;\">Colaboran Clubs de lectura la Biblioteca Municipal Ana Mar\u00eda Matute , la Asociaci\u00f3n Mujeres de Santa Barbara y el actor caudetano Jose M.\u00aa Ba\u00f1\u00f3n.<\/p>\n<ul style=\"text-align: justify;\">\n<li><strong>CAMPAMENTO URBANO Y AULA VERDE <\/strong>(del 5 al 30 de Julio, Casa de Cultura, 9.30-13.00 de L a V)<\/li>\n<\/ul>\n<ul style=\"text-align: justify;\">\n<li><strong>TEATRO&nbsp; DE CALLE \u201cAMBICIONS \u201c <\/strong>(8 de Julio, Paseo Luis Golf, 22.30h)<\/li>\n<\/ul>\n<p style=\"text-align: justify;\">Espect\u00e1culo de calle con m\u00fasica en directo, rebosante de poes\u00eda y humor.<br \/>\nUna mujer violinista viene para ofrecer su concierto. Para ella \u201cel tama\u00f1o s\u00ed que importa\u201d: cada vez quiere m\u00e1s, tocar m\u00e1s, llegar a lo m\u00e1ximo. Su necesidad de subir a lo m\u00e1s alto y darle al p\u00fablico lo mejor desembocar\u00e1 en un \u00e9xtasis del que quiz\u00e1 no se podr\u00e1 bajar.<\/p>\n<p style=\"text-align: justify;\">Actividad para todos los p\u00fablicos en \u201cLa Barraca\u201d (caravana-escenario)<\/p>\n<p style=\"text-align: justify;\">Compa\u00f1\u00eda \u201cTeatro sobre ruedas\u201d<\/p>\n<ul style=\"text-align: justify; list-style-type: disc;\">\n<li><strong> SCAPE ROOM URBANO<\/strong> (9 de Julio, Plaza de la Iglesia, 22.00)<\/li>\n<\/ul>\n<p style=\"text-align: justify;\">Se trata de un escape room urbano por las calles de Caudete en el que se tendr\u00e1 que adivinar quien ha robado \u201cLa Dama de Caudete\u201d una valiosa pieza \u00edbera del siglo IV a. C .Para encontrar la soluci\u00f3n ser\u00e1 necesario superar numerosas pruebas, descifrar c\u00f3digos QR ,pistas y mapas.<\/p>\n<p style=\"text-align: justify;\">Se aprender\u00e1 sobre la historia de Caudete a la vez que se pasar\u00e1 un rato divertido intentado adivinar quien ha sido el ladr\u00f3n de \u201cLa Dama de Caudete\u201d.<\/p>\n<p style=\"text-align: justify;\">Edad: A partir de 12 a\u00f1os<\/p>\n<p style=\"text-align: justify;\">&nbsp;Previa Inscripci\u00f3n a trav\u00e9s de este formulario del 1 al 7 de julio <strong><a href=\"https:\/\/forms.gle\/McE9rd1UTEfdRCq8A\" target=\"_blank\" rel=\"nofollow\">https:\/\/forms.gle\/McE9rd1UTEfdRCq8A<\/a><\/strong><\/p>\n<ul style=\"text-align: justify; list-style-type: disc;\">\n<li><strong> CONCIERTO MICRO ABIERTO Y NACHO GONZ\u00c1LEZ <\/strong><strong>Producciones K\u00b4N <\/strong>(16 de Julio, Plaza de la M\u00fasica, 22.30h)<\/li>\n<\/ul>\n<p style=\"text-align: justify;\">-OLGA P\u00c9REZ DA SILVA participante Micro Abierto 2020<\/p>\n<p style=\"text-align: justify;\">-MAR\u00cdA MART\u00cdNEZ BARTOLOM\u00c9 participante Micro Abierto 2020<\/p>\n<p style=\"text-align: justify;\">-CLAUDIA FERR\u00c1NDIZ BAELLO participante Micro Abierto 2020<\/p>\n<p style=\"text-align: justify;\">-XIKI266 participante Micro Abierto 2020<\/p>\n<p style=\"text-align: justify;\">-RETAYLER participante Micro Abierto 2020<\/p>\n<p style=\"text-align: justify;\">-NACHO GONZ\u00c1LEZ Cantautor y compositor albacete\u00f1o con m\u00e1s de 1000 conciertos realizados.<\/p>\n<ul style=\"text-align: justify; list-style-type: disc;\">\n<li><strong> CINE MUDO CON M\u00daSICA EN DIRECTO<\/strong> <strong>\u201cEL MAQUINISTA DE LA GENERAL \u201c de Buster Keaton<\/strong> (28 de Julio, Plaza de la M\u00fasica, 22.00h)<\/li>\n<\/ul>\n<p style=\"text-align: justify;\">Ricardo Casas Fischer acompa\u00f1a desde 2009 pel\u00edculas de CINE MUDO con su m\u00fasica al PIANO, como hace m\u00e1s de un siglo, (re)creando aquella magia&#8230;.<\/p>\n<p style=\"text-align: justify;\">En esta ocasi\u00f3n acompa\u00f1ar\u00e1 con su m\u00fasica la grand\u00edsima pel\u00edcula &#8220;El maquinista de la general\u201d de Buster Keaton.<\/p>\n<p style=\"text-align: justify;\">Duraci\u00f3n: 51 minutos.<\/p>\n<ul style=\"text-align: justify; list-style-type: disc;\">\n<li><span style=\"text-decoration: underline;\"><strong> FESTIVAL DE ARPA , ARTES Y CULTURA \u201cARNOVA\u201d <\/strong><\/span>(Del 29 de Julio al 31 de Julio)<\/li>\n<\/ul>\n<p style=\"text-align: justify;\">Este festival propone para cada una de sus ediciones un programa con una tem\u00e1tica que re\u00fane espect\u00e1culos musicales pluridisciplinares, atelieres y conciertos alrededor del arpa.<\/p>\n<p style=\"text-align: justify;\">En esta quinta edici\u00f3n se unen Arpa y Flamenco y bajo la Luna Gitana bailaremos, cantaremos el flamenco de siempre pero con una cara nueva al son del \u00a1Arpa!<\/p>\n<p style=\"text-align: justify;\"><span style=\"text-decoration: underline;\">Conciertos:<\/span><\/p>\n<p style=\"text-align: justify;\">29 de julio \u201cBajo la luna gitana\u201dcon la participaci\u00f3n de Georgina S\u00e1nchez Cello y Juliette Commeaux&nbsp; Arpa.<\/p>\n<p style=\"text-align: justify;\">30 de julio \u201cAzal tr\u00edo\u201d interpretes Eve Mat\u00edn (Arpa), F\u00e9lix Amador (Guitarra) y Cristina Ben\u00edtez (Baile)<\/p>\n<p style=\"text-align: justify;\">31 de julio \u201cDezima musa\u201d con la participaci\u00f3n de Emilio Villaba (Arpa, guitarra de cuatro \u00f3rdenes), Sara Marina (Adufe) y Blanca Gal\u00e1n (cante).<\/p>\n<ul style=\"text-align: justify; list-style-type: disc;\">\n<li><span style=\"text-decoration: underline;\"><strong> EXPOSICI\u00d3N \u201c 16 miradas\u201d&nbsp;<\/strong><\/span> (del 5 al 30 de Julio, Paseo Luis Golf)<\/li>\n<\/ul>\n<p style=\"text-align: justify;\">En las fachadas de los edificios del Paseo Luis Golf se exhibir\u00e1n 16 im\u00e1genes compuestas por paisajes urbanos y rurales, pueblos y ciudad, con especial atenci\u00f3n a su arquitectura m\u00e1s reconocible y sus edificios m\u00e1s emblem\u00e1ticos. del programa ENRE-DARTE de la Diputaci\u00f3n Provincial de Albacete.<\/p>\n<p><a href=\"https:\/\/www.caudete.org\/ayuntamiento\/wp-content\/uploads\/2021\/06\/Carteles-RRSS_Mesa-de-trabajo-1.jpg\" rel='prettyPhoto'><img fetchpriority=\"high\" decoding=\"async\" class=\"aligncenter wp-image-14880 size-medium\" src=\"https:\/\/www.caudete.org\/ayuntamiento\/wp-content\/uploads\/2021\/06\/Carteles-RRSS_Mesa-de-trabajo-1-300x300.jpg\" alt=\"\" width=\"300\" height=\"300\" srcset=\"https:\/\/www.caudete.org\/ayuntamiento\/wp-content\/uploads\/2021\/06\/Carteles-RRSS_Mesa-de-trabajo-1-300x300.jpg 300w, https:\/\/www.caudete.org\/ayuntamiento\/wp-content\/uploads\/2021\/06\/Carteles-RRSS_Mesa-de-trabajo-1-1024x1024.jpg 1024w, https:\/\/www.caudete.org\/ayuntamiento\/wp-content\/uploads\/2021\/06\/Carteles-RRSS_Mesa-de-trabajo-1-150x150.jpg 150w, https:\/\/www.caudete.org\/ayuntamiento\/wp-content\/uploads\/2021\/06\/Carteles-RRSS_Mesa-de-trabajo-1-768x767.jpg 768w, https:\/\/www.caudete.org\/ayuntamiento\/wp-content\/uploads\/2021\/06\/Carteles-RRSS_Mesa-de-trabajo-1-60x60.jpg 60w, https:\/\/www.caudete.org\/ayuntamiento\/wp-content\/uploads\/2021\/06\/Carteles-RRSS_Mesa-de-trabajo-1.jpg 1301w\" sizes=\"(max-width: 300px) 100vw, 300px\" \/><\/a><\/p>\n<p>&nbsp;<\/p>\n","protected":false},"excerpt":{"rendered":"<p>Esta ma\u00f1ana los Ediles de Juventud y Cultura, Mois\u00e9s L\u00f3pez y Luis Felipe Ba\u00f1\u00f3n, presentaban la X Edici\u00f3n del programa estival &#8220;X Las Lunas&#8221;. Una programaci\u00f3n pensada para todos los p\u00fablicos que pretende dar un ocio alternativo para los meses de Junio y Julio, con variadas tem\u00e1ticas se juntan para ofrecer un atractivo calendario de &hellip;<\/p>\n","protected":false},"author":3,"featured_media":14889,"comment_status":"closed","ping_status":"open","sticky":true,"template":"","format":"standard","meta":{"ngg_post_thumbnail":0,"footnotes":""},"categories":[667],"tags":[670],"class_list":["post-14879","post","type-post","status-publish","format-standard","has-post-thumbnail","hentry","category-juventud-y-cultura","tag-destacado"],"yoast_head":"<!-- This site is optimized with the Yoast SEO plugin v27.5 - https:\/\/yoast.com\/product\/yoast-seo-wordpress\/ -->\n<title>Presentada la X Edici\u00f3n X Las Lunas - MI Ayuntamiento de Caudete<\/title>\n<meta name=\"description\" content=\"P\u00e1gina Oficial del Ayuntamiento de Caudete (Albacete)\" \/>\n<meta name=\"robots\" content=\"index, follow, max-snippet:-1, max-image-preview:large, max-video-preview:-1\" \/>\n<link rel=\"canonical\" href=\"https:\/\/www.caudete.org\/ayuntamiento\/presentada-la-x-edicion-xlaslunas\/\" \/>\n<meta property=\"og:locale\" content=\"es_ES\" \/>\n<meta property=\"og:type\" content=\"article\" \/>\n<meta property=\"og:title\" content=\"Presentada la X Edici\u00f3n X Las Lunas - MI Ayuntamiento de Caudete\" \/>\n<meta property=\"og:description\" content=\"P\u00e1gina Oficial del Ayuntamiento de Caudete (Albacete)\" \/>\n<meta property=\"og:url\" content=\"https:\/\/www.caudete.org\/ayuntamiento\/presentada-la-x-edicion-xlaslunas\/\" \/>\n<meta property=\"og:site_name\" content=\"MI Ayuntamiento de Caudete\" \/>\n<meta property=\"article:publisher\" content=\"https:\/\/www.facebook.com\/ayuntamientocaudete\/\" \/>\n<meta property=\"article:published_time\" content=\"2021-06-14T10:18:48+00:00\" \/>\n<meta property=\"article:modified_time\" content=\"2021-06-15T10:15:41+00:00\" \/>\n<meta property=\"og:image\" content=\"https:\/\/www.caudete.org\/ayuntamiento\/wp-content\/uploads\/2021\/06\/X-las-Lunas-WEB3.jpg\" \/>\n\t<meta property=\"og:image:width\" content=\"864\" \/>\n\t<meta property=\"og:image:height\" content=\"380\" \/>\n\t<meta property=\"og:image:type\" content=\"image\/jpeg\" \/>\n<meta name=\"author\" content=\"alcalde\" \/>\n<meta name=\"twitter:card\" content=\"summary_large_image\" \/>\n<meta name=\"twitter:label1\" content=\"Escrito por\" \/>\n\t<meta name=\"twitter:data1\" content=\"alcalde\" \/>\n\t<meta name=\"twitter:label2\" content=\"Tiempo de lectura\" \/>\n\t<meta name=\"twitter:data2\" content=\"4 minutos\" \/>\n<script type=\"application\/ld+json\" class=\"yoast-schema-graph\">{\"@context\":\"https:\\\/\\\/schema.org\",\"@graph\":[{\"@type\":\"Article\",\"@id\":\"https:\\\/\\\/www.caudete.org\\\/ayuntamiento\\\/presentada-la-x-edicion-xlaslunas\\\/#article\",\"isPartOf\":{\"@id\":\"https:\\\/\\\/www.caudete.org\\\/ayuntamiento\\\/presentada-la-x-edicion-xlaslunas\\\/\"},\"author\":{\"name\":\"alcalde\",\"@id\":\"https:\\\/\\\/www.caudete.org\\\/ayuntamiento\\\/#\\\/schema\\\/person\\\/cc646da9133078ee4d8dd47457947253\"},\"headline\":\"Presentada la X Edici\u00f3n X Las Lunas\",\"datePublished\":\"2021-06-14T10:18:48+00:00\",\"dateModified\":\"2021-06-15T10:15:41+00:00\",\"mainEntityOfPage\":{\"@id\":\"https:\\\/\\\/www.caudete.org\\\/ayuntamiento\\\/presentada-la-x-edicion-xlaslunas\\\/\"},\"wordCount\":943,\"publisher\":{\"@id\":\"https:\\\/\\\/www.caudete.org\\\/ayuntamiento\\\/#organization\"},\"image\":{\"@id\":\"https:\\\/\\\/www.caudete.org\\\/ayuntamiento\\\/presentada-la-x-edicion-xlaslunas\\\/#primaryimage\"},\"thumbnailUrl\":\"https:\\\/\\\/www.caudete.org\\\/ayuntamiento\\\/wp-content\\\/uploads\\\/2021\\\/06\\\/X-las-Lunas-WEB3.jpg\",\"keywords\":[\"destacado\"],\"articleSection\":[\"Juventud y Cultura\"],\"inLanguage\":\"es\"},{\"@type\":\"WebPage\",\"@id\":\"https:\\\/\\\/www.caudete.org\\\/ayuntamiento\\\/presentada-la-x-edicion-xlaslunas\\\/\",\"url\":\"https:\\\/\\\/www.caudete.org\\\/ayuntamiento\\\/presentada-la-x-edicion-xlaslunas\\\/\",\"name\":\"Presentada la X Edici\u00f3n X Las Lunas - MI Ayuntamiento de Caudete\",\"isPartOf\":{\"@id\":\"https:\\\/\\\/www.caudete.org\\\/ayuntamiento\\\/#website\"},\"primaryImageOfPage\":{\"@id\":\"https:\\\/\\\/www.caudete.org\\\/ayuntamiento\\\/presentada-la-x-edicion-xlaslunas\\\/#primaryimage\"},\"image\":{\"@id\":\"https:\\\/\\\/www.caudete.org\\\/ayuntamiento\\\/presentada-la-x-edicion-xlaslunas\\\/#primaryimage\"},\"thumbnailUrl\":\"https:\\\/\\\/www.caudete.org\\\/ayuntamiento\\\/wp-content\\\/uploads\\\/2021\\\/06\\\/X-las-Lunas-WEB3.jpg\",\"datePublished\":\"2021-06-14T10:18:48+00:00\",\"dateModified\":\"2021-06-15T10:15:41+00:00\",\"description\":\"P\u00e1gina Oficial del Ayuntamiento de Caudete (Albacete)\",\"breadcrumb\":{\"@id\":\"https:\\\/\\\/www.caudete.org\\\/ayuntamiento\\\/presentada-la-x-edicion-xlaslunas\\\/#breadcrumb\"},\"inLanguage\":\"es\",\"potentialAction\":[{\"@type\":\"ReadAction\",\"target\":[\"https:\\\/\\\/www.caudete.org\\\/ayuntamiento\\\/presentada-la-x-edicion-xlaslunas\\\/\"]}]},{\"@type\":\"ImageObject\",\"inLanguage\":\"es\",\"@id\":\"https:\\\/\\\/www.caudete.org\\\/ayuntamiento\\\/presentada-la-x-edicion-xlaslunas\\\/#primaryimage\",\"url\":\"https:\\\/\\\/www.caudete.org\\\/ayuntamiento\\\/wp-content\\\/uploads\\\/2021\\\/06\\\/X-las-Lunas-WEB3.jpg\",\"contentUrl\":\"https:\\\/\\\/www.caudete.org\\\/ayuntamiento\\\/wp-content\\\/uploads\\\/2021\\\/06\\\/X-las-Lunas-WEB3.jpg\",\"width\":864,\"height\":380},{\"@type\":\"BreadcrumbList\",\"@id\":\"https:\\\/\\\/www.caudete.org\\\/ayuntamiento\\\/presentada-la-x-edicion-xlaslunas\\\/#breadcrumb\",\"itemListElement\":[{\"@type\":\"ListItem\",\"position\":1,\"name\":\"Inicio\",\"item\":\"https:\\\/\\\/www.caudete.org\\\/ayuntamiento\\\/\"},{\"@type\":\"ListItem\",\"position\":2,\"name\":\"Presentada la X Edici\u00f3n X Las Lunas\"}]},{\"@type\":\"WebSite\",\"@id\":\"https:\\\/\\\/www.caudete.org\\\/ayuntamiento\\\/#website\",\"url\":\"https:\\\/\\\/www.caudete.org\\\/ayuntamiento\\\/\",\"name\":\"MI Ayuntamiento de Caudete\",\"description\":\"P\u00e1gina Oficial del MI Ayuntamiento de Caudete\",\"publisher\":{\"@id\":\"https:\\\/\\\/www.caudete.org\\\/ayuntamiento\\\/#organization\"},\"potentialAction\":[{\"@type\":\"SearchAction\",\"target\":{\"@type\":\"EntryPoint\",\"urlTemplate\":\"https:\\\/\\\/www.caudete.org\\\/ayuntamiento\\\/?s={search_term_string}\"},\"query-input\":{\"@type\":\"PropertyValueSpecification\",\"valueRequired\":true,\"valueName\":\"search_term_string\"}}],\"inLanguage\":\"es\"},{\"@type\":\"Organization\",\"@id\":\"https:\\\/\\\/www.caudete.org\\\/ayuntamiento\\\/#organization\",\"name\":\"Ayuntamiento de Caudete\",\"url\":\"https:\\\/\\\/www.caudete.org\\\/ayuntamiento\\\/\",\"logo\":{\"@type\":\"ImageObject\",\"inLanguage\":\"es\",\"@id\":\"https:\\\/\\\/www.caudete.org\\\/ayuntamiento\\\/#\\\/schema\\\/logo\\\/image\\\/\",\"url\":\"https:\\\/\\\/www.caudete.org\\\/ayuntamiento\\\/wp-content\\\/uploads\\\/2020\\\/11\\\/logo_ayuntamiento_caudete.jpg\",\"contentUrl\":\"https:\\\/\\\/www.caudete.org\\\/ayuntamiento\\\/wp-content\\\/uploads\\\/2020\\\/11\\\/logo_ayuntamiento_caudete.jpg\",\"width\":600,\"height\":150,\"caption\":\"Ayuntamiento de Caudete\"},\"image\":{\"@id\":\"https:\\\/\\\/www.caudete.org\\\/ayuntamiento\\\/#\\\/schema\\\/logo\\\/image\\\/\"},\"sameAs\":[\"https:\\\/\\\/www.facebook.com\\\/ayuntamientocaudete\\\/\",\"https:\\\/\\\/www.youtube.com\\\/channel\\\/UC6VztHaooNsGpw-tNoBEFnQ\"]},{\"@type\":\"Person\",\"@id\":\"https:\\\/\\\/www.caudete.org\\\/ayuntamiento\\\/#\\\/schema\\\/person\\\/cc646da9133078ee4d8dd47457947253\",\"name\":\"alcalde\",\"image\":{\"@type\":\"ImageObject\",\"inLanguage\":\"es\",\"@id\":\"https:\\\/\\\/secure.gravatar.com\\\/avatar\\\/84a817ba065b29ff08d666b215a215f5c79186a645ccb25b14a663d48a130f77?s=96&d=mm&r=g\",\"url\":\"https:\\\/\\\/secure.gravatar.com\\\/avatar\\\/84a817ba065b29ff08d666b215a215f5c79186a645ccb25b14a663d48a130f77?s=96&d=mm&r=g\",\"contentUrl\":\"https:\\\/\\\/secure.gravatar.com\\\/avatar\\\/84a817ba065b29ff08d666b215a215f5c79186a645ccb25b14a663d48a130f77?s=96&d=mm&r=g\",\"caption\":\"alcalde\"},\"url\":\"https:\\\/\\\/www.caudete.org\\\/ayuntamiento\\\/author\\\/alcalde\\\/\"}]}<\/script>\n<!-- \/ Yoast SEO plugin. -->","yoast_head_json":{"title":"Presentada la X Edici\u00f3n X Las Lunas - MI Ayuntamiento de Caudete","description":"P\u00e1gina Oficial del Ayuntamiento de Caudete (Albacete)","robots":{"index":"index","follow":"follow","max-snippet":"max-snippet:-1","max-image-preview":"max-image-preview:large","max-video-preview":"max-video-preview:-1"},"canonical":"https:\/\/www.caudete.org\/ayuntamiento\/presentada-la-x-edicion-xlaslunas\/","og_locale":"es_ES","og_type":"article","og_title":"Presentada la X Edici\u00f3n X Las Lunas - MI Ayuntamiento de Caudete","og_description":"P\u00e1gina Oficial del Ayuntamiento de Caudete (Albacete)","og_url":"https:\/\/www.caudete.org\/ayuntamiento\/presentada-la-x-edicion-xlaslunas\/","og_site_name":"MI Ayuntamiento de Caudete","article_publisher":"https:\/\/www.facebook.com\/ayuntamientocaudete\/","article_published_time":"2021-06-14T10:18:48+00:00","article_modified_time":"2021-06-15T10:15:41+00:00","og_image":[{"width":864,"height":380,"url":"https:\/\/www.caudete.org\/ayuntamiento\/wp-content\/uploads\/2021\/06\/X-las-Lunas-WEB3.jpg","type":"image\/jpeg"}],"author":"alcalde","twitter_card":"summary_large_image","twitter_misc":{"Escrito por":"alcalde","Tiempo de lectura":"4 minutos"},"schema":{"@context":"https:\/\/schema.org","@graph":[{"@type":"Article","@id":"https:\/\/www.caudete.org\/ayuntamiento\/presentada-la-x-edicion-xlaslunas\/#article","isPartOf":{"@id":"https:\/\/www.caudete.org\/ayuntamiento\/presentada-la-x-edicion-xlaslunas\/"},"author":{"name":"alcalde","@id":"https:\/\/www.caudete.org\/ayuntamiento\/#\/schema\/person\/cc646da9133078ee4d8dd47457947253"},"headline":"Presentada la X Edici\u00f3n X Las Lunas","datePublished":"2021-06-14T10:18:48+00:00","dateModified":"2021-06-15T10:15:41+00:00","mainEntityOfPage":{"@id":"https:\/\/www.caudete.org\/ayuntamiento\/presentada-la-x-edicion-xlaslunas\/"},"wordCount":943,"publisher":{"@id":"https:\/\/www.caudete.org\/ayuntamiento\/#organization"},"image":{"@id":"https:\/\/www.caudete.org\/ayuntamiento\/presentada-la-x-edicion-xlaslunas\/#primaryimage"},"thumbnailUrl":"https:\/\/www.caudete.org\/ayuntamiento\/wp-content\/uploads\/2021\/06\/X-las-Lunas-WEB3.jpg","keywords":["destacado"],"articleSection":["Juventud y Cultura"],"inLanguage":"es"},{"@type":"WebPage","@id":"https:\/\/www.caudete.org\/ayuntamiento\/presentada-la-x-edicion-xlaslunas\/","url":"https:\/\/www.caudete.org\/ayuntamiento\/presentada-la-x-edicion-xlaslunas\/","name":"Presentada la X Edici\u00f3n X Las Lunas - MI Ayuntamiento de Caudete","isPartOf":{"@id":"https:\/\/www.caudete.org\/ayuntamiento\/#website"},"primaryImageOfPage":{"@id":"https:\/\/www.caudete.org\/ayuntamiento\/presentada-la-x-edicion-xlaslunas\/#primaryimage"},"image":{"@id":"https:\/\/www.caudete.org\/ayuntamiento\/presentada-la-x-edicion-xlaslunas\/#primaryimage"},"thumbnailUrl":"https:\/\/www.caudete.org\/ayuntamiento\/wp-content\/uploads\/2021\/06\/X-las-Lunas-WEB3.jpg","datePublished":"2021-06-14T10:18:48+00:00","dateModified":"2021-06-15T10:15:41+00:00","description":"P\u00e1gina Oficial del Ayuntamiento de Caudete (Albacete)","breadcrumb":{"@id":"https:\/\/www.caudete.org\/ayuntamiento\/presentada-la-x-edicion-xlaslunas\/#breadcrumb"},"inLanguage":"es","potentialAction":[{"@type":"ReadAction","target":["https:\/\/www.caudete.org\/ayuntamiento\/presentada-la-x-edicion-xlaslunas\/"]}]},{"@type":"ImageObject","inLanguage":"es","@id":"https:\/\/www.caudete.org\/ayuntamiento\/presentada-la-x-edicion-xlaslunas\/#primaryimage","url":"https:\/\/www.caudete.org\/ayuntamiento\/wp-content\/uploads\/2021\/06\/X-las-Lunas-WEB3.jpg","contentUrl":"https:\/\/www.caudete.org\/ayuntamiento\/wp-content\/uploads\/2021\/06\/X-las-Lunas-WEB3.jpg","width":864,"height":380},{"@type":"BreadcrumbList","@id":"https:\/\/www.caudete.org\/ayuntamiento\/presentada-la-x-edicion-xlaslunas\/#breadcrumb","itemListElement":[{"@type":"ListItem","position":1,"name":"Inicio","item":"https:\/\/www.caudete.org\/ayuntamiento\/"},{"@type":"ListItem","position":2,"name":"Presentada la X Edici\u00f3n X Las Lunas"}]},{"@type":"WebSite","@id":"https:\/\/www.caudete.org\/ayuntamiento\/#website","url":"https:\/\/www.caudete.org\/ayuntamiento\/","name":"MI Ayuntamiento de Caudete","description":"P\u00e1gina Oficial del MI Ayuntamiento de Caudete","publisher":{"@id":"https:\/\/www.caudete.org\/ayuntamiento\/#organization"},"potentialAction":[{"@type":"SearchAction","target":{"@type":"EntryPoint","urlTemplate":"https:\/\/www.caudete.org\/ayuntamiento\/?s={search_term_string}"},"query-input":{"@type":"PropertyValueSpecification","valueRequired":true,"valueName":"search_term_string"}}],"inLanguage":"es"},{"@type":"Organization","@id":"https:\/\/www.caudete.org\/ayuntamiento\/#organization","name":"Ayuntamiento de Caudete","url":"https:\/\/www.caudete.org\/ayuntamiento\/","logo":{"@type":"ImageObject","inLanguage":"es","@id":"https:\/\/www.caudete.org\/ayuntamiento\/#\/schema\/logo\/image\/","url":"https:\/\/www.caudete.org\/ayuntamiento\/wp-content\/uploads\/2020\/11\/logo_ayuntamiento_caudete.jpg","contentUrl":"https:\/\/www.caudete.org\/ayuntamiento\/wp-content\/uploads\/2020\/11\/logo_ayuntamiento_caudete.jpg","width":600,"height":150,"caption":"Ayuntamiento de Caudete"},"image":{"@id":"https:\/\/www.caudete.org\/ayuntamiento\/#\/schema\/logo\/image\/"},"sameAs":["https:\/\/www.facebook.com\/ayuntamientocaudete\/","https:\/\/www.youtube.com\/channel\/UC6VztHaooNsGpw-tNoBEFnQ"]},{"@type":"Person","@id":"https:\/\/www.caudete.org\/ayuntamiento\/#\/schema\/person\/cc646da9133078ee4d8dd47457947253","name":"alcalde","image":{"@type":"ImageObject","inLanguage":"es","@id":"https:\/\/secure.gravatar.com\/avatar\/84a817ba065b29ff08d666b215a215f5c79186a645ccb25b14a663d48a130f77?s=96&d=mm&r=g","url":"https:\/\/secure.gravatar.com\/avatar\/84a817ba065b29ff08d666b215a215f5c79186a645ccb25b14a663d48a130f77?s=96&d=mm&r=g","contentUrl":"https:\/\/secure.gravatar.com\/avatar\/84a817ba065b29ff08d666b215a215f5c79186a645ccb25b14a663d48a130f77?s=96&d=mm&r=g","caption":"alcalde"},"url":"https:\/\/www.caudete.org\/ayuntamiento\/author\/alcalde\/"}]}},"_links":{"self":[{"href":"https:\/\/www.caudete.org\/ayuntamiento\/wp-json\/wp\/v2\/posts\/14879","targetHints":{"allow":["GET"]}}],"collection":[{"href":"https:\/\/www.caudete.org\/ayuntamiento\/wp-json\/wp\/v2\/posts"}],"about":[{"href":"https:\/\/www.caudete.org\/ayuntamiento\/wp-json\/wp\/v2\/types\/post"}],"author":[{"embeddable":true,"href":"https:\/\/www.caudete.org\/ayuntamiento\/wp-json\/wp\/v2\/users\/3"}],"replies":[{"embeddable":true,"href":"https:\/\/www.caudete.org\/ayuntamiento\/wp-json\/wp\/v2\/comments?post=14879"}],"version-history":[{"count":10,"href":"https:\/\/www.caudete.org\/ayuntamiento\/wp-json\/wp\/v2\/posts\/14879\/revisions"}],"predecessor-version":[{"id":14942,"href":"https:\/\/www.caudete.org\/ayuntamiento\/wp-json\/wp\/v2\/posts\/14879\/revisions\/14942"}],"wp:featuredmedia":[{"embeddable":true,"href":"https:\/\/www.caudete.org\/ayuntamiento\/wp-json\/wp\/v2\/media\/14889"}],"wp:attachment":[{"href":"https:\/\/www.caudete.org\/ayuntamiento\/wp-json\/wp\/v2\/media?parent=14879"}],"wp:term":[{"taxonomy":"category","embeddable":true,"href":"https:\/\/www.caudete.org\/ayuntamiento\/wp-json\/wp\/v2\/categories?post=14879"},{"taxonomy":"post_tag","embeddable":true,"href":"https:\/\/www.caudete.org\/ayuntamiento\/wp-json\/wp\/v2\/tags?post=14879"}],"curies":[{"name":"wp","href":"https:\/\/api.w.org\/{rel}","templated":true}]}}