{"id":14975,"date":"2021-06-15T18:10:48","date_gmt":"2021-06-15T16:10:48","guid":{"rendered":"https:\/\/www.caudete.org\/ayuntamiento\/?p=14975"},"modified":"2021-06-15T19:09:32","modified_gmt":"2021-06-15T17:09:32","slug":"el-gobierno-municipal-asistio-a-la-graduacion-del-ies-con-93-alumnos-titulados-y-una-excelente-promocion","status":"publish","type":"post","link":"https:\/\/www.caudete.org\/ayuntamiento\/el-gobierno-municipal-asistio-a-la-graduacion-del-ies-con-93-alumnos-titulados-y-una-excelente-promocion\/","title":{"rendered":"El Gobierno Municipal asisti\u00f3 a la Graduaci\u00f3n del IES con 93 alumnos titulados y una excelente Promoci\u00f3n"},"content":{"rendered":"<p style=\"text-align: justify;\">El pasado viernes el IES Pintor Rafael Requena celebr\u00f3 el acto de Graduaci\u00f3n del presente curso escolar 2020\/2021 con todas las medidas sanitarias que con motivo del Covid-19 se han instaurado para actos de gran afluencia.<\/p>\n<p style=\"text-align: justify;\">Invitados por el Director del Centro, el Alcalde Mois\u00e9s L\u00f3pez asist\u00eda al acto en representaci\u00f3n del Gobierno Municipal, y de la Corporaci\u00f3n, al que le acompa\u00f1aron las Concejales Pilar Egea y Mar\u00eda del Mar Requena.<\/p>\n<p style=\"text-align: justify;\">Un acto emotivo, cargado de recuerdos en un a\u00f1o especial, puso de relieve el esfuerzo y adaptaci\u00f3n que toda la comunidad educativa ha conseguido con \u00e9xito ante la situaci\u00f3n que vivimos.<\/p>\n<p style=\"text-align: justify;\">93 fueron los Graduados en el presente curso, de los cuales 59 pertenecen al Bachiller, 15 al Ciclo de Grado Superior de Mecatr\u00f3nica Industrial, 5 al Ciclo de Grado Medio de Gesti\u00f3n Administrativa y 13 al Ciclo de Grado Medio de APSD.<\/p>\n<p><a href=\"https:\/\/www.caudete.org\/ayuntamiento\/wp-content\/uploads\/2021\/06\/198750539_2296204547182775_4220107570933775316_n.jpg\" rel='prettyPhoto'><img fetchpriority=\"high\" decoding=\"async\" class=\"aligncenter wp-image-14977 size-medium\" src=\"https:\/\/www.caudete.org\/ayuntamiento\/wp-content\/uploads\/2021\/06\/198750539_2296204547182775_4220107570933775316_n-300x225.jpg\" alt=\"\" width=\"300\" height=\"225\" srcset=\"https:\/\/www.caudete.org\/ayuntamiento\/wp-content\/uploads\/2021\/06\/198750539_2296204547182775_4220107570933775316_n-300x225.jpg 300w, https:\/\/www.caudete.org\/ayuntamiento\/wp-content\/uploads\/2021\/06\/198750539_2296204547182775_4220107570933775316_n-768x576.jpg 768w, https:\/\/www.caudete.org\/ayuntamiento\/wp-content\/uploads\/2021\/06\/198750539_2296204547182775_4220107570933775316_n.jpg 960w\" sizes=\"(max-width: 300px) 100vw, 300px\" \/><\/a><\/p>\n<p style=\"text-align: justify;\">Destac\u00f3 la gran promoci\u00f3n que dicha tarde titulaba, con 24 alumnos por encima de una nota media de 9&#8217;00. As\u00ed pues, el Ayuntamiento hizo entrega de la &#8220;Cierva de Caudete&#8221; a las 13 mejores calificaciones, correspondientes con una nota superior, en este caso, del 9&#8217;59; al que le sumaba un donativo en material escolar.<\/p>\n<p><a href=\"https:\/\/www.caudete.org\/ayuntamiento\/wp-content\/uploads\/2021\/06\/WhatsApp-Image-2021-06-12-at-09.20.26.jpeg\" rel='prettyPhoto'><img decoding=\"async\" class=\"aligncenter wp-image-14976 size-medium\" src=\"https:\/\/www.caudete.org\/ayuntamiento\/wp-content\/uploads\/2021\/06\/WhatsApp-Image-2021-06-12-at-09.20.26-300x225.jpeg\" alt=\"\" width=\"300\" height=\"225\" srcset=\"https:\/\/www.caudete.org\/ayuntamiento\/wp-content\/uploads\/2021\/06\/WhatsApp-Image-2021-06-12-at-09.20.26-300x225.jpeg 300w, https:\/\/www.caudete.org\/ayuntamiento\/wp-content\/uploads\/2021\/06\/WhatsApp-Image-2021-06-12-at-09.20.26-1024x769.jpeg 1024w, https:\/\/www.caudete.org\/ayuntamiento\/wp-content\/uploads\/2021\/06\/WhatsApp-Image-2021-06-12-at-09.20.26-768x576.jpeg 768w, https:\/\/www.caudete.org\/ayuntamiento\/wp-content\/uploads\/2021\/06\/WhatsApp-Image-2021-06-12-at-09.20.26-1536x1153.jpeg 1536w, https:\/\/www.caudete.org\/ayuntamiento\/wp-content\/uploads\/2021\/06\/WhatsApp-Image-2021-06-12-at-09.20.26.jpeg 2048w\" sizes=\"(max-width: 300px) 100vw, 300px\" \/><\/a><\/p>\n<p style=\"text-align: justify;\">El Alcalde, en su intervenci\u00f3n, les felicit\u00f3 por los buenos resultados obtenidos, pero a su vez tambi\u00e9n hizo alusi\u00f3n a lo &#8220;<em>dif\u00edcil\u00a0del curso vivido<\/em>&#8221; inst\u00e1ndoles a que &#8220;<em>saquen lo mejor de un momento as\u00ed, a dar lo mejor de s\u00ed mismos y a que sean valientes, decididos y no tengan miedo en la nueva etapa que se abre ante ellos<\/em>&#8221; ya que &#8220;<em>los j\u00f3venes\u00a0somos el futuro del hoy, y la realidad del ma\u00f1ana<\/em>&#8220;.<\/p>\n<p style=\"text-align: justify;\">Igualmente, trasladaba al Director del Centro la felicitaci\u00f3n por la excelente promoci\u00f3n obtenida, y mostr\u00f3 el apoyo del Ayuntamiento, y en particular de la Concejal\u00eda de Educaci\u00f3n, para &#8220;<em>toda cuesti\u00f3n que venga a apostar por los j\u00f3venes, su educaci\u00f3n y la prosperidad de Caudete como pueblo<\/em>&#8220;.<\/p>\n<p style=\"text-align: justify;\">Cada uno de los tutores, junto al Pte. del Ampa, impusieron a los Graduandos la tradicional banda y entreg\u00e1ndoles adem\u00e1s la orla de la promoci\u00f3n y un recuerdo del Centro.<\/p>\n","protected":false},"excerpt":{"rendered":"<p>El pasado viernes el IES Pintor Rafael Requena celebr\u00f3 el acto de Graduaci\u00f3n del presente curso escolar 2020\/2021 con todas las medidas sanitarias que con motivo del Covid-19 se han instaurado para actos de gran afluencia. Invitados por el Director del Centro, el Alcalde Mois\u00e9s L\u00f3pez asist\u00eda al acto en representaci\u00f3n del Gobierno Municipal, y &hellip;<\/p>\n","protected":false},"author":3,"featured_media":14978,"comment_status":"closed","ping_status":"open","sticky":false,"template":"","format":"standard","meta":{"ngg_post_thumbnail":0,"footnotes":""},"categories":[25],"tags":[],"class_list":["post-14975","post","type-post","status-publish","format-standard","has-post-thumbnail","hentry","category-educacion"],"yoast_head":"<!-- This site is optimized with the Yoast SEO plugin v27.4 - https:\/\/yoast.com\/product\/yoast-seo-wordpress\/ -->\n<title>El Gobierno Municipal asisti\u00f3 a la Graduaci\u00f3n del IES con 93 alumnos titulados y una excelente Promoci\u00f3n - MI Ayuntamiento de Caudete<\/title>\n<meta name=\"description\" content=\"P\u00e1gina Oficial del Ayuntamiento de Caudete (Albacete)\" \/>\n<meta name=\"robots\" content=\"index, follow, max-snippet:-1, max-image-preview:large, max-video-preview:-1\" \/>\n<link rel=\"canonical\" href=\"https:\/\/www.caudete.org\/ayuntamiento\/el-gobierno-municipal-asistio-a-la-graduacion-del-ies-con-93-alumnos-titulados-y-una-excelente-promocion\/\" \/>\n<meta property=\"og:locale\" content=\"es_ES\" \/>\n<meta property=\"og:type\" content=\"article\" \/>\n<meta property=\"og:title\" content=\"El Gobierno Municipal asisti\u00f3 a la Graduaci\u00f3n del IES con 93 alumnos titulados y una excelente Promoci\u00f3n - MI Ayuntamiento de Caudete\" \/>\n<meta property=\"og:description\" content=\"P\u00e1gina Oficial del Ayuntamiento de Caudete (Albacete)\" \/>\n<meta property=\"og:url\" content=\"https:\/\/www.caudete.org\/ayuntamiento\/el-gobierno-municipal-asistio-a-la-graduacion-del-ies-con-93-alumnos-titulados-y-una-excelente-promocion\/\" \/>\n<meta property=\"og:site_name\" content=\"MI Ayuntamiento de Caudete\" \/>\n<meta property=\"article:publisher\" content=\"https:\/\/www.facebook.com\/ayuntamientocaudete\/\" \/>\n<meta property=\"article:published_time\" content=\"2021-06-15T16:10:48+00:00\" \/>\n<meta property=\"article:modified_time\" content=\"2021-06-15T17:09:32+00:00\" \/>\n<meta property=\"og:image\" content=\"https:\/\/www.caudete.org\/ayuntamiento\/wp-content\/uploads\/2021\/06\/198324648_2296203370516226_349706905899343022_n.jpg\" \/>\n\t<meta property=\"og:image:width\" content=\"960\" \/>\n\t<meta property=\"og:image:height\" content=\"710\" \/>\n\t<meta property=\"og:image:type\" content=\"image\/jpeg\" \/>\n<meta name=\"author\" content=\"alcalde\" \/>\n<meta name=\"twitter:card\" content=\"summary_large_image\" \/>\n<meta name=\"twitter:label1\" content=\"Escrito por\" \/>\n\t<meta name=\"twitter:data1\" content=\"alcalde\" \/>\n\t<meta name=\"twitter:label2\" content=\"Tiempo de lectura\" \/>\n\t<meta name=\"twitter:data2\" content=\"2 minutos\" \/>\n<script type=\"application\/ld+json\" class=\"yoast-schema-graph\">{\"@context\":\"https:\\\/\\\/schema.org\",\"@graph\":[{\"@type\":\"Article\",\"@id\":\"https:\\\/\\\/www.caudete.org\\\/ayuntamiento\\\/el-gobierno-municipal-asistio-a-la-graduacion-del-ies-con-93-alumnos-titulados-y-una-excelente-promocion\\\/#article\",\"isPartOf\":{\"@id\":\"https:\\\/\\\/www.caudete.org\\\/ayuntamiento\\\/el-gobierno-municipal-asistio-a-la-graduacion-del-ies-con-93-alumnos-titulados-y-una-excelente-promocion\\\/\"},\"author\":{\"name\":\"alcalde\",\"@id\":\"https:\\\/\\\/www.caudete.org\\\/ayuntamiento\\\/#\\\/schema\\\/person\\\/cc646da9133078ee4d8dd47457947253\"},\"headline\":\"El Gobierno Municipal asisti\u00f3 a la Graduaci\u00f3n del IES con 93 alumnos titulados y una excelente Promoci\u00f3n\",\"datePublished\":\"2021-06-15T16:10:48+00:00\",\"dateModified\":\"2021-06-15T17:09:32+00:00\",\"mainEntityOfPage\":{\"@id\":\"https:\\\/\\\/www.caudete.org\\\/ayuntamiento\\\/el-gobierno-municipal-asistio-a-la-graduacion-del-ies-con-93-alumnos-titulados-y-una-excelente-promocion\\\/\"},\"wordCount\":388,\"publisher\":{\"@id\":\"https:\\\/\\\/www.caudete.org\\\/ayuntamiento\\\/#organization\"},\"image\":{\"@id\":\"https:\\\/\\\/www.caudete.org\\\/ayuntamiento\\\/el-gobierno-municipal-asistio-a-la-graduacion-del-ies-con-93-alumnos-titulados-y-una-excelente-promocion\\\/#primaryimage\"},\"thumbnailUrl\":\"https:\\\/\\\/www.caudete.org\\\/ayuntamiento\\\/wp-content\\\/uploads\\\/2021\\\/06\\\/198324648_2296203370516226_349706905899343022_n.jpg\",\"articleSection\":[\"Educaci\u00f3n\"],\"inLanguage\":\"es\"},{\"@type\":\"WebPage\",\"@id\":\"https:\\\/\\\/www.caudete.org\\\/ayuntamiento\\\/el-gobierno-municipal-asistio-a-la-graduacion-del-ies-con-93-alumnos-titulados-y-una-excelente-promocion\\\/\",\"url\":\"https:\\\/\\\/www.caudete.org\\\/ayuntamiento\\\/el-gobierno-municipal-asistio-a-la-graduacion-del-ies-con-93-alumnos-titulados-y-una-excelente-promocion\\\/\",\"name\":\"El Gobierno Municipal asisti\u00f3 a la Graduaci\u00f3n del IES con 93 alumnos titulados y una excelente Promoci\u00f3n - MI Ayuntamiento de Caudete\",\"isPartOf\":{\"@id\":\"https:\\\/\\\/www.caudete.org\\\/ayuntamiento\\\/#website\"},\"primaryImageOfPage\":{\"@id\":\"https:\\\/\\\/www.caudete.org\\\/ayuntamiento\\\/el-gobierno-municipal-asistio-a-la-graduacion-del-ies-con-93-alumnos-titulados-y-una-excelente-promocion\\\/#primaryimage\"},\"image\":{\"@id\":\"https:\\\/\\\/www.caudete.org\\\/ayuntamiento\\\/el-gobierno-municipal-asistio-a-la-graduacion-del-ies-con-93-alumnos-titulados-y-una-excelente-promocion\\\/#primaryimage\"},\"thumbnailUrl\":\"https:\\\/\\\/www.caudete.org\\\/ayuntamiento\\\/wp-content\\\/uploads\\\/2021\\\/06\\\/198324648_2296203370516226_349706905899343022_n.jpg\",\"datePublished\":\"2021-06-15T16:10:48+00:00\",\"dateModified\":\"2021-06-15T17:09:32+00:00\",\"description\":\"P\u00e1gina Oficial del Ayuntamiento de Caudete (Albacete)\",\"breadcrumb\":{\"@id\":\"https:\\\/\\\/www.caudete.org\\\/ayuntamiento\\\/el-gobierno-municipal-asistio-a-la-graduacion-del-ies-con-93-alumnos-titulados-y-una-excelente-promocion\\\/#breadcrumb\"},\"inLanguage\":\"es\",\"potentialAction\":[{\"@type\":\"ReadAction\",\"target\":[\"https:\\\/\\\/www.caudete.org\\\/ayuntamiento\\\/el-gobierno-municipal-asistio-a-la-graduacion-del-ies-con-93-alumnos-titulados-y-una-excelente-promocion\\\/\"]}]},{\"@type\":\"ImageObject\",\"inLanguage\":\"es\",\"@id\":\"https:\\\/\\\/www.caudete.org\\\/ayuntamiento\\\/el-gobierno-municipal-asistio-a-la-graduacion-del-ies-con-93-alumnos-titulados-y-una-excelente-promocion\\\/#primaryimage\",\"url\":\"https:\\\/\\\/www.caudete.org\\\/ayuntamiento\\\/wp-content\\\/uploads\\\/2021\\\/06\\\/198324648_2296203370516226_349706905899343022_n.jpg\",\"contentUrl\":\"https:\\\/\\\/www.caudete.org\\\/ayuntamiento\\\/wp-content\\\/uploads\\\/2021\\\/06\\\/198324648_2296203370516226_349706905899343022_n.jpg\",\"width\":960,\"height\":710},{\"@type\":\"BreadcrumbList\",\"@id\":\"https:\\\/\\\/www.caudete.org\\\/ayuntamiento\\\/el-gobierno-municipal-asistio-a-la-graduacion-del-ies-con-93-alumnos-titulados-y-una-excelente-promocion\\\/#breadcrumb\",\"itemListElement\":[{\"@type\":\"ListItem\",\"position\":1,\"name\":\"Inicio\",\"item\":\"https:\\\/\\\/www.caudete.org\\\/ayuntamiento\\\/\"},{\"@type\":\"ListItem\",\"position\":2,\"name\":\"El Gobierno Municipal asisti\u00f3 a la Graduaci\u00f3n del IES con 93 alumnos titulados y una excelente Promoci\u00f3n\"}]},{\"@type\":\"WebSite\",\"@id\":\"https:\\\/\\\/www.caudete.org\\\/ayuntamiento\\\/#website\",\"url\":\"https:\\\/\\\/www.caudete.org\\\/ayuntamiento\\\/\",\"name\":\"MI Ayuntamiento de Caudete\",\"description\":\"P\u00e1gina Oficial del MI Ayuntamiento de Caudete\",\"publisher\":{\"@id\":\"https:\\\/\\\/www.caudete.org\\\/ayuntamiento\\\/#organization\"},\"potentialAction\":[{\"@type\":\"SearchAction\",\"target\":{\"@type\":\"EntryPoint\",\"urlTemplate\":\"https:\\\/\\\/www.caudete.org\\\/ayuntamiento\\\/?s={search_term_string}\"},\"query-input\":{\"@type\":\"PropertyValueSpecification\",\"valueRequired\":true,\"valueName\":\"search_term_string\"}}],\"inLanguage\":\"es\"},{\"@type\":\"Organization\",\"@id\":\"https:\\\/\\\/www.caudete.org\\\/ayuntamiento\\\/#organization\",\"name\":\"Ayuntamiento de Caudete\",\"url\":\"https:\\\/\\\/www.caudete.org\\\/ayuntamiento\\\/\",\"logo\":{\"@type\":\"ImageObject\",\"inLanguage\":\"es\",\"@id\":\"https:\\\/\\\/www.caudete.org\\\/ayuntamiento\\\/#\\\/schema\\\/logo\\\/image\\\/\",\"url\":\"https:\\\/\\\/www.caudete.org\\\/ayuntamiento\\\/wp-content\\\/uploads\\\/2020\\\/11\\\/logo_ayuntamiento_caudete.jpg\",\"contentUrl\":\"https:\\\/\\\/www.caudete.org\\\/ayuntamiento\\\/wp-content\\\/uploads\\\/2020\\\/11\\\/logo_ayuntamiento_caudete.jpg\",\"width\":600,\"height\":150,\"caption\":\"Ayuntamiento de Caudete\"},\"image\":{\"@id\":\"https:\\\/\\\/www.caudete.org\\\/ayuntamiento\\\/#\\\/schema\\\/logo\\\/image\\\/\"},\"sameAs\":[\"https:\\\/\\\/www.facebook.com\\\/ayuntamientocaudete\\\/\",\"https:\\\/\\\/www.youtube.com\\\/channel\\\/UC6VztHaooNsGpw-tNoBEFnQ\"]},{\"@type\":\"Person\",\"@id\":\"https:\\\/\\\/www.caudete.org\\\/ayuntamiento\\\/#\\\/schema\\\/person\\\/cc646da9133078ee4d8dd47457947253\",\"name\":\"alcalde\",\"image\":{\"@type\":\"ImageObject\",\"inLanguage\":\"es\",\"@id\":\"https:\\\/\\\/secure.gravatar.com\\\/avatar\\\/84a817ba065b29ff08d666b215a215f5c79186a645ccb25b14a663d48a130f77?s=96&d=mm&r=g\",\"url\":\"https:\\\/\\\/secure.gravatar.com\\\/avatar\\\/84a817ba065b29ff08d666b215a215f5c79186a645ccb25b14a663d48a130f77?s=96&d=mm&r=g\",\"contentUrl\":\"https:\\\/\\\/secure.gravatar.com\\\/avatar\\\/84a817ba065b29ff08d666b215a215f5c79186a645ccb25b14a663d48a130f77?s=96&d=mm&r=g\",\"caption\":\"alcalde\"},\"url\":\"https:\\\/\\\/www.caudete.org\\\/ayuntamiento\\\/author\\\/alcalde\\\/\"}]}<\/script>\n<!-- \/ Yoast SEO plugin. -->","yoast_head_json":{"title":"El Gobierno Municipal asisti\u00f3 a la Graduaci\u00f3n del IES con 93 alumnos titulados y una excelente Promoci\u00f3n - MI Ayuntamiento de Caudete","description":"P\u00e1gina Oficial del Ayuntamiento de Caudete (Albacete)","robots":{"index":"index","follow":"follow","max-snippet":"max-snippet:-1","max-image-preview":"max-image-preview:large","max-video-preview":"max-video-preview:-1"},"canonical":"https:\/\/www.caudete.org\/ayuntamiento\/el-gobierno-municipal-asistio-a-la-graduacion-del-ies-con-93-alumnos-titulados-y-una-excelente-promocion\/","og_locale":"es_ES","og_type":"article","og_title":"El Gobierno Municipal asisti\u00f3 a la Graduaci\u00f3n del IES con 93 alumnos titulados y una excelente Promoci\u00f3n - MI Ayuntamiento de Caudete","og_description":"P\u00e1gina Oficial del Ayuntamiento de Caudete (Albacete)","og_url":"https:\/\/www.caudete.org\/ayuntamiento\/el-gobierno-municipal-asistio-a-la-graduacion-del-ies-con-93-alumnos-titulados-y-una-excelente-promocion\/","og_site_name":"MI Ayuntamiento de Caudete","article_publisher":"https:\/\/www.facebook.com\/ayuntamientocaudete\/","article_published_time":"2021-06-15T16:10:48+00:00","article_modified_time":"2021-06-15T17:09:32+00:00","og_image":[{"width":960,"height":710,"url":"https:\/\/www.caudete.org\/ayuntamiento\/wp-content\/uploads\/2021\/06\/198324648_2296203370516226_349706905899343022_n.jpg","type":"image\/jpeg"}],"author":"alcalde","twitter_card":"summary_large_image","twitter_misc":{"Escrito por":"alcalde","Tiempo de lectura":"2 minutos"},"schema":{"@context":"https:\/\/schema.org","@graph":[{"@type":"Article","@id":"https:\/\/www.caudete.org\/ayuntamiento\/el-gobierno-municipal-asistio-a-la-graduacion-del-ies-con-93-alumnos-titulados-y-una-excelente-promocion\/#article","isPartOf":{"@id":"https:\/\/www.caudete.org\/ayuntamiento\/el-gobierno-municipal-asistio-a-la-graduacion-del-ies-con-93-alumnos-titulados-y-una-excelente-promocion\/"},"author":{"name":"alcalde","@id":"https:\/\/www.caudete.org\/ayuntamiento\/#\/schema\/person\/cc646da9133078ee4d8dd47457947253"},"headline":"El Gobierno Municipal asisti\u00f3 a la Graduaci\u00f3n del IES con 93 alumnos titulados y una excelente Promoci\u00f3n","datePublished":"2021-06-15T16:10:48+00:00","dateModified":"2021-06-15T17:09:32+00:00","mainEntityOfPage":{"@id":"https:\/\/www.caudete.org\/ayuntamiento\/el-gobierno-municipal-asistio-a-la-graduacion-del-ies-con-93-alumnos-titulados-y-una-excelente-promocion\/"},"wordCount":388,"publisher":{"@id":"https:\/\/www.caudete.org\/ayuntamiento\/#organization"},"image":{"@id":"https:\/\/www.caudete.org\/ayuntamiento\/el-gobierno-municipal-asistio-a-la-graduacion-del-ies-con-93-alumnos-titulados-y-una-excelente-promocion\/#primaryimage"},"thumbnailUrl":"https:\/\/www.caudete.org\/ayuntamiento\/wp-content\/uploads\/2021\/06\/198324648_2296203370516226_349706905899343022_n.jpg","articleSection":["Educaci\u00f3n"],"inLanguage":"es"},{"@type":"WebPage","@id":"https:\/\/www.caudete.org\/ayuntamiento\/el-gobierno-municipal-asistio-a-la-graduacion-del-ies-con-93-alumnos-titulados-y-una-excelente-promocion\/","url":"https:\/\/www.caudete.org\/ayuntamiento\/el-gobierno-municipal-asistio-a-la-graduacion-del-ies-con-93-alumnos-titulados-y-una-excelente-promocion\/","name":"El Gobierno Municipal asisti\u00f3 a la Graduaci\u00f3n del IES con 93 alumnos titulados y una excelente Promoci\u00f3n - MI Ayuntamiento de Caudete","isPartOf":{"@id":"https:\/\/www.caudete.org\/ayuntamiento\/#website"},"primaryImageOfPage":{"@id":"https:\/\/www.caudete.org\/ayuntamiento\/el-gobierno-municipal-asistio-a-la-graduacion-del-ies-con-93-alumnos-titulados-y-una-excelente-promocion\/#primaryimage"},"image":{"@id":"https:\/\/www.caudete.org\/ayuntamiento\/el-gobierno-municipal-asistio-a-la-graduacion-del-ies-con-93-alumnos-titulados-y-una-excelente-promocion\/#primaryimage"},"thumbnailUrl":"https:\/\/www.caudete.org\/ayuntamiento\/wp-content\/uploads\/2021\/06\/198324648_2296203370516226_349706905899343022_n.jpg","datePublished":"2021-06-15T16:10:48+00:00","dateModified":"2021-06-15T17:09:32+00:00","description":"P\u00e1gina Oficial del Ayuntamiento de Caudete (Albacete)","breadcrumb":{"@id":"https:\/\/www.caudete.org\/ayuntamiento\/el-gobierno-municipal-asistio-a-la-graduacion-del-ies-con-93-alumnos-titulados-y-una-excelente-promocion\/#breadcrumb"},"inLanguage":"es","potentialAction":[{"@type":"ReadAction","target":["https:\/\/www.caudete.org\/ayuntamiento\/el-gobierno-municipal-asistio-a-la-graduacion-del-ies-con-93-alumnos-titulados-y-una-excelente-promocion\/"]}]},{"@type":"ImageObject","inLanguage":"es","@id":"https:\/\/www.caudete.org\/ayuntamiento\/el-gobierno-municipal-asistio-a-la-graduacion-del-ies-con-93-alumnos-titulados-y-una-excelente-promocion\/#primaryimage","url":"https:\/\/www.caudete.org\/ayuntamiento\/wp-content\/uploads\/2021\/06\/198324648_2296203370516226_349706905899343022_n.jpg","contentUrl":"https:\/\/www.caudete.org\/ayuntamiento\/wp-content\/uploads\/2021\/06\/198324648_2296203370516226_349706905899343022_n.jpg","width":960,"height":710},{"@type":"BreadcrumbList","@id":"https:\/\/www.caudete.org\/ayuntamiento\/el-gobierno-municipal-asistio-a-la-graduacion-del-ies-con-93-alumnos-titulados-y-una-excelente-promocion\/#breadcrumb","itemListElement":[{"@type":"ListItem","position":1,"name":"Inicio","item":"https:\/\/www.caudete.org\/ayuntamiento\/"},{"@type":"ListItem","position":2,"name":"El Gobierno Municipal asisti\u00f3 a la Graduaci\u00f3n del IES con 93 alumnos titulados y una excelente Promoci\u00f3n"}]},{"@type":"WebSite","@id":"https:\/\/www.caudete.org\/ayuntamiento\/#website","url":"https:\/\/www.caudete.org\/ayuntamiento\/","name":"MI Ayuntamiento de Caudete","description":"P\u00e1gina Oficial del MI Ayuntamiento de Caudete","publisher":{"@id":"https:\/\/www.caudete.org\/ayuntamiento\/#organization"},"potentialAction":[{"@type":"SearchAction","target":{"@type":"EntryPoint","urlTemplate":"https:\/\/www.caudete.org\/ayuntamiento\/?s={search_term_string}"},"query-input":{"@type":"PropertyValueSpecification","valueRequired":true,"valueName":"search_term_string"}}],"inLanguage":"es"},{"@type":"Organization","@id":"https:\/\/www.caudete.org\/ayuntamiento\/#organization","name":"Ayuntamiento de Caudete","url":"https:\/\/www.caudete.org\/ayuntamiento\/","logo":{"@type":"ImageObject","inLanguage":"es","@id":"https:\/\/www.caudete.org\/ayuntamiento\/#\/schema\/logo\/image\/","url":"https:\/\/www.caudete.org\/ayuntamiento\/wp-content\/uploads\/2020\/11\/logo_ayuntamiento_caudete.jpg","contentUrl":"https:\/\/www.caudete.org\/ayuntamiento\/wp-content\/uploads\/2020\/11\/logo_ayuntamiento_caudete.jpg","width":600,"height":150,"caption":"Ayuntamiento de Caudete"},"image":{"@id":"https:\/\/www.caudete.org\/ayuntamiento\/#\/schema\/logo\/image\/"},"sameAs":["https:\/\/www.facebook.com\/ayuntamientocaudete\/","https:\/\/www.youtube.com\/channel\/UC6VztHaooNsGpw-tNoBEFnQ"]},{"@type":"Person","@id":"https:\/\/www.caudete.org\/ayuntamiento\/#\/schema\/person\/cc646da9133078ee4d8dd47457947253","name":"alcalde","image":{"@type":"ImageObject","inLanguage":"es","@id":"https:\/\/secure.gravatar.com\/avatar\/84a817ba065b29ff08d666b215a215f5c79186a645ccb25b14a663d48a130f77?s=96&d=mm&r=g","url":"https:\/\/secure.gravatar.com\/avatar\/84a817ba065b29ff08d666b215a215f5c79186a645ccb25b14a663d48a130f77?s=96&d=mm&r=g","contentUrl":"https:\/\/secure.gravatar.com\/avatar\/84a817ba065b29ff08d666b215a215f5c79186a645ccb25b14a663d48a130f77?s=96&d=mm&r=g","caption":"alcalde"},"url":"https:\/\/www.caudete.org\/ayuntamiento\/author\/alcalde\/"}]}},"_links":{"self":[{"href":"https:\/\/www.caudete.org\/ayuntamiento\/wp-json\/wp\/v2\/posts\/14975","targetHints":{"allow":["GET"]}}],"collection":[{"href":"https:\/\/www.caudete.org\/ayuntamiento\/wp-json\/wp\/v2\/posts"}],"about":[{"href":"https:\/\/www.caudete.org\/ayuntamiento\/wp-json\/wp\/v2\/types\/post"}],"author":[{"embeddable":true,"href":"https:\/\/www.caudete.org\/ayuntamiento\/wp-json\/wp\/v2\/users\/3"}],"replies":[{"embeddable":true,"href":"https:\/\/www.caudete.org\/ayuntamiento\/wp-json\/wp\/v2\/comments?post=14975"}],"version-history":[{"count":3,"href":"https:\/\/www.caudete.org\/ayuntamiento\/wp-json\/wp\/v2\/posts\/14975\/revisions"}],"predecessor-version":[{"id":15003,"href":"https:\/\/www.caudete.org\/ayuntamiento\/wp-json\/wp\/v2\/posts\/14975\/revisions\/15003"}],"wp:featuredmedia":[{"embeddable":true,"href":"https:\/\/www.caudete.org\/ayuntamiento\/wp-json\/wp\/v2\/media\/14978"}],"wp:attachment":[{"href":"https:\/\/www.caudete.org\/ayuntamiento\/wp-json\/wp\/v2\/media?parent=14975"}],"wp:term":[{"taxonomy":"category","embeddable":true,"href":"https:\/\/www.caudete.org\/ayuntamiento\/wp-json\/wp\/v2\/categories?post=14975"},{"taxonomy":"post_tag","embeddable":true,"href":"https:\/\/www.caudete.org\/ayuntamiento\/wp-json\/wp\/v2\/tags?post=14975"}],"curies":[{"name":"wp","href":"https:\/\/api.w.org\/{rel}","templated":true}]}}