{"id":14998,"date":"2021-06-15T19:15:19","date_gmt":"2021-06-15T17:15:19","guid":{"rendered":"https:\/\/www.caudete.org\/ayuntamiento\/?p=14998"},"modified":"2021-06-15T19:32:47","modified_gmt":"2021-06-15T17:32:47","slug":"el-ayuntamiento-ofertara-18-empleos-dentro-del-p-e-e-z-r-d-2021","status":"publish","type":"post","link":"https:\/\/www.caudete.org\/ayuntamiento\/el-ayuntamiento-ofertara-18-empleos-dentro-del-p-e-e-z-r-d-2021\/","title":{"rendered":"El Ayuntamiento ofertar\u00e1 18 empleos dentro del P.E.E.Z.R.D.-2021"},"content":{"rendered":"<p style=\"text-align: justify;\">M\u00aa del Mar Requena, Concejal de Formaci\u00f3n y Empleo, ha anunciado esta ma\u00f1ana que el Ayuntamiento va a ofertar 18 puestos de trabajo en las pr\u00f3ximas semanas dentro del Plan Especial de Empleo de Zonas Rurales Deprimidas (PEEZRD) del presente a\u00f1o 2021.<\/p>\n<p style=\"text-align: justify;\">As\u00ed lo ratific\u00f3 la Junta de Gobierno Local el pasado viernes 28 de Mayo, donde el Ayuntamiento ejecutar\u00e1 el presente a\u00f1o 3 proyectos dentro de dicho plan.<\/p>\n<p style=\"text-align: justify;\">Los contratos tendr\u00e1n una duraci\u00f3n de 3 meses, y seg\u00fan adelantaba la Edil, las bases que regir\u00e1n la convocatoria se prev\u00e9 sean aprobadas el pr\u00f3ximo viernes en la sesi\u00f3n ordinaria de la Junta de Gobierno Local que se convocar\u00e1.<\/p>\n<p style=\"text-align: justify;\">El primero de los proyectos, &#8220;EMBELLECIMIENTO ENTORNO URBANO Y MEJORAS VIALES&#8221; contar\u00e1 con 6 participantes, repartidos en 2 periodos de 3 meses. Permitir\u00e1 avanzar y dar continuidad al proyecto iniciado el pasado a\u00f1o en el Barrio de Santa Ana; as\u00ed como el Carril Bici que se ver\u00e1 ampliado en un tramo m\u00e1s; y reforzada la se\u00f1alizaci\u00f3n viaria horizontal.<\/p>\n<p style=\"text-align: justify;\">El segundo de ellos, &#8220;MEJORAS AMBIENTALES EN ZONAS VERDES Y CASCO URBANO&#8221; contar\u00e1 igualmente con 6 participantes, repartidos en 2 periodos de 3 meses. Con ello, se prev\u00e9 actuar en diferentes Parques y Zonas Verdes del municipio, dot\u00e1ndolos de las instalaciones de riego, sustituci\u00f3n de vegetaci\u00f3n y dem\u00e1s trabajos que sean necesarios.<\/p>\n<p style=\"text-align: justify;\">&#8220;REFORMAS DE ALBERGUES EN LA TOCONERA Y EL GRANILLO\u201d es el tercero de los proyectos de los que se nutrir\u00e1 el PEEZRD-2021, y cuya distribuci\u00f3n temporal y laboral ser\u00e1 id\u00e9ntico a los anteriores. Este permitir\u00e1 adecentar dichos espacios, tanto interior como exteriormente para ponerlos a disposici\u00f3n de los caudetanos en las mejores condiciones posibles.<\/p>\n<p style=\"text-align: justify;\">La Concejal mostraba su optimismo con dicho Plan, el cual permite dar empleabilidad por un tiempo a familias caudetanas que lo necesitan, con la particularidad de que el perfil ofertado responde a la naturaleza de los trabajos a realizar, y que \u00fanicamente el Ayuntamiento costea una peque\u00f1a parte salarial, y los materiales.<\/p>\n<p style=\"text-align: justify;\">As\u00ed pues, valor\u00f3 positivamente el enfoque que en los \u00faltimos a\u00f1os ha adquirido el PEEZRD desde el Ayuntamiento de Caudete, siendo uno de los consistorios de la provincia que mejor rentabilizan la labor social de dicho Plan de Empleo, pues cabe recordar la calidad del trabajo realizado, la demanda de los proyectos ejecutados y la gran aceptaci\u00f3n que han tenido.<\/p>\n<p style=\"text-align: justify;\">Entre muchos otros, cabe destacar la urbanizaci\u00f3n exterior , acerado y aseos del Cementerio; la recuperaci\u00f3n de mobiliario urbano; la mejora de parques; la revitalizaci\u00f3n de la Plaza de Santa Ana; las mejoras en el Pinar de la Ermita de Santa Ana; las mejoras en el Parque de la Virgen (Parque Juan Bautista de Almaz\u00e1n); la implantaci\u00f3n del Carril Bici; la creaci\u00f3n del Parque de la Plaza de Toros; la accesibilidad en la Plaza de Toros, adecentamiento de exteriores; mejoras h\u00eddricas en Camino de La Virgen; etc.<\/p>\n","protected":false},"excerpt":{"rendered":"<p>M\u00aa del Mar Requena, Concejal de Formaci\u00f3n y Empleo, ha anunciado esta ma\u00f1ana que el Ayuntamiento va a ofertar 18 puestos de trabajo en las pr\u00f3ximas semanas dentro del Plan Especial de Empleo de Zonas Rurales Deprimidas (PEEZRD) del presente a\u00f1o 2021. As\u00ed lo ratific\u00f3 la Junta de Gobierno Local el pasado viernes 28 de &hellip;<\/p>\n","protected":false},"author":3,"featured_media":15012,"comment_status":"closed","ping_status":"open","sticky":false,"template":"","format":"standard","meta":{"ngg_post_thumbnail":0,"footnotes":""},"categories":[37],"tags":[],"class_list":["post-14998","post","type-post","status-publish","format-standard","has-post-thumbnail","hentry","category-empleo-y-formacion"],"yoast_head":"<!-- This site is optimized with the Yoast SEO plugin v27.4 - https:\/\/yoast.com\/product\/yoast-seo-wordpress\/ -->\n<title>El Ayuntamiento ofertar\u00e1 18 empleos dentro del P.E.E.Z.R.D.-2021 - MI Ayuntamiento de Caudete<\/title>\n<meta name=\"description\" content=\"P\u00e1gina Oficial del Ayuntamiento de Caudete (Albacete)\" \/>\n<meta name=\"robots\" content=\"index, follow, max-snippet:-1, max-image-preview:large, max-video-preview:-1\" \/>\n<link rel=\"canonical\" href=\"https:\/\/www.caudete.org\/ayuntamiento\/el-ayuntamiento-ofertara-18-empleos-dentro-del-p-e-e-z-r-d-2021\/\" \/>\n<meta property=\"og:locale\" content=\"es_ES\" \/>\n<meta property=\"og:type\" content=\"article\" \/>\n<meta property=\"og:title\" content=\"El Ayuntamiento ofertar\u00e1 18 empleos dentro del P.E.E.Z.R.D.-2021 - MI Ayuntamiento de Caudete\" \/>\n<meta property=\"og:description\" content=\"P\u00e1gina Oficial del Ayuntamiento de Caudete (Albacete)\" \/>\n<meta property=\"og:url\" content=\"https:\/\/www.caudete.org\/ayuntamiento\/el-ayuntamiento-ofertara-18-empleos-dentro-del-p-e-e-z-r-d-2021\/\" \/>\n<meta property=\"og:site_name\" content=\"MI Ayuntamiento de Caudete\" \/>\n<meta property=\"article:publisher\" content=\"https:\/\/www.facebook.com\/ayuntamientocaudete\/\" \/>\n<meta property=\"article:published_time\" content=\"2021-06-15T17:15:19+00:00\" \/>\n<meta property=\"article:modified_time\" content=\"2021-06-15T17:32:47+00:00\" \/>\n<meta property=\"og:image\" content=\"https:\/\/www.caudete.org\/ayuntamiento\/wp-content\/uploads\/2021\/06\/PEEZRD-WEB.jpg\" \/>\n\t<meta property=\"og:image:width\" content=\"864\" \/>\n\t<meta property=\"og:image:height\" content=\"380\" \/>\n\t<meta property=\"og:image:type\" content=\"image\/jpeg\" \/>\n<meta name=\"author\" content=\"alcalde\" \/>\n<meta name=\"twitter:card\" content=\"summary_large_image\" \/>\n<meta name=\"twitter:label1\" content=\"Escrito por\" \/>\n\t<meta name=\"twitter:data1\" content=\"alcalde\" \/>\n\t<meta name=\"twitter:label2\" content=\"Tiempo de lectura\" \/>\n\t<meta name=\"twitter:data2\" content=\"3 minutos\" \/>\n<script type=\"application\/ld+json\" class=\"yoast-schema-graph\">{\"@context\":\"https:\\\/\\\/schema.org\",\"@graph\":[{\"@type\":\"Article\",\"@id\":\"https:\\\/\\\/www.caudete.org\\\/ayuntamiento\\\/el-ayuntamiento-ofertara-18-empleos-dentro-del-p-e-e-z-r-d-2021\\\/#article\",\"isPartOf\":{\"@id\":\"https:\\\/\\\/www.caudete.org\\\/ayuntamiento\\\/el-ayuntamiento-ofertara-18-empleos-dentro-del-p-e-e-z-r-d-2021\\\/\"},\"author\":{\"name\":\"alcalde\",\"@id\":\"https:\\\/\\\/www.caudete.org\\\/ayuntamiento\\\/#\\\/schema\\\/person\\\/cc646da9133078ee4d8dd47457947253\"},\"headline\":\"El Ayuntamiento ofertar\u00e1 18 empleos dentro del P.E.E.Z.R.D.-2021\",\"datePublished\":\"2021-06-15T17:15:19+00:00\",\"dateModified\":\"2021-06-15T17:32:47+00:00\",\"mainEntityOfPage\":{\"@id\":\"https:\\\/\\\/www.caudete.org\\\/ayuntamiento\\\/el-ayuntamiento-ofertara-18-empleos-dentro-del-p-e-e-z-r-d-2021\\\/\"},\"wordCount\":504,\"publisher\":{\"@id\":\"https:\\\/\\\/www.caudete.org\\\/ayuntamiento\\\/#organization\"},\"image\":{\"@id\":\"https:\\\/\\\/www.caudete.org\\\/ayuntamiento\\\/el-ayuntamiento-ofertara-18-empleos-dentro-del-p-e-e-z-r-d-2021\\\/#primaryimage\"},\"thumbnailUrl\":\"https:\\\/\\\/www.caudete.org\\\/ayuntamiento\\\/wp-content\\\/uploads\\\/2021\\\/06\\\/PEEZRD-WEB.jpg\",\"articleSection\":[\"Empleo y Formaci\u00f3n\"],\"inLanguage\":\"es\"},{\"@type\":\"WebPage\",\"@id\":\"https:\\\/\\\/www.caudete.org\\\/ayuntamiento\\\/el-ayuntamiento-ofertara-18-empleos-dentro-del-p-e-e-z-r-d-2021\\\/\",\"url\":\"https:\\\/\\\/www.caudete.org\\\/ayuntamiento\\\/el-ayuntamiento-ofertara-18-empleos-dentro-del-p-e-e-z-r-d-2021\\\/\",\"name\":\"El Ayuntamiento ofertar\u00e1 18 empleos dentro del P.E.E.Z.R.D.-2021 - MI Ayuntamiento de Caudete\",\"isPartOf\":{\"@id\":\"https:\\\/\\\/www.caudete.org\\\/ayuntamiento\\\/#website\"},\"primaryImageOfPage\":{\"@id\":\"https:\\\/\\\/www.caudete.org\\\/ayuntamiento\\\/el-ayuntamiento-ofertara-18-empleos-dentro-del-p-e-e-z-r-d-2021\\\/#primaryimage\"},\"image\":{\"@id\":\"https:\\\/\\\/www.caudete.org\\\/ayuntamiento\\\/el-ayuntamiento-ofertara-18-empleos-dentro-del-p-e-e-z-r-d-2021\\\/#primaryimage\"},\"thumbnailUrl\":\"https:\\\/\\\/www.caudete.org\\\/ayuntamiento\\\/wp-content\\\/uploads\\\/2021\\\/06\\\/PEEZRD-WEB.jpg\",\"datePublished\":\"2021-06-15T17:15:19+00:00\",\"dateModified\":\"2021-06-15T17:32:47+00:00\",\"description\":\"P\u00e1gina Oficial del Ayuntamiento de Caudete (Albacete)\",\"breadcrumb\":{\"@id\":\"https:\\\/\\\/www.caudete.org\\\/ayuntamiento\\\/el-ayuntamiento-ofertara-18-empleos-dentro-del-p-e-e-z-r-d-2021\\\/#breadcrumb\"},\"inLanguage\":\"es\",\"potentialAction\":[{\"@type\":\"ReadAction\",\"target\":[\"https:\\\/\\\/www.caudete.org\\\/ayuntamiento\\\/el-ayuntamiento-ofertara-18-empleos-dentro-del-p-e-e-z-r-d-2021\\\/\"]}]},{\"@type\":\"ImageObject\",\"inLanguage\":\"es\",\"@id\":\"https:\\\/\\\/www.caudete.org\\\/ayuntamiento\\\/el-ayuntamiento-ofertara-18-empleos-dentro-del-p-e-e-z-r-d-2021\\\/#primaryimage\",\"url\":\"https:\\\/\\\/www.caudete.org\\\/ayuntamiento\\\/wp-content\\\/uploads\\\/2021\\\/06\\\/PEEZRD-WEB.jpg\",\"contentUrl\":\"https:\\\/\\\/www.caudete.org\\\/ayuntamiento\\\/wp-content\\\/uploads\\\/2021\\\/06\\\/PEEZRD-WEB.jpg\",\"width\":864,\"height\":380},{\"@type\":\"BreadcrumbList\",\"@id\":\"https:\\\/\\\/www.caudete.org\\\/ayuntamiento\\\/el-ayuntamiento-ofertara-18-empleos-dentro-del-p-e-e-z-r-d-2021\\\/#breadcrumb\",\"itemListElement\":[{\"@type\":\"ListItem\",\"position\":1,\"name\":\"Inicio\",\"item\":\"https:\\\/\\\/www.caudete.org\\\/ayuntamiento\\\/\"},{\"@type\":\"ListItem\",\"position\":2,\"name\":\"El Ayuntamiento ofertar\u00e1 18 empleos dentro del P.E.E.Z.R.D.-2021\"}]},{\"@type\":\"WebSite\",\"@id\":\"https:\\\/\\\/www.caudete.org\\\/ayuntamiento\\\/#website\",\"url\":\"https:\\\/\\\/www.caudete.org\\\/ayuntamiento\\\/\",\"name\":\"MI Ayuntamiento de Caudete\",\"description\":\"P\u00e1gina Oficial del MI Ayuntamiento de Caudete\",\"publisher\":{\"@id\":\"https:\\\/\\\/www.caudete.org\\\/ayuntamiento\\\/#organization\"},\"potentialAction\":[{\"@type\":\"SearchAction\",\"target\":{\"@type\":\"EntryPoint\",\"urlTemplate\":\"https:\\\/\\\/www.caudete.org\\\/ayuntamiento\\\/?s={search_term_string}\"},\"query-input\":{\"@type\":\"PropertyValueSpecification\",\"valueRequired\":true,\"valueName\":\"search_term_string\"}}],\"inLanguage\":\"es\"},{\"@type\":\"Organization\",\"@id\":\"https:\\\/\\\/www.caudete.org\\\/ayuntamiento\\\/#organization\",\"name\":\"Ayuntamiento de Caudete\",\"url\":\"https:\\\/\\\/www.caudete.org\\\/ayuntamiento\\\/\",\"logo\":{\"@type\":\"ImageObject\",\"inLanguage\":\"es\",\"@id\":\"https:\\\/\\\/www.caudete.org\\\/ayuntamiento\\\/#\\\/schema\\\/logo\\\/image\\\/\",\"url\":\"https:\\\/\\\/www.caudete.org\\\/ayuntamiento\\\/wp-content\\\/uploads\\\/2020\\\/11\\\/logo_ayuntamiento_caudete.jpg\",\"contentUrl\":\"https:\\\/\\\/www.caudete.org\\\/ayuntamiento\\\/wp-content\\\/uploads\\\/2020\\\/11\\\/logo_ayuntamiento_caudete.jpg\",\"width\":600,\"height\":150,\"caption\":\"Ayuntamiento de Caudete\"},\"image\":{\"@id\":\"https:\\\/\\\/www.caudete.org\\\/ayuntamiento\\\/#\\\/schema\\\/logo\\\/image\\\/\"},\"sameAs\":[\"https:\\\/\\\/www.facebook.com\\\/ayuntamientocaudete\\\/\",\"https:\\\/\\\/www.youtube.com\\\/channel\\\/UC6VztHaooNsGpw-tNoBEFnQ\"]},{\"@type\":\"Person\",\"@id\":\"https:\\\/\\\/www.caudete.org\\\/ayuntamiento\\\/#\\\/schema\\\/person\\\/cc646da9133078ee4d8dd47457947253\",\"name\":\"alcalde\",\"image\":{\"@type\":\"ImageObject\",\"inLanguage\":\"es\",\"@id\":\"https:\\\/\\\/secure.gravatar.com\\\/avatar\\\/84a817ba065b29ff08d666b215a215f5c79186a645ccb25b14a663d48a130f77?s=96&d=mm&r=g\",\"url\":\"https:\\\/\\\/secure.gravatar.com\\\/avatar\\\/84a817ba065b29ff08d666b215a215f5c79186a645ccb25b14a663d48a130f77?s=96&d=mm&r=g\",\"contentUrl\":\"https:\\\/\\\/secure.gravatar.com\\\/avatar\\\/84a817ba065b29ff08d666b215a215f5c79186a645ccb25b14a663d48a130f77?s=96&d=mm&r=g\",\"caption\":\"alcalde\"},\"url\":\"https:\\\/\\\/www.caudete.org\\\/ayuntamiento\\\/author\\\/alcalde\\\/\"}]}<\/script>\n<!-- \/ Yoast SEO plugin. -->","yoast_head_json":{"title":"El Ayuntamiento ofertar\u00e1 18 empleos dentro del P.E.E.Z.R.D.-2021 - MI Ayuntamiento de Caudete","description":"P\u00e1gina Oficial del Ayuntamiento de Caudete (Albacete)","robots":{"index":"index","follow":"follow","max-snippet":"max-snippet:-1","max-image-preview":"max-image-preview:large","max-video-preview":"max-video-preview:-1"},"canonical":"https:\/\/www.caudete.org\/ayuntamiento\/el-ayuntamiento-ofertara-18-empleos-dentro-del-p-e-e-z-r-d-2021\/","og_locale":"es_ES","og_type":"article","og_title":"El Ayuntamiento ofertar\u00e1 18 empleos dentro del P.E.E.Z.R.D.-2021 - MI Ayuntamiento de Caudete","og_description":"P\u00e1gina Oficial del Ayuntamiento de Caudete (Albacete)","og_url":"https:\/\/www.caudete.org\/ayuntamiento\/el-ayuntamiento-ofertara-18-empleos-dentro-del-p-e-e-z-r-d-2021\/","og_site_name":"MI Ayuntamiento de Caudete","article_publisher":"https:\/\/www.facebook.com\/ayuntamientocaudete\/","article_published_time":"2021-06-15T17:15:19+00:00","article_modified_time":"2021-06-15T17:32:47+00:00","og_image":[{"width":864,"height":380,"url":"https:\/\/www.caudete.org\/ayuntamiento\/wp-content\/uploads\/2021\/06\/PEEZRD-WEB.jpg","type":"image\/jpeg"}],"author":"alcalde","twitter_card":"summary_large_image","twitter_misc":{"Escrito por":"alcalde","Tiempo de lectura":"3 minutos"},"schema":{"@context":"https:\/\/schema.org","@graph":[{"@type":"Article","@id":"https:\/\/www.caudete.org\/ayuntamiento\/el-ayuntamiento-ofertara-18-empleos-dentro-del-p-e-e-z-r-d-2021\/#article","isPartOf":{"@id":"https:\/\/www.caudete.org\/ayuntamiento\/el-ayuntamiento-ofertara-18-empleos-dentro-del-p-e-e-z-r-d-2021\/"},"author":{"name":"alcalde","@id":"https:\/\/www.caudete.org\/ayuntamiento\/#\/schema\/person\/cc646da9133078ee4d8dd47457947253"},"headline":"El Ayuntamiento ofertar\u00e1 18 empleos dentro del P.E.E.Z.R.D.-2021","datePublished":"2021-06-15T17:15:19+00:00","dateModified":"2021-06-15T17:32:47+00:00","mainEntityOfPage":{"@id":"https:\/\/www.caudete.org\/ayuntamiento\/el-ayuntamiento-ofertara-18-empleos-dentro-del-p-e-e-z-r-d-2021\/"},"wordCount":504,"publisher":{"@id":"https:\/\/www.caudete.org\/ayuntamiento\/#organization"},"image":{"@id":"https:\/\/www.caudete.org\/ayuntamiento\/el-ayuntamiento-ofertara-18-empleos-dentro-del-p-e-e-z-r-d-2021\/#primaryimage"},"thumbnailUrl":"https:\/\/www.caudete.org\/ayuntamiento\/wp-content\/uploads\/2021\/06\/PEEZRD-WEB.jpg","articleSection":["Empleo y Formaci\u00f3n"],"inLanguage":"es"},{"@type":"WebPage","@id":"https:\/\/www.caudete.org\/ayuntamiento\/el-ayuntamiento-ofertara-18-empleos-dentro-del-p-e-e-z-r-d-2021\/","url":"https:\/\/www.caudete.org\/ayuntamiento\/el-ayuntamiento-ofertara-18-empleos-dentro-del-p-e-e-z-r-d-2021\/","name":"El Ayuntamiento ofertar\u00e1 18 empleos dentro del P.E.E.Z.R.D.-2021 - MI Ayuntamiento de Caudete","isPartOf":{"@id":"https:\/\/www.caudete.org\/ayuntamiento\/#website"},"primaryImageOfPage":{"@id":"https:\/\/www.caudete.org\/ayuntamiento\/el-ayuntamiento-ofertara-18-empleos-dentro-del-p-e-e-z-r-d-2021\/#primaryimage"},"image":{"@id":"https:\/\/www.caudete.org\/ayuntamiento\/el-ayuntamiento-ofertara-18-empleos-dentro-del-p-e-e-z-r-d-2021\/#primaryimage"},"thumbnailUrl":"https:\/\/www.caudete.org\/ayuntamiento\/wp-content\/uploads\/2021\/06\/PEEZRD-WEB.jpg","datePublished":"2021-06-15T17:15:19+00:00","dateModified":"2021-06-15T17:32:47+00:00","description":"P\u00e1gina Oficial del Ayuntamiento de Caudete (Albacete)","breadcrumb":{"@id":"https:\/\/www.caudete.org\/ayuntamiento\/el-ayuntamiento-ofertara-18-empleos-dentro-del-p-e-e-z-r-d-2021\/#breadcrumb"},"inLanguage":"es","potentialAction":[{"@type":"ReadAction","target":["https:\/\/www.caudete.org\/ayuntamiento\/el-ayuntamiento-ofertara-18-empleos-dentro-del-p-e-e-z-r-d-2021\/"]}]},{"@type":"ImageObject","inLanguage":"es","@id":"https:\/\/www.caudete.org\/ayuntamiento\/el-ayuntamiento-ofertara-18-empleos-dentro-del-p-e-e-z-r-d-2021\/#primaryimage","url":"https:\/\/www.caudete.org\/ayuntamiento\/wp-content\/uploads\/2021\/06\/PEEZRD-WEB.jpg","contentUrl":"https:\/\/www.caudete.org\/ayuntamiento\/wp-content\/uploads\/2021\/06\/PEEZRD-WEB.jpg","width":864,"height":380},{"@type":"BreadcrumbList","@id":"https:\/\/www.caudete.org\/ayuntamiento\/el-ayuntamiento-ofertara-18-empleos-dentro-del-p-e-e-z-r-d-2021\/#breadcrumb","itemListElement":[{"@type":"ListItem","position":1,"name":"Inicio","item":"https:\/\/www.caudete.org\/ayuntamiento\/"},{"@type":"ListItem","position":2,"name":"El Ayuntamiento ofertar\u00e1 18 empleos dentro del P.E.E.Z.R.D.-2021"}]},{"@type":"WebSite","@id":"https:\/\/www.caudete.org\/ayuntamiento\/#website","url":"https:\/\/www.caudete.org\/ayuntamiento\/","name":"MI Ayuntamiento de Caudete","description":"P\u00e1gina Oficial del MI Ayuntamiento de Caudete","publisher":{"@id":"https:\/\/www.caudete.org\/ayuntamiento\/#organization"},"potentialAction":[{"@type":"SearchAction","target":{"@type":"EntryPoint","urlTemplate":"https:\/\/www.caudete.org\/ayuntamiento\/?s={search_term_string}"},"query-input":{"@type":"PropertyValueSpecification","valueRequired":true,"valueName":"search_term_string"}}],"inLanguage":"es"},{"@type":"Organization","@id":"https:\/\/www.caudete.org\/ayuntamiento\/#organization","name":"Ayuntamiento de Caudete","url":"https:\/\/www.caudete.org\/ayuntamiento\/","logo":{"@type":"ImageObject","inLanguage":"es","@id":"https:\/\/www.caudete.org\/ayuntamiento\/#\/schema\/logo\/image\/","url":"https:\/\/www.caudete.org\/ayuntamiento\/wp-content\/uploads\/2020\/11\/logo_ayuntamiento_caudete.jpg","contentUrl":"https:\/\/www.caudete.org\/ayuntamiento\/wp-content\/uploads\/2020\/11\/logo_ayuntamiento_caudete.jpg","width":600,"height":150,"caption":"Ayuntamiento de Caudete"},"image":{"@id":"https:\/\/www.caudete.org\/ayuntamiento\/#\/schema\/logo\/image\/"},"sameAs":["https:\/\/www.facebook.com\/ayuntamientocaudete\/","https:\/\/www.youtube.com\/channel\/UC6VztHaooNsGpw-tNoBEFnQ"]},{"@type":"Person","@id":"https:\/\/www.caudete.org\/ayuntamiento\/#\/schema\/person\/cc646da9133078ee4d8dd47457947253","name":"alcalde","image":{"@type":"ImageObject","inLanguage":"es","@id":"https:\/\/secure.gravatar.com\/avatar\/84a817ba065b29ff08d666b215a215f5c79186a645ccb25b14a663d48a130f77?s=96&d=mm&r=g","url":"https:\/\/secure.gravatar.com\/avatar\/84a817ba065b29ff08d666b215a215f5c79186a645ccb25b14a663d48a130f77?s=96&d=mm&r=g","contentUrl":"https:\/\/secure.gravatar.com\/avatar\/84a817ba065b29ff08d666b215a215f5c79186a645ccb25b14a663d48a130f77?s=96&d=mm&r=g","caption":"alcalde"},"url":"https:\/\/www.caudete.org\/ayuntamiento\/author\/alcalde\/"}]}},"_links":{"self":[{"href":"https:\/\/www.caudete.org\/ayuntamiento\/wp-json\/wp\/v2\/posts\/14998","targetHints":{"allow":["GET"]}}],"collection":[{"href":"https:\/\/www.caudete.org\/ayuntamiento\/wp-json\/wp\/v2\/posts"}],"about":[{"href":"https:\/\/www.caudete.org\/ayuntamiento\/wp-json\/wp\/v2\/types\/post"}],"author":[{"embeddable":true,"href":"https:\/\/www.caudete.org\/ayuntamiento\/wp-json\/wp\/v2\/users\/3"}],"replies":[{"embeddable":true,"href":"https:\/\/www.caudete.org\/ayuntamiento\/wp-json\/wp\/v2\/comments?post=14998"}],"version-history":[{"count":1,"href":"https:\/\/www.caudete.org\/ayuntamiento\/wp-json\/wp\/v2\/posts\/14998\/revisions"}],"predecessor-version":[{"id":15006,"href":"https:\/\/www.caudete.org\/ayuntamiento\/wp-json\/wp\/v2\/posts\/14998\/revisions\/15006"}],"wp:featuredmedia":[{"embeddable":true,"href":"https:\/\/www.caudete.org\/ayuntamiento\/wp-json\/wp\/v2\/media\/15012"}],"wp:attachment":[{"href":"https:\/\/www.caudete.org\/ayuntamiento\/wp-json\/wp\/v2\/media?parent=14998"}],"wp:term":[{"taxonomy":"category","embeddable":true,"href":"https:\/\/www.caudete.org\/ayuntamiento\/wp-json\/wp\/v2\/categories?post=14998"},{"taxonomy":"post_tag","embeddable":true,"href":"https:\/\/www.caudete.org\/ayuntamiento\/wp-json\/wp\/v2\/tags?post=14998"}],"curies":[{"name":"wp","href":"https:\/\/api.w.org\/{rel}","templated":true}]}}