{"id":15043,"date":"2021-06-18T15:00:23","date_gmt":"2021-06-18T13:00:23","guid":{"rendered":"https:\/\/www.caudete.org\/ayuntamiento\/?p=15043"},"modified":"2021-06-18T15:00:23","modified_gmt":"2021-06-18T13:00:23","slug":"arranca-la-campana-de-desbroce-en-cunetas-parcelas-y-solares","status":"publish","type":"post","link":"https:\/\/www.caudete.org\/ayuntamiento\/arranca-la-campana-de-desbroce-en-cunetas-parcelas-y-solares\/","title":{"rendered":"Arranca la Campa\u00f1a de DESBROCE en cunetas, parcelas y solares"},"content":{"rendered":"<p style=\"text-align: justify;\"><span style=\"font-weight: 400;\">Un a\u00f1o m\u00e1s y como viene siendo habitual por estas fechas desde el Ayuntamiento se ha lanzado la Campa\u00f1a de Desbroce de solares urbanos, parcelas y cunetas, que engloba tanto al propio Consistorio como<\/span><span style=\"font-weight: 400;\">\u00a0a vecinos y propietarios de parcelas.\u00a0<\/span><\/p>\n<p style=\"text-align: justify;\"><span style=\"font-weight: 400;\">Hace ya varias semanas se remiti\u00f3 desde la Concejal\u00eda de Medio Ambiente cartas personalizadas a los propietarios de parcelas y solares en zonas urbanas recordando la obligaci\u00f3n como propietarios de un solar en casco urbano, la importancia de mantenerlo en buen estado, para as\u00ed evitar la acumulaci\u00f3n de basuras y la proliferaci\u00f3n de maleza.<\/span><\/p>\n<p style=\"text-align: justify;\"><span style=\"font-weight: 400;\">Desde hace un mes y medio el Ayuntamiento por medio de un Plan de Empleo para mayores de 52 a\u00f1os dispone de un equipo de 4 personas que mediante desbrozadoras est\u00e1n realizando labores de limpieza y desbroce de vegetaci\u00f3n en aceras, calles, parcelas contiguas a las aceras y en todo emplazamiento o edificio donde sea preciso.<\/span><\/p>\n<p style=\"text-align: justify;\"><span style=\"font-weight: 400;\">Esta misma semana en dos expedientes se han adjudicado a 2 empresas caudetanas las labores de limpieza y desbroce de cunetas en caminos a una de ellas y el desbroce de parcelas municipales a la otra. Estos trabajos se realizar\u00e1n durante las dos pr\u00f3ximas semanas del mes de Junio.<\/span><\/p>\n<p style=\"text-align: justify;\"><span style=\"font-weight: 400;\">Es importante resaltar la importancia de todas estas acciones, por parte del Ayuntamiento y por parte de los propietarios de parcelas. El abandono de los mismos no solo provoca peligro de incendios durante \u00e9poca estival, sino que favorece la proliferaci\u00f3n de plagas de insectos y roedores durante todo el a\u00f1o, con el riesgo que ello supone para la salud y la seguridad de las personas, sin olvidar los motivos est\u00e9ticos.<\/span><\/p>\n<p style=\"text-align: justify;\"><span style=\"font-weight: 400;\">El mantener en buenas condiciones los solares y el resto de inmuebles de Caudete no solo es algo que debamos realizar de manera voluntaria o altruista, sino que es una <\/span><b>OBLIGACI\u00d3N<\/b><span style=\"font-weight: 400;\">, tal y como indica la legislaci\u00f3n.<\/span><\/p>\n<p style=\"text-align: justify;\"><span style=\"font-weight: 400;\">La comunicaci\u00f3n expresa por carta ha sido <\/span><b>SOLO <\/b><span style=\"font-weight: 400;\">a propietarios de parcelas y solares en suelo urbano, en el caso de solares en suelo <\/span><b>R\u00daSTICO <\/b><span style=\"font-weight: 400;\">tambi\u00e9n tienen la obligaci\u00f3n por ley de mantenerlos en las debidas condiciones de limpieza. Si alg\u00fan vecino de Caudete desea que desde el Ayuntamiento se comunique por escrito la solicitud de limpieza de una parcela en suelo R\u00daSTICO es necesario por escrito solicitarlo a los servicios t\u00e9cnicos identificando de forma clara la parcela.<\/span><\/p>\n<p style=\"text-align: justify;\">\n","protected":false},"excerpt":{"rendered":"<p>Un a\u00f1o m\u00e1s y como viene siendo habitual por estas fechas desde el Ayuntamiento se ha lanzado la Campa\u00f1a de Desbroce de solares urbanos, parcelas y cunetas, que engloba tanto al propio Consistorio como\u00a0a vecinos y propietarios de parcelas.\u00a0 Hace ya varias semanas se remiti\u00f3 desde la Concejal\u00eda de Medio Ambiente cartas personalizadas a los &hellip;<\/p>\n","protected":false},"author":3,"featured_media":15044,"comment_status":"closed","ping_status":"open","sticky":false,"template":"","format":"standard","meta":{"ngg_post_thumbnail":0,"footnotes":""},"categories":[29],"tags":[],"class_list":["post-15043","post","type-post","status-publish","format-standard","has-post-thumbnail","hentry","category-medio-ambiente"],"yoast_head":"<!-- This site is optimized with the Yoast SEO plugin v27.5 - https:\/\/yoast.com\/product\/yoast-seo-wordpress\/ -->\n<title>Arranca la Campa\u00f1a de DESBROCE en cunetas, parcelas y solares - MI Ayuntamiento de Caudete<\/title>\n<meta name=\"description\" content=\"P\u00e1gina Oficial del Ayuntamiento de Caudete (Albacete)\" \/>\n<meta name=\"robots\" content=\"index, follow, max-snippet:-1, max-image-preview:large, max-video-preview:-1\" \/>\n<link rel=\"canonical\" href=\"https:\/\/www.caudete.org\/ayuntamiento\/arranca-la-campana-de-desbroce-en-cunetas-parcelas-y-solares\/\" \/>\n<meta property=\"og:locale\" content=\"es_ES\" \/>\n<meta property=\"og:type\" content=\"article\" \/>\n<meta property=\"og:title\" content=\"Arranca la Campa\u00f1a de DESBROCE en cunetas, parcelas y solares - MI Ayuntamiento de Caudete\" \/>\n<meta property=\"og:description\" content=\"P\u00e1gina Oficial del Ayuntamiento de Caudete (Albacete)\" \/>\n<meta property=\"og:url\" content=\"https:\/\/www.caudete.org\/ayuntamiento\/arranca-la-campana-de-desbroce-en-cunetas-parcelas-y-solares\/\" \/>\n<meta property=\"og:site_name\" content=\"MI Ayuntamiento de Caudete\" \/>\n<meta property=\"article:publisher\" content=\"https:\/\/www.facebook.com\/ayuntamientocaudete\/\" \/>\n<meta property=\"article:published_time\" content=\"2021-06-18T13:00:23+00:00\" \/>\n<meta property=\"og:image\" content=\"https:\/\/www.caudete.org\/ayuntamiento\/wp-content\/uploads\/2021\/06\/WhatsApp-Image-2021-06-18-at-12.12.19.jpeg\" \/>\n\t<meta property=\"og:image:width\" content=\"2048\" \/>\n\t<meta property=\"og:image:height\" content=\"1536\" \/>\n\t<meta property=\"og:image:type\" content=\"image\/jpeg\" \/>\n<meta name=\"author\" content=\"alcalde\" \/>\n<meta name=\"twitter:card\" content=\"summary_large_image\" \/>\n<meta name=\"twitter:label1\" content=\"Escrito por\" \/>\n\t<meta name=\"twitter:data1\" content=\"alcalde\" \/>\n\t<meta name=\"twitter:label2\" content=\"Tiempo de lectura\" \/>\n\t<meta name=\"twitter:data2\" content=\"2 minutos\" \/>\n<script type=\"application\/ld+json\" class=\"yoast-schema-graph\">{\"@context\":\"https:\\\/\\\/schema.org\",\"@graph\":[{\"@type\":\"Article\",\"@id\":\"https:\\\/\\\/www.caudete.org\\\/ayuntamiento\\\/arranca-la-campana-de-desbroce-en-cunetas-parcelas-y-solares\\\/#article\",\"isPartOf\":{\"@id\":\"https:\\\/\\\/www.caudete.org\\\/ayuntamiento\\\/arranca-la-campana-de-desbroce-en-cunetas-parcelas-y-solares\\\/\"},\"author\":{\"name\":\"alcalde\",\"@id\":\"https:\\\/\\\/www.caudete.org\\\/ayuntamiento\\\/#\\\/schema\\\/person\\\/cc646da9133078ee4d8dd47457947253\"},\"headline\":\"Arranca la Campa\u00f1a de DESBROCE en cunetas, parcelas y solares\",\"datePublished\":\"2021-06-18T13:00:23+00:00\",\"mainEntityOfPage\":{\"@id\":\"https:\\\/\\\/www.caudete.org\\\/ayuntamiento\\\/arranca-la-campana-de-desbroce-en-cunetas-parcelas-y-solares\\\/\"},\"wordCount\":416,\"image\":{\"@id\":\"https:\\\/\\\/www.caudete.org\\\/ayuntamiento\\\/arranca-la-campana-de-desbroce-en-cunetas-parcelas-y-solares\\\/#primaryimage\"},\"thumbnailUrl\":\"https:\\\/\\\/www.caudete.org\\\/ayuntamiento\\\/wp-content\\\/uploads\\\/2021\\\/06\\\/WhatsApp-Image-2021-06-18-at-12.12.19.jpeg\",\"articleSection\":[\"Medio Ambiente\"],\"inLanguage\":\"es\"},{\"@type\":\"WebPage\",\"@id\":\"https:\\\/\\\/www.caudete.org\\\/ayuntamiento\\\/arranca-la-campana-de-desbroce-en-cunetas-parcelas-y-solares\\\/\",\"url\":\"https:\\\/\\\/www.caudete.org\\\/ayuntamiento\\\/arranca-la-campana-de-desbroce-en-cunetas-parcelas-y-solares\\\/\",\"name\":\"Arranca la Campa\u00f1a de DESBROCE en cunetas, parcelas y solares - MI Ayuntamiento de Caudete\",\"isPartOf\":{\"@id\":\"https:\\\/\\\/www.caudete.org\\\/ayuntamiento\\\/#website\"},\"primaryImageOfPage\":{\"@id\":\"https:\\\/\\\/www.caudete.org\\\/ayuntamiento\\\/arranca-la-campana-de-desbroce-en-cunetas-parcelas-y-solares\\\/#primaryimage\"},\"image\":{\"@id\":\"https:\\\/\\\/www.caudete.org\\\/ayuntamiento\\\/arranca-la-campana-de-desbroce-en-cunetas-parcelas-y-solares\\\/#primaryimage\"},\"thumbnailUrl\":\"https:\\\/\\\/www.caudete.org\\\/ayuntamiento\\\/wp-content\\\/uploads\\\/2021\\\/06\\\/WhatsApp-Image-2021-06-18-at-12.12.19.jpeg\",\"datePublished\":\"2021-06-18T13:00:23+00:00\",\"author\":{\"@id\":\"https:\\\/\\\/www.caudete.org\\\/ayuntamiento\\\/#\\\/schema\\\/person\\\/cc646da9133078ee4d8dd47457947253\"},\"description\":\"P\u00e1gina Oficial del Ayuntamiento de Caudete (Albacete)\",\"breadcrumb\":{\"@id\":\"https:\\\/\\\/www.caudete.org\\\/ayuntamiento\\\/arranca-la-campana-de-desbroce-en-cunetas-parcelas-y-solares\\\/#breadcrumb\"},\"inLanguage\":\"es\",\"potentialAction\":[{\"@type\":\"ReadAction\",\"target\":[\"https:\\\/\\\/www.caudete.org\\\/ayuntamiento\\\/arranca-la-campana-de-desbroce-en-cunetas-parcelas-y-solares\\\/\"]}]},{\"@type\":\"ImageObject\",\"inLanguage\":\"es\",\"@id\":\"https:\\\/\\\/www.caudete.org\\\/ayuntamiento\\\/arranca-la-campana-de-desbroce-en-cunetas-parcelas-y-solares\\\/#primaryimage\",\"url\":\"https:\\\/\\\/www.caudete.org\\\/ayuntamiento\\\/wp-content\\\/uploads\\\/2021\\\/06\\\/WhatsApp-Image-2021-06-18-at-12.12.19.jpeg\",\"contentUrl\":\"https:\\\/\\\/www.caudete.org\\\/ayuntamiento\\\/wp-content\\\/uploads\\\/2021\\\/06\\\/WhatsApp-Image-2021-06-18-at-12.12.19.jpeg\",\"width\":2048,\"height\":1536},{\"@type\":\"BreadcrumbList\",\"@id\":\"https:\\\/\\\/www.caudete.org\\\/ayuntamiento\\\/arranca-la-campana-de-desbroce-en-cunetas-parcelas-y-solares\\\/#breadcrumb\",\"itemListElement\":[{\"@type\":\"ListItem\",\"position\":1,\"name\":\"Inicio\",\"item\":\"https:\\\/\\\/www.caudete.org\\\/ayuntamiento\\\/\"},{\"@type\":\"ListItem\",\"position\":2,\"name\":\"Arranca la Campa\u00f1a de DESBROCE en cunetas, parcelas y solares\"}]},{\"@type\":\"WebSite\",\"@id\":\"https:\\\/\\\/www.caudete.org\\\/ayuntamiento\\\/#website\",\"url\":\"https:\\\/\\\/www.caudete.org\\\/ayuntamiento\\\/\",\"name\":\"MI Ayuntamiento de Caudete\",\"description\":\"P\u00e1gina Oficial del MI Ayuntamiento de Caudete\",\"potentialAction\":[{\"@type\":\"SearchAction\",\"target\":{\"@type\":\"EntryPoint\",\"urlTemplate\":\"https:\\\/\\\/www.caudete.org\\\/ayuntamiento\\\/?s={search_term_string}\"},\"query-input\":{\"@type\":\"PropertyValueSpecification\",\"valueRequired\":true,\"valueName\":\"search_term_string\"}}],\"inLanguage\":\"es\"},{\"@type\":\"Person\",\"@id\":\"https:\\\/\\\/www.caudete.org\\\/ayuntamiento\\\/#\\\/schema\\\/person\\\/cc646da9133078ee4d8dd47457947253\",\"name\":\"alcalde\",\"image\":{\"@type\":\"ImageObject\",\"inLanguage\":\"es\",\"@id\":\"https:\\\/\\\/secure.gravatar.com\\\/avatar\\\/84a817ba065b29ff08d666b215a215f5c79186a645ccb25b14a663d48a130f77?s=96&d=mm&r=g\",\"url\":\"https:\\\/\\\/secure.gravatar.com\\\/avatar\\\/84a817ba065b29ff08d666b215a215f5c79186a645ccb25b14a663d48a130f77?s=96&d=mm&r=g\",\"contentUrl\":\"https:\\\/\\\/secure.gravatar.com\\\/avatar\\\/84a817ba065b29ff08d666b215a215f5c79186a645ccb25b14a663d48a130f77?s=96&d=mm&r=g\",\"caption\":\"alcalde\"},\"url\":\"https:\\\/\\\/www.caudete.org\\\/ayuntamiento\\\/author\\\/alcalde\\\/\"}]}<\/script>\n<!-- \/ Yoast SEO plugin. -->","yoast_head_json":{"title":"Arranca la Campa\u00f1a de DESBROCE en cunetas, parcelas y solares - MI Ayuntamiento de Caudete","description":"P\u00e1gina Oficial del Ayuntamiento de Caudete (Albacete)","robots":{"index":"index","follow":"follow","max-snippet":"max-snippet:-1","max-image-preview":"max-image-preview:large","max-video-preview":"max-video-preview:-1"},"canonical":"https:\/\/www.caudete.org\/ayuntamiento\/arranca-la-campana-de-desbroce-en-cunetas-parcelas-y-solares\/","og_locale":"es_ES","og_type":"article","og_title":"Arranca la Campa\u00f1a de DESBROCE en cunetas, parcelas y solares - MI Ayuntamiento de Caudete","og_description":"P\u00e1gina Oficial del Ayuntamiento de Caudete (Albacete)","og_url":"https:\/\/www.caudete.org\/ayuntamiento\/arranca-la-campana-de-desbroce-en-cunetas-parcelas-y-solares\/","og_site_name":"MI Ayuntamiento de Caudete","article_publisher":"https:\/\/www.facebook.com\/ayuntamientocaudete\/","article_published_time":"2021-06-18T13:00:23+00:00","og_image":[{"width":2048,"height":1536,"url":"https:\/\/www.caudete.org\/ayuntamiento\/wp-content\/uploads\/2021\/06\/WhatsApp-Image-2021-06-18-at-12.12.19.jpeg","type":"image\/jpeg"}],"author":"alcalde","twitter_card":"summary_large_image","twitter_misc":{"Escrito por":"alcalde","Tiempo de lectura":"2 minutos"},"schema":{"@context":"https:\/\/schema.org","@graph":[{"@type":"Article","@id":"https:\/\/www.caudete.org\/ayuntamiento\/arranca-la-campana-de-desbroce-en-cunetas-parcelas-y-solares\/#article","isPartOf":{"@id":"https:\/\/www.caudete.org\/ayuntamiento\/arranca-la-campana-de-desbroce-en-cunetas-parcelas-y-solares\/"},"author":{"name":"alcalde","@id":"https:\/\/www.caudete.org\/ayuntamiento\/#\/schema\/person\/cc646da9133078ee4d8dd47457947253"},"headline":"Arranca la Campa\u00f1a de DESBROCE en cunetas, parcelas y solares","datePublished":"2021-06-18T13:00:23+00:00","mainEntityOfPage":{"@id":"https:\/\/www.caudete.org\/ayuntamiento\/arranca-la-campana-de-desbroce-en-cunetas-parcelas-y-solares\/"},"wordCount":416,"image":{"@id":"https:\/\/www.caudete.org\/ayuntamiento\/arranca-la-campana-de-desbroce-en-cunetas-parcelas-y-solares\/#primaryimage"},"thumbnailUrl":"https:\/\/www.caudete.org\/ayuntamiento\/wp-content\/uploads\/2021\/06\/WhatsApp-Image-2021-06-18-at-12.12.19.jpeg","articleSection":["Medio Ambiente"],"inLanguage":"es"},{"@type":"WebPage","@id":"https:\/\/www.caudete.org\/ayuntamiento\/arranca-la-campana-de-desbroce-en-cunetas-parcelas-y-solares\/","url":"https:\/\/www.caudete.org\/ayuntamiento\/arranca-la-campana-de-desbroce-en-cunetas-parcelas-y-solares\/","name":"Arranca la Campa\u00f1a de DESBROCE en cunetas, parcelas y solares - MI Ayuntamiento de Caudete","isPartOf":{"@id":"https:\/\/www.caudete.org\/ayuntamiento\/#website"},"primaryImageOfPage":{"@id":"https:\/\/www.caudete.org\/ayuntamiento\/arranca-la-campana-de-desbroce-en-cunetas-parcelas-y-solares\/#primaryimage"},"image":{"@id":"https:\/\/www.caudete.org\/ayuntamiento\/arranca-la-campana-de-desbroce-en-cunetas-parcelas-y-solares\/#primaryimage"},"thumbnailUrl":"https:\/\/www.caudete.org\/ayuntamiento\/wp-content\/uploads\/2021\/06\/WhatsApp-Image-2021-06-18-at-12.12.19.jpeg","datePublished":"2021-06-18T13:00:23+00:00","author":{"@id":"https:\/\/www.caudete.org\/ayuntamiento\/#\/schema\/person\/cc646da9133078ee4d8dd47457947253"},"description":"P\u00e1gina Oficial del Ayuntamiento de Caudete (Albacete)","breadcrumb":{"@id":"https:\/\/www.caudete.org\/ayuntamiento\/arranca-la-campana-de-desbroce-en-cunetas-parcelas-y-solares\/#breadcrumb"},"inLanguage":"es","potentialAction":[{"@type":"ReadAction","target":["https:\/\/www.caudete.org\/ayuntamiento\/arranca-la-campana-de-desbroce-en-cunetas-parcelas-y-solares\/"]}]},{"@type":"ImageObject","inLanguage":"es","@id":"https:\/\/www.caudete.org\/ayuntamiento\/arranca-la-campana-de-desbroce-en-cunetas-parcelas-y-solares\/#primaryimage","url":"https:\/\/www.caudete.org\/ayuntamiento\/wp-content\/uploads\/2021\/06\/WhatsApp-Image-2021-06-18-at-12.12.19.jpeg","contentUrl":"https:\/\/www.caudete.org\/ayuntamiento\/wp-content\/uploads\/2021\/06\/WhatsApp-Image-2021-06-18-at-12.12.19.jpeg","width":2048,"height":1536},{"@type":"BreadcrumbList","@id":"https:\/\/www.caudete.org\/ayuntamiento\/arranca-la-campana-de-desbroce-en-cunetas-parcelas-y-solares\/#breadcrumb","itemListElement":[{"@type":"ListItem","position":1,"name":"Inicio","item":"https:\/\/www.caudete.org\/ayuntamiento\/"},{"@type":"ListItem","position":2,"name":"Arranca la Campa\u00f1a de DESBROCE en cunetas, parcelas y solares"}]},{"@type":"WebSite","@id":"https:\/\/www.caudete.org\/ayuntamiento\/#website","url":"https:\/\/www.caudete.org\/ayuntamiento\/","name":"MI Ayuntamiento de Caudete","description":"P\u00e1gina Oficial del MI Ayuntamiento de Caudete","potentialAction":[{"@type":"SearchAction","target":{"@type":"EntryPoint","urlTemplate":"https:\/\/www.caudete.org\/ayuntamiento\/?s={search_term_string}"},"query-input":{"@type":"PropertyValueSpecification","valueRequired":true,"valueName":"search_term_string"}}],"inLanguage":"es"},{"@type":"Person","@id":"https:\/\/www.caudete.org\/ayuntamiento\/#\/schema\/person\/cc646da9133078ee4d8dd47457947253","name":"alcalde","image":{"@type":"ImageObject","inLanguage":"es","@id":"https:\/\/secure.gravatar.com\/avatar\/84a817ba065b29ff08d666b215a215f5c79186a645ccb25b14a663d48a130f77?s=96&d=mm&r=g","url":"https:\/\/secure.gravatar.com\/avatar\/84a817ba065b29ff08d666b215a215f5c79186a645ccb25b14a663d48a130f77?s=96&d=mm&r=g","contentUrl":"https:\/\/secure.gravatar.com\/avatar\/84a817ba065b29ff08d666b215a215f5c79186a645ccb25b14a663d48a130f77?s=96&d=mm&r=g","caption":"alcalde"},"url":"https:\/\/www.caudete.org\/ayuntamiento\/author\/alcalde\/"}]}},"_links":{"self":[{"href":"https:\/\/www.caudete.org\/ayuntamiento\/wp-json\/wp\/v2\/posts\/15043","targetHints":{"allow":["GET"]}}],"collection":[{"href":"https:\/\/www.caudete.org\/ayuntamiento\/wp-json\/wp\/v2\/posts"}],"about":[{"href":"https:\/\/www.caudete.org\/ayuntamiento\/wp-json\/wp\/v2\/types\/post"}],"author":[{"embeddable":true,"href":"https:\/\/www.caudete.org\/ayuntamiento\/wp-json\/wp\/v2\/users\/3"}],"replies":[{"embeddable":true,"href":"https:\/\/www.caudete.org\/ayuntamiento\/wp-json\/wp\/v2\/comments?post=15043"}],"version-history":[{"count":1,"href":"https:\/\/www.caudete.org\/ayuntamiento\/wp-json\/wp\/v2\/posts\/15043\/revisions"}],"predecessor-version":[{"id":15045,"href":"https:\/\/www.caudete.org\/ayuntamiento\/wp-json\/wp\/v2\/posts\/15043\/revisions\/15045"}],"wp:featuredmedia":[{"embeddable":true,"href":"https:\/\/www.caudete.org\/ayuntamiento\/wp-json\/wp\/v2\/media\/15044"}],"wp:attachment":[{"href":"https:\/\/www.caudete.org\/ayuntamiento\/wp-json\/wp\/v2\/media?parent=15043"}],"wp:term":[{"taxonomy":"category","embeddable":true,"href":"https:\/\/www.caudete.org\/ayuntamiento\/wp-json\/wp\/v2\/categories?post=15043"},{"taxonomy":"post_tag","embeddable":true,"href":"https:\/\/www.caudete.org\/ayuntamiento\/wp-json\/wp\/v2\/tags?post=15043"}],"curies":[{"name":"wp","href":"https:\/\/api.w.org\/{rel}","templated":true}]}}